{"id":23527,"date":"2016-09-13T15:41:21","date_gmt":"2016-09-13T11:41:21","guid":{"rendered":"http:\/\/www.zerdab.com\/?p=23527"},"modified":"2016-09-13T18:02:25","modified_gmt":"2016-09-13T14:02:25","slug":"s%c9%99hid-h%c9%99myerlimiz-ibadov-zamin-vaqif-oglu","status":"publish","type":"post","link":"https:\/\/www.zerdab.com\/?p=23527","title":{"rendered":"\u015e\u0259hid h\u0259myerlimiz &#8211; \u0130badov Zamin Vaqif o\u011flu"},"content":{"rendered":"<p>\u0130badov Zamin Vaqif o\u011flu 1976-c\u0131 ild\u0259 Z\u0259rdab rayonunun P\u0259rvanl\u0131 k\u0259ndind\u0259 anadan olub. 1993-c\u00fc ild\u0259 orta m\u0259kt\u0259bi bitirib. 1994-c\u00fc il iyun ay\u0131n\u0131n 23-d\u0259 h\u0259qiqi h\u0259rbi xidm\u0259t\u0259 \u00e7a\u011f\u0131r\u0131l\u0131b. 7 ay Bak\u0131n\u0131n Pirk\u00fc\u015fk\u00fcl q\u0259s\u0259b\u0259sind\u0259 h\u0259rbi t\u0259limd\u0259 olub. A\u011fcab\u0259di rayonundak\u0131 161 sayl\u0131 h\u0259rbi hiss\u0259d\u0259 xidm\u0259t etdikd\u0259n sonra A\u011fdam\u0131n M\u0259rzili k\u0259ndin\u0259 g\u00f6nd\u0259rilib. 1995-ci ilin 9 may g\u00fcn\u00fc\u00a0M\u0259rzili k\u0259ndi\u00a0\u0259traf\u0131nda minaya d\u00fc\u015f\u0259r\u0259k, h\u0259lak olub. Subay idi.<\/p>\n<p>Zaminin anas\u0131n\u0131n dedikl\u0259rind\u0259n:<\/p>\n<p>&#8211; El\u0259 bil Zaminin \u00fcr\u0259yin\u0259 n\u0259 is\u0259 damm\u0131\u015fd\u0131. Son d\u0259f\u0259 evd\u0259n ged\u0259nd\u0259 \u00fcz\u00fcm\u0259 bax\u0131b dedi: &#8220;El\u0259 bil, m\u0259nim son g\u0259li\u015fimdi&#8221;. Bu s\u00f6zl\u0259r m\u0259ni \u00f6l\u00fcnc\u0259 yand\u0131racaq. \u00d6lm\u0259mi\u015fd\u0259n 10 g\u00fcn qabaq M\u0259mm\u0259dqas\u0131ml\u0131 \u00a0k\u0259ndind\u0259n o\u011flumun yan\u0131na ged\u0259n olmu\u015fdu. O zaman o, qol saat\u0131n\u0131, bir d\u0259 cib d\u0259ft\u0259rini \u00a0g\u00f6nd\u0259rib, deyib ki, bunu evimizd\u0259kil\u0259r\u0259 verin. \u0130\u015fdir, \u00f6ls\u0259m, hec olmasa bunlar m\u0259nd\u0259n onlara yadigar qals\u0131n. Erm\u0259ni fa\u015fistl\u0259rin\u0259 \u00f6mr\u00fcm boyu nifr\u0259t ya\u011fd\u0131raca\u011fam. M\u0259nim d\u0259 bir t\u0259s\u0259lli yerim var. O\u011flum Zamin V\u0259t\u0259n yolunda qurban gedib.<\/p>\n<p><strong><span style=\"color: #0000ff;\">Zerdab.com<\/span><\/strong><\/p>\n","protected":false},"excerpt":{"rendered":"<p>\u0130badov Zamin Vaqif o\u011flu 1976-c\u0131 ild\u0259 Z\u0259rdab rayonunun P\u0259rvanl\u0131 k\u0259ndind\u0259 anadan olub. 1993-c\u00fc ild\u0259 orta m\u0259kt\u0259bi bitirib. 1994-c\u00fc il iyun ay\u0131n\u0131n 23-d\u0259 h\u0259qiqi h\u0259rbi xidm\u0259t\u0259 \u00e7a\u011f\u0131r\u0131l\u0131b. 7 ay Bak\u0131n\u0131n Pirk\u00fc\u015fk\u00fcl q\u0259s\u0259b\u0259sind\u0259 h\u0259rbi t\u0259limd\u0259 olub. A\u011fcab\u0259di rayonundak\u0131 161 sayl\u0131 h\u0259rbi hiss\u0259d\u0259 xidm\u0259t etdikd\u0259n sonra A\u011fdam\u0131n M\u0259rzili k\u0259ndin\u0259 g\u00f6nd\u0259rilib. 1995-ci ilin 9 may g\u00fcn\u00fc\u00a0M\u0259rzili k\u0259ndi\u00a0\u0259traf\u0131nda minaya d\u00fc\u015f\u0259r\u0259k, [&hellip;]<\/p>\n","protected":false},"author":1,"featured_media":0,"comment_status":"open","ping_status":"open","sticky":false,"template":"","format":"standard","meta":{"footnotes":""},"categories":[37],"tags":[],"class_list":{"0":"post-23527","1":"post","2":"type-post","3":"status-publish","4":"format-standard","6":"category-shidlrimiz"},"yoast_head":"<!-- This site is optimized with the Yoast SEO plugin v27.0 - https:\/\/yoast.com\/product\/yoast-seo-wordpress\/ -->\n<title>\u015e\u0259hid h\u0259myerlimiz - \u0130badov Zamin Vaqif o\u011flu - Z\u0259rdab.com<\/title>\n<meta name=\"robots\" content=\"index, follow, max-snippet:-1, max-image-preview:large, max-video-preview:-1\" \/>\n<link rel=\"canonical\" href=\"https:\/\/www.zerdab.com\/?p=23527\" \/>\n<meta property=\"og:locale\" content=\"az_AZ\" \/>\n<meta property=\"og:type\" content=\"article\" \/>\n<meta property=\"og:title\" content=\"\u015e\u0259hid h\u0259myerlimiz - \u0130badov Zamin Vaqif o\u011flu - Z\u0259rdab.com\" \/>\n<meta property=\"og:description\" content=\"\u0130badov Zamin Vaqif o\u011flu 1976-c\u0131 ild\u0259 Z\u0259rdab rayonunun P\u0259rvanl\u0131 k\u0259ndind\u0259 anadan olub. 1993-c\u00fc ild\u0259 orta m\u0259kt\u0259bi bitirib. 1994-c\u00fc il iyun ay\u0131n\u0131n 23-d\u0259 h\u0259qiqi h\u0259rbi xidm\u0259t\u0259 \u00e7a\u011f\u0131r\u0131l\u0131b. 7 ay Bak\u0131n\u0131n Pirk\u00fc\u015fk\u00fcl q\u0259s\u0259b\u0259sind\u0259 h\u0259rbi t\u0259limd\u0259 olub. A\u011fcab\u0259di rayonundak\u0131 161 sayl\u0131 h\u0259rbi hiss\u0259d\u0259 xidm\u0259t etdikd\u0259n sonra A\u011fdam\u0131n M\u0259rzili k\u0259ndin\u0259 g\u00f6nd\u0259rilib. 1995-ci ilin 9 may g\u00fcn\u00fc\u00a0M\u0259rzili k\u0259ndi\u00a0\u0259traf\u0131nda minaya d\u00fc\u015f\u0259r\u0259k, [&hellip;]\" \/>\n<meta property=\"og:url\" content=\"https:\/\/www.zerdab.com\/?p=23527\" \/>\n<meta property=\"og:site_name\" content=\"Z\u0259rdab.com\" \/>\n<meta property=\"article:published_time\" content=\"2016-09-13T11:41:21+00:00\" \/>\n<meta property=\"article:modified_time\" content=\"2016-09-13T14:02:25+00:00\" \/>\n<meta name=\"author\" content=\"admin\" \/>\n<meta name=\"twitter:card\" content=\"summary_large_image\" \/>\n<meta name=\"twitter:label1\" content=\"Written by\" \/>\n\t<meta name=\"twitter:data1\" content=\"admin\" \/>\n\t<meta name=\"twitter:label2\" content=\"Est. reading time\" \/>\n\t<meta name=\"twitter:data2\" content=\"1 minute\" \/>\n<script type=\"application\/ld+json\" class=\"yoast-schema-graph\">{\"@context\":\"https:\/\/schema.org\",\"@graph\":[{\"@type\":\"Article\",\"@id\":\"https:\/\/www.zerdab.com\/?p=23527#article\",\"isPartOf\":{\"@id\":\"https:\/\/www.zerdab.com\/?p=23527\"},\"author\":{\"name\":\"admin\",\"@id\":\"https:\/\/www.zerdab.com\/#\/schema\/person\/97079b7570c1e89ec0d9e138c3672136\"},\"headline\":\"\u015e\u0259hid h\u0259myerlimiz &#8211; \u0130badov Zamin Vaqif o\u011flu\",\"datePublished\":\"2016-09-13T11:41:21+00:00\",\"dateModified\":\"2016-09-13T14:02:25+00:00\",\"mainEntityOfPage\":{\"@id\":\"https:\/\/www.zerdab.com\/?p=23527\"},\"wordCount\":247,\"commentCount\":0,\"articleSection\":[\"\u015e\u018fH\u0130DL\u018fR\u0130M\u0130Z\"],\"inLanguage\":\"az\",\"potentialAction\":[{\"@type\":\"CommentAction\",\"name\":\"Comment\",\"target\":[\"https:\/\/www.zerdab.com\/?p=23527#respond\"]}]},{\"@type\":\"WebPage\",\"@id\":\"https:\/\/www.zerdab.com\/?p=23527\",\"url\":\"https:\/\/www.zerdab.com\/?p=23527\",\"name\":\"\u015e\u0259hid h\u0259myerlimiz - \u0130badov Zamin Vaqif o\u011flu - Z\u0259rdab.com\",\"isPartOf\":{\"@id\":\"https:\/\/www.zerdab.com\/#website\"},\"datePublished\":\"2016-09-13T11:41:21+00:00\",\"dateModified\":\"2016-09-13T14:02:25+00:00\",\"author\":{\"@id\":\"https:\/\/www.zerdab.com\/#\/schema\/person\/97079b7570c1e89ec0d9e138c3672136\"},\"breadcrumb\":{\"@id\":\"https:\/\/www.zerdab.com\/?p=23527#breadcrumb\"},\"inLanguage\":\"az\",\"potentialAction\":[{\"@type\":\"ReadAction\",\"target\":[\"https:\/\/www.zerdab.com\/?p=23527\"]}]},{\"@type\":\"BreadcrumbList\",\"@id\":\"https:\/\/www.zerdab.com\/?p=23527#breadcrumb\",\"itemListElement\":[{\"@type\":\"ListItem\",\"position\":1,\"name\":\"Home\",\"item\":\"https:\/\/www.zerdab.com\/\"},{\"@type\":\"ListItem\",\"position\":2,\"name\":\"\u015e\u0259hid h\u0259myerlimiz &#8211; \u0130badov Zamin Vaqif o\u011flu\"}]},{\"@type\":\"WebSite\",\"@id\":\"https:\/\/www.zerdab.com\/#website\",\"url\":\"https:\/\/www.zerdab.com\/\",\"name\":\"Z\u0259rdab.com\",\"description\":\"\",\"potentialAction\":[{\"@type\":\"SearchAction\",\"target\":{\"@type\":\"EntryPoint\",\"urlTemplate\":\"https:\/\/www.zerdab.com\/?s={search_term_string}\"},\"query-input\":{\"@type\":\"PropertyValueSpecification\",\"valueRequired\":true,\"valueName\":\"search_term_string\"}}],\"inLanguage\":\"az\"},{\"@type\":\"Person\",\"@id\":\"https:\/\/www.zerdab.com\/#\/schema\/person\/97079b7570c1e89ec0d9e138c3672136\",\"name\":\"admin\",\"image\":{\"@type\":\"ImageObject\",\"inLanguage\":\"az\",\"@id\":\"https:\/\/www.zerdab.com\/#\/schema\/person\/image\/\",\"url\":\"https:\/\/secure.gravatar.com\/avatar\/d9c52a9a27c32119cb6679a077fa3e2779e5f822c451cbf01098004361d466ec?s=96&d=mm&r=g\",\"contentUrl\":\"https:\/\/secure.gravatar.com\/avatar\/d9c52a9a27c32119cb6679a077fa3e2779e5f822c451cbf01098004361d466ec?s=96&d=mm&r=g\",\"caption\":\"admin\"},\"url\":\"https:\/\/www.zerdab.com\/?author=1\"}]}<\/script>\n<!-- \/ Yoast SEO plugin. -->","yoast_head_json":{"title":"\u015e\u0259hid h\u0259myerlimiz - \u0130badov Zamin Vaqif o\u011flu - Z\u0259rdab.com","robots":{"index":"index","follow":"follow","max-snippet":"max-snippet:-1","max-image-preview":"max-image-preview:large","max-video-preview":"max-video-preview:-1"},"canonical":"https:\/\/www.zerdab.com\/?p=23527","og_locale":"az_AZ","og_type":"article","og_title":"\u015e\u0259hid h\u0259myerlimiz - \u0130badov Zamin Vaqif o\u011flu - Z\u0259rdab.com","og_description":"\u0130badov Zamin Vaqif o\u011flu 1976-c\u0131 ild\u0259 Z\u0259rdab rayonunun P\u0259rvanl\u0131 k\u0259ndind\u0259 anadan olub. 1993-c\u00fc ild\u0259 orta m\u0259kt\u0259bi bitirib. 1994-c\u00fc il iyun ay\u0131n\u0131n 23-d\u0259 h\u0259qiqi h\u0259rbi xidm\u0259t\u0259 \u00e7a\u011f\u0131r\u0131l\u0131b. 7 ay Bak\u0131n\u0131n Pirk\u00fc\u015fk\u00fcl q\u0259s\u0259b\u0259sind\u0259 h\u0259rbi t\u0259limd\u0259 olub. A\u011fcab\u0259di rayonundak\u0131 161 sayl\u0131 h\u0259rbi hiss\u0259d\u0259 xidm\u0259t etdikd\u0259n sonra A\u011fdam\u0131n M\u0259rzili k\u0259ndin\u0259 g\u00f6nd\u0259rilib. 1995-ci ilin 9 may g\u00fcn\u00fc\u00a0M\u0259rzili k\u0259ndi\u00a0\u0259traf\u0131nda minaya d\u00fc\u015f\u0259r\u0259k, [&hellip;]","og_url":"https:\/\/www.zerdab.com\/?p=23527","og_site_name":"Z\u0259rdab.com","article_published_time":"2016-09-13T11:41:21+00:00","article_modified_time":"2016-09-13T14:02:25+00:00","author":"admin","twitter_card":"summary_large_image","twitter_misc":{"Written by":"admin","Est. reading time":"1 minute"},"schema":{"@context":"https:\/\/schema.org","@graph":[{"@type":"Article","@id":"https:\/\/www.zerdab.com\/?p=23527#article","isPartOf":{"@id":"https:\/\/www.zerdab.com\/?p=23527"},"author":{"name":"admin","@id":"https:\/\/www.zerdab.com\/#\/schema\/person\/97079b7570c1e89ec0d9e138c3672136"},"headline":"\u015e\u0259hid h\u0259myerlimiz &#8211; \u0130badov Zamin Vaqif o\u011flu","datePublished":"2016-09-13T11:41:21+00:00","dateModified":"2016-09-13T14:02:25+00:00","mainEntityOfPage":{"@id":"https:\/\/www.zerdab.com\/?p=23527"},"wordCount":247,"commentCount":0,"articleSection":["\u015e\u018fH\u0130DL\u018fR\u0130M\u0130Z"],"inLanguage":"az","potentialAction":[{"@type":"CommentAction","name":"Comment","target":["https:\/\/www.zerdab.com\/?p=23527#respond"]}]},{"@type":"WebPage","@id":"https:\/\/www.zerdab.com\/?p=23527","url":"https:\/\/www.zerdab.com\/?p=23527","name":"\u015e\u0259hid h\u0259myerlimiz - \u0130badov Zamin Vaqif o\u011flu - Z\u0259rdab.com","isPartOf":{"@id":"https:\/\/www.zerdab.com\/#website"},"datePublished":"2016-09-13T11:41:21+00:00","dateModified":"2016-09-13T14:02:25+00:00","author":{"@id":"https:\/\/www.zerdab.com\/#\/schema\/person\/97079b7570c1e89ec0d9e138c3672136"},"breadcrumb":{"@id":"https:\/\/www.zerdab.com\/?p=23527#breadcrumb"},"inLanguage":"az","potentialAction":[{"@type":"ReadAction","target":["https:\/\/www.zerdab.com\/?p=23527"]}]},{"@type":"BreadcrumbList","@id":"https:\/\/www.zerdab.com\/?p=23527#breadcrumb","itemListElement":[{"@type":"ListItem","position":1,"name":"Home","item":"https:\/\/www.zerdab.com\/"},{"@type":"ListItem","position":2,"name":"\u015e\u0259hid h\u0259myerlimiz &#8211; \u0130badov Zamin Vaqif o\u011flu"}]},{"@type":"WebSite","@id":"https:\/\/www.zerdab.com\/#website","url":"https:\/\/www.zerdab.com\/","name":"Z\u0259rdab.com","description":"","potentialAction":[{"@type":"SearchAction","target":{"@type":"EntryPoint","urlTemplate":"https:\/\/www.zerdab.com\/?s={search_term_string}"},"query-input":{"@type":"PropertyValueSpecification","valueRequired":true,"valueName":"search_term_string"}}],"inLanguage":"az"},{"@type":"Person","@id":"https:\/\/www.zerdab.com\/#\/schema\/person\/97079b7570c1e89ec0d9e138c3672136","name":"admin","image":{"@type":"ImageObject","inLanguage":"az","@id":"https:\/\/www.zerdab.com\/#\/schema\/person\/image\/","url":"https:\/\/secure.gravatar.com\/avatar\/d9c52a9a27c32119cb6679a077fa3e2779e5f822c451cbf01098004361d466ec?s=96&d=mm&r=g","contentUrl":"https:\/\/secure.gravatar.com\/avatar\/d9c52a9a27c32119cb6679a077fa3e2779e5f822c451cbf01098004361d466ec?s=96&d=mm&r=g","caption":"admin"},"url":"https:\/\/www.zerdab.com\/?author=1"}]}},"_links":{"self":[{"href":"https:\/\/www.zerdab.com\/index.php?rest_route=\/wp\/v2\/posts\/23527","targetHints":{"allow":["GET"]}}],"collection":[{"href":"https:\/\/www.zerdab.com\/index.php?rest_route=\/wp\/v2\/posts"}],"about":[{"href":"https:\/\/www.zerdab.com\/index.php?rest_route=\/wp\/v2\/types\/post"}],"author":[{"embeddable":true,"href":"https:\/\/www.zerdab.com\/index.php?rest_route=\/wp\/v2\/users\/1"}],"replies":[{"embeddable":true,"href":"https:\/\/www.zerdab.com\/index.php?rest_route=%2Fwp%2Fv2%2Fcomments&post=23527"}],"version-history":[{"count":4,"href":"https:\/\/www.zerdab.com\/index.php?rest_route=\/wp\/v2\/posts\/23527\/revisions"}],"predecessor-version":[{"id":23535,"href":"https:\/\/www.zerdab.com\/index.php?rest_route=\/wp\/v2\/posts\/23527\/revisions\/23535"}],"wp:attachment":[{"href":"https:\/\/www.zerdab.com\/index.php?rest_route=%2Fwp%2Fv2%2Fmedia&parent=23527"}],"wp:term":[{"taxonomy":"category","embeddable":true,"href":"https:\/\/www.zerdab.com\/index.php?rest_route=%2Fwp%2Fv2%2Fcategories&post=23527"},{"taxonomy":"post_tag","embeddable":true,"href":"https:\/\/www.zerdab.com\/index.php?rest_route=%2Fwp%2Fv2%2Ftags&post=23527"}],"curies":[{"name":"wp","href":"https:\/\/api.w.org\/{rel}","templated":true}]}}