{"id":23599,"date":"2016-09-23T18:40:07","date_gmt":"2016-09-23T14:40:07","guid":{"rendered":"http:\/\/www.zerdab.com\/?p=23599"},"modified":"2016-09-23T18:40:59","modified_gmt":"2016-09-23T14:40:59","slug":"t%c9%99hsil-naziri-z%c9%99rdab-s%c9%99h%c9%99rind%c9%99-v%c9%99t%c9%99ndaslari-q%c9%99bul-edib-fotolar","status":"publish","type":"post","link":"https:\/\/www.zerdab.com\/?p=23599","title":{"rendered":"T\u0259hsil naziri Z\u0259rdab \u015f\u0259h\u0259rind\u0259 v\u0259t\u0259nda\u015flar\u0131 q\u0259bul etdi &#8211; FOTOLAR"},"content":{"rendered":"<p>Sentyabr\u0131n 23-d\u0259 t\u0259hsil naziri Mikay\u0131l Cabbarov Z\u0259rdab \u015f\u0259h\u0259rind\u0259ki Heyd\u0259r \u018fliyev M\u0259rk\u0259zind\u0259 Ucar, Z\u0259rdab, G\u00f6y\u00e7ay v\u0259 A\u011fcab\u0259di rayon sakinl\u0259rini q\u0259bul edib.<\/p>\n<p>Zerdab.com sayt\u0131 x\u0259b\u0259r verir ki, m\u0259rk\u0259zi icra hakimiyy\u0259ti orqanlar\u0131 r\u0259hb\u0259rl\u0259rinin 2016-ci ilin sentyabr ay\u0131nda \u015f\u0259h\u0259r v\u0259 rayonlarda v\u0259t\u0259nda\u015flar\u0131n q\u0259bulu c\u0259dv\u0259lin\u0259 uy\u011fun olaraq, ke\u00e7iril\u0259n q\u0259bulda v\u0259t\u0259nda\u015flar \u0259sas\u0259n, m\u00fc\u0259lliml\u0259rin i\u015f\u0259 q\u0259bulu v\u0259 ya i\u015f yerinin bir m\u0259kt\u0259bd\u0259n, h\u0259m\u00e7inin, bir rayondan dig\u0259rin\u0259 d\u0259yi\u015fdirilm\u0259si, i\u015f\u0259 b\u0259rpa olunma, t\u0259hsil s\u0259n\u0259dl\u0259rinin tan\u0131nmas\u0131, ali v\u0259 orta ixtisas m\u0259kt\u0259bl\u0259ri t\u0259l\u0259b\u0259l\u0259rinin bir t\u0259hsil m\u00fc\u0259ssis\u0259sind\u0259n dig\u0259rin\u0259 k\u00f6\u00e7\u00fcr\u00fclm\u0259si, t\u0259hsil haqq\u0131 v\u0259 bir s\u0131ra dig\u0259r m\u0259s\u0259l\u0259l\u0259rl\u0259 \u0259laq\u0259dar m\u00fcraci\u0259t edibl\u0259r.<\/p>\n<p>Q\u0259bulda 42 v\u0259t\u0259nda\u015f\u0131n m\u00fcraci\u0259ti dinl\u0259nilib v\u0259 \u0259ks\u0259r m\u0259s\u0259l\u0259l\u0259r yerind\u0259c\u0259 h\u0259llini tap\u0131b. Bir s\u0131ra m\u00fcraci\u0259tl\u0259rl\u0259 ba\u011fl\u0131 nazirliyin m\u00fcvafiq qurumlar\u0131na tap\u015f\u0131r\u0131qlar verilib.<\/p>\n<p>B\u0259zi v\u0259t\u0259nda\u015flar\u0131n nazirliyin s\u0259lahiyy\u0259tl\u0259rin\u0259 aid olmayan v\u0259 ya \u015f\u0259xsi xarakter da\u015f\u0131yan m\u00fcraci\u0259tl\u0259ri is\u0259 m\u00fcvafiq qurumlara \u00e7atd\u0131r\u0131lmaq \u00fc\u00e7\u00fcn qeyd\u0259 al\u0131n\u0131b v\u0259 n\u0259zar\u0259t\u0259 g\u00f6t\u00fcr\u00fcl\u00fcb.<a href=\"http:\/\/www.zerdab.com\/t%c9%99hsil-naziri-z%c9%99rdab-s%c9%99h%c9%99rind%c9%99-v%c9%99t%c9%99ndaslari-q%c9%99bul-edib-fotolar\/t%c9%99hsil-naziri-z%c9%99rdabda4\/\" rel=\"attachment wp-att-23604\"><img loading=\"lazy\" decoding=\"async\" class=\"aligncenter size-large wp-image-23604\" src=\"http:\/\/www.zerdab.com\/wp-content\/uploads\/2016\/09\/t\u0259hsil-naziri-z\u0259rdabda4-550x366.jpg\" alt=\"t%c9%99hsil-naziri-z%c9%99rdabda4\" width=\"550\" height=\"366\" \/><\/a><\/p>\n<p><a href=\"http:\/\/www.zerdab.com\/t%c9%99hsil-naziri-z%c9%99rdab-s%c9%99h%c9%99rind%c9%99-v%c9%99t%c9%99ndaslari-q%c9%99bul-edib-fotolar\/t%c9%99hsil-naziri-z%c9%99rdabda\/\" rel=\"attachment wp-att-23600\"><img loading=\"lazy\" decoding=\"async\" class=\"aligncenter size-large wp-image-23600\" src=\"http:\/\/www.zerdab.com\/wp-content\/uploads\/2016\/09\/t\u0259hsil-naziri-z\u0259rdabda-550x302.jpg\" alt=\"t%c9%99hsil-naziri-z%c9%99rdabda\" width=\"550\" height=\"302\" \/><\/a> <a href=\"http:\/\/www.zerdab.com\/t%c9%99hsil-naziri-z%c9%99rdab-s%c9%99h%c9%99rind%c9%99-v%c9%99t%c9%99ndaslari-q%c9%99bul-edib-fotolar\/t%c9%99hsil-naziri-z%c9%99rdabda1\/\" rel=\"attachment wp-att-23601\"><img loading=\"lazy\" decoding=\"async\" class=\"aligncenter size-large wp-image-23601\" src=\"http:\/\/www.zerdab.com\/wp-content\/uploads\/2016\/09\/t\u0259hsil-naziri-z\u0259rdabda1-550x366.jpg\" alt=\"t%c9%99hsil-naziri-z%c9%99rdabda1\" width=\"550\" height=\"366\" \/><\/a> <a href=\"http:\/\/www.zerdab.com\/t%c9%99hsil-naziri-z%c9%99rdab-s%c9%99h%c9%99rind%c9%99-v%c9%99t%c9%99ndaslari-q%c9%99bul-edib-fotolar\/t%c9%99hsil-naziri-z%c9%99rdabda2\/\" rel=\"attachment wp-att-23602\"><img loading=\"lazy\" decoding=\"async\" class=\"aligncenter size-large wp-image-23602\" src=\"http:\/\/www.zerdab.com\/wp-content\/uploads\/2016\/09\/t\u0259hsil-naziri-z\u0259rdabda2-550x328.jpg\" alt=\"t%c9%99hsil-naziri-z%c9%99rdabda2\" width=\"550\" height=\"328\" \/><\/a> <a href=\"http:\/\/www.zerdab.com\/t%c9%99hsil-naziri-z%c9%99rdab-s%c9%99h%c9%99rind%c9%99-v%c9%99t%c9%99ndaslari-q%c9%99bul-edib-fotolar\/t%c9%99hsil-naziri-z%c9%99rdabda3\/\" rel=\"attachment wp-att-23603\"><img loading=\"lazy\" decoding=\"async\" class=\"aligncenter size-large wp-image-23603\" src=\"http:\/\/www.zerdab.com\/wp-content\/uploads\/2016\/09\/t\u0259hsil-naziri-z\u0259rdabda3-550x366.jpg\" alt=\"t%c9%99hsil-naziri-z%c9%99rdabda3\" width=\"550\" height=\"366\" \/><\/a><\/p>\n","protected":false},"excerpt":{"rendered":"<p>Sentyabr\u0131n 23-d\u0259 t\u0259hsil naziri Mikay\u0131l Cabbarov Z\u0259rdab \u015f\u0259h\u0259rind\u0259ki Heyd\u0259r \u018fliyev M\u0259rk\u0259zind\u0259 Ucar, Z\u0259rdab, G\u00f6y\u00e7ay v\u0259 A\u011fcab\u0259di rayon sakinl\u0259rini q\u0259bul edib. Zerdab.com sayt\u0131 x\u0259b\u0259r verir ki, m\u0259rk\u0259zi icra hakimiyy\u0259ti orqanlar\u0131 r\u0259hb\u0259rl\u0259rinin 2016-ci ilin sentyabr ay\u0131nda \u015f\u0259h\u0259r v\u0259 rayonlarda v\u0259t\u0259nda\u015flar\u0131n q\u0259bulu c\u0259dv\u0259lin\u0259 uy\u011fun olaraq, ke\u00e7iril\u0259n q\u0259bulda v\u0259t\u0259nda\u015flar \u0259sas\u0259n, m\u00fc\u0259lliml\u0259rin i\u015f\u0259 q\u0259bulu v\u0259 ya i\u015f yerinin bir m\u0259kt\u0259bd\u0259n, [&hellip;]<\/p>\n","protected":false},"author":1,"featured_media":0,"comment_status":"open","ping_status":"open","sticky":false,"template":"","format":"standard","meta":{"footnotes":""},"categories":[21],"tags":[],"class_list":{"0":"post-23599","1":"post","2":"type-post","3":"status-publish","4":"format-standard","6":"category-zrdab"},"yoast_head":"<!-- This site is optimized with the Yoast SEO plugin v27.0 - https:\/\/yoast.com\/product\/yoast-seo-wordpress\/ -->\n<title>T\u0259hsil naziri Z\u0259rdab \u015f\u0259h\u0259rind\u0259 v\u0259t\u0259nda\u015flar\u0131 q\u0259bul etdi - FOTOLAR - Z\u0259rdab.com<\/title>\n<meta name=\"robots\" content=\"index, follow, max-snippet:-1, max-image-preview:large, max-video-preview:-1\" \/>\n<link rel=\"canonical\" href=\"https:\/\/www.zerdab.com\/?p=23599\" \/>\n<meta property=\"og:locale\" content=\"az_AZ\" \/>\n<meta property=\"og:type\" content=\"article\" \/>\n<meta property=\"og:title\" content=\"T\u0259hsil naziri Z\u0259rdab \u015f\u0259h\u0259rind\u0259 v\u0259t\u0259nda\u015flar\u0131 q\u0259bul etdi - FOTOLAR - Z\u0259rdab.com\" \/>\n<meta property=\"og:description\" content=\"Sentyabr\u0131n 23-d\u0259 t\u0259hsil naziri Mikay\u0131l Cabbarov Z\u0259rdab \u015f\u0259h\u0259rind\u0259ki Heyd\u0259r \u018fliyev M\u0259rk\u0259zind\u0259 Ucar, Z\u0259rdab, G\u00f6y\u00e7ay v\u0259 A\u011fcab\u0259di rayon sakinl\u0259rini q\u0259bul edib. Zerdab.com sayt\u0131 x\u0259b\u0259r verir ki, m\u0259rk\u0259zi icra hakimiyy\u0259ti orqanlar\u0131 r\u0259hb\u0259rl\u0259rinin 2016-ci ilin sentyabr ay\u0131nda \u015f\u0259h\u0259r v\u0259 rayonlarda v\u0259t\u0259nda\u015flar\u0131n q\u0259bulu c\u0259dv\u0259lin\u0259 uy\u011fun olaraq, ke\u00e7iril\u0259n q\u0259bulda v\u0259t\u0259nda\u015flar \u0259sas\u0259n, m\u00fc\u0259lliml\u0259rin i\u015f\u0259 q\u0259bulu v\u0259 ya i\u015f yerinin bir m\u0259kt\u0259bd\u0259n, [&hellip;]\" \/>\n<meta property=\"og:url\" content=\"https:\/\/www.zerdab.com\/?p=23599\" \/>\n<meta property=\"og:site_name\" content=\"Z\u0259rdab.com\" \/>\n<meta property=\"article:published_time\" content=\"2016-09-23T14:40:07+00:00\" \/>\n<meta property=\"article:modified_time\" content=\"2016-09-23T14:40:59+00:00\" \/>\n<meta name=\"author\" content=\"admin\" \/>\n<meta name=\"twitter:card\" content=\"summary_large_image\" \/>\n<meta name=\"twitter:label1\" content=\"Written by\" \/>\n\t<meta name=\"twitter:data1\" content=\"admin\" \/>\n\t<meta name=\"twitter:label2\" content=\"Est. reading time\" \/>\n\t<meta name=\"twitter:data2\" content=\"1 minute\" \/>\n<script type=\"application\/ld+json\" class=\"yoast-schema-graph\">{\"@context\":\"https:\/\/schema.org\",\"@graph\":[{\"@type\":\"Article\",\"@id\":\"https:\/\/www.zerdab.com\/?p=23599#article\",\"isPartOf\":{\"@id\":\"https:\/\/www.zerdab.com\/?p=23599\"},\"author\":{\"name\":\"admin\",\"@id\":\"https:\/\/www.zerdab.com\/#\/schema\/person\/97079b7570c1e89ec0d9e138c3672136\"},\"headline\":\"T\u0259hsil naziri Z\u0259rdab \u015f\u0259h\u0259rind\u0259 v\u0259t\u0259nda\u015flar\u0131 q\u0259bul etdi &#8211; FOTOLAR\",\"datePublished\":\"2016-09-23T14:40:07+00:00\",\"dateModified\":\"2016-09-23T14:40:59+00:00\",\"mainEntityOfPage\":{\"@id\":\"https:\/\/www.zerdab.com\/?p=23599\"},\"wordCount\":277,\"commentCount\":0,\"articleSection\":[\"C\u018fM\u0130YY\u018fT\"],\"inLanguage\":\"az\",\"potentialAction\":[{\"@type\":\"CommentAction\",\"name\":\"Comment\",\"target\":[\"https:\/\/www.zerdab.com\/?p=23599#respond\"]}]},{\"@type\":\"WebPage\",\"@id\":\"https:\/\/www.zerdab.com\/?p=23599\",\"url\":\"https:\/\/www.zerdab.com\/?p=23599\",\"name\":\"T\u0259hsil naziri Z\u0259rdab \u015f\u0259h\u0259rind\u0259 v\u0259t\u0259nda\u015flar\u0131 q\u0259bul etdi - FOTOLAR - Z\u0259rdab.com\",\"isPartOf\":{\"@id\":\"https:\/\/www.zerdab.com\/#website\"},\"datePublished\":\"2016-09-23T14:40:07+00:00\",\"dateModified\":\"2016-09-23T14:40:59+00:00\",\"author\":{\"@id\":\"https:\/\/www.zerdab.com\/#\/schema\/person\/97079b7570c1e89ec0d9e138c3672136\"},\"breadcrumb\":{\"@id\":\"https:\/\/www.zerdab.com\/?p=23599#breadcrumb\"},\"inLanguage\":\"az\",\"potentialAction\":[{\"@type\":\"ReadAction\",\"target\":[\"https:\/\/www.zerdab.com\/?p=23599\"]}]},{\"@type\":\"BreadcrumbList\",\"@id\":\"https:\/\/www.zerdab.com\/?p=23599#breadcrumb\",\"itemListElement\":[{\"@type\":\"ListItem\",\"position\":1,\"name\":\"Home\",\"item\":\"https:\/\/www.zerdab.com\/\"},{\"@type\":\"ListItem\",\"position\":2,\"name\":\"T\u0259hsil naziri Z\u0259rdab \u015f\u0259h\u0259rind\u0259 v\u0259t\u0259nda\u015flar\u0131 q\u0259bul etdi &#8211; FOTOLAR\"}]},{\"@type\":\"WebSite\",\"@id\":\"https:\/\/www.zerdab.com\/#website\",\"url\":\"https:\/\/www.zerdab.com\/\",\"name\":\"Z\u0259rdab.com\",\"description\":\"\",\"potentialAction\":[{\"@type\":\"SearchAction\",\"target\":{\"@type\":\"EntryPoint\",\"urlTemplate\":\"https:\/\/www.zerdab.com\/?s={search_term_string}\"},\"query-input\":{\"@type\":\"PropertyValueSpecification\",\"valueRequired\":true,\"valueName\":\"search_term_string\"}}],\"inLanguage\":\"az\"},{\"@type\":\"Person\",\"@id\":\"https:\/\/www.zerdab.com\/#\/schema\/person\/97079b7570c1e89ec0d9e138c3672136\",\"name\":\"admin\",\"image\":{\"@type\":\"ImageObject\",\"inLanguage\":\"az\",\"@id\":\"https:\/\/www.zerdab.com\/#\/schema\/person\/image\/\",\"url\":\"https:\/\/secure.gravatar.com\/avatar\/d9c52a9a27c32119cb6679a077fa3e2779e5f822c451cbf01098004361d466ec?s=96&d=mm&r=g\",\"contentUrl\":\"https:\/\/secure.gravatar.com\/avatar\/d9c52a9a27c32119cb6679a077fa3e2779e5f822c451cbf01098004361d466ec?s=96&d=mm&r=g\",\"caption\":\"admin\"},\"url\":\"https:\/\/www.zerdab.com\/?author=1\"}]}<\/script>\n<!-- \/ Yoast SEO plugin. -->","yoast_head_json":{"title":"T\u0259hsil naziri Z\u0259rdab \u015f\u0259h\u0259rind\u0259 v\u0259t\u0259nda\u015flar\u0131 q\u0259bul etdi - FOTOLAR - Z\u0259rdab.com","robots":{"index":"index","follow":"follow","max-snippet":"max-snippet:-1","max-image-preview":"max-image-preview:large","max-video-preview":"max-video-preview:-1"},"canonical":"https:\/\/www.zerdab.com\/?p=23599","og_locale":"az_AZ","og_type":"article","og_title":"T\u0259hsil naziri Z\u0259rdab \u015f\u0259h\u0259rind\u0259 v\u0259t\u0259nda\u015flar\u0131 q\u0259bul etdi - FOTOLAR - Z\u0259rdab.com","og_description":"Sentyabr\u0131n 23-d\u0259 t\u0259hsil naziri Mikay\u0131l Cabbarov Z\u0259rdab \u015f\u0259h\u0259rind\u0259ki Heyd\u0259r \u018fliyev M\u0259rk\u0259zind\u0259 Ucar, Z\u0259rdab, G\u00f6y\u00e7ay v\u0259 A\u011fcab\u0259di rayon sakinl\u0259rini q\u0259bul edib. Zerdab.com sayt\u0131 x\u0259b\u0259r verir ki, m\u0259rk\u0259zi icra hakimiyy\u0259ti orqanlar\u0131 r\u0259hb\u0259rl\u0259rinin 2016-ci ilin sentyabr ay\u0131nda \u015f\u0259h\u0259r v\u0259 rayonlarda v\u0259t\u0259nda\u015flar\u0131n q\u0259bulu c\u0259dv\u0259lin\u0259 uy\u011fun olaraq, ke\u00e7iril\u0259n q\u0259bulda v\u0259t\u0259nda\u015flar \u0259sas\u0259n, m\u00fc\u0259lliml\u0259rin i\u015f\u0259 q\u0259bulu v\u0259 ya i\u015f yerinin bir m\u0259kt\u0259bd\u0259n, [&hellip;]","og_url":"https:\/\/www.zerdab.com\/?p=23599","og_site_name":"Z\u0259rdab.com","article_published_time":"2016-09-23T14:40:07+00:00","article_modified_time":"2016-09-23T14:40:59+00:00","author":"admin","twitter_card":"summary_large_image","twitter_misc":{"Written by":"admin","Est. reading time":"1 minute"},"schema":{"@context":"https:\/\/schema.org","@graph":[{"@type":"Article","@id":"https:\/\/www.zerdab.com\/?p=23599#article","isPartOf":{"@id":"https:\/\/www.zerdab.com\/?p=23599"},"author":{"name":"admin","@id":"https:\/\/www.zerdab.com\/#\/schema\/person\/97079b7570c1e89ec0d9e138c3672136"},"headline":"T\u0259hsil naziri Z\u0259rdab \u015f\u0259h\u0259rind\u0259 v\u0259t\u0259nda\u015flar\u0131 q\u0259bul etdi &#8211; FOTOLAR","datePublished":"2016-09-23T14:40:07+00:00","dateModified":"2016-09-23T14:40:59+00:00","mainEntityOfPage":{"@id":"https:\/\/www.zerdab.com\/?p=23599"},"wordCount":277,"commentCount":0,"articleSection":["C\u018fM\u0130YY\u018fT"],"inLanguage":"az","potentialAction":[{"@type":"CommentAction","name":"Comment","target":["https:\/\/www.zerdab.com\/?p=23599#respond"]}]},{"@type":"WebPage","@id":"https:\/\/www.zerdab.com\/?p=23599","url":"https:\/\/www.zerdab.com\/?p=23599","name":"T\u0259hsil naziri Z\u0259rdab \u015f\u0259h\u0259rind\u0259 v\u0259t\u0259nda\u015flar\u0131 q\u0259bul etdi - FOTOLAR - Z\u0259rdab.com","isPartOf":{"@id":"https:\/\/www.zerdab.com\/#website"},"datePublished":"2016-09-23T14:40:07+00:00","dateModified":"2016-09-23T14:40:59+00:00","author":{"@id":"https:\/\/www.zerdab.com\/#\/schema\/person\/97079b7570c1e89ec0d9e138c3672136"},"breadcrumb":{"@id":"https:\/\/www.zerdab.com\/?p=23599#breadcrumb"},"inLanguage":"az","potentialAction":[{"@type":"ReadAction","target":["https:\/\/www.zerdab.com\/?p=23599"]}]},{"@type":"BreadcrumbList","@id":"https:\/\/www.zerdab.com\/?p=23599#breadcrumb","itemListElement":[{"@type":"ListItem","position":1,"name":"Home","item":"https:\/\/www.zerdab.com\/"},{"@type":"ListItem","position":2,"name":"T\u0259hsil naziri Z\u0259rdab \u015f\u0259h\u0259rind\u0259 v\u0259t\u0259nda\u015flar\u0131 q\u0259bul etdi &#8211; FOTOLAR"}]},{"@type":"WebSite","@id":"https:\/\/www.zerdab.com\/#website","url":"https:\/\/www.zerdab.com\/","name":"Z\u0259rdab.com","description":"","potentialAction":[{"@type":"SearchAction","target":{"@type":"EntryPoint","urlTemplate":"https:\/\/www.zerdab.com\/?s={search_term_string}"},"query-input":{"@type":"PropertyValueSpecification","valueRequired":true,"valueName":"search_term_string"}}],"inLanguage":"az"},{"@type":"Person","@id":"https:\/\/www.zerdab.com\/#\/schema\/person\/97079b7570c1e89ec0d9e138c3672136","name":"admin","image":{"@type":"ImageObject","inLanguage":"az","@id":"https:\/\/www.zerdab.com\/#\/schema\/person\/image\/","url":"https:\/\/secure.gravatar.com\/avatar\/d9c52a9a27c32119cb6679a077fa3e2779e5f822c451cbf01098004361d466ec?s=96&d=mm&r=g","contentUrl":"https:\/\/secure.gravatar.com\/avatar\/d9c52a9a27c32119cb6679a077fa3e2779e5f822c451cbf01098004361d466ec?s=96&d=mm&r=g","caption":"admin"},"url":"https:\/\/www.zerdab.com\/?author=1"}]}},"_links":{"self":[{"href":"https:\/\/www.zerdab.com\/index.php?rest_route=\/wp\/v2\/posts\/23599","targetHints":{"allow":["GET"]}}],"collection":[{"href":"https:\/\/www.zerdab.com\/index.php?rest_route=\/wp\/v2\/posts"}],"about":[{"href":"https:\/\/www.zerdab.com\/index.php?rest_route=\/wp\/v2\/types\/post"}],"author":[{"embeddable":true,"href":"https:\/\/www.zerdab.com\/index.php?rest_route=\/wp\/v2\/users\/1"}],"replies":[{"embeddable":true,"href":"https:\/\/www.zerdab.com\/index.php?rest_route=%2Fwp%2Fv2%2Fcomments&post=23599"}],"version-history":[{"count":3,"href":"https:\/\/www.zerdab.com\/index.php?rest_route=\/wp\/v2\/posts\/23599\/revisions"}],"predecessor-version":[{"id":23607,"href":"https:\/\/www.zerdab.com\/index.php?rest_route=\/wp\/v2\/posts\/23599\/revisions\/23607"}],"wp:attachment":[{"href":"https:\/\/www.zerdab.com\/index.php?rest_route=%2Fwp%2Fv2%2Fmedia&parent=23599"}],"wp:term":[{"taxonomy":"category","embeddable":true,"href":"https:\/\/www.zerdab.com\/index.php?rest_route=%2Fwp%2Fv2%2Fcategories&post=23599"},{"taxonomy":"post_tag","embeddable":true,"href":"https:\/\/www.zerdab.com\/index.php?rest_route=%2Fwp%2Fv2%2Ftags&post=23599"}],"curies":[{"name":"wp","href":"https:\/\/api.w.org\/{rel}","templated":true}]}}