{"id":23691,"date":"2016-10-13T17:32:49","date_gmt":"2016-10-13T13:32:49","guid":{"rendered":"http:\/\/www.zerdab.com\/?p=23691"},"modified":"2016-10-13T17:32:49","modified_gmt":"2016-10-13T13:32:49","slug":"nuv%c9%99di-k%c9%99ndinin-isgalindan-b%c9%99hs-ed%c9%99n-s%c9%99n%c9%99dli-filmin-t%c9%99qdimati-olub","status":"publish","type":"post","link":"https:\/\/www.zerdab.com\/?p=23691","title":{"rendered":"N\u00fcv\u0259di k\u0259ndinin i\u015f\u011fal\u0131ndan b\u0259hs ed\u0259n s\u0259n\u0259dli filmin t\u0259qdimat\u0131 olub"},"content":{"rendered":"<p>Bu g\u00fcn Beyn\u0259lxalq M\u0259tbuat M\u0259rk\u0259zind\u0259 Az\u0259rbaycan Respublikas\u0131n\u0131n Prezidenti yan\u0131nda Qeyri-H\u00f6kum\u0259t T\u0259\u015fkilatlar\u0131na D\u00f6vl\u0259t D\u0259st\u0259yi \u015euras\u0131n\u0131n maliyy\u0259 d\u0259st\u0259yi il\u0259 &#8220;Lo\u011fman&#8221; Qa\u00e7q\u0131nlara Dayaq M\u0259rk\u0259zi \u0130ctimai Birliyi t\u0259r\u0259find\u0259n h\u0259yata ke\u00e7iril\u0259n &#8220;Erm\u0259ni terroru v\u0259 t\u0259cav\u00fcz\u00fc: Beyn\u0259lxalq M\u00fcst\u0259vid\u0259&#8221; adl\u0131 layih\u0259nin yekun t\u0259qdimat m\u0259rasimi ke\u00e7irilib. <strong>&#8220;Zerdab.com&#8221; <\/strong>x\u0259b\u0259r verir ki, t\u0259qdimat m\u0259rasimind\u0259 \u00e7\u0131x\u0131\u015f ed\u0259n Lahiy\u0259 r\u0259hb\u0259ri N\u00f6yzal\u0131 \u018fliyev bildirib ki, bu layih\u0259 \u0259sas\u0131nda, 1988-ci ild\u0259 250 mind\u0259n \u00e7ox soyda\u015f\u0131m\u0131z\u0131n tarixi torpaqlar\u0131ndan &#8211; indiki Erm\u0259nistan \u0259razisind\u0259n zorla \u00e7\u0131xar\u0131lmas\u0131ndan, h\u0259m\u00e7inin 1991-ci il\u0259 kimi erm\u0259ni t\u0259cav\u00fcz\u00fcn\u0259 r\u0259\u011fm\u0259n \u00f6z \u0259z\u0259li torpaqlar\u0131n\u0131 t\u0259rk etm\u0259k ist\u0259m\u0259y\u0259n azsayl\u0131 az\u0259rbaycanl\u0131lardan, onlara qar\u015f\u0131 h\u0259yata ke\u00e7iril\u0259n vandalizmd\u0259n v\u0259 ya\u015fad\u0131qlar\u0131 N\u00fcv\u0259di k\u0259ndinin i\u015f\u011fal\u0131ndan b\u0259hs ed\u0259n xarici auditoriyalara (ingilis dilli) hesablanm\u0131\u015f s\u0259n\u0259dli film haz\u0131rlan\u0131b. N. \u018fliyev qeyd edib ki, s\u0259n\u0259dli filmi haz\u0131rlamaqda m\u0259qs\u0259d i\u015f\u011fal alt\u0131nda olan tarixi torpaqlar\u0131m\u0131z\u0131n v\u0259 bu torpaqlarda erm\u0259nil\u0259r v\u0259 onlar\u0131n havadarlar\u0131 t\u0259r\u0259find\u0259n soyda\u015flar\u0131m\u0131za qar\u015f\u0131 t\u00f6r\u0259dil\u0259n soyq\u0131r\u0131m\u0131 v\u0259 vandalizmi d\u00fcnyaya tan\u0131tmaqd\u0131r: &#8220;H\u0259d\u0259fimiz erm\u0259ni vandalizmi bar\u0259d\u0259 d\u00fcnya ictimaiyy\u0259tinin daha \u0259trafl\u0131 m\u0259lumat almas\u0131n\u0131 asanla\u015fd\u0131rmaqd\u0131r&#8221;.<\/p>\n","protected":false},"excerpt":{"rendered":"<p>Bu g\u00fcn Beyn\u0259lxalq M\u0259tbuat M\u0259rk\u0259zind\u0259 Az\u0259rbaycan Respublikas\u0131n\u0131n Prezidenti yan\u0131nda Qeyri-H\u00f6kum\u0259t T\u0259\u015fkilatlar\u0131na D\u00f6vl\u0259t D\u0259st\u0259yi \u015euras\u0131n\u0131n maliyy\u0259 d\u0259st\u0259yi il\u0259 &#8220;Lo\u011fman&#8221; Qa\u00e7q\u0131nlara Dayaq M\u0259rk\u0259zi \u0130ctimai Birliyi t\u0259r\u0259find\u0259n h\u0259yata ke\u00e7iril\u0259n &#8220;Erm\u0259ni terroru v\u0259 t\u0259cav\u00fcz\u00fc: Beyn\u0259lxalq M\u00fcst\u0259vid\u0259&#8221; adl\u0131 layih\u0259nin yekun t\u0259qdimat m\u0259rasimi ke\u00e7irilib. &#8220;Zerdab.com&#8221; x\u0259b\u0259r verir ki, t\u0259qdimat m\u0259rasimind\u0259 \u00e7\u0131x\u0131\u015f ed\u0259n Lahiy\u0259 r\u0259hb\u0259ri N\u00f6yzal\u0131 \u018fliyev bildirib ki, bu layih\u0259 \u0259sas\u0131nda, [&hellip;]<\/p>\n","protected":false},"author":1,"featured_media":0,"comment_status":"open","ping_status":"open","sticky":false,"template":"","format":"standard","meta":{"footnotes":""},"categories":[5],"tags":[],"class_list":{"0":"post-23691","1":"post","2":"type-post","3":"status-publish","4":"format-standard","6":"category-knd"},"yoast_head":"<!-- This site is optimized with the Yoast SEO plugin v27.0 - https:\/\/yoast.com\/product\/yoast-seo-wordpress\/ -->\n<title>N\u00fcv\u0259di k\u0259ndinin i\u015f\u011fal\u0131ndan b\u0259hs ed\u0259n s\u0259n\u0259dli filmin t\u0259qdimat\u0131 olub - Z\u0259rdab.com<\/title>\n<meta name=\"robots\" content=\"index, follow, max-snippet:-1, max-image-preview:large, max-video-preview:-1\" \/>\n<link rel=\"canonical\" href=\"https:\/\/www.zerdab.com\/?p=23691\" \/>\n<meta property=\"og:locale\" content=\"az_AZ\" \/>\n<meta property=\"og:type\" content=\"article\" \/>\n<meta property=\"og:title\" content=\"N\u00fcv\u0259di k\u0259ndinin i\u015f\u011fal\u0131ndan b\u0259hs ed\u0259n s\u0259n\u0259dli filmin t\u0259qdimat\u0131 olub - Z\u0259rdab.com\" \/>\n<meta property=\"og:description\" content=\"Bu g\u00fcn Beyn\u0259lxalq M\u0259tbuat M\u0259rk\u0259zind\u0259 Az\u0259rbaycan Respublikas\u0131n\u0131n Prezidenti yan\u0131nda Qeyri-H\u00f6kum\u0259t T\u0259\u015fkilatlar\u0131na D\u00f6vl\u0259t D\u0259st\u0259yi \u015euras\u0131n\u0131n maliyy\u0259 d\u0259st\u0259yi il\u0259 &#8220;Lo\u011fman&#8221; Qa\u00e7q\u0131nlara Dayaq M\u0259rk\u0259zi \u0130ctimai Birliyi t\u0259r\u0259find\u0259n h\u0259yata ke\u00e7iril\u0259n &#8220;Erm\u0259ni terroru v\u0259 t\u0259cav\u00fcz\u00fc: Beyn\u0259lxalq M\u00fcst\u0259vid\u0259&#8221; adl\u0131 layih\u0259nin yekun t\u0259qdimat m\u0259rasimi ke\u00e7irilib. &#8220;Zerdab.com&#8221; x\u0259b\u0259r verir ki, t\u0259qdimat m\u0259rasimind\u0259 \u00e7\u0131x\u0131\u015f ed\u0259n Lahiy\u0259 r\u0259hb\u0259ri N\u00f6yzal\u0131 \u018fliyev bildirib ki, bu layih\u0259 \u0259sas\u0131nda, [&hellip;]\" \/>\n<meta property=\"og:url\" content=\"https:\/\/www.zerdab.com\/?p=23691\" \/>\n<meta property=\"og:site_name\" content=\"Z\u0259rdab.com\" \/>\n<meta property=\"article:published_time\" content=\"2016-10-13T13:32:49+00:00\" \/>\n<meta name=\"author\" content=\"admin\" \/>\n<meta name=\"twitter:card\" content=\"summary_large_image\" \/>\n<meta name=\"twitter:label1\" content=\"Written by\" \/>\n\t<meta name=\"twitter:data1\" content=\"admin\" \/>\n\t<meta name=\"twitter:label2\" content=\"Est. reading time\" \/>\n\t<meta name=\"twitter:data2\" content=\"1 minute\" \/>\n<script type=\"application\/ld+json\" class=\"yoast-schema-graph\">{\"@context\":\"https:\/\/schema.org\",\"@graph\":[{\"@type\":\"Article\",\"@id\":\"https:\/\/www.zerdab.com\/?p=23691#article\",\"isPartOf\":{\"@id\":\"https:\/\/www.zerdab.com\/?p=23691\"},\"author\":{\"name\":\"admin\",\"@id\":\"https:\/\/www.zerdab.com\/#\/schema\/person\/97079b7570c1e89ec0d9e138c3672136\"},\"headline\":\"N\u00fcv\u0259di k\u0259ndinin i\u015f\u011fal\u0131ndan b\u0259hs ed\u0259n s\u0259n\u0259dli filmin t\u0259qdimat\u0131 olub\",\"datePublished\":\"2016-10-13T13:32:49+00:00\",\"mainEntityOfPage\":{\"@id\":\"https:\/\/www.zerdab.com\/?p=23691\"},\"wordCount\":296,\"commentCount\":0,\"articleSection\":[\"X\u018fB\u018fRL\u018fR\"],\"inLanguage\":\"az\",\"potentialAction\":[{\"@type\":\"CommentAction\",\"name\":\"Comment\",\"target\":[\"https:\/\/www.zerdab.com\/?p=23691#respond\"]}]},{\"@type\":\"WebPage\",\"@id\":\"https:\/\/www.zerdab.com\/?p=23691\",\"url\":\"https:\/\/www.zerdab.com\/?p=23691\",\"name\":\"N\u00fcv\u0259di k\u0259ndinin i\u015f\u011fal\u0131ndan b\u0259hs ed\u0259n s\u0259n\u0259dli filmin t\u0259qdimat\u0131 olub - Z\u0259rdab.com\",\"isPartOf\":{\"@id\":\"https:\/\/www.zerdab.com\/#website\"},\"datePublished\":\"2016-10-13T13:32:49+00:00\",\"author\":{\"@id\":\"https:\/\/www.zerdab.com\/#\/schema\/person\/97079b7570c1e89ec0d9e138c3672136\"},\"breadcrumb\":{\"@id\":\"https:\/\/www.zerdab.com\/?p=23691#breadcrumb\"},\"inLanguage\":\"az\",\"potentialAction\":[{\"@type\":\"ReadAction\",\"target\":[\"https:\/\/www.zerdab.com\/?p=23691\"]}]},{\"@type\":\"BreadcrumbList\",\"@id\":\"https:\/\/www.zerdab.com\/?p=23691#breadcrumb\",\"itemListElement\":[{\"@type\":\"ListItem\",\"position\":1,\"name\":\"Home\",\"item\":\"https:\/\/www.zerdab.com\/\"},{\"@type\":\"ListItem\",\"position\":2,\"name\":\"N\u00fcv\u0259di k\u0259ndinin i\u015f\u011fal\u0131ndan b\u0259hs ed\u0259n s\u0259n\u0259dli filmin t\u0259qdimat\u0131 olub\"}]},{\"@type\":\"WebSite\",\"@id\":\"https:\/\/www.zerdab.com\/#website\",\"url\":\"https:\/\/www.zerdab.com\/\",\"name\":\"Z\u0259rdab.com\",\"description\":\"\",\"potentialAction\":[{\"@type\":\"SearchAction\",\"target\":{\"@type\":\"EntryPoint\",\"urlTemplate\":\"https:\/\/www.zerdab.com\/?s={search_term_string}\"},\"query-input\":{\"@type\":\"PropertyValueSpecification\",\"valueRequired\":true,\"valueName\":\"search_term_string\"}}],\"inLanguage\":\"az\"},{\"@type\":\"Person\",\"@id\":\"https:\/\/www.zerdab.com\/#\/schema\/person\/97079b7570c1e89ec0d9e138c3672136\",\"name\":\"admin\",\"image\":{\"@type\":\"ImageObject\",\"inLanguage\":\"az\",\"@id\":\"https:\/\/www.zerdab.com\/#\/schema\/person\/image\/\",\"url\":\"https:\/\/secure.gravatar.com\/avatar\/d9c52a9a27c32119cb6679a077fa3e2779e5f822c451cbf01098004361d466ec?s=96&d=mm&r=g\",\"contentUrl\":\"https:\/\/secure.gravatar.com\/avatar\/d9c52a9a27c32119cb6679a077fa3e2779e5f822c451cbf01098004361d466ec?s=96&d=mm&r=g\",\"caption\":\"admin\"},\"url\":\"https:\/\/www.zerdab.com\/?author=1\"}]}<\/script>\n<!-- \/ Yoast SEO plugin. -->","yoast_head_json":{"title":"N\u00fcv\u0259di k\u0259ndinin i\u015f\u011fal\u0131ndan b\u0259hs ed\u0259n s\u0259n\u0259dli filmin t\u0259qdimat\u0131 olub - Z\u0259rdab.com","robots":{"index":"index","follow":"follow","max-snippet":"max-snippet:-1","max-image-preview":"max-image-preview:large","max-video-preview":"max-video-preview:-1"},"canonical":"https:\/\/www.zerdab.com\/?p=23691","og_locale":"az_AZ","og_type":"article","og_title":"N\u00fcv\u0259di k\u0259ndinin i\u015f\u011fal\u0131ndan b\u0259hs ed\u0259n s\u0259n\u0259dli filmin t\u0259qdimat\u0131 olub - Z\u0259rdab.com","og_description":"Bu g\u00fcn Beyn\u0259lxalq M\u0259tbuat M\u0259rk\u0259zind\u0259 Az\u0259rbaycan Respublikas\u0131n\u0131n Prezidenti yan\u0131nda Qeyri-H\u00f6kum\u0259t T\u0259\u015fkilatlar\u0131na D\u00f6vl\u0259t D\u0259st\u0259yi \u015euras\u0131n\u0131n maliyy\u0259 d\u0259st\u0259yi il\u0259 &#8220;Lo\u011fman&#8221; Qa\u00e7q\u0131nlara Dayaq M\u0259rk\u0259zi \u0130ctimai Birliyi t\u0259r\u0259find\u0259n h\u0259yata ke\u00e7iril\u0259n &#8220;Erm\u0259ni terroru v\u0259 t\u0259cav\u00fcz\u00fc: Beyn\u0259lxalq M\u00fcst\u0259vid\u0259&#8221; adl\u0131 layih\u0259nin yekun t\u0259qdimat m\u0259rasimi ke\u00e7irilib. &#8220;Zerdab.com&#8221; x\u0259b\u0259r verir ki, t\u0259qdimat m\u0259rasimind\u0259 \u00e7\u0131x\u0131\u015f ed\u0259n Lahiy\u0259 r\u0259hb\u0259ri N\u00f6yzal\u0131 \u018fliyev bildirib ki, bu layih\u0259 \u0259sas\u0131nda, [&hellip;]","og_url":"https:\/\/www.zerdab.com\/?p=23691","og_site_name":"Z\u0259rdab.com","article_published_time":"2016-10-13T13:32:49+00:00","author":"admin","twitter_card":"summary_large_image","twitter_misc":{"Written by":"admin","Est. reading time":"1 minute"},"schema":{"@context":"https:\/\/schema.org","@graph":[{"@type":"Article","@id":"https:\/\/www.zerdab.com\/?p=23691#article","isPartOf":{"@id":"https:\/\/www.zerdab.com\/?p=23691"},"author":{"name":"admin","@id":"https:\/\/www.zerdab.com\/#\/schema\/person\/97079b7570c1e89ec0d9e138c3672136"},"headline":"N\u00fcv\u0259di k\u0259ndinin i\u015f\u011fal\u0131ndan b\u0259hs ed\u0259n s\u0259n\u0259dli filmin t\u0259qdimat\u0131 olub","datePublished":"2016-10-13T13:32:49+00:00","mainEntityOfPage":{"@id":"https:\/\/www.zerdab.com\/?p=23691"},"wordCount":296,"commentCount":0,"articleSection":["X\u018fB\u018fRL\u018fR"],"inLanguage":"az","potentialAction":[{"@type":"CommentAction","name":"Comment","target":["https:\/\/www.zerdab.com\/?p=23691#respond"]}]},{"@type":"WebPage","@id":"https:\/\/www.zerdab.com\/?p=23691","url":"https:\/\/www.zerdab.com\/?p=23691","name":"N\u00fcv\u0259di k\u0259ndinin i\u015f\u011fal\u0131ndan b\u0259hs ed\u0259n s\u0259n\u0259dli filmin t\u0259qdimat\u0131 olub - Z\u0259rdab.com","isPartOf":{"@id":"https:\/\/www.zerdab.com\/#website"},"datePublished":"2016-10-13T13:32:49+00:00","author":{"@id":"https:\/\/www.zerdab.com\/#\/schema\/person\/97079b7570c1e89ec0d9e138c3672136"},"breadcrumb":{"@id":"https:\/\/www.zerdab.com\/?p=23691#breadcrumb"},"inLanguage":"az","potentialAction":[{"@type":"ReadAction","target":["https:\/\/www.zerdab.com\/?p=23691"]}]},{"@type":"BreadcrumbList","@id":"https:\/\/www.zerdab.com\/?p=23691#breadcrumb","itemListElement":[{"@type":"ListItem","position":1,"name":"Home","item":"https:\/\/www.zerdab.com\/"},{"@type":"ListItem","position":2,"name":"N\u00fcv\u0259di k\u0259ndinin i\u015f\u011fal\u0131ndan b\u0259hs ed\u0259n s\u0259n\u0259dli filmin t\u0259qdimat\u0131 olub"}]},{"@type":"WebSite","@id":"https:\/\/www.zerdab.com\/#website","url":"https:\/\/www.zerdab.com\/","name":"Z\u0259rdab.com","description":"","potentialAction":[{"@type":"SearchAction","target":{"@type":"EntryPoint","urlTemplate":"https:\/\/www.zerdab.com\/?s={search_term_string}"},"query-input":{"@type":"PropertyValueSpecification","valueRequired":true,"valueName":"search_term_string"}}],"inLanguage":"az"},{"@type":"Person","@id":"https:\/\/www.zerdab.com\/#\/schema\/person\/97079b7570c1e89ec0d9e138c3672136","name":"admin","image":{"@type":"ImageObject","inLanguage":"az","@id":"https:\/\/www.zerdab.com\/#\/schema\/person\/image\/","url":"https:\/\/secure.gravatar.com\/avatar\/d9c52a9a27c32119cb6679a077fa3e2779e5f822c451cbf01098004361d466ec?s=96&d=mm&r=g","contentUrl":"https:\/\/secure.gravatar.com\/avatar\/d9c52a9a27c32119cb6679a077fa3e2779e5f822c451cbf01098004361d466ec?s=96&d=mm&r=g","caption":"admin"},"url":"https:\/\/www.zerdab.com\/?author=1"}]}},"_links":{"self":[{"href":"https:\/\/www.zerdab.com\/index.php?rest_route=\/wp\/v2\/posts\/23691","targetHints":{"allow":["GET"]}}],"collection":[{"href":"https:\/\/www.zerdab.com\/index.php?rest_route=\/wp\/v2\/posts"}],"about":[{"href":"https:\/\/www.zerdab.com\/index.php?rest_route=\/wp\/v2\/types\/post"}],"author":[{"embeddable":true,"href":"https:\/\/www.zerdab.com\/index.php?rest_route=\/wp\/v2\/users\/1"}],"replies":[{"embeddable":true,"href":"https:\/\/www.zerdab.com\/index.php?rest_route=%2Fwp%2Fv2%2Fcomments&post=23691"}],"version-history":[{"count":1,"href":"https:\/\/www.zerdab.com\/index.php?rest_route=\/wp\/v2\/posts\/23691\/revisions"}],"predecessor-version":[{"id":23693,"href":"https:\/\/www.zerdab.com\/index.php?rest_route=\/wp\/v2\/posts\/23691\/revisions\/23693"}],"wp:attachment":[{"href":"https:\/\/www.zerdab.com\/index.php?rest_route=%2Fwp%2Fv2%2Fmedia&parent=23691"}],"wp:term":[{"taxonomy":"category","embeddable":true,"href":"https:\/\/www.zerdab.com\/index.php?rest_route=%2Fwp%2Fv2%2Fcategories&post=23691"},{"taxonomy":"post_tag","embeddable":true,"href":"https:\/\/www.zerdab.com\/index.php?rest_route=%2Fwp%2Fv2%2Ftags&post=23691"}],"curies":[{"name":"wp","href":"https:\/\/api.w.org\/{rel}","templated":true}]}}