{"id":23722,"date":"2016-10-22T02:08:17","date_gmt":"2016-10-21T22:08:17","guid":{"rendered":"http:\/\/www.zerdab.com\/?p=23722"},"modified":"2021-10-13T14:18:56","modified_gmt":"2021-10-13T10:18:56","slug":"z%c9%99rdabin-d%c9%99li-quscu-k%c9%99ndinin-tarixi-q%c9%99dimliy%c9%99-soyk%c9%99nir","status":"publish","type":"post","link":"https:\/\/www.zerdab.com\/?p=23722","title":{"rendered":"Z\u0259rdab\u0131n D\u0259li Qu\u015f\u00e7u k\u0259ndinin tarixi il\u0259 ba\u011fl\u0131 maraql\u0131 faktlar"},"content":{"rendered":"<p>Z\u0259rdab\u0131n indiki D\u0259li Qu\u015f\u00e7u (ke\u00e7mi\u015f L\u0259l\u0259 \u018fhm\u0259dli) k\u0259ndinin d\u0259 tarixi \u00e7ox q\u0259dimliy\u0259 s\u00f6yk\u0259nir. L\u0259l\u0259hm\u0259dli s\u00fclal\u0259si q\u0259dim Qu\u015f\u00e7u tayfas\u0131ndan olmaqla, o indiki D\u0259li Qu\u015f\u00e7u (L\u0259l\u0259 \u018fhm\u0259dli), D\u0259kk\u0259oba (M\u0259scidli oba), Qo\u015faoba (V\u0259lixanl\u0131, N\u0259c\u0259fal\u0131l\u0131, Hac\u0131l\u0131, Qarav\u0259lili), Xanm\u0259mm\u0259dli v\u0259 H\u00fcseynxanl\u0131 k\u0259ndl\u0259rini \u0259hat\u0259 etmi\u015fdir. Bu q\u0259dim L\u0259l\u0259hm\u0259dli elinin d\u0259fn olundu\u011fu indiki D\u0259li Qu\u015f\u00e7u k\u0259nd q\u0259biristanl\u0131\u011f\u0131n\u0131n 500 illik tarixi vard\u0131r. Deyil\u0259n\u0259 g\u00f6r\u0259, bu 500 illik tarixd\u0259n qabaq l\u0259l\u0259hm\u0259dlil\u0259rin indiki m\u0259zarl\u0131\u011f\u0131n\u0131n yeri onlara m\u0259xsus olmu\u015f, <strong>\u201c\u00c7al\u0131 Piri\u201d<\/strong> deyil\u0259n \u0259razid\u0259 m\u00f6vcud olmu\u015fdur.<\/p>\n<p>\u201cAz\u0259rbaycan Respublikas\u0131 \u0259razisind\u0259 d\u00f6vl\u0259t m\u00fchafiz\u0259sin\u0259 g\u00f6t\u00fcr\u00fclm\u00fc\u015f tarix v\u0259 m\u0259d\u0259niyy\u0259t abid\u0259l\u0259rinin \u0259h\u0259miyy\u0259t d\u0259r\u0259c\u0259sin\u0259 g\u00f6r\u0259 b\u00f6lg\u00fcs\u00fcn\u00fcn t\u0259sdiq edilm\u0259si haqq\u0131nda\u201d Az\u0259rbaycan Respublikas\u0131 Nazirl\u0259r Kabinetinin 2 avqust 2001-ci il tarixli (N-132) q\u0259rar\u0131 il\u0259 L\u0259l\u0259hm\u0259dli tayfas\u0131n\u0131n bir qolu olan Xanm\u0259mm\u0259dli k\u0259ndi \u0259razisind\u0259 a\u015fkar edilmi\u015f k\u00fcp q\u0259birl\u0259r nekropolu I \u0259sr\u0259 aid edil\u0259r\u0259k, \u00f6lk\u0259 \u0259h\u0259miyy\u0259tli da\u015f\u0131nmaz tarix v\u0259 m\u0259d\u0259niyy\u0259t abid\u0259l\u0259rinin siyah\u0131s\u0131na daxil edilmi\u015fdir. Qeyd ed\u0259k ki, \u201cnekropol\u201d yunan s\u00f6z\u00fc olub \u201c\u00f6l\u00fc \u015f\u0259h\u0259r\u201d v\u0259 ya \u201c\u015f\u0259h\u0259r-q\u0259biristanl\u0131q\u201d m\u0259nas\u0131n\u0131 verir.<\/p>\n<p>L\u0259l\u0259 \u00a0\u018fhm\u0259dli elinin indiki D\u0259li Qu\u015f\u00e7u (ke\u00e7mi\u015f L\u0259l\u0259hm\u0259dli k\u0259ndi) k\u0259ndi \u0259razisind\u0259 d\u0259<strong> k\u00fctl\u0259vi q\u0259biristanl\u0131q \u2013<\/strong> <strong>\u201cA\u011ft\u0259p\u0259\u201d adlanan kurqan<\/strong> bu g\u00fcn d\u0259 m\u00f6vcuddur v\u0259 bu k\u00fctl\u0259vi m\u0259zarl\u0131\u011f\u0131n tarixi bar\u0259d\u0259 konkret bilgi yoxdur, burada \u0259sasl\u0131 qaz\u0131nt\u0131- t\u0259dqiqat i\u015fl\u0259rinin apar\u0131lmas\u0131na ciddi ehtiyac vard\u0131r.<\/p>\n<p>XX y\u00fczilliyin 70-ci ill\u0259rind\u0259 g\u00f6r\u00fcl\u0259n meliorasiya-irriqasiya i\u015fl\u0259ri zaman\u0131 bu yerl\u0259rd\u0259n ke\u00e7\u0259n q\u0259dim karvan yollar\u0131 boyunca ovdanlar, k\u00fcp q\u0259birl\u0259r \u0259srl\u0259r boyu torpaq alt\u0131nda qalsa da, r\u0259ngini v\u0259 keyfiyy\u0259tini itirm\u0259y\u0259n \u00e7ini v\u0259 saxs\u0131 qablar Eld\u0259gizl\u0259r (Az\u0259rbaycan Atab\u0259yl\u0259ri) v\u0259\u00a0 dig\u0259r hakimiyy\u0259tl\u0259r d\u00f6vr\u00fcnd\u0259 burax\u0131lm\u0131\u015f mis pullar, q\u0259dim b\u0259z\u0259k \u015feyl\u0259ri, m\u0259i\u015f\u0259t v\u0259 m\u0259d\u0259niyy\u0259t \u0259\u015fyalar\u0131 \u00fcz\u0259 \u00e7\u0131xm\u0131\u015f v\u0259 indi bunlar\u0131n bir \u00e7ox n\u00fcmun\u0259l\u0259ri Z\u0259rdab Tarix Diyar\u015f\u00fcnasl\u0131q Muzeyind\u0259 qiym\u0259tli eksponat kimi n\u00fcmayi\u015f etdirilir.<\/p>\n<p><span style=\"color: #0000ff;\"><strong>Zerdab.com<\/strong><\/span><\/p>\n","protected":false},"excerpt":{"rendered":"<p>Z\u0259rdab\u0131n indiki D\u0259li Qu\u015f\u00e7u (ke\u00e7mi\u015f L\u0259l\u0259 \u018fhm\u0259dli) k\u0259ndinin d\u0259 tarixi \u00e7ox q\u0259dimliy\u0259 s\u00f6yk\u0259nir. L\u0259l\u0259hm\u0259dli s\u00fclal\u0259si q\u0259dim Qu\u015f\u00e7u tayfas\u0131ndan olmaqla, o indiki D\u0259li Qu\u015f\u00e7u (L\u0259l\u0259 \u018fhm\u0259dli), D\u0259kk\u0259oba (M\u0259scidli oba), Qo\u015faoba (V\u0259lixanl\u0131, N\u0259c\u0259fal\u0131l\u0131, Hac\u0131l\u0131, Qarav\u0259lili), Xanm\u0259mm\u0259dli v\u0259 H\u00fcseynxanl\u0131 k\u0259ndl\u0259rini \u0259hat\u0259 etmi\u015fdir. Bu q\u0259dim L\u0259l\u0259hm\u0259dli elinin d\u0259fn olundu\u011fu indiki D\u0259li Qu\u015f\u00e7u k\u0259nd q\u0259biristanl\u0131\u011f\u0131n\u0131n 500 illik tarixi vard\u0131r. Deyil\u0259n\u0259 [&hellip;]<\/p>\n","protected":false},"author":1,"featured_media":29183,"comment_status":"open","ping_status":"open","sticky":false,"template":"","format":"standard","meta":{"footnotes":""},"categories":[1],"tags":[],"class_list":{"0":"post-23722","1":"post","2":"type-post","3":"status-publish","4":"format-standard","5":"has-post-thumbnail","7":"category-tarix"},"yoast_head":"<!-- This site is optimized with the Yoast SEO plugin v27.0 - https:\/\/yoast.com\/product\/yoast-seo-wordpress\/ -->\n<title>Z\u0259rdab\u0131n D\u0259li Qu\u015f\u00e7u k\u0259ndinin tarixi il\u0259 ba\u011fl\u0131 maraql\u0131 faktlar - Z\u0259rdab.com<\/title>\n<meta name=\"robots\" content=\"index, follow, max-snippet:-1, max-image-preview:large, max-video-preview:-1\" \/>\n<link rel=\"canonical\" href=\"https:\/\/www.zerdab.com\/?p=23722\" \/>\n<meta property=\"og:locale\" content=\"az_AZ\" \/>\n<meta property=\"og:type\" content=\"article\" \/>\n<meta property=\"og:title\" content=\"Z\u0259rdab\u0131n D\u0259li Qu\u015f\u00e7u k\u0259ndinin tarixi il\u0259 ba\u011fl\u0131 maraql\u0131 faktlar - Z\u0259rdab.com\" \/>\n<meta property=\"og:description\" content=\"Z\u0259rdab\u0131n indiki D\u0259li Qu\u015f\u00e7u (ke\u00e7mi\u015f L\u0259l\u0259 \u018fhm\u0259dli) k\u0259ndinin d\u0259 tarixi \u00e7ox q\u0259dimliy\u0259 s\u00f6yk\u0259nir. L\u0259l\u0259hm\u0259dli s\u00fclal\u0259si q\u0259dim Qu\u015f\u00e7u tayfas\u0131ndan olmaqla, o indiki D\u0259li Qu\u015f\u00e7u (L\u0259l\u0259 \u018fhm\u0259dli), D\u0259kk\u0259oba (M\u0259scidli oba), Qo\u015faoba (V\u0259lixanl\u0131, N\u0259c\u0259fal\u0131l\u0131, Hac\u0131l\u0131, Qarav\u0259lili), Xanm\u0259mm\u0259dli v\u0259 H\u00fcseynxanl\u0131 k\u0259ndl\u0259rini \u0259hat\u0259 etmi\u015fdir. Bu q\u0259dim L\u0259l\u0259hm\u0259dli elinin d\u0259fn olundu\u011fu indiki D\u0259li Qu\u015f\u00e7u k\u0259nd q\u0259biristanl\u0131\u011f\u0131n\u0131n 500 illik tarixi vard\u0131r. Deyil\u0259n\u0259 [&hellip;]\" \/>\n<meta property=\"og:url\" content=\"https:\/\/www.zerdab.com\/?p=23722\" \/>\n<meta property=\"og:site_name\" content=\"Z\u0259rdab.com\" \/>\n<meta property=\"article:published_time\" content=\"2016-10-21T22:08:17+00:00\" \/>\n<meta property=\"article:modified_time\" content=\"2021-10-13T10:18:56+00:00\" \/>\n<meta property=\"og:image\" content=\"https:\/\/www.zerdab.com\/wp-content\/uploads\/2016\/11\/azerbaycan-tarixi-xerite.jpg\" \/>\n\t<meta property=\"og:image:width\" content=\"892\" \/>\n\t<meta property=\"og:image:height\" content=\"700\" \/>\n\t<meta property=\"og:image:type\" content=\"image\/jpeg\" \/>\n<meta name=\"author\" content=\"admin\" \/>\n<meta name=\"twitter:card\" content=\"summary_large_image\" \/>\n<meta name=\"twitter:label1\" content=\"Written by\" \/>\n\t<meta name=\"twitter:data1\" content=\"admin\" \/>\n\t<meta name=\"twitter:label2\" content=\"Est. reading time\" \/>\n\t<meta name=\"twitter:data2\" content=\"2 minutes\" \/>\n<script type=\"application\/ld+json\" class=\"yoast-schema-graph\">{\"@context\":\"https:\/\/schema.org\",\"@graph\":[{\"@type\":\"Article\",\"@id\":\"https:\/\/www.zerdab.com\/?p=23722#article\",\"isPartOf\":{\"@id\":\"https:\/\/www.zerdab.com\/?p=23722\"},\"author\":{\"name\":\"admin\",\"@id\":\"https:\/\/www.zerdab.com\/#\/schema\/person\/97079b7570c1e89ec0d9e138c3672136\"},\"headline\":\"Z\u0259rdab\u0131n D\u0259li Qu\u015f\u00e7u k\u0259ndinin tarixi il\u0259 ba\u011fl\u0131 maraql\u0131 faktlar\",\"datePublished\":\"2016-10-21T22:08:17+00:00\",\"dateModified\":\"2021-10-13T10:18:56+00:00\",\"mainEntityOfPage\":{\"@id\":\"https:\/\/www.zerdab.com\/?p=23722\"},\"wordCount\":471,\"commentCount\":0,\"image\":{\"@id\":\"https:\/\/www.zerdab.com\/?p=23722#primaryimage\"},\"thumbnailUrl\":\"https:\/\/www.zerdab.com\/wp-content\/uploads\/2016\/11\/azerbaycan-tarixi-xerite.jpg\",\"articleSection\":[\"Z\u018fRDABIN TAR\u0130X\u0130\"],\"inLanguage\":\"az\",\"potentialAction\":[{\"@type\":\"CommentAction\",\"name\":\"Comment\",\"target\":[\"https:\/\/www.zerdab.com\/?p=23722#respond\"]}]},{\"@type\":\"WebPage\",\"@id\":\"https:\/\/www.zerdab.com\/?p=23722\",\"url\":\"https:\/\/www.zerdab.com\/?p=23722\",\"name\":\"Z\u0259rdab\u0131n D\u0259li Qu\u015f\u00e7u k\u0259ndinin tarixi il\u0259 ba\u011fl\u0131 maraql\u0131 faktlar - Z\u0259rdab.com\",\"isPartOf\":{\"@id\":\"https:\/\/www.zerdab.com\/#website\"},\"primaryImageOfPage\":{\"@id\":\"https:\/\/www.zerdab.com\/?p=23722#primaryimage\"},\"image\":{\"@id\":\"https:\/\/www.zerdab.com\/?p=23722#primaryimage\"},\"thumbnailUrl\":\"https:\/\/www.zerdab.com\/wp-content\/uploads\/2016\/11\/azerbaycan-tarixi-xerite.jpg\",\"datePublished\":\"2016-10-21T22:08:17+00:00\",\"dateModified\":\"2021-10-13T10:18:56+00:00\",\"author\":{\"@id\":\"https:\/\/www.zerdab.com\/#\/schema\/person\/97079b7570c1e89ec0d9e138c3672136\"},\"breadcrumb\":{\"@id\":\"https:\/\/www.zerdab.com\/?p=23722#breadcrumb\"},\"inLanguage\":\"az\",\"potentialAction\":[{\"@type\":\"ReadAction\",\"target\":[\"https:\/\/www.zerdab.com\/?p=23722\"]}]},{\"@type\":\"ImageObject\",\"inLanguage\":\"az\",\"@id\":\"https:\/\/www.zerdab.com\/?p=23722#primaryimage\",\"url\":\"https:\/\/www.zerdab.com\/wp-content\/uploads\/2016\/11\/azerbaycan-tarixi-xerite.jpg\",\"contentUrl\":\"https:\/\/www.zerdab.com\/wp-content\/uploads\/2016\/11\/azerbaycan-tarixi-xerite.jpg\",\"width\":892,\"height\":700,\"caption\":\"azerbaycan-tarixi-xerite\"},{\"@type\":\"BreadcrumbList\",\"@id\":\"https:\/\/www.zerdab.com\/?p=23722#breadcrumb\",\"itemListElement\":[{\"@type\":\"ListItem\",\"position\":1,\"name\":\"Home\",\"item\":\"https:\/\/www.zerdab.com\/\"},{\"@type\":\"ListItem\",\"position\":2,\"name\":\"Z\u0259rdab\u0131n D\u0259li Qu\u015f\u00e7u k\u0259ndinin tarixi il\u0259 ba\u011fl\u0131 maraql\u0131 faktlar\"}]},{\"@type\":\"WebSite\",\"@id\":\"https:\/\/www.zerdab.com\/#website\",\"url\":\"https:\/\/www.zerdab.com\/\",\"name\":\"Z\u0259rdab.com\",\"description\":\"\",\"potentialAction\":[{\"@type\":\"SearchAction\",\"target\":{\"@type\":\"EntryPoint\",\"urlTemplate\":\"https:\/\/www.zerdab.com\/?s={search_term_string}\"},\"query-input\":{\"@type\":\"PropertyValueSpecification\",\"valueRequired\":true,\"valueName\":\"search_term_string\"}}],\"inLanguage\":\"az\"},{\"@type\":\"Person\",\"@id\":\"https:\/\/www.zerdab.com\/#\/schema\/person\/97079b7570c1e89ec0d9e138c3672136\",\"name\":\"admin\",\"image\":{\"@type\":\"ImageObject\",\"inLanguage\":\"az\",\"@id\":\"https:\/\/www.zerdab.com\/#\/schema\/person\/image\/\",\"url\":\"https:\/\/secure.gravatar.com\/avatar\/d9c52a9a27c32119cb6679a077fa3e2779e5f822c451cbf01098004361d466ec?s=96&d=mm&r=g\",\"contentUrl\":\"https:\/\/secure.gravatar.com\/avatar\/d9c52a9a27c32119cb6679a077fa3e2779e5f822c451cbf01098004361d466ec?s=96&d=mm&r=g\",\"caption\":\"admin\"},\"url\":\"https:\/\/www.zerdab.com\/?author=1\"}]}<\/script>\n<!-- \/ Yoast SEO plugin. -->","yoast_head_json":{"title":"Z\u0259rdab\u0131n D\u0259li Qu\u015f\u00e7u k\u0259ndinin tarixi il\u0259 ba\u011fl\u0131 maraql\u0131 faktlar - Z\u0259rdab.com","robots":{"index":"index","follow":"follow","max-snippet":"max-snippet:-1","max-image-preview":"max-image-preview:large","max-video-preview":"max-video-preview:-1"},"canonical":"https:\/\/www.zerdab.com\/?p=23722","og_locale":"az_AZ","og_type":"article","og_title":"Z\u0259rdab\u0131n D\u0259li Qu\u015f\u00e7u k\u0259ndinin tarixi il\u0259 ba\u011fl\u0131 maraql\u0131 faktlar - Z\u0259rdab.com","og_description":"Z\u0259rdab\u0131n indiki D\u0259li Qu\u015f\u00e7u (ke\u00e7mi\u015f L\u0259l\u0259 \u018fhm\u0259dli) k\u0259ndinin d\u0259 tarixi \u00e7ox q\u0259dimliy\u0259 s\u00f6yk\u0259nir. L\u0259l\u0259hm\u0259dli s\u00fclal\u0259si q\u0259dim Qu\u015f\u00e7u tayfas\u0131ndan olmaqla, o indiki D\u0259li Qu\u015f\u00e7u (L\u0259l\u0259 \u018fhm\u0259dli), D\u0259kk\u0259oba (M\u0259scidli oba), Qo\u015faoba (V\u0259lixanl\u0131, N\u0259c\u0259fal\u0131l\u0131, Hac\u0131l\u0131, Qarav\u0259lili), Xanm\u0259mm\u0259dli v\u0259 H\u00fcseynxanl\u0131 k\u0259ndl\u0259rini \u0259hat\u0259 etmi\u015fdir. Bu q\u0259dim L\u0259l\u0259hm\u0259dli elinin d\u0259fn olundu\u011fu indiki D\u0259li Qu\u015f\u00e7u k\u0259nd q\u0259biristanl\u0131\u011f\u0131n\u0131n 500 illik tarixi vard\u0131r. Deyil\u0259n\u0259 [&hellip;]","og_url":"https:\/\/www.zerdab.com\/?p=23722","og_site_name":"Z\u0259rdab.com","article_published_time":"2016-10-21T22:08:17+00:00","article_modified_time":"2021-10-13T10:18:56+00:00","og_image":[{"width":892,"height":700,"url":"https:\/\/www.zerdab.com\/wp-content\/uploads\/2016\/11\/azerbaycan-tarixi-xerite.jpg","type":"image\/jpeg"}],"author":"admin","twitter_card":"summary_large_image","twitter_misc":{"Written by":"admin","Est. reading time":"2 minutes"},"schema":{"@context":"https:\/\/schema.org","@graph":[{"@type":"Article","@id":"https:\/\/www.zerdab.com\/?p=23722#article","isPartOf":{"@id":"https:\/\/www.zerdab.com\/?p=23722"},"author":{"name":"admin","@id":"https:\/\/www.zerdab.com\/#\/schema\/person\/97079b7570c1e89ec0d9e138c3672136"},"headline":"Z\u0259rdab\u0131n D\u0259li Qu\u015f\u00e7u k\u0259ndinin tarixi il\u0259 ba\u011fl\u0131 maraql\u0131 faktlar","datePublished":"2016-10-21T22:08:17+00:00","dateModified":"2021-10-13T10:18:56+00:00","mainEntityOfPage":{"@id":"https:\/\/www.zerdab.com\/?p=23722"},"wordCount":471,"commentCount":0,"image":{"@id":"https:\/\/www.zerdab.com\/?p=23722#primaryimage"},"thumbnailUrl":"https:\/\/www.zerdab.com\/wp-content\/uploads\/2016\/11\/azerbaycan-tarixi-xerite.jpg","articleSection":["Z\u018fRDABIN TAR\u0130X\u0130"],"inLanguage":"az","potentialAction":[{"@type":"CommentAction","name":"Comment","target":["https:\/\/www.zerdab.com\/?p=23722#respond"]}]},{"@type":"WebPage","@id":"https:\/\/www.zerdab.com\/?p=23722","url":"https:\/\/www.zerdab.com\/?p=23722","name":"Z\u0259rdab\u0131n D\u0259li Qu\u015f\u00e7u k\u0259ndinin tarixi il\u0259 ba\u011fl\u0131 maraql\u0131 faktlar - Z\u0259rdab.com","isPartOf":{"@id":"https:\/\/www.zerdab.com\/#website"},"primaryImageOfPage":{"@id":"https:\/\/www.zerdab.com\/?p=23722#primaryimage"},"image":{"@id":"https:\/\/www.zerdab.com\/?p=23722#primaryimage"},"thumbnailUrl":"https:\/\/www.zerdab.com\/wp-content\/uploads\/2016\/11\/azerbaycan-tarixi-xerite.jpg","datePublished":"2016-10-21T22:08:17+00:00","dateModified":"2021-10-13T10:18:56+00:00","author":{"@id":"https:\/\/www.zerdab.com\/#\/schema\/person\/97079b7570c1e89ec0d9e138c3672136"},"breadcrumb":{"@id":"https:\/\/www.zerdab.com\/?p=23722#breadcrumb"},"inLanguage":"az","potentialAction":[{"@type":"ReadAction","target":["https:\/\/www.zerdab.com\/?p=23722"]}]},{"@type":"ImageObject","inLanguage":"az","@id":"https:\/\/www.zerdab.com\/?p=23722#primaryimage","url":"https:\/\/www.zerdab.com\/wp-content\/uploads\/2016\/11\/azerbaycan-tarixi-xerite.jpg","contentUrl":"https:\/\/www.zerdab.com\/wp-content\/uploads\/2016\/11\/azerbaycan-tarixi-xerite.jpg","width":892,"height":700,"caption":"azerbaycan-tarixi-xerite"},{"@type":"BreadcrumbList","@id":"https:\/\/www.zerdab.com\/?p=23722#breadcrumb","itemListElement":[{"@type":"ListItem","position":1,"name":"Home","item":"https:\/\/www.zerdab.com\/"},{"@type":"ListItem","position":2,"name":"Z\u0259rdab\u0131n D\u0259li Qu\u015f\u00e7u k\u0259ndinin tarixi il\u0259 ba\u011fl\u0131 maraql\u0131 faktlar"}]},{"@type":"WebSite","@id":"https:\/\/www.zerdab.com\/#website","url":"https:\/\/www.zerdab.com\/","name":"Z\u0259rdab.com","description":"","potentialAction":[{"@type":"SearchAction","target":{"@type":"EntryPoint","urlTemplate":"https:\/\/www.zerdab.com\/?s={search_term_string}"},"query-input":{"@type":"PropertyValueSpecification","valueRequired":true,"valueName":"search_term_string"}}],"inLanguage":"az"},{"@type":"Person","@id":"https:\/\/www.zerdab.com\/#\/schema\/person\/97079b7570c1e89ec0d9e138c3672136","name":"admin","image":{"@type":"ImageObject","inLanguage":"az","@id":"https:\/\/www.zerdab.com\/#\/schema\/person\/image\/","url":"https:\/\/secure.gravatar.com\/avatar\/d9c52a9a27c32119cb6679a077fa3e2779e5f822c451cbf01098004361d466ec?s=96&d=mm&r=g","contentUrl":"https:\/\/secure.gravatar.com\/avatar\/d9c52a9a27c32119cb6679a077fa3e2779e5f822c451cbf01098004361d466ec?s=96&d=mm&r=g","caption":"admin"},"url":"https:\/\/www.zerdab.com\/?author=1"}]}},"_links":{"self":[{"href":"https:\/\/www.zerdab.com\/index.php?rest_route=\/wp\/v2\/posts\/23722","targetHints":{"allow":["GET"]}}],"collection":[{"href":"https:\/\/www.zerdab.com\/index.php?rest_route=\/wp\/v2\/posts"}],"about":[{"href":"https:\/\/www.zerdab.com\/index.php?rest_route=\/wp\/v2\/types\/post"}],"author":[{"embeddable":true,"href":"https:\/\/www.zerdab.com\/index.php?rest_route=\/wp\/v2\/users\/1"}],"replies":[{"embeddable":true,"href":"https:\/\/www.zerdab.com\/index.php?rest_route=%2Fwp%2Fv2%2Fcomments&post=23722"}],"version-history":[{"count":3,"href":"https:\/\/www.zerdab.com\/index.php?rest_route=\/wp\/v2\/posts\/23722\/revisions"}],"predecessor-version":[{"id":29189,"href":"https:\/\/www.zerdab.com\/index.php?rest_route=\/wp\/v2\/posts\/23722\/revisions\/29189"}],"wp:featuredmedia":[{"embeddable":true,"href":"https:\/\/www.zerdab.com\/index.php?rest_route=\/wp\/v2\/media\/29183"}],"wp:attachment":[{"href":"https:\/\/www.zerdab.com\/index.php?rest_route=%2Fwp%2Fv2%2Fmedia&parent=23722"}],"wp:term":[{"taxonomy":"category","embeddable":true,"href":"https:\/\/www.zerdab.com\/index.php?rest_route=%2Fwp%2Fv2%2Fcategories&post=23722"},{"taxonomy":"post_tag","embeddable":true,"href":"https:\/\/www.zerdab.com\/index.php?rest_route=%2Fwp%2Fv2%2Ftags&post=23722"}],"curies":[{"name":"wp","href":"https:\/\/api.w.org\/{rel}","templated":true}]}}