{"id":23727,"date":"2016-10-22T16:18:35","date_gmt":"2016-10-22T12:18:35","guid":{"rendered":"http:\/\/www.zerdab.com\/?p=23727"},"modified":"2016-10-22T16:18:35","modified_gmt":"2016-10-22T12:18:35","slug":"k%c9%99nd-t%c9%99s%c9%99rrufati-nazirliyinin-z%c9%99rdab-rayon-idar%c9%99sinin-binasi-istifad%c9%99y%c9%99-verildi-fotolar","status":"publish","type":"post","link":"https:\/\/www.zerdab.com\/?p=23727","title":{"rendered":"K\u0259nd T\u0259s\u0259rr\u00fcfat\u0131 Nazirliyinin Z\u0259rdab rayon idar\u0259sinin binas\u0131 istifad\u0259y\u0259 verildi &#8211; FOTOLAR"},"content":{"rendered":"<p>Oktyabr\u0131n 21-d\u0259 K\u0259nd T\u0259s\u0259rr\u00fcfat\u0131 Nazirliyinin Z\u0259rdab rayon idar\u0259si \u00fc\u00e7\u00fcn in\u015fa edil\u0259n inzibati binan\u0131n a\u00e7\u0131l\u0131\u015f\u0131 olub.<\/p>\n<p>Zerdab.com sayt\u0131 x\u0259b\u0259r verir ki, binan\u0131n a\u00e7\u0131l\u0131\u015f\u0131nda k\u0259nd t\u0259s\u0259rr\u00fcfat\u0131 naziri Heyd\u0259r \u018fs\u0259dov, rayon icra hakimiyy\u0259tinin ba\u015f\u00e7\u0131s\u0131 L\u00fctv\u0259li Babayev, habel\u0259 \u0259laq\u0259dar qurumlar\u0131n r\u0259hb\u0259rl\u0259ri i\u015ftirak edibl\u0259r.<\/p>\n<p>M\u0259lumat verilib ki, \u00fc\u00e7m\u0259rt\u0259b\u0259li bina \u201cAqrartikinti\u201d MMC-nin A\u011fcab\u0259di filial\u0131 t\u0259r\u0259find\u0259n in\u015fa edilib. Binada baytarl\u0131q \u015f\u00f6b\u0259si, bitki m\u00fchafiz\u0259 m\u0259rk\u0259zi, d\u00f6vl\u0259t texniki n\u0259zar\u0259t m\u00fcf\u0259tti\u015fliyi, toxum m\u00fcf\u0259tti\u015fliyi, regional aqrokimya n\u00fcmay\u0259nd\u0259liyi f\u0259aliyy\u0259t g\u00f6st\u0259r\u0259c\u0259k. Burada y\u00fcks\u0259k i\u015f \u015f\u0259raiti yarad\u0131l\u0131b.<\/p>\n<p>Nazir Heyd\u0259r \u018fs\u0259dov otaqlarda yarad\u0131lan \u015f\u0259raitl\u0259 tan\u0131\u015f olub, m\u00fcvafiq tap\u015f\u0131r\u0131qlar verib.<\/p>\n<p><a href=\"http:\/\/www.zerdab.com\/k%c9%99nd-t%c9%99s%c9%99rrufati-nazirliyinin-z%c9%99rdab-rayon-idar%c9%99sinin-binasi-istifad%c9%99y%c9%99-verildi-fotolar\/k%c9%99nd-t%c9%99s%c9%99rrufati-nazirliyi2\/\" rel=\"attachment wp-att-23729\"><img loading=\"lazy\" decoding=\"async\" class=\"aligncenter size-large wp-image-23729\" src=\"http:\/\/www.zerdab.com\/wp-content\/uploads\/2016\/10\/K\u0259nd-T\u0259s\u0259rr\u00fcfat\u0131-Nazirliyi2-550x421.jpg\" alt=\"K\u0259nd T\u0259s\u0259rr\u00fcfat\u0131 Nazirliyi\" width=\"550\" height=\"421\" \/><\/a><\/p>\n","protected":false},"excerpt":{"rendered":"<p>Oktyabr\u0131n 21-d\u0259 K\u0259nd T\u0259s\u0259rr\u00fcfat\u0131 Nazirliyinin Z\u0259rdab rayon idar\u0259si \u00fc\u00e7\u00fcn in\u015fa edil\u0259n inzibati binan\u0131n a\u00e7\u0131l\u0131\u015f\u0131 olub. Zerdab.com sayt\u0131 x\u0259b\u0259r verir ki, binan\u0131n a\u00e7\u0131l\u0131\u015f\u0131nda k\u0259nd t\u0259s\u0259rr\u00fcfat\u0131 naziri Heyd\u0259r \u018fs\u0259dov, rayon icra hakimiyy\u0259tinin ba\u015f\u00e7\u0131s\u0131 L\u00fctv\u0259li Babayev, habel\u0259 \u0259laq\u0259dar qurumlar\u0131n r\u0259hb\u0259rl\u0259ri i\u015ftirak edibl\u0259r. M\u0259lumat verilib ki, \u00fc\u00e7m\u0259rt\u0259b\u0259li bina \u201cAqrartikinti\u201d MMC-nin A\u011fcab\u0259di filial\u0131 t\u0259r\u0259find\u0259n in\u015fa edilib. Binada baytarl\u0131q \u015f\u00f6b\u0259si, bitki [&hellip;]<\/p>\n","protected":false},"author":1,"featured_media":0,"comment_status":"open","ping_status":"open","sticky":false,"template":"","format":"standard","meta":{"footnotes":""},"categories":[5],"tags":[],"class_list":{"0":"post-23727","1":"post","2":"type-post","3":"status-publish","4":"format-standard","6":"category-knd"},"yoast_head":"<!-- This site is optimized with the Yoast SEO plugin v27.0 - https:\/\/yoast.com\/product\/yoast-seo-wordpress\/ -->\n<title>K\u0259nd T\u0259s\u0259rr\u00fcfat\u0131 Nazirliyinin Z\u0259rdab rayon idar\u0259sinin binas\u0131 istifad\u0259y\u0259 verildi - FOTOLAR - Z\u0259rdab.com<\/title>\n<meta name=\"robots\" content=\"index, follow, max-snippet:-1, max-image-preview:large, max-video-preview:-1\" \/>\n<link rel=\"canonical\" href=\"https:\/\/www.zerdab.com\/?p=23727\" \/>\n<meta property=\"og:locale\" content=\"az_AZ\" \/>\n<meta property=\"og:type\" content=\"article\" \/>\n<meta property=\"og:title\" content=\"K\u0259nd T\u0259s\u0259rr\u00fcfat\u0131 Nazirliyinin Z\u0259rdab rayon idar\u0259sinin binas\u0131 istifad\u0259y\u0259 verildi - FOTOLAR - Z\u0259rdab.com\" \/>\n<meta property=\"og:description\" content=\"Oktyabr\u0131n 21-d\u0259 K\u0259nd T\u0259s\u0259rr\u00fcfat\u0131 Nazirliyinin Z\u0259rdab rayon idar\u0259si \u00fc\u00e7\u00fcn in\u015fa edil\u0259n inzibati binan\u0131n a\u00e7\u0131l\u0131\u015f\u0131 olub. Zerdab.com sayt\u0131 x\u0259b\u0259r verir ki, binan\u0131n a\u00e7\u0131l\u0131\u015f\u0131nda k\u0259nd t\u0259s\u0259rr\u00fcfat\u0131 naziri Heyd\u0259r \u018fs\u0259dov, rayon icra hakimiyy\u0259tinin ba\u015f\u00e7\u0131s\u0131 L\u00fctv\u0259li Babayev, habel\u0259 \u0259laq\u0259dar qurumlar\u0131n r\u0259hb\u0259rl\u0259ri i\u015ftirak edibl\u0259r. M\u0259lumat verilib ki, \u00fc\u00e7m\u0259rt\u0259b\u0259li bina \u201cAqrartikinti\u201d MMC-nin A\u011fcab\u0259di filial\u0131 t\u0259r\u0259find\u0259n in\u015fa edilib. Binada baytarl\u0131q \u015f\u00f6b\u0259si, bitki [&hellip;]\" \/>\n<meta property=\"og:url\" content=\"https:\/\/www.zerdab.com\/?p=23727\" \/>\n<meta property=\"og:site_name\" content=\"Z\u0259rdab.com\" \/>\n<meta property=\"article:published_time\" content=\"2016-10-22T12:18:35+00:00\" \/>\n<meta name=\"author\" content=\"admin\" \/>\n<meta name=\"twitter:card\" content=\"summary_large_image\" \/>\n<meta name=\"twitter:label1\" content=\"Written by\" \/>\n\t<meta name=\"twitter:data1\" content=\"admin\" \/>\n\t<meta name=\"twitter:label2\" content=\"Est. reading time\" \/>\n\t<meta name=\"twitter:data2\" content=\"1 minute\" \/>\n<script type=\"application\/ld+json\" class=\"yoast-schema-graph\">{\"@context\":\"https:\/\/schema.org\",\"@graph\":[{\"@type\":\"Article\",\"@id\":\"https:\/\/www.zerdab.com\/?p=23727#article\",\"isPartOf\":{\"@id\":\"https:\/\/www.zerdab.com\/?p=23727\"},\"author\":{\"name\":\"admin\",\"@id\":\"https:\/\/www.zerdab.com\/#\/schema\/person\/97079b7570c1e89ec0d9e138c3672136\"},\"headline\":\"K\u0259nd T\u0259s\u0259rr\u00fcfat\u0131 Nazirliyinin Z\u0259rdab rayon idar\u0259sinin binas\u0131 istifad\u0259y\u0259 verildi &#8211; FOTOLAR\",\"datePublished\":\"2016-10-22T12:18:35+00:00\",\"mainEntityOfPage\":{\"@id\":\"https:\/\/www.zerdab.com\/?p=23727\"},\"wordCount\":180,\"commentCount\":0,\"articleSection\":[\"X\u018fB\u018fRL\u018fR\"],\"inLanguage\":\"az\",\"potentialAction\":[{\"@type\":\"CommentAction\",\"name\":\"Comment\",\"target\":[\"https:\/\/www.zerdab.com\/?p=23727#respond\"]}]},{\"@type\":\"WebPage\",\"@id\":\"https:\/\/www.zerdab.com\/?p=23727\",\"url\":\"https:\/\/www.zerdab.com\/?p=23727\",\"name\":\"K\u0259nd T\u0259s\u0259rr\u00fcfat\u0131 Nazirliyinin Z\u0259rdab rayon idar\u0259sinin binas\u0131 istifad\u0259y\u0259 verildi - FOTOLAR - Z\u0259rdab.com\",\"isPartOf\":{\"@id\":\"https:\/\/www.zerdab.com\/#website\"},\"datePublished\":\"2016-10-22T12:18:35+00:00\",\"author\":{\"@id\":\"https:\/\/www.zerdab.com\/#\/schema\/person\/97079b7570c1e89ec0d9e138c3672136\"},\"breadcrumb\":{\"@id\":\"https:\/\/www.zerdab.com\/?p=23727#breadcrumb\"},\"inLanguage\":\"az\",\"potentialAction\":[{\"@type\":\"ReadAction\",\"target\":[\"https:\/\/www.zerdab.com\/?p=23727\"]}]},{\"@type\":\"BreadcrumbList\",\"@id\":\"https:\/\/www.zerdab.com\/?p=23727#breadcrumb\",\"itemListElement\":[{\"@type\":\"ListItem\",\"position\":1,\"name\":\"Home\",\"item\":\"https:\/\/www.zerdab.com\/\"},{\"@type\":\"ListItem\",\"position\":2,\"name\":\"K\u0259nd T\u0259s\u0259rr\u00fcfat\u0131 Nazirliyinin Z\u0259rdab rayon idar\u0259sinin binas\u0131 istifad\u0259y\u0259 verildi &#8211; FOTOLAR\"}]},{\"@type\":\"WebSite\",\"@id\":\"https:\/\/www.zerdab.com\/#website\",\"url\":\"https:\/\/www.zerdab.com\/\",\"name\":\"Z\u0259rdab.com\",\"description\":\"\",\"potentialAction\":[{\"@type\":\"SearchAction\",\"target\":{\"@type\":\"EntryPoint\",\"urlTemplate\":\"https:\/\/www.zerdab.com\/?s={search_term_string}\"},\"query-input\":{\"@type\":\"PropertyValueSpecification\",\"valueRequired\":true,\"valueName\":\"search_term_string\"}}],\"inLanguage\":\"az\"},{\"@type\":\"Person\",\"@id\":\"https:\/\/www.zerdab.com\/#\/schema\/person\/97079b7570c1e89ec0d9e138c3672136\",\"name\":\"admin\",\"image\":{\"@type\":\"ImageObject\",\"inLanguage\":\"az\",\"@id\":\"https:\/\/www.zerdab.com\/#\/schema\/person\/image\/\",\"url\":\"https:\/\/secure.gravatar.com\/avatar\/d9c52a9a27c32119cb6679a077fa3e2779e5f822c451cbf01098004361d466ec?s=96&d=mm&r=g\",\"contentUrl\":\"https:\/\/secure.gravatar.com\/avatar\/d9c52a9a27c32119cb6679a077fa3e2779e5f822c451cbf01098004361d466ec?s=96&d=mm&r=g\",\"caption\":\"admin\"},\"url\":\"https:\/\/www.zerdab.com\/?author=1\"}]}<\/script>\n<!-- \/ Yoast SEO plugin. -->","yoast_head_json":{"title":"K\u0259nd T\u0259s\u0259rr\u00fcfat\u0131 Nazirliyinin Z\u0259rdab rayon idar\u0259sinin binas\u0131 istifad\u0259y\u0259 verildi - FOTOLAR - Z\u0259rdab.com","robots":{"index":"index","follow":"follow","max-snippet":"max-snippet:-1","max-image-preview":"max-image-preview:large","max-video-preview":"max-video-preview:-1"},"canonical":"https:\/\/www.zerdab.com\/?p=23727","og_locale":"az_AZ","og_type":"article","og_title":"K\u0259nd T\u0259s\u0259rr\u00fcfat\u0131 Nazirliyinin Z\u0259rdab rayon idar\u0259sinin binas\u0131 istifad\u0259y\u0259 verildi - FOTOLAR - Z\u0259rdab.com","og_description":"Oktyabr\u0131n 21-d\u0259 K\u0259nd T\u0259s\u0259rr\u00fcfat\u0131 Nazirliyinin Z\u0259rdab rayon idar\u0259si \u00fc\u00e7\u00fcn in\u015fa edil\u0259n inzibati binan\u0131n a\u00e7\u0131l\u0131\u015f\u0131 olub. Zerdab.com sayt\u0131 x\u0259b\u0259r verir ki, binan\u0131n a\u00e7\u0131l\u0131\u015f\u0131nda k\u0259nd t\u0259s\u0259rr\u00fcfat\u0131 naziri Heyd\u0259r \u018fs\u0259dov, rayon icra hakimiyy\u0259tinin ba\u015f\u00e7\u0131s\u0131 L\u00fctv\u0259li Babayev, habel\u0259 \u0259laq\u0259dar qurumlar\u0131n r\u0259hb\u0259rl\u0259ri i\u015ftirak edibl\u0259r. M\u0259lumat verilib ki, \u00fc\u00e7m\u0259rt\u0259b\u0259li bina \u201cAqrartikinti\u201d MMC-nin A\u011fcab\u0259di filial\u0131 t\u0259r\u0259find\u0259n in\u015fa edilib. Binada baytarl\u0131q \u015f\u00f6b\u0259si, bitki [&hellip;]","og_url":"https:\/\/www.zerdab.com\/?p=23727","og_site_name":"Z\u0259rdab.com","article_published_time":"2016-10-22T12:18:35+00:00","author":"admin","twitter_card":"summary_large_image","twitter_misc":{"Written by":"admin","Est. reading time":"1 minute"},"schema":{"@context":"https:\/\/schema.org","@graph":[{"@type":"Article","@id":"https:\/\/www.zerdab.com\/?p=23727#article","isPartOf":{"@id":"https:\/\/www.zerdab.com\/?p=23727"},"author":{"name":"admin","@id":"https:\/\/www.zerdab.com\/#\/schema\/person\/97079b7570c1e89ec0d9e138c3672136"},"headline":"K\u0259nd T\u0259s\u0259rr\u00fcfat\u0131 Nazirliyinin Z\u0259rdab rayon idar\u0259sinin binas\u0131 istifad\u0259y\u0259 verildi &#8211; FOTOLAR","datePublished":"2016-10-22T12:18:35+00:00","mainEntityOfPage":{"@id":"https:\/\/www.zerdab.com\/?p=23727"},"wordCount":180,"commentCount":0,"articleSection":["X\u018fB\u018fRL\u018fR"],"inLanguage":"az","potentialAction":[{"@type":"CommentAction","name":"Comment","target":["https:\/\/www.zerdab.com\/?p=23727#respond"]}]},{"@type":"WebPage","@id":"https:\/\/www.zerdab.com\/?p=23727","url":"https:\/\/www.zerdab.com\/?p=23727","name":"K\u0259nd T\u0259s\u0259rr\u00fcfat\u0131 Nazirliyinin Z\u0259rdab rayon idar\u0259sinin binas\u0131 istifad\u0259y\u0259 verildi - FOTOLAR - Z\u0259rdab.com","isPartOf":{"@id":"https:\/\/www.zerdab.com\/#website"},"datePublished":"2016-10-22T12:18:35+00:00","author":{"@id":"https:\/\/www.zerdab.com\/#\/schema\/person\/97079b7570c1e89ec0d9e138c3672136"},"breadcrumb":{"@id":"https:\/\/www.zerdab.com\/?p=23727#breadcrumb"},"inLanguage":"az","potentialAction":[{"@type":"ReadAction","target":["https:\/\/www.zerdab.com\/?p=23727"]}]},{"@type":"BreadcrumbList","@id":"https:\/\/www.zerdab.com\/?p=23727#breadcrumb","itemListElement":[{"@type":"ListItem","position":1,"name":"Home","item":"https:\/\/www.zerdab.com\/"},{"@type":"ListItem","position":2,"name":"K\u0259nd T\u0259s\u0259rr\u00fcfat\u0131 Nazirliyinin Z\u0259rdab rayon idar\u0259sinin binas\u0131 istifad\u0259y\u0259 verildi &#8211; FOTOLAR"}]},{"@type":"WebSite","@id":"https:\/\/www.zerdab.com\/#website","url":"https:\/\/www.zerdab.com\/","name":"Z\u0259rdab.com","description":"","potentialAction":[{"@type":"SearchAction","target":{"@type":"EntryPoint","urlTemplate":"https:\/\/www.zerdab.com\/?s={search_term_string}"},"query-input":{"@type":"PropertyValueSpecification","valueRequired":true,"valueName":"search_term_string"}}],"inLanguage":"az"},{"@type":"Person","@id":"https:\/\/www.zerdab.com\/#\/schema\/person\/97079b7570c1e89ec0d9e138c3672136","name":"admin","image":{"@type":"ImageObject","inLanguage":"az","@id":"https:\/\/www.zerdab.com\/#\/schema\/person\/image\/","url":"https:\/\/secure.gravatar.com\/avatar\/d9c52a9a27c32119cb6679a077fa3e2779e5f822c451cbf01098004361d466ec?s=96&d=mm&r=g","contentUrl":"https:\/\/secure.gravatar.com\/avatar\/d9c52a9a27c32119cb6679a077fa3e2779e5f822c451cbf01098004361d466ec?s=96&d=mm&r=g","caption":"admin"},"url":"https:\/\/www.zerdab.com\/?author=1"}]}},"_links":{"self":[{"href":"https:\/\/www.zerdab.com\/index.php?rest_route=\/wp\/v2\/posts\/23727","targetHints":{"allow":["GET"]}}],"collection":[{"href":"https:\/\/www.zerdab.com\/index.php?rest_route=\/wp\/v2\/posts"}],"about":[{"href":"https:\/\/www.zerdab.com\/index.php?rest_route=\/wp\/v2\/types\/post"}],"author":[{"embeddable":true,"href":"https:\/\/www.zerdab.com\/index.php?rest_route=\/wp\/v2\/users\/1"}],"replies":[{"embeddable":true,"href":"https:\/\/www.zerdab.com\/index.php?rest_route=%2Fwp%2Fv2%2Fcomments&post=23727"}],"version-history":[{"count":2,"href":"https:\/\/www.zerdab.com\/index.php?rest_route=\/wp\/v2\/posts\/23727\/revisions"}],"predecessor-version":[{"id":23731,"href":"https:\/\/www.zerdab.com\/index.php?rest_route=\/wp\/v2\/posts\/23727\/revisions\/23731"}],"wp:attachment":[{"href":"https:\/\/www.zerdab.com\/index.php?rest_route=%2Fwp%2Fv2%2Fmedia&parent=23727"}],"wp:term":[{"taxonomy":"category","embeddable":true,"href":"https:\/\/www.zerdab.com\/index.php?rest_route=%2Fwp%2Fv2%2Fcategories&post=23727"},{"taxonomy":"post_tag","embeddable":true,"href":"https:\/\/www.zerdab.com\/index.php?rest_route=%2Fwp%2Fv2%2Ftags&post=23727"}],"curies":[{"name":"wp","href":"https:\/\/api.w.org\/{rel}","templated":true}]}}