{"id":23837,"date":"2016-11-15T20:58:55","date_gmt":"2016-11-15T16:58:55","guid":{"rendered":"http:\/\/www.zerdab.com\/?p=23837"},"modified":"2016-11-15T21:11:51","modified_gmt":"2016-11-15T17:11:51","slug":"h%c9%99s%c9%99n-b%c9%99y-z%c9%99rdabinin-anadan-olmasinin-174-cu-ildonumu-qeyd-edildi-fotolar","status":"publish","type":"post","link":"https:\/\/www.zerdab.com\/?p=23837","title":{"rendered":"H\u0259s\u0259n b\u0259y Z\u0259rdabinin anadan olmas\u0131n\u0131n 174-c\u00fc ild\u00f6n\u00fcm\u00fc qeyd edildi"},"content":{"rendered":"<p><strong>H\u0259s\u0259n b\u0259y Z\u0259rdabi muzeyind\u0259 Az\u0259rbaycan xalq\u0131n\u0131n dahi o\u011flu H\u0259s\u0259n b\u0259y Z\u0259rdabinin anadan olmas\u0131n\u0131n 174-c\u00fc ild\u00f6n\u00fcm\u00fc qeyd edilib. Bu bar\u0259d\u0259 Zerdab.com sayt\u0131na muzeyd\u0259n m\u0259lumat verilib.<\/strong><\/p>\n<p>T\u0259dbir i\u015ftirak\u00e7\u0131lar\u0131n H\u0259s\u0259n b\u0259y Z\u0259rdabinin abid\u0259si \u00f6n\u00fcn\u0259 g\u00fcl d\u0259st\u0259l\u0259ri qoymas\u0131 il\u0259 ba\u015flay\u0131b.<\/p>\n<p>Muzeyin direktoru V\u0259fa Bayramova milli m\u0259tbuat\u0131m\u0131z\u0131n banisinin h\u0259yat\u0131ndan v\u0259 \u00e7oxsah\u0259li f\u0259aliyy\u0259tind\u0259n, m\u0259nal\u0131 \u00f6m\u00fcr yolundan s\u00f6hb\u0259t a\u00e7\u0131b. Qeyd edib ki, H\u0259s\u0259n b\u0259y Z\u0259rdabi h\u0259r bir az\u0259rbaycanl\u0131n\u0131n f\u0259xridir: \u201cBu dahi \u015f\u0259xsiyy\u0259t Az\u0259rbaycan maarifin\u0259, m\u0259d\u0259niyy\u0259tin\u0259, m\u0259tbuat\u0131na bir g\u00fcn\u0259\u015f kimi do\u011faraq, xalq\u0131m\u0131z\u0131n m\u0259n\u0259vi d\u00fcnyas\u0131n\u0131 nura, ziyaya q\u0259rq edib. H\u0259s\u0259n b\u0259y h\u0259qiqi xalq xadimi, mill\u0259t a\u015fiqi, mill\u0259t f\u0259daisi, mill\u0259t atas\u0131 idi. Z\u0259rdabi h\u0259r il do\u011fum g\u00fcn\u00fcnd\u0259 bizim \u00fc\u00e7\u00fcn sanki yenid\u0259n do\u011fulur. Ya\u015fad\u0131\u011f\u0131m\u0131z h\u0259r yeni g\u00fcn bizl\u0259rl\u0259 onun aras\u0131ndak\u0131 m\u0259saf\u0259ni uzaqla\u015fd\u0131rm\u0131r, \u0259ksin\u0259, biz ona daha \u00e7ox yax\u0131nla\u015f\u0131r v\u0259 onu daha ayd\u0131n d\u0259rk edirik. \u00c7\u00fcnki o, Az\u0259rbaycan xalq\u0131n\u0131n q\u0259lbind\u0259 h\u0259mi\u015f\u0259 ehtiramla ya\u015fayacaq bir ad qoyub getmi\u015fdir\u201d.<\/p>\n<p>Daha sonra muzeyin \u0259m\u0259kda\u015flar\u0131 Tavad Qurbanova \u201cZ\u0259rdabi el\u0259 bir d\u0259ryad\u0131r ki,..\u201d,\u00a0 M\u00fcbariz S\u0259fiyaro\u011flu \u201cZ\u0259rdabi \u00f6mr\u00fc&#8230;\u201d ba\u015fl\u0131ql\u0131 m\u00f6vzularla\u00a0\u00a0 \u00e7\u0131x\u0131\u015f edibl\u0259r.<\/p>\n<p>T\u0259dbird\u0259 \u201c\u018fkin\u00e7i\u201d q\u0259zetinin redaktoru \u0130sam\u0259ddin \u018fhm\u0259dov, m\u0259d\u0259niyy\u0259t i\u015f\u00e7il\u0259rind\u0259n Teyyub X\u0259lilov, \u018flniyy\u0259t \u018fliyev, Elyur\u0259 M\u0259mm\u0259dova, Tarix-Diyar\u015f\u00fcnasl\u0131q muzeyinin direktoru \u015eahnaz Mustafayeva v\u0259 ba\u015fqalar\u0131 \u00e7\u0131x\u0131\u015f ed\u0259r\u0259k, dahi h\u0259myerlimizin \u0259ziz xatir\u0259sin\u0259 bir daha h\u00f6rm\u0259t v\u0259 ehtiramlar\u0131n\u0131 bildiribl\u0259r.<\/p>\n<p>T\u0259dbird\u0259 G\u0259lm\u0259 k\u0259nd orta m\u0259kt\u0259binin 8-ci sinif \u015fagirdl\u0259rinin haz\u0131rlad\u0131\u011f\u0131 \u0259d\u0259bi-b\u0259dii kompozisiya n\u00fcmayi\u015f etdirilib.<\/p>\n<p><strong>Zerdab.com<\/strong><\/p>\n<p><a href=\"http:\/\/www.zerdab.com\/h%c9%99s%c9%99n-b%c9%99y-z%c9%99rdabinin-anadan-olmasinin-174-cu-ildonumu-qeyd-edildi-fotolar\/v%c9%99fa-bayramova8\/\" rel=\"attachment wp-att-23846\"><img loading=\"lazy\" decoding=\"async\" class=\"aligncenter size-large wp-image-23846\" src=\"http:\/\/www.zerdab.com\/wp-content\/uploads\/2016\/11\/V\u0259fa-Bayramova8-550x413.jpg\" alt=\"V\u0259fa Bayramova\" width=\"550\" height=\"413\" \/><\/a><a href=\"http:\/\/www.zerdab.com\/h%c9%99s%c9%99n-b%c9%99y-z%c9%99rdabinin-anadan-olmasinin-174-cu-ildonumu-qeyd-edildi-fotolar\/v%c9%99fa-bayramova6\/\" rel=\"attachment wp-att-23844\"><img loading=\"lazy\" decoding=\"async\" class=\"aligncenter size-large wp-image-23844\" src=\"http:\/\/www.zerdab.com\/wp-content\/uploads\/2016\/11\/V\u0259fa-Bayramova6-550x413.jpg\" alt=\"V\u0259fa Bayramova\" width=\"550\" height=\"413\" \/><\/a><a href=\"http:\/\/www.zerdab.com\/h%c9%99s%c9%99n-b%c9%99y-z%c9%99rdabinin-anadan-olmasinin-174-cu-ildonumu-qeyd-edildi-fotolar\/v%c9%99fa-bayramova-2\/\" rel=\"attachment wp-att-23838\"><img loading=\"lazy\" decoding=\"async\" class=\"aligncenter size-large wp-image-23838\" src=\"http:\/\/www.zerdab.com\/wp-content\/uploads\/2016\/11\/V\u0259fa-Bayramova-550x413.jpg\" alt=\"V\u0259fa Bayramova\" width=\"550\" height=\"413\" \/><\/a><a href=\"http:\/\/www.zerdab.com\/h%c9%99s%c9%99n-b%c9%99y-z%c9%99rdabinin-anadan-olmasinin-174-cu-ildonumu-qeyd-edildi-fotolar\/v%c9%99fa-bayramova3\/\" rel=\"attachment wp-att-23841\"><img loading=\"lazy\" decoding=\"async\" class=\"aligncenter size-large wp-image-23841\" src=\"http:\/\/www.zerdab.com\/wp-content\/uploads\/2016\/11\/V\u0259fa-Bayramova3-550x413.jpg\" alt=\"V\u0259fa Bayramova\" width=\"550\" height=\"413\" \/><\/a> <a href=\"http:\/\/www.zerdab.com\/h%c9%99s%c9%99n-b%c9%99y-z%c9%99rdabinin-anadan-olmasinin-174-cu-ildonumu-qeyd-edildi-fotolar\/v%c9%99fa-bayramova4\/\" rel=\"attachment wp-att-23842\"><img loading=\"lazy\" decoding=\"async\" class=\"aligncenter size-large wp-image-23842\" src=\"http:\/\/www.zerdab.com\/wp-content\/uploads\/2016\/11\/V\u0259fa-Bayramova4-550x413.jpg\" alt=\"V\u0259fa Bayramova\" width=\"550\" height=\"413\" \/><\/a><a href=\"http:\/\/www.zerdab.com\/h%c9%99s%c9%99n-b%c9%99y-z%c9%99rdabinin-anadan-olmasinin-174-cu-ildonumu-qeyd-edildi-fotolar\/v%c9%99fa-bayramova7\/\" rel=\"attachment wp-att-23845\"><br \/>\n<img loading=\"lazy\" decoding=\"async\" class=\"aligncenter size-large wp-image-23845\" src=\"http:\/\/www.zerdab.com\/wp-content\/uploads\/2016\/11\/V\u0259fa-Bayramova7-550x413.jpg\" alt=\"V\u0259fa Bayramova\" width=\"550\" height=\"413\" \/><\/a><a href=\"http:\/\/www.zerdab.com\/h%c9%99s%c9%99n-b%c9%99y-z%c9%99rdabinin-anadan-olmasinin-174-cu-ildonumu-qeyd-edildi-fotolar\/v%c9%99fa-bayramova5\/\" rel=\"attachment wp-att-23843\"><img loading=\"lazy\" decoding=\"async\" class=\"aligncenter size-large wp-image-23843\" src=\"http:\/\/www.zerdab.com\/wp-content\/uploads\/2016\/11\/V\u0259fa-Bayramova5-550x413.jpg\" alt=\"V\u0259fa Bayramova\" width=\"550\" height=\"413\" \/><\/a><a href=\"http:\/\/www.zerdab.com\/h%c9%99s%c9%99n-b%c9%99y-z%c9%99rdabinin-anadan-olmasinin-174-cu-ildonumu-qeyd-edildi-fotolar\/v%c9%99fa-bayramova1-2\/\" rel=\"attachment wp-att-23839\"><img loading=\"lazy\" decoding=\"async\" class=\"aligncenter size-large wp-image-23839\" src=\"http:\/\/www.zerdab.com\/wp-content\/uploads\/2016\/11\/V\u0259fa-Bayramova1-550x413.jpg\" alt=\"V\u0259fa Bayramova\" width=\"550\" height=\"413\" \/><\/a><a href=\"http:\/\/www.zerdab.com\/h%c9%99s%c9%99n-b%c9%99y-z%c9%99rdabinin-anadan-olmasinin-174-cu-ildonumu-qeyd-edildi-fotolar\/v%c9%99fa-bayramova2\/\" rel=\"attachment wp-att-23840\"><img loading=\"lazy\" decoding=\"async\" class=\"aligncenter size-large wp-image-23840\" src=\"http:\/\/www.zerdab.com\/wp-content\/uploads\/2016\/11\/V\u0259fa-Bayramova2-550x413.jpg\" alt=\"V\u0259fa Bayramova\" width=\"550\" height=\"413\" \/><\/a><\/p>\n","protected":false},"excerpt":{"rendered":"<p>H\u0259s\u0259n b\u0259y Z\u0259rdabi muzeyind\u0259 Az\u0259rbaycan xalq\u0131n\u0131n dahi o\u011flu H\u0259s\u0259n b\u0259y Z\u0259rdabinin anadan olmas\u0131n\u0131n 174-c\u00fc ild\u00f6n\u00fcm\u00fc qeyd edilib. Bu bar\u0259d\u0259 Zerdab.com sayt\u0131na muzeyd\u0259n m\u0259lumat verilib. T\u0259dbir i\u015ftirak\u00e7\u0131lar\u0131n H\u0259s\u0259n b\u0259y Z\u0259rdabinin abid\u0259si \u00f6n\u00fcn\u0259 g\u00fcl d\u0259st\u0259l\u0259ri qoymas\u0131 il\u0259 ba\u015flay\u0131b. Muzeyin direktoru V\u0259fa Bayramova milli m\u0259tbuat\u0131m\u0131z\u0131n banisinin h\u0259yat\u0131ndan v\u0259 \u00e7oxsah\u0259li f\u0259aliyy\u0259tind\u0259n, m\u0259nal\u0131 \u00f6m\u00fcr yolundan s\u00f6hb\u0259t a\u00e7\u0131b. Qeyd edib ki, [&hellip;]<\/p>\n","protected":false},"author":1,"featured_media":0,"comment_status":"open","ping_status":"open","sticky":false,"template":"","format":"standard","meta":{"footnotes":""},"categories":[21],"tags":[],"class_list":{"0":"post-23837","1":"post","2":"type-post","3":"status-publish","4":"format-standard","6":"category-zrdab"},"yoast_head":"<!-- This site is optimized with the Yoast SEO plugin v27.0 - https:\/\/yoast.com\/product\/yoast-seo-wordpress\/ -->\n<title>H\u0259s\u0259n b\u0259y Z\u0259rdabinin anadan olmas\u0131n\u0131n 174-c\u00fc ild\u00f6n\u00fcm\u00fc qeyd edildi - Z\u0259rdab.com<\/title>\n<meta name=\"robots\" content=\"index, follow, max-snippet:-1, max-image-preview:large, max-video-preview:-1\" \/>\n<link rel=\"canonical\" href=\"https:\/\/www.zerdab.com\/?p=23837\" \/>\n<meta property=\"og:locale\" content=\"az_AZ\" \/>\n<meta property=\"og:type\" content=\"article\" \/>\n<meta property=\"og:title\" content=\"H\u0259s\u0259n b\u0259y Z\u0259rdabinin anadan olmas\u0131n\u0131n 174-c\u00fc ild\u00f6n\u00fcm\u00fc qeyd edildi - Z\u0259rdab.com\" \/>\n<meta property=\"og:description\" content=\"H\u0259s\u0259n b\u0259y Z\u0259rdabi muzeyind\u0259 Az\u0259rbaycan xalq\u0131n\u0131n dahi o\u011flu H\u0259s\u0259n b\u0259y Z\u0259rdabinin anadan olmas\u0131n\u0131n 174-c\u00fc ild\u00f6n\u00fcm\u00fc qeyd edilib. Bu bar\u0259d\u0259 Zerdab.com sayt\u0131na muzeyd\u0259n m\u0259lumat verilib. T\u0259dbir i\u015ftirak\u00e7\u0131lar\u0131n H\u0259s\u0259n b\u0259y Z\u0259rdabinin abid\u0259si \u00f6n\u00fcn\u0259 g\u00fcl d\u0259st\u0259l\u0259ri qoymas\u0131 il\u0259 ba\u015flay\u0131b. Muzeyin direktoru V\u0259fa Bayramova milli m\u0259tbuat\u0131m\u0131z\u0131n banisinin h\u0259yat\u0131ndan v\u0259 \u00e7oxsah\u0259li f\u0259aliyy\u0259tind\u0259n, m\u0259nal\u0131 \u00f6m\u00fcr yolundan s\u00f6hb\u0259t a\u00e7\u0131b. Qeyd edib ki, [&hellip;]\" \/>\n<meta property=\"og:url\" content=\"https:\/\/www.zerdab.com\/?p=23837\" \/>\n<meta property=\"og:site_name\" content=\"Z\u0259rdab.com\" \/>\n<meta property=\"article:published_time\" content=\"2016-11-15T16:58:55+00:00\" \/>\n<meta property=\"article:modified_time\" content=\"2016-11-15T17:11:51+00:00\" \/>\n<meta name=\"author\" content=\"admin\" \/>\n<meta name=\"twitter:card\" content=\"summary_large_image\" \/>\n<meta name=\"twitter:label1\" content=\"Written by\" \/>\n\t<meta name=\"twitter:data1\" content=\"admin\" \/>\n\t<meta name=\"twitter:label2\" content=\"Est. reading time\" \/>\n\t<meta name=\"twitter:data2\" content=\"2 minutes\" \/>\n<script type=\"application\/ld+json\" class=\"yoast-schema-graph\">{\"@context\":\"https:\/\/schema.org\",\"@graph\":[{\"@type\":\"Article\",\"@id\":\"https:\/\/www.zerdab.com\/?p=23837#article\",\"isPartOf\":{\"@id\":\"https:\/\/www.zerdab.com\/?p=23837\"},\"author\":{\"name\":\"admin\",\"@id\":\"https:\/\/www.zerdab.com\/#\/schema\/person\/97079b7570c1e89ec0d9e138c3672136\"},\"headline\":\"H\u0259s\u0259n b\u0259y Z\u0259rdabinin anadan olmas\u0131n\u0131n 174-c\u00fc ild\u00f6n\u00fcm\u00fc qeyd edildi\",\"datePublished\":\"2016-11-15T16:58:55+00:00\",\"dateModified\":\"2016-11-15T17:11:51+00:00\",\"mainEntityOfPage\":{\"@id\":\"https:\/\/www.zerdab.com\/?p=23837\"},\"wordCount\":386,\"commentCount\":0,\"articleSection\":[\"C\u018fM\u0130YY\u018fT\"],\"inLanguage\":\"az\",\"potentialAction\":[{\"@type\":\"CommentAction\",\"name\":\"Comment\",\"target\":[\"https:\/\/www.zerdab.com\/?p=23837#respond\"]}]},{\"@type\":\"WebPage\",\"@id\":\"https:\/\/www.zerdab.com\/?p=23837\",\"url\":\"https:\/\/www.zerdab.com\/?p=23837\",\"name\":\"H\u0259s\u0259n b\u0259y Z\u0259rdabinin anadan olmas\u0131n\u0131n 174-c\u00fc ild\u00f6n\u00fcm\u00fc qeyd edildi - Z\u0259rdab.com\",\"isPartOf\":{\"@id\":\"https:\/\/www.zerdab.com\/#website\"},\"datePublished\":\"2016-11-15T16:58:55+00:00\",\"dateModified\":\"2016-11-15T17:11:51+00:00\",\"author\":{\"@id\":\"https:\/\/www.zerdab.com\/#\/schema\/person\/97079b7570c1e89ec0d9e138c3672136\"},\"breadcrumb\":{\"@id\":\"https:\/\/www.zerdab.com\/?p=23837#breadcrumb\"},\"inLanguage\":\"az\",\"potentialAction\":[{\"@type\":\"ReadAction\",\"target\":[\"https:\/\/www.zerdab.com\/?p=23837\"]}]},{\"@type\":\"BreadcrumbList\",\"@id\":\"https:\/\/www.zerdab.com\/?p=23837#breadcrumb\",\"itemListElement\":[{\"@type\":\"ListItem\",\"position\":1,\"name\":\"Home\",\"item\":\"https:\/\/www.zerdab.com\/\"},{\"@type\":\"ListItem\",\"position\":2,\"name\":\"H\u0259s\u0259n b\u0259y Z\u0259rdabinin anadan olmas\u0131n\u0131n 174-c\u00fc ild\u00f6n\u00fcm\u00fc qeyd edildi\"}]},{\"@type\":\"WebSite\",\"@id\":\"https:\/\/www.zerdab.com\/#website\",\"url\":\"https:\/\/www.zerdab.com\/\",\"name\":\"Z\u0259rdab.com\",\"description\":\"\",\"potentialAction\":[{\"@type\":\"SearchAction\",\"target\":{\"@type\":\"EntryPoint\",\"urlTemplate\":\"https:\/\/www.zerdab.com\/?s={search_term_string}\"},\"query-input\":{\"@type\":\"PropertyValueSpecification\",\"valueRequired\":true,\"valueName\":\"search_term_string\"}}],\"inLanguage\":\"az\"},{\"@type\":\"Person\",\"@id\":\"https:\/\/www.zerdab.com\/#\/schema\/person\/97079b7570c1e89ec0d9e138c3672136\",\"name\":\"admin\",\"image\":{\"@type\":\"ImageObject\",\"inLanguage\":\"az\",\"@id\":\"https:\/\/www.zerdab.com\/#\/schema\/person\/image\/\",\"url\":\"https:\/\/secure.gravatar.com\/avatar\/d9c52a9a27c32119cb6679a077fa3e2779e5f822c451cbf01098004361d466ec?s=96&d=mm&r=g\",\"contentUrl\":\"https:\/\/secure.gravatar.com\/avatar\/d9c52a9a27c32119cb6679a077fa3e2779e5f822c451cbf01098004361d466ec?s=96&d=mm&r=g\",\"caption\":\"admin\"},\"url\":\"https:\/\/www.zerdab.com\/?author=1\"}]}<\/script>\n<!-- \/ Yoast SEO plugin. -->","yoast_head_json":{"title":"H\u0259s\u0259n b\u0259y Z\u0259rdabinin anadan olmas\u0131n\u0131n 174-c\u00fc ild\u00f6n\u00fcm\u00fc qeyd edildi - Z\u0259rdab.com","robots":{"index":"index","follow":"follow","max-snippet":"max-snippet:-1","max-image-preview":"max-image-preview:large","max-video-preview":"max-video-preview:-1"},"canonical":"https:\/\/www.zerdab.com\/?p=23837","og_locale":"az_AZ","og_type":"article","og_title":"H\u0259s\u0259n b\u0259y Z\u0259rdabinin anadan olmas\u0131n\u0131n 174-c\u00fc ild\u00f6n\u00fcm\u00fc qeyd edildi - Z\u0259rdab.com","og_description":"H\u0259s\u0259n b\u0259y Z\u0259rdabi muzeyind\u0259 Az\u0259rbaycan xalq\u0131n\u0131n dahi o\u011flu H\u0259s\u0259n b\u0259y Z\u0259rdabinin anadan olmas\u0131n\u0131n 174-c\u00fc ild\u00f6n\u00fcm\u00fc qeyd edilib. Bu bar\u0259d\u0259 Zerdab.com sayt\u0131na muzeyd\u0259n m\u0259lumat verilib. T\u0259dbir i\u015ftirak\u00e7\u0131lar\u0131n H\u0259s\u0259n b\u0259y Z\u0259rdabinin abid\u0259si \u00f6n\u00fcn\u0259 g\u00fcl d\u0259st\u0259l\u0259ri qoymas\u0131 il\u0259 ba\u015flay\u0131b. Muzeyin direktoru V\u0259fa Bayramova milli m\u0259tbuat\u0131m\u0131z\u0131n banisinin h\u0259yat\u0131ndan v\u0259 \u00e7oxsah\u0259li f\u0259aliyy\u0259tind\u0259n, m\u0259nal\u0131 \u00f6m\u00fcr yolundan s\u00f6hb\u0259t a\u00e7\u0131b. Qeyd edib ki, [&hellip;]","og_url":"https:\/\/www.zerdab.com\/?p=23837","og_site_name":"Z\u0259rdab.com","article_published_time":"2016-11-15T16:58:55+00:00","article_modified_time":"2016-11-15T17:11:51+00:00","author":"admin","twitter_card":"summary_large_image","twitter_misc":{"Written by":"admin","Est. reading time":"2 minutes"},"schema":{"@context":"https:\/\/schema.org","@graph":[{"@type":"Article","@id":"https:\/\/www.zerdab.com\/?p=23837#article","isPartOf":{"@id":"https:\/\/www.zerdab.com\/?p=23837"},"author":{"name":"admin","@id":"https:\/\/www.zerdab.com\/#\/schema\/person\/97079b7570c1e89ec0d9e138c3672136"},"headline":"H\u0259s\u0259n b\u0259y Z\u0259rdabinin anadan olmas\u0131n\u0131n 174-c\u00fc ild\u00f6n\u00fcm\u00fc qeyd edildi","datePublished":"2016-11-15T16:58:55+00:00","dateModified":"2016-11-15T17:11:51+00:00","mainEntityOfPage":{"@id":"https:\/\/www.zerdab.com\/?p=23837"},"wordCount":386,"commentCount":0,"articleSection":["C\u018fM\u0130YY\u018fT"],"inLanguage":"az","potentialAction":[{"@type":"CommentAction","name":"Comment","target":["https:\/\/www.zerdab.com\/?p=23837#respond"]}]},{"@type":"WebPage","@id":"https:\/\/www.zerdab.com\/?p=23837","url":"https:\/\/www.zerdab.com\/?p=23837","name":"H\u0259s\u0259n b\u0259y Z\u0259rdabinin anadan olmas\u0131n\u0131n 174-c\u00fc ild\u00f6n\u00fcm\u00fc qeyd edildi - Z\u0259rdab.com","isPartOf":{"@id":"https:\/\/www.zerdab.com\/#website"},"datePublished":"2016-11-15T16:58:55+00:00","dateModified":"2016-11-15T17:11:51+00:00","author":{"@id":"https:\/\/www.zerdab.com\/#\/schema\/person\/97079b7570c1e89ec0d9e138c3672136"},"breadcrumb":{"@id":"https:\/\/www.zerdab.com\/?p=23837#breadcrumb"},"inLanguage":"az","potentialAction":[{"@type":"ReadAction","target":["https:\/\/www.zerdab.com\/?p=23837"]}]},{"@type":"BreadcrumbList","@id":"https:\/\/www.zerdab.com\/?p=23837#breadcrumb","itemListElement":[{"@type":"ListItem","position":1,"name":"Home","item":"https:\/\/www.zerdab.com\/"},{"@type":"ListItem","position":2,"name":"H\u0259s\u0259n b\u0259y Z\u0259rdabinin anadan olmas\u0131n\u0131n 174-c\u00fc ild\u00f6n\u00fcm\u00fc qeyd edildi"}]},{"@type":"WebSite","@id":"https:\/\/www.zerdab.com\/#website","url":"https:\/\/www.zerdab.com\/","name":"Z\u0259rdab.com","description":"","potentialAction":[{"@type":"SearchAction","target":{"@type":"EntryPoint","urlTemplate":"https:\/\/www.zerdab.com\/?s={search_term_string}"},"query-input":{"@type":"PropertyValueSpecification","valueRequired":true,"valueName":"search_term_string"}}],"inLanguage":"az"},{"@type":"Person","@id":"https:\/\/www.zerdab.com\/#\/schema\/person\/97079b7570c1e89ec0d9e138c3672136","name":"admin","image":{"@type":"ImageObject","inLanguage":"az","@id":"https:\/\/www.zerdab.com\/#\/schema\/person\/image\/","url":"https:\/\/secure.gravatar.com\/avatar\/d9c52a9a27c32119cb6679a077fa3e2779e5f822c451cbf01098004361d466ec?s=96&d=mm&r=g","contentUrl":"https:\/\/secure.gravatar.com\/avatar\/d9c52a9a27c32119cb6679a077fa3e2779e5f822c451cbf01098004361d466ec?s=96&d=mm&r=g","caption":"admin"},"url":"https:\/\/www.zerdab.com\/?author=1"}]}},"_links":{"self":[{"href":"https:\/\/www.zerdab.com\/index.php?rest_route=\/wp\/v2\/posts\/23837","targetHints":{"allow":["GET"]}}],"collection":[{"href":"https:\/\/www.zerdab.com\/index.php?rest_route=\/wp\/v2\/posts"}],"about":[{"href":"https:\/\/www.zerdab.com\/index.php?rest_route=\/wp\/v2\/types\/post"}],"author":[{"embeddable":true,"href":"https:\/\/www.zerdab.com\/index.php?rest_route=\/wp\/v2\/users\/1"}],"replies":[{"embeddable":true,"href":"https:\/\/www.zerdab.com\/index.php?rest_route=%2Fwp%2Fv2%2Fcomments&post=23837"}],"version-history":[{"count":6,"href":"https:\/\/www.zerdab.com\/index.php?rest_route=\/wp\/v2\/posts\/23837\/revisions"}],"predecessor-version":[{"id":23854,"href":"https:\/\/www.zerdab.com\/index.php?rest_route=\/wp\/v2\/posts\/23837\/revisions\/23854"}],"wp:attachment":[{"href":"https:\/\/www.zerdab.com\/index.php?rest_route=%2Fwp%2Fv2%2Fmedia&parent=23837"}],"wp:term":[{"taxonomy":"category","embeddable":true,"href":"https:\/\/www.zerdab.com\/index.php?rest_route=%2Fwp%2Fv2%2Fcategories&post=23837"},{"taxonomy":"post_tag","embeddable":true,"href":"https:\/\/www.zerdab.com\/index.php?rest_route=%2Fwp%2Fv2%2Ftags&post=23837"}],"curies":[{"name":"wp","href":"https:\/\/api.w.org\/{rel}","templated":true}]}}