{"id":23855,"date":"2016-11-16T12:24:10","date_gmt":"2016-11-16T08:24:10","guid":{"rendered":"http:\/\/www.zerdab.com\/?p=23855"},"modified":"2016-11-16T12:24:10","modified_gmt":"2016-11-16T08:24:10","slug":"z%c9%99rdabda-m%c9%99kt%c9%99b-direktoru-sagirdini-zorlamaqda-ittiham-edilir","status":"publish","type":"post","link":"https:\/\/www.zerdab.com\/?p=23855","title":{"rendered":"Z\u0259rdabda m\u0259kt\u0259b direktoru \u015fagirdini zorlamaqda ittiham edilir"},"content":{"rendered":"<p>Z\u0259rdab rayonu \u015eahh\u00fcseynli k\u0259nd orta m\u0259kt\u0259binin direktoru Ceyhun Tofiqli saxlan\u0131l\u0131b. Zerdab.com-un Avropa.info-ya istinad\u0259n m\u0259lumat\u0131na g\u00f6r\u0259, m\u0259kt\u0259b direktoru r\u0259hb\u0259rlik etdiyi orta m\u0259kt\u0259bd\u0259 \u015fagirdl\u0259r\u0259dn birini zorlamaqda ittiham olunur. Onun haqq\u0131nda \u015fagirdin valideynl\u0259rinin polis\u0259 \u015fikay\u0259t etdiyi v\u0259 d\u00fcn\u0259n polis t\u0259r\u0259find\u0259n saxlan\u0131ld\u0131\u011f\u0131 qeyd edilir. Haz\u0131rda Ceyhun Toqifli haqq\u0131nda cinay\u0259t i\u015fi ba\u015flad\u0131l\u0131b v\u0259 i\u015f Z\u0259rdab Rayon Prokurorlu\u011fu t\u0259r\u0259find\u0259n ara\u015fd\u0131r\u0131l\u0131r. Z\u0259rdab rayon polis \u015f\u00f6b\u0259si fakt\u0131 t\u0259sdiql\u0259yib. \u015e\u00f6b\u0259d\u0259n bildirilib ki, cinay\u0259t i\u015fi ara\u015fd\u0131r\u0131lmaq \u00fc\u00e7\u00fcn Z\u0259rdab rayon prokurorlu\u011funa g\u00f6nd\u0259rilib.<\/p>\n<p>Z\u0259rdab rayonu \u015eahh\u00fcseynli k\u0259nd orta m\u0259kt\u0259binin direktoru Ceyhun Tofiqli bar\u0259sind\u0259 ir\u0259li s\u00fcr\u00fcl\u0259n zorlama ittiham\u0131na ail\u0259si reaksiya verib.<\/p>\n<p>Zerdab.com x\u0259b\u0259r verir ki, Ceyhun Tofiqlinin anas\u0131 M\u0259hluq\u0259 Tofiqli \u00d6lk\u0259.Az-a a\u00e7\u0131qlamas\u0131nda o\u011flunun d\u00fcn\u0259n s\u0259h\u0259r saat 6-da h\u00fcquq-m\u00fchafiz\u0259 orqan\u0131 \u0259m\u0259kda\u015flar\u0131 t\u0259r\u0259find\u0259n ya\u015fad\u0131\u011f\u0131 evd\u0259 saxlan\u0131ld\u0131\u011f\u0131n\u0131 bildirib:<\/p>\n<p>&#8220;H\u0259l\u0259 direktor kimi t\u0259sdiql\u0259nm\u0259mi\u015fdi, v\u0259zif\u0259sini icra edirdi. Orada zorlama m\u0259s\u0259l\u0259si yoxdur. Ekspertiza da bildirib ki, zorlama olmay\u0131b. O q\u0131z on birinci sinifd\u0259 oxuyur. Niy\u0259 bel\u0259 etdikl\u0259rini soru\u015fmaq ist\u0259yirik, bizi yax\u0131na buraxm\u0131rlar. Halbuki o ail\u0259yl\u0259 get-g\u0259limiz var. O\u011flum ail\u0259lidir, iki \u00f6vlad atas\u0131d\u0131r. Onun bel\u0259 etdiyin\u0259 inanmaq ist\u0259mir\u0259m. Ekspertizan\u0131n r\u0259yind\u0259 d\u0259 g\u00f6st\u0259rilir ki, bel\u0259 bir \u015fey yoxdur&#8221;.<\/p>\n<p>Xat\u0131rladaq ki, Ceyhun Toqifli haqq\u0131nda cinay\u0259t i\u015fi ba\u015flad\u0131l\u0131b v\u0259 i\u015f Z\u0259rdab Rayon Prokurorlu\u011fu t\u0259r\u0259find\u0259n ara\u015fd\u0131r\u0131l\u0131r. O, direktoru oldu\u011fu m\u0259kt\u0259bin \u015fagirdl\u0259rind\u0259n birini zorlamaqda ittiham edilir.<\/p>\n<p>&nbsp;<\/p>\n","protected":false},"excerpt":{"rendered":"<p>Z\u0259rdab rayonu \u015eahh\u00fcseynli k\u0259nd orta m\u0259kt\u0259binin direktoru Ceyhun Tofiqli saxlan\u0131l\u0131b. Zerdab.com-un Avropa.info-ya istinad\u0259n m\u0259lumat\u0131na g\u00f6r\u0259, m\u0259kt\u0259b direktoru r\u0259hb\u0259rlik etdiyi orta m\u0259kt\u0259bd\u0259 \u015fagirdl\u0259r\u0259dn birini zorlamaqda ittiham olunur. Onun haqq\u0131nda \u015fagirdin valideynl\u0259rinin polis\u0259 \u015fikay\u0259t etdiyi v\u0259 d\u00fcn\u0259n polis t\u0259r\u0259find\u0259n saxlan\u0131ld\u0131\u011f\u0131 qeyd edilir. Haz\u0131rda Ceyhun Toqifli haqq\u0131nda cinay\u0259t i\u015fi ba\u015flad\u0131l\u0131b v\u0259 i\u015f Z\u0259rdab Rayon Prokurorlu\u011fu t\u0259r\u0259find\u0259n ara\u015fd\u0131r\u0131l\u0131r. Z\u0259rdab [&hellip;]<\/p>\n","protected":false},"author":1,"featured_media":0,"comment_status":"open","ping_status":"open","sticky":false,"template":"","format":"standard","meta":{"footnotes":""},"categories":[21],"tags":[],"class_list":{"0":"post-23855","1":"post","2":"type-post","3":"status-publish","4":"format-standard","6":"category-zrdab"},"yoast_head":"<!-- This site is optimized with the Yoast SEO plugin v27.0 - https:\/\/yoast.com\/product\/yoast-seo-wordpress\/ -->\n<title>Z\u0259rdabda m\u0259kt\u0259b direktoru \u015fagirdini zorlamaqda ittiham edilir - Z\u0259rdab.com<\/title>\n<meta name=\"robots\" content=\"index, follow, max-snippet:-1, max-image-preview:large, max-video-preview:-1\" \/>\n<link rel=\"canonical\" href=\"https:\/\/www.zerdab.com\/?p=23855\" \/>\n<meta property=\"og:locale\" content=\"az_AZ\" \/>\n<meta property=\"og:type\" content=\"article\" \/>\n<meta property=\"og:title\" content=\"Z\u0259rdabda m\u0259kt\u0259b direktoru \u015fagirdini zorlamaqda ittiham edilir - Z\u0259rdab.com\" \/>\n<meta property=\"og:description\" content=\"Z\u0259rdab rayonu \u015eahh\u00fcseynli k\u0259nd orta m\u0259kt\u0259binin direktoru Ceyhun Tofiqli saxlan\u0131l\u0131b. Zerdab.com-un Avropa.info-ya istinad\u0259n m\u0259lumat\u0131na g\u00f6r\u0259, m\u0259kt\u0259b direktoru r\u0259hb\u0259rlik etdiyi orta m\u0259kt\u0259bd\u0259 \u015fagirdl\u0259r\u0259dn birini zorlamaqda ittiham olunur. Onun haqq\u0131nda \u015fagirdin valideynl\u0259rinin polis\u0259 \u015fikay\u0259t etdiyi v\u0259 d\u00fcn\u0259n polis t\u0259r\u0259find\u0259n saxlan\u0131ld\u0131\u011f\u0131 qeyd edilir. Haz\u0131rda Ceyhun Toqifli haqq\u0131nda cinay\u0259t i\u015fi ba\u015flad\u0131l\u0131b v\u0259 i\u015f Z\u0259rdab Rayon Prokurorlu\u011fu t\u0259r\u0259find\u0259n ara\u015fd\u0131r\u0131l\u0131r. Z\u0259rdab [&hellip;]\" \/>\n<meta property=\"og:url\" content=\"https:\/\/www.zerdab.com\/?p=23855\" \/>\n<meta property=\"og:site_name\" content=\"Z\u0259rdab.com\" \/>\n<meta property=\"article:published_time\" content=\"2016-11-16T08:24:10+00:00\" \/>\n<meta name=\"author\" content=\"admin\" \/>\n<meta name=\"twitter:card\" content=\"summary_large_image\" \/>\n<meta name=\"twitter:label1\" content=\"Written by\" \/>\n\t<meta name=\"twitter:data1\" content=\"admin\" \/>\n\t<meta name=\"twitter:label2\" content=\"Est. reading time\" \/>\n\t<meta name=\"twitter:data2\" content=\"2 minutes\" \/>\n<script type=\"application\/ld+json\" class=\"yoast-schema-graph\">{\"@context\":\"https:\/\/schema.org\",\"@graph\":[{\"@type\":\"Article\",\"@id\":\"https:\/\/www.zerdab.com\/?p=23855#article\",\"isPartOf\":{\"@id\":\"https:\/\/www.zerdab.com\/?p=23855\"},\"author\":{\"name\":\"admin\",\"@id\":\"https:\/\/www.zerdab.com\/#\/schema\/person\/97079b7570c1e89ec0d9e138c3672136\"},\"headline\":\"Z\u0259rdabda m\u0259kt\u0259b direktoru \u015fagirdini zorlamaqda ittiham edilir\",\"datePublished\":\"2016-11-16T08:24:10+00:00\",\"mainEntityOfPage\":{\"@id\":\"https:\/\/www.zerdab.com\/?p=23855\"},\"wordCount\":347,\"commentCount\":0,\"articleSection\":[\"C\u018fM\u0130YY\u018fT\"],\"inLanguage\":\"az\",\"potentialAction\":[{\"@type\":\"CommentAction\",\"name\":\"Comment\",\"target\":[\"https:\/\/www.zerdab.com\/?p=23855#respond\"]}]},{\"@type\":\"WebPage\",\"@id\":\"https:\/\/www.zerdab.com\/?p=23855\",\"url\":\"https:\/\/www.zerdab.com\/?p=23855\",\"name\":\"Z\u0259rdabda m\u0259kt\u0259b direktoru \u015fagirdini zorlamaqda ittiham edilir - Z\u0259rdab.com\",\"isPartOf\":{\"@id\":\"https:\/\/www.zerdab.com\/#website\"},\"datePublished\":\"2016-11-16T08:24:10+00:00\",\"author\":{\"@id\":\"https:\/\/www.zerdab.com\/#\/schema\/person\/97079b7570c1e89ec0d9e138c3672136\"},\"breadcrumb\":{\"@id\":\"https:\/\/www.zerdab.com\/?p=23855#breadcrumb\"},\"inLanguage\":\"az\",\"potentialAction\":[{\"@type\":\"ReadAction\",\"target\":[\"https:\/\/www.zerdab.com\/?p=23855\"]}]},{\"@type\":\"BreadcrumbList\",\"@id\":\"https:\/\/www.zerdab.com\/?p=23855#breadcrumb\",\"itemListElement\":[{\"@type\":\"ListItem\",\"position\":1,\"name\":\"Home\",\"item\":\"https:\/\/www.zerdab.com\/\"},{\"@type\":\"ListItem\",\"position\":2,\"name\":\"Z\u0259rdabda m\u0259kt\u0259b direktoru \u015fagirdini zorlamaqda ittiham edilir\"}]},{\"@type\":\"WebSite\",\"@id\":\"https:\/\/www.zerdab.com\/#website\",\"url\":\"https:\/\/www.zerdab.com\/\",\"name\":\"Z\u0259rdab.com\",\"description\":\"\",\"potentialAction\":[{\"@type\":\"SearchAction\",\"target\":{\"@type\":\"EntryPoint\",\"urlTemplate\":\"https:\/\/www.zerdab.com\/?s={search_term_string}\"},\"query-input\":{\"@type\":\"PropertyValueSpecification\",\"valueRequired\":true,\"valueName\":\"search_term_string\"}}],\"inLanguage\":\"az\"},{\"@type\":\"Person\",\"@id\":\"https:\/\/www.zerdab.com\/#\/schema\/person\/97079b7570c1e89ec0d9e138c3672136\",\"name\":\"admin\",\"image\":{\"@type\":\"ImageObject\",\"inLanguage\":\"az\",\"@id\":\"https:\/\/www.zerdab.com\/#\/schema\/person\/image\/\",\"url\":\"https:\/\/secure.gravatar.com\/avatar\/d9c52a9a27c32119cb6679a077fa3e2779e5f822c451cbf01098004361d466ec?s=96&d=mm&r=g\",\"contentUrl\":\"https:\/\/secure.gravatar.com\/avatar\/d9c52a9a27c32119cb6679a077fa3e2779e5f822c451cbf01098004361d466ec?s=96&d=mm&r=g\",\"caption\":\"admin\"},\"url\":\"https:\/\/www.zerdab.com\/?author=1\"}]}<\/script>\n<!-- \/ Yoast SEO plugin. -->","yoast_head_json":{"title":"Z\u0259rdabda m\u0259kt\u0259b direktoru \u015fagirdini zorlamaqda ittiham edilir - Z\u0259rdab.com","robots":{"index":"index","follow":"follow","max-snippet":"max-snippet:-1","max-image-preview":"max-image-preview:large","max-video-preview":"max-video-preview:-1"},"canonical":"https:\/\/www.zerdab.com\/?p=23855","og_locale":"az_AZ","og_type":"article","og_title":"Z\u0259rdabda m\u0259kt\u0259b direktoru \u015fagirdini zorlamaqda ittiham edilir - Z\u0259rdab.com","og_description":"Z\u0259rdab rayonu \u015eahh\u00fcseynli k\u0259nd orta m\u0259kt\u0259binin direktoru Ceyhun Tofiqli saxlan\u0131l\u0131b. Zerdab.com-un Avropa.info-ya istinad\u0259n m\u0259lumat\u0131na g\u00f6r\u0259, m\u0259kt\u0259b direktoru r\u0259hb\u0259rlik etdiyi orta m\u0259kt\u0259bd\u0259 \u015fagirdl\u0259r\u0259dn birini zorlamaqda ittiham olunur. Onun haqq\u0131nda \u015fagirdin valideynl\u0259rinin polis\u0259 \u015fikay\u0259t etdiyi v\u0259 d\u00fcn\u0259n polis t\u0259r\u0259find\u0259n saxlan\u0131ld\u0131\u011f\u0131 qeyd edilir. Haz\u0131rda Ceyhun Toqifli haqq\u0131nda cinay\u0259t i\u015fi ba\u015flad\u0131l\u0131b v\u0259 i\u015f Z\u0259rdab Rayon Prokurorlu\u011fu t\u0259r\u0259find\u0259n ara\u015fd\u0131r\u0131l\u0131r. Z\u0259rdab [&hellip;]","og_url":"https:\/\/www.zerdab.com\/?p=23855","og_site_name":"Z\u0259rdab.com","article_published_time":"2016-11-16T08:24:10+00:00","author":"admin","twitter_card":"summary_large_image","twitter_misc":{"Written by":"admin","Est. reading time":"2 minutes"},"schema":{"@context":"https:\/\/schema.org","@graph":[{"@type":"Article","@id":"https:\/\/www.zerdab.com\/?p=23855#article","isPartOf":{"@id":"https:\/\/www.zerdab.com\/?p=23855"},"author":{"name":"admin","@id":"https:\/\/www.zerdab.com\/#\/schema\/person\/97079b7570c1e89ec0d9e138c3672136"},"headline":"Z\u0259rdabda m\u0259kt\u0259b direktoru \u015fagirdini zorlamaqda ittiham edilir","datePublished":"2016-11-16T08:24:10+00:00","mainEntityOfPage":{"@id":"https:\/\/www.zerdab.com\/?p=23855"},"wordCount":347,"commentCount":0,"articleSection":["C\u018fM\u0130YY\u018fT"],"inLanguage":"az","potentialAction":[{"@type":"CommentAction","name":"Comment","target":["https:\/\/www.zerdab.com\/?p=23855#respond"]}]},{"@type":"WebPage","@id":"https:\/\/www.zerdab.com\/?p=23855","url":"https:\/\/www.zerdab.com\/?p=23855","name":"Z\u0259rdabda m\u0259kt\u0259b direktoru \u015fagirdini zorlamaqda ittiham edilir - Z\u0259rdab.com","isPartOf":{"@id":"https:\/\/www.zerdab.com\/#website"},"datePublished":"2016-11-16T08:24:10+00:00","author":{"@id":"https:\/\/www.zerdab.com\/#\/schema\/person\/97079b7570c1e89ec0d9e138c3672136"},"breadcrumb":{"@id":"https:\/\/www.zerdab.com\/?p=23855#breadcrumb"},"inLanguage":"az","potentialAction":[{"@type":"ReadAction","target":["https:\/\/www.zerdab.com\/?p=23855"]}]},{"@type":"BreadcrumbList","@id":"https:\/\/www.zerdab.com\/?p=23855#breadcrumb","itemListElement":[{"@type":"ListItem","position":1,"name":"Home","item":"https:\/\/www.zerdab.com\/"},{"@type":"ListItem","position":2,"name":"Z\u0259rdabda m\u0259kt\u0259b direktoru \u015fagirdini zorlamaqda ittiham edilir"}]},{"@type":"WebSite","@id":"https:\/\/www.zerdab.com\/#website","url":"https:\/\/www.zerdab.com\/","name":"Z\u0259rdab.com","description":"","potentialAction":[{"@type":"SearchAction","target":{"@type":"EntryPoint","urlTemplate":"https:\/\/www.zerdab.com\/?s={search_term_string}"},"query-input":{"@type":"PropertyValueSpecification","valueRequired":true,"valueName":"search_term_string"}}],"inLanguage":"az"},{"@type":"Person","@id":"https:\/\/www.zerdab.com\/#\/schema\/person\/97079b7570c1e89ec0d9e138c3672136","name":"admin","image":{"@type":"ImageObject","inLanguage":"az","@id":"https:\/\/www.zerdab.com\/#\/schema\/person\/image\/","url":"https:\/\/secure.gravatar.com\/avatar\/d9c52a9a27c32119cb6679a077fa3e2779e5f822c451cbf01098004361d466ec?s=96&d=mm&r=g","contentUrl":"https:\/\/secure.gravatar.com\/avatar\/d9c52a9a27c32119cb6679a077fa3e2779e5f822c451cbf01098004361d466ec?s=96&d=mm&r=g","caption":"admin"},"url":"https:\/\/www.zerdab.com\/?author=1"}]}},"_links":{"self":[{"href":"https:\/\/www.zerdab.com\/index.php?rest_route=\/wp\/v2\/posts\/23855","targetHints":{"allow":["GET"]}}],"collection":[{"href":"https:\/\/www.zerdab.com\/index.php?rest_route=\/wp\/v2\/posts"}],"about":[{"href":"https:\/\/www.zerdab.com\/index.php?rest_route=\/wp\/v2\/types\/post"}],"author":[{"embeddable":true,"href":"https:\/\/www.zerdab.com\/index.php?rest_route=\/wp\/v2\/users\/1"}],"replies":[{"embeddable":true,"href":"https:\/\/www.zerdab.com\/index.php?rest_route=%2Fwp%2Fv2%2Fcomments&post=23855"}],"version-history":[{"count":1,"href":"https:\/\/www.zerdab.com\/index.php?rest_route=\/wp\/v2\/posts\/23855\/revisions"}],"predecessor-version":[{"id":23857,"href":"https:\/\/www.zerdab.com\/index.php?rest_route=\/wp\/v2\/posts\/23855\/revisions\/23857"}],"wp:attachment":[{"href":"https:\/\/www.zerdab.com\/index.php?rest_route=%2Fwp%2Fv2%2Fmedia&parent=23855"}],"wp:term":[{"taxonomy":"category","embeddable":true,"href":"https:\/\/www.zerdab.com\/index.php?rest_route=%2Fwp%2Fv2%2Fcategories&post=23855"},{"taxonomy":"post_tag","embeddable":true,"href":"https:\/\/www.zerdab.com\/index.php?rest_route=%2Fwp%2Fv2%2Ftags&post=23855"}],"curies":[{"name":"wp","href":"https:\/\/api.w.org\/{rel}","templated":true}]}}