{"id":23891,"date":"2016-12-02T17:52:13","date_gmt":"2016-12-02T13:52:13","guid":{"rendered":"http:\/\/www.zerdab.com\/?p=23891"},"modified":"2016-12-02T21:37:50","modified_gmt":"2016-12-02T17:37:50","slug":"prezident-ilham-%c9%99liyev-z%c9%99rdaba-s%c9%99f%c9%99r-edib","status":"publish","type":"post","link":"https:\/\/www.zerdab.com\/?p=23891","title":{"rendered":"Prezident \u0130lham \u018fliyev Z\u0259rdaba s\u0259f\u0259r edib"},"content":{"rendered":"<p>Prezident\u00a0\u0130lham \u018fliyev v\u0259 xan\u0131m\u0131 Mehriban \u018fliyeva dekabr\u0131n 2-d\u0259 Z\u0259rdab rayonuna s\u0259f\u0259r\u0259 g\u0259libl\u0259r.<\/p>\n<p>D\u00f6vl\u0259t\u00a0ba\u015f\u00e7\u0131s\u0131 v\u0259 xan\u0131m\u0131 xalq\u0131m\u0131z\u0131n \u00fcmummilli lideri Heyd\u0259r \u018fliyevin Z\u0259rdab \u015f\u0259h\u0259rinin m\u0259rk\u0259zi meydan\u0131ndak\u0131 abid\u0259si \u00f6n\u00fcn\u0259 g\u00fcl d\u0259st\u0259si qoydular.<\/p>\n<p>Z\u0259rdab Rayon \u0130cra Hakimiyy\u0259tinin ba\u015f\u00e7\u0131s\u0131 L\u00fctv\u0259li Babayev Prezident \u0130lham \u018fliyev\u0259 son ill\u0259rd\u0259 rayonda g\u00f6r\u00fcl\u0259n i\u015fl\u0259r, h\u0259yata ke\u00e7iril\u0259n layih\u0259l\u0259r bar\u0259d\u0259 m\u0259lumat verdi.<\/p>\n<p>Prezident\u00a0\u0130lham \u018fliyev v\u0259 xan\u0131m\u0131 Mehriban \u018fliyeva Z\u0259rdab Rayon M\u0259rk\u0259zi X\u0259st\u0259xanas\u0131n\u0131n \u0259sasl\u0131 t\u0259mird\u0259n sonra istifad\u0259y\u0259 veril\u0259n yeni binas\u0131nda yarad\u0131lan \u015f\u0259raitl\u0259 tan\u0131\u015f olublar.<\/p>\n<p>Z\u0259rdab Rayon M\u0259rk\u0259zi X\u0259st\u0259xanas\u0131n\u0131n binas\u0131 1988-ci ild\u0259 in\u015fa edilib. Uzun m\u00fcdd\u0259t bax\u0131ms\u0131z v\u0259ziyy\u0259td\u0259 qalan binada 2013-c\u00fc ild\u0259 \u0259sasl\u0131 t\u0259mir i\u015fl\u0259rin\u0259 ba\u015flan\u0131b. G\u00f6r\u00fcl\u0259n i\u015fl\u0259r n\u0259tic\u0259sind\u0259 x\u0259st\u0259xanan\u0131n binas\u0131 m\u00fcasir g\u00f6rk\u0259m al\u0131b, z\u0259ruri avadanl\u0131qla t\u0259chiz olunub.<\/p>\n<p>S\u0259hiyy\u0259 naziri Oqtay \u015eir\u0259liyev d\u00f6vl\u0259timizin ba\u015f\u00e7\u0131s\u0131na v\u0259 xan\u0131m\u0131na m\u0259lumat verdi ki, x\u0259st\u0259xana \u0259sasl\u0131 t\u0259mir v\u0259 yenid\u0259nqurmadan sonra 125 \u00e7arpay\u0131l\u0131q tibb m\u00fc\u0259ssis\u0259si kimi f\u0259aliyy\u0259t g\u00f6st\u0259r\u0259c\u0259k. Haz\u0131rda x\u0259st\u0259xanada 530 i\u015f\u00e7i \u00e7al\u0131\u015f\u0131r ki, onlardan 57-si h\u0259kim, qalanlar\u0131 is\u0259 orta tibb i\u015f\u00e7il\u0259ridir.<\/p>\n<p>\u0130ki korpusdan v\u0259 doqquz yard\u0131m\u00e7\u0131 binadan ibar\u0259t olan x\u0259st\u0259xanan\u0131n \u0259sas korpusunda c\u0259rrahiyy\u0259, ginekologiya, do\u011fum, terapiya, dializ, \u015f\u00fca-diaqnostika, intensiv terapiya, poliklinika v\u0259 dig\u0259r \u015f\u00f6b\u0259l\u0259r f\u0259aliyy\u0259t g\u00f6st\u0259r\u0259c\u0259k. Dig\u0259r korpusda is\u0259 yoluxucu x\u0259st\u0259likl\u0259r b\u00f6lm\u0259si f\u0259aliyy\u0259t g\u00f6st\u0259r\u0259c\u0259k.<\/p>\n<p>M\u00fcasir tibbi avadanl\u0131q v\u0259 l\u0259vazimatlarla t\u0259min olunan Z\u0259rdab Rayon M\u0259rk\u0259zi X\u0259st\u0259xanas\u0131nda \u0259traf rayonlardan g\u0259l\u0259nl\u0259r\u0259 d\u0259 tibbi xidm\u0259t g\u00f6st\u0259ril\u0259c\u0259k. X\u0259st\u0259xanan\u0131n laboratoriyas\u0131 analizl\u0259rin d\u0259qiq apar\u0131lmas\u0131 \u00fc\u00e7\u00fcn z\u0259ruri avadanl\u0131qla t\u0259chiz edilib.<\/p>\n<p>X\u0259st\u0259xanan\u0131n m\u00fcasir reanimasyon v\u0259 kardioloji avadanl\u0131\u011f\u0131, h\u0259m\u00e7inin \u0259m\u0259liyyatxana \u00fc\u00e7\u00fcn s\u0259yyar rentgen aparat\u0131 v\u0259t\u0259nda\u015flara y\u00fcks\u0259k s\u0259viyy\u0259d\u0259 tibbi xidm\u0259t g\u00f6st\u0259rm\u0259y\u0259 imkan verir. B\u00fct\u00fcn bunlar bir daha g\u00f6st\u0259rir ki, m\u00fcasir Az\u0259rbaycan\u0131 modern texnologiyalar\u0131n t\u0259tbiq olundu\u011fu m\u0259kana \u00e7evirm\u0259k m\u0259qs\u0259dini qar\u015f\u0131ya qoyan Prezident \u0130lham \u018fliyevin diqq\u0259t v\u0259 qay\u011f\u0131s\u0131 say\u0259sind\u0259 \u00f6lk\u0259mizd\u0259 yenid\u0259n qurulan s\u0259hiyy\u0259 m\u00fc\u0259ssis\u0259l\u0259ri regionlarda ilk d\u0259f\u0259 a\u00e7\u0131q \u00fcr\u0259k \u0259m\u0259liyyat\u0131 v\u0259 qaraciy\u0259rin k\u00f6\u00e7\u00fcr\u00fclm\u0259si kimi m\u00fch\u00fcm nailiyy\u0259tl\u0259r\u0259 imza at\u0131b. \u00d6t\u0259n ill\u0259r \u0259rzind\u0259 regionlarda y\u00fczl\u0259rl\u0259 tibb oca\u011f\u0131n\u0131n, m\u00fcalic\u0259-diaqnostika m\u0259rk\u0259zinin in\u015fas\u0131 v\u0259 ya yenid\u0259n qurulmas\u0131 s\u0259hiyy\u0259 sisteminin k\u00f6kl\u00fc \u015f\u0259kild\u0259 inki\u015faf\u0131ndan x\u0259b\u0259r verir.<\/p>\n<p>Z\u0259rdab Rayon M\u0259rk\u0259zi X\u0259st\u0259xanas\u0131nda yarad\u0131lan \u015f\u0259raitl\u0259 tan\u0131\u015fl\u0131qdan sonra d\u00f6vl\u0259timizin ba\u015f\u00e7\u0131s\u0131 v\u0259 xan\u0131m\u0131 tibb oca\u011f\u0131n\u0131n kollektivi v\u0259 rayon ictimaiyy\u0259tinin n\u00fcmay\u0259nd\u0259l\u0259ri il\u0259 g\u00f6r\u00fc\u015fd\u00fcl\u0259r.<\/p>\n<p>X\u0259st\u0259xanan\u0131n kollektivi ad\u0131ndan \u00e7\u0131x\u0131\u015f ed\u0259n Esmira Ta\u011f\u0131yeva v\u0259 rayon ictimaiyy\u0259ti ad\u0131ndan dan\u0131\u015fan Fiqur\u0259 Abbasova g\u00f6st\u0259rdiyi diqq\u0259t v\u0259 qay\u011f\u0131ya g\u00f6r\u0259 Az\u0259rbaycan Prezidentin\u0259 minn\u0259tdarl\u0131qlar\u0131n\u0131 bildirdil\u0259r.<\/p>\n<p>Sonda xatir\u0259 \u015f\u0259kli \u00e7\u0259kdirildi.<\/p>\n<p><a href=\"http:\/\/www.zerdab.com\/prezident-ilham-%c9%99liyev-z%c9%99rdaba-s%c9%99f%c9%99r-edib\/zerdab1-60\/\" rel=\"attachment wp-att-23895\"><img loading=\"lazy\" decoding=\"async\" class=\"aligncenter size-large wp-image-23895\" src=\"http:\/\/www.zerdab.com\/wp-content\/uploads\/2016\/12\/zerdab1-550x341.jpg\" alt=\"zerdab1\" width=\"550\" height=\"341\" \/><\/a><a href=\"http:\/\/www.zerdab.com\/prezident-ilham-%c9%99liyev-z%c9%99rdaba-s%c9%99f%c9%99r-edib\/zerdab3-42\/\" rel=\"attachment wp-att-23897\"><img loading=\"lazy\" decoding=\"async\" class=\"aligncenter size-large wp-image-23897\" src=\"http:\/\/www.zerdab.com\/wp-content\/uploads\/2016\/12\/Zerdab3-550x366.jpg\" alt=\"zerdab3\" width=\"550\" height=\"366\" \/><\/a><a href=\"http:\/\/www.zerdab.com\/prezident-ilham-%c9%99liyev-z%c9%99rdaba-s%c9%99f%c9%99r-edib\/zerdab4-26\/\" rel=\"attachment wp-att-23899\"><img loading=\"lazy\" decoding=\"async\" class=\"aligncenter size-large wp-image-23899\" src=\"http:\/\/www.zerdab.com\/wp-content\/uploads\/2016\/12\/Zerdab4-550x344.jpg\" alt=\"zerdab4\" width=\"550\" height=\"344\" \/><\/a><a href=\"http:\/\/www.zerdab.com\/prezident-ilham-%c9%99liyev-z%c9%99rdaba-s%c9%99f%c9%99r-edib\/zerdab5-21\/\" rel=\"attachment wp-att-23900\"><img loading=\"lazy\" decoding=\"async\" class=\"aligncenter size-large wp-image-23900\" src=\"http:\/\/www.zerdab.com\/wp-content\/uploads\/2016\/12\/Zerdab5-550x366.jpg\" alt=\"zerdab5\" width=\"550\" height=\"366\" \/><\/a><a href=\"http:\/\/www.zerdab.com\/prezident-ilham-%c9%99liyev-z%c9%99rdaba-s%c9%99f%c9%99r-edib\/zerdab6-20\/\" rel=\"attachment wp-att-23902\"><img loading=\"lazy\" decoding=\"async\" class=\"aligncenter size-large wp-image-23902\" src=\"http:\/\/www.zerdab.com\/wp-content\/uploads\/2016\/12\/Zerdab6-550x359.jpg\" alt=\"zerdab6\" width=\"550\" height=\"359\" \/><\/a><a href=\"http:\/\/www.zerdab.com\/prezident-ilham-%c9%99liyev-z%c9%99rdaba-s%c9%99f%c9%99r-edib\/zerdab7-15\/\" rel=\"attachment wp-att-23904\"><img loading=\"lazy\" decoding=\"async\" class=\"aligncenter size-large wp-image-23904\" src=\"http:\/\/www.zerdab.com\/wp-content\/uploads\/2016\/12\/Zerdab7-550x355.jpg\" alt=\"zerdab7\" width=\"550\" height=\"355\" \/><\/a><a href=\"http:\/\/www.zerdab.com\/prezident-ilham-%c9%99liyev-z%c9%99rdaba-s%c9%99f%c9%99r-edib\/zerdab8-16\/\" rel=\"attachment wp-att-23906\"><img loading=\"lazy\" decoding=\"async\" class=\"aligncenter size-large wp-image-23906\" src=\"http:\/\/www.zerdab.com\/wp-content\/uploads\/2016\/12\/Zerdab8-550x366.jpg\" alt=\"zerdab8\" width=\"550\" height=\"366\" \/><\/a><a href=\"http:\/\/www.zerdab.com\/prezident-ilham-%c9%99liyev-z%c9%99rdaba-s%c9%99f%c9%99r-edib\/zerdab9-8\/\" rel=\"attachment wp-att-23908\"><img loading=\"lazy\" decoding=\"async\" class=\"aligncenter size-large wp-image-23908\" src=\"http:\/\/www.zerdab.com\/wp-content\/uploads\/2016\/12\/Zerdab9-550x351.jpg\" alt=\"zerdab9\" width=\"550\" height=\"351\" \/><\/a><\/p>\n","protected":false},"excerpt":{"rendered":"<p>Prezident\u00a0\u0130lham \u018fliyev v\u0259 xan\u0131m\u0131 Mehriban \u018fliyeva dekabr\u0131n 2-d\u0259 Z\u0259rdab rayonuna s\u0259f\u0259r\u0259 g\u0259libl\u0259r. D\u00f6vl\u0259t\u00a0ba\u015f\u00e7\u0131s\u0131 v\u0259 xan\u0131m\u0131 xalq\u0131m\u0131z\u0131n \u00fcmummilli lideri Heyd\u0259r \u018fliyevin Z\u0259rdab \u015f\u0259h\u0259rinin m\u0259rk\u0259zi meydan\u0131ndak\u0131 abid\u0259si \u00f6n\u00fcn\u0259 g\u00fcl d\u0259st\u0259si qoydular. Z\u0259rdab Rayon \u0130cra Hakimiyy\u0259tinin ba\u015f\u00e7\u0131s\u0131 L\u00fctv\u0259li Babayev Prezident \u0130lham \u018fliyev\u0259 son ill\u0259rd\u0259 rayonda g\u00f6r\u00fcl\u0259n i\u015fl\u0259r, h\u0259yata ke\u00e7iril\u0259n layih\u0259l\u0259r bar\u0259d\u0259 m\u0259lumat verdi. Prezident\u00a0\u0130lham \u018fliyev v\u0259 xan\u0131m\u0131 Mehriban [&hellip;]<\/p>\n","protected":false},"author":1,"featured_media":0,"comment_status":"open","ping_status":"open","sticky":false,"template":"","format":"standard","meta":{"footnotes":""},"categories":[21],"tags":[],"class_list":{"0":"post-23891","1":"post","2":"type-post","3":"status-publish","4":"format-standard","6":"category-zrdab"},"yoast_head":"<!-- This site is optimized with the Yoast SEO plugin v27.0 - https:\/\/yoast.com\/product\/yoast-seo-wordpress\/ -->\n<title>Prezident \u0130lham \u018fliyev Z\u0259rdaba s\u0259f\u0259r edib - Z\u0259rdab.com<\/title>\n<meta name=\"robots\" content=\"index, follow, max-snippet:-1, max-image-preview:large, max-video-preview:-1\" \/>\n<link rel=\"canonical\" href=\"https:\/\/www.zerdab.com\/?p=23891\" \/>\n<meta property=\"og:locale\" content=\"az_AZ\" \/>\n<meta property=\"og:type\" content=\"article\" \/>\n<meta property=\"og:title\" content=\"Prezident \u0130lham \u018fliyev Z\u0259rdaba s\u0259f\u0259r edib - Z\u0259rdab.com\" \/>\n<meta property=\"og:description\" content=\"Prezident\u00a0\u0130lham \u018fliyev v\u0259 xan\u0131m\u0131 Mehriban \u018fliyeva dekabr\u0131n 2-d\u0259 Z\u0259rdab rayonuna s\u0259f\u0259r\u0259 g\u0259libl\u0259r. D\u00f6vl\u0259t\u00a0ba\u015f\u00e7\u0131s\u0131 v\u0259 xan\u0131m\u0131 xalq\u0131m\u0131z\u0131n \u00fcmummilli lideri Heyd\u0259r \u018fliyevin Z\u0259rdab \u015f\u0259h\u0259rinin m\u0259rk\u0259zi meydan\u0131ndak\u0131 abid\u0259si \u00f6n\u00fcn\u0259 g\u00fcl d\u0259st\u0259si qoydular. Z\u0259rdab Rayon \u0130cra Hakimiyy\u0259tinin ba\u015f\u00e7\u0131s\u0131 L\u00fctv\u0259li Babayev Prezident \u0130lham \u018fliyev\u0259 son ill\u0259rd\u0259 rayonda g\u00f6r\u00fcl\u0259n i\u015fl\u0259r, h\u0259yata ke\u00e7iril\u0259n layih\u0259l\u0259r bar\u0259d\u0259 m\u0259lumat verdi. Prezident\u00a0\u0130lham \u018fliyev v\u0259 xan\u0131m\u0131 Mehriban [&hellip;]\" \/>\n<meta property=\"og:url\" content=\"https:\/\/www.zerdab.com\/?p=23891\" \/>\n<meta property=\"og:site_name\" content=\"Z\u0259rdab.com\" \/>\n<meta property=\"article:published_time\" content=\"2016-12-02T13:52:13+00:00\" \/>\n<meta property=\"article:modified_time\" content=\"2016-12-02T17:37:50+00:00\" \/>\n<meta property=\"og:image\" content=\"http:\/\/www.zerdab.com\/wp-content\/uploads\/2016\/12\/zerdab1-550x341.jpg\" \/>\n<meta name=\"author\" content=\"admin\" \/>\n<meta name=\"twitter:card\" content=\"summary_large_image\" \/>\n<meta name=\"twitter:label1\" content=\"Written by\" \/>\n\t<meta name=\"twitter:data1\" content=\"admin\" \/>\n\t<meta name=\"twitter:label2\" content=\"Est. reading time\" \/>\n\t<meta name=\"twitter:data2\" content=\"3 minutes\" \/>\n<script type=\"application\/ld+json\" class=\"yoast-schema-graph\">{\"@context\":\"https:\/\/schema.org\",\"@graph\":[{\"@type\":\"Article\",\"@id\":\"https:\/\/www.zerdab.com\/?p=23891#article\",\"isPartOf\":{\"@id\":\"https:\/\/www.zerdab.com\/?p=23891\"},\"author\":{\"name\":\"admin\",\"@id\":\"https:\/\/www.zerdab.com\/#\/schema\/person\/97079b7570c1e89ec0d9e138c3672136\"},\"headline\":\"Prezident \u0130lham \u018fliyev Z\u0259rdaba s\u0259f\u0259r edib\",\"datePublished\":\"2016-12-02T13:52:13+00:00\",\"dateModified\":\"2016-12-02T17:37:50+00:00\",\"mainEntityOfPage\":{\"@id\":\"https:\/\/www.zerdab.com\/?p=23891\"},\"wordCount\":640,\"commentCount\":0,\"image\":{\"@id\":\"https:\/\/www.zerdab.com\/?p=23891#primaryimage\"},\"thumbnailUrl\":\"http:\/\/www.zerdab.com\/wp-content\/uploads\/2016\/12\/zerdab1-550x341.jpg\",\"articleSection\":[\"C\u018fM\u0130YY\u018fT\"],\"inLanguage\":\"az\",\"potentialAction\":[{\"@type\":\"CommentAction\",\"name\":\"Comment\",\"target\":[\"https:\/\/www.zerdab.com\/?p=23891#respond\"]}]},{\"@type\":\"WebPage\",\"@id\":\"https:\/\/www.zerdab.com\/?p=23891\",\"url\":\"https:\/\/www.zerdab.com\/?p=23891\",\"name\":\"Prezident \u0130lham \u018fliyev Z\u0259rdaba s\u0259f\u0259r edib - Z\u0259rdab.com\",\"isPartOf\":{\"@id\":\"https:\/\/www.zerdab.com\/#website\"},\"primaryImageOfPage\":{\"@id\":\"https:\/\/www.zerdab.com\/?p=23891#primaryimage\"},\"image\":{\"@id\":\"https:\/\/www.zerdab.com\/?p=23891#primaryimage\"},\"thumbnailUrl\":\"http:\/\/www.zerdab.com\/wp-content\/uploads\/2016\/12\/zerdab1-550x341.jpg\",\"datePublished\":\"2016-12-02T13:52:13+00:00\",\"dateModified\":\"2016-12-02T17:37:50+00:00\",\"author\":{\"@id\":\"https:\/\/www.zerdab.com\/#\/schema\/person\/97079b7570c1e89ec0d9e138c3672136\"},\"breadcrumb\":{\"@id\":\"https:\/\/www.zerdab.com\/?p=23891#breadcrumb\"},\"inLanguage\":\"az\",\"potentialAction\":[{\"@type\":\"ReadAction\",\"target\":[\"https:\/\/www.zerdab.com\/?p=23891\"]}]},{\"@type\":\"ImageObject\",\"inLanguage\":\"az\",\"@id\":\"https:\/\/www.zerdab.com\/?p=23891#primaryimage\",\"url\":\"\",\"contentUrl\":\"\"},{\"@type\":\"BreadcrumbList\",\"@id\":\"https:\/\/www.zerdab.com\/?p=23891#breadcrumb\",\"itemListElement\":[{\"@type\":\"ListItem\",\"position\":1,\"name\":\"Home\",\"item\":\"https:\/\/www.zerdab.com\/\"},{\"@type\":\"ListItem\",\"position\":2,\"name\":\"Prezident \u0130lham \u018fliyev Z\u0259rdaba s\u0259f\u0259r edib\"}]},{\"@type\":\"WebSite\",\"@id\":\"https:\/\/www.zerdab.com\/#website\",\"url\":\"https:\/\/www.zerdab.com\/\",\"name\":\"Z\u0259rdab.com\",\"description\":\"\",\"potentialAction\":[{\"@type\":\"SearchAction\",\"target\":{\"@type\":\"EntryPoint\",\"urlTemplate\":\"https:\/\/www.zerdab.com\/?s={search_term_string}\"},\"query-input\":{\"@type\":\"PropertyValueSpecification\",\"valueRequired\":true,\"valueName\":\"search_term_string\"}}],\"inLanguage\":\"az\"},{\"@type\":\"Person\",\"@id\":\"https:\/\/www.zerdab.com\/#\/schema\/person\/97079b7570c1e89ec0d9e138c3672136\",\"name\":\"admin\",\"image\":{\"@type\":\"ImageObject\",\"inLanguage\":\"az\",\"@id\":\"https:\/\/www.zerdab.com\/#\/schema\/person\/image\/\",\"url\":\"https:\/\/secure.gravatar.com\/avatar\/d9c52a9a27c32119cb6679a077fa3e2779e5f822c451cbf01098004361d466ec?s=96&d=mm&r=g\",\"contentUrl\":\"https:\/\/secure.gravatar.com\/avatar\/d9c52a9a27c32119cb6679a077fa3e2779e5f822c451cbf01098004361d466ec?s=96&d=mm&r=g\",\"caption\":\"admin\"},\"url\":\"https:\/\/www.zerdab.com\/?author=1\"}]}<\/script>\n<!-- \/ Yoast SEO plugin. -->","yoast_head_json":{"title":"Prezident \u0130lham \u018fliyev Z\u0259rdaba s\u0259f\u0259r edib - Z\u0259rdab.com","robots":{"index":"index","follow":"follow","max-snippet":"max-snippet:-1","max-image-preview":"max-image-preview:large","max-video-preview":"max-video-preview:-1"},"canonical":"https:\/\/www.zerdab.com\/?p=23891","og_locale":"az_AZ","og_type":"article","og_title":"Prezident \u0130lham \u018fliyev Z\u0259rdaba s\u0259f\u0259r edib - Z\u0259rdab.com","og_description":"Prezident\u00a0\u0130lham \u018fliyev v\u0259 xan\u0131m\u0131 Mehriban \u018fliyeva dekabr\u0131n 2-d\u0259 Z\u0259rdab rayonuna s\u0259f\u0259r\u0259 g\u0259libl\u0259r. D\u00f6vl\u0259t\u00a0ba\u015f\u00e7\u0131s\u0131 v\u0259 xan\u0131m\u0131 xalq\u0131m\u0131z\u0131n \u00fcmummilli lideri Heyd\u0259r \u018fliyevin Z\u0259rdab \u015f\u0259h\u0259rinin m\u0259rk\u0259zi meydan\u0131ndak\u0131 abid\u0259si \u00f6n\u00fcn\u0259 g\u00fcl d\u0259st\u0259si qoydular. Z\u0259rdab Rayon \u0130cra Hakimiyy\u0259tinin ba\u015f\u00e7\u0131s\u0131 L\u00fctv\u0259li Babayev Prezident \u0130lham \u018fliyev\u0259 son ill\u0259rd\u0259 rayonda g\u00f6r\u00fcl\u0259n i\u015fl\u0259r, h\u0259yata ke\u00e7iril\u0259n layih\u0259l\u0259r bar\u0259d\u0259 m\u0259lumat verdi. Prezident\u00a0\u0130lham \u018fliyev v\u0259 xan\u0131m\u0131 Mehriban [&hellip;]","og_url":"https:\/\/www.zerdab.com\/?p=23891","og_site_name":"Z\u0259rdab.com","article_published_time":"2016-12-02T13:52:13+00:00","article_modified_time":"2016-12-02T17:37:50+00:00","og_image":[{"url":"http:\/\/www.zerdab.com\/wp-content\/uploads\/2016\/12\/zerdab1-550x341.jpg","type":"","width":"","height":""}],"author":"admin","twitter_card":"summary_large_image","twitter_misc":{"Written by":"admin","Est. reading time":"3 minutes"},"schema":{"@context":"https:\/\/schema.org","@graph":[{"@type":"Article","@id":"https:\/\/www.zerdab.com\/?p=23891#article","isPartOf":{"@id":"https:\/\/www.zerdab.com\/?p=23891"},"author":{"name":"admin","@id":"https:\/\/www.zerdab.com\/#\/schema\/person\/97079b7570c1e89ec0d9e138c3672136"},"headline":"Prezident \u0130lham \u018fliyev Z\u0259rdaba s\u0259f\u0259r edib","datePublished":"2016-12-02T13:52:13+00:00","dateModified":"2016-12-02T17:37:50+00:00","mainEntityOfPage":{"@id":"https:\/\/www.zerdab.com\/?p=23891"},"wordCount":640,"commentCount":0,"image":{"@id":"https:\/\/www.zerdab.com\/?p=23891#primaryimage"},"thumbnailUrl":"http:\/\/www.zerdab.com\/wp-content\/uploads\/2016\/12\/zerdab1-550x341.jpg","articleSection":["C\u018fM\u0130YY\u018fT"],"inLanguage":"az","potentialAction":[{"@type":"CommentAction","name":"Comment","target":["https:\/\/www.zerdab.com\/?p=23891#respond"]}]},{"@type":"WebPage","@id":"https:\/\/www.zerdab.com\/?p=23891","url":"https:\/\/www.zerdab.com\/?p=23891","name":"Prezident \u0130lham \u018fliyev Z\u0259rdaba s\u0259f\u0259r edib - Z\u0259rdab.com","isPartOf":{"@id":"https:\/\/www.zerdab.com\/#website"},"primaryImageOfPage":{"@id":"https:\/\/www.zerdab.com\/?p=23891#primaryimage"},"image":{"@id":"https:\/\/www.zerdab.com\/?p=23891#primaryimage"},"thumbnailUrl":"http:\/\/www.zerdab.com\/wp-content\/uploads\/2016\/12\/zerdab1-550x341.jpg","datePublished":"2016-12-02T13:52:13+00:00","dateModified":"2016-12-02T17:37:50+00:00","author":{"@id":"https:\/\/www.zerdab.com\/#\/schema\/person\/97079b7570c1e89ec0d9e138c3672136"},"breadcrumb":{"@id":"https:\/\/www.zerdab.com\/?p=23891#breadcrumb"},"inLanguage":"az","potentialAction":[{"@type":"ReadAction","target":["https:\/\/www.zerdab.com\/?p=23891"]}]},{"@type":"ImageObject","inLanguage":"az","@id":"https:\/\/www.zerdab.com\/?p=23891#primaryimage","url":"","contentUrl":""},{"@type":"BreadcrumbList","@id":"https:\/\/www.zerdab.com\/?p=23891#breadcrumb","itemListElement":[{"@type":"ListItem","position":1,"name":"Home","item":"https:\/\/www.zerdab.com\/"},{"@type":"ListItem","position":2,"name":"Prezident \u0130lham \u018fliyev Z\u0259rdaba s\u0259f\u0259r edib"}]},{"@type":"WebSite","@id":"https:\/\/www.zerdab.com\/#website","url":"https:\/\/www.zerdab.com\/","name":"Z\u0259rdab.com","description":"","potentialAction":[{"@type":"SearchAction","target":{"@type":"EntryPoint","urlTemplate":"https:\/\/www.zerdab.com\/?s={search_term_string}"},"query-input":{"@type":"PropertyValueSpecification","valueRequired":true,"valueName":"search_term_string"}}],"inLanguage":"az"},{"@type":"Person","@id":"https:\/\/www.zerdab.com\/#\/schema\/person\/97079b7570c1e89ec0d9e138c3672136","name":"admin","image":{"@type":"ImageObject","inLanguage":"az","@id":"https:\/\/www.zerdab.com\/#\/schema\/person\/image\/","url":"https:\/\/secure.gravatar.com\/avatar\/d9c52a9a27c32119cb6679a077fa3e2779e5f822c451cbf01098004361d466ec?s=96&d=mm&r=g","contentUrl":"https:\/\/secure.gravatar.com\/avatar\/d9c52a9a27c32119cb6679a077fa3e2779e5f822c451cbf01098004361d466ec?s=96&d=mm&r=g","caption":"admin"},"url":"https:\/\/www.zerdab.com\/?author=1"}]}},"_links":{"self":[{"href":"https:\/\/www.zerdab.com\/index.php?rest_route=\/wp\/v2\/posts\/23891","targetHints":{"allow":["GET"]}}],"collection":[{"href":"https:\/\/www.zerdab.com\/index.php?rest_route=\/wp\/v2\/posts"}],"about":[{"href":"https:\/\/www.zerdab.com\/index.php?rest_route=\/wp\/v2\/types\/post"}],"author":[{"embeddable":true,"href":"https:\/\/www.zerdab.com\/index.php?rest_route=\/wp\/v2\/users\/1"}],"replies":[{"embeddable":true,"href":"https:\/\/www.zerdab.com\/index.php?rest_route=%2Fwp%2Fv2%2Fcomments&post=23891"}],"version-history":[{"count":8,"href":"https:\/\/www.zerdab.com\/index.php?rest_route=\/wp\/v2\/posts\/23891\/revisions"}],"predecessor-version":[{"id":23909,"href":"https:\/\/www.zerdab.com\/index.php?rest_route=\/wp\/v2\/posts\/23891\/revisions\/23909"}],"wp:attachment":[{"href":"https:\/\/www.zerdab.com\/index.php?rest_route=%2Fwp%2Fv2%2Fmedia&parent=23891"}],"wp:term":[{"taxonomy":"category","embeddable":true,"href":"https:\/\/www.zerdab.com\/index.php?rest_route=%2Fwp%2Fv2%2Fcategories&post=23891"},{"taxonomy":"post_tag","embeddable":true,"href":"https:\/\/www.zerdab.com\/index.php?rest_route=%2Fwp%2Fv2%2Ftags&post=23891"}],"curies":[{"name":"wp","href":"https:\/\/api.w.org\/{rel}","templated":true}]}}