{"id":23923,"date":"2016-12-02T21:32:13","date_gmt":"2016-12-02T17:32:13","guid":{"rendered":"http:\/\/www.zerdab.com\/?p=23923"},"modified":"2016-12-02T21:32:13","modified_gmt":"2016-12-02T17:32:13","slug":"lutv%c9%99li-babayev-prezident%c9%99-v%c9%99-xanimina-z%c9%99rdabda-gorul%c9%99n-isl%c9%99r-bar%c9%99d%c9%99-m%c9%99lumat-verib","status":"publish","type":"post","link":"https:\/\/www.zerdab.com\/?p=23923","title":{"rendered":"L\u00fctv\u0259li Babayev Prezident\u0259 v\u0259 xan\u0131m\u0131na Z\u0259rdabda g\u00f6r\u00fcl\u0259n i\u015fl\u0259r bar\u0259d\u0259 m\u0259lumat verib"},"content":{"rendered":"<p>&nbsp;<\/p>\n<p>Z\u0259rdab Rayon \u0130cra Hakimiyy\u0259tinin ba\u015f\u00e7\u0131s\u0131 L\u00fctv\u0259li Babayev Prezident \u0130lham \u018fliyev\u0259 v\u0259 xan\u0131m\u0131 Mehriban \u018fliyevaya rayonumuza s\u0259f\u0259rl\u0259ri \u00e7\u0259r\u00e7iv\u0259sind\u0259 son ill\u0259rd\u0259 Z\u0259rdabda g\u00f6r\u00fcl\u0259n i\u015fl\u0259r, h\u0259yata ke\u00e7iril\u0259n layih\u0259l\u0259r bar\u0259d\u0259 m\u0259lumat verib.<\/p>\n<p>Zerdab.com sayt\u0131 x\u0259b\u0259r verir ki, L\u00fctv\u0259li Babayev Prezident\u0259 bildirib ki, son ill\u0259rd\u0259 Z\u0259rdab\u0131n sosial-iqtisadi g\u00f6st\u0259ricil\u0259ri xeyli yax\u015f\u0131la\u015f\u0131b. Rayonda \u00e7oxlu sosial infrastruktur obyektl\u0259ri tikilib, k\u0259nd t\u0259s\u0259rr\u00fcfat\u0131 sah\u0259sind\u0259 istehsal m\u00fc\u0259ssis\u0259l\u0259ri yarad\u0131l\u0131b, yeni suvarma sisteml\u0259ri qurulub.<a href=\"http:\/\/www.zerdab.com\/prezident-v%c9%99-xanimi-z%c9%99rdab-rayon-m%c9%99rk%c9%99zi-x%c9%99st%c9%99xanasinda-fotolar\/zerdab-prezident1\/\" rel=\"attachment wp-att-23912\"><img loading=\"lazy\" decoding=\"async\" class=\"aligncenter size-large wp-image-23912\" src=\"http:\/\/www.zerdab.com\/wp-content\/uploads\/2016\/12\/zerdab-prezident1-550x366.jpg\" alt=\"zerdab-prezident1\" width=\"550\" height=\"366\" \/><\/a><a href=\"http:\/\/www.zerdab.com\/prezident-v%c9%99-xanimi-z%c9%99rdab-rayon-m%c9%99rk%c9%99zi-x%c9%99st%c9%99xanasinda-fotolar\/zerdab-prezident2\/\" rel=\"attachment wp-att-23913\"><img loading=\"lazy\" decoding=\"async\" class=\"aligncenter size-full wp-image-23913\" src=\"http:\/\/www.zerdab.com\/wp-content\/uploads\/2016\/12\/zerdab-prezident2.jpg\" alt=\"zerdab-prezident2\" width=\"471\" height=\"426\" \/><\/a><\/p>\n","protected":false},"excerpt":{"rendered":"<p>&nbsp; Z\u0259rdab Rayon \u0130cra Hakimiyy\u0259tinin ba\u015f\u00e7\u0131s\u0131 L\u00fctv\u0259li Babayev Prezident \u0130lham \u018fliyev\u0259 v\u0259 xan\u0131m\u0131 Mehriban \u018fliyevaya rayonumuza s\u0259f\u0259rl\u0259ri \u00e7\u0259r\u00e7iv\u0259sind\u0259 son ill\u0259rd\u0259 Z\u0259rdabda g\u00f6r\u00fcl\u0259n i\u015fl\u0259r, h\u0259yata ke\u00e7iril\u0259n layih\u0259l\u0259r bar\u0259d\u0259 m\u0259lumat verib. Zerdab.com sayt\u0131 x\u0259b\u0259r verir ki, L\u00fctv\u0259li Babayev Prezident\u0259 bildirib ki, son ill\u0259rd\u0259 Z\u0259rdab\u0131n sosial-iqtisadi g\u00f6st\u0259ricil\u0259ri xeyli yax\u015f\u0131la\u015f\u0131b. Rayonda \u00e7oxlu sosial infrastruktur obyektl\u0259ri tikilib, k\u0259nd t\u0259s\u0259rr\u00fcfat\u0131 sah\u0259sind\u0259 [&hellip;]<\/p>\n","protected":false},"author":1,"featured_media":0,"comment_status":"open","ping_status":"open","sticky":false,"template":"","format":"standard","meta":{"footnotes":""},"categories":[5],"tags":[],"class_list":{"0":"post-23923","1":"post","2":"type-post","3":"status-publish","4":"format-standard","6":"category-knd"},"yoast_head":"<!-- This site is optimized with the Yoast SEO plugin v27.0 - https:\/\/yoast.com\/product\/yoast-seo-wordpress\/ -->\n<title>L\u00fctv\u0259li Babayev Prezident\u0259 v\u0259 xan\u0131m\u0131na Z\u0259rdabda g\u00f6r\u00fcl\u0259n i\u015fl\u0259r bar\u0259d\u0259 m\u0259lumat verib - Z\u0259rdab.com<\/title>\n<meta name=\"robots\" content=\"index, follow, max-snippet:-1, max-image-preview:large, max-video-preview:-1\" \/>\n<link rel=\"canonical\" href=\"https:\/\/www.zerdab.com\/?p=23923\" \/>\n<meta property=\"og:locale\" content=\"az_AZ\" \/>\n<meta property=\"og:type\" content=\"article\" \/>\n<meta property=\"og:title\" content=\"L\u00fctv\u0259li Babayev Prezident\u0259 v\u0259 xan\u0131m\u0131na Z\u0259rdabda g\u00f6r\u00fcl\u0259n i\u015fl\u0259r bar\u0259d\u0259 m\u0259lumat verib - Z\u0259rdab.com\" \/>\n<meta property=\"og:description\" content=\"&nbsp; Z\u0259rdab Rayon \u0130cra Hakimiyy\u0259tinin ba\u015f\u00e7\u0131s\u0131 L\u00fctv\u0259li Babayev Prezident \u0130lham \u018fliyev\u0259 v\u0259 xan\u0131m\u0131 Mehriban \u018fliyevaya rayonumuza s\u0259f\u0259rl\u0259ri \u00e7\u0259r\u00e7iv\u0259sind\u0259 son ill\u0259rd\u0259 Z\u0259rdabda g\u00f6r\u00fcl\u0259n i\u015fl\u0259r, h\u0259yata ke\u00e7iril\u0259n layih\u0259l\u0259r bar\u0259d\u0259 m\u0259lumat verib. Zerdab.com sayt\u0131 x\u0259b\u0259r verir ki, L\u00fctv\u0259li Babayev Prezident\u0259 bildirib ki, son ill\u0259rd\u0259 Z\u0259rdab\u0131n sosial-iqtisadi g\u00f6st\u0259ricil\u0259ri xeyli yax\u015f\u0131la\u015f\u0131b. Rayonda \u00e7oxlu sosial infrastruktur obyektl\u0259ri tikilib, k\u0259nd t\u0259s\u0259rr\u00fcfat\u0131 sah\u0259sind\u0259 [&hellip;]\" \/>\n<meta property=\"og:url\" content=\"https:\/\/www.zerdab.com\/?p=23923\" \/>\n<meta property=\"og:site_name\" content=\"Z\u0259rdab.com\" \/>\n<meta property=\"article:published_time\" content=\"2016-12-02T17:32:13+00:00\" \/>\n<meta property=\"og:image\" content=\"http:\/\/www.zerdab.com\/wp-content\/uploads\/2016\/12\/zerdab-prezident1-550x366.jpg\" \/>\n<meta name=\"author\" content=\"admin\" \/>\n<meta name=\"twitter:card\" content=\"summary_large_image\" \/>\n<meta name=\"twitter:label1\" content=\"Written by\" \/>\n\t<meta name=\"twitter:data1\" content=\"admin\" \/>\n\t<meta name=\"twitter:label2\" content=\"Est. reading time\" \/>\n\t<meta name=\"twitter:data2\" content=\"1 minute\" \/>\n<script type=\"application\/ld+json\" class=\"yoast-schema-graph\">{\"@context\":\"https:\/\/schema.org\",\"@graph\":[{\"@type\":\"Article\",\"@id\":\"https:\/\/www.zerdab.com\/?p=23923#article\",\"isPartOf\":{\"@id\":\"https:\/\/www.zerdab.com\/?p=23923\"},\"author\":{\"name\":\"admin\",\"@id\":\"https:\/\/www.zerdab.com\/#\/schema\/person\/97079b7570c1e89ec0d9e138c3672136\"},\"headline\":\"L\u00fctv\u0259li Babayev Prezident\u0259 v\u0259 xan\u0131m\u0131na Z\u0259rdabda g\u00f6r\u00fcl\u0259n i\u015fl\u0259r bar\u0259d\u0259 m\u0259lumat verib\",\"datePublished\":\"2016-12-02T17:32:13+00:00\",\"mainEntityOfPage\":{\"@id\":\"https:\/\/www.zerdab.com\/?p=23923\"},\"wordCount\":135,\"commentCount\":0,\"image\":{\"@id\":\"https:\/\/www.zerdab.com\/?p=23923#primaryimage\"},\"thumbnailUrl\":\"http:\/\/www.zerdab.com\/wp-content\/uploads\/2016\/12\/zerdab-prezident1-550x366.jpg\",\"articleSection\":[\"X\u018fB\u018fRL\u018fR\"],\"inLanguage\":\"az\",\"potentialAction\":[{\"@type\":\"CommentAction\",\"name\":\"Comment\",\"target\":[\"https:\/\/www.zerdab.com\/?p=23923#respond\"]}]},{\"@type\":\"WebPage\",\"@id\":\"https:\/\/www.zerdab.com\/?p=23923\",\"url\":\"https:\/\/www.zerdab.com\/?p=23923\",\"name\":\"L\u00fctv\u0259li Babayev Prezident\u0259 v\u0259 xan\u0131m\u0131na Z\u0259rdabda g\u00f6r\u00fcl\u0259n i\u015fl\u0259r bar\u0259d\u0259 m\u0259lumat verib - Z\u0259rdab.com\",\"isPartOf\":{\"@id\":\"https:\/\/www.zerdab.com\/#website\"},\"primaryImageOfPage\":{\"@id\":\"https:\/\/www.zerdab.com\/?p=23923#primaryimage\"},\"image\":{\"@id\":\"https:\/\/www.zerdab.com\/?p=23923#primaryimage\"},\"thumbnailUrl\":\"http:\/\/www.zerdab.com\/wp-content\/uploads\/2016\/12\/zerdab-prezident1-550x366.jpg\",\"datePublished\":\"2016-12-02T17:32:13+00:00\",\"author\":{\"@id\":\"https:\/\/www.zerdab.com\/#\/schema\/person\/97079b7570c1e89ec0d9e138c3672136\"},\"breadcrumb\":{\"@id\":\"https:\/\/www.zerdab.com\/?p=23923#breadcrumb\"},\"inLanguage\":\"az\",\"potentialAction\":[{\"@type\":\"ReadAction\",\"target\":[\"https:\/\/www.zerdab.com\/?p=23923\"]}]},{\"@type\":\"ImageObject\",\"inLanguage\":\"az\",\"@id\":\"https:\/\/www.zerdab.com\/?p=23923#primaryimage\",\"url\":\"\",\"contentUrl\":\"\"},{\"@type\":\"BreadcrumbList\",\"@id\":\"https:\/\/www.zerdab.com\/?p=23923#breadcrumb\",\"itemListElement\":[{\"@type\":\"ListItem\",\"position\":1,\"name\":\"Home\",\"item\":\"https:\/\/www.zerdab.com\/\"},{\"@type\":\"ListItem\",\"position\":2,\"name\":\"L\u00fctv\u0259li Babayev Prezident\u0259 v\u0259 xan\u0131m\u0131na Z\u0259rdabda g\u00f6r\u00fcl\u0259n i\u015fl\u0259r bar\u0259d\u0259 m\u0259lumat verib\"}]},{\"@type\":\"WebSite\",\"@id\":\"https:\/\/www.zerdab.com\/#website\",\"url\":\"https:\/\/www.zerdab.com\/\",\"name\":\"Z\u0259rdab.com\",\"description\":\"\",\"potentialAction\":[{\"@type\":\"SearchAction\",\"target\":{\"@type\":\"EntryPoint\",\"urlTemplate\":\"https:\/\/www.zerdab.com\/?s={search_term_string}\"},\"query-input\":{\"@type\":\"PropertyValueSpecification\",\"valueRequired\":true,\"valueName\":\"search_term_string\"}}],\"inLanguage\":\"az\"},{\"@type\":\"Person\",\"@id\":\"https:\/\/www.zerdab.com\/#\/schema\/person\/97079b7570c1e89ec0d9e138c3672136\",\"name\":\"admin\",\"image\":{\"@type\":\"ImageObject\",\"inLanguage\":\"az\",\"@id\":\"https:\/\/www.zerdab.com\/#\/schema\/person\/image\/\",\"url\":\"https:\/\/secure.gravatar.com\/avatar\/d9c52a9a27c32119cb6679a077fa3e2779e5f822c451cbf01098004361d466ec?s=96&d=mm&r=g\",\"contentUrl\":\"https:\/\/secure.gravatar.com\/avatar\/d9c52a9a27c32119cb6679a077fa3e2779e5f822c451cbf01098004361d466ec?s=96&d=mm&r=g\",\"caption\":\"admin\"},\"url\":\"https:\/\/www.zerdab.com\/?author=1\"}]}<\/script>\n<!-- \/ Yoast SEO plugin. -->","yoast_head_json":{"title":"L\u00fctv\u0259li Babayev Prezident\u0259 v\u0259 xan\u0131m\u0131na Z\u0259rdabda g\u00f6r\u00fcl\u0259n i\u015fl\u0259r bar\u0259d\u0259 m\u0259lumat verib - Z\u0259rdab.com","robots":{"index":"index","follow":"follow","max-snippet":"max-snippet:-1","max-image-preview":"max-image-preview:large","max-video-preview":"max-video-preview:-1"},"canonical":"https:\/\/www.zerdab.com\/?p=23923","og_locale":"az_AZ","og_type":"article","og_title":"L\u00fctv\u0259li Babayev Prezident\u0259 v\u0259 xan\u0131m\u0131na Z\u0259rdabda g\u00f6r\u00fcl\u0259n i\u015fl\u0259r bar\u0259d\u0259 m\u0259lumat verib - Z\u0259rdab.com","og_description":"&nbsp; Z\u0259rdab Rayon \u0130cra Hakimiyy\u0259tinin ba\u015f\u00e7\u0131s\u0131 L\u00fctv\u0259li Babayev Prezident \u0130lham \u018fliyev\u0259 v\u0259 xan\u0131m\u0131 Mehriban \u018fliyevaya rayonumuza s\u0259f\u0259rl\u0259ri \u00e7\u0259r\u00e7iv\u0259sind\u0259 son ill\u0259rd\u0259 Z\u0259rdabda g\u00f6r\u00fcl\u0259n i\u015fl\u0259r, h\u0259yata ke\u00e7iril\u0259n layih\u0259l\u0259r bar\u0259d\u0259 m\u0259lumat verib. Zerdab.com sayt\u0131 x\u0259b\u0259r verir ki, L\u00fctv\u0259li Babayev Prezident\u0259 bildirib ki, son ill\u0259rd\u0259 Z\u0259rdab\u0131n sosial-iqtisadi g\u00f6st\u0259ricil\u0259ri xeyli yax\u015f\u0131la\u015f\u0131b. Rayonda \u00e7oxlu sosial infrastruktur obyektl\u0259ri tikilib, k\u0259nd t\u0259s\u0259rr\u00fcfat\u0131 sah\u0259sind\u0259 [&hellip;]","og_url":"https:\/\/www.zerdab.com\/?p=23923","og_site_name":"Z\u0259rdab.com","article_published_time":"2016-12-02T17:32:13+00:00","og_image":[{"url":"http:\/\/www.zerdab.com\/wp-content\/uploads\/2016\/12\/zerdab-prezident1-550x366.jpg","type":"","width":"","height":""}],"author":"admin","twitter_card":"summary_large_image","twitter_misc":{"Written by":"admin","Est. reading time":"1 minute"},"schema":{"@context":"https:\/\/schema.org","@graph":[{"@type":"Article","@id":"https:\/\/www.zerdab.com\/?p=23923#article","isPartOf":{"@id":"https:\/\/www.zerdab.com\/?p=23923"},"author":{"name":"admin","@id":"https:\/\/www.zerdab.com\/#\/schema\/person\/97079b7570c1e89ec0d9e138c3672136"},"headline":"L\u00fctv\u0259li Babayev Prezident\u0259 v\u0259 xan\u0131m\u0131na Z\u0259rdabda g\u00f6r\u00fcl\u0259n i\u015fl\u0259r bar\u0259d\u0259 m\u0259lumat verib","datePublished":"2016-12-02T17:32:13+00:00","mainEntityOfPage":{"@id":"https:\/\/www.zerdab.com\/?p=23923"},"wordCount":135,"commentCount":0,"image":{"@id":"https:\/\/www.zerdab.com\/?p=23923#primaryimage"},"thumbnailUrl":"http:\/\/www.zerdab.com\/wp-content\/uploads\/2016\/12\/zerdab-prezident1-550x366.jpg","articleSection":["X\u018fB\u018fRL\u018fR"],"inLanguage":"az","potentialAction":[{"@type":"CommentAction","name":"Comment","target":["https:\/\/www.zerdab.com\/?p=23923#respond"]}]},{"@type":"WebPage","@id":"https:\/\/www.zerdab.com\/?p=23923","url":"https:\/\/www.zerdab.com\/?p=23923","name":"L\u00fctv\u0259li Babayev Prezident\u0259 v\u0259 xan\u0131m\u0131na Z\u0259rdabda g\u00f6r\u00fcl\u0259n i\u015fl\u0259r bar\u0259d\u0259 m\u0259lumat verib - Z\u0259rdab.com","isPartOf":{"@id":"https:\/\/www.zerdab.com\/#website"},"primaryImageOfPage":{"@id":"https:\/\/www.zerdab.com\/?p=23923#primaryimage"},"image":{"@id":"https:\/\/www.zerdab.com\/?p=23923#primaryimage"},"thumbnailUrl":"http:\/\/www.zerdab.com\/wp-content\/uploads\/2016\/12\/zerdab-prezident1-550x366.jpg","datePublished":"2016-12-02T17:32:13+00:00","author":{"@id":"https:\/\/www.zerdab.com\/#\/schema\/person\/97079b7570c1e89ec0d9e138c3672136"},"breadcrumb":{"@id":"https:\/\/www.zerdab.com\/?p=23923#breadcrumb"},"inLanguage":"az","potentialAction":[{"@type":"ReadAction","target":["https:\/\/www.zerdab.com\/?p=23923"]}]},{"@type":"ImageObject","inLanguage":"az","@id":"https:\/\/www.zerdab.com\/?p=23923#primaryimage","url":"","contentUrl":""},{"@type":"BreadcrumbList","@id":"https:\/\/www.zerdab.com\/?p=23923#breadcrumb","itemListElement":[{"@type":"ListItem","position":1,"name":"Home","item":"https:\/\/www.zerdab.com\/"},{"@type":"ListItem","position":2,"name":"L\u00fctv\u0259li Babayev Prezident\u0259 v\u0259 xan\u0131m\u0131na Z\u0259rdabda g\u00f6r\u00fcl\u0259n i\u015fl\u0259r bar\u0259d\u0259 m\u0259lumat verib"}]},{"@type":"WebSite","@id":"https:\/\/www.zerdab.com\/#website","url":"https:\/\/www.zerdab.com\/","name":"Z\u0259rdab.com","description":"","potentialAction":[{"@type":"SearchAction","target":{"@type":"EntryPoint","urlTemplate":"https:\/\/www.zerdab.com\/?s={search_term_string}"},"query-input":{"@type":"PropertyValueSpecification","valueRequired":true,"valueName":"search_term_string"}}],"inLanguage":"az"},{"@type":"Person","@id":"https:\/\/www.zerdab.com\/#\/schema\/person\/97079b7570c1e89ec0d9e138c3672136","name":"admin","image":{"@type":"ImageObject","inLanguage":"az","@id":"https:\/\/www.zerdab.com\/#\/schema\/person\/image\/","url":"https:\/\/secure.gravatar.com\/avatar\/d9c52a9a27c32119cb6679a077fa3e2779e5f822c451cbf01098004361d466ec?s=96&d=mm&r=g","contentUrl":"https:\/\/secure.gravatar.com\/avatar\/d9c52a9a27c32119cb6679a077fa3e2779e5f822c451cbf01098004361d466ec?s=96&d=mm&r=g","caption":"admin"},"url":"https:\/\/www.zerdab.com\/?author=1"}]}},"_links":{"self":[{"href":"https:\/\/www.zerdab.com\/index.php?rest_route=\/wp\/v2\/posts\/23923","targetHints":{"allow":["GET"]}}],"collection":[{"href":"https:\/\/www.zerdab.com\/index.php?rest_route=\/wp\/v2\/posts"}],"about":[{"href":"https:\/\/www.zerdab.com\/index.php?rest_route=\/wp\/v2\/types\/post"}],"author":[{"embeddable":true,"href":"https:\/\/www.zerdab.com\/index.php?rest_route=\/wp\/v2\/users\/1"}],"replies":[{"embeddable":true,"href":"https:\/\/www.zerdab.com\/index.php?rest_route=%2Fwp%2Fv2%2Fcomments&post=23923"}],"version-history":[{"count":1,"href":"https:\/\/www.zerdab.com\/index.php?rest_route=\/wp\/v2\/posts\/23923\/revisions"}],"predecessor-version":[{"id":23924,"href":"https:\/\/www.zerdab.com\/index.php?rest_route=\/wp\/v2\/posts\/23923\/revisions\/23924"}],"wp:attachment":[{"href":"https:\/\/www.zerdab.com\/index.php?rest_route=%2Fwp%2Fv2%2Fmedia&parent=23923"}],"wp:term":[{"taxonomy":"category","embeddable":true,"href":"https:\/\/www.zerdab.com\/index.php?rest_route=%2Fwp%2Fv2%2Fcategories&post=23923"},{"taxonomy":"post_tag","embeddable":true,"href":"https:\/\/www.zerdab.com\/index.php?rest_route=%2Fwp%2Fv2%2Ftags&post=23923"}],"curies":[{"name":"wp","href":"https:\/\/api.w.org\/{rel}","templated":true}]}}