{"id":23951,"date":"2016-12-09T12:21:25","date_gmt":"2016-12-09T08:21:25","guid":{"rendered":"http:\/\/www.zerdab.com\/?p=23951"},"modified":"2016-12-09T12:21:25","modified_gmt":"2016-12-09T08:21:25","slug":"nazir-s%c9%99lim-muslumov-z%c9%99rdabda-7-rayonun-sakinl%c9%99ri-il%c9%99-gorusub","status":"publish","type":"post","link":"https:\/\/www.zerdab.com\/?p=23951","title":{"rendered":"Nazir S\u0259lim M\u00fcsl\u00fcmov Z\u0259rdabda 7 rayonun sakinl\u0259ri il\u0259 g\u00f6r\u00fc\u015f\u00fcb"},"content":{"rendered":"<p><strong>\u00a0<\/strong>Az\u0259rbaycan Respublikas\u0131 \u0259m\u0259k v\u0259 \u0259halinin sosial m\u00fcdafi\u0259si naziri S\u0259lim M\u00fcsl\u00fcmov Z\u0259rdab rayonunda bu rayonun v\u0259 Ucar, K\u00fcrd\u0259mir, \u0130mi\u015fli, Beyl\u0259qan, F\u00fczuli, Xocav\u0259nd rayonlar\u0131n\u0131n sakinl\u0259rini f\u0259rdi qaydada q\u0259bul edib.<\/p>\n<p>M\u00fcraci\u0259tl\u0259r imtiyazl\u0131 kateqoriyalardan olan \u015f\u0259xsl\u0259rin d\u00f6vl\u0259t b\u00fcdc\u0259si hesab\u0131na m\u0259nzil v\u0259 reabilitasiya vasit\u0259l\u0259ri, b\u0259rpa m\u00fcalic\u0259si xidm\u0259tl\u0259ri il\u0259 t\u0259min edilm\u0259si, \u0259m\u0259k h\u00fcquqlar\u0131n\u0131n m\u00fcdafi\u0259si, pensiya v\u0259 dig\u0259r sosial t\u0259minat n\u00f6vl\u0259rin\u0259 h\u00fcququn m\u00fc\u0259yy\u0259n olunmas\u0131, m\u0259\u015f\u011fullu\u011fun t\u0259minat\u0131, \u00f6z\u00fcn\u00fcm\u0259\u015f\u011fulluq proqram\u0131na c\u0259lb olunma v\u0259 s. m\u0259s\u0259l\u0259l\u0259ri \u0259hat\u0259 edib. Nazirliyin struktur b\u00f6lm\u0259l\u0259rinin m\u0259sul \u015f\u0259xsl\u0259rinin i\u015ftirak\u0131 il\u0259 ke\u00e7\u0259n q\u0259bul zaman\u0131 h\u0259r bir m\u00fcraci\u0259t\u0259 diqq\u0259tl\u0259 yana\u015f\u0131l\u0131b, onlar\u0131n qanunvericiliyin t\u0259l\u0259bl\u0259rin\u0259 uy\u011fun \u015f\u0259kild\u0259 cavabland\u0131r\u0131lmas\u0131 t\u0259min olunub. Ayr\u0131-ayr\u0131 m\u0259s\u0259l\u0259l\u0259r ara\u015fd\u0131r\u0131laraq n\u0259tic\u0259si \u0259sas\u0131nda t\u0259dbirl\u0259r g\u00f6r\u00fclm\u0259si \u00fc\u00e7\u00fcn n\u0259zar\u0259t\u0259 g\u00f6t\u00fcr\u00fcl\u00fcb.<\/p>\n<p>V\u0259t\u0259nda\u015flarla g\u00f6r\u00fc\u015f zaman\u0131 S.M\u00fcsl\u00fcmov Az\u0259rbaycan Prezidenti c\u0259nab \u0130lham \u018fliyevin tap\u015f\u0131r\u0131qlar\u0131na uy\u011fun olaraq, sosial c\u0259h\u0259td\u0259n h\u0259ssas \u0259hali qruplar\u0131n\u0131n sosial m\u00fcdafi\u0259sinin daim diqq\u0259td\u0259 saxland\u0131\u011f\u0131n\u0131 vur\u011fulay\u0131b: \u201cSon ill\u0259rd\u0259 d\u00fcnya iqtisadiyyat\u0131nda b\u00f6hran\u0131n k\u0259skinl\u0259\u015fm\u0259si s\u0259b\u0259bind\u0259n bir \u00e7ox \u00f6lk\u0259l\u0259rd\u0259 sosial proqramlarla ba\u011fl\u0131 s\u0259rt q\u0259na\u0259t mexanizml\u0259ri i\u015f\u0259 sal\u0131nsa da, Az\u0259rbaycanda sosialy\u00f6n\u00fcml\u00fc siyas\u0259t daha da g\u00fccl\u0259ndirilir. Bunun \u0259yani n\u00fcmun\u0259si kimi, \u0259vv\u0259lki ill\u0259rd\u0259 oldu\u011fu kimi, n\u00f6vb\u0259ti ilin d\u00f6vl\u0259t b\u00fcdc\u0259si d\u0259 sosialy\u00f6n\u00fcml\u00fc xarakter da\u015f\u0131yacaq. C\u0259nab Prezidentin bu g\u00fcnl\u0259rd\u0259 Z\u0259rdab rayon ictimaiyy\u0259ti il\u0259 g\u00f6r\u00fc\u015f\u00fcnd\u0259 b\u0259yan etdiyi kimi, sosial m\u0259s\u0259l\u0259l\u0259rin h\u0259lli bundan sonra da prioritet olacaq v\u0259 sosial proqramlar g\u0259l\u0259n il d\u0259 art\u0131qlamas\u0131 il\u0259 icra edil\u0259c\u0259k\u201d.<\/p>\n<p>V\u0259t\u0259nda\u015flar\u0131n d\u00f6vl\u0259t b\u00fcdc\u0259si hesab\u0131na m\u0259nzill\u0259 t\u0259minata dair m\u00fcraci\u0259tl\u0259rini cavabland\u0131rark\u0259n S.M\u00fcsl\u00fcmov d\u00f6vl\u0259t ba\u015f\u00e7\u0131s\u0131n\u0131n 20 iyun 2014-c\u00fc il tarixli S\u0259r\u0259ncam\u0131na \u0259sas\u0259n g\u00f6r\u00fcl\u0259n i\u015fl\u0259rin davam\u0131 kimi, bu ilin \u00f6t\u0259n d\u00f6vr\u00fcnd\u0259 nazirliyin 258 n\u0259f\u0259r Qaraba\u011f m\u00fcharib\u0259si \u0259lili v\u0259 \u015f\u0259hid ail\u0259sini m\u0259nzill\u0259 t\u0259min etdiyini bildirib: \u201cS\u0259r\u0259ncam\u0131n icras\u0131 \u00e7\u0259r\u00e7iv\u0259sind\u0259\u00a0 Z\u0259rdab, Ucar, \u0130mi\u015fli,\u00a0 Beyl\u0259qan v\u0259 F\u00fczuli rayonlar\u0131nda 26 \u0259d\u0259d f\u0259rdi ya\u015fay\u0131\u015f evi bu t\u0259b\u0259q\u0259l\u0259rd\u0259n olan \u015f\u0259xsl\u0259rin istifad\u0259sin\u0259 verilib. H\u0259m\u00e7inin\u00a0 Beyl\u0259qan rayonunda bu ilin may ay\u0131nda 54 m\u0259nzilli ya\u015fay\u0131\u015f binas\u0131 Qaraba\u011f m\u00fcharib\u0259si \u0259lill\u0259ri v\u0259 \u015f\u0259hid ail\u0259l\u0259rin\u0259 t\u0259qdim olunub. Yax\u0131n vaxtlarda K\u00fcrd\u0259mir rayonunda 8 \u0259d\u0259d, F\u00fczuli rayonunda 4 \u0259d\u0259d\u00a0 f\u0259rdi ya\u015fay\u0131\u015f evi d\u0259 bu t\u0259b\u0259q\u0259l\u0259r\u0259 aid v\u0259t\u0259nda\u015flara veril\u0259c\u0259k. Bu rayonlarda h\u0259min imtiyazl\u0131 insanlar \u00fc\u00e7\u00fcn m\u0259nzil tikintisi haz\u0131rda davam etdirilir v\u0259 qar\u015f\u0131dak\u0131 d\u00f6vrd\u0259 d\u0259 yeni evl\u0259rin tikintisi n\u0259z\u0259rd\u0259 tutulur\u201d.<\/p>\n<p>Q\u0259bul zaman\u0131 bir s\u0131ra v\u0259t\u0259nda\u015flar\u0131n m\u00fcraci\u0259tl\u0259rin\u0259 \u0259sas\u0259n onlar\u0131n reabilitasiya vasit\u0259l\u0259ri, b\u0259rpa-m\u00fcalic\u0259 xidm\u0259tl\u0259ri il\u0259 t\u0259min edilm\u0259l\u0259ri, aktiv \u0259m\u0259k bazar\u0131 proqramlar\u0131na c\u0259lb olunmalar\u0131 v\u0259 s. il\u0259 \u0259laq\u0259dar \u00a0S.M\u00fcsl\u00fcmov t\u0259r\u0259find\u0259n nazirliyin aidiyy\u0259ti struktur b\u00f6lm\u0259l\u0259rinin m\u0259sul \u015f\u0259xsl\u0259rin\u0259 tap\u015f\u0131r\u0131qlar verilib. Habel\u0259 ayr\u0131-ayr\u0131 v\u0259t\u0259nda\u015flara ya\u015fad\u0131qlar\u0131 \u0259razi \u00fczr\u0259 m\u00fcnasib i\u015fl\u0259rl\u0259 t\u0259min edilm\u0259l\u0259ri \u00fc\u00e7\u00fcn vakant i\u015f yerl\u0259ri t\u0259klif olunub v\u0259 onlara se\u00e7dikl\u0259ri i\u015f yerl\u0259rin\u0259 g\u00f6nd\u0259ri\u015fl\u0259r t\u0259qdim edilib. \u201cHaz\u0131rda sakinl\u0259rini q\u0259bul etdiyimiz Z\u0259rdab, Ucar, K\u00fcrd\u0259mir, \u0130mi\u015fli, Beyl\u0259qan, F\u00fczuli, Xocav\u0259nd rayonlar\u0131 \u00fczr\u0259 bu ilin yanvar-noyabr aylar\u0131nda\u00a0 3175 n\u0259f\u0259r nazirliyin m\u0259\u015f\u011fulluq orqanlar\u0131 vasit\u0259sil\u0259 m\u00fcnasib i\u015fl\u0259rl\u0259 t\u0259min olunub, 104 n\u0259f\u0259r pe\u015f\u0259 haz\u0131rl\u0131\u011f\u0131 v\u0259 \u0259lav\u0259 t\u0259hsil kurslar\u0131na c\u0259lb edilib\u201d,- dey\u0259 bildir\u0259n S.M\u00fcsl\u00fcmov \u00f6z\u00fcn\u00fcm\u0259\u015f\u011fulluq proqram\u0131n\u0131n icras\u0131 i\u015fl\u0259rinin bu 7 rayonu da \u0259hat\u0259 etdiyini \u00a0diqq\u0259t\u0259 \u00e7atd\u0131r\u0131b: \u201cHaz\u0131rda \u00f6z\u00fcn\u00fcm\u0259\u015f\u011fulluq proqram\u0131 \u00fczr\u0259 t\u0259liml\u0259ri bitir\u0259nl\u0259r \u00fc\u00e7\u00fcn biznes-planlar\u0131n qiym\u0259tl\u0259ndirilm\u0259si prosesi davam edir. M\u00fcsb\u0259t hald\u0131r ki, indiy\u0259d\u0259k qiym\u0259tl\u0259ndirm\u0259d\u0259n ke\u00e7\u0259nl\u0259rin 80 faizd\u0259n \u00e7oxunun\u00a0 biznes-planlar\u0131 u\u011furlu hesab edilib. Onlar\u0131n ail\u0259 biznesl\u0259rinin qurulmas\u0131 \u00fc\u00e7\u00fcn mal v\u0259 materiallarla t\u0259min olunmalar\u0131na yax\u0131n vaxtlarda ba\u015flanacaq\u201d.<\/p>\n<p>Q\u0259bula g\u0259l\u0259n v\u0259t\u0259nda\u015flar \u0259halinin etibarl\u0131 sosial m\u00fcdafi\u0259sinin t\u0259\u015fkil olunmas\u0131na, sosial c\u0259h\u0259td\u0259n h\u0259ssas \u0259hali qruplar\u0131n\u0131n diqq\u0259t v\u0259 qay\u011f\u0131 il\u0259 \u0259hat\u0259 olunmas\u0131na g\u00f6r\u0259 Az\u0259rbaycan Prezidenti c\u0259nab \u0130lham \u018fliyev\u0259 minn\u0259tdarl\u0131qlar\u0131n\u0131 ifad\u0259 edibl\u0259r.<\/p>\n<p>Nazirliyin s\u0259lahiyy\u0259t dair\u0259sin\u0259 aid olmayan m\u0259s\u0259l\u0259l\u0259rl\u0259 ba\u011fl\u0131 m\u00fcraci\u0259tl\u0259r aidiyy\u0259ti qurumlara \u00e7atd\u0131r\u0131lmaq \u00fc\u00e7\u00fcn qeydiyyata al\u0131n\u0131b.<\/p>\n<p><strong>\u018fm\u0259k v\u0259 \u018fhalinin Sosial M\u00fcdafi\u0259si Nazirliyinin\u00a0<\/strong><strong>\u0130ctimaiyy\u0259tl\u0259 \u0259laq\u0259l\u0259r \u015f\u00f6b\u0259si<\/strong><\/p>\n<p><a href=\"http:\/\/www.zerdab.com\/nazir-s%c9%99lim-muslumov-z%c9%99rdabda-7-rayonun-sakinl%c9%99ri-il%c9%99-gorusub\/selim1\/\" rel=\"attachment wp-att-23953\"><img loading=\"lazy\" decoding=\"async\" class=\"aligncenter size-large wp-image-23953\" src=\"http:\/\/www.zerdab.com\/wp-content\/uploads\/2016\/12\/selim1-550x367.jpg\" alt=\"selim1\" width=\"550\" height=\"367\" \/><\/a><\/p>\n","protected":false},"excerpt":{"rendered":"<p>\u00a0Az\u0259rbaycan Respublikas\u0131 \u0259m\u0259k v\u0259 \u0259halinin sosial m\u00fcdafi\u0259si naziri S\u0259lim M\u00fcsl\u00fcmov Z\u0259rdab rayonunda bu rayonun v\u0259 Ucar, K\u00fcrd\u0259mir, \u0130mi\u015fli, Beyl\u0259qan, F\u00fczuli, Xocav\u0259nd rayonlar\u0131n\u0131n sakinl\u0259rini f\u0259rdi qaydada q\u0259bul edib. M\u00fcraci\u0259tl\u0259r imtiyazl\u0131 kateqoriyalardan olan \u015f\u0259xsl\u0259rin d\u00f6vl\u0259t b\u00fcdc\u0259si hesab\u0131na m\u0259nzil v\u0259 reabilitasiya vasit\u0259l\u0259ri, b\u0259rpa m\u00fcalic\u0259si xidm\u0259tl\u0259ri il\u0259 t\u0259min edilm\u0259si, \u0259m\u0259k h\u00fcquqlar\u0131n\u0131n m\u00fcdafi\u0259si, pensiya v\u0259 dig\u0259r sosial t\u0259minat n\u00f6vl\u0259rin\u0259 h\u00fcququn [&hellip;]<\/p>\n","protected":false},"author":1,"featured_media":0,"comment_status":"open","ping_status":"open","sticky":false,"template":"","format":"standard","meta":{"footnotes":""},"categories":[21],"tags":[],"class_list":{"0":"post-23951","1":"post","2":"type-post","3":"status-publish","4":"format-standard","6":"category-zrdab"},"yoast_head":"<!-- This site is optimized with the Yoast SEO plugin v27.0 - https:\/\/yoast.com\/product\/yoast-seo-wordpress\/ -->\n<title>Nazir S\u0259lim M\u00fcsl\u00fcmov Z\u0259rdabda 7 rayonun sakinl\u0259ri il\u0259 g\u00f6r\u00fc\u015f\u00fcb - Z\u0259rdab.com<\/title>\n<meta name=\"robots\" content=\"index, follow, max-snippet:-1, max-image-preview:large, max-video-preview:-1\" \/>\n<link rel=\"canonical\" href=\"https:\/\/www.zerdab.com\/?p=23951\" \/>\n<meta property=\"og:locale\" content=\"az_AZ\" \/>\n<meta property=\"og:type\" content=\"article\" \/>\n<meta property=\"og:title\" content=\"Nazir S\u0259lim M\u00fcsl\u00fcmov Z\u0259rdabda 7 rayonun sakinl\u0259ri il\u0259 g\u00f6r\u00fc\u015f\u00fcb - Z\u0259rdab.com\" \/>\n<meta property=\"og:description\" content=\"\u00a0Az\u0259rbaycan Respublikas\u0131 \u0259m\u0259k v\u0259 \u0259halinin sosial m\u00fcdafi\u0259si naziri S\u0259lim M\u00fcsl\u00fcmov Z\u0259rdab rayonunda bu rayonun v\u0259 Ucar, K\u00fcrd\u0259mir, \u0130mi\u015fli, Beyl\u0259qan, F\u00fczuli, Xocav\u0259nd rayonlar\u0131n\u0131n sakinl\u0259rini f\u0259rdi qaydada q\u0259bul edib. M\u00fcraci\u0259tl\u0259r imtiyazl\u0131 kateqoriyalardan olan \u015f\u0259xsl\u0259rin d\u00f6vl\u0259t b\u00fcdc\u0259si hesab\u0131na m\u0259nzil v\u0259 reabilitasiya vasit\u0259l\u0259ri, b\u0259rpa m\u00fcalic\u0259si xidm\u0259tl\u0259ri il\u0259 t\u0259min edilm\u0259si, \u0259m\u0259k h\u00fcquqlar\u0131n\u0131n m\u00fcdafi\u0259si, pensiya v\u0259 dig\u0259r sosial t\u0259minat n\u00f6vl\u0259rin\u0259 h\u00fcququn [&hellip;]\" \/>\n<meta property=\"og:url\" content=\"https:\/\/www.zerdab.com\/?p=23951\" \/>\n<meta property=\"og:site_name\" content=\"Z\u0259rdab.com\" \/>\n<meta property=\"article:published_time\" content=\"2016-12-09T08:21:25+00:00\" \/>\n<meta property=\"og:image\" content=\"http:\/\/www.zerdab.com\/wp-content\/uploads\/2016\/12\/selim1-550x367.jpg\" \/>\n<meta name=\"author\" content=\"admin\" \/>\n<meta name=\"twitter:card\" content=\"summary_large_image\" \/>\n<meta name=\"twitter:label1\" content=\"Written by\" \/>\n\t<meta name=\"twitter:data1\" content=\"admin\" \/>\n\t<meta name=\"twitter:label2\" content=\"Est. reading time\" \/>\n\t<meta name=\"twitter:data2\" content=\"5 minutes\" \/>\n<script type=\"application\/ld+json\" class=\"yoast-schema-graph\">{\"@context\":\"https:\/\/schema.org\",\"@graph\":[{\"@type\":\"Article\",\"@id\":\"https:\/\/www.zerdab.com\/?p=23951#article\",\"isPartOf\":{\"@id\":\"https:\/\/www.zerdab.com\/?p=23951\"},\"author\":{\"name\":\"admin\",\"@id\":\"https:\/\/www.zerdab.com\/#\/schema\/person\/97079b7570c1e89ec0d9e138c3672136\"},\"headline\":\"Nazir S\u0259lim M\u00fcsl\u00fcmov Z\u0259rdabda 7 rayonun sakinl\u0259ri il\u0259 g\u00f6r\u00fc\u015f\u00fcb\",\"datePublished\":\"2016-12-09T08:21:25+00:00\",\"mainEntityOfPage\":{\"@id\":\"https:\/\/www.zerdab.com\/?p=23951\"},\"wordCount\":988,\"commentCount\":0,\"image\":{\"@id\":\"https:\/\/www.zerdab.com\/?p=23951#primaryimage\"},\"thumbnailUrl\":\"http:\/\/www.zerdab.com\/wp-content\/uploads\/2016\/12\/selim1-550x367.jpg\",\"articleSection\":[\"C\u018fM\u0130YY\u018fT\"],\"inLanguage\":\"az\",\"potentialAction\":[{\"@type\":\"CommentAction\",\"name\":\"Comment\",\"target\":[\"https:\/\/www.zerdab.com\/?p=23951#respond\"]}]},{\"@type\":\"WebPage\",\"@id\":\"https:\/\/www.zerdab.com\/?p=23951\",\"url\":\"https:\/\/www.zerdab.com\/?p=23951\",\"name\":\"Nazir S\u0259lim M\u00fcsl\u00fcmov Z\u0259rdabda 7 rayonun sakinl\u0259ri il\u0259 g\u00f6r\u00fc\u015f\u00fcb - Z\u0259rdab.com\",\"isPartOf\":{\"@id\":\"https:\/\/www.zerdab.com\/#website\"},\"primaryImageOfPage\":{\"@id\":\"https:\/\/www.zerdab.com\/?p=23951#primaryimage\"},\"image\":{\"@id\":\"https:\/\/www.zerdab.com\/?p=23951#primaryimage\"},\"thumbnailUrl\":\"http:\/\/www.zerdab.com\/wp-content\/uploads\/2016\/12\/selim1-550x367.jpg\",\"datePublished\":\"2016-12-09T08:21:25+00:00\",\"author\":{\"@id\":\"https:\/\/www.zerdab.com\/#\/schema\/person\/97079b7570c1e89ec0d9e138c3672136\"},\"breadcrumb\":{\"@id\":\"https:\/\/www.zerdab.com\/?p=23951#breadcrumb\"},\"inLanguage\":\"az\",\"potentialAction\":[{\"@type\":\"ReadAction\",\"target\":[\"https:\/\/www.zerdab.com\/?p=23951\"]}]},{\"@type\":\"ImageObject\",\"inLanguage\":\"az\",\"@id\":\"https:\/\/www.zerdab.com\/?p=23951#primaryimage\",\"url\":\"\",\"contentUrl\":\"\"},{\"@type\":\"BreadcrumbList\",\"@id\":\"https:\/\/www.zerdab.com\/?p=23951#breadcrumb\",\"itemListElement\":[{\"@type\":\"ListItem\",\"position\":1,\"name\":\"Home\",\"item\":\"https:\/\/www.zerdab.com\/\"},{\"@type\":\"ListItem\",\"position\":2,\"name\":\"Nazir S\u0259lim M\u00fcsl\u00fcmov Z\u0259rdabda 7 rayonun sakinl\u0259ri il\u0259 g\u00f6r\u00fc\u015f\u00fcb\"}]},{\"@type\":\"WebSite\",\"@id\":\"https:\/\/www.zerdab.com\/#website\",\"url\":\"https:\/\/www.zerdab.com\/\",\"name\":\"Z\u0259rdab.com\",\"description\":\"\",\"potentialAction\":[{\"@type\":\"SearchAction\",\"target\":{\"@type\":\"EntryPoint\",\"urlTemplate\":\"https:\/\/www.zerdab.com\/?s={search_term_string}\"},\"query-input\":{\"@type\":\"PropertyValueSpecification\",\"valueRequired\":true,\"valueName\":\"search_term_string\"}}],\"inLanguage\":\"az\"},{\"@type\":\"Person\",\"@id\":\"https:\/\/www.zerdab.com\/#\/schema\/person\/97079b7570c1e89ec0d9e138c3672136\",\"name\":\"admin\",\"image\":{\"@type\":\"ImageObject\",\"inLanguage\":\"az\",\"@id\":\"https:\/\/www.zerdab.com\/#\/schema\/person\/image\/\",\"url\":\"https:\/\/secure.gravatar.com\/avatar\/d9c52a9a27c32119cb6679a077fa3e2779e5f822c451cbf01098004361d466ec?s=96&d=mm&r=g\",\"contentUrl\":\"https:\/\/secure.gravatar.com\/avatar\/d9c52a9a27c32119cb6679a077fa3e2779e5f822c451cbf01098004361d466ec?s=96&d=mm&r=g\",\"caption\":\"admin\"},\"url\":\"https:\/\/www.zerdab.com\/?author=1\"}]}<\/script>\n<!-- \/ Yoast SEO plugin. -->","yoast_head_json":{"title":"Nazir S\u0259lim M\u00fcsl\u00fcmov Z\u0259rdabda 7 rayonun sakinl\u0259ri il\u0259 g\u00f6r\u00fc\u015f\u00fcb - Z\u0259rdab.com","robots":{"index":"index","follow":"follow","max-snippet":"max-snippet:-1","max-image-preview":"max-image-preview:large","max-video-preview":"max-video-preview:-1"},"canonical":"https:\/\/www.zerdab.com\/?p=23951","og_locale":"az_AZ","og_type":"article","og_title":"Nazir S\u0259lim M\u00fcsl\u00fcmov Z\u0259rdabda 7 rayonun sakinl\u0259ri il\u0259 g\u00f6r\u00fc\u015f\u00fcb - Z\u0259rdab.com","og_description":"\u00a0Az\u0259rbaycan Respublikas\u0131 \u0259m\u0259k v\u0259 \u0259halinin sosial m\u00fcdafi\u0259si naziri S\u0259lim M\u00fcsl\u00fcmov Z\u0259rdab rayonunda bu rayonun v\u0259 Ucar, K\u00fcrd\u0259mir, \u0130mi\u015fli, Beyl\u0259qan, F\u00fczuli, Xocav\u0259nd rayonlar\u0131n\u0131n sakinl\u0259rini f\u0259rdi qaydada q\u0259bul edib. M\u00fcraci\u0259tl\u0259r imtiyazl\u0131 kateqoriyalardan olan \u015f\u0259xsl\u0259rin d\u00f6vl\u0259t b\u00fcdc\u0259si hesab\u0131na m\u0259nzil v\u0259 reabilitasiya vasit\u0259l\u0259ri, b\u0259rpa m\u00fcalic\u0259si xidm\u0259tl\u0259ri il\u0259 t\u0259min edilm\u0259si, \u0259m\u0259k h\u00fcquqlar\u0131n\u0131n m\u00fcdafi\u0259si, pensiya v\u0259 dig\u0259r sosial t\u0259minat n\u00f6vl\u0259rin\u0259 h\u00fcququn [&hellip;]","og_url":"https:\/\/www.zerdab.com\/?p=23951","og_site_name":"Z\u0259rdab.com","article_published_time":"2016-12-09T08:21:25+00:00","og_image":[{"url":"http:\/\/www.zerdab.com\/wp-content\/uploads\/2016\/12\/selim1-550x367.jpg","type":"","width":"","height":""}],"author":"admin","twitter_card":"summary_large_image","twitter_misc":{"Written by":"admin","Est. reading time":"5 minutes"},"schema":{"@context":"https:\/\/schema.org","@graph":[{"@type":"Article","@id":"https:\/\/www.zerdab.com\/?p=23951#article","isPartOf":{"@id":"https:\/\/www.zerdab.com\/?p=23951"},"author":{"name":"admin","@id":"https:\/\/www.zerdab.com\/#\/schema\/person\/97079b7570c1e89ec0d9e138c3672136"},"headline":"Nazir S\u0259lim M\u00fcsl\u00fcmov Z\u0259rdabda 7 rayonun sakinl\u0259ri il\u0259 g\u00f6r\u00fc\u015f\u00fcb","datePublished":"2016-12-09T08:21:25+00:00","mainEntityOfPage":{"@id":"https:\/\/www.zerdab.com\/?p=23951"},"wordCount":988,"commentCount":0,"image":{"@id":"https:\/\/www.zerdab.com\/?p=23951#primaryimage"},"thumbnailUrl":"http:\/\/www.zerdab.com\/wp-content\/uploads\/2016\/12\/selim1-550x367.jpg","articleSection":["C\u018fM\u0130YY\u018fT"],"inLanguage":"az","potentialAction":[{"@type":"CommentAction","name":"Comment","target":["https:\/\/www.zerdab.com\/?p=23951#respond"]}]},{"@type":"WebPage","@id":"https:\/\/www.zerdab.com\/?p=23951","url":"https:\/\/www.zerdab.com\/?p=23951","name":"Nazir S\u0259lim M\u00fcsl\u00fcmov Z\u0259rdabda 7 rayonun sakinl\u0259ri il\u0259 g\u00f6r\u00fc\u015f\u00fcb - Z\u0259rdab.com","isPartOf":{"@id":"https:\/\/www.zerdab.com\/#website"},"primaryImageOfPage":{"@id":"https:\/\/www.zerdab.com\/?p=23951#primaryimage"},"image":{"@id":"https:\/\/www.zerdab.com\/?p=23951#primaryimage"},"thumbnailUrl":"http:\/\/www.zerdab.com\/wp-content\/uploads\/2016\/12\/selim1-550x367.jpg","datePublished":"2016-12-09T08:21:25+00:00","author":{"@id":"https:\/\/www.zerdab.com\/#\/schema\/person\/97079b7570c1e89ec0d9e138c3672136"},"breadcrumb":{"@id":"https:\/\/www.zerdab.com\/?p=23951#breadcrumb"},"inLanguage":"az","potentialAction":[{"@type":"ReadAction","target":["https:\/\/www.zerdab.com\/?p=23951"]}]},{"@type":"ImageObject","inLanguage":"az","@id":"https:\/\/www.zerdab.com\/?p=23951#primaryimage","url":"","contentUrl":""},{"@type":"BreadcrumbList","@id":"https:\/\/www.zerdab.com\/?p=23951#breadcrumb","itemListElement":[{"@type":"ListItem","position":1,"name":"Home","item":"https:\/\/www.zerdab.com\/"},{"@type":"ListItem","position":2,"name":"Nazir S\u0259lim M\u00fcsl\u00fcmov Z\u0259rdabda 7 rayonun sakinl\u0259ri il\u0259 g\u00f6r\u00fc\u015f\u00fcb"}]},{"@type":"WebSite","@id":"https:\/\/www.zerdab.com\/#website","url":"https:\/\/www.zerdab.com\/","name":"Z\u0259rdab.com","description":"","potentialAction":[{"@type":"SearchAction","target":{"@type":"EntryPoint","urlTemplate":"https:\/\/www.zerdab.com\/?s={search_term_string}"},"query-input":{"@type":"PropertyValueSpecification","valueRequired":true,"valueName":"search_term_string"}}],"inLanguage":"az"},{"@type":"Person","@id":"https:\/\/www.zerdab.com\/#\/schema\/person\/97079b7570c1e89ec0d9e138c3672136","name":"admin","image":{"@type":"ImageObject","inLanguage":"az","@id":"https:\/\/www.zerdab.com\/#\/schema\/person\/image\/","url":"https:\/\/secure.gravatar.com\/avatar\/d9c52a9a27c32119cb6679a077fa3e2779e5f822c451cbf01098004361d466ec?s=96&d=mm&r=g","contentUrl":"https:\/\/secure.gravatar.com\/avatar\/d9c52a9a27c32119cb6679a077fa3e2779e5f822c451cbf01098004361d466ec?s=96&d=mm&r=g","caption":"admin"},"url":"https:\/\/www.zerdab.com\/?author=1"}]}},"_links":{"self":[{"href":"https:\/\/www.zerdab.com\/index.php?rest_route=\/wp\/v2\/posts\/23951","targetHints":{"allow":["GET"]}}],"collection":[{"href":"https:\/\/www.zerdab.com\/index.php?rest_route=\/wp\/v2\/posts"}],"about":[{"href":"https:\/\/www.zerdab.com\/index.php?rest_route=\/wp\/v2\/types\/post"}],"author":[{"embeddable":true,"href":"https:\/\/www.zerdab.com\/index.php?rest_route=\/wp\/v2\/users\/1"}],"replies":[{"embeddable":true,"href":"https:\/\/www.zerdab.com\/index.php?rest_route=%2Fwp%2Fv2%2Fcomments&post=23951"}],"version-history":[{"count":2,"href":"https:\/\/www.zerdab.com\/index.php?rest_route=\/wp\/v2\/posts\/23951\/revisions"}],"predecessor-version":[{"id":23955,"href":"https:\/\/www.zerdab.com\/index.php?rest_route=\/wp\/v2\/posts\/23951\/revisions\/23955"}],"wp:attachment":[{"href":"https:\/\/www.zerdab.com\/index.php?rest_route=%2Fwp%2Fv2%2Fmedia&parent=23951"}],"wp:term":[{"taxonomy":"category","embeddable":true,"href":"https:\/\/www.zerdab.com\/index.php?rest_route=%2Fwp%2Fv2%2Fcategories&post=23951"},{"taxonomy":"post_tag","embeddable":true,"href":"https:\/\/www.zerdab.com\/index.php?rest_route=%2Fwp%2Fv2%2Ftags&post=23951"}],"curies":[{"name":"wp","href":"https:\/\/api.w.org\/{rel}","templated":true}]}}