{"id":23986,"date":"2016-12-18T21:07:57","date_gmt":"2016-12-18T17:07:57","guid":{"rendered":"http:\/\/www.zerdab.com\/?p=23986"},"modified":"2016-12-18T21:07:57","modified_gmt":"2016-12-18T17:07:57","slug":"z%c9%99rdab-rayonunda-moht%c9%99s%c9%99m-h%c9%99rbi-v%c9%99t%c9%99np%c9%99rv%c9%99rlik-t%c9%99dbiri-kecirildi-fotolar","status":"publish","type":"post","link":"https:\/\/www.zerdab.com\/?p=23986","title":{"rendered":"Z\u0259rdab rayonunda m\u00f6ht\u0259\u015f\u0259m h\u0259rbi v\u0259t\u0259np\u0259rv\u0259rlik t\u0259dbiri ke\u00e7irildi &#8211; FOTOLAR"},"content":{"rendered":"<p>Z\u0259rdab rayonunda &#8220;L\u0259l\u0259t\u0259p\u0259 \u0259m\u0259liyyat\u0131 bizim q\u0259hr\u0259manl\u0131q r\u0259mzimizdir&#8221; devizi alt\u0131nda h\u0259rbi v\u0259t\u0259np\u0259rv\u0259rlik t\u0259dbiri ke\u00e7irilib.<\/p>\n<p>Zerdab.com sayt\u0131 x\u0259b\u0259r verir ki, t\u0259dbir Z\u0259rdab Rayon \u0130cra Hakimiyy\u0259ti v\u0259 Az\u0259rbaycan Respublikas\u0131 M\u00fcharib\u0259, \u018fm\u0259k v\u0259 Silahl\u0131 Q\u00fcvv\u0259l\u0259r Veteranlar\u0131 T\u0259\u015fkilat\u0131n\u0131n birg\u0259 t\u0259\u015fkilat\u00e7\u0131l\u0131\u011f\u0131 il\u0259 ba\u015f tutub. T\u0259dbir i\u015ftirak\u00e7\u0131lar\u0131 \u00fcmummilli lideri Heyd\u0259r \u018fliyevin abid\u0259sini,<\/p>\n<p>\u015e\u0259hidl\u0259rin Xatir\u0259 park\u0131n\u0131, Sovet \u0130ttifaq\u0131 Q\u0259hr\u0259man\u0131 M\u0259lik M\u0259h\u0259rr\u0259movun abid\u0259sini, el\u0259c\u0259 d\u0259 aprel d\u00f6y\u00fc\u015fl\u0259rinin z\u0259rdabl\u0131 \u015f\u0259hidi gizir Abdullazad\u0259 Nurlan Rasim o\u011flunun B\u00f6y\u00fck D\u0259kk\u0259 k\u0259ndind\u0259ki m\u0259zar\u0131n\u0131 ziyar\u0259t edibl\u0259r.<\/p>\n<p>Heyd\u0259r \u018fliyev M\u0259rk\u0259zind\u0259 ke\u00e7iril\u0259n h\u0259rbi v\u0259t\u0259np\u0259rv\u0259rlik t\u0259dbiri Az\u0259rbaycan Respublikas\u0131n\u0131n D\u00f6vl\u0259t Himninin ifas\u0131 v\u0259 \u00f6lk\u0259mizin \u0259razi b\u00fct\u00f6vl\u00fcy\u00fc, m\u00fcst\u0259qilliyi u\u011frunda \u015f\u0259hid olanlar\u0131n xatir\u0259sinin bir d\u0259qiq\u0259lik s\u00fckutla yad edilm\u0259si il\u0259 ba\u015flan\u0131b.<\/p>\n<p>Z\u0259rdab Rayon \u0130cra Hakimiyy\u0259tinin ba\u015f\u00e7\u0131s\u0131 L\u00fctv\u0259li Babayev \u00e7\u0131x\u0131\u015f ed\u0259r\u0259k bildirib ki, milli m\u0259tbuat\u0131m\u0131z\u0131n banisi H\u0259s\u0259n B\u0259y Z\u0259rdabi kimi b\u00f6y\u00fck m\u00fct\u0259f\u0259kkiri d\u00fcnyaya b\u0259x\u015f ed\u0259n bu diyar\u0131n insanlar\u0131, y\u00fczl\u0259rl\u0259 z\u0259rdabl\u0131 Qafqaz da\u011flar\u0131n\u0131n \u0259t\u0259kl\u0259rind\u0259n Berlin\u0259d\u0259k \u015fanl\u0131 d\u00f6y\u00fc\u015f yolu ke\u00e7mi\u015f, \u0130kinci D\u00fcnya m\u00fcharib\u0259sinin q\u0259l\u0259b\u0259 tarixin\u0259 unudulmaz q\u0259hr\u0259manl\u0131q s\u0259hif\u0259l\u0259ri yazm\u0131\u015flar. Sovet \u0130ttifaq\u0131 Q\u0259hr\u0259man\u0131 M\u0259lik M\u0259h\u0259rr\u0259movun, &#8220;\u015e\u00f6hr\u0259t&#8221; ordeninin h\u0259r 3 d\u0259r\u0259c\u0259si il\u0259 t\u0259ltif olunmu\u015f Muradal\u0131 Heyd\u0259rovun adlar\u0131 h\u0259rb tarixin\u0259 q\u0131z\u0131l h\u0259rfl\u0259rl\u0259 yaz\u0131lm\u0131\u015fd\u0131r.<\/p>\n<p>L\u00fctv\u0259li Babayev qeyd edib ki, Qaraba\u011f u\u011frunda d\u00f6y\u00fc\u015fl\u0259rd\u0259 ne\u00e7\u0259-ne\u00e7\u0259 z\u0259rdabl\u0131 g\u0259nc V\u0259t\u0259n qar\u015f\u0131s\u0131nda \u00f6z \u00f6vladl\u0131q borcunu \u015f\u0259r\u0259fl\u0259 yerin\u0259 yetirmi\u015f, 130-dan \u00e7ox h\u0259myerlimiz \u015f\u0259hidlik zirv\u0259sin\u0259 ucalm\u0131\u015fd\u0131r: &#8220;Bu g\u00fcn b\u00fct\u00fcn qo\u015fun n\u00f6vl\u0259rind\u0259 Z\u0259rdab rayonunun yetirm\u0259l\u0259rini g\u00f6rm\u0259k olar. \u0130ld\u0259n-il\u0259 h\u0259rb pe\u015f\u0259sini se\u00e7\u0259nl\u0259rin, taleyini zabitlik pe\u015f\u0259sin\u0259 ba\u011flayanlar\u0131n say\u0131 \u00e7oxal\u0131r. Son 2-3 il \u0259rzind\u0259 1000-\u0259 yax\u0131n z\u0259rdabl\u0131 \u0259sg\u0259rliyini ba\u015fa vurduqdan sonra yenid\u0259n orduya qay\u0131tm\u0131\u015f v\u0259 m\u00fcdd\u0259td\u0259n art\u0131q h\u0259qiqi h\u0259rbi xidm\u0259t h\u0259rbi qulluq\u00e7usu kimi Silahl\u0131 Q\u00fcvv\u0259l\u0259rd\u0259 xidm\u0259tl\u0259rini davam etdirm\u0259kd\u0259dirl\u0259r.<\/p>\n<p>G\u0259ncl\u0259rin ata v\u0259 babalar\u0131m\u0131z\u0131n q\u0259hr\u0259manl\u0131q \u0259n\u0259n\u0259l\u0259ri ruhunda t\u0259rbiy\u0259 edilm\u0259si, orduya haz\u0131rlanmas\u0131, onlarda v\u0259t\u0259np\u0259rv\u0259rlik hissl\u0259rinin y\u00fcks\u0259ldilm\u0259si rayon r\u0259hb\u0259rliyinin f\u0259aliyy\u0259tind\u0259 prioritetdir. M\u0259lum aprel d\u00f6y\u00fc\u015fl\u0259rind\u0259 Z\u0259rdabdan olan onlarla \u0259sg\u0259r v\u0259 zabit d\u0259 \u00f6z igidlikl\u0259ri, \u015f\u0259xsi \u015f\u00fcca\u0259t v\u0259 r\u0259\u015fad\u0259tl\u0259ri il\u0259 h\u0259myerlil\u0259rin\u0259 ba\u015fucal\u0131\u011f\u0131 g\u0259tirmi\u015fl\u0259r&#8221;.<\/p>\n<p>\u0130cra ba\u015f\u00e7\u0131s\u0131 b\u00fct\u00fcn xalq\u0131m\u0131z kimi h\u0259r bir z\u0259rdabl\u0131n\u0131n da h\u0259r an Ali Ba\u015f Komandan\u0131n\u00a0 \u0259mrl\u0259rin\u0259 haz\u0131r olduqlar\u0131n\u0131 bir daha n\u0259z\u0259r\u0259 \u00e7atd\u0131r\u0131b.<\/p>\n<p>Ali Ba\u015f Komandan\u0131n c\u0259bh\u0259 b\u00f6lg\u0259l\u0259rin\u0259 s\u0259f\u0259rl\u0259rini \u0259ks etdir\u0259n video-\u00e7arx\u0131n n\u00fcmayi\u015find\u0259n sonra L\u0259l\u0259t\u0259p\u0259 u\u011frunda d\u00f6y\u00fc\u015fl\u0259rin i\u015ftirak\u00e7\u0131s\u0131, M\u00fcdafi\u0259 Nazirliyinin zabiti, \u018fm\u0259kdar \u0130nc\u0259s\u0259n\u0259t xadimi, Prezidentin f\u0259rdi t\u0259qa\u00fcd\u00e7\u00fcs\u00fc, polkovnik Abdulla Qurbani s\u0259hn\u0259y\u0259 d\u0259v\u0259t edilib. O, m\u0259zuniyy\u0259td\u0259 olmas\u0131na baxmayaraq bu t\u0259dbird\u0259 i\u015ftirak\u0131ndan q\u00fcrur duydu\u011funu bildirib. Polkovnik A.Qurbani deyib: &#8220;T\u0259dbir\u0259 \u00e7ox g\u00f6z\u0259l bir ad se\u00e7misiniz: &#8220;L\u0259l\u0259t\u0259p\u0259 \u0259m\u0259liyyat\u0131 bizim q\u0259hr\u0259manl\u0131q r\u0259mzimizdir&#8221;. Bu d\u0259y\u0259rli s\u00f6zl\u0259r Az\u0259rbaycan Respublikas\u0131n\u0131n Prezidenti, Silahl\u0131 Q\u00fcvv\u0259l\u0259rin Ali Ba\u015f Komandan\u0131 c\u0259nab \u0130lham \u018fliyev\u0259 m\u0259xsusdur. Bu, h\u0259qiq\u0259t\u0259n d\u0259 bel\u0259dir. M\u0259hz Az\u0259rbaycan ordusu m\u00fcdrik v\u0259 q\u0259tiyy\u0259tli s\u0259rk\u0259rd\u0259mizin &#8211; c\u0259nab \u0130lham \u018fliyevin r\u0259hb\u0259rliyi alt\u0131nda aprel d\u00f6y\u00fc\u015fl\u0259rind\u0259 q\u0259l\u0259b\u0259 \u00e7ald\u0131, d\u00fc\u015fm\u0259nin layiqli d\u0259rsini verdi. F\u00fczuli, C\u0259bray\u0131l v\u0259 A\u011fd\u0259r\u0259 rayonlar\u0131n\u0131n \u0259razil\u0259rind\u0259 i\u015f\u011fal alt\u0131nda olan 2000 hektardan \u00e7ox torpaq u\u011furlu \u0259ks-h\u00fccum \u0259m\u0259liyyat\u0131 n\u0259tic\u0259sind\u0259 i\u015f\u011fal\u00e7\u0131lardan azad edildi, minl\u0259rl\u0259 hektar torpaq Az\u0259rbaycan ordusunun tam n\u0259zar\u0259tin\u0259 ke\u00e7di v\u0259 s\u00f6z\u00fcn h\u0259qiqi m\u0259nas\u0131nda, uzun ill\u0259rd\u0259n sonra q\u0259hr\u0259man d\u00f6y\u00fc\u015f\u00e7\u00fcl\u0259rimiz xalq\u0131m\u0131za q\u0259l\u0259b\u0259 sevinci ya\u015fatd\u0131. Ali Ba\u015f Komandan\u0131m\u0131z\u0131n da d\u0259f\u0259l\u0259rl\u0259 dediyi kimi, aprel d\u00f6y\u00fc\u015fl\u0259ri d\u00f6vl\u0259timizin v\u0259 ordumuzun g\u00fcc\u00fcn\u00fc, xalq\u0131m\u0131z\u0131n birliyini, h\u0259mr\u0259yliyini v\u0259 v\u0259t\u0259np\u0259rv\u0259rliyini n\u00fcmayi\u015f etdirdi&#8221;.<\/p>\n<p>Polkovnik A.Qurbani L\u0259l\u0259t\u0259p\u0259 \u0259m\u0259liyyatlar\u0131 bar\u0259d\u0259 \u0259trafl\u0131 m\u0259lumat verib, bir z\u0259rdabl\u0131 zabitin h\u0259yat v\u0259 d\u00f6y\u00fc\u015f yolu, L\u0259l\u0259t\u0259p\u0259 u\u011frunda d\u00f6y\u00fc\u015fl\u0259rd\u0259 x\u00fcsusi xidm\u0259tl\u0259ri bar\u0259d\u0259 dan\u0131\u015f\u0131b.<\/p>\n<p>Bildirib ki, L\u0259l\u0259t\u0259p\u0259 fatehl\u0259rind\u0259n biri olan El\u015f\u0259n Qarayev 1973-c\u00fc ild\u0259 Z\u0259rdab \u015f\u0259h\u0259rind\u0259 do\u011fulub. 1990-c\u0131 ild\u0259 orta m\u0259kt\u0259bi bitirdikd\u0259n sonra G\u00fcrc\u00fcstana ged\u0259r\u0259k Tbilisi Ali Artilleriya M\u0259kt\u0259bin\u0259 daxil olub. \u0130ctimai-siyasi v\u0259ziyy\u0259t g\u0259rginl\u0259\u015fdiyind\u0259n 6 ay sonra Az\u0259rbaycana qay\u0131d\u0131b v\u0259 Bak\u0131 \u00dcmumqo\u015fun Komandirl\u0259ri Ali H\u0259rbi M\u0259kt\u0259bind\u0259 t\u0259hsilini davam etdirib. 3-c\u00fc kursda oxuyark\u0259n bir qrup kursantla k\u00f6n\u00fcll\u00fc olaraq Qaraba\u011f u\u011frunda d\u00f6y\u00fc\u015fl\u0259r\u0259 yollan\u0131b. 45 g\u00fcn A\u011fdam c\u0259bh\u0259sind\u0259, Q\u0259rv\u0259nd k\u0259ndi u\u011frunda ged\u0259n g\u0259rgin d\u00f6y\u00fc\u015fl\u0259rd\u0259 i\u015ftirak edib.<\/p>\n<p>1994-1995-ci ill\u0259rd\u0259 d\u00f6vl\u0259t \u00e7evrili\u015fi c\u0259hdl\u0259rinin qar\u015f\u0131s\u0131n\u0131n al\u0131nmas\u0131nda \u0259sl v\u0259t\u0259np\u0259rv\u0259rlik n\u00fcmun\u0259si g\u00f6st\u0259rib. 1995-ci ild\u0259 Bak\u0131-Moskva s\u00fcr\u0259t qatar\u0131nda axtar\u0131\u015f zaman\u0131 partlay\u0131c\u0131 qur\u011fu a\u015fkarlad\u0131\u011f\u0131na g\u00f6r\u0259 M\u00fcdafi\u0259 naziri t\u0259r\u0259find\u0259n m\u00fckafatland\u0131r\u0131l\u0131b. 20 il\u0259 yax\u0131n c\u0259bh\u0259 b\u00f6lg\u0259l\u0259rind\u0259 xidm\u0259t edib. Taq\u0131m komandirliyind\u0259n briqadan\u0131n m\u00fch\u0259ndis xidm\u0259ti r\u0259isi v\u0259zif\u0259sin\u0259d\u0259k y\u00fcks\u0259lib.<\/p>\n<p>Diqq\u0259t\u0259 \u00e7atd\u0131r\u0131l\u0131b ki, 2014-c\u00fc ild\u0259n yeni yaranm\u0131\u015f \u0259lahidd\u0259 istehkam taborunun komandiri olan polkovnik-leytenant El\u015f\u0259n Qarayev d\u0259 m\u00fc\u015fahid\u0259l\u0259ri n\u0259tic\u0259sind\u0259 hiss edirdi ki, d\u00fc\u015fm\u0259n m\u00f6vqel\u0259rini m\u00f6hk\u0259ml\u0259ndirir, texnika v\u0259 canl\u0131 q\u00fcvv\u0259sini \u00f6n x\u0259tt\u0259 yerl\u0259\u015fdirir v\u0259 d\u00fc\u015fm\u0259nin h\u00fccuma haz\u0131rla\u015fd\u0131\u011f\u0131 m\u0259lum idi. Odur ki, El\u015f\u0259ngil d\u0259 sakit durmam\u0131\u015fd\u0131lar. Dig\u0259r t\u0259mas x\u0259ttind\u0259 oldu\u011fu kimi, Xocav\u0259nd, A\u011fcab\u0259di, Beyl\u0259qan, F\u00fczuli, C\u0259bray\u0131l istiqam\u0259tl\u0259rind\u0259 d\u0259 m\u00fch\u0259ndis-istehkam i\u015finin m\u00f6hk\u0259ml\u0259ndirilm\u0259si geni\u015f v\u00fcs\u0259t alm\u0131\u015fd\u0131. V\u0259 b\u00fct\u00fcn bu i\u015fl\u0259r\u0259 bilavasit\u0259 z\u0259rdabl\u0131 zabit r\u0259hb\u0259rlik edirdi. Yollar \u00e7\u0259kilir, s\u0259ng\u0259rl\u0259r qaz\u0131l\u0131r, \u015f\u0259xsi hey\u0259t \u00fc\u00e7\u00fcn s\u0131\u011f\u0131nacaqlar tikilir, qur\u011fular maskalanaraq d\u00f6y\u00fc\u015f\u0259 haz\u0131r v\u0259ziyy\u0259t\u0259 g\u0259tirilirdi. Mane\u0259l\u0259r zola\u011f\u0131 t\u0259kmill\u0259\u015fdirilir, d\u00fc\u015fm\u0259nin mina sah\u0259l\u0259ri d\u0259qiql\u0259\u015fdirilir, tanklar\u0131n h\u0259r\u0259k\u0259ti istiqam\u0259tind\u0259 x\u0259nd\u0259kl\u0259r qaz\u0131l\u0131r, t\u0259liml\u0259r daha da s\u0259m\u0259r\u0259li t\u0259\u015fkil edil\u0259r\u0259k yeni g\u0259tirilmi\u015f texnika v\u0259 qur\u011fular d\u0259qiq \u00f6yr\u0259dilir, \u015f\u0259xsi hey\u0259tin h\u0259r an irimiqyasl\u0131 \u0259ks-h\u00fccuma haz\u0131r olmas\u0131 t\u0259bli\u011f edilirdi. \u015e\u0259xsi hey\u0259tin d\u00f6y\u00fc\u015f ruhu \u00e7ox y\u00fcks\u0259k idi.<\/p>\n<p>Son g\u00fcnl\u0259r b\u00fct\u00fcn c\u0259bh\u0259 boyu d\u00fc\u015fm\u0259nin f\u0259alla\u015fd\u0131\u011f\u0131n\u0131, h\u0259tta bir \u00e7ox ya\u015fay\u0131\u015f m\u0259nt\u0259q\u0259l\u0259rinin at\u0259\u015f\u0259 m\u0259ruz qald\u0131\u011f\u0131n\u0131 m\u00fch\u0259ndis-istehkam\u00e7\u0131lar da yax\u015f\u0131 bilirdil\u0259r. El\u015f\u0259n Qarayevin taboru tap\u015f\u0131r\u0131q alm\u0131\u015fd\u0131 ki, n\u0259yin bahas\u0131na olursa-olsun d\u00fc\u015fm\u0259nin silahl\u0131 t\u0259xribat\u0131n\u0131n qar\u015f\u0131s\u0131 al\u0131nmal\u0131 v\u0259 \u00f6z qo\u015funlar\u0131m\u0131z\u0131n \u0259ks h\u0259ml\u0259si \u00fc\u00e7\u00fcn m\u00fch\u0259ndis-istehkam n\u00f6qteyi-n\u0259z\u0259rind\u0259n ist\u0259nil\u0259n anda tam d\u0259st\u0259k verilm\u0259lidir.<\/p>\n<p>Abdulla Qurbani Z\u0259rdabdan olan q\u0259hr\u0259man polkovnik-leytenant El\u015f\u0259n Qarayevi s\u0259hn\u0259y\u0259 d\u0259v\u0259t edib.<\/p>\n<p>T\u0259dbir i\u015ftirak\u00e7\u0131lar\u0131 d\u00f6y\u00fc\u015fl\u0259rd\u0259 sa\u011f aya\u011f\u0131n\u0131 itirmi\u015f v\u0259 bir ne\u00e7\u0259 yara alm\u0131\u015f aprel d\u00f6y\u00fc\u015fl\u0259rinin qazisini, L\u0259l\u0259t\u0259p\u0259 fatehl\u0259rind\u0259n birini ayaq \u00fcst\u0259 alq\u0131\u015flarla qar\u015f\u0131lay\u0131blar. \u0130gid zabit g\u00fcl-\u00e7i\u00e7\u0259k ya\u011f\u0131\u015f\u0131na q\u0259rq olub. B\u0259st\u0259kar Azad Zahidin Abdulla Qurbaninin s\u00f6zl\u0259rin\u0259 yazd\u0131\u011f\u0131 &#8220;L\u0259l\u0259t\u0259p\u0259 fatehl\u0259ri&#8221; q\u0259hr\u0259manl\u0131q odas\u0131 ifa edilib.<\/p>\n<p>\u00d6z h\u0259myerlil\u0259rini \u00fcr\u0259kd\u0259n salamlayan, d\u00f6y\u00fc\u015fl\u0259r zaman\u0131 onlarla maraqlanan, do\u011fmalar\u0131na, valideynl\u0259rin\u0259 daim m\u0259n\u0259vi dayaq olan z\u0259rdabl\u0131lara, rayon r\u0259hb\u0259rliyin\u0259 minn\u0259tdarl\u0131\u011f\u0131n\u0131 bildirir v\u0259 n\u0259hay\u0259t ilk aprel gec\u0259sini xat\u0131rlayaraq deyib: &#8220;O gec\u0259 sanki d\u00f6y\u00fc\u015f\u0259 deyil, toy-d\u00fcy\u00fcn\u0259 gedirdik. He\u00e7 kimd\u0259 qorxu hissi deyil\u0259n \u015fey yox idi. M\u0259qs\u0259dimiz d\u00fc\u015fm\u0259nin silahl\u0131 t\u0259xribat\u0131n\u0131n qar\u015f\u0131s\u0131n\u0131 almaq, onu geri oturtmaq v\u0259 strateji y\u00fcks\u0259kliyi \u0259l\u0259 ke\u00e7irm\u0259k idi. Bilirdik ki, \u00f6ls\u0259k, yaralansaq xalq\u0131m\u0131z bizi ya\u015fadacaq, xatir\u0259mizi \u0259ziz tutacaq, ad\u0131m\u0131z\u0131 \u0259b\u0259dil\u0259\u015fdir\u0259c\u0259k, ail\u0259mizi diqq\u0259t v\u0259 qay\u011f\u0131yla \u0259hat\u0259 ed\u0259c\u0259kdir. T\u0259ki V\u0259t\u0259n\u00a0 sa\u011f olsun!&#8221;<\/p>\n<p>Aprel d\u00f6y\u00fc\u015fl\u0259rind\u0259 g\u00f6st\u0259rdiyi \u015f\u0259xsi \u015f\u00fcca\u0259t v\u0259 r\u0259\u015fad\u0259t\u0259 g\u00f6r\u0259 Prezident s\u0259r\u0259ncam\u0131 il\u0259 &#8220;V\u0259t\u0259n u\u011frunda&#8221; medal\u0131 il\u0259 t\u0259ltif olunmu\u015f E. Qarayev aprel d\u00f6y\u00fc\u015fl\u0259rini xat\u0131rlay\u0131b v\u0259 Qaraba\u011f u\u011frunda d\u00f6y\u00fc\u015fl\u0259r ba\u015flayacaqsa, yen\u0259 d\u0259 d\u00f6y\u00fc\u015f b\u00f6lg\u0259sind\u0259, q\u0259hr\u0259man d\u00f6y\u00fc\u015f\u00e7\u00fcl\u0259rin s\u0131ralar\u0131nda olaca\u011f\u0131na s\u00f6z verib.<\/p>\n<p>Vaxtil\u0259 igid zabit\u0259 d\u0259rs demi\u015f Z\u0259rdab \u015f\u0259h\u0259r 3 n\u00f6mr\u0259li tam orta m\u0259kt\u0259binin m\u00fc\u0259llimi Solmaz M\u0259mm\u0259dova, sinif yolda\u015f\u0131 Natiq Mehr\u0259liyev, Qaraba\u011f M\u00fcharib\u0259si Veteranlar\u0131, \u018flill\u0259ri v\u0259 \u015e\u0259hid Ail\u0259l\u0259ri \u0130ctimai Birliyinin Z\u0259rdab rayon \u015f\u00f6b\u0259sinin s\u0259dri Neman Yediyarov \u00e7\u0131x\u0131\u015f ed\u0259r\u0259k El\u015f\u0259nin v\u0259 b\u00fct\u00fcn aprel d\u00f6y\u00fc\u015fl\u0259rinin i\u015ftirak\u00e7\u0131lar\u0131n\u0131n q\u0259hr\u0259manl\u0131qlar\u0131ndan q\u00fcrur duyduqlar\u0131n\u0131 bildiribl\u0259r.<\/p>\n<p>Az\u0259rbaycan M\u00fcharib\u0259, \u018fm\u0259k v\u0259 Silahl\u0131 Q\u00fcvv\u0259l\u0259r Veteranlar\u0131 T\u0259\u015fkilat\u0131n\u0131n s\u0259dr m\u00fcavini, polkovnik C\u0259lil X\u0259lilov t\u0259dbir i\u015ftirak\u00e7\u0131lar\u0131n\u0131 \u00f6lk\u0259nin veteranlar ordusu ad\u0131ndan salamlay\u0131b v\u0259 bir ne\u00e7\u0259 g\u00fcn \u00f6nc\u0259 c\u0259bh\u0259 b\u00f6lg\u0259l\u0259rin\u0259 s\u0259f\u0259rl\u0259rinin t\u0259\u0259ss\u00fcratlar\u0131n\u0131 dan\u0131\u015f\u0131b. O, qeyd edib ki, bu g\u00fcn Az\u0259rbaycan ordusu n\u0259inki regionun, h\u0259tta d\u00fcnyan\u0131n \u0259n g\u00fccl\u00fc ordular\u0131 s\u0131ras\u0131ndad\u0131r. B\u00fct\u00fcn h\u0259rbi hiss\u0259l\u0259rd\u0259, el\u0259c\u0259 d\u0259 c\u0259bh\u0259 b\u00f6lg\u0259l\u0259rind\u0259 \u0259sg\u0259ri xidm\u0259t \u00fc\u00e7\u00fcn h\u0259r c\u00fcr \u015f\u0259rait yarad\u0131l\u0131b, h\u0259rb\u00e7il\u0259rin d\u00f6y\u00fc\u015f ruhu, v\u0259t\u0259np\u0259rv\u0259rlik hissi \u00e7ox y\u00fcks\u0259kdir. M\u00f6ht\u0259r\u0259m Prezidentimiz, Ali Ba\u015f Komandan c\u0259nab \u0130lham \u018fliyevin c\u0259bh\u0259 b\u00f6lg\u0259l\u0259rin\u0259 s\u0259f\u0259rl\u0259ri, h\u0259rb\u00e7il\u0259r qar\u015f\u0131s\u0131nda proqram \u0259h\u0259miyy\u0259tli \u00e7\u0131x\u0131\u015flar\u0131, d\u00f6y\u00fc\u015fl\u0259rd\u0259 f\u0259rql\u0259nmi\u015f bir qrup h\u0259rbi qulluq\u00e7unu qiym\u0259tli h\u0259diyy\u0259l\u0259rl\u0259 m\u00fckafatland\u0131rmas\u0131 \u00f6n s\u0259ng\u0259rl\u0259rd\u0259ki \u0259sg\u0259rl\u0259rin q\u0259l\u0259b\u0259 \u0259zmini daha da art\u0131r\u0131b v\u0259 onlar ist\u0259nil\u0259n anda aprel d\u00f6y\u00fc\u015fl\u0259rind\u0259 qazan\u0131lan q\u0259l\u0259b\u0259ni t\u0259krarlama\u011fa haz\u0131rd\u0131rlar.<\/p>\n<p>L\u0259l\u0259t\u0259p\u0259 u\u011frunda d\u00f6y\u00fc\u015fl\u0259rin f\u0259al i\u015ftirak\u00e7\u0131lar\u0131ndan olan polkovnik-leytenant El\u015f\u0259n N\u00fcsr\u0259t o\u011fluna v\u0259 aprel d\u00f6y\u00fc\u015fl\u0259ri zaman\u0131 \u015f\u0259hidlik zirv\u0259sin\u0259 ucalm\u0131\u015f gizir Nurlan Rasim o\u011flunun ail\u0259sin\u0259 Az\u0259rbaycan M\u00fcharib\u0259, \u018fm\u0259k v\u0259 Silahl\u0131 Q\u00fcvv\u0259l\u0259r Veteranlar\u0131 T\u0259\u015fkilat\u0131n\u0131n t\u0259sis etdiyi yubiley medallar\u0131 t\u0259qdim edilib. Eyni zamanda Z\u0259rdab Rayon \u0130cra Hakimiyy\u0259tinin r\u0259hb\u0259rliyi rayonda v\u0259t\u0259np\u0259rv\u0259rlik i\u015finin t\u0259\u015fkilind\u0259 xidm\u0259tl\u0259rin\u0259 g\u00f6r\u0259 h\u0259min t\u0259\u015fkilat\u0131n x\u00fcsusi m\u00fckafatlar\u0131na layiq g\u00f6r\u00fcl\u00fcb.<\/p>\n<p>&#8220;L\u0259l\u0259t\u0259p\u0259 \u0259m\u0259liyyat\u0131 bizim q\u0259hr\u0259manl\u0131q r\u0259mzimizdir&#8221; devizi alt\u0131nda ke\u00e7iril\u0259n h\u0259rbi v\u0259t\u0259np\u0259rv\u0259rlik t\u0259dbirinin sonunda Z\u0259rdab Rayon \u0130cra Hakimiyy\u0259tinin ba\u015f\u00e7\u0131s\u0131 L\u00fctv\u0259li Babayev m\u00fcharib\u0259 \u015f\u0259raitind\u0259 olan bir m\u0259ml\u0259k\u0259td\u0259 bu kimi h\u0259rbi v\u0259t\u0259np\u0259rv\u0259rlik t\u0259dbirl\u0259rin\u0259 b\u00f6y\u00fck ehtiyac oldu\u011funu, bu istiqam\u0259td\u0259 bundan sonra da yeni-yeni t\u0259dbirl\u0259rin t\u0259\u015fkil edil\u0259c\u0259yin\u0259 \u0259minliyini bildirib, b\u00fct\u00fcn xalq\u0131m\u0131z kimi z\u0259rdabl\u0131lar\u0131n da Ali Ba\u015f Komandan\u0131n \u0259mrl\u0259rin\u0259 h\u0259r an m\u00fcnt\u0259zir oldu\u011funu b\u0259yan edib.<\/p>\n<p><strong>Zerdab.com<\/strong><\/p>\n<p><a href=\"http:\/\/www.zerdab.com\/z%c9%99rdab-rayonunda-moht%c9%99s%c9%99m-h%c9%99rbi-v%c9%99t%c9%99np%c9%99rv%c9%99rlik-t%c9%99dbiri-kecirildi-fotolar\/zerdab-rayonu-herbi1\/\" rel=\"attachment wp-att-23989\"><img loading=\"lazy\" decoding=\"async\" class=\"aligncenter size-large wp-image-23989\" src=\"http:\/\/www.zerdab.com\/wp-content\/uploads\/2016\/12\/Zerdab-rayonu-herbi1-550x367.jpg\" alt=\"\" width=\"550\" height=\"367\" \/><\/a><a href=\"http:\/\/www.zerdab.com\/z%c9%99rdab-rayonunda-moht%c9%99s%c9%99m-h%c9%99rbi-v%c9%99t%c9%99np%c9%99rv%c9%99rlik-t%c9%99dbiri-kecirildi-fotolar\/zerdab-rayonu-herbi3\/\" rel=\"attachment wp-att-23991\"><img loading=\"lazy\" decoding=\"async\" class=\"aligncenter size-large wp-image-23991\" src=\"http:\/\/www.zerdab.com\/wp-content\/uploads\/2016\/12\/Zerdab-rayonu-herbi3-550x367.jpg\" alt=\"\" width=\"550\" height=\"367\" \/><\/a> <a href=\"http:\/\/www.zerdab.com\/z%c9%99rdab-rayonunda-moht%c9%99s%c9%99m-h%c9%99rbi-v%c9%99t%c9%99np%c9%99rv%c9%99rlik-t%c9%99dbiri-kecirildi-fotolar\/zerdab-rayonu-herbi2\/\" rel=\"attachment wp-att-23990\"><img loading=\"lazy\" decoding=\"async\" class=\"aligncenter size-large wp-image-23990\" src=\"http:\/\/www.zerdab.com\/wp-content\/uploads\/2016\/12\/Zerdab-rayonu-herbi2-550x367.jpg\" alt=\"\" width=\"550\" height=\"367\" \/><\/a> <a href=\"http:\/\/www.zerdab.com\/z%c9%99rdab-rayonunda-moht%c9%99s%c9%99m-h%c9%99rbi-v%c9%99t%c9%99np%c9%99rv%c9%99rlik-t%c9%99dbiri-kecirildi-fotolar\/zerdab-rayonu-herbi3\/\" rel=\"attachment wp-att-23991\"><br \/>\n<\/a> <a href=\"http:\/\/www.zerdab.com\/z%c9%99rdab-rayonunda-moht%c9%99s%c9%99m-h%c9%99rbi-v%c9%99t%c9%99np%c9%99rv%c9%99rlik-t%c9%99dbiri-kecirildi-fotolar\/zerdab-rayonu-herbi4\/\" rel=\"attachment wp-att-23992\"><img loading=\"lazy\" decoding=\"async\" class=\"aligncenter size-large wp-image-23992\" src=\"http:\/\/www.zerdab.com\/wp-content\/uploads\/2016\/12\/Zerdab-rayonu-herbi4-321x550.jpg\" alt=\"\" width=\"321\" height=\"550\" \/><\/a> <a href=\"http:\/\/www.zerdab.com\/z%c9%99rdab-rayonunda-moht%c9%99s%c9%99m-h%c9%99rbi-v%c9%99t%c9%99np%c9%99rv%c9%99rlik-t%c9%99dbiri-kecirildi-fotolar\/zerdab-rayonu-herbi5\/\" rel=\"attachment wp-att-23993\"><img loading=\"lazy\" decoding=\"async\" class=\"aligncenter size-large wp-image-23993\" src=\"http:\/\/www.zerdab.com\/wp-content\/uploads\/2016\/12\/Zerdab-rayonu-herbi5-367x550.jpg\" alt=\"\" width=\"367\" height=\"550\" \/><\/a> <a href=\"http:\/\/www.zerdab.com\/z%c9%99rdab-rayonunda-moht%c9%99s%c9%99m-h%c9%99rbi-v%c9%99t%c9%99np%c9%99rv%c9%99rlik-t%c9%99dbiri-kecirildi-fotolar\/zerdab-rayonu-herbi6\/\" rel=\"attachment wp-att-23994\"><img loading=\"lazy\" decoding=\"async\" class=\"aligncenter size-large wp-image-23994\" src=\"http:\/\/www.zerdab.com\/wp-content\/uploads\/2016\/12\/Zerdab-rayonu-herbi6-550x367.jpg\" alt=\"\" width=\"550\" height=\"367\" \/><\/a> <a href=\"http:\/\/www.zerdab.com\/z%c9%99rdab-rayonunda-moht%c9%99s%c9%99m-h%c9%99rbi-v%c9%99t%c9%99np%c9%99rv%c9%99rlik-t%c9%99dbiri-kecirildi-fotolar\/zerdab-rayonu-herbi7\/\" rel=\"attachment wp-att-23995\"><img loading=\"lazy\" decoding=\"async\" class=\"aligncenter size-large wp-image-23995\" src=\"http:\/\/www.zerdab.com\/wp-content\/uploads\/2016\/12\/Zerdab-rayonu-herbi7-550x367.jpg\" alt=\"\" width=\"550\" height=\"367\" \/><\/a> <a href=\"http:\/\/www.zerdab.com\/z%c9%99rdab-rayonunda-moht%c9%99s%c9%99m-h%c9%99rbi-v%c9%99t%c9%99np%c9%99rv%c9%99rlik-t%c9%99dbiri-kecirildi-fotolar\/zerdab-rayonu-herbi8\/\" rel=\"attachment wp-att-23996\"><img loading=\"lazy\" decoding=\"async\" class=\"aligncenter size-large wp-image-23996\" src=\"http:\/\/www.zerdab.com\/wp-content\/uploads\/2016\/12\/Zerdab-rayonu-herbi8-550x367.jpg\" alt=\"\" width=\"550\" height=\"367\" \/><\/a> <a href=\"http:\/\/www.zerdab.com\/z%c9%99rdab-rayonunda-moht%c9%99s%c9%99m-h%c9%99rbi-v%c9%99t%c9%99np%c9%99rv%c9%99rlik-t%c9%99dbiri-kecirildi-fotolar\/zerdab-rayonu-herbi9\/\" rel=\"attachment wp-att-23997\"><img loading=\"lazy\" decoding=\"async\" class=\"aligncenter size-large wp-image-23997\" src=\"http:\/\/www.zerdab.com\/wp-content\/uploads\/2016\/12\/Zerdab-rayonu-herbi9-550x367.jpg\" alt=\"\" width=\"550\" height=\"367\" \/><\/a> <a href=\"http:\/\/www.zerdab.com\/z%c9%99rdab-rayonunda-moht%c9%99s%c9%99m-h%c9%99rbi-v%c9%99t%c9%99np%c9%99rv%c9%99rlik-t%c9%99dbiri-kecirildi-fotolar\/zerdab-rayonu-herbi11\/\" rel=\"attachment wp-att-23998\"><img loading=\"lazy\" decoding=\"async\" class=\"aligncenter size-large wp-image-23998\" src=\"http:\/\/www.zerdab.com\/wp-content\/uploads\/2016\/12\/Zerdab-rayonu-herbi11-367x550.jpg\" alt=\"\" width=\"367\" height=\"550\" \/><\/a> <a href=\"http:\/\/www.zerdab.com\/z%c9%99rdab-rayonunda-moht%c9%99s%c9%99m-h%c9%99rbi-v%c9%99t%c9%99np%c9%99rv%c9%99rlik-t%c9%99dbiri-kecirildi-fotolar\/zerdab-rayonu-herbi12\/\" rel=\"attachment wp-att-23999\"><img loading=\"lazy\" decoding=\"async\" class=\"aligncenter size-large wp-image-23999\" src=\"http:\/\/www.zerdab.com\/wp-content\/uploads\/2016\/12\/Zerdab-rayonu-herbi12-550x367.jpg\" alt=\"\" width=\"550\" height=\"367\" \/><\/a> <a href=\"http:\/\/www.zerdab.com\/z%c9%99rdab-rayonunda-moht%c9%99s%c9%99m-h%c9%99rbi-v%c9%99t%c9%99np%c9%99rv%c9%99rlik-t%c9%99dbiri-kecirildi-fotolar\/zerdab-rayonu-herbi13\/\" rel=\"attachment wp-att-24000\"><img loading=\"lazy\" decoding=\"async\" class=\"aligncenter size-large wp-image-24000\" src=\"http:\/\/www.zerdab.com\/wp-content\/uploads\/2016\/12\/Zerdab-rayonu-herbi13-550x367.jpg\" alt=\"\" width=\"550\" height=\"367\" \/><\/a> <a href=\"http:\/\/www.zerdab.com\/z%c9%99rdab-rayonunda-moht%c9%99s%c9%99m-h%c9%99rbi-v%c9%99t%c9%99np%c9%99rv%c9%99rlik-t%c9%99dbiri-kecirildi-fotolar\/zerdab-rayonu-herbi14\/\" rel=\"attachment wp-att-24001\"><img loading=\"lazy\" decoding=\"async\" class=\"aligncenter size-large wp-image-24001\" src=\"http:\/\/www.zerdab.com\/wp-content\/uploads\/2016\/12\/Zerdab-rayonu-herbi14-550x367.jpg\" alt=\"\" width=\"550\" height=\"367\" \/><\/a> <a href=\"http:\/\/www.zerdab.com\/z%c9%99rdab-rayonunda-moht%c9%99s%c9%99m-h%c9%99rbi-v%c9%99t%c9%99np%c9%99rv%c9%99rlik-t%c9%99dbiri-kecirildi-fotolar\/zerdab-rayonu-herbi15\/\" rel=\"attachment wp-att-24002\"><img loading=\"lazy\" decoding=\"async\" class=\"aligncenter size-large wp-image-24002\" src=\"http:\/\/www.zerdab.com\/wp-content\/uploads\/2016\/12\/Zerdab-rayonu-herbi15-550x367.jpg\" alt=\"\" width=\"550\" height=\"367\" \/><\/a> <a href=\"http:\/\/www.zerdab.com\/z%c9%99rdab-rayonunda-moht%c9%99s%c9%99m-h%c9%99rbi-v%c9%99t%c9%99np%c9%99rv%c9%99rlik-t%c9%99dbiri-kecirildi-fotolar\/zerdab-rayonu-herbi16\/\" rel=\"attachment wp-att-24003\"><img loading=\"lazy\" decoding=\"async\" class=\"aligncenter size-large wp-image-24003\" src=\"http:\/\/www.zerdab.com\/wp-content\/uploads\/2016\/12\/Zerdab-rayonu-herbi16-550x367.jpg\" alt=\"\" width=\"550\" height=\"367\" \/><\/a> <a href=\"http:\/\/www.zerdab.com\/z%c9%99rdab-rayonunda-moht%c9%99s%c9%99m-h%c9%99rbi-v%c9%99t%c9%99np%c9%99rv%c9%99rlik-t%c9%99dbiri-kecirildi-fotolar\/zerdab-rayonu-herbi17\/\" rel=\"attachment wp-att-24004\"><img loading=\"lazy\" decoding=\"async\" class=\"aligncenter size-large wp-image-24004\" src=\"http:\/\/www.zerdab.com\/wp-content\/uploads\/2016\/12\/Zerdab-rayonu-herbi17-550x367.jpg\" alt=\"\" width=\"550\" height=\"367\" \/><\/a><\/p>\n","protected":false},"excerpt":{"rendered":"<p>Z\u0259rdab rayonunda &#8220;L\u0259l\u0259t\u0259p\u0259 \u0259m\u0259liyyat\u0131 bizim q\u0259hr\u0259manl\u0131q r\u0259mzimizdir&#8221; devizi alt\u0131nda h\u0259rbi v\u0259t\u0259np\u0259rv\u0259rlik t\u0259dbiri ke\u00e7irilib. Zerdab.com sayt\u0131 x\u0259b\u0259r verir ki, t\u0259dbir Z\u0259rdab Rayon \u0130cra Hakimiyy\u0259ti v\u0259 Az\u0259rbaycan Respublikas\u0131 M\u00fcharib\u0259, \u018fm\u0259k v\u0259 Silahl\u0131 Q\u00fcvv\u0259l\u0259r Veteranlar\u0131 T\u0259\u015fkilat\u0131n\u0131n birg\u0259 t\u0259\u015fkilat\u00e7\u0131l\u0131\u011f\u0131 il\u0259 ba\u015f tutub. T\u0259dbir i\u015ftirak\u00e7\u0131lar\u0131 \u00fcmummilli lideri Heyd\u0259r \u018fliyevin abid\u0259sini, \u015e\u0259hidl\u0259rin Xatir\u0259 park\u0131n\u0131, Sovet \u0130ttifaq\u0131 Q\u0259hr\u0259man\u0131 M\u0259lik M\u0259h\u0259rr\u0259movun abid\u0259sini, el\u0259c\u0259 [&hellip;]<\/p>\n","protected":false},"author":1,"featured_media":0,"comment_status":"open","ping_status":"open","sticky":false,"template":"","format":"standard","meta":{"footnotes":""},"categories":[5],"tags":[],"class_list":{"0":"post-23986","1":"post","2":"type-post","3":"status-publish","4":"format-standard","6":"category-knd"},"yoast_head":"<!-- This site is optimized with the Yoast SEO plugin v27.0 - https:\/\/yoast.com\/product\/yoast-seo-wordpress\/ -->\n<title>Z\u0259rdab rayonunda m\u00f6ht\u0259\u015f\u0259m h\u0259rbi v\u0259t\u0259np\u0259rv\u0259rlik t\u0259dbiri ke\u00e7irildi - FOTOLAR - Z\u0259rdab.com<\/title>\n<meta name=\"robots\" content=\"index, follow, max-snippet:-1, max-image-preview:large, max-video-preview:-1\" \/>\n<link rel=\"canonical\" href=\"https:\/\/www.zerdab.com\/?p=23986\" \/>\n<meta property=\"og:locale\" content=\"az_AZ\" \/>\n<meta property=\"og:type\" content=\"article\" \/>\n<meta property=\"og:title\" content=\"Z\u0259rdab rayonunda m\u00f6ht\u0259\u015f\u0259m h\u0259rbi v\u0259t\u0259np\u0259rv\u0259rlik t\u0259dbiri ke\u00e7irildi - FOTOLAR - Z\u0259rdab.com\" \/>\n<meta property=\"og:description\" content=\"Z\u0259rdab rayonunda &#8220;L\u0259l\u0259t\u0259p\u0259 \u0259m\u0259liyyat\u0131 bizim q\u0259hr\u0259manl\u0131q r\u0259mzimizdir&#8221; devizi alt\u0131nda h\u0259rbi v\u0259t\u0259np\u0259rv\u0259rlik t\u0259dbiri ke\u00e7irilib. Zerdab.com sayt\u0131 x\u0259b\u0259r verir ki, t\u0259dbir Z\u0259rdab Rayon \u0130cra Hakimiyy\u0259ti v\u0259 Az\u0259rbaycan Respublikas\u0131 M\u00fcharib\u0259, \u018fm\u0259k v\u0259 Silahl\u0131 Q\u00fcvv\u0259l\u0259r Veteranlar\u0131 T\u0259\u015fkilat\u0131n\u0131n birg\u0259 t\u0259\u015fkilat\u00e7\u0131l\u0131\u011f\u0131 il\u0259 ba\u015f tutub. T\u0259dbir i\u015ftirak\u00e7\u0131lar\u0131 \u00fcmummilli lideri Heyd\u0259r \u018fliyevin abid\u0259sini, \u015e\u0259hidl\u0259rin Xatir\u0259 park\u0131n\u0131, Sovet \u0130ttifaq\u0131 Q\u0259hr\u0259man\u0131 M\u0259lik M\u0259h\u0259rr\u0259movun abid\u0259sini, el\u0259c\u0259 [&hellip;]\" \/>\n<meta property=\"og:url\" content=\"https:\/\/www.zerdab.com\/?p=23986\" \/>\n<meta property=\"og:site_name\" content=\"Z\u0259rdab.com\" \/>\n<meta property=\"article:published_time\" content=\"2016-12-18T17:07:57+00:00\" \/>\n<meta property=\"og:image\" content=\"http:\/\/www.zerdab.com\/wp-content\/uploads\/2016\/12\/Zerdab-rayonu-herbi1-550x367.jpg\" \/>\n<meta name=\"author\" content=\"admin\" \/>\n<meta name=\"twitter:card\" content=\"summary_large_image\" \/>\n<meta name=\"twitter:label1\" content=\"Written by\" \/>\n\t<meta name=\"twitter:data1\" content=\"admin\" \/>\n\t<meta name=\"twitter:label2\" content=\"Est. reading time\" \/>\n\t<meta name=\"twitter:data2\" content=\"12 minutes\" \/>\n<script type=\"application\/ld+json\" class=\"yoast-schema-graph\">{\"@context\":\"https:\/\/schema.org\",\"@graph\":[{\"@type\":\"Article\",\"@id\":\"https:\/\/www.zerdab.com\/?p=23986#article\",\"isPartOf\":{\"@id\":\"https:\/\/www.zerdab.com\/?p=23986\"},\"author\":{\"name\":\"admin\",\"@id\":\"https:\/\/www.zerdab.com\/#\/schema\/person\/97079b7570c1e89ec0d9e138c3672136\"},\"headline\":\"Z\u0259rdab rayonunda m\u00f6ht\u0259\u015f\u0259m h\u0259rbi v\u0259t\u0259np\u0259rv\u0259rlik t\u0259dbiri ke\u00e7irildi &#8211; FOTOLAR\",\"datePublished\":\"2016-12-18T17:07:57+00:00\",\"mainEntityOfPage\":{\"@id\":\"https:\/\/www.zerdab.com\/?p=23986\"},\"wordCount\":2357,\"commentCount\":0,\"image\":{\"@id\":\"https:\/\/www.zerdab.com\/?p=23986#primaryimage\"},\"thumbnailUrl\":\"http:\/\/www.zerdab.com\/wp-content\/uploads\/2016\/12\/Zerdab-rayonu-herbi1-550x367.jpg\",\"articleSection\":[\"X\u018fB\u018fRL\u018fR\"],\"inLanguage\":\"az\",\"potentialAction\":[{\"@type\":\"CommentAction\",\"name\":\"Comment\",\"target\":[\"https:\/\/www.zerdab.com\/?p=23986#respond\"]}]},{\"@type\":\"WebPage\",\"@id\":\"https:\/\/www.zerdab.com\/?p=23986\",\"url\":\"https:\/\/www.zerdab.com\/?p=23986\",\"name\":\"Z\u0259rdab rayonunda m\u00f6ht\u0259\u015f\u0259m h\u0259rbi v\u0259t\u0259np\u0259rv\u0259rlik t\u0259dbiri ke\u00e7irildi - FOTOLAR - Z\u0259rdab.com\",\"isPartOf\":{\"@id\":\"https:\/\/www.zerdab.com\/#website\"},\"primaryImageOfPage\":{\"@id\":\"https:\/\/www.zerdab.com\/?p=23986#primaryimage\"},\"image\":{\"@id\":\"https:\/\/www.zerdab.com\/?p=23986#primaryimage\"},\"thumbnailUrl\":\"http:\/\/www.zerdab.com\/wp-content\/uploads\/2016\/12\/Zerdab-rayonu-herbi1-550x367.jpg\",\"datePublished\":\"2016-12-18T17:07:57+00:00\",\"author\":{\"@id\":\"https:\/\/www.zerdab.com\/#\/schema\/person\/97079b7570c1e89ec0d9e138c3672136\"},\"breadcrumb\":{\"@id\":\"https:\/\/www.zerdab.com\/?p=23986#breadcrumb\"},\"inLanguage\":\"az\",\"potentialAction\":[{\"@type\":\"ReadAction\",\"target\":[\"https:\/\/www.zerdab.com\/?p=23986\"]}]},{\"@type\":\"ImageObject\",\"inLanguage\":\"az\",\"@id\":\"https:\/\/www.zerdab.com\/?p=23986#primaryimage\",\"url\":\"\",\"contentUrl\":\"\"},{\"@type\":\"BreadcrumbList\",\"@id\":\"https:\/\/www.zerdab.com\/?p=23986#breadcrumb\",\"itemListElement\":[{\"@type\":\"ListItem\",\"position\":1,\"name\":\"Home\",\"item\":\"https:\/\/www.zerdab.com\/\"},{\"@type\":\"ListItem\",\"position\":2,\"name\":\"Z\u0259rdab rayonunda m\u00f6ht\u0259\u015f\u0259m h\u0259rbi v\u0259t\u0259np\u0259rv\u0259rlik t\u0259dbiri ke\u00e7irildi &#8211; FOTOLAR\"}]},{\"@type\":\"WebSite\",\"@id\":\"https:\/\/www.zerdab.com\/#website\",\"url\":\"https:\/\/www.zerdab.com\/\",\"name\":\"Z\u0259rdab.com\",\"description\":\"\",\"potentialAction\":[{\"@type\":\"SearchAction\",\"target\":{\"@type\":\"EntryPoint\",\"urlTemplate\":\"https:\/\/www.zerdab.com\/?s={search_term_string}\"},\"query-input\":{\"@type\":\"PropertyValueSpecification\",\"valueRequired\":true,\"valueName\":\"search_term_string\"}}],\"inLanguage\":\"az\"},{\"@type\":\"Person\",\"@id\":\"https:\/\/www.zerdab.com\/#\/schema\/person\/97079b7570c1e89ec0d9e138c3672136\",\"name\":\"admin\",\"image\":{\"@type\":\"ImageObject\",\"inLanguage\":\"az\",\"@id\":\"https:\/\/www.zerdab.com\/#\/schema\/person\/image\/\",\"url\":\"https:\/\/secure.gravatar.com\/avatar\/d9c52a9a27c32119cb6679a077fa3e2779e5f822c451cbf01098004361d466ec?s=96&d=mm&r=g\",\"contentUrl\":\"https:\/\/secure.gravatar.com\/avatar\/d9c52a9a27c32119cb6679a077fa3e2779e5f822c451cbf01098004361d466ec?s=96&d=mm&r=g\",\"caption\":\"admin\"},\"url\":\"https:\/\/www.zerdab.com\/?author=1\"}]}<\/script>\n<!-- \/ Yoast SEO plugin. -->","yoast_head_json":{"title":"Z\u0259rdab rayonunda m\u00f6ht\u0259\u015f\u0259m h\u0259rbi v\u0259t\u0259np\u0259rv\u0259rlik t\u0259dbiri ke\u00e7irildi - FOTOLAR - Z\u0259rdab.com","robots":{"index":"index","follow":"follow","max-snippet":"max-snippet:-1","max-image-preview":"max-image-preview:large","max-video-preview":"max-video-preview:-1"},"canonical":"https:\/\/www.zerdab.com\/?p=23986","og_locale":"az_AZ","og_type":"article","og_title":"Z\u0259rdab rayonunda m\u00f6ht\u0259\u015f\u0259m h\u0259rbi v\u0259t\u0259np\u0259rv\u0259rlik t\u0259dbiri ke\u00e7irildi - FOTOLAR - Z\u0259rdab.com","og_description":"Z\u0259rdab rayonunda &#8220;L\u0259l\u0259t\u0259p\u0259 \u0259m\u0259liyyat\u0131 bizim q\u0259hr\u0259manl\u0131q r\u0259mzimizdir&#8221; devizi alt\u0131nda h\u0259rbi v\u0259t\u0259np\u0259rv\u0259rlik t\u0259dbiri ke\u00e7irilib. Zerdab.com sayt\u0131 x\u0259b\u0259r verir ki, t\u0259dbir Z\u0259rdab Rayon \u0130cra Hakimiyy\u0259ti v\u0259 Az\u0259rbaycan Respublikas\u0131 M\u00fcharib\u0259, \u018fm\u0259k v\u0259 Silahl\u0131 Q\u00fcvv\u0259l\u0259r Veteranlar\u0131 T\u0259\u015fkilat\u0131n\u0131n birg\u0259 t\u0259\u015fkilat\u00e7\u0131l\u0131\u011f\u0131 il\u0259 ba\u015f tutub. T\u0259dbir i\u015ftirak\u00e7\u0131lar\u0131 \u00fcmummilli lideri Heyd\u0259r \u018fliyevin abid\u0259sini, \u015e\u0259hidl\u0259rin Xatir\u0259 park\u0131n\u0131, Sovet \u0130ttifaq\u0131 Q\u0259hr\u0259man\u0131 M\u0259lik M\u0259h\u0259rr\u0259movun abid\u0259sini, el\u0259c\u0259 [&hellip;]","og_url":"https:\/\/www.zerdab.com\/?p=23986","og_site_name":"Z\u0259rdab.com","article_published_time":"2016-12-18T17:07:57+00:00","og_image":[{"url":"http:\/\/www.zerdab.com\/wp-content\/uploads\/2016\/12\/Zerdab-rayonu-herbi1-550x367.jpg","type":"","width":"","height":""}],"author":"admin","twitter_card":"summary_large_image","twitter_misc":{"Written by":"admin","Est. reading time":"12 minutes"},"schema":{"@context":"https:\/\/schema.org","@graph":[{"@type":"Article","@id":"https:\/\/www.zerdab.com\/?p=23986#article","isPartOf":{"@id":"https:\/\/www.zerdab.com\/?p=23986"},"author":{"name":"admin","@id":"https:\/\/www.zerdab.com\/#\/schema\/person\/97079b7570c1e89ec0d9e138c3672136"},"headline":"Z\u0259rdab rayonunda m\u00f6ht\u0259\u015f\u0259m h\u0259rbi v\u0259t\u0259np\u0259rv\u0259rlik t\u0259dbiri ke\u00e7irildi &#8211; FOTOLAR","datePublished":"2016-12-18T17:07:57+00:00","mainEntityOfPage":{"@id":"https:\/\/www.zerdab.com\/?p=23986"},"wordCount":2357,"commentCount":0,"image":{"@id":"https:\/\/www.zerdab.com\/?p=23986#primaryimage"},"thumbnailUrl":"http:\/\/www.zerdab.com\/wp-content\/uploads\/2016\/12\/Zerdab-rayonu-herbi1-550x367.jpg","articleSection":["X\u018fB\u018fRL\u018fR"],"inLanguage":"az","potentialAction":[{"@type":"CommentAction","name":"Comment","target":["https:\/\/www.zerdab.com\/?p=23986#respond"]}]},{"@type":"WebPage","@id":"https:\/\/www.zerdab.com\/?p=23986","url":"https:\/\/www.zerdab.com\/?p=23986","name":"Z\u0259rdab rayonunda m\u00f6ht\u0259\u015f\u0259m h\u0259rbi v\u0259t\u0259np\u0259rv\u0259rlik t\u0259dbiri ke\u00e7irildi - FOTOLAR - Z\u0259rdab.com","isPartOf":{"@id":"https:\/\/www.zerdab.com\/#website"},"primaryImageOfPage":{"@id":"https:\/\/www.zerdab.com\/?p=23986#primaryimage"},"image":{"@id":"https:\/\/www.zerdab.com\/?p=23986#primaryimage"},"thumbnailUrl":"http:\/\/www.zerdab.com\/wp-content\/uploads\/2016\/12\/Zerdab-rayonu-herbi1-550x367.jpg","datePublished":"2016-12-18T17:07:57+00:00","author":{"@id":"https:\/\/www.zerdab.com\/#\/schema\/person\/97079b7570c1e89ec0d9e138c3672136"},"breadcrumb":{"@id":"https:\/\/www.zerdab.com\/?p=23986#breadcrumb"},"inLanguage":"az","potentialAction":[{"@type":"ReadAction","target":["https:\/\/www.zerdab.com\/?p=23986"]}]},{"@type":"ImageObject","inLanguage":"az","@id":"https:\/\/www.zerdab.com\/?p=23986#primaryimage","url":"","contentUrl":""},{"@type":"BreadcrumbList","@id":"https:\/\/www.zerdab.com\/?p=23986#breadcrumb","itemListElement":[{"@type":"ListItem","position":1,"name":"Home","item":"https:\/\/www.zerdab.com\/"},{"@type":"ListItem","position":2,"name":"Z\u0259rdab rayonunda m\u00f6ht\u0259\u015f\u0259m h\u0259rbi v\u0259t\u0259np\u0259rv\u0259rlik t\u0259dbiri ke\u00e7irildi &#8211; FOTOLAR"}]},{"@type":"WebSite","@id":"https:\/\/www.zerdab.com\/#website","url":"https:\/\/www.zerdab.com\/","name":"Z\u0259rdab.com","description":"","potentialAction":[{"@type":"SearchAction","target":{"@type":"EntryPoint","urlTemplate":"https:\/\/www.zerdab.com\/?s={search_term_string}"},"query-input":{"@type":"PropertyValueSpecification","valueRequired":true,"valueName":"search_term_string"}}],"inLanguage":"az"},{"@type":"Person","@id":"https:\/\/www.zerdab.com\/#\/schema\/person\/97079b7570c1e89ec0d9e138c3672136","name":"admin","image":{"@type":"ImageObject","inLanguage":"az","@id":"https:\/\/www.zerdab.com\/#\/schema\/person\/image\/","url":"https:\/\/secure.gravatar.com\/avatar\/d9c52a9a27c32119cb6679a077fa3e2779e5f822c451cbf01098004361d466ec?s=96&d=mm&r=g","contentUrl":"https:\/\/secure.gravatar.com\/avatar\/d9c52a9a27c32119cb6679a077fa3e2779e5f822c451cbf01098004361d466ec?s=96&d=mm&r=g","caption":"admin"},"url":"https:\/\/www.zerdab.com\/?author=1"}]}},"_links":{"self":[{"href":"https:\/\/www.zerdab.com\/index.php?rest_route=\/wp\/v2\/posts\/23986","targetHints":{"allow":["GET"]}}],"collection":[{"href":"https:\/\/www.zerdab.com\/index.php?rest_route=\/wp\/v2\/posts"}],"about":[{"href":"https:\/\/www.zerdab.com\/index.php?rest_route=\/wp\/v2\/types\/post"}],"author":[{"embeddable":true,"href":"https:\/\/www.zerdab.com\/index.php?rest_route=\/wp\/v2\/users\/1"}],"replies":[{"embeddable":true,"href":"https:\/\/www.zerdab.com\/index.php?rest_route=%2Fwp%2Fv2%2Fcomments&post=23986"}],"version-history":[{"count":3,"href":"https:\/\/www.zerdab.com\/index.php?rest_route=\/wp\/v2\/posts\/23986\/revisions"}],"predecessor-version":[{"id":24006,"href":"https:\/\/www.zerdab.com\/index.php?rest_route=\/wp\/v2\/posts\/23986\/revisions\/24006"}],"wp:attachment":[{"href":"https:\/\/www.zerdab.com\/index.php?rest_route=%2Fwp%2Fv2%2Fmedia&parent=23986"}],"wp:term":[{"taxonomy":"category","embeddable":true,"href":"https:\/\/www.zerdab.com\/index.php?rest_route=%2Fwp%2Fv2%2Fcategories&post=23986"},{"taxonomy":"post_tag","embeddable":true,"href":"https:\/\/www.zerdab.com\/index.php?rest_route=%2Fwp%2Fv2%2Ftags&post=23986"}],"curies":[{"name":"wp","href":"https:\/\/api.w.org\/{rel}","templated":true}]}}