{"id":24036,"date":"2016-12-30T16:27:44","date_gmt":"2016-12-30T12:27:44","guid":{"rendered":"http:\/\/www.zerdab.com\/?p=24036"},"modified":"2016-12-30T17:10:59","modified_gmt":"2016-12-30T13:10:59","slug":"z%c9%99rdabda-yeni-il-yarmarkasi-t%c9%99skil-olunub-fotolar","status":"publish","type":"post","link":"https:\/\/www.zerdab.com\/?p=24036","title":{"rendered":"Z\u0259rdabda &#8220;Yeni il yarmarkas\u0131&#8221; t\u0259\u015fkil olunub &#8211; FOTOLAR"},"content":{"rendered":"<p>Z\u0259rdabda &#8220;Yeni il yarmarkas\u0131&#8221; t\u0259\u015fkil olunub. <strong>Zerdab.com<\/strong> sayt\u0131 x\u0259b\u0259r verir ki, D\u00fcnya Az\u0259rbaycanl\u0131lar\u0131n\u0131n H\u0259mr\u0259yliyi G\u00fcn\u00fc v\u0259 Yeni il m\u00fcnasib\u0259til\u0259 Z\u0259rdab rayonunda ke\u00e7iril\u0259n silsil\u0259 t\u0259dbirl\u0259r davam etdirilir. Bel\u0259 ki, Z\u0259rdab \u015f\u0259h\u0259rind\u0259ki bayraq meydan\u0131nda s\u00fcni qiym\u0259t art\u0131m\u0131n\u0131n qar\u015f\u0131s\u0131n\u0131 almaq v\u0259 \u0259halinin \u00e7ox\u00e7e\u015fidli \u0259rzaq m\u0259hsullar\u0131na olan t\u0259l\u0259bat\u0131n\u0131 \u00f6d\u0259m\u0259k m\u0259qs\u0259dil\u0259 bayram yarmarkas\u0131 t\u0259\u015fkil olunub. Rayonun k\u0259ndl\u0259rind\u0259n m\u0259hsullar\u0131n sat\u0131\u015fa \u00e7\u0131xar\u0131lmas\u0131 \u00fc\u00e7\u00fcn \u0259lveri\u015fli \u015f\u0259rait yarad\u0131l\u0131b.<\/p>\n<p><strong>Zerdab.com<\/strong><\/p>\n<p><a href=\"http:\/\/www.zerdab.com\/z%c9%99rdabda-yeni-il-yarmarkasi-t%c9%99skil-olunub-fotolar\/zerdab-yeniil1\/\" rel=\"attachment wp-att-24038\"><img loading=\"lazy\" decoding=\"async\" class=\"aligncenter size-large wp-image-24038\" src=\"http:\/\/www.zerdab.com\/wp-content\/uploads\/2016\/12\/Zerdab-yeniil1-550x365.jpg\" alt=\"\" width=\"550\" height=\"365\" \/><\/a><a href=\"http:\/\/www.zerdab.com\/z%c9%99rdabda-yeni-il-yarmarkasi-t%c9%99skil-olunub-fotolar\/zerdab-yeniil-2\/\" rel=\"attachment wp-att-24039\"><img loading=\"lazy\" decoding=\"async\" class=\"aligncenter size-large wp-image-24039\" src=\"http:\/\/www.zerdab.com\/wp-content\/uploads\/2016\/12\/Zerdab-yeniil-1-550x466.jpg\" alt=\"\" width=\"550\" height=\"466\" \/><\/a><\/p>\n<p><a href=\"http:\/\/www.zerdab.com\/z%c9%99rdabda-yeni-il-yarmarkasi-t%c9%99skil-olunub-fotolar\/zerdab-yeniil2\/\" rel=\"attachment wp-att-24041\"><img loading=\"lazy\" decoding=\"async\" class=\"aligncenter size-large wp-image-24041\" src=\"http:\/\/www.zerdab.com\/wp-content\/uploads\/2016\/12\/Zerdab-yeniil2-550x365.jpg\" alt=\"\" width=\"550\" height=\"365\" \/><\/a><\/p>\n<p><a href=\"http:\/\/www.zerdab.com\/z%c9%99rdabda-yeni-il-yarmarkasi-t%c9%99skil-olunub-fotolar\/zerdab-yeniil3\/\" rel=\"attachment wp-att-24042\"><img loading=\"lazy\" decoding=\"async\" class=\"aligncenter size-large wp-image-24042\" src=\"http:\/\/www.zerdab.com\/wp-content\/uploads\/2016\/12\/Zerdab-yeniil3-550x365.jpg\" alt=\"\" width=\"550\" height=\"365\" \/><\/a><\/p>\n","protected":false},"excerpt":{"rendered":"<p>Z\u0259rdabda &#8220;Yeni il yarmarkas\u0131&#8221; t\u0259\u015fkil olunub. Zerdab.com sayt\u0131 x\u0259b\u0259r verir ki, D\u00fcnya Az\u0259rbaycanl\u0131lar\u0131n\u0131n H\u0259mr\u0259yliyi G\u00fcn\u00fc v\u0259 Yeni il m\u00fcnasib\u0259til\u0259 Z\u0259rdab rayonunda ke\u00e7iril\u0259n silsil\u0259 t\u0259dbirl\u0259r davam etdirilir. Bel\u0259 ki, Z\u0259rdab \u015f\u0259h\u0259rind\u0259ki bayraq meydan\u0131nda s\u00fcni qiym\u0259t art\u0131m\u0131n\u0131n qar\u015f\u0131s\u0131n\u0131 almaq v\u0259 \u0259halinin \u00e7ox\u00e7e\u015fidli \u0259rzaq m\u0259hsullar\u0131na olan t\u0259l\u0259bat\u0131n\u0131 \u00f6d\u0259m\u0259k m\u0259qs\u0259dil\u0259 bayram yarmarkas\u0131 t\u0259\u015fkil olunub. Rayonun k\u0259ndl\u0259rind\u0259n m\u0259hsullar\u0131n sat\u0131\u015fa \u00e7\u0131xar\u0131lmas\u0131 [&hellip;]<\/p>\n","protected":false},"author":1,"featured_media":0,"comment_status":"open","ping_status":"open","sticky":false,"template":"","format":"standard","meta":{"footnotes":""},"categories":[21],"tags":[],"class_list":{"0":"post-24036","1":"post","2":"type-post","3":"status-publish","4":"format-standard","6":"category-zrdab"},"yoast_head":"<!-- This site is optimized with the Yoast SEO plugin v27.0 - https:\/\/yoast.com\/product\/yoast-seo-wordpress\/ -->\n<title>Z\u0259rdabda &quot;Yeni il yarmarkas\u0131&quot; t\u0259\u015fkil olunub - FOTOLAR - Z\u0259rdab.com<\/title>\n<meta name=\"robots\" content=\"index, follow, max-snippet:-1, max-image-preview:large, max-video-preview:-1\" \/>\n<link rel=\"canonical\" href=\"https:\/\/www.zerdab.com\/?p=24036\" \/>\n<meta property=\"og:locale\" content=\"az_AZ\" \/>\n<meta property=\"og:type\" content=\"article\" \/>\n<meta property=\"og:title\" content=\"Z\u0259rdabda &quot;Yeni il yarmarkas\u0131&quot; t\u0259\u015fkil olunub - FOTOLAR - Z\u0259rdab.com\" \/>\n<meta property=\"og:description\" content=\"Z\u0259rdabda &#8220;Yeni il yarmarkas\u0131&#8221; t\u0259\u015fkil olunub. Zerdab.com sayt\u0131 x\u0259b\u0259r verir ki, D\u00fcnya Az\u0259rbaycanl\u0131lar\u0131n\u0131n H\u0259mr\u0259yliyi G\u00fcn\u00fc v\u0259 Yeni il m\u00fcnasib\u0259til\u0259 Z\u0259rdab rayonunda ke\u00e7iril\u0259n silsil\u0259 t\u0259dbirl\u0259r davam etdirilir. Bel\u0259 ki, Z\u0259rdab \u015f\u0259h\u0259rind\u0259ki bayraq meydan\u0131nda s\u00fcni qiym\u0259t art\u0131m\u0131n\u0131n qar\u015f\u0131s\u0131n\u0131 almaq v\u0259 \u0259halinin \u00e7ox\u00e7e\u015fidli \u0259rzaq m\u0259hsullar\u0131na olan t\u0259l\u0259bat\u0131n\u0131 \u00f6d\u0259m\u0259k m\u0259qs\u0259dil\u0259 bayram yarmarkas\u0131 t\u0259\u015fkil olunub. Rayonun k\u0259ndl\u0259rind\u0259n m\u0259hsullar\u0131n sat\u0131\u015fa \u00e7\u0131xar\u0131lmas\u0131 [&hellip;]\" \/>\n<meta property=\"og:url\" content=\"https:\/\/www.zerdab.com\/?p=24036\" \/>\n<meta property=\"og:site_name\" content=\"Z\u0259rdab.com\" \/>\n<meta property=\"article:published_time\" content=\"2016-12-30T12:27:44+00:00\" \/>\n<meta property=\"article:modified_time\" content=\"2016-12-30T13:10:59+00:00\" \/>\n<meta property=\"og:image\" content=\"http:\/\/www.zerdab.com\/wp-content\/uploads\/2016\/12\/Zerdab-yeniil1-550x365.jpg\" \/>\n<meta name=\"author\" content=\"admin\" \/>\n<meta name=\"twitter:card\" content=\"summary_large_image\" \/>\n<meta name=\"twitter:label1\" content=\"Written by\" \/>\n\t<meta name=\"twitter:data1\" content=\"admin\" \/>\n\t<meta name=\"twitter:label2\" content=\"Est. reading time\" \/>\n\t<meta name=\"twitter:data2\" content=\"1 minute\" \/>\n<script type=\"application\/ld+json\" class=\"yoast-schema-graph\">{\"@context\":\"https:\/\/schema.org\",\"@graph\":[{\"@type\":\"Article\",\"@id\":\"https:\/\/www.zerdab.com\/?p=24036#article\",\"isPartOf\":{\"@id\":\"https:\/\/www.zerdab.com\/?p=24036\"},\"author\":{\"name\":\"admin\",\"@id\":\"https:\/\/www.zerdab.com\/#\/schema\/person\/97079b7570c1e89ec0d9e138c3672136\"},\"headline\":\"Z\u0259rdabda &#8220;Yeni il yarmarkas\u0131&#8221; t\u0259\u015fkil olunub &#8211; FOTOLAR\",\"datePublished\":\"2016-12-30T12:27:44+00:00\",\"dateModified\":\"2016-12-30T13:10:59+00:00\",\"mainEntityOfPage\":{\"@id\":\"https:\/\/www.zerdab.com\/?p=24036\"},\"wordCount\":124,\"commentCount\":0,\"image\":{\"@id\":\"https:\/\/www.zerdab.com\/?p=24036#primaryimage\"},\"thumbnailUrl\":\"http:\/\/www.zerdab.com\/wp-content\/uploads\/2016\/12\/Zerdab-yeniil1-550x365.jpg\",\"articleSection\":[\"C\u018fM\u0130YY\u018fT\"],\"inLanguage\":\"az\",\"potentialAction\":[{\"@type\":\"CommentAction\",\"name\":\"Comment\",\"target\":[\"https:\/\/www.zerdab.com\/?p=24036#respond\"]}]},{\"@type\":\"WebPage\",\"@id\":\"https:\/\/www.zerdab.com\/?p=24036\",\"url\":\"https:\/\/www.zerdab.com\/?p=24036\",\"name\":\"Z\u0259rdabda \\\"Yeni il yarmarkas\u0131\\\" t\u0259\u015fkil olunub - FOTOLAR - Z\u0259rdab.com\",\"isPartOf\":{\"@id\":\"https:\/\/www.zerdab.com\/#website\"},\"primaryImageOfPage\":{\"@id\":\"https:\/\/www.zerdab.com\/?p=24036#primaryimage\"},\"image\":{\"@id\":\"https:\/\/www.zerdab.com\/?p=24036#primaryimage\"},\"thumbnailUrl\":\"http:\/\/www.zerdab.com\/wp-content\/uploads\/2016\/12\/Zerdab-yeniil1-550x365.jpg\",\"datePublished\":\"2016-12-30T12:27:44+00:00\",\"dateModified\":\"2016-12-30T13:10:59+00:00\",\"author\":{\"@id\":\"https:\/\/www.zerdab.com\/#\/schema\/person\/97079b7570c1e89ec0d9e138c3672136\"},\"breadcrumb\":{\"@id\":\"https:\/\/www.zerdab.com\/?p=24036#breadcrumb\"},\"inLanguage\":\"az\",\"potentialAction\":[{\"@type\":\"ReadAction\",\"target\":[\"https:\/\/www.zerdab.com\/?p=24036\"]}]},{\"@type\":\"ImageObject\",\"inLanguage\":\"az\",\"@id\":\"https:\/\/www.zerdab.com\/?p=24036#primaryimage\",\"url\":\"\",\"contentUrl\":\"\"},{\"@type\":\"BreadcrumbList\",\"@id\":\"https:\/\/www.zerdab.com\/?p=24036#breadcrumb\",\"itemListElement\":[{\"@type\":\"ListItem\",\"position\":1,\"name\":\"Home\",\"item\":\"https:\/\/www.zerdab.com\/\"},{\"@type\":\"ListItem\",\"position\":2,\"name\":\"Z\u0259rdabda &#8220;Yeni il yarmarkas\u0131&#8221; t\u0259\u015fkil olunub &#8211; FOTOLAR\"}]},{\"@type\":\"WebSite\",\"@id\":\"https:\/\/www.zerdab.com\/#website\",\"url\":\"https:\/\/www.zerdab.com\/\",\"name\":\"Z\u0259rdab.com\",\"description\":\"\",\"potentialAction\":[{\"@type\":\"SearchAction\",\"target\":{\"@type\":\"EntryPoint\",\"urlTemplate\":\"https:\/\/www.zerdab.com\/?s={search_term_string}\"},\"query-input\":{\"@type\":\"PropertyValueSpecification\",\"valueRequired\":true,\"valueName\":\"search_term_string\"}}],\"inLanguage\":\"az\"},{\"@type\":\"Person\",\"@id\":\"https:\/\/www.zerdab.com\/#\/schema\/person\/97079b7570c1e89ec0d9e138c3672136\",\"name\":\"admin\",\"image\":{\"@type\":\"ImageObject\",\"inLanguage\":\"az\",\"@id\":\"https:\/\/www.zerdab.com\/#\/schema\/person\/image\/\",\"url\":\"https:\/\/secure.gravatar.com\/avatar\/d9c52a9a27c32119cb6679a077fa3e2779e5f822c451cbf01098004361d466ec?s=96&d=mm&r=g\",\"contentUrl\":\"https:\/\/secure.gravatar.com\/avatar\/d9c52a9a27c32119cb6679a077fa3e2779e5f822c451cbf01098004361d466ec?s=96&d=mm&r=g\",\"caption\":\"admin\"},\"url\":\"https:\/\/www.zerdab.com\/?author=1\"}]}<\/script>\n<!-- \/ Yoast SEO plugin. -->","yoast_head_json":{"title":"Z\u0259rdabda \"Yeni il yarmarkas\u0131\" t\u0259\u015fkil olunub - FOTOLAR - Z\u0259rdab.com","robots":{"index":"index","follow":"follow","max-snippet":"max-snippet:-1","max-image-preview":"max-image-preview:large","max-video-preview":"max-video-preview:-1"},"canonical":"https:\/\/www.zerdab.com\/?p=24036","og_locale":"az_AZ","og_type":"article","og_title":"Z\u0259rdabda \"Yeni il yarmarkas\u0131\" t\u0259\u015fkil olunub - FOTOLAR - Z\u0259rdab.com","og_description":"Z\u0259rdabda &#8220;Yeni il yarmarkas\u0131&#8221; t\u0259\u015fkil olunub. Zerdab.com sayt\u0131 x\u0259b\u0259r verir ki, D\u00fcnya Az\u0259rbaycanl\u0131lar\u0131n\u0131n H\u0259mr\u0259yliyi G\u00fcn\u00fc v\u0259 Yeni il m\u00fcnasib\u0259til\u0259 Z\u0259rdab rayonunda ke\u00e7iril\u0259n silsil\u0259 t\u0259dbirl\u0259r davam etdirilir. Bel\u0259 ki, Z\u0259rdab \u015f\u0259h\u0259rind\u0259ki bayraq meydan\u0131nda s\u00fcni qiym\u0259t art\u0131m\u0131n\u0131n qar\u015f\u0131s\u0131n\u0131 almaq v\u0259 \u0259halinin \u00e7ox\u00e7e\u015fidli \u0259rzaq m\u0259hsullar\u0131na olan t\u0259l\u0259bat\u0131n\u0131 \u00f6d\u0259m\u0259k m\u0259qs\u0259dil\u0259 bayram yarmarkas\u0131 t\u0259\u015fkil olunub. Rayonun k\u0259ndl\u0259rind\u0259n m\u0259hsullar\u0131n sat\u0131\u015fa \u00e7\u0131xar\u0131lmas\u0131 [&hellip;]","og_url":"https:\/\/www.zerdab.com\/?p=24036","og_site_name":"Z\u0259rdab.com","article_published_time":"2016-12-30T12:27:44+00:00","article_modified_time":"2016-12-30T13:10:59+00:00","og_image":[{"url":"http:\/\/www.zerdab.com\/wp-content\/uploads\/2016\/12\/Zerdab-yeniil1-550x365.jpg","type":"","width":"","height":""}],"author":"admin","twitter_card":"summary_large_image","twitter_misc":{"Written by":"admin","Est. reading time":"1 minute"},"schema":{"@context":"https:\/\/schema.org","@graph":[{"@type":"Article","@id":"https:\/\/www.zerdab.com\/?p=24036#article","isPartOf":{"@id":"https:\/\/www.zerdab.com\/?p=24036"},"author":{"name":"admin","@id":"https:\/\/www.zerdab.com\/#\/schema\/person\/97079b7570c1e89ec0d9e138c3672136"},"headline":"Z\u0259rdabda &#8220;Yeni il yarmarkas\u0131&#8221; t\u0259\u015fkil olunub &#8211; FOTOLAR","datePublished":"2016-12-30T12:27:44+00:00","dateModified":"2016-12-30T13:10:59+00:00","mainEntityOfPage":{"@id":"https:\/\/www.zerdab.com\/?p=24036"},"wordCount":124,"commentCount":0,"image":{"@id":"https:\/\/www.zerdab.com\/?p=24036#primaryimage"},"thumbnailUrl":"http:\/\/www.zerdab.com\/wp-content\/uploads\/2016\/12\/Zerdab-yeniil1-550x365.jpg","articleSection":["C\u018fM\u0130YY\u018fT"],"inLanguage":"az","potentialAction":[{"@type":"CommentAction","name":"Comment","target":["https:\/\/www.zerdab.com\/?p=24036#respond"]}]},{"@type":"WebPage","@id":"https:\/\/www.zerdab.com\/?p=24036","url":"https:\/\/www.zerdab.com\/?p=24036","name":"Z\u0259rdabda \"Yeni il yarmarkas\u0131\" t\u0259\u015fkil olunub - FOTOLAR - Z\u0259rdab.com","isPartOf":{"@id":"https:\/\/www.zerdab.com\/#website"},"primaryImageOfPage":{"@id":"https:\/\/www.zerdab.com\/?p=24036#primaryimage"},"image":{"@id":"https:\/\/www.zerdab.com\/?p=24036#primaryimage"},"thumbnailUrl":"http:\/\/www.zerdab.com\/wp-content\/uploads\/2016\/12\/Zerdab-yeniil1-550x365.jpg","datePublished":"2016-12-30T12:27:44+00:00","dateModified":"2016-12-30T13:10:59+00:00","author":{"@id":"https:\/\/www.zerdab.com\/#\/schema\/person\/97079b7570c1e89ec0d9e138c3672136"},"breadcrumb":{"@id":"https:\/\/www.zerdab.com\/?p=24036#breadcrumb"},"inLanguage":"az","potentialAction":[{"@type":"ReadAction","target":["https:\/\/www.zerdab.com\/?p=24036"]}]},{"@type":"ImageObject","inLanguage":"az","@id":"https:\/\/www.zerdab.com\/?p=24036#primaryimage","url":"","contentUrl":""},{"@type":"BreadcrumbList","@id":"https:\/\/www.zerdab.com\/?p=24036#breadcrumb","itemListElement":[{"@type":"ListItem","position":1,"name":"Home","item":"https:\/\/www.zerdab.com\/"},{"@type":"ListItem","position":2,"name":"Z\u0259rdabda &#8220;Yeni il yarmarkas\u0131&#8221; t\u0259\u015fkil olunub &#8211; FOTOLAR"}]},{"@type":"WebSite","@id":"https:\/\/www.zerdab.com\/#website","url":"https:\/\/www.zerdab.com\/","name":"Z\u0259rdab.com","description":"","potentialAction":[{"@type":"SearchAction","target":{"@type":"EntryPoint","urlTemplate":"https:\/\/www.zerdab.com\/?s={search_term_string}"},"query-input":{"@type":"PropertyValueSpecification","valueRequired":true,"valueName":"search_term_string"}}],"inLanguage":"az"},{"@type":"Person","@id":"https:\/\/www.zerdab.com\/#\/schema\/person\/97079b7570c1e89ec0d9e138c3672136","name":"admin","image":{"@type":"ImageObject","inLanguage":"az","@id":"https:\/\/www.zerdab.com\/#\/schema\/person\/image\/","url":"https:\/\/secure.gravatar.com\/avatar\/d9c52a9a27c32119cb6679a077fa3e2779e5f822c451cbf01098004361d466ec?s=96&d=mm&r=g","contentUrl":"https:\/\/secure.gravatar.com\/avatar\/d9c52a9a27c32119cb6679a077fa3e2779e5f822c451cbf01098004361d466ec?s=96&d=mm&r=g","caption":"admin"},"url":"https:\/\/www.zerdab.com\/?author=1"}]}},"_links":{"self":[{"href":"https:\/\/www.zerdab.com\/index.php?rest_route=\/wp\/v2\/posts\/24036","targetHints":{"allow":["GET"]}}],"collection":[{"href":"https:\/\/www.zerdab.com\/index.php?rest_route=\/wp\/v2\/posts"}],"about":[{"href":"https:\/\/www.zerdab.com\/index.php?rest_route=\/wp\/v2\/types\/post"}],"author":[{"embeddable":true,"href":"https:\/\/www.zerdab.com\/index.php?rest_route=\/wp\/v2\/users\/1"}],"replies":[{"embeddable":true,"href":"https:\/\/www.zerdab.com\/index.php?rest_route=%2Fwp%2Fv2%2Fcomments&post=24036"}],"version-history":[{"count":3,"href":"https:\/\/www.zerdab.com\/index.php?rest_route=\/wp\/v2\/posts\/24036\/revisions"}],"predecessor-version":[{"id":24046,"href":"https:\/\/www.zerdab.com\/index.php?rest_route=\/wp\/v2\/posts\/24036\/revisions\/24046"}],"wp:attachment":[{"href":"https:\/\/www.zerdab.com\/index.php?rest_route=%2Fwp%2Fv2%2Fmedia&parent=24036"}],"wp:term":[{"taxonomy":"category","embeddable":true,"href":"https:\/\/www.zerdab.com\/index.php?rest_route=%2Fwp%2Fv2%2Fcategories&post=24036"},{"taxonomy":"post_tag","embeddable":true,"href":"https:\/\/www.zerdab.com\/index.php?rest_route=%2Fwp%2Fv2%2Ftags&post=24036"}],"curies":[{"name":"wp","href":"https:\/\/api.w.org\/{rel}","templated":true}]}}