{"id":24079,"date":"2017-01-08T23:45:28","date_gmt":"2017-01-08T19:45:28","guid":{"rendered":"http:\/\/www.zerdab.com\/?p=24079"},"modified":"2017-01-14T23:37:46","modified_gmt":"2017-01-14T19:37:46","slug":"z%c9%99rdabda-xalq-etirazlari-tarixi-faktlar","status":"publish","type":"post","link":"https:\/\/www.zerdab.com\/?p=24079","title":{"rendered":"Z\u0259rdabda xalq etirazlar\u0131 &#8211; Tarixi faktlar"},"content":{"rendered":"<p>H\u0259r hans\u0131 yurdun tarixini yerl\u0259\u015fdiyi \u00f6lk\u0259nin tarixind\u0259n ayr\u0131 t\u0259ss\u0259vv\u00fcr etm\u0259k m\u00fcmk\u00fcn deyil. \u0130st\u0259nil\u0259n hadis\u0259 az yaxud \u00e7ox halda \u00f6lk\u0259nin yerl\u0259\u015fdiyi \u0259raziy\u0259 d\u0259 \u00f6z t\u0259sirini g\u00f6st\u0259rm\u0259d\u0259n \u00f6tm\u00fcr. Tarixi xronoloji bax\u0131mdan XVIII \u0259srd\u0259n \u00a0ba\u015flan\u011f\u0131c\u0131n\u0131 g\u00f6t\u00fcr\u0259n Az\u0259rbaycan\u0131n yeni tarixi, ist\u0259rs\u0259 d\u0259 1918-ci ild\u0259n ba\u015flayan m\u00fcasir tarixi xalq \u00fcsyan v\u0259 etirazlar\u0131 il\u0259 z\u0259ngindir. T\u0259bii ki, bu etirazlar Z\u0259rdabdan da yan \u00f6tm\u0259yib.<\/p>\n<p>Arxeologiya v\u0259 Etnoqrafiya \u0130nstitutunun elmi i\u015f\u00e7isi Taleh \u018fliyev \u201cZ\u0259rdabin tarixi-siyasi co\u011frafiyas\u0131\u201d adl\u0131<br \/>\nara\u015fd\u0131rmas\u0131nda (\u201cArxeologiya v\u0259 Etnoqrafiya\u201d jurnal\u0131n\u0131n &#8220;\u0422arix v\u0259 onun probleml\u0259ri&#8221;, \u2116 1 2014 , s\u0259h.307)\u00a0\u015eah M\u0259h\u0259mm\u0259d Xudab\u0259nd\u0259nin hakimiyy\u0259ti (1578-1587) d\u00f6vr\u00fcnd\u0259 Osmanl\u0131lar\u0131n \u015eirvan \u0259razisini imperiyan\u0131n t\u0259rkibin\u0259 qat\u0131ld\u0131\u011f\u0131n\u0131 g\u00f6st\u0259r\u0259r\u0259k, bu s\u0259b\u0259bd\u0259n d\u0259 Osmanl\u0131 m\u0259nb\u0259l\u0259rind\u0259 \u015eirvan \u0259razisin\u0259 daxil olan Z\u0259rdab\u0131n da ad\u0131n\u0131n qeyd edildiyini bildirir. Bu torpaqlar\u0131n \u015eah I Abbas\u0131n hakimiyy\u0259ti zaman\u0131 yenid\u0259n S\u0259f\u0259vil\u0259rin \u0259razisin\u0259 \u00e7evrildiyini g\u00f6st\u0259r\u0259n m\u00fc\u0259llif, daha sonra yaz\u0131r:\u00a0<em>\u201cS\u0259f\u0259vil\u0259r d\u00f6vl\u0259tinin z\u0259ifl\u0259diyi d\u00f6vrd\u0259 feodal \u00f6zba\u015f\u0131nal\u0131qlar\u0131 geni\u015f v\u00fcs\u0259t ald\u0131\u011f\u0131 zaman onlara qar\u015f\u0131 <\/em><em>yerl\u0259rd\u0259 \u00fcsyanlar ba\u015f qald\u0131r\u0131r. \u015eirvan \u00fcsyan\u00e7\u0131lar\u0131n\u0131n \u0259sas m\u0259nt\u0259q\u0259l\u0259rind\u0259n biri d\u0259 Z\u0259rdab \u0259razisi olmu\u015f, burada M\u00fcsk\u00fcrl\u00fc \u00fcsyan\u00e7\u0131lar\u0131 x\u00fcsusil\u0259 f\u0259rl\u0259nmi\u015fl\u0259r. M\u0259hz 1724-c\u00fc il \u0130stanbul s\u00fclh\u00fcnd\u0259n sonra Rusiya Hac\u0131 Davud M\u00fcsk\u00fcrl\u00fcn\u00fc \u015eirvan xan\u0131 kimi tan\u0131m\u0131\u015f v\u0259 Z\u0259rdab \u0259razisi d\u0259 onun idar\u0259 etdiyi \u0259raziy\u0259 daxil edilmi\u015fdir. Lakin 1727-ci il Nabur s\u00fclh\u00fcnd\u0259n sonra \u0259raziy\u0259 r\u0259hb\u0259rlik rus meyilli hakim Qaz\u0131qumuxlu Surxay xan\u0131n \u0259lin\u0259 ke\u00e7mi\u015fdir. \u201d<\/em><strong><em>http:\/\/static.bsu.az\/w8\/Tarix%20ve%20onun%20problem\/2014%20%201\/seh.307-14.pdf<\/em><\/strong><\/p>\n<p>Tarixi xronoloji bax\u0131mdan yeni tarixi il\u0259 m\u00fcasir tarixinin k\u0259si\u015fm\u0259sind\u0259 d\u0259 etirazlara rast g\u0259lm\u0259k olur. Bu etirazlar \u0259sas\u0259n qa\u00e7aq h\u0259r\u0259kat\u0131 il\u0259 ba\u011fl\u0131d\u0131r. Tarixi m\u0259nb\u0259l\u0259rd\u0259 v\u0259 xalq yadda\u015f\u0131nda yerli feodallara, yeni qurulmu\u015f sovet hakimiyy\u0259tin\u0259 etiraz ed\u0259n bir \u2013 ne\u00e7\u0259 qa\u00e7a\u011f\u0131n ad\u0131 qalmaqdad\u0131r. Bir ne\u00e7\u0259 il \u00f6nc\u0259 Z\u0259rdab\u0131n 75 illiyi t\u0259dbirl\u0259ri \u00e7\u0259r\u00e7iv\u0259sind\u0259 zardab.com.az say\u0131t\u0131nda ged\u0259n yaz\u0131da bu qa\u00e7aqlardan biri olan Saday b\u0259y haqq\u0131nda ki\u00e7ik epizod getmi\u015fdir. H\u0259min yaz\u0131n\u0131 n\u0259z\u0259riniz\u0259 \u00e7atd\u0131r\u0131r\u0131q.<\/p>\n<p>&#8220;Z\u0259rdab rayonunun T\u0259z\u0259k\u0259nd k\u0259ndind\u0259 anadan olan S\u0259f\u0259r\u0259liyeva T\u00fcrf\u0259<strong>\u00a0<\/strong>S\u0259f\u0259rali q\u0131z\u0131 1935-ci ild\u0259 T\u0259z\u0259k\u0259nd k\u0259ndind\u0259ki Kaqanovi\u00e7 ad\u0131na kolxozda s\u0259dr olmu\u015fdur. Kas\u0131b ail\u0259d\u0259n olan T. S\u0259f\u0259r\u0259liyeva kas\u0131blara, \u0259lsiz-ayaqs\u0131zlara h\u0259mi\u015f\u0259 k\u00f6m\u0259k edirdi.<\/p>\n<p>Deyirl\u0259r ki, o vaxtlar Z\u0259rdab \u0259razisind\u0259 m\u0259sk\u0259n salm\u0131\u015f qa\u00e7aq Saday b\u0259y bir ax\u015fam T\u00fcrf\u0259ni \u00f6ld\u00fcrm\u0259k m\u0259qs\u0259di il\u0259 onun ya\u015fad\u0131\u011f\u0131 k\u0259nd\u0259 g\u0259lir. Saday b\u0259yin d\u00fc\u015f\u00fcnc\u0259sin\u0259 g\u00f6r\u0259 qad\u0131ndan kolxoz s\u0259dri olmazd\u0131. Bunu Saday b\u0259y qad\u0131nlara pis n\u00fcmun\u0259 hesab edirdi.<\/p>\n<p>Saday b\u0259y h\u0259y\u0259t\u0259 daxil olark\u0259n T\u00fcrf\u0259 onu qar\u015f\u0131lay\u0131r. Ondan burada n\u0259 etdiyini soru\u015fur v\u0259 \u015fura h\u00f6kum\u0259tinin adamlar\u0131n\u0131n onu axtard\u0131\u011f\u0131n\u0131 bildirir. El\u0259 bu vaxt haradansa Saday b\u0259yin k\u0259nd\u0259 g\u0259ldiyini bil\u0259n silahl\u0131 milis i\u015f\u00e7il\u0259ri h\u0259y\u0259t\u0259 daxil olurlar. Qrupun r\u0259hb\u0259ri, ald\u0131qlar\u0131 m\u0259lumata g\u00f6r\u0259 Saday b\u0259yin k\u0259ndd\u0259 oldu\u011funu, onu axtard\u0131qlar\u0131n\u0131n bildirir. Saday b\u0259yin onun h\u0259y\u0259tind\u0259 gizl\u0259nm\u0259sin\u0259 \u015f\u0259rait yaradan T. S\u0259f\u0259r\u0259liyeva milisl\u0259r\u0259, \u201cSaday b\u0259y m\u0259nim qorxumdan bu k\u0259nd\u0259 g\u0259l\u0259 bilm\u0259z\u201d cavab\u0131n\u0131 verir.<\/p>\n<p>Silahl\u0131lar ged\u0259nd\u0259n sonra Saday b\u0259y gizl\u0259ndiyi yerd\u0259n \u00e7\u0131x\u0131r, \u00fcz\u00fcn\u00fc qad\u0131na tutaraq \u201dS\u0259n ki\u015fi qeyr\u0259tli qad\u0131nsan, m\u0259n s\u0259ni \u00f6ld\u00fcrm\u0259y\u0259 g\u0259lmi\u015fdim, s\u0259n is\u0259 m\u0259n\u0259 h\u0259yat ba\u011f\u0131\u015flad\u0131n, s\u0259n\u0259 bir can borcluyam, \u0259v\u0259zini nec\u0259 \u00e7\u0131xa bil\u0259r\u0259m?\u201d- dey\u0259 m\u00fcraci\u0259t edir. S\u0259f\u0259r\u0259liyeva ona \u2013 \u201c\u015e\u0259xs\u0259n m\u0259n\u0259 he\u00e7 n\u0259 laz\u0131m deyil, s\u00f6z\u00fcm t\u0259kc\u0259 budur ki, bir d\u0259 bizim k\u0259nd\u0259 yax\u0131n d\u00fc\u015fm\u0259, camaat\u0131m\u0131z\u0131 incitm\u0259\u201d \u2013 dey\u0259 cavab verir. \u015eahidl\u0259rin dedikl\u0259rin\u0259 g\u00f6r\u0259 o g\u00fcnd\u0259n sonra Saday b\u0259y bir daha T\u0259z\u0259k\u0259nd\u0259 \u00fcz tutmur\u201d.<\/p>\n<p>Z\u0259rdabda dig\u0259r xalq k\u00fctl\u0259vi xalq etiraz haqq\u0131nda m\u0259lumat is\u0259 nisb\u0259t\u0259n daha yax\u0131n d\u00f6vr\u00fc \u0259hat\u0259 edir \u2013 \u00f6t\u0259n \u0259srin 60-c\u0131 ill\u0259rini. H\u0259min etirazlar bar\u0259d\u0259 rayon d\u00f6vl\u0259t arxivinin m\u00fcdiri\u00a0<strong>Mira\u011fa Ba\u011f\u0131rovun<\/strong>\u00a0ara\u015fd\u0131rmas\u0131nda 1962\u2013ci ild\u0259\u00a0Z\u0259rdab rayonunun l\u0259\u011fv edil\u0259r\u0259k, Ucar rayonunun t\u0259rkibin\u0259 verildikd\u0259n sonra rayonda yaranan etirazlardan b\u0259hs edilir:<em>\u00a0\u201cZ\u0259rdab\u0131n Ucar rayonuna birl\u0259\u015fdirilm\u0259si ciddi c\u0259tinlikl\u0259r yaratd\u0131 ki, bu da \u0259hali t\u0259r\u0259find\u0259n etirazla qar\u015f\u0131land\u0131. Adi bir aray\u0131\u015f almaq ist\u0259y\u0259n v\u0259t\u0259nda\u015f Ucar rayon m\u0259rk\u0259zin\u0259 getm\u0259li olurdu. Halbuki Z\u0259rdab\u0131n B\u0131\u00e7aq\u00e7\u0131 v\u0259 ya \u018flv\u0259nd k\u0259ndind\u0259n Ucar rayon m\u0259rk\u0259zin\u0259 q\u0259d\u0259r olan m\u0259saf\u0259 t\u0259qrib\u0259n 60 kilometrdir, o ill\u0259rd\u0259 yollar cox b\u0259rbad, n\u0259qliyyat problemi is\u0259 \u00fcmumiyy\u0259tl\u0259, m\u00fc\u015fk\u00fcl m\u0259s\u0259l\u0259 idi. Yaranm\u0131\u015f \u00e7\u0259tinlikl\u0259r get-ged\u0259 v\u0259t\u0259nda\u015f ita\u0259tsizliyin\u0259 \u00e7evrilirdi. Bu ita\u0259tsizliyi s\u00fcbut ed\u0259n ilk hadis\u0259 1964-c\u00fc ild\u0259 rayonun n\u00fcfuzlu \u015f\u0259xsl\u0259rinin r\u0259hb\u0259rliyi il\u0259 t\u0259\u015fkil edil\u0259n d\u0259rn\u0259kl\u0259r oldu.\u201d\u00a0<\/em><\/p>\n<p><em>\u00a0 \u00a0\u00a0<\/em>Bu d\u0259rn\u0259kl\u0259rd\u0259, rayonun statusunun b\u0259rpas\u0131na nail olmaq \u00fc\u00e7\u00fcn\u00a0\u00a0g\u00f6r\u00fcl\u0259c\u0259k i\u015fl\u0259rin m\u00fczakir\u0259 olundu\u011funu qeyd ed\u0259n m\u00fc\u0259llif, bu istiqam\u0259tl\u0259rd\u0259 g\u00f6r\u00fcl\u0259n i\u015fl\u0259ri bel\u0259 t\u0259svir edir : &#8220;\u018fvv\u0259lc\u0259 Az\u0259rbaycan Sovet Sosialist Respublikas\u0131n\u0131n r\u0259hb\u0259rliyin\u0259 &#8211; Respublika Kommunist Partiyas\u0131n\u0131n M\u0259rk\u0259zi Komit\u0259sin\u0259 m\u00fcraci\u0259tl\u0259r \u00fcnvanland\u0131. N\u0259tic\u0259siz qalan bu m\u00fcraci\u0259tl\u0259rd\u0259n sonra Moskvaya-SSR\u0130 r\u0259hb\u0259rliyin\u0259- Sov. \u0130KP MK-ya \u0259riz\u0259l\u0259r, \u015fikay\u0259tl\u0259r, m\u00fcraci\u0259tl\u0259r g\u00f6nd\u0259rildi. Bu da n\u0259tic\u0259 verm\u0259dikd\u0259 cana doymu\u015f adamlar Z\u0259rdaba g\u0259l\u0259n \u015fosse yolunu (\u201cD\u00f6rdyol\u201d deyil\u0259n \u0259razi) ba\u011flad\u0131lar, burada \u015flaqbaum, ke\u00e7id m\u0259nt\u0259q\u0259si yaratd\u0131lar.<\/p>\n<p>1964-c\u00fc ilin dekabr\u0131nda Z\u0259rdab\u0131n Ucar rayonundan ayr\u0131lmas\u0131 i\u015fin\u0259 r\u0259hb\u0259rlik ed\u0259n q\u0259rargah yarad\u0131ld\u0131. Q\u0259rargah\u0131n \u00fczvl\u0259ri\u00a0Q\u0259dim Q\u0259dimov,\u00a0M\u0259cid Cavadov,\u00a0\u015eahg\u0259ldi M\u0259mm\u0259dov,\u00a0A\u011fah\u00fcseyn A\u011fayev,\u00a0Namiz\u0259d Abdullayev,\u00a0\u00a0Baba\u015f Baba\u015fov,\u00a0\u00a0F\u0259zay\u0131l Mahmudov,\u00a0\u00a0C\u0259bi Abdullayev v\u0259 ba\u015fqalar\u0131 idil\u0259r.<\/p>\n<p>Z\u0259dab\u0131n m\u00fcxt\u0259lif t\u0259b\u0259q\u0259l\u0259rini t\u0259msil ed\u0259n 16 n\u0259f\u0259r Bak\u0131ya ged\u0259r\u0259k \u00e7ox \u00e7\u0259tinlikl\u0259 d\u0259 olsa o vaxtk\u0131 Az\u0259rbaycan r\u0259hb\u0259ri V\u0259li Axundovun q\u0259buluna d\u00fc\u015f\u0259 bildil\u0259r v\u0259 m\u0259s\u0259l\u0259ni ona izah etdil\u0259r. M\u0259lum oldu ki, Z\u0259rdab\u0131n Ucara birl\u0259\u015fdirilm\u0259si Moskvan\u0131n s\u0259lahiyy\u0259tin\u0259 aid i\u015fdir, Az\u0259rbaycan KP MK bel\u0259 m\u0259s\u0259l\u0259l\u0259ri h\u0259ll etm\u0259k g\u00fcc\u00fcn\u0259 malik deyil. V\u0259ziyy\u0259ti n\u0259z\u0259r\u0259 alaraq q\u0259r\u0259rgah Z\u0259rdab \u0259halisinin etiraz\u0131n\u0131 Moskvaya &#8211; SSR\u0130-nin m\u0259rk\u0259zi hakimiyy\u0259t orqanlar\u0131na bildirm\u0259k \u00fc\u00e7\u00fcn n\u00fcmay\u0259nd\u0259 hey\u0259ti yaratd\u0131. Moskvaya yollanacaq n\u00fcmay\u0259nd\u0259 hey\u0259tin\u0259 M\u0259cid Cavadov, \u015eahg\u0259ldi M\u0259mm\u0259dov, Baba\u015f Baba\u015fov, A\u011fah\u00fcseyn A\u011fayev, Asiya M\u0259mm\u0259dova v\u0259 ba\u015fqalar\u0131 daxil edildil\u0259r. N\u00fcmay\u0259nd\u0259 hey\u0259ti Moskvaya yola d\u00fc\u015f\u0259r\u0259k 1964-c\u00fc il dekabr ay\u0131n\u0131n ax\u0131r\u0131ndan 1965-ci ilin yanvar ay\u0131na q\u0259d\u0259r orada f\u0259aliyy\u0259t g\u00f6st\u0259rmi\u015fdir. Moskvada f\u0259aliyy\u0259t g\u00f6st\u0259r\u0259n n\u00fcmay\u0259nd\u0259l\u0259r Z\u0259rdabla \u0259laq\u0259 saxlayaraq v\u0259ziyy\u0259td\u0259n as\u0131l\u0131 olaraq m\u0259rk\u0259z\u0259 rayondan \u00e7oxlu sayda teleqramlar g\u00f6nd\u0259rilm\u0259sinin vacibliyini bildirirdil\u0259r. Teleqramlar\u0131n g\u00f6nd\u0259rilm\u0259sini x\u00fcsusi parolla &#8211; \u201cG\u00f6y\u0259r\u00e7inl\u0259ri u\u00e7urdun\u201d s\u00f6zl\u0259ri il\u0259 telefon v\u0259 ya teleqramla bildirirdil\u0259r. Moskvaya g\u00f6nd\u0259ril\u0259n teleqramlar\u0131n m\u0259tnini h\u0259min d\u00f6vrd\u0259 maliyy\u0259 \u015f\u00f6b\u0259sind\u0259 i\u015fl\u0259y\u0259n Fir\u0259ngiz C\u0259mil q\u0131z\u0131 \u018fs\u0259dova haz\u0131rlay\u0131rd\u0131. N\u0259hay\u0259t, z\u0259rdabl\u0131lar\u0131n n\u00fcmay\u0259nd\u0259 hey\u0259tini o vaxtk\u0131 SSR\u0130 r\u0259hb\u0259ri\u00a0Leonid \u0130li\u00e7 Brejnevin k\u00f6m\u0259k\u00e7isi Star\u00e7enko q\u0259bul edib dinl\u0259di.<\/p>\n<p>1965-ci il yanvar\u0131n 6-da Z\u0259rdab yenid\u0259n \u00f6z m\u00fcst\u0259qil statusunu b\u0259rpa etdi.<\/p>\n<p>M\u0259lumat \u00fc\u00e7\u00fcn bildir\u0259k ki,\u00a0Mira\u011fa Ba\u011f\u0131rovun yaz\u0131s\u0131nda ad\u0131 ged\u0259n<i><strong>\u00a0<\/strong><\/i><em><strong>\u018fs\u0259dova Fir\u0259ngiz C\u0259mil q\u0131z\u0131<\/strong><\/em>\u00a0Z\u0259rdabinin \u0259misi o\u011flu Xanlar b\u0259y \u018fs\u0259d b\u0259y o\u011flu M\u0259likovun n\u0259v\u0259sidir. X.M\u0259likov 1933-c\u00fc ild\u0259 antisovet t\u0259bli\u011fat\u0131 apard\u0131\u011f\u0131na g\u00f6r\u0259 h\u0259bs edilmi\u015f, sonradan s\u0259rb\u0259st burax\u0131lm\u0131\u015fd\u0131r.\u00a0Bir m\u00fcdd\u0259td\u0259n sonra is\u0259 Q\u0131r\u011f\u0131z\u0131stana s\u00fcrg\u00fcn edilmi\u015fdir.<\/p>\n<p>F. \u018fs\u0259dovan\u0131n atas\u0131 C\u0259mil Xanlar o\u011flu M\u0259likov xalq d\u00fc\u015fm\u0259ninin o\u011flu kimi Sovet h\u00f6k\u00fcm\u0259ti t\u0259r\u0259find\u0259n 1937-ci ild\u0259 g\u00fcll\u0259l\u0259nib.<\/p>\n<p>\u018flib\u0259yli k\u0259nd sakini, z\u0259rdabl\u0131lar aras\u0131nda \u201c\u015e\u0131x A\u011fas\u0259f\u201d kimi tan\u0131nan A\u011fas\u0259f \u018fliyevin \u015f\u0259xsi arxivind\u0259 saxlan\u0131lan, m\u00fc\u0259llifi qeyd edilm\u0259y\u0259n a\u015fa\u011f\u0131dak\u0131 \u015feirin (\u015ferin poetik x\u00fcsusiyy\u0259tl\u0259rini m\u00fczakir\u0259 etm\u0259k ist\u0259mirik) misralar\u0131 1960-c\u0131 ill\u0259rd\u0259 Z\u0259rdab\u0131 ayrmaq u\u00e7\u00fcn z\u0259rdabl\u0131lar\u0131n g\u00f6rd\u00fckl\u0259ri i\u015fl\u0259rin tarixi portretini \u00e7\u0259km\u0259kd\u0259 m\u00fcyy\u0259n k\u00f6m\u0259llik ed\u0259 bil\u0259r.<\/p>\n<p>H\u0259s\u0259nb\u0259y m\u00fclk\u00fcn\u00fcn d\u00fcz\u00fc, t\u0259p\u0259si<\/p>\n<p>Ya\u015f\u0131lba\u015f sonas\u0131, K\u00fcr\u00fcn l\u0259p\u0259si,<\/p>\n<p>A\u011f bir\u00e7\u0259k anan\u0131n ki\u00e7ik n\u0259v\u0259si,<\/p>\n<p>Deyir, V\u0259li Yusibovi\u00e7 Z\u0259rdab\u0131 ay\u0131r!<\/p>\n<p>***<\/p>\n<p>G\u00f6yl\u0259r\u0259 y\u00fcks\u0259lir xalq\u0131m\u0131n s\u0259si,<\/p>\n<p>\u018ftraf\u0131 yand\u0131r\u0131r onun n\u0259f\u0259si,<\/p>\n<p>Y\u00fczl\u0259rl\u0259 ald\u0131\u011f\u0131n insan m\u0259ktubu<\/p>\n<p>Deyir, V\u0259li Yusibovi\u00e7 Z\u0259rdab\u0131 ay\u0131r.<\/p>\n<p>***<\/p>\n<p>R\u0259hb\u0259r ist\u0259r xo\u015fb\u0259xt olsun k\u0259ndlisi,<\/p>\n<p>T\u0259mizl\u0259r \u00f6lk\u0259sin, qovar iblisin.<\/p>\n<p>\u0130ki-\u00fc\u00e7 taxtal\u0131 Z\u0259rdab k\u00f6rp\u00fcs\u00fc,<\/p>\n<p>Deyir, V\u0259li Yusibovi\u00e7 Z\u0259rdab\u0131 ay\u0131r.<\/p>\n<p><strong>M\u0259nb\u0259:\u00a0<span style=\"color: #ff0000;\">www.zardob.blogspot.com<\/span><\/strong><\/p>\n","protected":false},"excerpt":{"rendered":"<p>H\u0259r hans\u0131 yurdun tarixini yerl\u0259\u015fdiyi \u00f6lk\u0259nin tarixind\u0259n ayr\u0131 t\u0259ss\u0259vv\u00fcr etm\u0259k m\u00fcmk\u00fcn deyil. \u0130st\u0259nil\u0259n hadis\u0259 az yaxud \u00e7ox halda \u00f6lk\u0259nin yerl\u0259\u015fdiyi \u0259raziy\u0259 d\u0259 \u00f6z t\u0259sirini g\u00f6st\u0259rm\u0259d\u0259n \u00f6tm\u00fcr. Tarixi xronoloji bax\u0131mdan XVIII \u0259srd\u0259n \u00a0ba\u015flan\u011f\u0131c\u0131n\u0131 g\u00f6t\u00fcr\u0259n Az\u0259rbaycan\u0131n yeni tarixi, ist\u0259rs\u0259 d\u0259 1918-ci ild\u0259n ba\u015flayan m\u00fcasir tarixi xalq \u00fcsyan v\u0259 etirazlar\u0131 il\u0259 z\u0259ngindir. T\u0259bii ki, bu etirazlar Z\u0259rdabdan da [&hellip;]<\/p>\n","protected":false},"author":1,"featured_media":0,"comment_status":"open","ping_status":"open","sticky":false,"template":"","format":"standard","meta":{"footnotes":""},"categories":[1],"tags":[],"class_list":{"0":"post-24079","1":"post","2":"type-post","3":"status-publish","4":"format-standard","6":"category-tarix"},"yoast_head":"<!-- This site is optimized with the Yoast SEO plugin v27.0 - https:\/\/yoast.com\/product\/yoast-seo-wordpress\/ -->\n<title>Z\u0259rdabda xalq etirazlar\u0131 - Tarixi faktlar - Z\u0259rdab.com<\/title>\n<meta name=\"robots\" content=\"index, follow, max-snippet:-1, max-image-preview:large, max-video-preview:-1\" \/>\n<link rel=\"canonical\" href=\"https:\/\/www.zerdab.com\/?p=24079\" \/>\n<meta property=\"og:locale\" content=\"az_AZ\" \/>\n<meta property=\"og:type\" content=\"article\" \/>\n<meta property=\"og:title\" content=\"Z\u0259rdabda xalq etirazlar\u0131 - Tarixi faktlar - Z\u0259rdab.com\" \/>\n<meta property=\"og:description\" content=\"H\u0259r hans\u0131 yurdun tarixini yerl\u0259\u015fdiyi \u00f6lk\u0259nin tarixind\u0259n ayr\u0131 t\u0259ss\u0259vv\u00fcr etm\u0259k m\u00fcmk\u00fcn deyil. \u0130st\u0259nil\u0259n hadis\u0259 az yaxud \u00e7ox halda \u00f6lk\u0259nin yerl\u0259\u015fdiyi \u0259raziy\u0259 d\u0259 \u00f6z t\u0259sirini g\u00f6st\u0259rm\u0259d\u0259n \u00f6tm\u00fcr. Tarixi xronoloji bax\u0131mdan XVIII \u0259srd\u0259n \u00a0ba\u015flan\u011f\u0131c\u0131n\u0131 g\u00f6t\u00fcr\u0259n Az\u0259rbaycan\u0131n yeni tarixi, ist\u0259rs\u0259 d\u0259 1918-ci ild\u0259n ba\u015flayan m\u00fcasir tarixi xalq \u00fcsyan v\u0259 etirazlar\u0131 il\u0259 z\u0259ngindir. T\u0259bii ki, bu etirazlar Z\u0259rdabdan da [&hellip;]\" \/>\n<meta property=\"og:url\" content=\"https:\/\/www.zerdab.com\/?p=24079\" \/>\n<meta property=\"og:site_name\" content=\"Z\u0259rdab.com\" \/>\n<meta property=\"article:published_time\" content=\"2017-01-08T19:45:28+00:00\" \/>\n<meta property=\"article:modified_time\" content=\"2017-01-14T19:37:46+00:00\" \/>\n<meta name=\"author\" content=\"admin\" \/>\n<meta name=\"twitter:card\" content=\"summary_large_image\" \/>\n<meta name=\"twitter:label1\" content=\"Written by\" \/>\n\t<meta name=\"twitter:data1\" content=\"admin\" \/>\n\t<meta name=\"twitter:label2\" content=\"Est. reading time\" \/>\n\t<meta name=\"twitter:data2\" content=\"9 minutes\" \/>\n<script type=\"application\/ld+json\" class=\"yoast-schema-graph\">{\"@context\":\"https:\/\/schema.org\",\"@graph\":[{\"@type\":\"Article\",\"@id\":\"https:\/\/www.zerdab.com\/?p=24079#article\",\"isPartOf\":{\"@id\":\"https:\/\/www.zerdab.com\/?p=24079\"},\"author\":{\"name\":\"admin\",\"@id\":\"https:\/\/www.zerdab.com\/#\/schema\/person\/97079b7570c1e89ec0d9e138c3672136\"},\"headline\":\"Z\u0259rdabda xalq etirazlar\u0131 &#8211; Tarixi faktlar\",\"datePublished\":\"2017-01-08T19:45:28+00:00\",\"dateModified\":\"2017-01-14T19:37:46+00:00\",\"mainEntityOfPage\":{\"@id\":\"https:\/\/www.zerdab.com\/?p=24079\"},\"wordCount\":2143,\"commentCount\":0,\"articleSection\":[\"Z\u018fRDABIN TAR\u0130X\u0130\"],\"inLanguage\":\"az\",\"potentialAction\":[{\"@type\":\"CommentAction\",\"name\":\"Comment\",\"target\":[\"https:\/\/www.zerdab.com\/?p=24079#respond\"]}]},{\"@type\":\"WebPage\",\"@id\":\"https:\/\/www.zerdab.com\/?p=24079\",\"url\":\"https:\/\/www.zerdab.com\/?p=24079\",\"name\":\"Z\u0259rdabda xalq etirazlar\u0131 - Tarixi faktlar - Z\u0259rdab.com\",\"isPartOf\":{\"@id\":\"https:\/\/www.zerdab.com\/#website\"},\"datePublished\":\"2017-01-08T19:45:28+00:00\",\"dateModified\":\"2017-01-14T19:37:46+00:00\",\"author\":{\"@id\":\"https:\/\/www.zerdab.com\/#\/schema\/person\/97079b7570c1e89ec0d9e138c3672136\"},\"breadcrumb\":{\"@id\":\"https:\/\/www.zerdab.com\/?p=24079#breadcrumb\"},\"inLanguage\":\"az\",\"potentialAction\":[{\"@type\":\"ReadAction\",\"target\":[\"https:\/\/www.zerdab.com\/?p=24079\"]}]},{\"@type\":\"BreadcrumbList\",\"@id\":\"https:\/\/www.zerdab.com\/?p=24079#breadcrumb\",\"itemListElement\":[{\"@type\":\"ListItem\",\"position\":1,\"name\":\"Home\",\"item\":\"https:\/\/www.zerdab.com\/\"},{\"@type\":\"ListItem\",\"position\":2,\"name\":\"Z\u0259rdabda xalq etirazlar\u0131 &#8211; Tarixi faktlar\"}]},{\"@type\":\"WebSite\",\"@id\":\"https:\/\/www.zerdab.com\/#website\",\"url\":\"https:\/\/www.zerdab.com\/\",\"name\":\"Z\u0259rdab.com\",\"description\":\"\",\"potentialAction\":[{\"@type\":\"SearchAction\",\"target\":{\"@type\":\"EntryPoint\",\"urlTemplate\":\"https:\/\/www.zerdab.com\/?s={search_term_string}\"},\"query-input\":{\"@type\":\"PropertyValueSpecification\",\"valueRequired\":true,\"valueName\":\"search_term_string\"}}],\"inLanguage\":\"az\"},{\"@type\":\"Person\",\"@id\":\"https:\/\/www.zerdab.com\/#\/schema\/person\/97079b7570c1e89ec0d9e138c3672136\",\"name\":\"admin\",\"image\":{\"@type\":\"ImageObject\",\"inLanguage\":\"az\",\"@id\":\"https:\/\/www.zerdab.com\/#\/schema\/person\/image\/\",\"url\":\"https:\/\/secure.gravatar.com\/avatar\/d9c52a9a27c32119cb6679a077fa3e2779e5f822c451cbf01098004361d466ec?s=96&d=mm&r=g\",\"contentUrl\":\"https:\/\/secure.gravatar.com\/avatar\/d9c52a9a27c32119cb6679a077fa3e2779e5f822c451cbf01098004361d466ec?s=96&d=mm&r=g\",\"caption\":\"admin\"},\"url\":\"https:\/\/www.zerdab.com\/?author=1\"}]}<\/script>\n<!-- \/ Yoast SEO plugin. -->","yoast_head_json":{"title":"Z\u0259rdabda xalq etirazlar\u0131 - Tarixi faktlar - Z\u0259rdab.com","robots":{"index":"index","follow":"follow","max-snippet":"max-snippet:-1","max-image-preview":"max-image-preview:large","max-video-preview":"max-video-preview:-1"},"canonical":"https:\/\/www.zerdab.com\/?p=24079","og_locale":"az_AZ","og_type":"article","og_title":"Z\u0259rdabda xalq etirazlar\u0131 - Tarixi faktlar - Z\u0259rdab.com","og_description":"H\u0259r hans\u0131 yurdun tarixini yerl\u0259\u015fdiyi \u00f6lk\u0259nin tarixind\u0259n ayr\u0131 t\u0259ss\u0259vv\u00fcr etm\u0259k m\u00fcmk\u00fcn deyil. \u0130st\u0259nil\u0259n hadis\u0259 az yaxud \u00e7ox halda \u00f6lk\u0259nin yerl\u0259\u015fdiyi \u0259raziy\u0259 d\u0259 \u00f6z t\u0259sirini g\u00f6st\u0259rm\u0259d\u0259n \u00f6tm\u00fcr. Tarixi xronoloji bax\u0131mdan XVIII \u0259srd\u0259n \u00a0ba\u015flan\u011f\u0131c\u0131n\u0131 g\u00f6t\u00fcr\u0259n Az\u0259rbaycan\u0131n yeni tarixi, ist\u0259rs\u0259 d\u0259 1918-ci ild\u0259n ba\u015flayan m\u00fcasir tarixi xalq \u00fcsyan v\u0259 etirazlar\u0131 il\u0259 z\u0259ngindir. T\u0259bii ki, bu etirazlar Z\u0259rdabdan da [&hellip;]","og_url":"https:\/\/www.zerdab.com\/?p=24079","og_site_name":"Z\u0259rdab.com","article_published_time":"2017-01-08T19:45:28+00:00","article_modified_time":"2017-01-14T19:37:46+00:00","author":"admin","twitter_card":"summary_large_image","twitter_misc":{"Written by":"admin","Est. reading time":"9 minutes"},"schema":{"@context":"https:\/\/schema.org","@graph":[{"@type":"Article","@id":"https:\/\/www.zerdab.com\/?p=24079#article","isPartOf":{"@id":"https:\/\/www.zerdab.com\/?p=24079"},"author":{"name":"admin","@id":"https:\/\/www.zerdab.com\/#\/schema\/person\/97079b7570c1e89ec0d9e138c3672136"},"headline":"Z\u0259rdabda xalq etirazlar\u0131 &#8211; Tarixi faktlar","datePublished":"2017-01-08T19:45:28+00:00","dateModified":"2017-01-14T19:37:46+00:00","mainEntityOfPage":{"@id":"https:\/\/www.zerdab.com\/?p=24079"},"wordCount":2143,"commentCount":0,"articleSection":["Z\u018fRDABIN TAR\u0130X\u0130"],"inLanguage":"az","potentialAction":[{"@type":"CommentAction","name":"Comment","target":["https:\/\/www.zerdab.com\/?p=24079#respond"]}]},{"@type":"WebPage","@id":"https:\/\/www.zerdab.com\/?p=24079","url":"https:\/\/www.zerdab.com\/?p=24079","name":"Z\u0259rdabda xalq etirazlar\u0131 - Tarixi faktlar - Z\u0259rdab.com","isPartOf":{"@id":"https:\/\/www.zerdab.com\/#website"},"datePublished":"2017-01-08T19:45:28+00:00","dateModified":"2017-01-14T19:37:46+00:00","author":{"@id":"https:\/\/www.zerdab.com\/#\/schema\/person\/97079b7570c1e89ec0d9e138c3672136"},"breadcrumb":{"@id":"https:\/\/www.zerdab.com\/?p=24079#breadcrumb"},"inLanguage":"az","potentialAction":[{"@type":"ReadAction","target":["https:\/\/www.zerdab.com\/?p=24079"]}]},{"@type":"BreadcrumbList","@id":"https:\/\/www.zerdab.com\/?p=24079#breadcrumb","itemListElement":[{"@type":"ListItem","position":1,"name":"Home","item":"https:\/\/www.zerdab.com\/"},{"@type":"ListItem","position":2,"name":"Z\u0259rdabda xalq etirazlar\u0131 &#8211; Tarixi faktlar"}]},{"@type":"WebSite","@id":"https:\/\/www.zerdab.com\/#website","url":"https:\/\/www.zerdab.com\/","name":"Z\u0259rdab.com","description":"","potentialAction":[{"@type":"SearchAction","target":{"@type":"EntryPoint","urlTemplate":"https:\/\/www.zerdab.com\/?s={search_term_string}"},"query-input":{"@type":"PropertyValueSpecification","valueRequired":true,"valueName":"search_term_string"}}],"inLanguage":"az"},{"@type":"Person","@id":"https:\/\/www.zerdab.com\/#\/schema\/person\/97079b7570c1e89ec0d9e138c3672136","name":"admin","image":{"@type":"ImageObject","inLanguage":"az","@id":"https:\/\/www.zerdab.com\/#\/schema\/person\/image\/","url":"https:\/\/secure.gravatar.com\/avatar\/d9c52a9a27c32119cb6679a077fa3e2779e5f822c451cbf01098004361d466ec?s=96&d=mm&r=g","contentUrl":"https:\/\/secure.gravatar.com\/avatar\/d9c52a9a27c32119cb6679a077fa3e2779e5f822c451cbf01098004361d466ec?s=96&d=mm&r=g","caption":"admin"},"url":"https:\/\/www.zerdab.com\/?author=1"}]}},"_links":{"self":[{"href":"https:\/\/www.zerdab.com\/index.php?rest_route=\/wp\/v2\/posts\/24079","targetHints":{"allow":["GET"]}}],"collection":[{"href":"https:\/\/www.zerdab.com\/index.php?rest_route=\/wp\/v2\/posts"}],"about":[{"href":"https:\/\/www.zerdab.com\/index.php?rest_route=\/wp\/v2\/types\/post"}],"author":[{"embeddable":true,"href":"https:\/\/www.zerdab.com\/index.php?rest_route=\/wp\/v2\/users\/1"}],"replies":[{"embeddable":true,"href":"https:\/\/www.zerdab.com\/index.php?rest_route=%2Fwp%2Fv2%2Fcomments&post=24079"}],"version-history":[{"count":3,"href":"https:\/\/www.zerdab.com\/index.php?rest_route=\/wp\/v2\/posts\/24079\/revisions"}],"predecessor-version":[{"id":24086,"href":"https:\/\/www.zerdab.com\/index.php?rest_route=\/wp\/v2\/posts\/24079\/revisions\/24086"}],"wp:attachment":[{"href":"https:\/\/www.zerdab.com\/index.php?rest_route=%2Fwp%2Fv2%2Fmedia&parent=24079"}],"wp:term":[{"taxonomy":"category","embeddable":true,"href":"https:\/\/www.zerdab.com\/index.php?rest_route=%2Fwp%2Fv2%2Fcategories&post=24079"},{"taxonomy":"post_tag","embeddable":true,"href":"https:\/\/www.zerdab.com\/index.php?rest_route=%2Fwp%2Fv2%2Ftags&post=24079"}],"curies":[{"name":"wp","href":"https:\/\/api.w.org\/{rel}","templated":true}]}}