{"id":24181,"date":"2017-02-09T13:25:43","date_gmt":"2017-02-09T09:25:43","guid":{"rendered":"http:\/\/www.zerdab.com\/?p=24181"},"modified":"2017-02-09T13:27:34","modified_gmt":"2017-02-09T09:27:34","slug":"z%c9%99rdabda-10-min-hektar-%c9%99razini-suvaracaq-layih%c9%99nin-icrasina-baslanildi-fotolar","status":"publish","type":"post","link":"https:\/\/www.zerdab.com\/?p=24181","title":{"rendered":"Z\u0259rdabda m\u00f6ht\u0259\u015f\u0259m layih\u0259nin icras\u0131na ba\u015flan\u0131ld\u0131: 10 min hektar \u0259razi susuzluqdan xilas olacaq &#8211; FOTOLAR"},"content":{"rendered":"<p>30 yanvar 2017-ci il tarixd\u0259 Heyd\u0259r \u018fliyev M\u0259rk\u0259zind\u0259 ke\u00e7iril\u0259n \u201cAz\u0259rbaycan Respublikas\u0131 regionlar\u0131n\u0131n 2014-2018-ci ill\u0259rd\u0259 sosial-iqtisadi inki\u015faf\u0131 D\u00f6vl\u0259t Proqram\u0131\u201dn\u0131n icras\u0131n\u0131n \u00fc\u00e7\u00fcnc\u00fc ilinin yekunlar\u0131na h\u0259sr olunan konfransdak\u0131 yekun nitqind\u0259 \u00f6lk\u0259 Prezidenti c\u0259nab \u0130lham \u018fliyev \u00f6lk\u0259mizin \u0259rzaq t\u0259hl\u00fck\u0259sizliyinin v\u0259 ixrac potensial\u0131n\u0131n art\u0131r\u0131lmas\u0131n\u0131 t\u0259min etm\u0259k \u00fc\u00e7\u00fcn 160 min hektar torpa\u011f\u0131n \u0259kin d\u00f6vriyy\u0259sin\u0259 c\u0259lb edilm\u0259si bar\u0259d\u0259 m\u0259lumat verib. Bu \u0259razil\u0259rin suvarma suyu il\u0259 t\u0259minat\u0131n\u0131 m\u00fch\u00fcm v\u0259zif\u0259 kimi qar\u015f\u0131ya qoyub. Hac\u0131qabul v\u0259 \u015eamax\u0131 rayonlar\u0131nda 10 min, Z\u0259rdab rayonunda is\u0259 10 min hektar torpa\u011f\u0131n suvar\u0131lmas\u0131n\u0131 reall\u0131\u011fa \u00e7evir\u0259k layih\u0259l\u0259rin h\u0259yata ke\u00e7rilm\u0259si \u201cAz\u0259rsu\u201d ASC-y\u0259 \u00a0tap\u015f\u0131r\u0131l\u0131b.<\/p>\n<p><span style=\"color: #ff0000;\"><strong>Zerdab.com<\/strong><\/span> sayt\u0131 x\u0259b\u0259r verir ki, Z\u0259rdab rayonunun B\u0259yimli q\u0259s\u0259b\u0259si \u0259razisind\u0259ki 10 min hektar torpa\u011f\u0131n suvarma t\u0259minat\u0131n\u0131 h\u0259yata ke\u00e7irm\u0259k m\u0259qs\u0259dil\u0259 \u201cAz\u0259rsu\u201d ASC real t\u0259dbirl\u0259r\u0259 start verib. Qurumun r\u0259hb\u0259rliyi layih\u0259nin icra olundu\u011fu \u0259raziy\u0259 ba\u015f \u00e7\u0259k\u0259r\u0259k icra\u00e7\u0131 t\u0259\u015fkilatlar qar\u015f\u0131s\u0131nda duran v\u0259zif\u0259l\u0259r\u0259 bir daha ayd\u0131nl\u0131q g\u0259tirib. Layih\u0259y\u0259 \u0259sas\u0259n K\u00fcr \u00e7ay\u0131n\u0131n sahilind\u0259 T\u0259z\u0259k\u0259nd k\u0259ndi \u0259razisind\u0259 g\u00fcc\u00fc 3 kubmetr\/saniy\u0259 olan su nasos stansiyas\u0131 tikilir. Haz\u0131rda su q\u0259buledicinin v\u0259 su nasos stansiyas\u0131n\u0131n tikintisi \u00fc\u00e7\u00fcn torpaq i\u015fl\u0259ri, el\u0259c\u0259 d\u0259 \u00f6z\u00fcl\u00fcn tikilm\u0259si \u00fc\u00e7\u00fcn metal payalar\u0131n qura\u015fd\u0131r\u0131lmas\u0131 i\u015fl\u0259ri s\u00fcr\u0259tl\u0259 davam etdirilir. \u018fkin sah\u0259l\u0259rin\u0259 suyun n\u0259qlini t\u0259min etm\u0259k m\u0259qs\u0259dil\u0259 diametri 1400 mm, uzunlu\u011fu 15 km olan magistral su x\u0259ttinin tikilm\u0259si n\u0259z\u0259rd\u0259 tutulub. Borular\u0131n 1 km-i \u0259raziy\u0259 g\u0259tiril\u0259r\u0259k qaynaq i\u015fl\u0259rin\u0259 ba\u015flan\u0131l\u0131b. Su nasos stansiyas\u0131n\u0131 elektrik enerjisi il\u0259 t\u0259min etm\u0259k m\u0259qs\u0259dil\u0259 layih\u0259l\u0259ndirm\u0259 i\u015fl\u0259ri ba\u015fa \u00e7atd\u0131r\u0131l\u0131b v\u0259 Z\u0259rdab 35\/10 kilovoltluq yar\u0131mstansiyas\u0131ndan obyekt\u0259 q\u0259d\u0259r 6,5 km uzunluqda yeni 35 kv-luq hava x\u0259ttinin \u00e7\u0259kili\u015fi i\u015fl\u0259rin\u0259 d\u0259 ba\u015flan\u0131l\u0131b. Qeyd ed\u0259k ki, bu m\u00fch\u00fcm layih\u0259 bir ne\u00e7\u0259 icra\u00e7\u0131 t\u0259\u015fkilat t\u0259r\u0259find\u0259n y\u00fcks\u0259k pe\u015f\u0259karl\u0131qla h\u0259yata ke\u00e7iril\u0259c\u0259k. B\u0259yimli q\u0259s\u0259b\u0259sinin \u0259razisind\u0259 yeni \u0259kin d\u00f6vriyy\u0259sin\u0259 daxil edilmi\u015f sah\u0259l\u0259rd\u0259 \u0259sas\u0259n pamb\u0131q v\u0259 tax\u0131l \u0259kil\u0259c\u0259k.<\/p>\n<p>Bundan \u0259lav\u0259 Z\u0259rdab\u0131n \u018flv\u0259nd v\u0259 Otmanoba k\u0259ndl\u0259rinin \u0259kin sah\u0259l\u0259rinin suvarma suyu il\u0259 t\u0259minat\u0131n\u0131n yax\u015f\u0131la\u015fd\u0131r\u0131lmas\u0131 m\u0259qs\u0259dil\u0259 3,4 kilometr nov kanallar\u0131 \u015f\u00fc\u015f\u0259 lifli novlarla \u0259v\u0259zl\u0259nir. Nov kanallar\u0131 Meliorasiya v\u0259 Su T\u0259s\u0259rr\u00fcfat\u0131 ASC-nin sifari\u015fi il\u0259 \u201cQaraba\u011f-R\u201d MMC t\u0259r\u0259find\u0259n \u00e7\u0259kilir. Art\u0131q 1,5 kilometr m\u0259saf\u0259d\u0259 i\u015fl\u0259r ba\u015fa \u00e7atd\u0131r\u0131l\u0131b. Yeni nov kanal\u0131 h\u0259r iki k\u0259ndd\u0259, \u00fcmumilikd\u0259, 700 hektardan \u00e7ox \u0259kin sah\u0259sinin normal su il\u0259 t\u0259min olunmas\u0131na imkan ver\u0259c\u0259k. T\u0259mir-b\u0259rpa i\u015fl\u0259rinin may ay\u0131nda yekunla\u015fd\u0131r\u0131lmas\u0131 n\u0259z\u0259rd\u0259 tutulub.<\/p>\n<p><a href=\"http:\/\/www.zerdab.com\/z%c9%99rdabda-10-min-hektar-%c9%99razini-suvaracaq-layih%c9%99nin-icrasina-baslanildi-fotolar\/zerdab-rayonu-52\/\" rel=\"attachment wp-att-24183\"><img loading=\"lazy\" decoding=\"async\" class=\"aligncenter size-large wp-image-24183\" src=\"http:\/\/www.zerdab.com\/wp-content\/uploads\/2017\/02\/Zerdab-rayonu-1-550x365.jpg\" alt=\"\" width=\"550\" height=\"365\" \/><\/a> <a href=\"http:\/\/www.zerdab.com\/z%c9%99rdabda-10-min-hektar-%c9%99razini-suvaracaq-layih%c9%99nin-icrasina-baslanildi-fotolar\/zerdab-rayonu1-16\/\" rel=\"attachment wp-att-24184\"><img loading=\"lazy\" decoding=\"async\" class=\"aligncenter size-large wp-image-24184\" src=\"http:\/\/www.zerdab.com\/wp-content\/uploads\/2017\/02\/Zerdab-rayonu1-550x365.jpg\" alt=\"\" width=\"550\" height=\"365\" \/><\/a> <a href=\"http:\/\/www.zerdab.com\/z%c9%99rdabda-10-min-hektar-%c9%99razini-suvaracaq-layih%c9%99nin-icrasina-baslanildi-fotolar\/zerdab-rayonu2-14\/\" rel=\"attachment wp-att-24185\"><img loading=\"lazy\" decoding=\"async\" class=\"aligncenter size-large wp-image-24185\" src=\"http:\/\/www.zerdab.com\/wp-content\/uploads\/2017\/02\/Zerdab-rayonu2-550x365.jpg\" alt=\"\" width=\"550\" height=\"365\" \/><\/a><\/p>\n","protected":false},"excerpt":{"rendered":"<p>30 yanvar 2017-ci il tarixd\u0259 Heyd\u0259r \u018fliyev M\u0259rk\u0259zind\u0259 ke\u00e7iril\u0259n \u201cAz\u0259rbaycan Respublikas\u0131 regionlar\u0131n\u0131n 2014-2018-ci ill\u0259rd\u0259 sosial-iqtisadi inki\u015faf\u0131 D\u00f6vl\u0259t Proqram\u0131\u201dn\u0131n icras\u0131n\u0131n \u00fc\u00e7\u00fcnc\u00fc ilinin yekunlar\u0131na h\u0259sr olunan konfransdak\u0131 yekun nitqind\u0259 \u00f6lk\u0259 Prezidenti c\u0259nab \u0130lham \u018fliyev \u00f6lk\u0259mizin \u0259rzaq t\u0259hl\u00fck\u0259sizliyinin v\u0259 ixrac potensial\u0131n\u0131n art\u0131r\u0131lmas\u0131n\u0131 t\u0259min etm\u0259k \u00fc\u00e7\u00fcn 160 min hektar torpa\u011f\u0131n \u0259kin d\u00f6vriyy\u0259sin\u0259 c\u0259lb edilm\u0259si bar\u0259d\u0259 m\u0259lumat verib. Bu \u0259razil\u0259rin [&hellip;]<\/p>\n","protected":false},"author":1,"featured_media":0,"comment_status":"open","ping_status":"open","sticky":false,"template":"","format":"standard","meta":{"footnotes":""},"categories":[21],"tags":[],"class_list":{"0":"post-24181","1":"post","2":"type-post","3":"status-publish","4":"format-standard","6":"category-zrdab"},"yoast_head":"<!-- This site is optimized with the Yoast SEO plugin v27.0 - https:\/\/yoast.com\/product\/yoast-seo-wordpress\/ -->\n<title>Z\u0259rdabda m\u00f6ht\u0259\u015f\u0259m layih\u0259nin icras\u0131na ba\u015flan\u0131ld\u0131: 10 min hektar \u0259razi susuzluqdan xilas olacaq - FOTOLAR - Z\u0259rdab.com<\/title>\n<meta name=\"robots\" content=\"index, follow, max-snippet:-1, max-image-preview:large, max-video-preview:-1\" \/>\n<link rel=\"canonical\" href=\"https:\/\/www.zerdab.com\/?p=24181\" \/>\n<meta property=\"og:locale\" content=\"az_AZ\" \/>\n<meta property=\"og:type\" content=\"article\" \/>\n<meta property=\"og:title\" content=\"Z\u0259rdabda m\u00f6ht\u0259\u015f\u0259m layih\u0259nin icras\u0131na ba\u015flan\u0131ld\u0131: 10 min hektar \u0259razi susuzluqdan xilas olacaq - FOTOLAR - Z\u0259rdab.com\" \/>\n<meta property=\"og:description\" content=\"30 yanvar 2017-ci il tarixd\u0259 Heyd\u0259r \u018fliyev M\u0259rk\u0259zind\u0259 ke\u00e7iril\u0259n \u201cAz\u0259rbaycan Respublikas\u0131 regionlar\u0131n\u0131n 2014-2018-ci ill\u0259rd\u0259 sosial-iqtisadi inki\u015faf\u0131 D\u00f6vl\u0259t Proqram\u0131\u201dn\u0131n icras\u0131n\u0131n \u00fc\u00e7\u00fcnc\u00fc ilinin yekunlar\u0131na h\u0259sr olunan konfransdak\u0131 yekun nitqind\u0259 \u00f6lk\u0259 Prezidenti c\u0259nab \u0130lham \u018fliyev \u00f6lk\u0259mizin \u0259rzaq t\u0259hl\u00fck\u0259sizliyinin v\u0259 ixrac potensial\u0131n\u0131n art\u0131r\u0131lmas\u0131n\u0131 t\u0259min etm\u0259k \u00fc\u00e7\u00fcn 160 min hektar torpa\u011f\u0131n \u0259kin d\u00f6vriyy\u0259sin\u0259 c\u0259lb edilm\u0259si bar\u0259d\u0259 m\u0259lumat verib. Bu \u0259razil\u0259rin [&hellip;]\" \/>\n<meta property=\"og:url\" content=\"https:\/\/www.zerdab.com\/?p=24181\" \/>\n<meta property=\"og:site_name\" content=\"Z\u0259rdab.com\" \/>\n<meta property=\"article:published_time\" content=\"2017-02-09T09:25:43+00:00\" \/>\n<meta property=\"article:modified_time\" content=\"2017-02-09T09:27:34+00:00\" \/>\n<meta property=\"og:image\" content=\"http:\/\/www.zerdab.com\/wp-content\/uploads\/2017\/02\/Zerdab-rayonu-1-550x365.jpg\" \/>\n<meta name=\"author\" content=\"admin\" \/>\n<meta name=\"twitter:card\" content=\"summary_large_image\" \/>\n<meta name=\"twitter:label1\" content=\"Written by\" \/>\n\t<meta name=\"twitter:data1\" content=\"admin\" \/>\n\t<meta name=\"twitter:label2\" content=\"Est. reading time\" \/>\n\t<meta name=\"twitter:data2\" content=\"3 minutes\" \/>\n<script type=\"application\/ld+json\" class=\"yoast-schema-graph\">{\"@context\":\"https:\/\/schema.org\",\"@graph\":[{\"@type\":\"Article\",\"@id\":\"https:\/\/www.zerdab.com\/?p=24181#article\",\"isPartOf\":{\"@id\":\"https:\/\/www.zerdab.com\/?p=24181\"},\"author\":{\"name\":\"admin\",\"@id\":\"https:\/\/www.zerdab.com\/#\/schema\/person\/97079b7570c1e89ec0d9e138c3672136\"},\"headline\":\"Z\u0259rdabda m\u00f6ht\u0259\u015f\u0259m layih\u0259nin icras\u0131na ba\u015flan\u0131ld\u0131: 10 min hektar \u0259razi susuzluqdan xilas olacaq &#8211; FOTOLAR\",\"datePublished\":\"2017-02-09T09:25:43+00:00\",\"dateModified\":\"2017-02-09T09:27:34+00:00\",\"mainEntityOfPage\":{\"@id\":\"https:\/\/www.zerdab.com\/?p=24181\"},\"wordCount\":581,\"commentCount\":0,\"image\":{\"@id\":\"https:\/\/www.zerdab.com\/?p=24181#primaryimage\"},\"thumbnailUrl\":\"http:\/\/www.zerdab.com\/wp-content\/uploads\/2017\/02\/Zerdab-rayonu-1-550x365.jpg\",\"articleSection\":[\"C\u018fM\u0130YY\u018fT\"],\"inLanguage\":\"az\",\"potentialAction\":[{\"@type\":\"CommentAction\",\"name\":\"Comment\",\"target\":[\"https:\/\/www.zerdab.com\/?p=24181#respond\"]}]},{\"@type\":\"WebPage\",\"@id\":\"https:\/\/www.zerdab.com\/?p=24181\",\"url\":\"https:\/\/www.zerdab.com\/?p=24181\",\"name\":\"Z\u0259rdabda m\u00f6ht\u0259\u015f\u0259m layih\u0259nin icras\u0131na ba\u015flan\u0131ld\u0131: 10 min hektar \u0259razi susuzluqdan xilas olacaq - FOTOLAR - Z\u0259rdab.com\",\"isPartOf\":{\"@id\":\"https:\/\/www.zerdab.com\/#website\"},\"primaryImageOfPage\":{\"@id\":\"https:\/\/www.zerdab.com\/?p=24181#primaryimage\"},\"image\":{\"@id\":\"https:\/\/www.zerdab.com\/?p=24181#primaryimage\"},\"thumbnailUrl\":\"http:\/\/www.zerdab.com\/wp-content\/uploads\/2017\/02\/Zerdab-rayonu-1-550x365.jpg\",\"datePublished\":\"2017-02-09T09:25:43+00:00\",\"dateModified\":\"2017-02-09T09:27:34+00:00\",\"author\":{\"@id\":\"https:\/\/www.zerdab.com\/#\/schema\/person\/97079b7570c1e89ec0d9e138c3672136\"},\"breadcrumb\":{\"@id\":\"https:\/\/www.zerdab.com\/?p=24181#breadcrumb\"},\"inLanguage\":\"az\",\"potentialAction\":[{\"@type\":\"ReadAction\",\"target\":[\"https:\/\/www.zerdab.com\/?p=24181\"]}]},{\"@type\":\"ImageObject\",\"inLanguage\":\"az\",\"@id\":\"https:\/\/www.zerdab.com\/?p=24181#primaryimage\",\"url\":\"\",\"contentUrl\":\"\"},{\"@type\":\"BreadcrumbList\",\"@id\":\"https:\/\/www.zerdab.com\/?p=24181#breadcrumb\",\"itemListElement\":[{\"@type\":\"ListItem\",\"position\":1,\"name\":\"Home\",\"item\":\"https:\/\/www.zerdab.com\/\"},{\"@type\":\"ListItem\",\"position\":2,\"name\":\"Z\u0259rdabda m\u00f6ht\u0259\u015f\u0259m layih\u0259nin icras\u0131na ba\u015flan\u0131ld\u0131: 10 min hektar \u0259razi susuzluqdan xilas olacaq &#8211; FOTOLAR\"}]},{\"@type\":\"WebSite\",\"@id\":\"https:\/\/www.zerdab.com\/#website\",\"url\":\"https:\/\/www.zerdab.com\/\",\"name\":\"Z\u0259rdab.com\",\"description\":\"\",\"potentialAction\":[{\"@type\":\"SearchAction\",\"target\":{\"@type\":\"EntryPoint\",\"urlTemplate\":\"https:\/\/www.zerdab.com\/?s={search_term_string}\"},\"query-input\":{\"@type\":\"PropertyValueSpecification\",\"valueRequired\":true,\"valueName\":\"search_term_string\"}}],\"inLanguage\":\"az\"},{\"@type\":\"Person\",\"@id\":\"https:\/\/www.zerdab.com\/#\/schema\/person\/97079b7570c1e89ec0d9e138c3672136\",\"name\":\"admin\",\"image\":{\"@type\":\"ImageObject\",\"inLanguage\":\"az\",\"@id\":\"https:\/\/www.zerdab.com\/#\/schema\/person\/image\/\",\"url\":\"https:\/\/secure.gravatar.com\/avatar\/d9c52a9a27c32119cb6679a077fa3e2779e5f822c451cbf01098004361d466ec?s=96&d=mm&r=g\",\"contentUrl\":\"https:\/\/secure.gravatar.com\/avatar\/d9c52a9a27c32119cb6679a077fa3e2779e5f822c451cbf01098004361d466ec?s=96&d=mm&r=g\",\"caption\":\"admin\"},\"url\":\"https:\/\/www.zerdab.com\/?author=1\"}]}<\/script>\n<!-- \/ Yoast SEO plugin. -->","yoast_head_json":{"title":"Z\u0259rdabda m\u00f6ht\u0259\u015f\u0259m layih\u0259nin icras\u0131na ba\u015flan\u0131ld\u0131: 10 min hektar \u0259razi susuzluqdan xilas olacaq - FOTOLAR - Z\u0259rdab.com","robots":{"index":"index","follow":"follow","max-snippet":"max-snippet:-1","max-image-preview":"max-image-preview:large","max-video-preview":"max-video-preview:-1"},"canonical":"https:\/\/www.zerdab.com\/?p=24181","og_locale":"az_AZ","og_type":"article","og_title":"Z\u0259rdabda m\u00f6ht\u0259\u015f\u0259m layih\u0259nin icras\u0131na ba\u015flan\u0131ld\u0131: 10 min hektar \u0259razi susuzluqdan xilas olacaq - FOTOLAR - Z\u0259rdab.com","og_description":"30 yanvar 2017-ci il tarixd\u0259 Heyd\u0259r \u018fliyev M\u0259rk\u0259zind\u0259 ke\u00e7iril\u0259n \u201cAz\u0259rbaycan Respublikas\u0131 regionlar\u0131n\u0131n 2014-2018-ci ill\u0259rd\u0259 sosial-iqtisadi inki\u015faf\u0131 D\u00f6vl\u0259t Proqram\u0131\u201dn\u0131n icras\u0131n\u0131n \u00fc\u00e7\u00fcnc\u00fc ilinin yekunlar\u0131na h\u0259sr olunan konfransdak\u0131 yekun nitqind\u0259 \u00f6lk\u0259 Prezidenti c\u0259nab \u0130lham \u018fliyev \u00f6lk\u0259mizin \u0259rzaq t\u0259hl\u00fck\u0259sizliyinin v\u0259 ixrac potensial\u0131n\u0131n art\u0131r\u0131lmas\u0131n\u0131 t\u0259min etm\u0259k \u00fc\u00e7\u00fcn 160 min hektar torpa\u011f\u0131n \u0259kin d\u00f6vriyy\u0259sin\u0259 c\u0259lb edilm\u0259si bar\u0259d\u0259 m\u0259lumat verib. Bu \u0259razil\u0259rin [&hellip;]","og_url":"https:\/\/www.zerdab.com\/?p=24181","og_site_name":"Z\u0259rdab.com","article_published_time":"2017-02-09T09:25:43+00:00","article_modified_time":"2017-02-09T09:27:34+00:00","og_image":[{"url":"http:\/\/www.zerdab.com\/wp-content\/uploads\/2017\/02\/Zerdab-rayonu-1-550x365.jpg","type":"","width":"","height":""}],"author":"admin","twitter_card":"summary_large_image","twitter_misc":{"Written by":"admin","Est. reading time":"3 minutes"},"schema":{"@context":"https:\/\/schema.org","@graph":[{"@type":"Article","@id":"https:\/\/www.zerdab.com\/?p=24181#article","isPartOf":{"@id":"https:\/\/www.zerdab.com\/?p=24181"},"author":{"name":"admin","@id":"https:\/\/www.zerdab.com\/#\/schema\/person\/97079b7570c1e89ec0d9e138c3672136"},"headline":"Z\u0259rdabda m\u00f6ht\u0259\u015f\u0259m layih\u0259nin icras\u0131na ba\u015flan\u0131ld\u0131: 10 min hektar \u0259razi susuzluqdan xilas olacaq &#8211; FOTOLAR","datePublished":"2017-02-09T09:25:43+00:00","dateModified":"2017-02-09T09:27:34+00:00","mainEntityOfPage":{"@id":"https:\/\/www.zerdab.com\/?p=24181"},"wordCount":581,"commentCount":0,"image":{"@id":"https:\/\/www.zerdab.com\/?p=24181#primaryimage"},"thumbnailUrl":"http:\/\/www.zerdab.com\/wp-content\/uploads\/2017\/02\/Zerdab-rayonu-1-550x365.jpg","articleSection":["C\u018fM\u0130YY\u018fT"],"inLanguage":"az","potentialAction":[{"@type":"CommentAction","name":"Comment","target":["https:\/\/www.zerdab.com\/?p=24181#respond"]}]},{"@type":"WebPage","@id":"https:\/\/www.zerdab.com\/?p=24181","url":"https:\/\/www.zerdab.com\/?p=24181","name":"Z\u0259rdabda m\u00f6ht\u0259\u015f\u0259m layih\u0259nin icras\u0131na ba\u015flan\u0131ld\u0131: 10 min hektar \u0259razi susuzluqdan xilas olacaq - FOTOLAR - Z\u0259rdab.com","isPartOf":{"@id":"https:\/\/www.zerdab.com\/#website"},"primaryImageOfPage":{"@id":"https:\/\/www.zerdab.com\/?p=24181#primaryimage"},"image":{"@id":"https:\/\/www.zerdab.com\/?p=24181#primaryimage"},"thumbnailUrl":"http:\/\/www.zerdab.com\/wp-content\/uploads\/2017\/02\/Zerdab-rayonu-1-550x365.jpg","datePublished":"2017-02-09T09:25:43+00:00","dateModified":"2017-02-09T09:27:34+00:00","author":{"@id":"https:\/\/www.zerdab.com\/#\/schema\/person\/97079b7570c1e89ec0d9e138c3672136"},"breadcrumb":{"@id":"https:\/\/www.zerdab.com\/?p=24181#breadcrumb"},"inLanguage":"az","potentialAction":[{"@type":"ReadAction","target":["https:\/\/www.zerdab.com\/?p=24181"]}]},{"@type":"ImageObject","inLanguage":"az","@id":"https:\/\/www.zerdab.com\/?p=24181#primaryimage","url":"","contentUrl":""},{"@type":"BreadcrumbList","@id":"https:\/\/www.zerdab.com\/?p=24181#breadcrumb","itemListElement":[{"@type":"ListItem","position":1,"name":"Home","item":"https:\/\/www.zerdab.com\/"},{"@type":"ListItem","position":2,"name":"Z\u0259rdabda m\u00f6ht\u0259\u015f\u0259m layih\u0259nin icras\u0131na ba\u015flan\u0131ld\u0131: 10 min hektar \u0259razi susuzluqdan xilas olacaq &#8211; FOTOLAR"}]},{"@type":"WebSite","@id":"https:\/\/www.zerdab.com\/#website","url":"https:\/\/www.zerdab.com\/","name":"Z\u0259rdab.com","description":"","potentialAction":[{"@type":"SearchAction","target":{"@type":"EntryPoint","urlTemplate":"https:\/\/www.zerdab.com\/?s={search_term_string}"},"query-input":{"@type":"PropertyValueSpecification","valueRequired":true,"valueName":"search_term_string"}}],"inLanguage":"az"},{"@type":"Person","@id":"https:\/\/www.zerdab.com\/#\/schema\/person\/97079b7570c1e89ec0d9e138c3672136","name":"admin","image":{"@type":"ImageObject","inLanguage":"az","@id":"https:\/\/www.zerdab.com\/#\/schema\/person\/image\/","url":"https:\/\/secure.gravatar.com\/avatar\/d9c52a9a27c32119cb6679a077fa3e2779e5f822c451cbf01098004361d466ec?s=96&d=mm&r=g","contentUrl":"https:\/\/secure.gravatar.com\/avatar\/d9c52a9a27c32119cb6679a077fa3e2779e5f822c451cbf01098004361d466ec?s=96&d=mm&r=g","caption":"admin"},"url":"https:\/\/www.zerdab.com\/?author=1"}]}},"_links":{"self":[{"href":"https:\/\/www.zerdab.com\/index.php?rest_route=\/wp\/v2\/posts\/24181","targetHints":{"allow":["GET"]}}],"collection":[{"href":"https:\/\/www.zerdab.com\/index.php?rest_route=\/wp\/v2\/posts"}],"about":[{"href":"https:\/\/www.zerdab.com\/index.php?rest_route=\/wp\/v2\/types\/post"}],"author":[{"embeddable":true,"href":"https:\/\/www.zerdab.com\/index.php?rest_route=\/wp\/v2\/users\/1"}],"replies":[{"embeddable":true,"href":"https:\/\/www.zerdab.com\/index.php?rest_route=%2Fwp%2Fv2%2Fcomments&post=24181"}],"version-history":[{"count":4,"href":"https:\/\/www.zerdab.com\/index.php?rest_route=\/wp\/v2\/posts\/24181\/revisions"}],"predecessor-version":[{"id":24189,"href":"https:\/\/www.zerdab.com\/index.php?rest_route=\/wp\/v2\/posts\/24181\/revisions\/24189"}],"wp:attachment":[{"href":"https:\/\/www.zerdab.com\/index.php?rest_route=%2Fwp%2Fv2%2Fmedia&parent=24181"}],"wp:term":[{"taxonomy":"category","embeddable":true,"href":"https:\/\/www.zerdab.com\/index.php?rest_route=%2Fwp%2Fv2%2Fcategories&post=24181"},{"taxonomy":"post_tag","embeddable":true,"href":"https:\/\/www.zerdab.com\/index.php?rest_route=%2Fwp%2Fv2%2Ftags&post=24181"}],"curies":[{"name":"wp","href":"https:\/\/api.w.org\/{rel}","templated":true}]}}