{"id":24243,"date":"2017-02-21T11:28:17","date_gmt":"2017-02-21T07:28:17","guid":{"rendered":"http:\/\/www.zerdab.com\/?p=24243"},"modified":"2017-02-21T11:31:59","modified_gmt":"2017-02-21T07:31:59","slug":"z%c9%99rdabda-s%c9%99hidin-h%c9%99yat-yoldasi-pensiya-ala-bilmir-sikay%c9%99t","status":"publish","type":"post","link":"https:\/\/www.zerdab.com\/?p=24243","title":{"rendered":"Z\u0259rdabda \u015f\u0259hidin h\u0259yat yolda\u015f\u0131 pensiya ala bilmir &#8211; \u015e\u0130KAY\u018fT"},"content":{"rendered":"<p>Z\u0259rdab rayon Xanm\u0259mm\u0259dli k\u0259nd sakini \u018flizad\u0259 F\u0259rid Arif o\u011flu \u015fikay\u0259t\u00e7idir.<\/p>\n<p>F\u0259rid \u018flizad\u0259nin atas\u0131 Qocayev Arif \u018flibala o\u011flunun 1993-c\u00fc ild\u0259 Qaraba\u011fda ged\u0259n d\u00f6y\u00fc\u015fl\u0259rd\u0259 \u015f\u0259hid olub.<\/p>\n<p><a href=\"http:\/\/www.zerdab.com\/z%c9%99rdabda-s%c9%99hidin-h%c9%99yat-yoldasi-pensiya-ala-bilmir-sikay%c9%99t\/sehidinatasiyan\/\" rel=\"attachment wp-att-24244\"><img loading=\"lazy\" decoding=\"async\" class=\"aligncenter size-large wp-image-24244\" src=\"http:\/\/www.zerdab.com\/wp-content\/uploads\/2017\/02\/sehidinatasiyan-450x550.jpg\" alt=\"\" width=\"450\" height=\"550\" \/><\/a><\/p>\n<p>\u015e\u0259hid o\u011flunun \u015fikay\u0259ti 48 ya\u015fl\u0131 anas\u0131 Qocayeva M\u0259l\u0259k \u018fl\u0259mdar q\u0131z\u0131na x\u0259st\u0259liyi il\u0259 ba\u011fl\u0131 pensiya verilm\u0259m\u0259si il\u0259 ba\u011fl\u0131d\u0131r. F. \u018flizad\u0259 bildirir ki, onun anas\u0131 M\u0259l\u0259k Qocayeva 2016-c\u0131 ilin avqust ay\u0131nda x\u0259st\u0259liyi il\u0259 ba\u011fl\u0131 akademik Mirqas\u0131mov as\u0131na Respublika Kliniki X\u0259st\u0259xanas\u0131na yerl\u0259\u015fdirilib. Burada x\u0259st\u0259y\u0259 revmatoid poliartrit v\u0259 leykoz diaqnozlar\u0131 qoyulub v\u0259 ona i\u015f q\u00fcvv\u0259sini itirdiyi, ikinci qrup \u0259lil kimi pensiyaya \u00e7\u0131xa bil\u0259c\u0259yi deyilib.<\/p>\n<p>Bundan sonra x\u0259st\u0259 M\u0259l\u0259k Qocayevan\u0131n s\u0259n\u0259dl\u0259ri Z\u0259rdab Rayon M\u0259rk\u0259zi X\u0259st\u0259xanas\u0131na t\u0259qdim olunub. Burada da x\u0259st\u0259y\u0259 qoyulan diaqnozun a\u011f\u0131r oldu\u011fu t\u0259sdiql\u0259nib v\u0259 x\u0259st\u0259xanadan x\u0259st\u0259nin \u0259m\u0259k qabiliyy\u0259tini itirdiyi bildirilib. Z\u0259rdab Rayon M\u0259rk\u0259zi X\u0259st\u0259xanas\u0131nda da bir ay m\u00fcalic\u0259 alan x\u0259st\u0259nin b\u00fct\u00fcn s\u0259n\u0259dl\u0259ri toplanaraq \u018fm\u0259k v\u0259 \u018fhalinin Sosial M\u00fcdafi\u0259si Nazirliyin\u0259 g\u00f6nd\u0259rilib. \u018fm\u0259k v\u0259 \u018fhalinin Sosial M\u00fcdafi\u0259si Nazirliyind\u0259n is\u0259 x\u0259st\u0259nin ikinci qrup \u0259lil kimi pensiyaya \u00e7\u0131xar\u0131lmas\u0131na r\u0259dd cavab\u0131 g\u0259lib.<\/p>\n<p>Daha sonra M\u0259l\u0259k Qocayeva s\u0259n\u0259dl\u0259ri yenid\u0259n bu ilin fevral ay\u0131n\u0131n 7-d\u0259 \u018f\u018fSMN-n\u0259 g\u00f6nd\u0259rib v\u0259 h\u0259l\u0259 d\u0259 bu g\u00fcn\u0259 kimi nazirlikd\u0259n m\u0259s\u0259l\u0259 il\u0259 ba\u011fl\u0131 he\u00e7 bir cavab almaq m\u00fcmk\u00fcn olmay\u0131b.<\/p>\n<p>Qeyd ed\u0259k ki, F. \u018flizad\u0259nin atas\u0131 Qocayev Arif \u018flibala o\u011flu 1993-c\u00fc ild\u0259 Murov da\u011f\u0131nda ged\u0259n d\u00f6y\u00fc\u015fl\u0259rd\u0259 i\u015ftirak edib. O, h\u0259min ilin iyun ay\u0131n\u0131n 29-da \u201cG\u00fczg\u00fc Da\u011f\u0131\u201d \u0259m\u0259liyyat\u0131nda \u0259sirlikd\u0259 olan d\u00f6y\u00fc\u015f yolda\u015flar\u0131n\u0131 xilas ed\u0259rk\u0259n q\u0259hr\u0259mancas\u0131na \u015f\u0259hid olub.avropa.info<\/p>\n","protected":false},"excerpt":{"rendered":"<p>Z\u0259rdab rayon Xanm\u0259mm\u0259dli k\u0259nd sakini \u018flizad\u0259 F\u0259rid Arif o\u011flu \u015fikay\u0259t\u00e7idir. F\u0259rid \u018flizad\u0259nin atas\u0131 Qocayev Arif \u018flibala o\u011flunun 1993-c\u00fc ild\u0259 Qaraba\u011fda ged\u0259n d\u00f6y\u00fc\u015fl\u0259rd\u0259 \u015f\u0259hid olub. \u015e\u0259hid o\u011flunun \u015fikay\u0259ti 48 ya\u015fl\u0131 anas\u0131 Qocayeva M\u0259l\u0259k \u018fl\u0259mdar q\u0131z\u0131na x\u0259st\u0259liyi il\u0259 ba\u011fl\u0131 pensiya verilm\u0259m\u0259si il\u0259 ba\u011fl\u0131d\u0131r. F. \u018flizad\u0259 bildirir ki, onun anas\u0131 M\u0259l\u0259k Qocayeva 2016-c\u0131 ilin avqust ay\u0131nda x\u0259st\u0259liyi il\u0259 [&hellip;]<\/p>\n","protected":false},"author":1,"featured_media":0,"comment_status":"open","ping_status":"open","sticky":false,"template":"","format":"standard","meta":{"footnotes":""},"categories":[21],"tags":[],"class_list":{"0":"post-24243","1":"post","2":"type-post","3":"status-publish","4":"format-standard","6":"category-zrdab"},"yoast_head":"<!-- This site is optimized with the Yoast SEO plugin v27.0 - https:\/\/yoast.com\/product\/yoast-seo-wordpress\/ -->\n<title>Z\u0259rdabda \u015f\u0259hidin h\u0259yat yolda\u015f\u0131 pensiya ala bilmir - \u015e\u0130KAY\u018fT - Z\u0259rdab.com<\/title>\n<meta name=\"robots\" content=\"index, follow, max-snippet:-1, max-image-preview:large, max-video-preview:-1\" \/>\n<link rel=\"canonical\" href=\"https:\/\/www.zerdab.com\/?p=24243\" \/>\n<meta property=\"og:locale\" content=\"az_AZ\" \/>\n<meta property=\"og:type\" content=\"article\" \/>\n<meta property=\"og:title\" content=\"Z\u0259rdabda \u015f\u0259hidin h\u0259yat yolda\u015f\u0131 pensiya ala bilmir - \u015e\u0130KAY\u018fT - Z\u0259rdab.com\" \/>\n<meta property=\"og:description\" content=\"Z\u0259rdab rayon Xanm\u0259mm\u0259dli k\u0259nd sakini \u018flizad\u0259 F\u0259rid Arif o\u011flu \u015fikay\u0259t\u00e7idir. F\u0259rid \u018flizad\u0259nin atas\u0131 Qocayev Arif \u018flibala o\u011flunun 1993-c\u00fc ild\u0259 Qaraba\u011fda ged\u0259n d\u00f6y\u00fc\u015fl\u0259rd\u0259 \u015f\u0259hid olub. \u015e\u0259hid o\u011flunun \u015fikay\u0259ti 48 ya\u015fl\u0131 anas\u0131 Qocayeva M\u0259l\u0259k \u018fl\u0259mdar q\u0131z\u0131na x\u0259st\u0259liyi il\u0259 ba\u011fl\u0131 pensiya verilm\u0259m\u0259si il\u0259 ba\u011fl\u0131d\u0131r. F. \u018flizad\u0259 bildirir ki, onun anas\u0131 M\u0259l\u0259k Qocayeva 2016-c\u0131 ilin avqust ay\u0131nda x\u0259st\u0259liyi il\u0259 [&hellip;]\" \/>\n<meta property=\"og:url\" content=\"https:\/\/www.zerdab.com\/?p=24243\" \/>\n<meta property=\"og:site_name\" content=\"Z\u0259rdab.com\" \/>\n<meta property=\"article:published_time\" content=\"2017-02-21T07:28:17+00:00\" \/>\n<meta property=\"article:modified_time\" content=\"2017-02-21T07:31:59+00:00\" \/>\n<meta property=\"og:image\" content=\"http:\/\/www.zerdab.com\/wp-content\/uploads\/2017\/02\/sehidinatasiyan-450x550.jpg\" \/>\n<meta name=\"author\" content=\"admin\" \/>\n<meta name=\"twitter:card\" content=\"summary_large_image\" \/>\n<meta name=\"twitter:label1\" content=\"Written by\" \/>\n\t<meta name=\"twitter:data1\" content=\"admin\" \/>\n\t<meta name=\"twitter:label2\" content=\"Est. reading time\" \/>\n\t<meta name=\"twitter:data2\" content=\"2 minutes\" \/>\n<script type=\"application\/ld+json\" class=\"yoast-schema-graph\">{\"@context\":\"https:\/\/schema.org\",\"@graph\":[{\"@type\":\"Article\",\"@id\":\"https:\/\/www.zerdab.com\/?p=24243#article\",\"isPartOf\":{\"@id\":\"https:\/\/www.zerdab.com\/?p=24243\"},\"author\":{\"name\":\"admin\",\"@id\":\"https:\/\/www.zerdab.com\/#\/schema\/person\/97079b7570c1e89ec0d9e138c3672136\"},\"headline\":\"Z\u0259rdabda \u015f\u0259hidin h\u0259yat yolda\u015f\u0131 pensiya ala bilmir &#8211; \u015e\u0130KAY\u018fT\",\"datePublished\":\"2017-02-21T07:28:17+00:00\",\"dateModified\":\"2017-02-21T07:31:59+00:00\",\"mainEntityOfPage\":{\"@id\":\"https:\/\/www.zerdab.com\/?p=24243\"},\"wordCount\":373,\"commentCount\":0,\"image\":{\"@id\":\"https:\/\/www.zerdab.com\/?p=24243#primaryimage\"},\"thumbnailUrl\":\"http:\/\/www.zerdab.com\/wp-content\/uploads\/2017\/02\/sehidinatasiyan-450x550.jpg\",\"articleSection\":[\"C\u018fM\u0130YY\u018fT\"],\"inLanguage\":\"az\",\"potentialAction\":[{\"@type\":\"CommentAction\",\"name\":\"Comment\",\"target\":[\"https:\/\/www.zerdab.com\/?p=24243#respond\"]}]},{\"@type\":\"WebPage\",\"@id\":\"https:\/\/www.zerdab.com\/?p=24243\",\"url\":\"https:\/\/www.zerdab.com\/?p=24243\",\"name\":\"Z\u0259rdabda \u015f\u0259hidin h\u0259yat yolda\u015f\u0131 pensiya ala bilmir - \u015e\u0130KAY\u018fT - Z\u0259rdab.com\",\"isPartOf\":{\"@id\":\"https:\/\/www.zerdab.com\/#website\"},\"primaryImageOfPage\":{\"@id\":\"https:\/\/www.zerdab.com\/?p=24243#primaryimage\"},\"image\":{\"@id\":\"https:\/\/www.zerdab.com\/?p=24243#primaryimage\"},\"thumbnailUrl\":\"http:\/\/www.zerdab.com\/wp-content\/uploads\/2017\/02\/sehidinatasiyan-450x550.jpg\",\"datePublished\":\"2017-02-21T07:28:17+00:00\",\"dateModified\":\"2017-02-21T07:31:59+00:00\",\"author\":{\"@id\":\"https:\/\/www.zerdab.com\/#\/schema\/person\/97079b7570c1e89ec0d9e138c3672136\"},\"breadcrumb\":{\"@id\":\"https:\/\/www.zerdab.com\/?p=24243#breadcrumb\"},\"inLanguage\":\"az\",\"potentialAction\":[{\"@type\":\"ReadAction\",\"target\":[\"https:\/\/www.zerdab.com\/?p=24243\"]}]},{\"@type\":\"ImageObject\",\"inLanguage\":\"az\",\"@id\":\"https:\/\/www.zerdab.com\/?p=24243#primaryimage\",\"url\":\"\",\"contentUrl\":\"\"},{\"@type\":\"BreadcrumbList\",\"@id\":\"https:\/\/www.zerdab.com\/?p=24243#breadcrumb\",\"itemListElement\":[{\"@type\":\"ListItem\",\"position\":1,\"name\":\"Home\",\"item\":\"https:\/\/www.zerdab.com\/\"},{\"@type\":\"ListItem\",\"position\":2,\"name\":\"Z\u0259rdabda \u015f\u0259hidin h\u0259yat yolda\u015f\u0131 pensiya ala bilmir &#8211; \u015e\u0130KAY\u018fT\"}]},{\"@type\":\"WebSite\",\"@id\":\"https:\/\/www.zerdab.com\/#website\",\"url\":\"https:\/\/www.zerdab.com\/\",\"name\":\"Z\u0259rdab.com\",\"description\":\"\",\"potentialAction\":[{\"@type\":\"SearchAction\",\"target\":{\"@type\":\"EntryPoint\",\"urlTemplate\":\"https:\/\/www.zerdab.com\/?s={search_term_string}\"},\"query-input\":{\"@type\":\"PropertyValueSpecification\",\"valueRequired\":true,\"valueName\":\"search_term_string\"}}],\"inLanguage\":\"az\"},{\"@type\":\"Person\",\"@id\":\"https:\/\/www.zerdab.com\/#\/schema\/person\/97079b7570c1e89ec0d9e138c3672136\",\"name\":\"admin\",\"image\":{\"@type\":\"ImageObject\",\"inLanguage\":\"az\",\"@id\":\"https:\/\/www.zerdab.com\/#\/schema\/person\/image\/\",\"url\":\"https:\/\/secure.gravatar.com\/avatar\/d9c52a9a27c32119cb6679a077fa3e2779e5f822c451cbf01098004361d466ec?s=96&d=mm&r=g\",\"contentUrl\":\"https:\/\/secure.gravatar.com\/avatar\/d9c52a9a27c32119cb6679a077fa3e2779e5f822c451cbf01098004361d466ec?s=96&d=mm&r=g\",\"caption\":\"admin\"},\"url\":\"https:\/\/www.zerdab.com\/?author=1\"}]}<\/script>\n<!-- \/ Yoast SEO plugin. -->","yoast_head_json":{"title":"Z\u0259rdabda \u015f\u0259hidin h\u0259yat yolda\u015f\u0131 pensiya ala bilmir - \u015e\u0130KAY\u018fT - Z\u0259rdab.com","robots":{"index":"index","follow":"follow","max-snippet":"max-snippet:-1","max-image-preview":"max-image-preview:large","max-video-preview":"max-video-preview:-1"},"canonical":"https:\/\/www.zerdab.com\/?p=24243","og_locale":"az_AZ","og_type":"article","og_title":"Z\u0259rdabda \u015f\u0259hidin h\u0259yat yolda\u015f\u0131 pensiya ala bilmir - \u015e\u0130KAY\u018fT - Z\u0259rdab.com","og_description":"Z\u0259rdab rayon Xanm\u0259mm\u0259dli k\u0259nd sakini \u018flizad\u0259 F\u0259rid Arif o\u011flu \u015fikay\u0259t\u00e7idir. F\u0259rid \u018flizad\u0259nin atas\u0131 Qocayev Arif \u018flibala o\u011flunun 1993-c\u00fc ild\u0259 Qaraba\u011fda ged\u0259n d\u00f6y\u00fc\u015fl\u0259rd\u0259 \u015f\u0259hid olub. \u015e\u0259hid o\u011flunun \u015fikay\u0259ti 48 ya\u015fl\u0131 anas\u0131 Qocayeva M\u0259l\u0259k \u018fl\u0259mdar q\u0131z\u0131na x\u0259st\u0259liyi il\u0259 ba\u011fl\u0131 pensiya verilm\u0259m\u0259si il\u0259 ba\u011fl\u0131d\u0131r. F. \u018flizad\u0259 bildirir ki, onun anas\u0131 M\u0259l\u0259k Qocayeva 2016-c\u0131 ilin avqust ay\u0131nda x\u0259st\u0259liyi il\u0259 [&hellip;]","og_url":"https:\/\/www.zerdab.com\/?p=24243","og_site_name":"Z\u0259rdab.com","article_published_time":"2017-02-21T07:28:17+00:00","article_modified_time":"2017-02-21T07:31:59+00:00","og_image":[{"url":"http:\/\/www.zerdab.com\/wp-content\/uploads\/2017\/02\/sehidinatasiyan-450x550.jpg","type":"","width":"","height":""}],"author":"admin","twitter_card":"summary_large_image","twitter_misc":{"Written by":"admin","Est. reading time":"2 minutes"},"schema":{"@context":"https:\/\/schema.org","@graph":[{"@type":"Article","@id":"https:\/\/www.zerdab.com\/?p=24243#article","isPartOf":{"@id":"https:\/\/www.zerdab.com\/?p=24243"},"author":{"name":"admin","@id":"https:\/\/www.zerdab.com\/#\/schema\/person\/97079b7570c1e89ec0d9e138c3672136"},"headline":"Z\u0259rdabda \u015f\u0259hidin h\u0259yat yolda\u015f\u0131 pensiya ala bilmir &#8211; \u015e\u0130KAY\u018fT","datePublished":"2017-02-21T07:28:17+00:00","dateModified":"2017-02-21T07:31:59+00:00","mainEntityOfPage":{"@id":"https:\/\/www.zerdab.com\/?p=24243"},"wordCount":373,"commentCount":0,"image":{"@id":"https:\/\/www.zerdab.com\/?p=24243#primaryimage"},"thumbnailUrl":"http:\/\/www.zerdab.com\/wp-content\/uploads\/2017\/02\/sehidinatasiyan-450x550.jpg","articleSection":["C\u018fM\u0130YY\u018fT"],"inLanguage":"az","potentialAction":[{"@type":"CommentAction","name":"Comment","target":["https:\/\/www.zerdab.com\/?p=24243#respond"]}]},{"@type":"WebPage","@id":"https:\/\/www.zerdab.com\/?p=24243","url":"https:\/\/www.zerdab.com\/?p=24243","name":"Z\u0259rdabda \u015f\u0259hidin h\u0259yat yolda\u015f\u0131 pensiya ala bilmir - \u015e\u0130KAY\u018fT - Z\u0259rdab.com","isPartOf":{"@id":"https:\/\/www.zerdab.com\/#website"},"primaryImageOfPage":{"@id":"https:\/\/www.zerdab.com\/?p=24243#primaryimage"},"image":{"@id":"https:\/\/www.zerdab.com\/?p=24243#primaryimage"},"thumbnailUrl":"http:\/\/www.zerdab.com\/wp-content\/uploads\/2017\/02\/sehidinatasiyan-450x550.jpg","datePublished":"2017-02-21T07:28:17+00:00","dateModified":"2017-02-21T07:31:59+00:00","author":{"@id":"https:\/\/www.zerdab.com\/#\/schema\/person\/97079b7570c1e89ec0d9e138c3672136"},"breadcrumb":{"@id":"https:\/\/www.zerdab.com\/?p=24243#breadcrumb"},"inLanguage":"az","potentialAction":[{"@type":"ReadAction","target":["https:\/\/www.zerdab.com\/?p=24243"]}]},{"@type":"ImageObject","inLanguage":"az","@id":"https:\/\/www.zerdab.com\/?p=24243#primaryimage","url":"","contentUrl":""},{"@type":"BreadcrumbList","@id":"https:\/\/www.zerdab.com\/?p=24243#breadcrumb","itemListElement":[{"@type":"ListItem","position":1,"name":"Home","item":"https:\/\/www.zerdab.com\/"},{"@type":"ListItem","position":2,"name":"Z\u0259rdabda \u015f\u0259hidin h\u0259yat yolda\u015f\u0131 pensiya ala bilmir &#8211; \u015e\u0130KAY\u018fT"}]},{"@type":"WebSite","@id":"https:\/\/www.zerdab.com\/#website","url":"https:\/\/www.zerdab.com\/","name":"Z\u0259rdab.com","description":"","potentialAction":[{"@type":"SearchAction","target":{"@type":"EntryPoint","urlTemplate":"https:\/\/www.zerdab.com\/?s={search_term_string}"},"query-input":{"@type":"PropertyValueSpecification","valueRequired":true,"valueName":"search_term_string"}}],"inLanguage":"az"},{"@type":"Person","@id":"https:\/\/www.zerdab.com\/#\/schema\/person\/97079b7570c1e89ec0d9e138c3672136","name":"admin","image":{"@type":"ImageObject","inLanguage":"az","@id":"https:\/\/www.zerdab.com\/#\/schema\/person\/image\/","url":"https:\/\/secure.gravatar.com\/avatar\/d9c52a9a27c32119cb6679a077fa3e2779e5f822c451cbf01098004361d466ec?s=96&d=mm&r=g","contentUrl":"https:\/\/secure.gravatar.com\/avatar\/d9c52a9a27c32119cb6679a077fa3e2779e5f822c451cbf01098004361d466ec?s=96&d=mm&r=g","caption":"admin"},"url":"https:\/\/www.zerdab.com\/?author=1"}]}},"_links":{"self":[{"href":"https:\/\/www.zerdab.com\/index.php?rest_route=\/wp\/v2\/posts\/24243","targetHints":{"allow":["GET"]}}],"collection":[{"href":"https:\/\/www.zerdab.com\/index.php?rest_route=\/wp\/v2\/posts"}],"about":[{"href":"https:\/\/www.zerdab.com\/index.php?rest_route=\/wp\/v2\/types\/post"}],"author":[{"embeddable":true,"href":"https:\/\/www.zerdab.com\/index.php?rest_route=\/wp\/v2\/users\/1"}],"replies":[{"embeddable":true,"href":"https:\/\/www.zerdab.com\/index.php?rest_route=%2Fwp%2Fv2%2Fcomments&post=24243"}],"version-history":[{"count":4,"href":"https:\/\/www.zerdab.com\/index.php?rest_route=\/wp\/v2\/posts\/24243\/revisions"}],"predecessor-version":[{"id":24249,"href":"https:\/\/www.zerdab.com\/index.php?rest_route=\/wp\/v2\/posts\/24243\/revisions\/24249"}],"wp:attachment":[{"href":"https:\/\/www.zerdab.com\/index.php?rest_route=%2Fwp%2Fv2%2Fmedia&parent=24243"}],"wp:term":[{"taxonomy":"category","embeddable":true,"href":"https:\/\/www.zerdab.com\/index.php?rest_route=%2Fwp%2Fv2%2Fcategories&post=24243"},{"taxonomy":"post_tag","embeddable":true,"href":"https:\/\/www.zerdab.com\/index.php?rest_route=%2Fwp%2Fv2%2Ftags&post=24243"}],"curies":[{"name":"wp","href":"https:\/\/api.w.org\/{rel}","templated":true}]}}