{"id":24271,"date":"2017-02-27T15:56:54","date_gmt":"2017-02-27T11:56:54","guid":{"rendered":"http:\/\/www.zerdab.com\/?p=24271"},"modified":"2017-02-27T15:56:54","modified_gmt":"2017-02-27T11:56:54","slug":"z%c9%99rdabda-xocali-faci%c9%99si-qurbanlarinin-xatir%c9%99si-anilib","status":"publish","type":"post","link":"https:\/\/www.zerdab.com\/?p=24271","title":{"rendered":"Z\u0259rdabda Xocal\u0131 faci\u0259si qurbanlar\u0131n\u0131n xatir\u0259si an\u0131l\u0131b"},"content":{"rendered":"<p>Fevral\u0131n 26-da Z\u0259rdabda Xocal\u0131 soyq\u0131r\u0131m\u0131n\u0131n 25-ci ild\u00f6n\u00fcm\u00fc il\u0259 \u0259laq\u0259dar an\u0131m m\u0259rasimi ke\u00e7irib.\u00a0Rayon r\u0259hb\u0259rliyi, \u0259m\u0259k kollektivl\u0259ri v\u0259 ictimaiyy\u0259t n\u00fcmay\u0259nd\u0259l\u0259ri, m\u0259kt\u0259blil\u0259r s\u0259h\u0259r saatlar\u0131nda \u015e\u0259hidl\u0259rin xatir\u0259 park\u0131n\u0131 ziyar\u0259t edib, abid\u0259 kompleksinin \u00f6n\u00fcn\u0259 g\u00fcl-\u00e7i\u00e7\u0259k d\u0259st\u0259l\u0259ri qoyublar. Sonra Xocal\u0131 soyq\u0131r\u0131m\u0131na h\u0259sr olunan r\u0259sml\u0259rd\u0259n v\u0259 m\u0259kt\u0259b divar q\u0259zetl\u0259rind\u0259n ibar\u0259t s\u0259rgiy\u0259 bax\u0131\u015f ke\u00e7irilib. An\u0131m m\u0259rasimind\u0259 rayon icra hakimiyy\u0259tinin ba\u015f\u00e7\u0131s\u0131 L\u00fctv\u0259li Babayev \u00e7\u0131x\u0131\u015f edib. Bildirib ki, iyirmi be\u015f il \u0259vv\u0259l fevral\u0131n 25-d\u0259n 26-na ke\u00e7\u0259n gec\u0259 erm\u0259ni silahl\u0131 birl\u0259\u015fm\u0259l\u0259ri ke\u00e7mi\u015f sovet ordusunun Xank\u0259ndi \u015f\u0259h\u0259rind\u0259 yerl\u0259\u015f\u0259n 366-c\u0131 motoat\u0131c\u0131 alay\u0131n\u0131n zirehli texnikas\u0131 v\u0259 h\u0259rbi hey\u0259tinin k\u00f6m\u0259yi il\u0259 Xocal\u0131da soyq\u0131r\u0131m\u0131 akt\u0131 h\u0259yata ke\u00e7irib, b\u0259\u015f\u0259riyy\u0259tin \u0259n b\u00f6y\u00fck faci\u0259l\u0259rind\u0259n birini t\u00f6r\u0259dib. Statistik m\u0259lumatlara istinad ed\u0259n L.Babayev qeyd edib ki, h\u0259min gec\u0259 613 n\u0259f\u0259r x\u00fcsusi amans\u0131zl\u0131qla v\u0259 i\u015fg\u0259nc\u0259l\u0259rl\u0259 \u00f6ld\u00fcr\u00fcl\u00fcb. Onlardan 106 n\u0259f\u0259ri qad\u0131n, 63 n\u0259f\u0259ri u\u015faq, 70 n\u0259f\u0259ri qoca olub. 8 ail\u0259 tamamil\u0259 m\u0259hv edilib. M\u0259rasimd\u0259 Xocal\u0131 faci\u0259sinin beyn\u0259lxalq al\u0259md\u0259 tan\u0131d\u0131lmas\u0131, erm\u0259ni v\u0259h\u015filikl\u0259rinin d\u00fcnya ictimaiyy\u0259tin\u0259 \u00e7atd\u0131r\u0131lmas\u0131 istiqam\u0259tind\u0259 \u00fcmummilli lider Heyd\u0259r \u018fliyevin, onun layiqli siyasi varisi Prezident \u0130lham \u018fliyevin ard\u0131c\u0131l v\u0259 m\u0259qs\u0259dy\u00f6nl\u00fc f\u0259aliyy\u0259tl\u0259ri diqq\u0259t\u0259 \u00e7atd\u0131r\u0131l\u0131b. Heyd\u0259r \u018fliyev Fondunun bu sah\u0259d\u0259ki xidm\u0259tl\u0259rind\u0259n, \u201cXocal\u0131ya \u0259dal\u0259t!\u201d beyn\u0259lxalq kampaniyas\u0131 \u00e7\u0259r\u00e7iv\u0259sind\u0259 g\u00f6r\u00fcl\u0259n i\u015fl\u0259rd\u0259n dan\u0131\u015f\u0131l\u0131b. \u018fminlikl\u0259 vur\u011fulan\u0131b ki, Silahl\u0131 Q\u00fcvv\u0259l\u0259rin Ali Ba\u015f Komandan\u0131 \u0130lham \u018fliyevin Erm\u0259nistan-Az\u0259rbaycan, Da\u011fl\u0131q Qaraba\u011f m\u00fcnaqi\u015f\u0259sinin beyn\u0259lxalq h\u00fcququn normalar\u0131na uy\u011fun h\u0259lli, \u00f6lk\u0259mizin \u0259razi b\u00fct\u00f6vl\u00fcy\u00fcn\u00fcn b\u0259rpas\u0131, qa\u00e7q\u0131n v\u0259 m\u0259cburi k\u00f6\u00e7k\u00fcnl\u0259rin do\u011fma yurdlar\u0131na qay\u0131tmas\u0131 istiqam\u0259tind\u0259 g\u00f6st\u0259rdiyi q\u0259tiyy\u0259t \u00f6z m\u00fcsb\u0259t n\u0259tic\u0259sini ver\u0259c\u0259kdir. T\u0259sad\u00fcfi deyil ki, art\u0131q Xocal\u0131 soyq\u0131r\u0131m\u0131 d\u00fcnya d\u00f6vl\u0259tl\u0259ri, n\u00fcfuzlu beyn\u0259lxalq t\u0259\u015fkilatlar t\u0259r\u0259find\u0259n tan\u0131nmaqdad\u0131r. Sonra Xocal\u0131 faci\u0259sin\u0259 h\u0259sr olunan \u0259d\u0259bi-b\u0259dii kompozisiya n\u00fcmayi\u015f etdirilib. Rayonun b\u00fct\u00fcn m\u0259scidl\u0259rind\u0259 Xocal\u0131 soyq\u0131r\u0131m\u0131 qurbanlar\u0131n\u0131n xatir\u0259sin\u0259 dini m\u0259rasiml\u0259r ke\u00e7irilib.<\/p>\n<p><strong><span style=\"color: #0000ff;\">Zerdab.com<\/span><\/strong><\/p>\n<p><a href=\"http:\/\/www.zerdab.com\/z%c9%99rdabda-xocali-faci%c9%99si-qurbanlarinin-xatir%c9%99si-anilib\/zerdab-27-2\/\" rel=\"attachment wp-att-24273\"><img loading=\"lazy\" decoding=\"async\" class=\"aligncenter size-large wp-image-24273\" src=\"http:\/\/www.zerdab.com\/wp-content\/uploads\/2017\/02\/zerdab-27-550x365.jpg\" alt=\"\" width=\"550\" height=\"365\" \/><\/a><a href=\"http:\/\/www.zerdab.com\/z%c9%99rdabda-xocali-faci%c9%99si-qurbanlarinin-xatir%c9%99si-anilib\/zerdab-28-2\/\" rel=\"attachment wp-att-24274\"><img loading=\"lazy\" decoding=\"async\" class=\"aligncenter size-large wp-image-24274\" src=\"http:\/\/www.zerdab.com\/wp-content\/uploads\/2017\/02\/zerdab-28-550x365.jpg\" alt=\"\" width=\"550\" height=\"365\" \/><\/a><a href=\"http:\/\/www.zerdab.com\/z%c9%99rdabda-xocali-faci%c9%99si-qurbanlarinin-xatir%c9%99si-anilib\/zerdab-29-2\/\" rel=\"attachment wp-att-24275\"><img loading=\"lazy\" decoding=\"async\" class=\"aligncenter size-large wp-image-24275\" src=\"http:\/\/www.zerdab.com\/wp-content\/uploads\/2017\/02\/zerdab-29-550x365.jpg\" alt=\"\" width=\"550\" height=\"365\" \/><\/a><a href=\"http:\/\/www.zerdab.com\/z%c9%99rdabda-xocali-faci%c9%99si-qurbanlarinin-xatir%c9%99si-anilib\/zerdab-30-2\/\" rel=\"attachment wp-att-24276\"><img loading=\"lazy\" decoding=\"async\" class=\"aligncenter size-large wp-image-24276\" src=\"http:\/\/www.zerdab.com\/wp-content\/uploads\/2017\/02\/zerdab-30-550x365.jpg\" alt=\"\" width=\"550\" height=\"365\" \/><\/a><\/p>\n","protected":false},"excerpt":{"rendered":"<p>Fevral\u0131n 26-da Z\u0259rdabda Xocal\u0131 soyq\u0131r\u0131m\u0131n\u0131n 25-ci ild\u00f6n\u00fcm\u00fc il\u0259 \u0259laq\u0259dar an\u0131m m\u0259rasimi ke\u00e7irib.\u00a0Rayon r\u0259hb\u0259rliyi, \u0259m\u0259k kollektivl\u0259ri v\u0259 ictimaiyy\u0259t n\u00fcmay\u0259nd\u0259l\u0259ri, m\u0259kt\u0259blil\u0259r s\u0259h\u0259r saatlar\u0131nda \u015e\u0259hidl\u0259rin xatir\u0259 park\u0131n\u0131 ziyar\u0259t edib, abid\u0259 kompleksinin \u00f6n\u00fcn\u0259 g\u00fcl-\u00e7i\u00e7\u0259k d\u0259st\u0259l\u0259ri qoyublar. Sonra Xocal\u0131 soyq\u0131r\u0131m\u0131na h\u0259sr olunan r\u0259sml\u0259rd\u0259n v\u0259 m\u0259kt\u0259b divar q\u0259zetl\u0259rind\u0259n ibar\u0259t s\u0259rgiy\u0259 bax\u0131\u015f ke\u00e7irilib. An\u0131m m\u0259rasimind\u0259 rayon icra hakimiyy\u0259tinin ba\u015f\u00e7\u0131s\u0131 L\u00fctv\u0259li Babayev \u00e7\u0131x\u0131\u015f [&hellip;]<\/p>\n","protected":false},"author":1,"featured_media":0,"comment_status":"open","ping_status":"open","sticky":false,"template":"","format":"standard","meta":{"footnotes":""},"categories":[5],"tags":[],"class_list":{"0":"post-24271","1":"post","2":"type-post","3":"status-publish","4":"format-standard","6":"category-knd"},"yoast_head":"<!-- This site is optimized with the Yoast SEO plugin v27.0 - https:\/\/yoast.com\/product\/yoast-seo-wordpress\/ -->\n<title>Z\u0259rdabda Xocal\u0131 faci\u0259si qurbanlar\u0131n\u0131n xatir\u0259si an\u0131l\u0131b - Z\u0259rdab.com<\/title>\n<meta name=\"robots\" content=\"index, follow, max-snippet:-1, max-image-preview:large, max-video-preview:-1\" \/>\n<link rel=\"canonical\" href=\"https:\/\/www.zerdab.com\/?p=24271\" \/>\n<meta property=\"og:locale\" content=\"az_AZ\" \/>\n<meta property=\"og:type\" content=\"article\" \/>\n<meta property=\"og:title\" content=\"Z\u0259rdabda Xocal\u0131 faci\u0259si qurbanlar\u0131n\u0131n xatir\u0259si an\u0131l\u0131b - Z\u0259rdab.com\" \/>\n<meta property=\"og:description\" content=\"Fevral\u0131n 26-da Z\u0259rdabda Xocal\u0131 soyq\u0131r\u0131m\u0131n\u0131n 25-ci ild\u00f6n\u00fcm\u00fc il\u0259 \u0259laq\u0259dar an\u0131m m\u0259rasimi ke\u00e7irib.\u00a0Rayon r\u0259hb\u0259rliyi, \u0259m\u0259k kollektivl\u0259ri v\u0259 ictimaiyy\u0259t n\u00fcmay\u0259nd\u0259l\u0259ri, m\u0259kt\u0259blil\u0259r s\u0259h\u0259r saatlar\u0131nda \u015e\u0259hidl\u0259rin xatir\u0259 park\u0131n\u0131 ziyar\u0259t edib, abid\u0259 kompleksinin \u00f6n\u00fcn\u0259 g\u00fcl-\u00e7i\u00e7\u0259k d\u0259st\u0259l\u0259ri qoyublar. Sonra Xocal\u0131 soyq\u0131r\u0131m\u0131na h\u0259sr olunan r\u0259sml\u0259rd\u0259n v\u0259 m\u0259kt\u0259b divar q\u0259zetl\u0259rind\u0259n ibar\u0259t s\u0259rgiy\u0259 bax\u0131\u015f ke\u00e7irilib. An\u0131m m\u0259rasimind\u0259 rayon icra hakimiyy\u0259tinin ba\u015f\u00e7\u0131s\u0131 L\u00fctv\u0259li Babayev \u00e7\u0131x\u0131\u015f [&hellip;]\" \/>\n<meta property=\"og:url\" content=\"https:\/\/www.zerdab.com\/?p=24271\" \/>\n<meta property=\"og:site_name\" content=\"Z\u0259rdab.com\" \/>\n<meta property=\"article:published_time\" content=\"2017-02-27T11:56:54+00:00\" \/>\n<meta property=\"og:image\" content=\"http:\/\/www.zerdab.com\/wp-content\/uploads\/2017\/02\/zerdab-27-550x365.jpg\" \/>\n<meta name=\"author\" content=\"admin\" \/>\n<meta name=\"twitter:card\" content=\"summary_large_image\" \/>\n<meta name=\"twitter:label1\" content=\"Written by\" \/>\n\t<meta name=\"twitter:data1\" content=\"admin\" \/>\n\t<meta name=\"twitter:label2\" content=\"Est. reading time\" \/>\n\t<meta name=\"twitter:data2\" content=\"2 minutes\" \/>\n<script type=\"application\/ld+json\" class=\"yoast-schema-graph\">{\"@context\":\"https:\/\/schema.org\",\"@graph\":[{\"@type\":\"Article\",\"@id\":\"https:\/\/www.zerdab.com\/?p=24271#article\",\"isPartOf\":{\"@id\":\"https:\/\/www.zerdab.com\/?p=24271\"},\"author\":{\"name\":\"admin\",\"@id\":\"https:\/\/www.zerdab.com\/#\/schema\/person\/97079b7570c1e89ec0d9e138c3672136\"},\"headline\":\"Z\u0259rdabda Xocal\u0131 faci\u0259si qurbanlar\u0131n\u0131n xatir\u0259si an\u0131l\u0131b\",\"datePublished\":\"2017-02-27T11:56:54+00:00\",\"mainEntityOfPage\":{\"@id\":\"https:\/\/www.zerdab.com\/?p=24271\"},\"wordCount\":493,\"commentCount\":0,\"image\":{\"@id\":\"https:\/\/www.zerdab.com\/?p=24271#primaryimage\"},\"thumbnailUrl\":\"http:\/\/www.zerdab.com\/wp-content\/uploads\/2017\/02\/zerdab-27-550x365.jpg\",\"articleSection\":[\"X\u018fB\u018fRL\u018fR\"],\"inLanguage\":\"az\",\"potentialAction\":[{\"@type\":\"CommentAction\",\"name\":\"Comment\",\"target\":[\"https:\/\/www.zerdab.com\/?p=24271#respond\"]}]},{\"@type\":\"WebPage\",\"@id\":\"https:\/\/www.zerdab.com\/?p=24271\",\"url\":\"https:\/\/www.zerdab.com\/?p=24271\",\"name\":\"Z\u0259rdabda Xocal\u0131 faci\u0259si qurbanlar\u0131n\u0131n xatir\u0259si an\u0131l\u0131b - Z\u0259rdab.com\",\"isPartOf\":{\"@id\":\"https:\/\/www.zerdab.com\/#website\"},\"primaryImageOfPage\":{\"@id\":\"https:\/\/www.zerdab.com\/?p=24271#primaryimage\"},\"image\":{\"@id\":\"https:\/\/www.zerdab.com\/?p=24271#primaryimage\"},\"thumbnailUrl\":\"http:\/\/www.zerdab.com\/wp-content\/uploads\/2017\/02\/zerdab-27-550x365.jpg\",\"datePublished\":\"2017-02-27T11:56:54+00:00\",\"author\":{\"@id\":\"https:\/\/www.zerdab.com\/#\/schema\/person\/97079b7570c1e89ec0d9e138c3672136\"},\"breadcrumb\":{\"@id\":\"https:\/\/www.zerdab.com\/?p=24271#breadcrumb\"},\"inLanguage\":\"az\",\"potentialAction\":[{\"@type\":\"ReadAction\",\"target\":[\"https:\/\/www.zerdab.com\/?p=24271\"]}]},{\"@type\":\"ImageObject\",\"inLanguage\":\"az\",\"@id\":\"https:\/\/www.zerdab.com\/?p=24271#primaryimage\",\"url\":\"\",\"contentUrl\":\"\"},{\"@type\":\"BreadcrumbList\",\"@id\":\"https:\/\/www.zerdab.com\/?p=24271#breadcrumb\",\"itemListElement\":[{\"@type\":\"ListItem\",\"position\":1,\"name\":\"Home\",\"item\":\"https:\/\/www.zerdab.com\/\"},{\"@type\":\"ListItem\",\"position\":2,\"name\":\"Z\u0259rdabda Xocal\u0131 faci\u0259si qurbanlar\u0131n\u0131n xatir\u0259si an\u0131l\u0131b\"}]},{\"@type\":\"WebSite\",\"@id\":\"https:\/\/www.zerdab.com\/#website\",\"url\":\"https:\/\/www.zerdab.com\/\",\"name\":\"Z\u0259rdab.com\",\"description\":\"\",\"potentialAction\":[{\"@type\":\"SearchAction\",\"target\":{\"@type\":\"EntryPoint\",\"urlTemplate\":\"https:\/\/www.zerdab.com\/?s={search_term_string}\"},\"query-input\":{\"@type\":\"PropertyValueSpecification\",\"valueRequired\":true,\"valueName\":\"search_term_string\"}}],\"inLanguage\":\"az\"},{\"@type\":\"Person\",\"@id\":\"https:\/\/www.zerdab.com\/#\/schema\/person\/97079b7570c1e89ec0d9e138c3672136\",\"name\":\"admin\",\"image\":{\"@type\":\"ImageObject\",\"inLanguage\":\"az\",\"@id\":\"https:\/\/www.zerdab.com\/#\/schema\/person\/image\/\",\"url\":\"https:\/\/secure.gravatar.com\/avatar\/d9c52a9a27c32119cb6679a077fa3e2779e5f822c451cbf01098004361d466ec?s=96&d=mm&r=g\",\"contentUrl\":\"https:\/\/secure.gravatar.com\/avatar\/d9c52a9a27c32119cb6679a077fa3e2779e5f822c451cbf01098004361d466ec?s=96&d=mm&r=g\",\"caption\":\"admin\"},\"url\":\"https:\/\/www.zerdab.com\/?author=1\"}]}<\/script>\n<!-- \/ Yoast SEO plugin. -->","yoast_head_json":{"title":"Z\u0259rdabda Xocal\u0131 faci\u0259si qurbanlar\u0131n\u0131n xatir\u0259si an\u0131l\u0131b - Z\u0259rdab.com","robots":{"index":"index","follow":"follow","max-snippet":"max-snippet:-1","max-image-preview":"max-image-preview:large","max-video-preview":"max-video-preview:-1"},"canonical":"https:\/\/www.zerdab.com\/?p=24271","og_locale":"az_AZ","og_type":"article","og_title":"Z\u0259rdabda Xocal\u0131 faci\u0259si qurbanlar\u0131n\u0131n xatir\u0259si an\u0131l\u0131b - Z\u0259rdab.com","og_description":"Fevral\u0131n 26-da Z\u0259rdabda Xocal\u0131 soyq\u0131r\u0131m\u0131n\u0131n 25-ci ild\u00f6n\u00fcm\u00fc il\u0259 \u0259laq\u0259dar an\u0131m m\u0259rasimi ke\u00e7irib.\u00a0Rayon r\u0259hb\u0259rliyi, \u0259m\u0259k kollektivl\u0259ri v\u0259 ictimaiyy\u0259t n\u00fcmay\u0259nd\u0259l\u0259ri, m\u0259kt\u0259blil\u0259r s\u0259h\u0259r saatlar\u0131nda \u015e\u0259hidl\u0259rin xatir\u0259 park\u0131n\u0131 ziyar\u0259t edib, abid\u0259 kompleksinin \u00f6n\u00fcn\u0259 g\u00fcl-\u00e7i\u00e7\u0259k d\u0259st\u0259l\u0259ri qoyublar. Sonra Xocal\u0131 soyq\u0131r\u0131m\u0131na h\u0259sr olunan r\u0259sml\u0259rd\u0259n v\u0259 m\u0259kt\u0259b divar q\u0259zetl\u0259rind\u0259n ibar\u0259t s\u0259rgiy\u0259 bax\u0131\u015f ke\u00e7irilib. An\u0131m m\u0259rasimind\u0259 rayon icra hakimiyy\u0259tinin ba\u015f\u00e7\u0131s\u0131 L\u00fctv\u0259li Babayev \u00e7\u0131x\u0131\u015f [&hellip;]","og_url":"https:\/\/www.zerdab.com\/?p=24271","og_site_name":"Z\u0259rdab.com","article_published_time":"2017-02-27T11:56:54+00:00","og_image":[{"url":"http:\/\/www.zerdab.com\/wp-content\/uploads\/2017\/02\/zerdab-27-550x365.jpg","type":"","width":"","height":""}],"author":"admin","twitter_card":"summary_large_image","twitter_misc":{"Written by":"admin","Est. reading time":"2 minutes"},"schema":{"@context":"https:\/\/schema.org","@graph":[{"@type":"Article","@id":"https:\/\/www.zerdab.com\/?p=24271#article","isPartOf":{"@id":"https:\/\/www.zerdab.com\/?p=24271"},"author":{"name":"admin","@id":"https:\/\/www.zerdab.com\/#\/schema\/person\/97079b7570c1e89ec0d9e138c3672136"},"headline":"Z\u0259rdabda Xocal\u0131 faci\u0259si qurbanlar\u0131n\u0131n xatir\u0259si an\u0131l\u0131b","datePublished":"2017-02-27T11:56:54+00:00","mainEntityOfPage":{"@id":"https:\/\/www.zerdab.com\/?p=24271"},"wordCount":493,"commentCount":0,"image":{"@id":"https:\/\/www.zerdab.com\/?p=24271#primaryimage"},"thumbnailUrl":"http:\/\/www.zerdab.com\/wp-content\/uploads\/2017\/02\/zerdab-27-550x365.jpg","articleSection":["X\u018fB\u018fRL\u018fR"],"inLanguage":"az","potentialAction":[{"@type":"CommentAction","name":"Comment","target":["https:\/\/www.zerdab.com\/?p=24271#respond"]}]},{"@type":"WebPage","@id":"https:\/\/www.zerdab.com\/?p=24271","url":"https:\/\/www.zerdab.com\/?p=24271","name":"Z\u0259rdabda Xocal\u0131 faci\u0259si qurbanlar\u0131n\u0131n xatir\u0259si an\u0131l\u0131b - Z\u0259rdab.com","isPartOf":{"@id":"https:\/\/www.zerdab.com\/#website"},"primaryImageOfPage":{"@id":"https:\/\/www.zerdab.com\/?p=24271#primaryimage"},"image":{"@id":"https:\/\/www.zerdab.com\/?p=24271#primaryimage"},"thumbnailUrl":"http:\/\/www.zerdab.com\/wp-content\/uploads\/2017\/02\/zerdab-27-550x365.jpg","datePublished":"2017-02-27T11:56:54+00:00","author":{"@id":"https:\/\/www.zerdab.com\/#\/schema\/person\/97079b7570c1e89ec0d9e138c3672136"},"breadcrumb":{"@id":"https:\/\/www.zerdab.com\/?p=24271#breadcrumb"},"inLanguage":"az","potentialAction":[{"@type":"ReadAction","target":["https:\/\/www.zerdab.com\/?p=24271"]}]},{"@type":"ImageObject","inLanguage":"az","@id":"https:\/\/www.zerdab.com\/?p=24271#primaryimage","url":"","contentUrl":""},{"@type":"BreadcrumbList","@id":"https:\/\/www.zerdab.com\/?p=24271#breadcrumb","itemListElement":[{"@type":"ListItem","position":1,"name":"Home","item":"https:\/\/www.zerdab.com\/"},{"@type":"ListItem","position":2,"name":"Z\u0259rdabda Xocal\u0131 faci\u0259si qurbanlar\u0131n\u0131n xatir\u0259si an\u0131l\u0131b"}]},{"@type":"WebSite","@id":"https:\/\/www.zerdab.com\/#website","url":"https:\/\/www.zerdab.com\/","name":"Z\u0259rdab.com","description":"","potentialAction":[{"@type":"SearchAction","target":{"@type":"EntryPoint","urlTemplate":"https:\/\/www.zerdab.com\/?s={search_term_string}"},"query-input":{"@type":"PropertyValueSpecification","valueRequired":true,"valueName":"search_term_string"}}],"inLanguage":"az"},{"@type":"Person","@id":"https:\/\/www.zerdab.com\/#\/schema\/person\/97079b7570c1e89ec0d9e138c3672136","name":"admin","image":{"@type":"ImageObject","inLanguage":"az","@id":"https:\/\/www.zerdab.com\/#\/schema\/person\/image\/","url":"https:\/\/secure.gravatar.com\/avatar\/d9c52a9a27c32119cb6679a077fa3e2779e5f822c451cbf01098004361d466ec?s=96&d=mm&r=g","contentUrl":"https:\/\/secure.gravatar.com\/avatar\/d9c52a9a27c32119cb6679a077fa3e2779e5f822c451cbf01098004361d466ec?s=96&d=mm&r=g","caption":"admin"},"url":"https:\/\/www.zerdab.com\/?author=1"}]}},"_links":{"self":[{"href":"https:\/\/www.zerdab.com\/index.php?rest_route=\/wp\/v2\/posts\/24271","targetHints":{"allow":["GET"]}}],"collection":[{"href":"https:\/\/www.zerdab.com\/index.php?rest_route=\/wp\/v2\/posts"}],"about":[{"href":"https:\/\/www.zerdab.com\/index.php?rest_route=\/wp\/v2\/types\/post"}],"author":[{"embeddable":true,"href":"https:\/\/www.zerdab.com\/index.php?rest_route=\/wp\/v2\/users\/1"}],"replies":[{"embeddable":true,"href":"https:\/\/www.zerdab.com\/index.php?rest_route=%2Fwp%2Fv2%2Fcomments&post=24271"}],"version-history":[{"count":2,"href":"https:\/\/www.zerdab.com\/index.php?rest_route=\/wp\/v2\/posts\/24271\/revisions"}],"predecessor-version":[{"id":24278,"href":"https:\/\/www.zerdab.com\/index.php?rest_route=\/wp\/v2\/posts\/24271\/revisions\/24278"}],"wp:attachment":[{"href":"https:\/\/www.zerdab.com\/index.php?rest_route=%2Fwp%2Fv2%2Fmedia&parent=24271"}],"wp:term":[{"taxonomy":"category","embeddable":true,"href":"https:\/\/www.zerdab.com\/index.php?rest_route=%2Fwp%2Fv2%2Fcategories&post=24271"},{"taxonomy":"post_tag","embeddable":true,"href":"https:\/\/www.zerdab.com\/index.php?rest_route=%2Fwp%2Fv2%2Ftags&post=24271"}],"curies":[{"name":"wp","href":"https:\/\/api.w.org\/{rel}","templated":true}]}}