{"id":24317,"date":"2017-03-16T18:31:34","date_gmt":"2017-03-16T14:31:34","guid":{"rendered":"http:\/\/www.zerdab.com\/?p=24317"},"modified":"2017-03-16T18:31:34","modified_gmt":"2017-03-16T14:31:34","slug":"z%c9%99rdabda-yeni-layih%c9%99nin-icrasi-davam-edir","status":"publish","type":"post","link":"https:\/\/www.zerdab.com\/?p=24317","title":{"rendered":"Z\u0259rdabda yeni layih\u0259nin icras\u0131 davam edir"},"content":{"rendered":"<p>Z\u0259rdab rayonunda 10 min hektar \u0259razinin suvarma t\u0259minat\u0131n\u0131n yax\u015f\u0131la\u015fd\u0131r\u0131lmas\u0131 layih\u0259sinin icras\u0131na ba\u015flan\u0131l\u0131b.<\/p>\n<p>\u201cAz\u0259rsu\u201d ASC-nin m\u0259tbuat xidm\u0259tind\u0259n bildirilib ki, \u201cAz\u0259rbaycan Respublikas\u0131 regionlar\u0131n\u0131n 2014-2018-ci ill\u0259rd\u0259 sosial-iqtisadi inki\u015faf\u0131 D\u00f6vl\u0259t Proqram\u0131\u201dn\u0131n icras\u0131n\u0131n \u00fc\u00e7\u00fcnc\u00fc ilinin yekunlar\u0131na h\u0259sr olunan konfransda Prezident \u0130lham \u018fliyevin \u0259rzaq t\u0259hl\u00fck\u0259sizliyinin v\u0259 ixrac potensial\u0131n\u0131n art\u0131r\u0131lmas\u0131n\u0131n t\u0259min edilm\u0259si il\u0259 ba\u011fl\u0131 tap\u015f\u0131r\u0131qlar\u0131na uy\u011fun olaraq Z\u0259rdab rayonu \u0259razisind\u0259 10 min hektar \u0259razinin suvarma t\u0259minat\u0131n\u0131n yax\u015f\u0131la\u015fd\u0131r\u0131lmas\u0131 layih\u0259sinin icras\u0131na ba\u015flan\u0131l\u0131b.<\/p>\n<p>\u201cAz\u0259rsu\u201d ASC t\u0259r\u0259find\u0259n icra olunan layih\u0259y\u0259 uy\u011fun olaraq h\u0259min torpaqlar\u0131n suvar\u0131lmas\u0131 K\u00fcr \u00e7ay\u0131 hesab\u0131na h\u0259yata ke\u00e7iril\u0259c\u0259k. Bu m\u0259qs\u0259dl\u0259 K\u00fcr \u00e7ay\u0131 sahilind\u0259, Z\u0259rdab rayonunun T\u0259z\u0259k\u0259nd k\u0259ndi yax\u0131nl\u0131\u011f\u0131nda m\u0259hsuldarl\u0131\u011f\u0131 saniy\u0259d\u0259 3 kubmetr olan sug\u00f6t\u00fcr\u00fcc\u00fc qur\u011funun v\u0259 nasos stansiyas\u0131n\u0131n tikintisi layih\u0259l\u0259ndirilib. Haz\u0131rda su q\u0259buledici qur\u011funun v\u0259 nasos stansiyas\u0131n\u0131n tikintisin\u0259 ba\u015flan\u0131l\u0131b.<\/p>\n<p>\u018fkin sah\u0259l\u0259rin\u0259 suyun n\u0259qlini t\u0259min etm\u0259k m\u0259qs\u0259dil\u0259 1400 millimetr diametrli borularla 15 kilometr uzunlu\u011funda magistral k\u0259m\u0259rin tikintisi d\u0259 n\u0259z\u0259rd\u0259 tutulur. \u0130\u015fl\u0259rin q\u0131sa m\u00fcdd\u0259td\u0259 ba\u015fa \u00e7atd\u0131r\u0131lmas\u0131 m\u0259qs\u0259dil\u0259 4 n\u00f6qt\u0259d\u0259 magistral k\u0259m\u0259rin tikintisi davam etdirilir. Nasos stansiyas\u0131n\u0131 elektrik enerjisi il\u0259 t\u0259min etm\u0259k \u00fc\u00e7\u00fcn Z\u0259rdab 35\/10 kilovoltluq yar\u0131mstansiyas\u0131ndan stansiyaya q\u0259d\u0259r 6,5 kilometr uzunluqda elektrik x\u0259ttinin \u00e7\u0259kili\u015fi i\u015fl\u0259rin\u0259 d\u0259 ba\u015flan\u0131l\u0131b.<\/p>\n<p>Tikinti-qura\u015fd\u0131rma i\u015fl\u0259rinin 2017-ci ilin aprel ay\u0131nda ba\u015fa \u00e7atd\u0131r\u0131lmas\u0131 n\u0259z\u0259rd\u0259 tutulur.<\/p>\n<p>Qeyd ed\u0259k ki, \u201cAz\u0259rsu\u201d ASC Z\u0259rdab rayonu il\u0259 yana\u015f\u0131, Hac\u0131qabul v\u0259 \u015eamax\u0131 rayonlar\u0131nda, Padar\u00e7\u00f6l adlanan \u0259razid\u0259 d\u0259 suvarma layih\u0259l\u0259ri icra ed\u0259c\u0259k. Padar\u00e7\u00f6l \u0259razisind\u0259 10 min hektar torpa\u011f\u0131n suvar\u0131lmas\u0131 Hac\u0131qabul rayonunun Tal\u0131\u015f k\u0259ndi yax\u0131nl\u0131\u011f\u0131ndak\u0131 K\u00fcr sut\u0259mizl\u0259yici qur\u011fusunun imkanlar\u0131ndan istifad\u0259 etm\u0259kl\u0259 apar\u0131lacaq. Bu m\u0259qs\u0259dl\u0259 t\u0259mizl\u0259yici qur\u011fudan Padar\u00e7\u00f6l \u0259razisin\u0259 27 kilometr uzunlu\u011funda su x\u0259tti \u00e7\u0259kil\u0259c\u0259k.<\/p>\n","protected":false},"excerpt":{"rendered":"<p>Z\u0259rdab rayonunda 10 min hektar \u0259razinin suvarma t\u0259minat\u0131n\u0131n yax\u015f\u0131la\u015fd\u0131r\u0131lmas\u0131 layih\u0259sinin icras\u0131na ba\u015flan\u0131l\u0131b. \u201cAz\u0259rsu\u201d ASC-nin m\u0259tbuat xidm\u0259tind\u0259n bildirilib ki, \u201cAz\u0259rbaycan Respublikas\u0131 regionlar\u0131n\u0131n 2014-2018-ci ill\u0259rd\u0259 sosial-iqtisadi inki\u015faf\u0131 D\u00f6vl\u0259t Proqram\u0131\u201dn\u0131n icras\u0131n\u0131n \u00fc\u00e7\u00fcnc\u00fc ilinin yekunlar\u0131na h\u0259sr olunan konfransda Prezident \u0130lham \u018fliyevin \u0259rzaq t\u0259hl\u00fck\u0259sizliyinin v\u0259 ixrac potensial\u0131n\u0131n art\u0131r\u0131lmas\u0131n\u0131n t\u0259min edilm\u0259si il\u0259 ba\u011fl\u0131 tap\u015f\u0131r\u0131qlar\u0131na uy\u011fun olaraq Z\u0259rdab rayonu \u0259razisind\u0259 10 min [&hellip;]<\/p>\n","protected":false},"author":1,"featured_media":0,"comment_status":"open","ping_status":"open","sticky":false,"template":"","format":"standard","meta":{"footnotes":""},"categories":[21],"tags":[],"class_list":{"0":"post-24317","1":"post","2":"type-post","3":"status-publish","4":"format-standard","6":"category-zrdab"},"yoast_head":"<!-- This site is optimized with the Yoast SEO plugin v27.0 - https:\/\/yoast.com\/product\/yoast-seo-wordpress\/ -->\n<title>Z\u0259rdabda yeni layih\u0259nin icras\u0131 davam edir - Z\u0259rdab.com<\/title>\n<meta name=\"robots\" content=\"index, follow, max-snippet:-1, max-image-preview:large, max-video-preview:-1\" \/>\n<link rel=\"canonical\" href=\"https:\/\/www.zerdab.com\/?p=24317\" \/>\n<meta property=\"og:locale\" content=\"az_AZ\" \/>\n<meta property=\"og:type\" content=\"article\" \/>\n<meta property=\"og:title\" content=\"Z\u0259rdabda yeni layih\u0259nin icras\u0131 davam edir - Z\u0259rdab.com\" \/>\n<meta property=\"og:description\" content=\"Z\u0259rdab rayonunda 10 min hektar \u0259razinin suvarma t\u0259minat\u0131n\u0131n yax\u015f\u0131la\u015fd\u0131r\u0131lmas\u0131 layih\u0259sinin icras\u0131na ba\u015flan\u0131l\u0131b. \u201cAz\u0259rsu\u201d ASC-nin m\u0259tbuat xidm\u0259tind\u0259n bildirilib ki, \u201cAz\u0259rbaycan Respublikas\u0131 regionlar\u0131n\u0131n 2014-2018-ci ill\u0259rd\u0259 sosial-iqtisadi inki\u015faf\u0131 D\u00f6vl\u0259t Proqram\u0131\u201dn\u0131n icras\u0131n\u0131n \u00fc\u00e7\u00fcnc\u00fc ilinin yekunlar\u0131na h\u0259sr olunan konfransda Prezident \u0130lham \u018fliyevin \u0259rzaq t\u0259hl\u00fck\u0259sizliyinin v\u0259 ixrac potensial\u0131n\u0131n art\u0131r\u0131lmas\u0131n\u0131n t\u0259min edilm\u0259si il\u0259 ba\u011fl\u0131 tap\u015f\u0131r\u0131qlar\u0131na uy\u011fun olaraq Z\u0259rdab rayonu \u0259razisind\u0259 10 min [&hellip;]\" \/>\n<meta property=\"og:url\" content=\"https:\/\/www.zerdab.com\/?p=24317\" \/>\n<meta property=\"og:site_name\" content=\"Z\u0259rdab.com\" \/>\n<meta property=\"article:published_time\" content=\"2017-03-16T14:31:34+00:00\" \/>\n<meta name=\"author\" content=\"admin\" \/>\n<meta name=\"twitter:card\" content=\"summary_large_image\" \/>\n<meta name=\"twitter:label1\" content=\"Written by\" \/>\n\t<meta name=\"twitter:data1\" content=\"admin\" \/>\n\t<meta name=\"twitter:label2\" content=\"Est. reading time\" \/>\n\t<meta name=\"twitter:data2\" content=\"2 minutes\" \/>\n<script type=\"application\/ld+json\" class=\"yoast-schema-graph\">{\"@context\":\"https:\/\/schema.org\",\"@graph\":[{\"@type\":\"Article\",\"@id\":\"https:\/\/www.zerdab.com\/?p=24317#article\",\"isPartOf\":{\"@id\":\"https:\/\/www.zerdab.com\/?p=24317\"},\"author\":{\"name\":\"admin\",\"@id\":\"https:\/\/www.zerdab.com\/#\/schema\/person\/97079b7570c1e89ec0d9e138c3672136\"},\"headline\":\"Z\u0259rdabda yeni layih\u0259nin icras\u0131 davam edir\",\"datePublished\":\"2017-03-16T14:31:34+00:00\",\"mainEntityOfPage\":{\"@id\":\"https:\/\/www.zerdab.com\/?p=24317\"},\"wordCount\":413,\"commentCount\":0,\"articleSection\":[\"C\u018fM\u0130YY\u018fT\"],\"inLanguage\":\"az\",\"potentialAction\":[{\"@type\":\"CommentAction\",\"name\":\"Comment\",\"target\":[\"https:\/\/www.zerdab.com\/?p=24317#respond\"]}]},{\"@type\":\"WebPage\",\"@id\":\"https:\/\/www.zerdab.com\/?p=24317\",\"url\":\"https:\/\/www.zerdab.com\/?p=24317\",\"name\":\"Z\u0259rdabda yeni layih\u0259nin icras\u0131 davam edir - Z\u0259rdab.com\",\"isPartOf\":{\"@id\":\"https:\/\/www.zerdab.com\/#website\"},\"datePublished\":\"2017-03-16T14:31:34+00:00\",\"author\":{\"@id\":\"https:\/\/www.zerdab.com\/#\/schema\/person\/97079b7570c1e89ec0d9e138c3672136\"},\"breadcrumb\":{\"@id\":\"https:\/\/www.zerdab.com\/?p=24317#breadcrumb\"},\"inLanguage\":\"az\",\"potentialAction\":[{\"@type\":\"ReadAction\",\"target\":[\"https:\/\/www.zerdab.com\/?p=24317\"]}]},{\"@type\":\"BreadcrumbList\",\"@id\":\"https:\/\/www.zerdab.com\/?p=24317#breadcrumb\",\"itemListElement\":[{\"@type\":\"ListItem\",\"position\":1,\"name\":\"Home\",\"item\":\"https:\/\/www.zerdab.com\/\"},{\"@type\":\"ListItem\",\"position\":2,\"name\":\"Z\u0259rdabda yeni layih\u0259nin icras\u0131 davam edir\"}]},{\"@type\":\"WebSite\",\"@id\":\"https:\/\/www.zerdab.com\/#website\",\"url\":\"https:\/\/www.zerdab.com\/\",\"name\":\"Z\u0259rdab.com\",\"description\":\"\",\"potentialAction\":[{\"@type\":\"SearchAction\",\"target\":{\"@type\":\"EntryPoint\",\"urlTemplate\":\"https:\/\/www.zerdab.com\/?s={search_term_string}\"},\"query-input\":{\"@type\":\"PropertyValueSpecification\",\"valueRequired\":true,\"valueName\":\"search_term_string\"}}],\"inLanguage\":\"az\"},{\"@type\":\"Person\",\"@id\":\"https:\/\/www.zerdab.com\/#\/schema\/person\/97079b7570c1e89ec0d9e138c3672136\",\"name\":\"admin\",\"image\":{\"@type\":\"ImageObject\",\"inLanguage\":\"az\",\"@id\":\"https:\/\/www.zerdab.com\/#\/schema\/person\/image\/\",\"url\":\"https:\/\/secure.gravatar.com\/avatar\/d9c52a9a27c32119cb6679a077fa3e2779e5f822c451cbf01098004361d466ec?s=96&d=mm&r=g\",\"contentUrl\":\"https:\/\/secure.gravatar.com\/avatar\/d9c52a9a27c32119cb6679a077fa3e2779e5f822c451cbf01098004361d466ec?s=96&d=mm&r=g\",\"caption\":\"admin\"},\"url\":\"https:\/\/www.zerdab.com\/?author=1\"}]}<\/script>\n<!-- \/ Yoast SEO plugin. -->","yoast_head_json":{"title":"Z\u0259rdabda yeni layih\u0259nin icras\u0131 davam edir - Z\u0259rdab.com","robots":{"index":"index","follow":"follow","max-snippet":"max-snippet:-1","max-image-preview":"max-image-preview:large","max-video-preview":"max-video-preview:-1"},"canonical":"https:\/\/www.zerdab.com\/?p=24317","og_locale":"az_AZ","og_type":"article","og_title":"Z\u0259rdabda yeni layih\u0259nin icras\u0131 davam edir - Z\u0259rdab.com","og_description":"Z\u0259rdab rayonunda 10 min hektar \u0259razinin suvarma t\u0259minat\u0131n\u0131n yax\u015f\u0131la\u015fd\u0131r\u0131lmas\u0131 layih\u0259sinin icras\u0131na ba\u015flan\u0131l\u0131b. \u201cAz\u0259rsu\u201d ASC-nin m\u0259tbuat xidm\u0259tind\u0259n bildirilib ki, \u201cAz\u0259rbaycan Respublikas\u0131 regionlar\u0131n\u0131n 2014-2018-ci ill\u0259rd\u0259 sosial-iqtisadi inki\u015faf\u0131 D\u00f6vl\u0259t Proqram\u0131\u201dn\u0131n icras\u0131n\u0131n \u00fc\u00e7\u00fcnc\u00fc ilinin yekunlar\u0131na h\u0259sr olunan konfransda Prezident \u0130lham \u018fliyevin \u0259rzaq t\u0259hl\u00fck\u0259sizliyinin v\u0259 ixrac potensial\u0131n\u0131n art\u0131r\u0131lmas\u0131n\u0131n t\u0259min edilm\u0259si il\u0259 ba\u011fl\u0131 tap\u015f\u0131r\u0131qlar\u0131na uy\u011fun olaraq Z\u0259rdab rayonu \u0259razisind\u0259 10 min [&hellip;]","og_url":"https:\/\/www.zerdab.com\/?p=24317","og_site_name":"Z\u0259rdab.com","article_published_time":"2017-03-16T14:31:34+00:00","author":"admin","twitter_card":"summary_large_image","twitter_misc":{"Written by":"admin","Est. reading time":"2 minutes"},"schema":{"@context":"https:\/\/schema.org","@graph":[{"@type":"Article","@id":"https:\/\/www.zerdab.com\/?p=24317#article","isPartOf":{"@id":"https:\/\/www.zerdab.com\/?p=24317"},"author":{"name":"admin","@id":"https:\/\/www.zerdab.com\/#\/schema\/person\/97079b7570c1e89ec0d9e138c3672136"},"headline":"Z\u0259rdabda yeni layih\u0259nin icras\u0131 davam edir","datePublished":"2017-03-16T14:31:34+00:00","mainEntityOfPage":{"@id":"https:\/\/www.zerdab.com\/?p=24317"},"wordCount":413,"commentCount":0,"articleSection":["C\u018fM\u0130YY\u018fT"],"inLanguage":"az","potentialAction":[{"@type":"CommentAction","name":"Comment","target":["https:\/\/www.zerdab.com\/?p=24317#respond"]}]},{"@type":"WebPage","@id":"https:\/\/www.zerdab.com\/?p=24317","url":"https:\/\/www.zerdab.com\/?p=24317","name":"Z\u0259rdabda yeni layih\u0259nin icras\u0131 davam edir - Z\u0259rdab.com","isPartOf":{"@id":"https:\/\/www.zerdab.com\/#website"},"datePublished":"2017-03-16T14:31:34+00:00","author":{"@id":"https:\/\/www.zerdab.com\/#\/schema\/person\/97079b7570c1e89ec0d9e138c3672136"},"breadcrumb":{"@id":"https:\/\/www.zerdab.com\/?p=24317#breadcrumb"},"inLanguage":"az","potentialAction":[{"@type":"ReadAction","target":["https:\/\/www.zerdab.com\/?p=24317"]}]},{"@type":"BreadcrumbList","@id":"https:\/\/www.zerdab.com\/?p=24317#breadcrumb","itemListElement":[{"@type":"ListItem","position":1,"name":"Home","item":"https:\/\/www.zerdab.com\/"},{"@type":"ListItem","position":2,"name":"Z\u0259rdabda yeni layih\u0259nin icras\u0131 davam edir"}]},{"@type":"WebSite","@id":"https:\/\/www.zerdab.com\/#website","url":"https:\/\/www.zerdab.com\/","name":"Z\u0259rdab.com","description":"","potentialAction":[{"@type":"SearchAction","target":{"@type":"EntryPoint","urlTemplate":"https:\/\/www.zerdab.com\/?s={search_term_string}"},"query-input":{"@type":"PropertyValueSpecification","valueRequired":true,"valueName":"search_term_string"}}],"inLanguage":"az"},{"@type":"Person","@id":"https:\/\/www.zerdab.com\/#\/schema\/person\/97079b7570c1e89ec0d9e138c3672136","name":"admin","image":{"@type":"ImageObject","inLanguage":"az","@id":"https:\/\/www.zerdab.com\/#\/schema\/person\/image\/","url":"https:\/\/secure.gravatar.com\/avatar\/d9c52a9a27c32119cb6679a077fa3e2779e5f822c451cbf01098004361d466ec?s=96&d=mm&r=g","contentUrl":"https:\/\/secure.gravatar.com\/avatar\/d9c52a9a27c32119cb6679a077fa3e2779e5f822c451cbf01098004361d466ec?s=96&d=mm&r=g","caption":"admin"},"url":"https:\/\/www.zerdab.com\/?author=1"}]}},"_links":{"self":[{"href":"https:\/\/www.zerdab.com\/index.php?rest_route=\/wp\/v2\/posts\/24317","targetHints":{"allow":["GET"]}}],"collection":[{"href":"https:\/\/www.zerdab.com\/index.php?rest_route=\/wp\/v2\/posts"}],"about":[{"href":"https:\/\/www.zerdab.com\/index.php?rest_route=\/wp\/v2\/types\/post"}],"author":[{"embeddable":true,"href":"https:\/\/www.zerdab.com\/index.php?rest_route=\/wp\/v2\/users\/1"}],"replies":[{"embeddable":true,"href":"https:\/\/www.zerdab.com\/index.php?rest_route=%2Fwp%2Fv2%2Fcomments&post=24317"}],"version-history":[{"count":1,"href":"https:\/\/www.zerdab.com\/index.php?rest_route=\/wp\/v2\/posts\/24317\/revisions"}],"predecessor-version":[{"id":24320,"href":"https:\/\/www.zerdab.com\/index.php?rest_route=\/wp\/v2\/posts\/24317\/revisions\/24320"}],"wp:attachment":[{"href":"https:\/\/www.zerdab.com\/index.php?rest_route=%2Fwp%2Fv2%2Fmedia&parent=24317"}],"wp:term":[{"taxonomy":"category","embeddable":true,"href":"https:\/\/www.zerdab.com\/index.php?rest_route=%2Fwp%2Fv2%2Fcategories&post=24317"},{"taxonomy":"post_tag","embeddable":true,"href":"https:\/\/www.zerdab.com\/index.php?rest_route=%2Fwp%2Fv2%2Ftags&post=24317"}],"curies":[{"name":"wp","href":"https:\/\/api.w.org\/{rel}","templated":true}]}}