{"id":24321,"date":"2017-03-18T14:31:07","date_gmt":"2017-03-18T10:31:07","guid":{"rendered":"http:\/\/www.zerdab.com\/?p=24321"},"modified":"2017-03-18T14:37:10","modified_gmt":"2017-03-18T10:37:10","slug":"z%c9%99rdab-rayonunda-novruz-s%c9%99nliyi-kecirildi-fotolar","status":"publish","type":"post","link":"https:\/\/www.zerdab.com\/?p=24321","title":{"rendered":"Z\u0259rdab rayonunda Novruz \u015f\u0259nliyi ke\u00e7irildi &#8211; FOTOLAR"},"content":{"rendered":"<p>Z\u0259rdabdak\u0131 Heyd\u0259r \u018fliyev park\u0131nda Novruzun g\u0259li\u015fi \u00fcmumrayon \u015f\u0259nliyi il\u0259 qeyd olunub.<\/p>\n<p>Meydan boyu a\u00e7\u0131lan bayram s\u00fcfr\u0259l\u0259ri, yerli m\u00fc\u0259ssis\u0259l\u0259rd\u0259 istehsal olunan m\u0259hsullar\u0131n s\u0259rgisi, milli ad\u0259t-\u0259n\u0259n\u0259l\u0259rimizin q\u0259dimliyind\u0259n soraq ver\u0259n palaz, kilim, c\u0259hr\u0259, d\u00f6rdayaq, nehr\u0259 kimi \u0259\u015fyalarla tan\u0131\u015fl\u0131q \u015f\u0259nlik i\u015ftirak\u00e7\u0131lar\u0131nda xo\u015f hissl\u0259r yarad\u0131b.<\/p>\n<p>Bayram tonqal\u0131 alovland\u0131r\u0131ld\u0131qdan sonra D\u0259d\u0259 Qorqudla Bahar q\u0131z\u0131 xalq\u0131m\u0131za \u0259min-amanl\u0131q, bol ruzi arzulay\u0131blar.<\/p>\n<p>Z\u0259rdab ictimaiyy\u0259tin\u0259 bayram t\u0259brikl\u0259rini \u00e7atd\u0131ran rayon icra hakimiyy\u0259tinin ba\u015f\u00e7\u0131s\u0131 L\u00fctv\u0259li Babayev Novruz ad\u0259tl\u0259rinin z\u0259nginliyind\u0259n, insanlara xo\u015f hissl\u0259r a\u015f\u0131lamas\u0131ndan s\u00f6z a\u00e7\u0131b. Bildirib ki, tarix boyu he\u00e7 bir q\u00fcvv\u0259 Novruz ad\u0259tl\u0259rini xalq\u0131m\u0131z\u0131n \u0259lind\u0259n alma\u011fa, q\u0259lbind\u0259n silm\u0259y\u0259 m\u00fcv\u0259ff\u0259q olmay\u0131b. Novruzun t\u0259nt\u0259n\u0259li milli bayram kimi qeyd edilm\u0259si Az\u0259rbaycan\u0131n d\u00f6vl\u0259t m\u00fcst\u0259qilliyinin xalq\u0131m\u0131za verdiyi b\u0259hr\u0259l\u0259rd\u0259n biridir.<\/p>\n<p>\u015e\u0259nlikd\u0259 r\u0259qs qruplar\u0131n\u0131n, musiqi kollektivl\u0259rinin n\u00fcmun\u0259vi \u00e7\u0131x\u0131\u015flar\u0131, Ke\u00e7\u0259l v\u0259 Kosan\u0131n m\u0259z\u0259li oyunlar\u0131, idman\u00e7\u0131lar\u0131n n\u00f6mr\u0259l\u0259ri, at yar\u0131\u015flar\u0131 maraqla qar\u015f\u0131lan\u0131b. M\u0259kt\u0259blil\u0259r q\u0259dim oyunlar\u0131m\u0131z\u0131 n\u00fcmayi\u015f etdiribl\u0259r. Meydan boyu yuxa, k\u0259t\u0259, a\u015f, qutab, \u015f\u0259k\u0259rbura, paxlava bi\u015firilib. \u018fli xon\u00e7al\u0131 q\u0131zlar \u015f\u0259nlik i\u015ftirak\u00e7\u0131lar\u0131na Novruz sovqatlar\u0131 paylay\u0131blar.<\/p>\n<p>\u00dc\u00e7 mind\u0259n \u00e7ox s\u0259m\u0259ni il\u0259 b\u0259z\u0259dil\u0259n parkda k\u0259nd t\u0259s\u0259rr\u00fcfat\u0131 m\u0259hsullar\u0131ndan ibar\u0259t bayram yarmarkas\u0131 da t\u0259\u015fkil olunub. Novruz \u015f\u0259nlikl\u0259ri el g\u0259zintisi v\u0259 bayram konserti il\u0259 davam etdirilib.<\/p>\n<p><a href=\"http:\/\/www.zerdab.com\/z%c9%99rdab-rayonunda-novruz-s%c9%99nliyi-kecirildi-fotolar\/zerdab-rayonu2-16\/\" rel=\"attachment wp-att-24330\"><img loading=\"lazy\" decoding=\"async\" class=\"aligncenter size-large wp-image-24330\" src=\"http:\/\/www.zerdab.com\/wp-content\/uploads\/2017\/03\/zerdab-rayonu2-1-550x365.jpg\" alt=\"\" width=\"550\" height=\"365\" \/><\/a><\/p>\n<p><a href=\"http:\/\/www.zerdab.com\/z%c9%99rdab-rayonunda-novruz-s%c9%99nliyi-kecirildi-fotolar\/zerdab-rayonu2-15\/\" rel=\"attachment wp-att-24324\"><img loading=\"lazy\" decoding=\"async\" class=\"aligncenter size-large wp-image-24324\" src=\"http:\/\/www.zerdab.com\/wp-content\/uploads\/2017\/03\/zerdab-rayonu2-550x365.jpg\" alt=\"\" width=\"550\" height=\"365\" \/><\/a><\/p>\n<p><a href=\"http:\/\/www.zerdab.com\/z%c9%99rdab-rayonunda-novruz-s%c9%99nliyi-kecirildi-fotolar\/zerdab-rayonu1-17\/\" rel=\"attachment wp-att-24323\"><img loading=\"lazy\" decoding=\"async\" class=\"aligncenter size-large wp-image-24323\" src=\"http:\/\/www.zerdab.com\/wp-content\/uploads\/2017\/03\/zerdab-rayonu1-550x365.jpg\" alt=\"\" width=\"550\" height=\"365\" \/><\/a><a href=\"http:\/\/www.zerdab.com\/z%c9%99rdab-rayonunda-novruz-s%c9%99nliyi-kecirildi-fotolar\/zerdab-rayonu-55\/\" rel=\"attachment wp-att-24322\"><img loading=\"lazy\" decoding=\"async\" class=\"aligncenter size-large wp-image-24322\" src=\"http:\/\/www.zerdab.com\/wp-content\/uploads\/2017\/03\/zerdab-rayonu-550x311.jpg\" alt=\"\" width=\"550\" height=\"311\" \/><\/a><\/p>\n","protected":false},"excerpt":{"rendered":"<p>Z\u0259rdabdak\u0131 Heyd\u0259r \u018fliyev park\u0131nda Novruzun g\u0259li\u015fi \u00fcmumrayon \u015f\u0259nliyi il\u0259 qeyd olunub. Meydan boyu a\u00e7\u0131lan bayram s\u00fcfr\u0259l\u0259ri, yerli m\u00fc\u0259ssis\u0259l\u0259rd\u0259 istehsal olunan m\u0259hsullar\u0131n s\u0259rgisi, milli ad\u0259t-\u0259n\u0259n\u0259l\u0259rimizin q\u0259dimliyind\u0259n soraq ver\u0259n palaz, kilim, c\u0259hr\u0259, d\u00f6rdayaq, nehr\u0259 kimi \u0259\u015fyalarla tan\u0131\u015fl\u0131q \u015f\u0259nlik i\u015ftirak\u00e7\u0131lar\u0131nda xo\u015f hissl\u0259r yarad\u0131b. Bayram tonqal\u0131 alovland\u0131r\u0131ld\u0131qdan sonra D\u0259d\u0259 Qorqudla Bahar q\u0131z\u0131 xalq\u0131m\u0131za \u0259min-amanl\u0131q, bol ruzi arzulay\u0131blar. Z\u0259rdab ictimaiyy\u0259tin\u0259 [&hellip;]<\/p>\n","protected":false},"author":1,"featured_media":0,"comment_status":"open","ping_status":"open","sticky":false,"template":"","format":"standard","meta":{"footnotes":""},"categories":[21],"tags":[],"class_list":{"0":"post-24321","1":"post","2":"type-post","3":"status-publish","4":"format-standard","6":"category-zrdab"},"yoast_head":"<!-- This site is optimized with the Yoast SEO plugin v27.0 - https:\/\/yoast.com\/product\/yoast-seo-wordpress\/ -->\n<title>Z\u0259rdab rayonunda Novruz \u015f\u0259nliyi ke\u00e7irildi - FOTOLAR - Z\u0259rdab.com<\/title>\n<meta name=\"robots\" content=\"index, follow, max-snippet:-1, max-image-preview:large, max-video-preview:-1\" \/>\n<link rel=\"canonical\" href=\"https:\/\/www.zerdab.com\/?p=24321\" \/>\n<meta property=\"og:locale\" content=\"az_AZ\" \/>\n<meta property=\"og:type\" content=\"article\" \/>\n<meta property=\"og:title\" content=\"Z\u0259rdab rayonunda Novruz \u015f\u0259nliyi ke\u00e7irildi - FOTOLAR - Z\u0259rdab.com\" \/>\n<meta property=\"og:description\" content=\"Z\u0259rdabdak\u0131 Heyd\u0259r \u018fliyev park\u0131nda Novruzun g\u0259li\u015fi \u00fcmumrayon \u015f\u0259nliyi il\u0259 qeyd olunub. Meydan boyu a\u00e7\u0131lan bayram s\u00fcfr\u0259l\u0259ri, yerli m\u00fc\u0259ssis\u0259l\u0259rd\u0259 istehsal olunan m\u0259hsullar\u0131n s\u0259rgisi, milli ad\u0259t-\u0259n\u0259n\u0259l\u0259rimizin q\u0259dimliyind\u0259n soraq ver\u0259n palaz, kilim, c\u0259hr\u0259, d\u00f6rdayaq, nehr\u0259 kimi \u0259\u015fyalarla tan\u0131\u015fl\u0131q \u015f\u0259nlik i\u015ftirak\u00e7\u0131lar\u0131nda xo\u015f hissl\u0259r yarad\u0131b. Bayram tonqal\u0131 alovland\u0131r\u0131ld\u0131qdan sonra D\u0259d\u0259 Qorqudla Bahar q\u0131z\u0131 xalq\u0131m\u0131za \u0259min-amanl\u0131q, bol ruzi arzulay\u0131blar. Z\u0259rdab ictimaiyy\u0259tin\u0259 [&hellip;]\" \/>\n<meta property=\"og:url\" content=\"https:\/\/www.zerdab.com\/?p=24321\" \/>\n<meta property=\"og:site_name\" content=\"Z\u0259rdab.com\" \/>\n<meta property=\"article:published_time\" content=\"2017-03-18T10:31:07+00:00\" \/>\n<meta property=\"article:modified_time\" content=\"2017-03-18T10:37:10+00:00\" \/>\n<meta property=\"og:image\" content=\"http:\/\/www.zerdab.com\/wp-content\/uploads\/2017\/03\/zerdab-rayonu2-1-550x365.jpg\" \/>\n<meta name=\"author\" content=\"admin\" \/>\n<meta name=\"twitter:card\" content=\"summary_large_image\" \/>\n<meta name=\"twitter:label1\" content=\"Written by\" \/>\n\t<meta name=\"twitter:data1\" content=\"admin\" \/>\n\t<meta name=\"twitter:label2\" content=\"Est. reading time\" \/>\n\t<meta name=\"twitter:data2\" content=\"2 minutes\" \/>\n<script type=\"application\/ld+json\" class=\"yoast-schema-graph\">{\"@context\":\"https:\/\/schema.org\",\"@graph\":[{\"@type\":\"Article\",\"@id\":\"https:\/\/www.zerdab.com\/?p=24321#article\",\"isPartOf\":{\"@id\":\"https:\/\/www.zerdab.com\/?p=24321\"},\"author\":{\"name\":\"admin\",\"@id\":\"https:\/\/www.zerdab.com\/#\/schema\/person\/97079b7570c1e89ec0d9e138c3672136\"},\"headline\":\"Z\u0259rdab rayonunda Novruz \u015f\u0259nliyi ke\u00e7irildi &#8211; FOTOLAR\",\"datePublished\":\"2017-03-18T10:31:07+00:00\",\"dateModified\":\"2017-03-18T10:37:10+00:00\",\"mainEntityOfPage\":{\"@id\":\"https:\/\/www.zerdab.com\/?p=24321\"},\"wordCount\":319,\"commentCount\":0,\"image\":{\"@id\":\"https:\/\/www.zerdab.com\/?p=24321#primaryimage\"},\"thumbnailUrl\":\"http:\/\/www.zerdab.com\/wp-content\/uploads\/2017\/03\/zerdab-rayonu2-1-550x365.jpg\",\"articleSection\":[\"C\u018fM\u0130YY\u018fT\"],\"inLanguage\":\"az\",\"potentialAction\":[{\"@type\":\"CommentAction\",\"name\":\"Comment\",\"target\":[\"https:\/\/www.zerdab.com\/?p=24321#respond\"]}]},{\"@type\":\"WebPage\",\"@id\":\"https:\/\/www.zerdab.com\/?p=24321\",\"url\":\"https:\/\/www.zerdab.com\/?p=24321\",\"name\":\"Z\u0259rdab rayonunda Novruz \u015f\u0259nliyi ke\u00e7irildi - FOTOLAR - Z\u0259rdab.com\",\"isPartOf\":{\"@id\":\"https:\/\/www.zerdab.com\/#website\"},\"primaryImageOfPage\":{\"@id\":\"https:\/\/www.zerdab.com\/?p=24321#primaryimage\"},\"image\":{\"@id\":\"https:\/\/www.zerdab.com\/?p=24321#primaryimage\"},\"thumbnailUrl\":\"http:\/\/www.zerdab.com\/wp-content\/uploads\/2017\/03\/zerdab-rayonu2-1-550x365.jpg\",\"datePublished\":\"2017-03-18T10:31:07+00:00\",\"dateModified\":\"2017-03-18T10:37:10+00:00\",\"author\":{\"@id\":\"https:\/\/www.zerdab.com\/#\/schema\/person\/97079b7570c1e89ec0d9e138c3672136\"},\"breadcrumb\":{\"@id\":\"https:\/\/www.zerdab.com\/?p=24321#breadcrumb\"},\"inLanguage\":\"az\",\"potentialAction\":[{\"@type\":\"ReadAction\",\"target\":[\"https:\/\/www.zerdab.com\/?p=24321\"]}]},{\"@type\":\"ImageObject\",\"inLanguage\":\"az\",\"@id\":\"https:\/\/www.zerdab.com\/?p=24321#primaryimage\",\"url\":\"\",\"contentUrl\":\"\"},{\"@type\":\"BreadcrumbList\",\"@id\":\"https:\/\/www.zerdab.com\/?p=24321#breadcrumb\",\"itemListElement\":[{\"@type\":\"ListItem\",\"position\":1,\"name\":\"Home\",\"item\":\"https:\/\/www.zerdab.com\/\"},{\"@type\":\"ListItem\",\"position\":2,\"name\":\"Z\u0259rdab rayonunda Novruz \u015f\u0259nliyi ke\u00e7irildi &#8211; FOTOLAR\"}]},{\"@type\":\"WebSite\",\"@id\":\"https:\/\/www.zerdab.com\/#website\",\"url\":\"https:\/\/www.zerdab.com\/\",\"name\":\"Z\u0259rdab.com\",\"description\":\"\",\"potentialAction\":[{\"@type\":\"SearchAction\",\"target\":{\"@type\":\"EntryPoint\",\"urlTemplate\":\"https:\/\/www.zerdab.com\/?s={search_term_string}\"},\"query-input\":{\"@type\":\"PropertyValueSpecification\",\"valueRequired\":true,\"valueName\":\"search_term_string\"}}],\"inLanguage\":\"az\"},{\"@type\":\"Person\",\"@id\":\"https:\/\/www.zerdab.com\/#\/schema\/person\/97079b7570c1e89ec0d9e138c3672136\",\"name\":\"admin\",\"image\":{\"@type\":\"ImageObject\",\"inLanguage\":\"az\",\"@id\":\"https:\/\/www.zerdab.com\/#\/schema\/person\/image\/\",\"url\":\"https:\/\/secure.gravatar.com\/avatar\/d9c52a9a27c32119cb6679a077fa3e2779e5f822c451cbf01098004361d466ec?s=96&d=mm&r=g\",\"contentUrl\":\"https:\/\/secure.gravatar.com\/avatar\/d9c52a9a27c32119cb6679a077fa3e2779e5f822c451cbf01098004361d466ec?s=96&d=mm&r=g\",\"caption\":\"admin\"},\"url\":\"https:\/\/www.zerdab.com\/?author=1\"}]}<\/script>\n<!-- \/ Yoast SEO plugin. -->","yoast_head_json":{"title":"Z\u0259rdab rayonunda Novruz \u015f\u0259nliyi ke\u00e7irildi - FOTOLAR - Z\u0259rdab.com","robots":{"index":"index","follow":"follow","max-snippet":"max-snippet:-1","max-image-preview":"max-image-preview:large","max-video-preview":"max-video-preview:-1"},"canonical":"https:\/\/www.zerdab.com\/?p=24321","og_locale":"az_AZ","og_type":"article","og_title":"Z\u0259rdab rayonunda Novruz \u015f\u0259nliyi ke\u00e7irildi - FOTOLAR - Z\u0259rdab.com","og_description":"Z\u0259rdabdak\u0131 Heyd\u0259r \u018fliyev park\u0131nda Novruzun g\u0259li\u015fi \u00fcmumrayon \u015f\u0259nliyi il\u0259 qeyd olunub. Meydan boyu a\u00e7\u0131lan bayram s\u00fcfr\u0259l\u0259ri, yerli m\u00fc\u0259ssis\u0259l\u0259rd\u0259 istehsal olunan m\u0259hsullar\u0131n s\u0259rgisi, milli ad\u0259t-\u0259n\u0259n\u0259l\u0259rimizin q\u0259dimliyind\u0259n soraq ver\u0259n palaz, kilim, c\u0259hr\u0259, d\u00f6rdayaq, nehr\u0259 kimi \u0259\u015fyalarla tan\u0131\u015fl\u0131q \u015f\u0259nlik i\u015ftirak\u00e7\u0131lar\u0131nda xo\u015f hissl\u0259r yarad\u0131b. Bayram tonqal\u0131 alovland\u0131r\u0131ld\u0131qdan sonra D\u0259d\u0259 Qorqudla Bahar q\u0131z\u0131 xalq\u0131m\u0131za \u0259min-amanl\u0131q, bol ruzi arzulay\u0131blar. Z\u0259rdab ictimaiyy\u0259tin\u0259 [&hellip;]","og_url":"https:\/\/www.zerdab.com\/?p=24321","og_site_name":"Z\u0259rdab.com","article_published_time":"2017-03-18T10:31:07+00:00","article_modified_time":"2017-03-18T10:37:10+00:00","og_image":[{"url":"http:\/\/www.zerdab.com\/wp-content\/uploads\/2017\/03\/zerdab-rayonu2-1-550x365.jpg","type":"","width":"","height":""}],"author":"admin","twitter_card":"summary_large_image","twitter_misc":{"Written by":"admin","Est. reading time":"2 minutes"},"schema":{"@context":"https:\/\/schema.org","@graph":[{"@type":"Article","@id":"https:\/\/www.zerdab.com\/?p=24321#article","isPartOf":{"@id":"https:\/\/www.zerdab.com\/?p=24321"},"author":{"name":"admin","@id":"https:\/\/www.zerdab.com\/#\/schema\/person\/97079b7570c1e89ec0d9e138c3672136"},"headline":"Z\u0259rdab rayonunda Novruz \u015f\u0259nliyi ke\u00e7irildi &#8211; FOTOLAR","datePublished":"2017-03-18T10:31:07+00:00","dateModified":"2017-03-18T10:37:10+00:00","mainEntityOfPage":{"@id":"https:\/\/www.zerdab.com\/?p=24321"},"wordCount":319,"commentCount":0,"image":{"@id":"https:\/\/www.zerdab.com\/?p=24321#primaryimage"},"thumbnailUrl":"http:\/\/www.zerdab.com\/wp-content\/uploads\/2017\/03\/zerdab-rayonu2-1-550x365.jpg","articleSection":["C\u018fM\u0130YY\u018fT"],"inLanguage":"az","potentialAction":[{"@type":"CommentAction","name":"Comment","target":["https:\/\/www.zerdab.com\/?p=24321#respond"]}]},{"@type":"WebPage","@id":"https:\/\/www.zerdab.com\/?p=24321","url":"https:\/\/www.zerdab.com\/?p=24321","name":"Z\u0259rdab rayonunda Novruz \u015f\u0259nliyi ke\u00e7irildi - FOTOLAR - Z\u0259rdab.com","isPartOf":{"@id":"https:\/\/www.zerdab.com\/#website"},"primaryImageOfPage":{"@id":"https:\/\/www.zerdab.com\/?p=24321#primaryimage"},"image":{"@id":"https:\/\/www.zerdab.com\/?p=24321#primaryimage"},"thumbnailUrl":"http:\/\/www.zerdab.com\/wp-content\/uploads\/2017\/03\/zerdab-rayonu2-1-550x365.jpg","datePublished":"2017-03-18T10:31:07+00:00","dateModified":"2017-03-18T10:37:10+00:00","author":{"@id":"https:\/\/www.zerdab.com\/#\/schema\/person\/97079b7570c1e89ec0d9e138c3672136"},"breadcrumb":{"@id":"https:\/\/www.zerdab.com\/?p=24321#breadcrumb"},"inLanguage":"az","potentialAction":[{"@type":"ReadAction","target":["https:\/\/www.zerdab.com\/?p=24321"]}]},{"@type":"ImageObject","inLanguage":"az","@id":"https:\/\/www.zerdab.com\/?p=24321#primaryimage","url":"","contentUrl":""},{"@type":"BreadcrumbList","@id":"https:\/\/www.zerdab.com\/?p=24321#breadcrumb","itemListElement":[{"@type":"ListItem","position":1,"name":"Home","item":"https:\/\/www.zerdab.com\/"},{"@type":"ListItem","position":2,"name":"Z\u0259rdab rayonunda Novruz \u015f\u0259nliyi ke\u00e7irildi &#8211; FOTOLAR"}]},{"@type":"WebSite","@id":"https:\/\/www.zerdab.com\/#website","url":"https:\/\/www.zerdab.com\/","name":"Z\u0259rdab.com","description":"","potentialAction":[{"@type":"SearchAction","target":{"@type":"EntryPoint","urlTemplate":"https:\/\/www.zerdab.com\/?s={search_term_string}"},"query-input":{"@type":"PropertyValueSpecification","valueRequired":true,"valueName":"search_term_string"}}],"inLanguage":"az"},{"@type":"Person","@id":"https:\/\/www.zerdab.com\/#\/schema\/person\/97079b7570c1e89ec0d9e138c3672136","name":"admin","image":{"@type":"ImageObject","inLanguage":"az","@id":"https:\/\/www.zerdab.com\/#\/schema\/person\/image\/","url":"https:\/\/secure.gravatar.com\/avatar\/d9c52a9a27c32119cb6679a077fa3e2779e5f822c451cbf01098004361d466ec?s=96&d=mm&r=g","contentUrl":"https:\/\/secure.gravatar.com\/avatar\/d9c52a9a27c32119cb6679a077fa3e2779e5f822c451cbf01098004361d466ec?s=96&d=mm&r=g","caption":"admin"},"url":"https:\/\/www.zerdab.com\/?author=1"}]}},"_links":{"self":[{"href":"https:\/\/www.zerdab.com\/index.php?rest_route=\/wp\/v2\/posts\/24321","targetHints":{"allow":["GET"]}}],"collection":[{"href":"https:\/\/www.zerdab.com\/index.php?rest_route=\/wp\/v2\/posts"}],"about":[{"href":"https:\/\/www.zerdab.com\/index.php?rest_route=\/wp\/v2\/types\/post"}],"author":[{"embeddable":true,"href":"https:\/\/www.zerdab.com\/index.php?rest_route=\/wp\/v2\/users\/1"}],"replies":[{"embeddable":true,"href":"https:\/\/www.zerdab.com\/index.php?rest_route=%2Fwp%2Fv2%2Fcomments&post=24321"}],"version-history":[{"count":3,"href":"https:\/\/www.zerdab.com\/index.php?rest_route=\/wp\/v2\/posts\/24321\/revisions"}],"predecessor-version":[{"id":24331,"href":"https:\/\/www.zerdab.com\/index.php?rest_route=\/wp\/v2\/posts\/24321\/revisions\/24331"}],"wp:attachment":[{"href":"https:\/\/www.zerdab.com\/index.php?rest_route=%2Fwp%2Fv2%2Fmedia&parent=24321"}],"wp:term":[{"taxonomy":"category","embeddable":true,"href":"https:\/\/www.zerdab.com\/index.php?rest_route=%2Fwp%2Fv2%2Fcategories&post=24321"},{"taxonomy":"post_tag","embeddable":true,"href":"https:\/\/www.zerdab.com\/index.php?rest_route=%2Fwp%2Fv2%2Ftags&post=24321"}],"curies":[{"name":"wp","href":"https:\/\/api.w.org\/{rel}","templated":true}]}}