{"id":24357,"date":"2017-04-01T14:56:25","date_gmt":"2017-04-01T10:56:25","guid":{"rendered":"http:\/\/www.zerdab.com\/?p=24357"},"modified":"2017-04-01T15:10:26","modified_gmt":"2017-04-01T11:10:26","slug":"mill%c9%99t-v%c9%99kilimiz-jal%c9%99-%c9%99liyeva-nazirl%c9%99r-kabinetinin-hesabatinda-z%c9%99rdabin-probleml%c9%99rini-gund%c9%99m%c9%99-g%c9%99tirdi","status":"publish","type":"post","link":"https:\/\/www.zerdab.com\/?p=24357","title":{"rendered":"Mill\u0259t v\u0259kilimiz Jal\u0259 \u018fliyeva Nazirl\u0259r Kabinetinin hesabat\u0131nda Z\u0259rdab\u0131n probleml\u0259rini g\u00fcnd\u0259m\u0259 g\u0259tirdi"},"content":{"rendered":"<p>Milli M\u0259clisd\u0259 Nazirl\u0259r Kabinetinin f\u0259aliyy\u0259ti haqq\u0131nda hesabat\u0131n m\u00fczakir\u0259si zaman\u0131 mill\u0259t v\u0259kilimiz, Milli M\u0259clisin M\u0259d\u0259niyy\u0259t Komit\u0259sinin s\u0259dr m\u00fcavini Jal\u0259 \u018fliyeva\u00a0 \u00e7\u0131x\u0131\u015f edib.<span style=\"color: #ff0000;\"><strong> Zerdab.com<\/strong><\/span> sayt\u0131 mill\u0259t v\u0259kilimizin \u00e7\u0131x\u0131\u015f\u0131n\u0131 t\u0259qdim edir: &#8220;H\u00f6rm\u0259tli s\u0259dr, h\u00f6rm\u0259tli Ba\u015f nazir v\u0259 h\u00f6k\u00fcm\u0259t \u00fczvl\u0259ri, h\u00f6rm\u0259tli h\u0259mkarlar, Nazirl\u0259r Kabinetinin m\u00fczakir\u0259 etm\u0259kd\u0259 oldu\u011fumuz hesabat\u0131 \u00f6lk\u0259mizin daha\u00a0 g\u00fccl\u00fc olmas\u0131n\u0131, xalq\u0131m\u0131z\u0131n daha firavan ya\u015famas\u0131n\u0131 h\u0259d\u0259fl\u0259y\u0259n d\u00f6vl\u0259t siyas\u0259tini \u0259ks etdirir. Hesabat m\u00fck\u0259mm\u0259l haz\u0131rlanm\u0131\u015fd\u0131r v\u0259 m\u0259n ona s\u0259s ver\u0259c\u0259y\u0259m. Hesab edirik ki, \u00f6t\u0259n il d\u0259 h\u00f6k\u00fcm\u0259tin f\u0259aliyy\u0259ti q\u0259na\u0259tb\u0259x\u015f olmu\u015fdur. Ham\u0131m\u0131za m\u0259lumdur ki, son ill\u0259rd\u0259 b\u00fct\u00fcn d\u00fcnya maliy\u0259 b\u00f6hran\u0131 ya\u015fay\u0131r. Lakin h\u00f6k\u00fcm\u0259timiz\u00a0 bu \u00e7\u0259tin v\u0259ziyy\u0259td\u0259, qlobal prosesl\u0259rin t\u0259zyiq\u0131 alt\u0131nda bel\u0259 kifay\u0259t q\u0259d\u0259r m\u00fcv\u0259ff\u0259qiyy\u0259tl\u0259 f\u0259aliyy\u0259t g\u00f6st\u0259rmi\u015fdir v\u0259 m\u00fcsb\u0259t n\u0259tic\u0259l\u0259r \u0259ld\u0259 etmi\u015fdir. D\u00f6vl\u0259t ba\u015f\u00e7\u0131m\u0131z\u0131n \u00e7evik v\u0259 u\u011furlu siyas\u0259ti, onun r\u0259hb\u0259rliyi alt\u0131nda h\u0259yata ke\u00e7iril\u0259n m\u00fch\u00fcm t\u0259dbirl\u0259r\u00a0 n\u0259tic\u0259sind\u0259 \u00f6lk\u0259miz \u00f6t\u0259n ild\u0259 d\u0259 y\u00fcks\u0259l\u0259n x\u0259tl\u0259 inki\u015faf edib. M\u0259hz c\u0259nab Prezidentin irad\u0259siyl\u0259 sosial y\u00f6n\u00fcml\u00fc layih\u0259l\u0259rin icras\u0131 y\u00fcks\u0259k s\u0259viyy\u0259d\u0259 davam etdirilib, sosial m\u00fcdafi\u0259y\u0259 ehtiyac\u0131 olan t\u0259b\u0259q\u0259l\u0259rin qorunmas\u0131 istiqam\u0259tind\u0259 m\u00fch\u00fcm add\u0131mlar at\u0131l\u0131b. \u00d6lk\u0259d\u0259 yaranm\u0131\u015f ictimai-siyasi sabitlik, t\u0259min edil\u0259n stabil iqtisadi siyas\u0259t, \u0259n b\u00f6y\u00fck qazanc\u0131m\u0131z olan v\u0259t\u0259nda\u015f h\u0259mr\u0259yliyi v\u0259 milli birlik g\u0259l\u0259c\u0259y\u0259 daha da nikbin v\u0259 \u0259minlikl\u0259 baxma\u011f\u0131m\u0131za \u0259sas verir. Hesabatda, \u0259ld\u0259 etdiyimiz u\u011furlar, eyni zamanda probleml\u0259r v\u0259 el\u0259c\u0259 d\u0259 bundan sonra g\u00f6r\u00fcl\u0259c\u0259k i\u015fl\u0259r ayd\u0131n ifad\u0259 edilmi\u015fdir. M\u0259nd\u0259n \u0259vv\u0259l \u00e7\u0131x\u0131\u015f ed\u0259n deputat h\u0259mkarlar\u0131m bu m\u0259s\u0259l\u0259l\u0259r haqq\u0131nda \u0259trafl\u0131 dan\u0131\u015fd\u0131lar. M\u0259n d\u0259 \u00f6z n\u00f6vb\u0259md\u0259 Nazirl\u0259r Kabinetin\u0259 v\u0259 \u015f\u0259xs\u0259n h\u00f6rm\u0259tli Ba\u015f Nazir Artur R\u0259sizad\u0259y\u0259 u\u011furlu f\u0259aliyy\u0259ti \u00fc\u00e7\u00fcn t\u0259\u015f\u0259kk\u00fcr edir\u0259m. M\u0259n hesabat ilind\u0259 layih\u0259l\u0259riyl\u0259 x\u00fcsusi diqq\u0259t \u00e7\u0259k\u0259n, \u0259h\u0259miyy\u0259tli nailiyy\u0259tl\u0259r\u0259 imza atan bir ne\u00e7\u0259 qurumun f\u0259aliyy\u0259tini x\u00fcsusi qeyd etm\u0259k ist\u0259yir\u0259m. M\u0259lumdur ki, 2015-ci il \u00f6lk\u0259d\u0259 k\u0259nd t\u0259s\u0259rr\u00fcfat\u0131 ili elan edilmi\u015fdi. Lakin \u00f6t\u0259n ild\u0259 d\u0259 \u00f6lk\u0259 r\u0259hb\u0259rinin bu sah\u0259y\u0259 diqq\u0259tiyl\u0259 K\u0259nd T\u0259s\u0259rr\u00fcfat\u0131 nazirliyinin h\u0259yata ke\u00e7irdiyi layih\u0259l\u0259r u\u011furla davam etdirilmi\u015f v\u0259 m\u00fcsb\u0259t n\u0259tic\u0259l\u0259r \u0259ld\u0259 edilmi\u015fdir. Bu sah\u0259d\u0259 t\u0259tbiq edil\u0259n islahat xarakterli t\u0259dbirl\u0259r &#8211; pamb\u0131q\u00e7\u0131l\u0131\u011f\u0131n, tax\u0131l\u00e7\u0131l\u0131\u011f\u0131n, barama\u00e7\u0131l\u0131\u011f\u0131n inki\u015faf etdirilm\u0259si v\u0259 daha m\u0259hsuldar olmas\u0131 \u00fc\u00e7\u00fcn g\u00f6r\u00fcl\u0259n i\u015fl\u0259r\u00a0 v\u0259t\u0259nda\u015f\u0131m\u0131z t\u0259r\u0259find\u0259n r\u0259\u011fb\u0259tl\u0259 qar\u015f\u0131lan\u0131r. Vergil\u0259r Nazirliyinin m\u00fcsb\u0259t f\u0259aliyy\u0259ti n\u0259tic\u0259sind\u0259 d\u00f6vl\u0259t b\u00fcdc\u0259sin\u0259 daxilolmalar\u0131n miqdar\u0131 h\u0259r \u00f6t\u0259n il daha da art\u0131r. \u00d6t\u0259n il bu sah\u0259d\u0259 h\u0259yata ke\u00e7iril\u0259n bir s\u0131ra t\u0259dbirl\u0259r say\u0259sind\u0259 &#8211; x\u00fcsusil\u0259 yerli b\u00fcdc\u0259nin formala\u015fd\u0131r\u0131lmas\u0131, elektron \u00f6d\u0259ni\u015f sisteminin t\u0259tbiqi, vergi \u00f6d\u0259yicil\u0259rinin elektron qeydiyyat\u0131n\u0131n apar\u0131lmas\u0131 t\u0259qdir\u0259 layiqdir. \u018fhalinin sosial m\u00fcdafi\u0259sinin t\u0259\u015fkili prosesinin t\u0259kmill\u0259\u015fm\u0259si, pensiyalar\u0131n v\u0259 \u00fcnvanl\u0131 sosial yard\u0131mlar\u0131n t\u0259yin edilm\u0259sinin elektronla\u015fd\u0131r\u0131laraq bu sah\u0259d\u0259 b\u00fcrokratik \u0259ng\u0259ll\u0259rin aradan qalxmas\u0131\u00a0istiqam\u0259tind\u0259 \u018fm\u0259k v\u0259 \u018fhalinin Sosial M\u00fcdafi\u0259si Nazirliyinin h\u0259yata ke\u00e7irdiyi u\u011furlu f\u0259aliyy\u0259t d\u0259 \u0259hali t\u0259r\u0259find\u0259n m\u0259mnunluqla qar\u015f\u0131lan\u0131r.<\/p>\n<p><a href=\"http:\/\/www.zerdab.com\/mill%c9%99t-v%c9%99kilimiz-jal%c9%99-%c9%99liyeva-nazirl%c9%99r-kabinetinin-hesabatinda-z%c9%99rdabin-probleml%c9%99rini-gund%c9%99m%c9%99-g%c9%99tirdi\/jal%c9%99-%c9%99liyeva-32\/\" rel=\"attachment wp-att-24364\"><img loading=\"lazy\" decoding=\"async\" class=\"aligncenter size-large wp-image-24364\" src=\"http:\/\/www.zerdab.com\/wp-content\/uploads\/2017\/04\/Jal\u0259-\u018fliyeva..-400x550.jpg\" alt=\"Jal\u0259 \u018fliyeva\" width=\"400\" height=\"550\" \/><\/a><\/p>\n<p>F\u0259aliyy\u0259tl\u0259rind\u0259 \u015f\u0259ffafl\u0131q prinsipl\u0259rini ba\u015fl\u0131ca h\u0259d\u0259f se\u00e7\u0259n v\u0259 yarand\u0131\u011f\u0131 g\u00fcnd\u0259n b\u0259ri v\u0259t\u0259nda\u015fa q\u00fcsursuz xidm\u0259t g\u00f6st\u0259r\u0259r\u0259k onun h\u0259yat\u0131n\u0131 asanla\u015fd\u0131ran, bir saat mexanizmi kimi d\u0259qiq i\u015fl\u0259y\u0259n ASAN xidm\u0259t\u00a0v\u0259t\u0259nda\u015flar t\u0259r\u0259find\u0259n \u00e7ox m\u00fcsb\u0259t qiym\u0259tl\u0259ndirilir v\u0259 s\u00f6z\u00fcn h\u0259qiqi m\u0259nas\u0131nda bu g\u00fcn b\u00fct\u00fcn d\u00fcnyada bir Az\u0259rbaycan n\u00fcmun\u0259si, brendi kimi xarakteriz\u0259 edilir. V\u0259t\u0259nda\u015flar\u0131n, f\u0259aliyy\u0259tind\u0259n m\u0259mnunluq ifad\u0259 etdikl\u0259ri qurumlardan biri d\u0259 Az\u0259ri\u015f\u0131qd\u0131r. Bu g\u00fcn Az\u0259rbaycan\u0131n \u0259n ucqar k\u0259ndind\u0259 d\u0259 24 saat fasil\u0259siz i\u015f\u0131q var. Az\u0259ri\u015f\u0131q A\u00e7\u0131q S\u0259hmdar C\u0259miyy\u0259tinin \u00f6lk\u0259nin inki\u015faf\u0131 namin\u0259 g\u00f6r\u00fcl\u0259n i\u015fl\u0259rd\u0259 x\u00fcsusi bir imzas\u0131 var. Son iki ild\u0259 2000-d\u0259n art\u0131q transformatorun yenid\u0259n qurulmas\u0131, d\u0259yi\u015fd\u0131r\u0131lm\u0259si \u0259lb\u0259tt\u0259 ki, v\u0259t\u0259nda\u015fa m\u0259suliyy\u0259tl\u0259 xidm\u0259t etm\u0259yin bariz n\u00fcmun\u0259si v\u0259 i\u015fi d\u00fczg\u00fcn qurma\u011f\u0131n n\u0259tic\u0259sidir. \u018fn \u00e7\u0259tin d\u0259qiq\u0259l\u0259rd\u0259 v\u0259t\u0259nda\u015f\u0131n k\u00f6m\u0259yin\u0259 g\u0259l\u0259n, onu t\u0259hl\u00fck\u0259d\u0259n qurtaran qurumlardan biri d\u0259 F\u00f6vq\u0259lad\u0259 Hallar Nazirliyidir. Nazirliyin, xilasetm\u0259, t\u0259cili axtar\u0131\u015f \u00e7al\u0131\u015fmalar\u0131n\u0131n \u0259n \u00e7evik \u015f\u0259kild\u0259 h\u0259yata ke\u00e7irilm\u0259si, f\u00f6vq\u0259lad\u0259 hallar\u0131n ba\u015f verm\u0259m\u0259si \u00fc\u00e7\u00fcn \u00f6nc\u0259d\u0259n t\u0259dbirl\u0259rin g\u00f6r\u00fclm\u0259si, t\u0259hl\u00fck\u0259sizliyin t\u0259min edilm\u0259si kimi f\u0259aliyy\u0259tl\u0259ri \u0259hali t\u0259r\u0259find\u0259n r\u0259\u011fb\u0259tl\u0259 qar\u015f\u0131lan\u0131r. Yol m\u0259d\u0259niyy\u0259tdir, deyir atalar\u0131m\u0131z. H\u0259l\u0259 \u00fcst\u0259lik bu yol \u00f6lk\u0259nin s\u0259rh\u0259dl\u0259rind\u0259n k\u0259nara \u00e7\u0131x\u0131rsa, s\u0259nin \u00f6lk\u0259ni d\u00fcnyada tan\u0131d\u0131rsa o zaman \u0259h\u0259miyy\u0259ti bir\u0259 min artm\u0131\u015f olur. S\u00f6hb\u0259t \u00f6lk\u0259mizin d\u0259mir yollar\u0131ndan gedir. T\u0259s\u0259vv\u00fcr edin, bu g\u00fcn b\u00f6y\u00fck bir s\u00fcr\u0259tl\u0259 tikintisi davam ed\u0259n Bak\u0131-Tbilisi-Qars d\u0259mir yolunun in\u015fas\u0131 ba\u015fa \u00e7atd\u0131qdan sonra, Az\u0259rbaycan-\u0130ran d\u0259mir yollar\u0131 birl\u0259\u015fdirildikd\u0259n sonra b\u00fct\u00fcn bunlar Az\u0259rbaycana n\u0259 q\u0259d\u0259r dividend qazand\u0131racaqd\u0131r. D\u00f6vl\u0259t Ba\u015f\u00e7\u0131m\u0131z\u0131n strateji olaraq m\u00fc\u0259yy\u0259nl\u0259\u015fdirdiyi beyn\u0259lxalq n\u0259qliyyat siyas\u0259tinin yerin\u0259 yetirilm\u0259si \u00f6lk\u0259mizin q\u00fcdr\u0259tini daha da art\u0131racaq, yeni i\u015f yerl\u0259ri a\u00e7\u0131lacaq, \u0259halinin rifah hal\u0131 daha da yax\u015f\u0131la\u015facaqd\u0131r.<\/p>\n<p><a href=\"http:\/\/www.zerdab.com\/mill%c9%99t-v%c9%99kilimiz-jal%c9%99-%c9%99liyeva-nazirl%c9%99r-kabinetinin-hesabatinda-z%c9%99rdabin-probleml%c9%99rini-gund%c9%99m%c9%99-g%c9%99tirdi\/jal%c9%99-%c9%99liyeva-30\/\" rel=\"attachment wp-att-24359\"><img loading=\"lazy\" decoding=\"async\" class=\"size-large wp-image-24359\" src=\"http:\/\/www.zerdab.com\/wp-content\/uploads\/2017\/04\/Jal\u0259-\u018fliyeva-550x391.jpg\" alt=\"Jal\u0259 \u018fliyeva\" width=\"550\" height=\"391\" \/><\/a><\/p>\n<p>M\u0259n eyni zamanda, h\u00f6rm\u0259tli h\u00f6k\u00fcm\u0259t \u00fczvl\u0259rinin burada olmas\u0131ndan istifad\u0259 ed\u0259r\u0259k se\u00e7ildiyim rayonla ba\u011fl\u0131 bir s\u0131ra probleml\u0259ri n\u0259z\u0259riniz\u0259 \u00e7atd\u0131rmaq ist\u0259rdim. 2010-cu ild\u0259n K\u00fcr da\u015fq\u0131n\u0131 zaman\u0131 q\u0259zal\u0131 v\u0259ziyy\u0259t\u0259 d\u00fc\u015f\u0259n T\u0259z\u0259k\u0259nd 8 illik k\u0259nd orta m\u0259kt\u0259binin yenid\u0259n tikilm\u0259si \u00fc\u00e7\u00fcn etdiyimiz m\u00fcraci\u0259t n\u0259z\u0259r\u0259 al\u0131n\u0131b, h\u0259tta, tikinti \u00fc\u00e7\u00fcn yeni yer d\u0259 ayr\u0131l\u0131b, lakin, t\u0259\u0259ss\u00fcf olsun ki, bu g\u00fcn\u0259 q\u0259d\u0259r tikinti i\u015fl\u0259ri ba\u015flanmam\u0131\u015fd\u0131r. \u00dcst\u0259lik, eyni m\u0259kt\u0259bd\u0259 ke\u00e7\u0259n il yan\u011f\u0131n ba\u015f verib v\u0259 m\u0259kt\u0259b tam yarars\u0131z v\u0259ziyy\u0259t\u0259 d\u00fc\u015f\u00fcb. H\u0259min m\u0259kt\u0259bl\u0259 ba\u011fl\u0131 q\u0259rar\u0131n bird aha n\u0259z\u0259rd\u0259n ke\u00e7irlim\u0259sini v\u0259 tikinti i\u015fl\u0259rinin tezlikl\u0259 ba\u015flad\u0131lmas\u0131n\u0131 xahi\u015f edirik. Eyni zamanda, Z\u0259rdab \u015f\u0259h\u0259r \u00fcmumi orta m\u0259kt\u0259bi v\u0259 G\u0259lm\u0259 k\u0259nd k\u00f6rp\u0259l\u0259r evi-u\u015faq ba\u011f\u00e7as\u0131 \u00fc\u00e7\u00fcn yeni binan\u0131n tikilm\u0259sini, Q\u0259zal\u0131 v\u0259ziyy\u0259td\u0259 olan M\u0259likli, K\u00f6rp\u00fck\u0259nd k\u0259nd sah\u0259 x\u0259st\u0259xanas\u0131 \u00fc\u00e7\u00fcn yeni binalar\u0131n tikilm\u0259si, \u00f6lk\u0259 ba\u015f\u00e7\u0131s\u0131 c\u0259nab \u0130lham \u018fliyevin v\u0259 birinci vitse-prezident xan\u0131m Mehriban \u018fliyevan\u0131n i\u015ftiraklar\u0131 il\u0259 t\u0259nt\u0259n\u0259li a\u00e7\u0131l\u0131\u015f\u0131 ke\u00e7iril\u0259n Rayon X\u0259st\u0259xanas\u0131nda 55 n\u0259f\u0259r m\u00fcxt\u0259lif ixtisasl\u0131 h\u0259kim \u00e7at\u0131\u015fmazl\u0131\u011f\u0131n\u0131n aradan qald\u0131r\u0131lmas\u0131n\u0131, Z\u0259rdab Rayonunun K\u0259nd\u0259bil, \u015e\u0131xba\u011f\u0131, A\u011faba\u011f\u0131, N\u0259z\u0259ral\u0131l\u0131, Sileyli, \u00c7ilovxanl\u0131 k\u0259ndl\u0259rin\u0259 v\u0259 B\u0259yimli q\u0259s\u0259b\u0259sin\u0259 qaz x\u0259ttinin \u00e7\u0259kilm\u0259sini, Z\u0259rdab \u015f\u0259h\u0259ri \u0259razisind\u0259 \u00e7\u0259kili\u015fi ba\u015flayan, lakin sonradan tikintisi dayanm\u0131\u015f kanalizasiya x\u0259ttinin tikintisinin davam etdirilm\u0259sini, Q\u0259zal\u0131 v\u0259ziyy\u0259td\u0259 olan Tarix-Diyar\u015f\u00fcnasl\u0131q muzeyi \u00fc\u00e7\u00fcn yeni binan\u0131n tikilm\u0259si v\u0259 rayon M\u0259d\u0259niyy\u0259t Evinin t\u0259mir olunmas\u0131n\u0131, Deputat\u0131 oldu\u011fum Ucar rayonunun da B\u0259rg\u00fc\u015fad v\u0259 L\u0259k k\u0259ndl\u0259rind\u0259 b\u0259rbad v\u0259ziyy\u0259td\u0259 olan M\u0259d\u0259niyy\u0259t Evinin \u0259sasl\u0131 t\u0259mirini, L\u0259k k\u0259ndind\u0259 m\u0259kt\u0259b qazanxanalar\u0131n\u0131n qazla t\u0259minini, B\u0259rg\u00fc\u015fad k\u0259ndind\u0259 qaz x\u0259ttinin \u00e7\u0259kili\u015fi i\u015fl\u0259rinin s\u00fcr\u0259tl\u0259ndirilm\u0259sini, h\u0259min k\u0259ndd\u0259 1961-ci ild\u0259 \u00e7\u0259kilmi\u015f, q\u0259zal\u0131 v\u0259ziyy\u0259td\u0259 olan elektrik x\u0259ttinin v\u0259 dir\u0259yinin yenil\u0259nm\u0259sini xahi\u015f edir\u0259m. Sonda h\u0259r birinizin qar\u015f\u0131dan g\u0259l\u0259n Novruz bayram\u0131n\u0131 t\u0259brik edir, d\u00f6vl\u0259timiz\u0259, xalq\u0131m\u0131za, mill\u0259timiz\u0259 xeyirli, u\u011furlu olmas\u0131n\u0131 arzulay\u0131ram&#8221;.<\/p>\n","protected":false},"excerpt":{"rendered":"<p>Milli M\u0259clisd\u0259 Nazirl\u0259r Kabinetinin f\u0259aliyy\u0259ti haqq\u0131nda hesabat\u0131n m\u00fczakir\u0259si zaman\u0131 mill\u0259t v\u0259kilimiz, Milli M\u0259clisin M\u0259d\u0259niyy\u0259t Komit\u0259sinin s\u0259dr m\u00fcavini Jal\u0259 \u018fliyeva\u00a0 \u00e7\u0131x\u0131\u015f edib. Zerdab.com sayt\u0131 mill\u0259t v\u0259kilimizin \u00e7\u0131x\u0131\u015f\u0131n\u0131 t\u0259qdim edir: &#8220;H\u00f6rm\u0259tli s\u0259dr, h\u00f6rm\u0259tli Ba\u015f nazir v\u0259 h\u00f6k\u00fcm\u0259t \u00fczvl\u0259ri, h\u00f6rm\u0259tli h\u0259mkarlar, Nazirl\u0259r Kabinetinin m\u00fczakir\u0259 etm\u0259kd\u0259 oldu\u011fumuz hesabat\u0131 \u00f6lk\u0259mizin daha\u00a0 g\u00fccl\u00fc olmas\u0131n\u0131, xalq\u0131m\u0131z\u0131n daha firavan ya\u015famas\u0131n\u0131 h\u0259d\u0259fl\u0259y\u0259n d\u00f6vl\u0259t siyas\u0259tini [&hellip;]<\/p>\n","protected":false},"author":1,"featured_media":0,"comment_status":"open","ping_status":"open","sticky":false,"template":"","format":"standard","meta":{"footnotes":""},"categories":[21],"tags":[],"class_list":{"0":"post-24357","1":"post","2":"type-post","3":"status-publish","4":"format-standard","6":"category-zrdab"},"yoast_head":"<!-- This site is optimized with the Yoast SEO plugin v27.0 - https:\/\/yoast.com\/product\/yoast-seo-wordpress\/ -->\n<title>Mill\u0259t v\u0259kilimiz Jal\u0259 \u018fliyeva Nazirl\u0259r Kabinetinin hesabat\u0131nda Z\u0259rdab\u0131n probleml\u0259rini g\u00fcnd\u0259m\u0259 g\u0259tirdi - Z\u0259rdab.com<\/title>\n<meta name=\"robots\" content=\"index, follow, max-snippet:-1, max-image-preview:large, max-video-preview:-1\" \/>\n<link rel=\"canonical\" href=\"https:\/\/www.zerdab.com\/?p=24357\" \/>\n<meta property=\"og:locale\" content=\"az_AZ\" \/>\n<meta property=\"og:type\" content=\"article\" \/>\n<meta property=\"og:title\" content=\"Mill\u0259t v\u0259kilimiz Jal\u0259 \u018fliyeva Nazirl\u0259r Kabinetinin hesabat\u0131nda Z\u0259rdab\u0131n probleml\u0259rini g\u00fcnd\u0259m\u0259 g\u0259tirdi - Z\u0259rdab.com\" \/>\n<meta property=\"og:description\" content=\"Milli M\u0259clisd\u0259 Nazirl\u0259r Kabinetinin f\u0259aliyy\u0259ti haqq\u0131nda hesabat\u0131n m\u00fczakir\u0259si zaman\u0131 mill\u0259t v\u0259kilimiz, Milli M\u0259clisin M\u0259d\u0259niyy\u0259t Komit\u0259sinin s\u0259dr m\u00fcavini Jal\u0259 \u018fliyeva\u00a0 \u00e7\u0131x\u0131\u015f edib. Zerdab.com sayt\u0131 mill\u0259t v\u0259kilimizin \u00e7\u0131x\u0131\u015f\u0131n\u0131 t\u0259qdim edir: &#8220;H\u00f6rm\u0259tli s\u0259dr, h\u00f6rm\u0259tli Ba\u015f nazir v\u0259 h\u00f6k\u00fcm\u0259t \u00fczvl\u0259ri, h\u00f6rm\u0259tli h\u0259mkarlar, Nazirl\u0259r Kabinetinin m\u00fczakir\u0259 etm\u0259kd\u0259 oldu\u011fumuz hesabat\u0131 \u00f6lk\u0259mizin daha\u00a0 g\u00fccl\u00fc olmas\u0131n\u0131, xalq\u0131m\u0131z\u0131n daha firavan ya\u015famas\u0131n\u0131 h\u0259d\u0259fl\u0259y\u0259n d\u00f6vl\u0259t siyas\u0259tini [&hellip;]\" \/>\n<meta property=\"og:url\" content=\"https:\/\/www.zerdab.com\/?p=24357\" \/>\n<meta property=\"og:site_name\" content=\"Z\u0259rdab.com\" \/>\n<meta property=\"article:published_time\" content=\"2017-04-01T10:56:25+00:00\" \/>\n<meta property=\"article:modified_time\" content=\"2017-04-01T11:10:26+00:00\" \/>\n<meta name=\"author\" content=\"admin\" \/>\n<meta name=\"twitter:card\" content=\"summary_large_image\" \/>\n<meta name=\"twitter:label1\" content=\"Written by\" \/>\n\t<meta name=\"twitter:data1\" content=\"admin\" \/>\n\t<meta name=\"twitter:label2\" content=\"Est. reading time\" \/>\n\t<meta name=\"twitter:data2\" content=\"8 minutes\" \/>\n<script type=\"application\/ld+json\" class=\"yoast-schema-graph\">{\"@context\":\"https:\/\/schema.org\",\"@graph\":[{\"@type\":\"Article\",\"@id\":\"https:\/\/www.zerdab.com\/?p=24357#article\",\"isPartOf\":{\"@id\":\"https:\/\/www.zerdab.com\/?p=24357\"},\"author\":{\"name\":\"admin\",\"@id\":\"https:\/\/www.zerdab.com\/#\/schema\/person\/97079b7570c1e89ec0d9e138c3672136\"},\"headline\":\"Mill\u0259t v\u0259kilimiz Jal\u0259 \u018fliyeva Nazirl\u0259r Kabinetinin hesabat\u0131nda Z\u0259rdab\u0131n probleml\u0259rini g\u00fcnd\u0259m\u0259 g\u0259tirdi\",\"datePublished\":\"2017-04-01T10:56:25+00:00\",\"dateModified\":\"2017-04-01T11:10:26+00:00\",\"mainEntityOfPage\":{\"@id\":\"https:\/\/www.zerdab.com\/?p=24357\"},\"wordCount\":1674,\"commentCount\":0,\"articleSection\":[\"C\u018fM\u0130YY\u018fT\"],\"inLanguage\":\"az\",\"potentialAction\":[{\"@type\":\"CommentAction\",\"name\":\"Comment\",\"target\":[\"https:\/\/www.zerdab.com\/?p=24357#respond\"]}]},{\"@type\":\"WebPage\",\"@id\":\"https:\/\/www.zerdab.com\/?p=24357\",\"url\":\"https:\/\/www.zerdab.com\/?p=24357\",\"name\":\"Mill\u0259t v\u0259kilimiz Jal\u0259 \u018fliyeva Nazirl\u0259r Kabinetinin hesabat\u0131nda Z\u0259rdab\u0131n probleml\u0259rini g\u00fcnd\u0259m\u0259 g\u0259tirdi - Z\u0259rdab.com\",\"isPartOf\":{\"@id\":\"https:\/\/www.zerdab.com\/#website\"},\"datePublished\":\"2017-04-01T10:56:25+00:00\",\"dateModified\":\"2017-04-01T11:10:26+00:00\",\"author\":{\"@id\":\"https:\/\/www.zerdab.com\/#\/schema\/person\/97079b7570c1e89ec0d9e138c3672136\"},\"breadcrumb\":{\"@id\":\"https:\/\/www.zerdab.com\/?p=24357#breadcrumb\"},\"inLanguage\":\"az\",\"potentialAction\":[{\"@type\":\"ReadAction\",\"target\":[\"https:\/\/www.zerdab.com\/?p=24357\"]}]},{\"@type\":\"BreadcrumbList\",\"@id\":\"https:\/\/www.zerdab.com\/?p=24357#breadcrumb\",\"itemListElement\":[{\"@type\":\"ListItem\",\"position\":1,\"name\":\"Home\",\"item\":\"https:\/\/www.zerdab.com\/\"},{\"@type\":\"ListItem\",\"position\":2,\"name\":\"Mill\u0259t v\u0259kilimiz Jal\u0259 \u018fliyeva Nazirl\u0259r Kabinetinin hesabat\u0131nda Z\u0259rdab\u0131n probleml\u0259rini g\u00fcnd\u0259m\u0259 g\u0259tirdi\"}]},{\"@type\":\"WebSite\",\"@id\":\"https:\/\/www.zerdab.com\/#website\",\"url\":\"https:\/\/www.zerdab.com\/\",\"name\":\"Z\u0259rdab.com\",\"description\":\"\",\"potentialAction\":[{\"@type\":\"SearchAction\",\"target\":{\"@type\":\"EntryPoint\",\"urlTemplate\":\"https:\/\/www.zerdab.com\/?s={search_term_string}\"},\"query-input\":{\"@type\":\"PropertyValueSpecification\",\"valueRequired\":true,\"valueName\":\"search_term_string\"}}],\"inLanguage\":\"az\"},{\"@type\":\"Person\",\"@id\":\"https:\/\/www.zerdab.com\/#\/schema\/person\/97079b7570c1e89ec0d9e138c3672136\",\"name\":\"admin\",\"image\":{\"@type\":\"ImageObject\",\"inLanguage\":\"az\",\"@id\":\"https:\/\/www.zerdab.com\/#\/schema\/person\/image\/\",\"url\":\"https:\/\/secure.gravatar.com\/avatar\/d9c52a9a27c32119cb6679a077fa3e2779e5f822c451cbf01098004361d466ec?s=96&d=mm&r=g\",\"contentUrl\":\"https:\/\/secure.gravatar.com\/avatar\/d9c52a9a27c32119cb6679a077fa3e2779e5f822c451cbf01098004361d466ec?s=96&d=mm&r=g\",\"caption\":\"admin\"},\"url\":\"https:\/\/www.zerdab.com\/?author=1\"}]}<\/script>\n<!-- \/ Yoast SEO plugin. -->","yoast_head_json":{"title":"Mill\u0259t v\u0259kilimiz Jal\u0259 \u018fliyeva Nazirl\u0259r Kabinetinin hesabat\u0131nda Z\u0259rdab\u0131n probleml\u0259rini g\u00fcnd\u0259m\u0259 g\u0259tirdi - Z\u0259rdab.com","robots":{"index":"index","follow":"follow","max-snippet":"max-snippet:-1","max-image-preview":"max-image-preview:large","max-video-preview":"max-video-preview:-1"},"canonical":"https:\/\/www.zerdab.com\/?p=24357","og_locale":"az_AZ","og_type":"article","og_title":"Mill\u0259t v\u0259kilimiz Jal\u0259 \u018fliyeva Nazirl\u0259r Kabinetinin hesabat\u0131nda Z\u0259rdab\u0131n probleml\u0259rini g\u00fcnd\u0259m\u0259 g\u0259tirdi - Z\u0259rdab.com","og_description":"Milli M\u0259clisd\u0259 Nazirl\u0259r Kabinetinin f\u0259aliyy\u0259ti haqq\u0131nda hesabat\u0131n m\u00fczakir\u0259si zaman\u0131 mill\u0259t v\u0259kilimiz, Milli M\u0259clisin M\u0259d\u0259niyy\u0259t Komit\u0259sinin s\u0259dr m\u00fcavini Jal\u0259 \u018fliyeva\u00a0 \u00e7\u0131x\u0131\u015f edib. Zerdab.com sayt\u0131 mill\u0259t v\u0259kilimizin \u00e7\u0131x\u0131\u015f\u0131n\u0131 t\u0259qdim edir: &#8220;H\u00f6rm\u0259tli s\u0259dr, h\u00f6rm\u0259tli Ba\u015f nazir v\u0259 h\u00f6k\u00fcm\u0259t \u00fczvl\u0259ri, h\u00f6rm\u0259tli h\u0259mkarlar, Nazirl\u0259r Kabinetinin m\u00fczakir\u0259 etm\u0259kd\u0259 oldu\u011fumuz hesabat\u0131 \u00f6lk\u0259mizin daha\u00a0 g\u00fccl\u00fc olmas\u0131n\u0131, xalq\u0131m\u0131z\u0131n daha firavan ya\u015famas\u0131n\u0131 h\u0259d\u0259fl\u0259y\u0259n d\u00f6vl\u0259t siyas\u0259tini [&hellip;]","og_url":"https:\/\/www.zerdab.com\/?p=24357","og_site_name":"Z\u0259rdab.com","article_published_time":"2017-04-01T10:56:25+00:00","article_modified_time":"2017-04-01T11:10:26+00:00","author":"admin","twitter_card":"summary_large_image","twitter_misc":{"Written by":"admin","Est. reading time":"8 minutes"},"schema":{"@context":"https:\/\/schema.org","@graph":[{"@type":"Article","@id":"https:\/\/www.zerdab.com\/?p=24357#article","isPartOf":{"@id":"https:\/\/www.zerdab.com\/?p=24357"},"author":{"name":"admin","@id":"https:\/\/www.zerdab.com\/#\/schema\/person\/97079b7570c1e89ec0d9e138c3672136"},"headline":"Mill\u0259t v\u0259kilimiz Jal\u0259 \u018fliyeva Nazirl\u0259r Kabinetinin hesabat\u0131nda Z\u0259rdab\u0131n probleml\u0259rini g\u00fcnd\u0259m\u0259 g\u0259tirdi","datePublished":"2017-04-01T10:56:25+00:00","dateModified":"2017-04-01T11:10:26+00:00","mainEntityOfPage":{"@id":"https:\/\/www.zerdab.com\/?p=24357"},"wordCount":1674,"commentCount":0,"articleSection":["C\u018fM\u0130YY\u018fT"],"inLanguage":"az","potentialAction":[{"@type":"CommentAction","name":"Comment","target":["https:\/\/www.zerdab.com\/?p=24357#respond"]}]},{"@type":"WebPage","@id":"https:\/\/www.zerdab.com\/?p=24357","url":"https:\/\/www.zerdab.com\/?p=24357","name":"Mill\u0259t v\u0259kilimiz Jal\u0259 \u018fliyeva Nazirl\u0259r Kabinetinin hesabat\u0131nda Z\u0259rdab\u0131n probleml\u0259rini g\u00fcnd\u0259m\u0259 g\u0259tirdi - Z\u0259rdab.com","isPartOf":{"@id":"https:\/\/www.zerdab.com\/#website"},"datePublished":"2017-04-01T10:56:25+00:00","dateModified":"2017-04-01T11:10:26+00:00","author":{"@id":"https:\/\/www.zerdab.com\/#\/schema\/person\/97079b7570c1e89ec0d9e138c3672136"},"breadcrumb":{"@id":"https:\/\/www.zerdab.com\/?p=24357#breadcrumb"},"inLanguage":"az","potentialAction":[{"@type":"ReadAction","target":["https:\/\/www.zerdab.com\/?p=24357"]}]},{"@type":"BreadcrumbList","@id":"https:\/\/www.zerdab.com\/?p=24357#breadcrumb","itemListElement":[{"@type":"ListItem","position":1,"name":"Home","item":"https:\/\/www.zerdab.com\/"},{"@type":"ListItem","position":2,"name":"Mill\u0259t v\u0259kilimiz Jal\u0259 \u018fliyeva Nazirl\u0259r Kabinetinin hesabat\u0131nda Z\u0259rdab\u0131n probleml\u0259rini g\u00fcnd\u0259m\u0259 g\u0259tirdi"}]},{"@type":"WebSite","@id":"https:\/\/www.zerdab.com\/#website","url":"https:\/\/www.zerdab.com\/","name":"Z\u0259rdab.com","description":"","potentialAction":[{"@type":"SearchAction","target":{"@type":"EntryPoint","urlTemplate":"https:\/\/www.zerdab.com\/?s={search_term_string}"},"query-input":{"@type":"PropertyValueSpecification","valueRequired":true,"valueName":"search_term_string"}}],"inLanguage":"az"},{"@type":"Person","@id":"https:\/\/www.zerdab.com\/#\/schema\/person\/97079b7570c1e89ec0d9e138c3672136","name":"admin","image":{"@type":"ImageObject","inLanguage":"az","@id":"https:\/\/www.zerdab.com\/#\/schema\/person\/image\/","url":"https:\/\/secure.gravatar.com\/avatar\/d9c52a9a27c32119cb6679a077fa3e2779e5f822c451cbf01098004361d466ec?s=96&d=mm&r=g","contentUrl":"https:\/\/secure.gravatar.com\/avatar\/d9c52a9a27c32119cb6679a077fa3e2779e5f822c451cbf01098004361d466ec?s=96&d=mm&r=g","caption":"admin"},"url":"https:\/\/www.zerdab.com\/?author=1"}]}},"_links":{"self":[{"href":"https:\/\/www.zerdab.com\/index.php?rest_route=\/wp\/v2\/posts\/24357","targetHints":{"allow":["GET"]}}],"collection":[{"href":"https:\/\/www.zerdab.com\/index.php?rest_route=\/wp\/v2\/posts"}],"about":[{"href":"https:\/\/www.zerdab.com\/index.php?rest_route=\/wp\/v2\/types\/post"}],"author":[{"embeddable":true,"href":"https:\/\/www.zerdab.com\/index.php?rest_route=\/wp\/v2\/users\/1"}],"replies":[{"embeddable":true,"href":"https:\/\/www.zerdab.com\/index.php?rest_route=%2Fwp%2Fv2%2Fcomments&post=24357"}],"version-history":[{"count":5,"href":"https:\/\/www.zerdab.com\/index.php?rest_route=\/wp\/v2\/posts\/24357\/revisions"}],"predecessor-version":[{"id":24365,"href":"https:\/\/www.zerdab.com\/index.php?rest_route=\/wp\/v2\/posts\/24357\/revisions\/24365"}],"wp:attachment":[{"href":"https:\/\/www.zerdab.com\/index.php?rest_route=%2Fwp%2Fv2%2Fmedia&parent=24357"}],"wp:term":[{"taxonomy":"category","embeddable":true,"href":"https:\/\/www.zerdab.com\/index.php?rest_route=%2Fwp%2Fv2%2Fcategories&post=24357"},{"taxonomy":"post_tag","embeddable":true,"href":"https:\/\/www.zerdab.com\/index.php?rest_route=%2Fwp%2Fv2%2Ftags&post=24357"}],"curies":[{"name":"wp","href":"https:\/\/api.w.org\/{rel}","templated":true}]}}