{"id":24407,"date":"2017-04-07T14:05:03","date_gmt":"2017-04-07T10:05:03","guid":{"rendered":"http:\/\/www.zerdab.com\/?p=24407"},"modified":"2017-04-07T14:08:37","modified_gmt":"2017-04-07T10:08:37","slug":"z%c9%99rdabli-polkovnik-leytenant-els%c9%99n-qarayev-yaralandim-amma-s%c9%99hidl%c9%99rimizin-c%c9%99naz%c9%99l%c9%99rini-cixara-bildim","status":"publish","type":"post","link":"https:\/\/www.zerdab.com\/?p=24407","title":{"rendered":"Z\u0259rdabl\u0131 polkovnik-leytenant El\u015f\u0259n Qarayev: &#8220;Yaraland\u0131m, amma \u015f\u0259hidl\u0259rimizin c\u0259naz\u0259l\u0259rini \u00e7\u0131xara bildim&#8221;"},"content":{"rendered":"<p>L\u0259l\u0259t\u0259p\u0259 y\u00fcks\u0259kliyind\u0259 \u00fc\u00e7r\u0259ngli bayra\u011f\u0131m\u0131z\u0131n ucald\u0131lmas\u0131n\u0131n bir ili tamam olur. Az\u0259rbaycan\u0131n h\u0259rb tarixin\u0259 q\u0131z\u0131l h\u0259rfl\u0259rl\u0259 yaz\u0131lan L\u0259l\u0259t\u0259p\u0259 d\u00f6y\u00fc\u015f\u00fc V\u0259t\u0259n \u00f6vladlar\u0131n\u0131n qan\u0131 bahas\u0131na q\u0259l\u0259b\u0259 il\u0259 n\u0259tic\u0259l\u0259nib. <span style=\"color: #ff0000;\"><strong>Zerdab.com<\/strong><\/span> sayt\u0131 APATV-\u0259 istinad\u0259n bildirir ki, o d\u00f6y\u00fc\u015fl\u0259rin canl\u0131 \u015fahidl\u0259rind\u0259n polkovnik-leytenant El\u015f\u0259n Qarayevin 44 ya\u015f\u0131 var. \u00d6mr\u00fcn\u00fcn 25 ilini h\u0259rbi xidm\u0259td\u0259 olub. C\u0259bh\u0259nin \u0259n qaynar n\u00f6qt\u0259l\u0259rind\u0259 V\u0259t\u0259n torpa\u011f\u0131n\u0131n ke\u015fiyind\u0259 durub: &#8220;25 illik h\u0259rb yolu ke\u00e7mi\u015f\u0259m. M\u0259z\u0259m d\u00f6y\u00fc\u015fl\u0259rind\u0259, Maralda\u011f \u0259m\u0259liyyat\u0131nda i\u015ftirak etmi\u015f\u0259m, \u0130nalda\u011fda, Da\u015fk\u0259s\u0259n \u0259razisind\u0259 erm\u0259nil\u0259rin \u0259sir g\u00f6t\u00fcr\u00fcb \u00f6ld\u00fcrd\u00fckl\u0259ri \u015f\u0259hidl\u0259rimizin c\u0259naz\u0259l\u0259rinin \u00e7\u0131xar\u0131lmas\u0131nda xidm\u0259tl\u0259rim olub. Orduda xidm\u0259t el\u0259diyim d\u00f6vrd\u0259 n\u0259yins\u0259 h\u0259mi\u015f\u0259 ilkini \u0259ld\u0259 etm\u0259y\u0259 \u00e7al\u0131\u015fm\u0131\u015fam. Silahl\u0131 Q\u00fcvv\u0259l\u0259rin ordu korpusunda birinci b\u00f6l\u00fck komandiri m\u0259n olmu\u015fam, Az\u0259rbaycanda ilk d\u0259f\u0259 olaraq ordu korpuslar\u0131nda yaranm\u0131\u015f taborlar\u0131n da ilk komandiri m\u0259n olmu\u015fam. \u00a023 ild\u0259n sonra L\u0259l\u0259t\u0259p\u0259 u\u011frunda ged\u0259n d\u00f6y\u00fc\u015fl\u0259rd\u0259 q\u0259l\u0259b\u0259 sevincini dadan da m\u0259n olmu\u015fam&#8221;.<\/p>\n<p>\u00d6z\u00fcn\u00fc xo\u015fb\u0259xt h\u0259rb\u00e7i adland\u0131ran El\u015f\u0259n Qarayev deyir ki, bu g\u00fcn Az\u0259rbaycan v\u0259t\u0259nda\u015flar\u0131n\u0131n i\u015f\u011faldan azad olunmu\u015f L\u0259l\u0259t\u0259p\u0259y\u0259 ayaq basmas\u0131 onun sevincini daha \u00a0da art\u0131r\u0131r: &#8220;Aprelin 1-d\u0259 gec\u0259 saat 5-d\u0259 h\u00fccum \u0259mri ald\u0131q. O, an bizim \u00fc\u00e7\u00fcn d\u0259, \u0259sg\u0259rl\u0259rimiz \u00fc\u00e7\u00fcn d\u0259 o q\u0259d\u0259r sevincli oldu ki. Kimi deyib g\u00fcl\u00fcr, kimisi d\u00f6y\u00fc\u015fd\u0259n \u0259vv\u0259l r\u0259qs edirdi. Bilirsiniz \u00f6l\u00fcm\u0259 ba\u015fqa c\u00fcr getm\u0259k olmur, bu, ba\u015fqa hissdir. Bilirs\u0259n ki, hans\u0131sa q\u0259fil m\u0259rminin qurban\u0131 ola bil\u0259rs\u0259n, amma \u00f6l\u00fcm\u0259 yen\u0259 sevin\u0259-sevin\u0259 gedirs\u0259n. El\u0259 bu sevincl\u0259, \u0259zml\u0259 c\u0259mi 3-4 saat\u0131 \u0259rzind\u0259 o boyda L\u0259l\u0259t\u0259p\u0259 y\u00fcks\u0259kliyini geri ald\u0131q&#8221;.<\/p>\n<p>D\u00f6y\u00fc\u015fd\u0259 \u015f\u0259hid olan zabit v\u0259 \u0259sg\u0259rl\u0259rimizin n\u0259\u015fini d\u00f6y\u00fc\u015f b\u00f6lg\u0259sind\u0259n El\u015f\u0259n Qarayev \u00e7\u0131xar\u0131b: &#8220;General B\u0259rxudarov tap\u015f\u0131r\u0131q verdi ki, \u015f\u0259hidl\u0259rimizin c\u0259naz\u0259si he\u00e7 bir x\u0259l\u0259l g\u0259lm\u0259d\u0259n d\u00f6y\u00fc\u015f b\u00f6lg\u0259sind\u0259n \u00e7\u0131xar\u0131lmal\u0131d\u0131r. M\u0259n d\u0259 tap\u015f\u0131r\u0131qdan d\u0259rhal sonra onlar\u0131n n\u0259\u015fini \u00e7\u0131xarma\u011fa yolland\u0131m. Qay\u0131danda ma\u015f\u0131n minaya d\u00fc\u015fd\u00fc. Q\u0131z\u011f\u0131n d\u00f6y\u00fc\u015f ged\u0259n \u0259razid\u0259n \u015f\u0259hidl\u0259rimizin c\u0259naz\u0259l\u0259rini g\u00fcll\u0259 ya\u011f\u0131\u015f\u0131 alt\u0131nda \u00e7\u0131xard\u0131q. Qay\u0131danda s\u00fcr\u00fcc\u00fcy\u0259 &#8220;dayan, qar\u015f\u0131da mina var&#8221; des\u0259m d\u0259, art\u0131q gec idi. Biz minaya d\u00fc\u015fd\u00fck. Qap\u0131 a\u00e7\u0131ld\u0131, m\u0259n y\u0131x\u0131ld\u0131m, amma \u015f\u0259hidl\u0259rimizin n\u0259\u015fin\u0259 he\u00e7 bir x\u0259l\u0259l g\u0259lm\u0259di. \u00d6z\u00fcm d\u0259 birinci d\u0259f\u0259 y\u00fcng\u00fcl x\u0259sar\u0259t ald\u0131m&#8221;.<\/p>\n<p>L\u0259l\u0259t\u0259p\u0259 y\u00fcks\u0259kliyi qaytar\u0131ld\u0131qdan sonra o y\u00fcks\u0259kliy\u0259 v\u0259 i\u015f\u011faldan azad olunmu\u015f dig\u0259r y\u00fcks\u0259klikl\u0259r\u0259 Az\u0259rbaycan bayra\u011f\u0131n\u0131n sanc\u0131lmas\u0131 \u00fc\u00e7\u00fcn El\u015f\u0259n Qarayev v\u0259 dig\u0259r hey\u0259t \u00fczvl\u0259ri s\u0259f\u0259rb\u0259r olublar: &#8220;Aprel d\u00f6y\u00fc\u015fl\u0259rinin Qaraba\u011f d\u00f6y\u00fc\u015fl\u0259rind\u0259n f\u0259rqi o idi ki, zabitl\u0259r \u0259sg\u0259rl\u0259rin yan\u0131nda idi. B\u00fct\u00fcn komandirl\u0259r \u0259sg\u0259rl\u0259rin yan\u0131nda idi. Siz ir\u0259li gedin, biz arxaday\u0131q dey\u0259 s\u00f6z yox idi. \u0130nan\u0131n \u0259sg\u0259rl\u0259ri g\u00fccl\u0259 saxlam\u0131\u015fd\u0131q. \u018fks\u0259r u\u015faqlar 8-9 ay\u0131n \u0259sg\u0259rl\u0259ri idi, ham\u0131s\u0131 d\u00f6y\u00fc\u015f\u0259 haz\u0131r idi. Onlar\u0131 zorla ir\u0259li getm\u0259y\u0259 qoymad\u0131q. \u018fsg\u0259rl\u0259r dayanmaq ist\u0259mirdi, deyirdil\u0259r f\u00fcrs\u0259tdir, komandir, ged\u0259k torpaqlar\u0131m\u0131z\u0131 geri alaq. Erm\u0259ni \u0259sg\u0259ri arxaya qa\u00e7\u0131rd\u0131. Bizd\u0259 pilotsuz u\u00e7u\u015f aparatlar\u0131 y\u00fcks\u0259klikd\u0259n h\u0259min kadrlar\u0131 \u00e7\u0259kib, he\u00e7 kim dayanm\u0131rd\u0131, yuxar\u0131 qalx\u0131rd\u0131. D\u00f6y\u00fc\u015f\u0259 qo\u015fulmaq \u00fc\u00e7\u00fcn k\u00f6hn\u0259 d\u00f6y\u00fc\u015f\u00e7\u00fcl\u0259r, m\u00fclki \u0259hali d\u0259 s\u0259f\u0259rb\u0259r olmu\u015fdu. Polis postlar\u0131nda onlar\u0131 saxlad\u0131lar ki, h\u0259l\u0259lik siz\u0259 ehtiyac yoxdur&#8221;.<\/p>\n<p>D\u00f6y\u00fc\u015fl\u0259rd\u0259 ikinci d\u0259f\u0259 minaya d\u00fc\u015f\u0259n polkovnik-leytenant El\u015f\u0259n Qarayev bu d\u0259f\u0259 d\u0259 y\u00fcng\u00fcl x\u0259sar\u0259tl\u0259 qurtar\u0131r, amma \u00fc\u00e7\u00fcnc\u00fc m\u0259rmid\u0259n qoruna bilmir. Aprelin 2-d\u0259 gec\u0259 d\u00f6y\u00fc\u015f\u00fcn \u0259n qaynar saatlar\u0131nda yaralanm\u0131\u015f gizirin arxas\u0131nca ged\u0259n El\u015f\u0259n Qarayev onu dig\u0259r zabit yolda\u015f\u0131 il\u0259 h\u0259rbi hospitala yola salma\u011fa nail olur. Q\u0131z\u011f\u0131n d\u00f6y\u00fc\u015fl\u0259r is\u0259 sabaha kimi davam edir: &#8220;Gec\u0259 04.00 rad\u0259l\u0259rind\u0259 minaya d\u00fc\u015fd\u00fcm. Tabeliyimd\u0259 olan b\u00fct\u00fcn hey\u0259ti texnikan\u0131n \u00fcst\u00fcn\u0259 qald\u0131rm\u0131\u015fd\u0131m ki, ill\u0259rl\u0259 bu \u0259razil\u0259r erm\u0259nil\u0259rd\u0259 olub, oralarda minalar basd\u0131r\u0131l\u0131b, qorxdum ki, u\u015faqlara bir \u015fey olar. Amma \u00f6z\u00fcm minaya d\u00fc\u015fd\u00fcm. \u0130lk g\u00f6z\u00fcm\u00fcn \u00f6n\u00fcn\u0259 o\u011flum g\u0259ldi. Dedim Cavidana n\u0259 cavab ver\u0259r\u0259m. \u00d6z k\u0259m\u0259riml\u0259 d\u0259rhal aya\u011f\u0131m\u0131 ba\u011flad\u0131m. Silah\u0131m\u0131 doldurdum. Zabitl\u0259ri \u00e7a\u011f\u0131rd\u0131m ki, mina axtaranla m\u0259nim yan\u0131ma qay\u0131ts\u0131nlar. T\u0259cili yard\u0131ma z\u0259ng el\u0259dim, qanaxma dayanm\u0131rd\u0131, amma hu\u015fumu itirm\u0259mi\u015fdim. Dedim ki, aya\u011f\u0131m gedib&#8221;.<\/p>\n<p>El\u015f\u0259n Qarayev d\u00f6y\u00fc\u015f ba\u015flayan andan erm\u0259nil\u0259rin \u00e7oxlu sayda itkil\u0259r verdiyini deyir: &#8220;El\u0259 ilk d\u0259qiq\u0259l\u0259rd\u0259n qar\u015f\u0131 t\u0259r\u0259f itki verdi. L\u0259l\u0259t\u0259p\u0259d\u0259 ilk g\u00fcll\u0259 at\u0131landan t\u0259xmin\u0259n bir ne\u00e7\u0259 d\u0259qiq\u0259 sonra Az\u0259rbaycan ordusu erm\u0259ni s\u0259ng\u0259rind\u0259 idi. Biz onlarla el\u0259 s\u0259ng\u0259rd\u0259 d\u00f6y\u00fc\u015fd\u00fck. Onlar s\u0259ng\u0259rd\u0259n q\u0131ra\u011fa g\u00fcll\u0259 ata bilm\u0259dil\u0259r. Erm\u0259ni g\u00f6z\u00fcn\u00fc a\u00e7a bilmirdi, he\u00e7 15 d\u0259qiq\u0259 olmam\u0131\u015fd\u0131, 20 erm\u0259ni le\u015fi saym\u0131\u015fd\u0131q&#8221;.<\/p>\n<p>Aprel d\u00f6y\u00fc\u015fl\u0259rind\u0259 aya\u011f\u0131n\u0131 itir\u0259n El\u015f\u0259n Qarayevin ail\u0259sind\u0259 g\u0259l\u0259c\u0259yin \u0259sg\u0259ri Cavidan adl\u0131 ovlad\u0131 b\u00f6y\u00fcy\u00fcr. Atas\u0131 il\u0259 q\u00fcrur duyan Cavidan deyir ki, h\u0259rb\u00e7i o\u011flu olmaq h\u0259m m\u0259suliyy\u0259tli, h\u0259m \u015f\u0259r\u0259flidir.<\/p>\n<p>Aprel d\u00f6y\u00fc\u015fl\u0259rind\u0259 g\u00f6st\u0259rdiyi \u015f\u00fcca\u0259t\u0259 g\u00f6r\u0259 El\u015f\u0259n Qarayev\u00a0 &#8220;V\u0259t\u0259n u\u011frunda&#8221; medal\u0131, birinci, ikinci q\u00fcsursuz medallar v\u0259 m\u00fcxt\u0259lif yubiley medallar\u0131 il\u0259 t\u0259ltif olunub.<\/p>\n<div class=\"youtube-embed\" data-video_id=\"YSa23QrQ0WI\"><iframe loading=\"lazy\" width=\"696\" height=\"392\" src=\"https:\/\/www.youtube.com\/embed\/YSa23QrQ0WI?feature=oembed&#038;enablejsapi=1\" frameborder=\"0\" gesture=\"media\" allowfullscreen><\/iframe><\/div>\n","protected":false},"excerpt":{"rendered":"<p>L\u0259l\u0259t\u0259p\u0259 y\u00fcks\u0259kliyind\u0259 \u00fc\u00e7r\u0259ngli bayra\u011f\u0131m\u0131z\u0131n ucald\u0131lmas\u0131n\u0131n bir ili tamam olur. Az\u0259rbaycan\u0131n h\u0259rb tarixin\u0259 q\u0131z\u0131l h\u0259rfl\u0259rl\u0259 yaz\u0131lan L\u0259l\u0259t\u0259p\u0259 d\u00f6y\u00fc\u015f\u00fc V\u0259t\u0259n \u00f6vladlar\u0131n\u0131n qan\u0131 bahas\u0131na q\u0259l\u0259b\u0259 il\u0259 n\u0259tic\u0259l\u0259nib. Zerdab.com sayt\u0131 APATV-\u0259 istinad\u0259n bildirir ki, o d\u00f6y\u00fc\u015fl\u0259rin canl\u0131 \u015fahidl\u0259rind\u0259n polkovnik-leytenant El\u015f\u0259n Qarayevin 44 ya\u015f\u0131 var. \u00d6mr\u00fcn\u00fcn 25 ilini h\u0259rbi xidm\u0259td\u0259 olub. C\u0259bh\u0259nin \u0259n qaynar n\u00f6qt\u0259l\u0259rind\u0259 V\u0259t\u0259n torpa\u011f\u0131n\u0131n ke\u015fiyind\u0259 durub: &#8220;25 [&hellip;]<\/p>\n","protected":false},"author":1,"featured_media":0,"comment_status":"open","ping_status":"open","sticky":false,"template":"","format":"standard","meta":{"footnotes":""},"categories":[7],"tags":[],"class_list":{"0":"post-24407","1":"post","2":"type-post","3":"status-publish","4":"format-standard","6":"category-ziyalilar"},"yoast_head":"<!-- This site is optimized with the Yoast SEO plugin v27.0 - https:\/\/yoast.com\/product\/yoast-seo-wordpress\/ -->\n<title>Z\u0259rdabl\u0131 polkovnik-leytenant El\u015f\u0259n Qarayev: &quot;Yaraland\u0131m, amma \u015f\u0259hidl\u0259rimizin c\u0259naz\u0259l\u0259rini \u00e7\u0131xara bildim&quot; - Z\u0259rdab.com<\/title>\n<meta name=\"robots\" content=\"index, follow, max-snippet:-1, max-image-preview:large, max-video-preview:-1\" \/>\n<link rel=\"canonical\" href=\"https:\/\/www.zerdab.com\/?p=24407\" \/>\n<meta property=\"og:locale\" content=\"az_AZ\" \/>\n<meta property=\"og:type\" content=\"article\" \/>\n<meta property=\"og:title\" content=\"Z\u0259rdabl\u0131 polkovnik-leytenant El\u015f\u0259n Qarayev: &quot;Yaraland\u0131m, amma \u015f\u0259hidl\u0259rimizin c\u0259naz\u0259l\u0259rini \u00e7\u0131xara bildim&quot; - Z\u0259rdab.com\" \/>\n<meta property=\"og:description\" content=\"L\u0259l\u0259t\u0259p\u0259 y\u00fcks\u0259kliyind\u0259 \u00fc\u00e7r\u0259ngli bayra\u011f\u0131m\u0131z\u0131n ucald\u0131lmas\u0131n\u0131n bir ili tamam olur. Az\u0259rbaycan\u0131n h\u0259rb tarixin\u0259 q\u0131z\u0131l h\u0259rfl\u0259rl\u0259 yaz\u0131lan L\u0259l\u0259t\u0259p\u0259 d\u00f6y\u00fc\u015f\u00fc V\u0259t\u0259n \u00f6vladlar\u0131n\u0131n qan\u0131 bahas\u0131na q\u0259l\u0259b\u0259 il\u0259 n\u0259tic\u0259l\u0259nib. Zerdab.com sayt\u0131 APATV-\u0259 istinad\u0259n bildirir ki, o d\u00f6y\u00fc\u015fl\u0259rin canl\u0131 \u015fahidl\u0259rind\u0259n polkovnik-leytenant El\u015f\u0259n Qarayevin 44 ya\u015f\u0131 var. \u00d6mr\u00fcn\u00fcn 25 ilini h\u0259rbi xidm\u0259td\u0259 olub. C\u0259bh\u0259nin \u0259n qaynar n\u00f6qt\u0259l\u0259rind\u0259 V\u0259t\u0259n torpa\u011f\u0131n\u0131n ke\u015fiyind\u0259 durub: &#8220;25 [&hellip;]\" \/>\n<meta property=\"og:url\" content=\"https:\/\/www.zerdab.com\/?p=24407\" \/>\n<meta property=\"og:site_name\" content=\"Z\u0259rdab.com\" \/>\n<meta property=\"article:published_time\" content=\"2017-04-07T10:05:03+00:00\" \/>\n<meta property=\"article:modified_time\" content=\"2017-04-07T10:08:37+00:00\" \/>\n<meta name=\"author\" content=\"admin\" \/>\n<meta name=\"twitter:card\" content=\"summary_large_image\" \/>\n<meta name=\"twitter:label1\" content=\"Written by\" \/>\n\t<meta name=\"twitter:data1\" content=\"admin\" \/>\n\t<meta name=\"twitter:label2\" content=\"Est. reading time\" \/>\n\t<meta name=\"twitter:data2\" content=\"6 minutes\" \/>\n<script type=\"application\/ld+json\" class=\"yoast-schema-graph\">{\"@context\":\"https:\/\/schema.org\",\"@graph\":[{\"@type\":\"Article\",\"@id\":\"https:\/\/www.zerdab.com\/?p=24407#article\",\"isPartOf\":{\"@id\":\"https:\/\/www.zerdab.com\/?p=24407\"},\"author\":{\"name\":\"admin\",\"@id\":\"https:\/\/www.zerdab.com\/#\/schema\/person\/97079b7570c1e89ec0d9e138c3672136\"},\"headline\":\"Z\u0259rdabl\u0131 polkovnik-leytenant El\u015f\u0259n Qarayev: &#8220;Yaraland\u0131m, amma \u015f\u0259hidl\u0259rimizin c\u0259naz\u0259l\u0259rini \u00e7\u0131xara bildim&#8221;\",\"datePublished\":\"2017-04-07T10:05:03+00:00\",\"dateModified\":\"2017-04-07T10:08:37+00:00\",\"mainEntityOfPage\":{\"@id\":\"https:\/\/www.zerdab.com\/?p=24407\"},\"wordCount\":1168,\"commentCount\":0,\"articleSection\":[\"F\u018fXRL\u018fR\u0130M\u0130Z\"],\"inLanguage\":\"az\",\"potentialAction\":[{\"@type\":\"CommentAction\",\"name\":\"Comment\",\"target\":[\"https:\/\/www.zerdab.com\/?p=24407#respond\"]}]},{\"@type\":\"WebPage\",\"@id\":\"https:\/\/www.zerdab.com\/?p=24407\",\"url\":\"https:\/\/www.zerdab.com\/?p=24407\",\"name\":\"Z\u0259rdabl\u0131 polkovnik-leytenant El\u015f\u0259n Qarayev: \\\"Yaraland\u0131m, amma \u015f\u0259hidl\u0259rimizin c\u0259naz\u0259l\u0259rini \u00e7\u0131xara bildim\\\" - Z\u0259rdab.com\",\"isPartOf\":{\"@id\":\"https:\/\/www.zerdab.com\/#website\"},\"datePublished\":\"2017-04-07T10:05:03+00:00\",\"dateModified\":\"2017-04-07T10:08:37+00:00\",\"author\":{\"@id\":\"https:\/\/www.zerdab.com\/#\/schema\/person\/97079b7570c1e89ec0d9e138c3672136\"},\"breadcrumb\":{\"@id\":\"https:\/\/www.zerdab.com\/?p=24407#breadcrumb\"},\"inLanguage\":\"az\",\"potentialAction\":[{\"@type\":\"ReadAction\",\"target\":[\"https:\/\/www.zerdab.com\/?p=24407\"]}]},{\"@type\":\"BreadcrumbList\",\"@id\":\"https:\/\/www.zerdab.com\/?p=24407#breadcrumb\",\"itemListElement\":[{\"@type\":\"ListItem\",\"position\":1,\"name\":\"Home\",\"item\":\"https:\/\/www.zerdab.com\/\"},{\"@type\":\"ListItem\",\"position\":2,\"name\":\"Z\u0259rdabl\u0131 polkovnik-leytenant El\u015f\u0259n Qarayev: &#8220;Yaraland\u0131m, amma \u015f\u0259hidl\u0259rimizin c\u0259naz\u0259l\u0259rini \u00e7\u0131xara bildim&#8221;\"}]},{\"@type\":\"WebSite\",\"@id\":\"https:\/\/www.zerdab.com\/#website\",\"url\":\"https:\/\/www.zerdab.com\/\",\"name\":\"Z\u0259rdab.com\",\"description\":\"\",\"potentialAction\":[{\"@type\":\"SearchAction\",\"target\":{\"@type\":\"EntryPoint\",\"urlTemplate\":\"https:\/\/www.zerdab.com\/?s={search_term_string}\"},\"query-input\":{\"@type\":\"PropertyValueSpecification\",\"valueRequired\":true,\"valueName\":\"search_term_string\"}}],\"inLanguage\":\"az\"},{\"@type\":\"Person\",\"@id\":\"https:\/\/www.zerdab.com\/#\/schema\/person\/97079b7570c1e89ec0d9e138c3672136\",\"name\":\"admin\",\"image\":{\"@type\":\"ImageObject\",\"inLanguage\":\"az\",\"@id\":\"https:\/\/www.zerdab.com\/#\/schema\/person\/image\/\",\"url\":\"https:\/\/secure.gravatar.com\/avatar\/d9c52a9a27c32119cb6679a077fa3e2779e5f822c451cbf01098004361d466ec?s=96&d=mm&r=g\",\"contentUrl\":\"https:\/\/secure.gravatar.com\/avatar\/d9c52a9a27c32119cb6679a077fa3e2779e5f822c451cbf01098004361d466ec?s=96&d=mm&r=g\",\"caption\":\"admin\"},\"url\":\"https:\/\/www.zerdab.com\/?author=1\"}]}<\/script>\n<!-- \/ Yoast SEO plugin. -->","yoast_head_json":{"title":"Z\u0259rdabl\u0131 polkovnik-leytenant El\u015f\u0259n Qarayev: \"Yaraland\u0131m, amma \u015f\u0259hidl\u0259rimizin c\u0259naz\u0259l\u0259rini \u00e7\u0131xara bildim\" - Z\u0259rdab.com","robots":{"index":"index","follow":"follow","max-snippet":"max-snippet:-1","max-image-preview":"max-image-preview:large","max-video-preview":"max-video-preview:-1"},"canonical":"https:\/\/www.zerdab.com\/?p=24407","og_locale":"az_AZ","og_type":"article","og_title":"Z\u0259rdabl\u0131 polkovnik-leytenant El\u015f\u0259n Qarayev: \"Yaraland\u0131m, amma \u015f\u0259hidl\u0259rimizin c\u0259naz\u0259l\u0259rini \u00e7\u0131xara bildim\" - Z\u0259rdab.com","og_description":"L\u0259l\u0259t\u0259p\u0259 y\u00fcks\u0259kliyind\u0259 \u00fc\u00e7r\u0259ngli bayra\u011f\u0131m\u0131z\u0131n ucald\u0131lmas\u0131n\u0131n bir ili tamam olur. Az\u0259rbaycan\u0131n h\u0259rb tarixin\u0259 q\u0131z\u0131l h\u0259rfl\u0259rl\u0259 yaz\u0131lan L\u0259l\u0259t\u0259p\u0259 d\u00f6y\u00fc\u015f\u00fc V\u0259t\u0259n \u00f6vladlar\u0131n\u0131n qan\u0131 bahas\u0131na q\u0259l\u0259b\u0259 il\u0259 n\u0259tic\u0259l\u0259nib. Zerdab.com sayt\u0131 APATV-\u0259 istinad\u0259n bildirir ki, o d\u00f6y\u00fc\u015fl\u0259rin canl\u0131 \u015fahidl\u0259rind\u0259n polkovnik-leytenant El\u015f\u0259n Qarayevin 44 ya\u015f\u0131 var. \u00d6mr\u00fcn\u00fcn 25 ilini h\u0259rbi xidm\u0259td\u0259 olub. C\u0259bh\u0259nin \u0259n qaynar n\u00f6qt\u0259l\u0259rind\u0259 V\u0259t\u0259n torpa\u011f\u0131n\u0131n ke\u015fiyind\u0259 durub: &#8220;25 [&hellip;]","og_url":"https:\/\/www.zerdab.com\/?p=24407","og_site_name":"Z\u0259rdab.com","article_published_time":"2017-04-07T10:05:03+00:00","article_modified_time":"2017-04-07T10:08:37+00:00","author":"admin","twitter_card":"summary_large_image","twitter_misc":{"Written by":"admin","Est. reading time":"6 minutes"},"schema":{"@context":"https:\/\/schema.org","@graph":[{"@type":"Article","@id":"https:\/\/www.zerdab.com\/?p=24407#article","isPartOf":{"@id":"https:\/\/www.zerdab.com\/?p=24407"},"author":{"name":"admin","@id":"https:\/\/www.zerdab.com\/#\/schema\/person\/97079b7570c1e89ec0d9e138c3672136"},"headline":"Z\u0259rdabl\u0131 polkovnik-leytenant El\u015f\u0259n Qarayev: &#8220;Yaraland\u0131m, amma \u015f\u0259hidl\u0259rimizin c\u0259naz\u0259l\u0259rini \u00e7\u0131xara bildim&#8221;","datePublished":"2017-04-07T10:05:03+00:00","dateModified":"2017-04-07T10:08:37+00:00","mainEntityOfPage":{"@id":"https:\/\/www.zerdab.com\/?p=24407"},"wordCount":1168,"commentCount":0,"articleSection":["F\u018fXRL\u018fR\u0130M\u0130Z"],"inLanguage":"az","potentialAction":[{"@type":"CommentAction","name":"Comment","target":["https:\/\/www.zerdab.com\/?p=24407#respond"]}]},{"@type":"WebPage","@id":"https:\/\/www.zerdab.com\/?p=24407","url":"https:\/\/www.zerdab.com\/?p=24407","name":"Z\u0259rdabl\u0131 polkovnik-leytenant El\u015f\u0259n Qarayev: \"Yaraland\u0131m, amma \u015f\u0259hidl\u0259rimizin c\u0259naz\u0259l\u0259rini \u00e7\u0131xara bildim\" - Z\u0259rdab.com","isPartOf":{"@id":"https:\/\/www.zerdab.com\/#website"},"datePublished":"2017-04-07T10:05:03+00:00","dateModified":"2017-04-07T10:08:37+00:00","author":{"@id":"https:\/\/www.zerdab.com\/#\/schema\/person\/97079b7570c1e89ec0d9e138c3672136"},"breadcrumb":{"@id":"https:\/\/www.zerdab.com\/?p=24407#breadcrumb"},"inLanguage":"az","potentialAction":[{"@type":"ReadAction","target":["https:\/\/www.zerdab.com\/?p=24407"]}]},{"@type":"BreadcrumbList","@id":"https:\/\/www.zerdab.com\/?p=24407#breadcrumb","itemListElement":[{"@type":"ListItem","position":1,"name":"Home","item":"https:\/\/www.zerdab.com\/"},{"@type":"ListItem","position":2,"name":"Z\u0259rdabl\u0131 polkovnik-leytenant El\u015f\u0259n Qarayev: &#8220;Yaraland\u0131m, amma \u015f\u0259hidl\u0259rimizin c\u0259naz\u0259l\u0259rini \u00e7\u0131xara bildim&#8221;"}]},{"@type":"WebSite","@id":"https:\/\/www.zerdab.com\/#website","url":"https:\/\/www.zerdab.com\/","name":"Z\u0259rdab.com","description":"","potentialAction":[{"@type":"SearchAction","target":{"@type":"EntryPoint","urlTemplate":"https:\/\/www.zerdab.com\/?s={search_term_string}"},"query-input":{"@type":"PropertyValueSpecification","valueRequired":true,"valueName":"search_term_string"}}],"inLanguage":"az"},{"@type":"Person","@id":"https:\/\/www.zerdab.com\/#\/schema\/person\/97079b7570c1e89ec0d9e138c3672136","name":"admin","image":{"@type":"ImageObject","inLanguage":"az","@id":"https:\/\/www.zerdab.com\/#\/schema\/person\/image\/","url":"https:\/\/secure.gravatar.com\/avatar\/d9c52a9a27c32119cb6679a077fa3e2779e5f822c451cbf01098004361d466ec?s=96&d=mm&r=g","contentUrl":"https:\/\/secure.gravatar.com\/avatar\/d9c52a9a27c32119cb6679a077fa3e2779e5f822c451cbf01098004361d466ec?s=96&d=mm&r=g","caption":"admin"},"url":"https:\/\/www.zerdab.com\/?author=1"}]}},"_links":{"self":[{"href":"https:\/\/www.zerdab.com\/index.php?rest_route=\/wp\/v2\/posts\/24407","targetHints":{"allow":["GET"]}}],"collection":[{"href":"https:\/\/www.zerdab.com\/index.php?rest_route=\/wp\/v2\/posts"}],"about":[{"href":"https:\/\/www.zerdab.com\/index.php?rest_route=\/wp\/v2\/types\/post"}],"author":[{"embeddable":true,"href":"https:\/\/www.zerdab.com\/index.php?rest_route=\/wp\/v2\/users\/1"}],"replies":[{"embeddable":true,"href":"https:\/\/www.zerdab.com\/index.php?rest_route=%2Fwp%2Fv2%2Fcomments&post=24407"}],"version-history":[{"count":3,"href":"https:\/\/www.zerdab.com\/index.php?rest_route=\/wp\/v2\/posts\/24407\/revisions"}],"predecessor-version":[{"id":24411,"href":"https:\/\/www.zerdab.com\/index.php?rest_route=\/wp\/v2\/posts\/24407\/revisions\/24411"}],"wp:attachment":[{"href":"https:\/\/www.zerdab.com\/index.php?rest_route=%2Fwp%2Fv2%2Fmedia&parent=24407"}],"wp:term":[{"taxonomy":"category","embeddable":true,"href":"https:\/\/www.zerdab.com\/index.php?rest_route=%2Fwp%2Fv2%2Fcategories&post=24407"},{"taxonomy":"post_tag","embeddable":true,"href":"https:\/\/www.zerdab.com\/index.php?rest_route=%2Fwp%2Fv2%2Ftags&post=24407"}],"curies":[{"name":"wp","href":"https:\/\/api.w.org\/{rel}","templated":true}]}}