{"id":24467,"date":"2017-04-22T17:05:04","date_gmt":"2017-04-22T13:05:04","guid":{"rendered":"http:\/\/www.zerdab.com\/?p=24467"},"modified":"2017-04-22T17:05:04","modified_gmt":"2017-04-22T13:05:04","slug":"z%c9%99rdabda-2017-ci-ilin-1-ci-rubund%c9%99-gorulmus-isl%c9%99r%c9%99-dair-hesabat-yigincagi-kecirilib","status":"publish","type":"post","link":"https:\/\/www.zerdab.com\/?p=24467","title":{"rendered":"Z\u0259rdabda 2017-ci ilin 1-ci r\u00fcb\u00fcnd\u0259 g\u00f6r\u00fclm\u00fc\u015f i\u015fl\u0259r\u0259 dair hesabat y\u0131\u011f\u0131nca\u011f\u0131 ke\u00e7irilib"},"content":{"rendered":"<p>Z\u0259rdabda cari ilin birinci r\u00fcb\u00fcnd\u0259 rayonda\u00a0 g\u00f6r\u00fcl\u0259n i\u015fl\u0259r v\u0259 qar\u015f\u0131da duran v\u0259zif\u0259l\u0259r bar\u0259d\u0259 Z\u0259rdab Rayon \u0130cra Hakimiyy\u0259tinin ba\u015f\u00e7\u0131s\u0131 L\u00fctv\u0259li Babayevin hesabat\u0131na dair geni\u015f \u015fura y\u0131\u011f\u0131nca\u011f\u0131 ke\u00e7irilib. <span style=\"color: #ff0000;\"><strong>Zerdab.com<\/strong><\/span> sayt\u0131 x\u0259b\u0259r verir ki, y\u0131\u011f\u0131ncaqda Rayon \u0130cra Hakimiyy\u0259tinin ba\u015f\u00e7\u0131s\u0131 L\u00fctv\u0259li Babayev hesabat m\u0259ruz\u0259si il\u0259 \u00e7\u0131x\u0131\u015f edib.<\/p>\n<p>Qeyd olunub ki, 2017-ci ilin birinci r\u00fcb\u00fc \u0259rzind\u0259 respublikam\u0131zda qazan\u0131lan u\u011furlar, \u0259ld\u0259 olunmu\u015f nailiyy\u0259tl\u0259r Z\u0259rdab rayonunun da sosial-iqtisadi h\u0259yat\u0131nda \u00f6z\u00fcn\u00fc g\u00f6st\u0259rib: &#8220;\u00d6t\u0259n m\u00fcdd\u0259t \u0259rzind\u0259 Z\u0259rdabda xeyli i\u015fl\u0259r g\u00f6r\u00fcl\u00fcb v\u0259 bu i\u015fl\u0259r haz\u0131rda da davam etdirilir. Z\u0259rdabda b\u00fct\u00fcn sah\u0259l\u0259rin y\u00fcks\u0259k s\u00fcr\u0259tl\u0259 inki\u015faf etm\u0259si b\u00fct\u00f6vl\u00fckd\u0259 \u0259halinin sosial rifah hal\u0131n\u0131n daha da yax\u015f\u0131la\u015fd\u0131r\u0131lmas\u0131na v\u0259 makroiqtisadi g\u00f6st\u0259ricil\u0259rin art\u0131m dinamikas\u0131na \u00f6z m\u00fcsb\u0259t t\u0259sirini g\u00f6st\u0259rib. R\u00fcb \u0259rzind\u0259 rayon iqtisadiyyat\u0131n\u0131n \u0259sas sah\u0259l\u0259rind\u0259 15 milyon 825 min 300 manatl\u0131q m\u0259hsul istehsal edilib. H\u0259yata ke\u00e7iril\u0259n t\u0259dbirl\u0259r n\u0259tic\u0259sind\u0259 rayonda 130-u daimi olmaqla 328 yeni i\u015f yeri yarad\u0131l\u0131b. Rayon iqtisadiyyat\u0131n\u0131n apar\u0131c\u0131 sah\u0259si olan k\u0259nd t\u0259s\u0259rr\u00fcfat\u0131nda da inki\u015faf v\u0259 ir\u0259lil\u0259yi\u015f davam edib. 2017-ci ilin m\u0259hsulu \u00fc\u00e7\u00fcn 19753,5 ha sah\u0259d\u0259 pay\u0131zl\u0131q tax\u0131l \u0259kilib, sah\u0259l\u0259rd\u0259 alaq otlar\u0131na qar\u015f\u0131 kimy\u0259vi m\u00fcbariz\u0259 t\u0259dbirl\u0259ri g\u00f6r\u00fcl\u00fcb v\u0259 dig\u0259r aqrotexniki t\u0259dbirl\u0259r h\u0259yata ke\u00e7irilib. C\u0259nab Prezident \u0130lham \u018fliyevin t\u00f6vsiy\u0259 v\u0259 tap\u015f\u0131r\u0131qlar\u0131na uy\u011fun olaraq pamb\u0131q\u00e7\u0131l\u0131\u011f\u0131 daha da inki\u015faf etdirm\u0259k m\u0259qs\u0259dil\u0259 \u0259lveri\u015fli v\u0259 m\u00fcnbit torpaq sah\u0259l\u0259ri m\u00fc\u0259yy\u0259nl\u0259\u015fdirilib. 3153,7 ha sah\u0259d\u0259 pamb\u0131q \u0259kini \u00fc\u00e7\u00fcn m\u00fcqavil\u0259 ba\u011flan\u0131l\u0131b, birinci r\u00fcb\u00fcn sonunad\u0259k 3175,2 hektarda \u015fum, 2600 hektardan \u00e7ox sah\u0259d\u0259 arat suvarmas\u0131 apar\u0131l\u0131b, r\u00fcb \u0259rzind\u0259 emal m\u00fc\u0259ssis\u0259l\u0259ri t\u0259r\u0259find\u0259n fermerl\u0259r\u0259 verm\u0259k \u00fc\u00e7\u00fcn 93 tondan \u00e7ox \u00e7iyid t\u0259dar\u00fck edilib. S\u0259pinin optimal m\u00fcdd\u0259td\u0259 ba\u015fa \u00e7atd\u0131r\u0131lmas\u0131 \u00fc\u00e7\u00fcn b\u00fct\u00fcn m\u00f6vcud imkanlardan s\u0259m\u0259r\u0259li istifad\u0259 olunur&#8221;.<\/p>\n<p>\u0130cra ba\u015f\u00e7\u0131s\u0131 qeyd edib ki, rayonda b\u00fct\u00fcn i\u015fl\u0259r u\u011furla icra olunur v\u0259 bunlar dem\u0259y\u0259 \u0259sas verir ki, z\u0259rdabl\u0131lar 2017-ci ild\u0259 d\u0259 \u0259vv\u0259lki ill\u0259rin \u0259n\u0259n\u0259sini qoruyub saxlayacaq, h\u0259r bir sah\u0259d\u0259 yeni u\u011furlara imza at\u0131lacaq. Bunun \u00fc\u00e7\u00fcn h\u0259r bir sah\u0259d\u0259 nizam-intizam\u0131n y\u00fcks\u0259ldilm\u0259si, v\u0259zif\u0259li \u015f\u0259xsl\u0259rin m\u0259suliyy\u0259tinin art\u0131r\u0131lmas\u0131, h\u0259r k\u0259sin \u00fcz\u0259rin\u0259 d\u00fc\u015f\u0259n v\u0259zif\u0259ni layiqinc\u0259 yerin\u0259 yetirm\u0259si \u00fc\u00e7\u00fcn konkret t\u0259dbirl\u0259r g\u00f6r\u00fcl\u0259c\u0259k.<\/p>\n<p>Hesabat y\u0131\u011f\u0131nca\u011f\u0131nda dig\u0259r sah\u0259l\u0259rd\u0259 g\u00f6r\u00fcl\u0259n i\u015fl\u0259r d\u0259 \u0259trafl\u0131 t\u0259hlil olunub.<\/p>\n<p>Y\u0131\u011f\u0131ncaqda Rayon \u0130cra Hakimiyy\u0259ti Ba\u015f\u00e7\u0131s\u0131n\u0131n \u015e\u0131xba\u011f\u0131 k\u0259nd inzibati \u0259razi dair\u0259si \u00fczr\u0259 n\u00fcmay\u0259nd\u0259si Sabit Heyd\u0259rov, G\u0259lm\u0259 b\u0259l\u0259diyy\u0259sinin s\u0259dri Abdul Orucov, Suvarma Sisteml\u0259ri \u0130dar\u0259sinin r\u0259isi Mirc\u0259lal Mirz\u0259yev v\u0259 dig\u0259rl\u0259ri \u00e7\u0131x\u0131\u015f edibl\u0259r.<\/p>\n<p>Sonda m\u00fcvafiq q\u0259rar q\u0259bul edilmi\u015f v\u0259 y\u0131\u011f\u0131ncaq i\u015ftirak\u00e7\u0131lar\u0131 ad\u0131ndan \u00f6lk\u0259 Prezidentin\u0259 m\u00fcraci\u0259t \u00fcnvanlan\u0131b.<\/p>\n<p><a href=\"http:\/\/www.zerdab.com\/lutv%c9%99li-babayev-z%c9%99rdabda-2017-ci-ild%c9%99-d%c9%99-h%c9%99r-bir-sah%c9%99d%c9%99-yeni-ugurlara-imza-atilacaq__trashed\/z%c9%99rdab-hesabat1-2\/\" rel=\"attachment wp-att-24462\"><img loading=\"lazy\" decoding=\"async\" class=\"aligncenter size-large wp-image-24462\" src=\"http:\/\/www.zerdab.com\/wp-content\/uploads\/2017\/04\/Z\u0259rdab-hesabat1-550x392.jpg\" alt=\"Z\u0259rdab-hesabat\" width=\"550\" height=\"392\" \/><\/a><\/p>\n","protected":false},"excerpt":{"rendered":"<p>Z\u0259rdabda cari ilin birinci r\u00fcb\u00fcnd\u0259 rayonda\u00a0 g\u00f6r\u00fcl\u0259n i\u015fl\u0259r v\u0259 qar\u015f\u0131da duran v\u0259zif\u0259l\u0259r bar\u0259d\u0259 Z\u0259rdab Rayon \u0130cra Hakimiyy\u0259tinin ba\u015f\u00e7\u0131s\u0131 L\u00fctv\u0259li Babayevin hesabat\u0131na dair geni\u015f \u015fura y\u0131\u011f\u0131nca\u011f\u0131 ke\u00e7irilib. Zerdab.com sayt\u0131 x\u0259b\u0259r verir ki, y\u0131\u011f\u0131ncaqda Rayon \u0130cra Hakimiyy\u0259tinin ba\u015f\u00e7\u0131s\u0131 L\u00fctv\u0259li Babayev hesabat m\u0259ruz\u0259si il\u0259 \u00e7\u0131x\u0131\u015f edib. Qeyd olunub ki, 2017-ci ilin birinci r\u00fcb\u00fc \u0259rzind\u0259 respublikam\u0131zda qazan\u0131lan u\u011furlar, \u0259ld\u0259 [&hellip;]<\/p>\n","protected":false},"author":1,"featured_media":0,"comment_status":"open","ping_status":"open","sticky":false,"template":"","format":"standard","meta":{"footnotes":""},"categories":[21],"tags":[],"class_list":{"0":"post-24467","1":"post","2":"type-post","3":"status-publish","4":"format-standard","6":"category-zrdab"},"yoast_head":"<!-- This site is optimized with the Yoast SEO plugin v27.0 - https:\/\/yoast.com\/product\/yoast-seo-wordpress\/ -->\n<title>Z\u0259rdabda 2017-ci ilin 1-ci r\u00fcb\u00fcnd\u0259 g\u00f6r\u00fclm\u00fc\u015f i\u015fl\u0259r\u0259 dair hesabat y\u0131\u011f\u0131nca\u011f\u0131 ke\u00e7irilib - Z\u0259rdab.com<\/title>\n<meta name=\"robots\" content=\"index, follow, max-snippet:-1, max-image-preview:large, max-video-preview:-1\" \/>\n<link rel=\"canonical\" href=\"https:\/\/www.zerdab.com\/?p=24467\" \/>\n<meta property=\"og:locale\" content=\"az_AZ\" \/>\n<meta property=\"og:type\" content=\"article\" \/>\n<meta property=\"og:title\" content=\"Z\u0259rdabda 2017-ci ilin 1-ci r\u00fcb\u00fcnd\u0259 g\u00f6r\u00fclm\u00fc\u015f i\u015fl\u0259r\u0259 dair hesabat y\u0131\u011f\u0131nca\u011f\u0131 ke\u00e7irilib - Z\u0259rdab.com\" \/>\n<meta property=\"og:description\" content=\"Z\u0259rdabda cari ilin birinci r\u00fcb\u00fcnd\u0259 rayonda\u00a0 g\u00f6r\u00fcl\u0259n i\u015fl\u0259r v\u0259 qar\u015f\u0131da duran v\u0259zif\u0259l\u0259r bar\u0259d\u0259 Z\u0259rdab Rayon \u0130cra Hakimiyy\u0259tinin ba\u015f\u00e7\u0131s\u0131 L\u00fctv\u0259li Babayevin hesabat\u0131na dair geni\u015f \u015fura y\u0131\u011f\u0131nca\u011f\u0131 ke\u00e7irilib. Zerdab.com sayt\u0131 x\u0259b\u0259r verir ki, y\u0131\u011f\u0131ncaqda Rayon \u0130cra Hakimiyy\u0259tinin ba\u015f\u00e7\u0131s\u0131 L\u00fctv\u0259li Babayev hesabat m\u0259ruz\u0259si il\u0259 \u00e7\u0131x\u0131\u015f edib. Qeyd olunub ki, 2017-ci ilin birinci r\u00fcb\u00fc \u0259rzind\u0259 respublikam\u0131zda qazan\u0131lan u\u011furlar, \u0259ld\u0259 [&hellip;]\" \/>\n<meta property=\"og:url\" content=\"https:\/\/www.zerdab.com\/?p=24467\" \/>\n<meta property=\"og:site_name\" content=\"Z\u0259rdab.com\" \/>\n<meta property=\"article:published_time\" content=\"2017-04-22T13:05:04+00:00\" \/>\n<meta name=\"author\" content=\"admin\" \/>\n<meta name=\"twitter:card\" content=\"summary_large_image\" \/>\n<meta name=\"twitter:label1\" content=\"Written by\" \/>\n\t<meta name=\"twitter:data1\" content=\"admin\" \/>\n\t<meta name=\"twitter:label2\" content=\"Est. reading time\" \/>\n\t<meta name=\"twitter:data2\" content=\"3 minutes\" \/>\n<script type=\"application\/ld+json\" class=\"yoast-schema-graph\">{\"@context\":\"https:\/\/schema.org\",\"@graph\":[{\"@type\":\"Article\",\"@id\":\"https:\/\/www.zerdab.com\/?p=24467#article\",\"isPartOf\":{\"@id\":\"https:\/\/www.zerdab.com\/?p=24467\"},\"author\":{\"name\":\"admin\",\"@id\":\"https:\/\/www.zerdab.com\/#\/schema\/person\/97079b7570c1e89ec0d9e138c3672136\"},\"headline\":\"Z\u0259rdabda 2017-ci ilin 1-ci r\u00fcb\u00fcnd\u0259 g\u00f6r\u00fclm\u00fc\u015f i\u015fl\u0259r\u0259 dair hesabat y\u0131\u011f\u0131nca\u011f\u0131 ke\u00e7irilib\",\"datePublished\":\"2017-04-22T13:05:04+00:00\",\"mainEntityOfPage\":{\"@id\":\"https:\/\/www.zerdab.com\/?p=24467\"},\"wordCount\":630,\"commentCount\":0,\"articleSection\":[\"C\u018fM\u0130YY\u018fT\"],\"inLanguage\":\"az\",\"potentialAction\":[{\"@type\":\"CommentAction\",\"name\":\"Comment\",\"target\":[\"https:\/\/www.zerdab.com\/?p=24467#respond\"]}]},{\"@type\":\"WebPage\",\"@id\":\"https:\/\/www.zerdab.com\/?p=24467\",\"url\":\"https:\/\/www.zerdab.com\/?p=24467\",\"name\":\"Z\u0259rdabda 2017-ci ilin 1-ci r\u00fcb\u00fcnd\u0259 g\u00f6r\u00fclm\u00fc\u015f i\u015fl\u0259r\u0259 dair hesabat y\u0131\u011f\u0131nca\u011f\u0131 ke\u00e7irilib - Z\u0259rdab.com\",\"isPartOf\":{\"@id\":\"https:\/\/www.zerdab.com\/#website\"},\"datePublished\":\"2017-04-22T13:05:04+00:00\",\"author\":{\"@id\":\"https:\/\/www.zerdab.com\/#\/schema\/person\/97079b7570c1e89ec0d9e138c3672136\"},\"breadcrumb\":{\"@id\":\"https:\/\/www.zerdab.com\/?p=24467#breadcrumb\"},\"inLanguage\":\"az\",\"potentialAction\":[{\"@type\":\"ReadAction\",\"target\":[\"https:\/\/www.zerdab.com\/?p=24467\"]}]},{\"@type\":\"BreadcrumbList\",\"@id\":\"https:\/\/www.zerdab.com\/?p=24467#breadcrumb\",\"itemListElement\":[{\"@type\":\"ListItem\",\"position\":1,\"name\":\"Home\",\"item\":\"https:\/\/www.zerdab.com\/\"},{\"@type\":\"ListItem\",\"position\":2,\"name\":\"Z\u0259rdabda 2017-ci ilin 1-ci r\u00fcb\u00fcnd\u0259 g\u00f6r\u00fclm\u00fc\u015f i\u015fl\u0259r\u0259 dair hesabat y\u0131\u011f\u0131nca\u011f\u0131 ke\u00e7irilib\"}]},{\"@type\":\"WebSite\",\"@id\":\"https:\/\/www.zerdab.com\/#website\",\"url\":\"https:\/\/www.zerdab.com\/\",\"name\":\"Z\u0259rdab.com\",\"description\":\"\",\"potentialAction\":[{\"@type\":\"SearchAction\",\"target\":{\"@type\":\"EntryPoint\",\"urlTemplate\":\"https:\/\/www.zerdab.com\/?s={search_term_string}\"},\"query-input\":{\"@type\":\"PropertyValueSpecification\",\"valueRequired\":true,\"valueName\":\"search_term_string\"}}],\"inLanguage\":\"az\"},{\"@type\":\"Person\",\"@id\":\"https:\/\/www.zerdab.com\/#\/schema\/person\/97079b7570c1e89ec0d9e138c3672136\",\"name\":\"admin\",\"image\":{\"@type\":\"ImageObject\",\"inLanguage\":\"az\",\"@id\":\"https:\/\/www.zerdab.com\/#\/schema\/person\/image\/\",\"url\":\"https:\/\/secure.gravatar.com\/avatar\/d9c52a9a27c32119cb6679a077fa3e2779e5f822c451cbf01098004361d466ec?s=96&d=mm&r=g\",\"contentUrl\":\"https:\/\/secure.gravatar.com\/avatar\/d9c52a9a27c32119cb6679a077fa3e2779e5f822c451cbf01098004361d466ec?s=96&d=mm&r=g\",\"caption\":\"admin\"},\"url\":\"https:\/\/www.zerdab.com\/?author=1\"}]}<\/script>\n<!-- \/ Yoast SEO plugin. -->","yoast_head_json":{"title":"Z\u0259rdabda 2017-ci ilin 1-ci r\u00fcb\u00fcnd\u0259 g\u00f6r\u00fclm\u00fc\u015f i\u015fl\u0259r\u0259 dair hesabat y\u0131\u011f\u0131nca\u011f\u0131 ke\u00e7irilib - Z\u0259rdab.com","robots":{"index":"index","follow":"follow","max-snippet":"max-snippet:-1","max-image-preview":"max-image-preview:large","max-video-preview":"max-video-preview:-1"},"canonical":"https:\/\/www.zerdab.com\/?p=24467","og_locale":"az_AZ","og_type":"article","og_title":"Z\u0259rdabda 2017-ci ilin 1-ci r\u00fcb\u00fcnd\u0259 g\u00f6r\u00fclm\u00fc\u015f i\u015fl\u0259r\u0259 dair hesabat y\u0131\u011f\u0131nca\u011f\u0131 ke\u00e7irilib - Z\u0259rdab.com","og_description":"Z\u0259rdabda cari ilin birinci r\u00fcb\u00fcnd\u0259 rayonda\u00a0 g\u00f6r\u00fcl\u0259n i\u015fl\u0259r v\u0259 qar\u015f\u0131da duran v\u0259zif\u0259l\u0259r bar\u0259d\u0259 Z\u0259rdab Rayon \u0130cra Hakimiyy\u0259tinin ba\u015f\u00e7\u0131s\u0131 L\u00fctv\u0259li Babayevin hesabat\u0131na dair geni\u015f \u015fura y\u0131\u011f\u0131nca\u011f\u0131 ke\u00e7irilib. Zerdab.com sayt\u0131 x\u0259b\u0259r verir ki, y\u0131\u011f\u0131ncaqda Rayon \u0130cra Hakimiyy\u0259tinin ba\u015f\u00e7\u0131s\u0131 L\u00fctv\u0259li Babayev hesabat m\u0259ruz\u0259si il\u0259 \u00e7\u0131x\u0131\u015f edib. Qeyd olunub ki, 2017-ci ilin birinci r\u00fcb\u00fc \u0259rzind\u0259 respublikam\u0131zda qazan\u0131lan u\u011furlar, \u0259ld\u0259 [&hellip;]","og_url":"https:\/\/www.zerdab.com\/?p=24467","og_site_name":"Z\u0259rdab.com","article_published_time":"2017-04-22T13:05:04+00:00","author":"admin","twitter_card":"summary_large_image","twitter_misc":{"Written by":"admin","Est. reading time":"3 minutes"},"schema":{"@context":"https:\/\/schema.org","@graph":[{"@type":"Article","@id":"https:\/\/www.zerdab.com\/?p=24467#article","isPartOf":{"@id":"https:\/\/www.zerdab.com\/?p=24467"},"author":{"name":"admin","@id":"https:\/\/www.zerdab.com\/#\/schema\/person\/97079b7570c1e89ec0d9e138c3672136"},"headline":"Z\u0259rdabda 2017-ci ilin 1-ci r\u00fcb\u00fcnd\u0259 g\u00f6r\u00fclm\u00fc\u015f i\u015fl\u0259r\u0259 dair hesabat y\u0131\u011f\u0131nca\u011f\u0131 ke\u00e7irilib","datePublished":"2017-04-22T13:05:04+00:00","mainEntityOfPage":{"@id":"https:\/\/www.zerdab.com\/?p=24467"},"wordCount":630,"commentCount":0,"articleSection":["C\u018fM\u0130YY\u018fT"],"inLanguage":"az","potentialAction":[{"@type":"CommentAction","name":"Comment","target":["https:\/\/www.zerdab.com\/?p=24467#respond"]}]},{"@type":"WebPage","@id":"https:\/\/www.zerdab.com\/?p=24467","url":"https:\/\/www.zerdab.com\/?p=24467","name":"Z\u0259rdabda 2017-ci ilin 1-ci r\u00fcb\u00fcnd\u0259 g\u00f6r\u00fclm\u00fc\u015f i\u015fl\u0259r\u0259 dair hesabat y\u0131\u011f\u0131nca\u011f\u0131 ke\u00e7irilib - Z\u0259rdab.com","isPartOf":{"@id":"https:\/\/www.zerdab.com\/#website"},"datePublished":"2017-04-22T13:05:04+00:00","author":{"@id":"https:\/\/www.zerdab.com\/#\/schema\/person\/97079b7570c1e89ec0d9e138c3672136"},"breadcrumb":{"@id":"https:\/\/www.zerdab.com\/?p=24467#breadcrumb"},"inLanguage":"az","potentialAction":[{"@type":"ReadAction","target":["https:\/\/www.zerdab.com\/?p=24467"]}]},{"@type":"BreadcrumbList","@id":"https:\/\/www.zerdab.com\/?p=24467#breadcrumb","itemListElement":[{"@type":"ListItem","position":1,"name":"Home","item":"https:\/\/www.zerdab.com\/"},{"@type":"ListItem","position":2,"name":"Z\u0259rdabda 2017-ci ilin 1-ci r\u00fcb\u00fcnd\u0259 g\u00f6r\u00fclm\u00fc\u015f i\u015fl\u0259r\u0259 dair hesabat y\u0131\u011f\u0131nca\u011f\u0131 ke\u00e7irilib"}]},{"@type":"WebSite","@id":"https:\/\/www.zerdab.com\/#website","url":"https:\/\/www.zerdab.com\/","name":"Z\u0259rdab.com","description":"","potentialAction":[{"@type":"SearchAction","target":{"@type":"EntryPoint","urlTemplate":"https:\/\/www.zerdab.com\/?s={search_term_string}"},"query-input":{"@type":"PropertyValueSpecification","valueRequired":true,"valueName":"search_term_string"}}],"inLanguage":"az"},{"@type":"Person","@id":"https:\/\/www.zerdab.com\/#\/schema\/person\/97079b7570c1e89ec0d9e138c3672136","name":"admin","image":{"@type":"ImageObject","inLanguage":"az","@id":"https:\/\/www.zerdab.com\/#\/schema\/person\/image\/","url":"https:\/\/secure.gravatar.com\/avatar\/d9c52a9a27c32119cb6679a077fa3e2779e5f822c451cbf01098004361d466ec?s=96&d=mm&r=g","contentUrl":"https:\/\/secure.gravatar.com\/avatar\/d9c52a9a27c32119cb6679a077fa3e2779e5f822c451cbf01098004361d466ec?s=96&d=mm&r=g","caption":"admin"},"url":"https:\/\/www.zerdab.com\/?author=1"}]}},"_links":{"self":[{"href":"https:\/\/www.zerdab.com\/index.php?rest_route=\/wp\/v2\/posts\/24467","targetHints":{"allow":["GET"]}}],"collection":[{"href":"https:\/\/www.zerdab.com\/index.php?rest_route=\/wp\/v2\/posts"}],"about":[{"href":"https:\/\/www.zerdab.com\/index.php?rest_route=\/wp\/v2\/types\/post"}],"author":[{"embeddable":true,"href":"https:\/\/www.zerdab.com\/index.php?rest_route=\/wp\/v2\/users\/1"}],"replies":[{"embeddable":true,"href":"https:\/\/www.zerdab.com\/index.php?rest_route=%2Fwp%2Fv2%2Fcomments&post=24467"}],"version-history":[{"count":1,"href":"https:\/\/www.zerdab.com\/index.php?rest_route=\/wp\/v2\/posts\/24467\/revisions"}],"predecessor-version":[{"id":24468,"href":"https:\/\/www.zerdab.com\/index.php?rest_route=\/wp\/v2\/posts\/24467\/revisions\/24468"}],"wp:attachment":[{"href":"https:\/\/www.zerdab.com\/index.php?rest_route=%2Fwp%2Fv2%2Fmedia&parent=24467"}],"wp:term":[{"taxonomy":"category","embeddable":true,"href":"https:\/\/www.zerdab.com\/index.php?rest_route=%2Fwp%2Fv2%2Fcategories&post=24467"},{"taxonomy":"post_tag","embeddable":true,"href":"https:\/\/www.zerdab.com\/index.php?rest_route=%2Fwp%2Fv2%2Ftags&post=24467"}],"curies":[{"name":"wp","href":"https:\/\/api.w.org\/{rel}","templated":true}]}}