{"id":24494,"date":"2017-04-27T17:28:11","date_gmt":"2017-04-27T13:28:11","guid":{"rendered":"http:\/\/www.zerdab.com\/?p=24494"},"modified":"2017-04-27T17:28:11","modified_gmt":"2017-04-27T13:28:11","slug":"z%c9%99rdabda-cernobil-%c9%99lill%c9%99ri-il%c9%99-gorus-kecirilib-fotolar","status":"publish","type":"post","link":"https:\/\/www.zerdab.com\/?p=24494","title":{"rendered":"Z\u0259rdabda \u00c7ernob\u0131l \u0259lill\u0259ri il\u0259 g\u00f6r\u00fc\u015f ke\u00e7irilib &#8211; FOTOLAR"},"content":{"rendered":"<p>Z\u0259rdab Rayon \u0130cra Hakimiyy\u0259tind\u0259 \u00c7ernob\u0131l q\u0259zas\u0131n\u0131n n\u0259tic\u0259l\u0259rinin aradan qald\u0131r\u0131lmas\u0131nda i\u015ftirak etmi\u015f rayon sakinl\u0259ri il\u0259 g\u00f6r\u00fc\u015f ke\u00e7irilib.<br \/>\nG\u00f6r\u00fc\u015fd\u0259 Z\u0259rdab Rayon \u0130cra Hakimiyy\u0259tinin ba\u015f\u00e7\u0131s\u0131 L\u00fctv\u0259li Babayev \u00e7\u0131x\u0131\u015f ed\u0259r\u0259k hadis\u0259nin yaratd\u0131\u011f\u0131 f\u0259sadlardan s\u00f6hb\u0259t a\u00e7\u0131b.<br \/>\nQeyd olunub ki, \u00fcmummilli liderimiz Heyd\u0259r \u018fliyevin \u00f6lk\u0259mizd\u0259 yenid\u0259n siyasi hakimiyy\u0259t\u0259 qay\u0131d\u0131\u015f\u0131ndan sonra ilk imzalad\u0131\u011f\u0131 s\u0259n\u0259dl\u0259rd\u0259n biri 1993-c\u00fc il dekabr\u0131n 6-da \u201c\u00c7ernob\u0131l i\u015ftirak\u00e7\u0131lar\u0131n\u0131n sosial m\u00fcdafi\u0259si haqq\u0131nda\u201d Qanun olub. Bu, \u00c7ernob\u0131l i\u015ftirak\u00e7\u0131lar\u0131na g\u00f6st\u0259ril\u0259n diqq\u0259t v\u0259 qay\u011f\u0131n\u0131n t\u0259zah\u00fcr\u00fc olmaqla, h\u0259min insanlara xeyli g\u00fcz\u0259\u015ftl\u0259rin t\u0259tbiqin\u0259 imkan yarad\u0131b.<br \/>\nBildirilib ki, Az\u0259rbaycan d\u00f6vl\u0259ti Prezident \u0130lham \u018fliyevin m\u0259qs\u0259dy\u00f6nl\u00fc r\u0259hb\u0259rliyi say\u0259sind\u0259 g\u00fcnd\u0259n-g\u00fcn\u0259 inki\u015faf edir, q\u00fcdr\u0259tl\u0259nir v\u0259 s\u00f6zs\u00fcz ki, d\u00f6vl\u0259timizin maliyy\u0259 imkanlar\u0131 artd\u0131qca \u0259halinin sosial m\u00fcdafi\u0259si t\u0259dbirl\u0259ri d\u0259 geni\u015fl\u0259nir. Bu t\u0259dbirl\u0259rd\u0259 \u00c7ernob\u0131l i\u015ftirak\u00e7\u0131lar\u0131 o c\u00fcml\u0259d\u0259n d\u0259 Z\u0259rdab rayonunda ya\u015fayan, \u00c7ernob\u0131l q\u0259zas\u0131n\u0131n aradan qald\u0131r\u0131lmas\u0131nda i\u015ftirak etmi\u015f insanlar da unudulmurlar.<br \/>\nT\u0259dbirin sonunda g\u00f6r\u00fc\u015f i\u015ftirak\u00e7\u0131lar\u0131na yard\u0131mlar edilib.<br \/>\n\u00c7ernob\u0131l \u0259lill\u0259ri \u00e7\u0131x\u0131\u015f ed\u0259r\u0259k onlara g\u00f6st\u0259ril\u0259n diqq\u0259t v\u0259 qay\u011f\u0131ya g\u00f6r\u0259 \u00f6lk\u0259 Prezidentin\u0259 minn\u0259tdarl\u0131q edibl\u0259r.<\/p>\n<p><a href=\"http:\/\/www.zerdab.com\/z%c9%99rdabda-cernobil-%c9%99lill%c9%99ri-il%c9%99-gorus-kecirilib-fotolar\/zerdab-rayonu-2-6\/\" rel=\"attachment wp-att-24496\"><img loading=\"lazy\" decoding=\"async\" class=\"aligncenter size-large wp-image-24496\" src=\"http:\/\/www.zerdab.com\/wp-content\/uploads\/2017\/04\/Zerdab-rayonu-2-550x367.jpg\" alt=\"Zerdab rayonu\" width=\"550\" height=\"367\" \/><\/a><\/p>\n","protected":false},"excerpt":{"rendered":"<p>Z\u0259rdab Rayon \u0130cra Hakimiyy\u0259tind\u0259 \u00c7ernob\u0131l q\u0259zas\u0131n\u0131n n\u0259tic\u0259l\u0259rinin aradan qald\u0131r\u0131lmas\u0131nda i\u015ftirak etmi\u015f rayon sakinl\u0259ri il\u0259 g\u00f6r\u00fc\u015f ke\u00e7irilib. G\u00f6r\u00fc\u015fd\u0259 Z\u0259rdab Rayon \u0130cra Hakimiyy\u0259tinin ba\u015f\u00e7\u0131s\u0131 L\u00fctv\u0259li Babayev \u00e7\u0131x\u0131\u015f ed\u0259r\u0259k hadis\u0259nin yaratd\u0131\u011f\u0131 f\u0259sadlardan s\u00f6hb\u0259t a\u00e7\u0131b. Qeyd olunub ki, \u00fcmummilli liderimiz Heyd\u0259r \u018fliyevin \u00f6lk\u0259mizd\u0259 yenid\u0259n siyasi hakimiyy\u0259t\u0259 qay\u0131d\u0131\u015f\u0131ndan sonra ilk imzalad\u0131\u011f\u0131 s\u0259n\u0259dl\u0259rd\u0259n biri 1993-c\u00fc il dekabr\u0131n 6-da \u201c\u00c7ernob\u0131l i\u015ftirak\u00e7\u0131lar\u0131n\u0131n sosial [&hellip;]<\/p>\n","protected":false},"author":1,"featured_media":0,"comment_status":"open","ping_status":"open","sticky":false,"template":"","format":"standard","meta":{"footnotes":""},"categories":[21],"tags":[],"class_list":{"0":"post-24494","1":"post","2":"type-post","3":"status-publish","4":"format-standard","6":"category-zrdab"},"yoast_head":"<!-- This site is optimized with the Yoast SEO plugin v27.0 - https:\/\/yoast.com\/product\/yoast-seo-wordpress\/ -->\n<title>Z\u0259rdabda \u00c7ernob\u0131l \u0259lill\u0259ri il\u0259 g\u00f6r\u00fc\u015f ke\u00e7irilib - FOTOLAR - Z\u0259rdab.com<\/title>\n<meta name=\"robots\" content=\"index, follow, max-snippet:-1, max-image-preview:large, max-video-preview:-1\" \/>\n<link rel=\"canonical\" href=\"https:\/\/www.zerdab.com\/?p=24494\" \/>\n<meta property=\"og:locale\" content=\"az_AZ\" \/>\n<meta property=\"og:type\" content=\"article\" \/>\n<meta property=\"og:title\" content=\"Z\u0259rdabda \u00c7ernob\u0131l \u0259lill\u0259ri il\u0259 g\u00f6r\u00fc\u015f ke\u00e7irilib - FOTOLAR - Z\u0259rdab.com\" \/>\n<meta property=\"og:description\" content=\"Z\u0259rdab Rayon \u0130cra Hakimiyy\u0259tind\u0259 \u00c7ernob\u0131l q\u0259zas\u0131n\u0131n n\u0259tic\u0259l\u0259rinin aradan qald\u0131r\u0131lmas\u0131nda i\u015ftirak etmi\u015f rayon sakinl\u0259ri il\u0259 g\u00f6r\u00fc\u015f ke\u00e7irilib. G\u00f6r\u00fc\u015fd\u0259 Z\u0259rdab Rayon \u0130cra Hakimiyy\u0259tinin ba\u015f\u00e7\u0131s\u0131 L\u00fctv\u0259li Babayev \u00e7\u0131x\u0131\u015f ed\u0259r\u0259k hadis\u0259nin yaratd\u0131\u011f\u0131 f\u0259sadlardan s\u00f6hb\u0259t a\u00e7\u0131b. Qeyd olunub ki, \u00fcmummilli liderimiz Heyd\u0259r \u018fliyevin \u00f6lk\u0259mizd\u0259 yenid\u0259n siyasi hakimiyy\u0259t\u0259 qay\u0131d\u0131\u015f\u0131ndan sonra ilk imzalad\u0131\u011f\u0131 s\u0259n\u0259dl\u0259rd\u0259n biri 1993-c\u00fc il dekabr\u0131n 6-da \u201c\u00c7ernob\u0131l i\u015ftirak\u00e7\u0131lar\u0131n\u0131n sosial [&hellip;]\" \/>\n<meta property=\"og:url\" content=\"https:\/\/www.zerdab.com\/?p=24494\" \/>\n<meta property=\"og:site_name\" content=\"Z\u0259rdab.com\" \/>\n<meta property=\"article:published_time\" content=\"2017-04-27T13:28:11+00:00\" \/>\n<meta property=\"og:image\" content=\"http:\/\/www.zerdab.com\/wp-content\/uploads\/2017\/04\/Zerdab-rayonu-2-550x367.jpg\" \/>\n<meta name=\"author\" content=\"admin\" \/>\n<meta name=\"twitter:card\" content=\"summary_large_image\" \/>\n<meta name=\"twitter:label1\" content=\"Written by\" \/>\n\t<meta name=\"twitter:data1\" content=\"admin\" \/>\n\t<meta name=\"twitter:label2\" content=\"Est. reading time\" \/>\n\t<meta name=\"twitter:data2\" content=\"1 minute\" \/>\n<script type=\"application\/ld+json\" class=\"yoast-schema-graph\">{\"@context\":\"https:\/\/schema.org\",\"@graph\":[{\"@type\":\"Article\",\"@id\":\"https:\/\/www.zerdab.com\/?p=24494#article\",\"isPartOf\":{\"@id\":\"https:\/\/www.zerdab.com\/?p=24494\"},\"author\":{\"name\":\"admin\",\"@id\":\"https:\/\/www.zerdab.com\/#\/schema\/person\/97079b7570c1e89ec0d9e138c3672136\"},\"headline\":\"Z\u0259rdabda \u00c7ernob\u0131l \u0259lill\u0259ri il\u0259 g\u00f6r\u00fc\u015f ke\u00e7irilib &#8211; FOTOLAR\",\"datePublished\":\"2017-04-27T13:28:11+00:00\",\"mainEntityOfPage\":{\"@id\":\"https:\/\/www.zerdab.com\/?p=24494\"},\"wordCount\":285,\"commentCount\":0,\"image\":{\"@id\":\"https:\/\/www.zerdab.com\/?p=24494#primaryimage\"},\"thumbnailUrl\":\"http:\/\/www.zerdab.com\/wp-content\/uploads\/2017\/04\/Zerdab-rayonu-2-550x367.jpg\",\"articleSection\":[\"C\u018fM\u0130YY\u018fT\"],\"inLanguage\":\"az\",\"potentialAction\":[{\"@type\":\"CommentAction\",\"name\":\"Comment\",\"target\":[\"https:\/\/www.zerdab.com\/?p=24494#respond\"]}]},{\"@type\":\"WebPage\",\"@id\":\"https:\/\/www.zerdab.com\/?p=24494\",\"url\":\"https:\/\/www.zerdab.com\/?p=24494\",\"name\":\"Z\u0259rdabda \u00c7ernob\u0131l \u0259lill\u0259ri il\u0259 g\u00f6r\u00fc\u015f ke\u00e7irilib - FOTOLAR - Z\u0259rdab.com\",\"isPartOf\":{\"@id\":\"https:\/\/www.zerdab.com\/#website\"},\"primaryImageOfPage\":{\"@id\":\"https:\/\/www.zerdab.com\/?p=24494#primaryimage\"},\"image\":{\"@id\":\"https:\/\/www.zerdab.com\/?p=24494#primaryimage\"},\"thumbnailUrl\":\"http:\/\/www.zerdab.com\/wp-content\/uploads\/2017\/04\/Zerdab-rayonu-2-550x367.jpg\",\"datePublished\":\"2017-04-27T13:28:11+00:00\",\"author\":{\"@id\":\"https:\/\/www.zerdab.com\/#\/schema\/person\/97079b7570c1e89ec0d9e138c3672136\"},\"breadcrumb\":{\"@id\":\"https:\/\/www.zerdab.com\/?p=24494#breadcrumb\"},\"inLanguage\":\"az\",\"potentialAction\":[{\"@type\":\"ReadAction\",\"target\":[\"https:\/\/www.zerdab.com\/?p=24494\"]}]},{\"@type\":\"ImageObject\",\"inLanguage\":\"az\",\"@id\":\"https:\/\/www.zerdab.com\/?p=24494#primaryimage\",\"url\":\"\",\"contentUrl\":\"\"},{\"@type\":\"BreadcrumbList\",\"@id\":\"https:\/\/www.zerdab.com\/?p=24494#breadcrumb\",\"itemListElement\":[{\"@type\":\"ListItem\",\"position\":1,\"name\":\"Home\",\"item\":\"https:\/\/www.zerdab.com\/\"},{\"@type\":\"ListItem\",\"position\":2,\"name\":\"Z\u0259rdabda \u00c7ernob\u0131l \u0259lill\u0259ri il\u0259 g\u00f6r\u00fc\u015f ke\u00e7irilib &#8211; FOTOLAR\"}]},{\"@type\":\"WebSite\",\"@id\":\"https:\/\/www.zerdab.com\/#website\",\"url\":\"https:\/\/www.zerdab.com\/\",\"name\":\"Z\u0259rdab.com\",\"description\":\"\",\"potentialAction\":[{\"@type\":\"SearchAction\",\"target\":{\"@type\":\"EntryPoint\",\"urlTemplate\":\"https:\/\/www.zerdab.com\/?s={search_term_string}\"},\"query-input\":{\"@type\":\"PropertyValueSpecification\",\"valueRequired\":true,\"valueName\":\"search_term_string\"}}],\"inLanguage\":\"az\"},{\"@type\":\"Person\",\"@id\":\"https:\/\/www.zerdab.com\/#\/schema\/person\/97079b7570c1e89ec0d9e138c3672136\",\"name\":\"admin\",\"image\":{\"@type\":\"ImageObject\",\"inLanguage\":\"az\",\"@id\":\"https:\/\/www.zerdab.com\/#\/schema\/person\/image\/\",\"url\":\"https:\/\/secure.gravatar.com\/avatar\/d9c52a9a27c32119cb6679a077fa3e2779e5f822c451cbf01098004361d466ec?s=96&d=mm&r=g\",\"contentUrl\":\"https:\/\/secure.gravatar.com\/avatar\/d9c52a9a27c32119cb6679a077fa3e2779e5f822c451cbf01098004361d466ec?s=96&d=mm&r=g\",\"caption\":\"admin\"},\"url\":\"https:\/\/www.zerdab.com\/?author=1\"}]}<\/script>\n<!-- \/ Yoast SEO plugin. -->","yoast_head_json":{"title":"Z\u0259rdabda \u00c7ernob\u0131l \u0259lill\u0259ri il\u0259 g\u00f6r\u00fc\u015f ke\u00e7irilib - FOTOLAR - Z\u0259rdab.com","robots":{"index":"index","follow":"follow","max-snippet":"max-snippet:-1","max-image-preview":"max-image-preview:large","max-video-preview":"max-video-preview:-1"},"canonical":"https:\/\/www.zerdab.com\/?p=24494","og_locale":"az_AZ","og_type":"article","og_title":"Z\u0259rdabda \u00c7ernob\u0131l \u0259lill\u0259ri il\u0259 g\u00f6r\u00fc\u015f ke\u00e7irilib - FOTOLAR - Z\u0259rdab.com","og_description":"Z\u0259rdab Rayon \u0130cra Hakimiyy\u0259tind\u0259 \u00c7ernob\u0131l q\u0259zas\u0131n\u0131n n\u0259tic\u0259l\u0259rinin aradan qald\u0131r\u0131lmas\u0131nda i\u015ftirak etmi\u015f rayon sakinl\u0259ri il\u0259 g\u00f6r\u00fc\u015f ke\u00e7irilib. G\u00f6r\u00fc\u015fd\u0259 Z\u0259rdab Rayon \u0130cra Hakimiyy\u0259tinin ba\u015f\u00e7\u0131s\u0131 L\u00fctv\u0259li Babayev \u00e7\u0131x\u0131\u015f ed\u0259r\u0259k hadis\u0259nin yaratd\u0131\u011f\u0131 f\u0259sadlardan s\u00f6hb\u0259t a\u00e7\u0131b. Qeyd olunub ki, \u00fcmummilli liderimiz Heyd\u0259r \u018fliyevin \u00f6lk\u0259mizd\u0259 yenid\u0259n siyasi hakimiyy\u0259t\u0259 qay\u0131d\u0131\u015f\u0131ndan sonra ilk imzalad\u0131\u011f\u0131 s\u0259n\u0259dl\u0259rd\u0259n biri 1993-c\u00fc il dekabr\u0131n 6-da \u201c\u00c7ernob\u0131l i\u015ftirak\u00e7\u0131lar\u0131n\u0131n sosial [&hellip;]","og_url":"https:\/\/www.zerdab.com\/?p=24494","og_site_name":"Z\u0259rdab.com","article_published_time":"2017-04-27T13:28:11+00:00","og_image":[{"url":"http:\/\/www.zerdab.com\/wp-content\/uploads\/2017\/04\/Zerdab-rayonu-2-550x367.jpg","type":"","width":"","height":""}],"author":"admin","twitter_card":"summary_large_image","twitter_misc":{"Written by":"admin","Est. reading time":"1 minute"},"schema":{"@context":"https:\/\/schema.org","@graph":[{"@type":"Article","@id":"https:\/\/www.zerdab.com\/?p=24494#article","isPartOf":{"@id":"https:\/\/www.zerdab.com\/?p=24494"},"author":{"name":"admin","@id":"https:\/\/www.zerdab.com\/#\/schema\/person\/97079b7570c1e89ec0d9e138c3672136"},"headline":"Z\u0259rdabda \u00c7ernob\u0131l \u0259lill\u0259ri il\u0259 g\u00f6r\u00fc\u015f ke\u00e7irilib &#8211; FOTOLAR","datePublished":"2017-04-27T13:28:11+00:00","mainEntityOfPage":{"@id":"https:\/\/www.zerdab.com\/?p=24494"},"wordCount":285,"commentCount":0,"image":{"@id":"https:\/\/www.zerdab.com\/?p=24494#primaryimage"},"thumbnailUrl":"http:\/\/www.zerdab.com\/wp-content\/uploads\/2017\/04\/Zerdab-rayonu-2-550x367.jpg","articleSection":["C\u018fM\u0130YY\u018fT"],"inLanguage":"az","potentialAction":[{"@type":"CommentAction","name":"Comment","target":["https:\/\/www.zerdab.com\/?p=24494#respond"]}]},{"@type":"WebPage","@id":"https:\/\/www.zerdab.com\/?p=24494","url":"https:\/\/www.zerdab.com\/?p=24494","name":"Z\u0259rdabda \u00c7ernob\u0131l \u0259lill\u0259ri il\u0259 g\u00f6r\u00fc\u015f ke\u00e7irilib - FOTOLAR - Z\u0259rdab.com","isPartOf":{"@id":"https:\/\/www.zerdab.com\/#website"},"primaryImageOfPage":{"@id":"https:\/\/www.zerdab.com\/?p=24494#primaryimage"},"image":{"@id":"https:\/\/www.zerdab.com\/?p=24494#primaryimage"},"thumbnailUrl":"http:\/\/www.zerdab.com\/wp-content\/uploads\/2017\/04\/Zerdab-rayonu-2-550x367.jpg","datePublished":"2017-04-27T13:28:11+00:00","author":{"@id":"https:\/\/www.zerdab.com\/#\/schema\/person\/97079b7570c1e89ec0d9e138c3672136"},"breadcrumb":{"@id":"https:\/\/www.zerdab.com\/?p=24494#breadcrumb"},"inLanguage":"az","potentialAction":[{"@type":"ReadAction","target":["https:\/\/www.zerdab.com\/?p=24494"]}]},{"@type":"ImageObject","inLanguage":"az","@id":"https:\/\/www.zerdab.com\/?p=24494#primaryimage","url":"","contentUrl":""},{"@type":"BreadcrumbList","@id":"https:\/\/www.zerdab.com\/?p=24494#breadcrumb","itemListElement":[{"@type":"ListItem","position":1,"name":"Home","item":"https:\/\/www.zerdab.com\/"},{"@type":"ListItem","position":2,"name":"Z\u0259rdabda \u00c7ernob\u0131l \u0259lill\u0259ri il\u0259 g\u00f6r\u00fc\u015f ke\u00e7irilib &#8211; FOTOLAR"}]},{"@type":"WebSite","@id":"https:\/\/www.zerdab.com\/#website","url":"https:\/\/www.zerdab.com\/","name":"Z\u0259rdab.com","description":"","potentialAction":[{"@type":"SearchAction","target":{"@type":"EntryPoint","urlTemplate":"https:\/\/www.zerdab.com\/?s={search_term_string}"},"query-input":{"@type":"PropertyValueSpecification","valueRequired":true,"valueName":"search_term_string"}}],"inLanguage":"az"},{"@type":"Person","@id":"https:\/\/www.zerdab.com\/#\/schema\/person\/97079b7570c1e89ec0d9e138c3672136","name":"admin","image":{"@type":"ImageObject","inLanguage":"az","@id":"https:\/\/www.zerdab.com\/#\/schema\/person\/image\/","url":"https:\/\/secure.gravatar.com\/avatar\/d9c52a9a27c32119cb6679a077fa3e2779e5f822c451cbf01098004361d466ec?s=96&d=mm&r=g","contentUrl":"https:\/\/secure.gravatar.com\/avatar\/d9c52a9a27c32119cb6679a077fa3e2779e5f822c451cbf01098004361d466ec?s=96&d=mm&r=g","caption":"admin"},"url":"https:\/\/www.zerdab.com\/?author=1"}]}},"_links":{"self":[{"href":"https:\/\/www.zerdab.com\/index.php?rest_route=\/wp\/v2\/posts\/24494","targetHints":{"allow":["GET"]}}],"collection":[{"href":"https:\/\/www.zerdab.com\/index.php?rest_route=\/wp\/v2\/posts"}],"about":[{"href":"https:\/\/www.zerdab.com\/index.php?rest_route=\/wp\/v2\/types\/post"}],"author":[{"embeddable":true,"href":"https:\/\/www.zerdab.com\/index.php?rest_route=\/wp\/v2\/users\/1"}],"replies":[{"embeddable":true,"href":"https:\/\/www.zerdab.com\/index.php?rest_route=%2Fwp%2Fv2%2Fcomments&post=24494"}],"version-history":[{"count":2,"href":"https:\/\/www.zerdab.com\/index.php?rest_route=\/wp\/v2\/posts\/24494\/revisions"}],"predecessor-version":[{"id":24498,"href":"https:\/\/www.zerdab.com\/index.php?rest_route=\/wp\/v2\/posts\/24494\/revisions\/24498"}],"wp:attachment":[{"href":"https:\/\/www.zerdab.com\/index.php?rest_route=%2Fwp%2Fv2%2Fmedia&parent=24494"}],"wp:term":[{"taxonomy":"category","embeddable":true,"href":"https:\/\/www.zerdab.com\/index.php?rest_route=%2Fwp%2Fv2%2Fcategories&post=24494"},{"taxonomy":"post_tag","embeddable":true,"href":"https:\/\/www.zerdab.com\/index.php?rest_route=%2Fwp%2Fv2%2Ftags&post=24494"}],"curies":[{"name":"wp","href":"https:\/\/api.w.org\/{rel}","templated":true}]}}