{"id":24515,"date":"2017-04-28T18:56:47","date_gmt":"2017-04-28T14:56:47","guid":{"rendered":"http:\/\/www.zerdab.com\/?p=24515"},"modified":"2017-04-28T18:56:47","modified_gmt":"2017-04-28T14:56:47","slug":"h%c9%99myerlimiz-cudo-uzr%c9%99-gozd%c9%99n-%c9%99lill%c9%99r-arasinda-paraolimpiya-yigma-komandasina-uzv-q%c9%99bul-edildi","status":"publish","type":"post","link":"https:\/\/www.zerdab.com\/?p=24515","title":{"rendered":"H\u0259myerlimiz c\u00fcdo \u00fczr\u0259 g\u00f6zd\u0259n \u0259lill\u0259r aras\u0131nda paraolimpiya y\u0131\u011fma komandas\u0131na \u00fczv q\u0259bul edildi"},"content":{"rendered":"<p>M\u0259likzad\u0259 S\u0259nan M\u0259h\u0259mm\u0259d\u0259li o\u011flu 1993-c\u00fc ild\u0259 Z\u0259rdab rayonunun B\u0131\u00e7aq\u00e7\u0131 k\u0259ndind\u0259 do\u011fulub. 2011-ci ild\u0259 k\u0259nd tam orta m\u0259kt\u0259bini, 2015-ci ild\u0259 is\u0259 Z\u0259rdab pe\u015f\u0259 liseyini bitirib.<\/p>\n<p>H\u0259l\u0259 orta m\u0259kt\u0259b ill\u0259rind\u0259n idmana x\u00fcsusi\u00a0 maraq g\u00f6st\u0259r\u0259n S\u0259nan 2007-ci ild\u0259 \u015fahmat \u00fczr\u0259 zayon \u00e7empionu olub.<\/p>\n<p>II qrup g\u00f6zd\u0259n \u0259lil olsa da , idmana olan sonsuz h\u0259v\u0259si onu he\u00e7 vaxt t\u0259rk etm\u0259yib . \u00d6z potensial\u0131n\u0131 \u00fcz\u0259 \u00e7\u0131xarmaq \u00fc\u00e7\u00fcn h\u0259mi\u015f\u0259 axtar\u0131\u015fda olan S\u0259nana is\u0259 \u0259n b\u00f6yk k\u00f6m\u0259yi \u018fm\u0259k v\u0259 \u018fhalinin Sosial M\u00fcdafi\u0259si nazirliyi yan\u0131nda D\u00f6vl\u0259t Sosial M\u00fcdafi\u0259 Fondunun Z\u0259rdab rayon \u015f\u00f6b\u0259si etdi.<\/p>\n<p><a href=\"http:\/\/www.zerdab.com\/h%c9%99myerlimiz-cudo-uzr%c9%99-gozd%c9%99n-%c9%99lill%c9%99r-arasinda-paraolimpiya-yigma-komandasina-uzv-q%c9%99bul-edildi\/zerdab-bicaqci-4\/\" rel=\"attachment wp-att-24516\"><img loading=\"lazy\" decoding=\"async\" class=\"aligncenter size-large wp-image-24516\" src=\"http:\/\/www.zerdab.com\/wp-content\/uploads\/2017\/04\/Zerdab-B\u0131\u00e7aq\u00e7\u0131-357x550.jpg\" alt=\"\" width=\"357\" height=\"550\" \/><\/a><\/p>\n<p>M\u0259lumat \u00fc\u00e7\u00fcn bildir\u0259k ki , \u018fm\u0259k v\u0259 \u018fhalinin Sosial M\u00fcdafi\u0259si nazirliyi yan\u0131nda D\u00f6vl\u0259t Sosial M\u00fcdafi\u0259 Fondunun Z\u0259rdab rayon \u015f\u00f6b\u0259si, x\u00fcsusil\u0259 Z\u0259rdab rayon \u015f\u00f6b\u0259sinin m\u00fcdiri Canpolad V\u0259liyev, sosial xidm\u0259t sektorunun m\u00fcdiri Eldar X\u0259lilov bel\u0259 g\u0259ncl\u0259rin \u00fcz\u0259 \u00e7\u0131xar\u0131lmas\u0131nda \u0259ll\u0259rind\u0259n g\u0259l\u0259ni \u0259sirg\u0259mirl\u0259r. \u0130ndiy\u0259 q\u0259d\u0259r onlar\u0131n d\u0259st\u0259yi il\u0259 Z\u0259rdabdan Az\u0259rbaycan Respublikas\u0131 \u018fm\u0259k v\u0259 \u018fhalinin Sosial M\u00fcdafi\u0259si nazirliyi yan\u0131nda D\u00f6vl\u0259t sosial t\u0259minat xidm\u0259tinin tabeliyind\u0259 olan \u00a0sa\u011flaml\u0131q imkanlar\u0131 m\u0259hdud g\u0259ncl\u0259rin pe\u015f\u0259 reabilitasiya m\u0259rk\u0259zin\u0259 g\u00f6nd\u0259rilm\u0259si v\u0259 18-29 ya\u015fl\u0131 bu g\u0259ncl\u0259rin h\u0259min m\u0259rk\u0259zd\u0259 pe\u015f\u0259l\u0259r\u0259 yiy\u0259l\u0259nm\u0259si u\u011furla davam edir. Bel\u0259 g\u0259ncl\u0259rimizd\u0259n Q\u0259r\u0259nfil Teymurovan\u0131 qeyd ed\u0259 bil\u0259rik . Q\u0259r\u0259nfil xan\u0131m m\u0259hz Z\u0259rdab rayon \u015f\u00f6b\u0259sinin t\u0259\u015fkilat\u00e7\u0131l\u0131\u011f\u0131 il\u0259 sa\u011flaml\u0131q imkanlar\u0131 m\u0259hdud g\u0259ncl\u0259rin pe\u015f\u0259 reabilitasiya m\u0259rk\u0259zin\u0259 g\u00f6nd\u0259ril\u0259r\u0259k burada xal\u00e7a\u00e7\u0131l\u0131q ixtisas\u0131 \u00fczr\u0259 6 ay \u0259rzind\u0259 kurs ke\u00e7mi\u015f v\u0259 pe\u015f\u0259kar xal\u00e7a\u00e7\u0131 kimi rayona qay\u0131daraq rayon Heyd\u0259r \u018fliyev M\u0259rk\u0259zinin xal\u00e7a\u00e7\u0131l\u0131q d\u0259rn\u0259yin\u0259 r\u0259hb\u0259rlik etmi\u015fdir.<\/p>\n<p>H\u0259min g\u0259ncl\u0259r qrupuna daxil olan 1991-ci il t\u0259v\u0259ll\u00fcdl\u00fc , G\u00f6d\u0259kqobu k\u0259nd sakini , II qrup g\u00f6zd\u0259n \u0259lil X\u0259yal\u0259 Pa\u015fazad\u0259 d\u0259 Z\u0259rdab rayon \u015f\u00f6b\u0259si t\u0259r\u0259find\u0259n 6 ayl\u0131q r\u0259ssaml\u0131q kursuna g\u00f6nd\u0259rilmi\u015f v\u0259 X\u0259yal\u0259 kursu u\u011furla bitir\u0259r\u0259k haz\u0131rda t\u0259hsilini nazirliyin d\u0259st\u0259yi il\u0259 \u015e\u0259ki D\u00f6vl\u0259t Regional Kollecinin t\u0259sviri inc\u0259s\u0259n\u0259t \u015f\u00f6b\u0259sind\u0259 davam etdirir.<\/p>\n<p>Bu ilin aprel ay\u0131n\u0131n 1-d\u0259n is\u0259 S\u0259nan pe\u015f\u0259 reabilitasiya m\u0259rk\u0259zinin 3 ayl\u0131q idman kursuna g\u00f6nd\u0259rilmi \u015fdir . Kursda \u00f6z qabiliyy\u0259ti il\u0259 se\u00e7il\u0259n S\u0259nan c\u00fcdo \u00fczr\u0259 paraolimpiya y\u0131\u011fma komandas\u0131na q\u0259bul edilmi\u015fdir .<\/p>\n<p>Haz\u0131rda orada t\u0259lim m\u0259\u015fq toplan\u0131\u015f\u0131ndad\u0131r . Sosial xidm\u0259t sektorunun m\u00fcdiri Eldar X\u0259lilov Z\u0259rdabdan g\u00f6nd\u0259rdikl\u0259ri b\u00fct\u00fcn g\u0259ncl\u0259r kimi S\u0259nanla da yax\u0131ndan maraqlan\u0131r. Eldar m\u00fc\u0259llim bu g\u00fcnl\u0259rd\u0259 S\u0259nan\u0131n m\u0259\u015fq\u00e7isi , paraolimpiya y\u0131\u011fmas\u0131n\u0131n ba\u015f m\u0259\u015fq\u00e7isi , \u0259m\u0259kdar m\u0259\u015fq\u00e7i , \u015e\u00f6hr\u0259t ordenli , Prezident t\u0259qa\u00fcd\u00e7\u00fcs\u00fc \u0130brahim \u0130brahimovla g\u00f6r\u00fc\u015fm\u00fc\u015fd\u00fcr. S\u00f6hb\u0259td\u0259n m\u0259lum olub ki , m\u0259\u015fq\u00e7inin h\u0259myerlimiz haqq\u0131nda fikirl\u0259ri \u00e7ox y\u00fcks\u0259kdir .\u0130.\u0130brahimov deyib ki , S\u0259nan haz\u0131rda islam oyunlar\u0131na haz\u0131rla\u015f\u0131r. S\u0259nanda c\u00fcdo \u00fczr\u0259 b\u00f6y\u00fck potensial g\u00f6r\u00fcr\u0259m .Qar\u015f\u0131ma m\u0259qs\u0259d qoymu\u015fam ki , 6 ay \u0259rzind\u0259 onu d\u00fcnya \u015fempionu ed\u0259 bilim .<\/p>\n<p>M\u0259\u015fq\u00e7i \u0130.\u0130brahimovun h\u0259myerlimiz haqq\u0131ndak<strong>\u0131 bu nikbin r\u0259yi h\u0259r birimizd\u0259 q\u00fcrur hissi oyada <\/strong>bil\u0259r.<\/p>\n<p>Biz d\u0259 \u00fcmid edirik ki , S\u0259nan M\u0259likzad\u0259 \u00f6z qabiliyy\u0259ti il\u0259 do\u011fma Z\u0259rdaba \u015f\u011fhr\u0259t g\u0259tir\u0259c\u0259k .Bu arzunun yerin\u0259 yetm\u0259si ist\u0259yi il\u0259<\/p>\n<p><strong>T\u0259rlan Abdullayeva, &#8220;\u018fkin\u00e7i&#8221;nin m\u00fcxbiri.<\/strong><\/p>\n<p><a href=\"http:\/\/www.zerdab.com\/h%c9%99myerlimiz-cudo-uzr%c9%99-gozd%c9%99n-%c9%99lill%c9%99r-arasinda-paraolimpiya-yigma-komandasina-uzv-q%c9%99bul-edildi\/zerdab-bicaqci1\/\" rel=\"attachment wp-att-24517\"><img loading=\"lazy\" decoding=\"async\" class=\"aligncenter size-large wp-image-24517\" src=\"http:\/\/www.zerdab.com\/wp-content\/uploads\/2017\/04\/Zerdab-B\u0131\u00e7aq\u00e7\u01311-372x550.jpg\" alt=\"\" width=\"372\" height=\"550\" \/><\/a><\/p>\n","protected":false},"excerpt":{"rendered":"<p>M\u0259likzad\u0259 S\u0259nan M\u0259h\u0259mm\u0259d\u0259li o\u011flu 1993-c\u00fc ild\u0259 Z\u0259rdab rayonunun B\u0131\u00e7aq\u00e7\u0131 k\u0259ndind\u0259 do\u011fulub. 2011-ci ild\u0259 k\u0259nd tam orta m\u0259kt\u0259bini, 2015-ci ild\u0259 is\u0259 Z\u0259rdab pe\u015f\u0259 liseyini bitirib. H\u0259l\u0259 orta m\u0259kt\u0259b ill\u0259rind\u0259n idmana x\u00fcsusi\u00a0 maraq g\u00f6st\u0259r\u0259n S\u0259nan 2007-ci ild\u0259 \u015fahmat \u00fczr\u0259 zayon \u00e7empionu olub. II qrup g\u00f6zd\u0259n \u0259lil olsa da , idmana olan sonsuz h\u0259v\u0259si onu he\u00e7 vaxt t\u0259rk [&hellip;]<\/p>\n","protected":false},"author":1,"featured_media":0,"comment_status":"open","ping_status":"open","sticky":false,"template":"","format":"standard","meta":{"footnotes":""},"categories":[21],"tags":[],"class_list":{"0":"post-24515","1":"post","2":"type-post","3":"status-publish","4":"format-standard","6":"category-zrdab"},"yoast_head":"<!-- This site is optimized with the Yoast SEO plugin v27.0 - https:\/\/yoast.com\/product\/yoast-seo-wordpress\/ -->\n<title>H\u0259myerlimiz c\u00fcdo \u00fczr\u0259 g\u00f6zd\u0259n \u0259lill\u0259r aras\u0131nda paraolimpiya y\u0131\u011fma komandas\u0131na \u00fczv q\u0259bul edildi - Z\u0259rdab.com<\/title>\n<meta name=\"robots\" content=\"index, follow, max-snippet:-1, max-image-preview:large, max-video-preview:-1\" \/>\n<link rel=\"canonical\" href=\"https:\/\/www.zerdab.com\/?p=24515\" \/>\n<meta property=\"og:locale\" content=\"az_AZ\" \/>\n<meta property=\"og:type\" content=\"article\" \/>\n<meta property=\"og:title\" content=\"H\u0259myerlimiz c\u00fcdo \u00fczr\u0259 g\u00f6zd\u0259n \u0259lill\u0259r aras\u0131nda paraolimpiya y\u0131\u011fma komandas\u0131na \u00fczv q\u0259bul edildi - Z\u0259rdab.com\" \/>\n<meta property=\"og:description\" content=\"M\u0259likzad\u0259 S\u0259nan M\u0259h\u0259mm\u0259d\u0259li o\u011flu 1993-c\u00fc ild\u0259 Z\u0259rdab rayonunun B\u0131\u00e7aq\u00e7\u0131 k\u0259ndind\u0259 do\u011fulub. 2011-ci ild\u0259 k\u0259nd tam orta m\u0259kt\u0259bini, 2015-ci ild\u0259 is\u0259 Z\u0259rdab pe\u015f\u0259 liseyini bitirib. H\u0259l\u0259 orta m\u0259kt\u0259b ill\u0259rind\u0259n idmana x\u00fcsusi\u00a0 maraq g\u00f6st\u0259r\u0259n S\u0259nan 2007-ci ild\u0259 \u015fahmat \u00fczr\u0259 zayon \u00e7empionu olub. II qrup g\u00f6zd\u0259n \u0259lil olsa da , idmana olan sonsuz h\u0259v\u0259si onu he\u00e7 vaxt t\u0259rk [&hellip;]\" \/>\n<meta property=\"og:url\" content=\"https:\/\/www.zerdab.com\/?p=24515\" \/>\n<meta property=\"og:site_name\" content=\"Z\u0259rdab.com\" \/>\n<meta property=\"article:published_time\" content=\"2017-04-28T14:56:47+00:00\" \/>\n<meta name=\"author\" content=\"admin\" \/>\n<meta name=\"twitter:card\" content=\"summary_large_image\" \/>\n<meta name=\"twitter:label1\" content=\"Written by\" \/>\n\t<meta name=\"twitter:data1\" content=\"admin\" \/>\n\t<meta name=\"twitter:label2\" content=\"Est. reading time\" \/>\n\t<meta name=\"twitter:data2\" content=\"3 minutes\" \/>\n<script type=\"application\/ld+json\" class=\"yoast-schema-graph\">{\"@context\":\"https:\/\/schema.org\",\"@graph\":[{\"@type\":\"Article\",\"@id\":\"https:\/\/www.zerdab.com\/?p=24515#article\",\"isPartOf\":{\"@id\":\"https:\/\/www.zerdab.com\/?p=24515\"},\"author\":{\"name\":\"admin\",\"@id\":\"https:\/\/www.zerdab.com\/#\/schema\/person\/97079b7570c1e89ec0d9e138c3672136\"},\"headline\":\"H\u0259myerlimiz c\u00fcdo \u00fczr\u0259 g\u00f6zd\u0259n \u0259lill\u0259r aras\u0131nda paraolimpiya y\u0131\u011fma komandas\u0131na \u00fczv q\u0259bul edildi\",\"datePublished\":\"2017-04-28T14:56:47+00:00\",\"mainEntityOfPage\":{\"@id\":\"https:\/\/www.zerdab.com\/?p=24515\"},\"wordCount\":717,\"commentCount\":0,\"articleSection\":[\"C\u018fM\u0130YY\u018fT\"],\"inLanguage\":\"az\",\"potentialAction\":[{\"@type\":\"CommentAction\",\"name\":\"Comment\",\"target\":[\"https:\/\/www.zerdab.com\/?p=24515#respond\"]}]},{\"@type\":\"WebPage\",\"@id\":\"https:\/\/www.zerdab.com\/?p=24515\",\"url\":\"https:\/\/www.zerdab.com\/?p=24515\",\"name\":\"H\u0259myerlimiz c\u00fcdo \u00fczr\u0259 g\u00f6zd\u0259n \u0259lill\u0259r aras\u0131nda paraolimpiya y\u0131\u011fma komandas\u0131na \u00fczv q\u0259bul edildi - Z\u0259rdab.com\",\"isPartOf\":{\"@id\":\"https:\/\/www.zerdab.com\/#website\"},\"datePublished\":\"2017-04-28T14:56:47+00:00\",\"author\":{\"@id\":\"https:\/\/www.zerdab.com\/#\/schema\/person\/97079b7570c1e89ec0d9e138c3672136\"},\"breadcrumb\":{\"@id\":\"https:\/\/www.zerdab.com\/?p=24515#breadcrumb\"},\"inLanguage\":\"az\",\"potentialAction\":[{\"@type\":\"ReadAction\",\"target\":[\"https:\/\/www.zerdab.com\/?p=24515\"]}]},{\"@type\":\"BreadcrumbList\",\"@id\":\"https:\/\/www.zerdab.com\/?p=24515#breadcrumb\",\"itemListElement\":[{\"@type\":\"ListItem\",\"position\":1,\"name\":\"Home\",\"item\":\"https:\/\/www.zerdab.com\/\"},{\"@type\":\"ListItem\",\"position\":2,\"name\":\"H\u0259myerlimiz c\u00fcdo \u00fczr\u0259 g\u00f6zd\u0259n \u0259lill\u0259r aras\u0131nda paraolimpiya y\u0131\u011fma komandas\u0131na \u00fczv q\u0259bul edildi\"}]},{\"@type\":\"WebSite\",\"@id\":\"https:\/\/www.zerdab.com\/#website\",\"url\":\"https:\/\/www.zerdab.com\/\",\"name\":\"Z\u0259rdab.com\",\"description\":\"\",\"potentialAction\":[{\"@type\":\"SearchAction\",\"target\":{\"@type\":\"EntryPoint\",\"urlTemplate\":\"https:\/\/www.zerdab.com\/?s={search_term_string}\"},\"query-input\":{\"@type\":\"PropertyValueSpecification\",\"valueRequired\":true,\"valueName\":\"search_term_string\"}}],\"inLanguage\":\"az\"},{\"@type\":\"Person\",\"@id\":\"https:\/\/www.zerdab.com\/#\/schema\/person\/97079b7570c1e89ec0d9e138c3672136\",\"name\":\"admin\",\"image\":{\"@type\":\"ImageObject\",\"inLanguage\":\"az\",\"@id\":\"https:\/\/www.zerdab.com\/#\/schema\/person\/image\/\",\"url\":\"https:\/\/secure.gravatar.com\/avatar\/d9c52a9a27c32119cb6679a077fa3e2779e5f822c451cbf01098004361d466ec?s=96&d=mm&r=g\",\"contentUrl\":\"https:\/\/secure.gravatar.com\/avatar\/d9c52a9a27c32119cb6679a077fa3e2779e5f822c451cbf01098004361d466ec?s=96&d=mm&r=g\",\"caption\":\"admin\"},\"url\":\"https:\/\/www.zerdab.com\/?author=1\"}]}<\/script>\n<!-- \/ Yoast SEO plugin. -->","yoast_head_json":{"title":"H\u0259myerlimiz c\u00fcdo \u00fczr\u0259 g\u00f6zd\u0259n \u0259lill\u0259r aras\u0131nda paraolimpiya y\u0131\u011fma komandas\u0131na \u00fczv q\u0259bul edildi - Z\u0259rdab.com","robots":{"index":"index","follow":"follow","max-snippet":"max-snippet:-1","max-image-preview":"max-image-preview:large","max-video-preview":"max-video-preview:-1"},"canonical":"https:\/\/www.zerdab.com\/?p=24515","og_locale":"az_AZ","og_type":"article","og_title":"H\u0259myerlimiz c\u00fcdo \u00fczr\u0259 g\u00f6zd\u0259n \u0259lill\u0259r aras\u0131nda paraolimpiya y\u0131\u011fma komandas\u0131na \u00fczv q\u0259bul edildi - Z\u0259rdab.com","og_description":"M\u0259likzad\u0259 S\u0259nan M\u0259h\u0259mm\u0259d\u0259li o\u011flu 1993-c\u00fc ild\u0259 Z\u0259rdab rayonunun B\u0131\u00e7aq\u00e7\u0131 k\u0259ndind\u0259 do\u011fulub. 2011-ci ild\u0259 k\u0259nd tam orta m\u0259kt\u0259bini, 2015-ci ild\u0259 is\u0259 Z\u0259rdab pe\u015f\u0259 liseyini bitirib. H\u0259l\u0259 orta m\u0259kt\u0259b ill\u0259rind\u0259n idmana x\u00fcsusi\u00a0 maraq g\u00f6st\u0259r\u0259n S\u0259nan 2007-ci ild\u0259 \u015fahmat \u00fczr\u0259 zayon \u00e7empionu olub. II qrup g\u00f6zd\u0259n \u0259lil olsa da , idmana olan sonsuz h\u0259v\u0259si onu he\u00e7 vaxt t\u0259rk [&hellip;]","og_url":"https:\/\/www.zerdab.com\/?p=24515","og_site_name":"Z\u0259rdab.com","article_published_time":"2017-04-28T14:56:47+00:00","author":"admin","twitter_card":"summary_large_image","twitter_misc":{"Written by":"admin","Est. reading time":"3 minutes"},"schema":{"@context":"https:\/\/schema.org","@graph":[{"@type":"Article","@id":"https:\/\/www.zerdab.com\/?p=24515#article","isPartOf":{"@id":"https:\/\/www.zerdab.com\/?p=24515"},"author":{"name":"admin","@id":"https:\/\/www.zerdab.com\/#\/schema\/person\/97079b7570c1e89ec0d9e138c3672136"},"headline":"H\u0259myerlimiz c\u00fcdo \u00fczr\u0259 g\u00f6zd\u0259n \u0259lill\u0259r aras\u0131nda paraolimpiya y\u0131\u011fma komandas\u0131na \u00fczv q\u0259bul edildi","datePublished":"2017-04-28T14:56:47+00:00","mainEntityOfPage":{"@id":"https:\/\/www.zerdab.com\/?p=24515"},"wordCount":717,"commentCount":0,"articleSection":["C\u018fM\u0130YY\u018fT"],"inLanguage":"az","potentialAction":[{"@type":"CommentAction","name":"Comment","target":["https:\/\/www.zerdab.com\/?p=24515#respond"]}]},{"@type":"WebPage","@id":"https:\/\/www.zerdab.com\/?p=24515","url":"https:\/\/www.zerdab.com\/?p=24515","name":"H\u0259myerlimiz c\u00fcdo \u00fczr\u0259 g\u00f6zd\u0259n \u0259lill\u0259r aras\u0131nda paraolimpiya y\u0131\u011fma komandas\u0131na \u00fczv q\u0259bul edildi - Z\u0259rdab.com","isPartOf":{"@id":"https:\/\/www.zerdab.com\/#website"},"datePublished":"2017-04-28T14:56:47+00:00","author":{"@id":"https:\/\/www.zerdab.com\/#\/schema\/person\/97079b7570c1e89ec0d9e138c3672136"},"breadcrumb":{"@id":"https:\/\/www.zerdab.com\/?p=24515#breadcrumb"},"inLanguage":"az","potentialAction":[{"@type":"ReadAction","target":["https:\/\/www.zerdab.com\/?p=24515"]}]},{"@type":"BreadcrumbList","@id":"https:\/\/www.zerdab.com\/?p=24515#breadcrumb","itemListElement":[{"@type":"ListItem","position":1,"name":"Home","item":"https:\/\/www.zerdab.com\/"},{"@type":"ListItem","position":2,"name":"H\u0259myerlimiz c\u00fcdo \u00fczr\u0259 g\u00f6zd\u0259n \u0259lill\u0259r aras\u0131nda paraolimpiya y\u0131\u011fma komandas\u0131na \u00fczv q\u0259bul edildi"}]},{"@type":"WebSite","@id":"https:\/\/www.zerdab.com\/#website","url":"https:\/\/www.zerdab.com\/","name":"Z\u0259rdab.com","description":"","potentialAction":[{"@type":"SearchAction","target":{"@type":"EntryPoint","urlTemplate":"https:\/\/www.zerdab.com\/?s={search_term_string}"},"query-input":{"@type":"PropertyValueSpecification","valueRequired":true,"valueName":"search_term_string"}}],"inLanguage":"az"},{"@type":"Person","@id":"https:\/\/www.zerdab.com\/#\/schema\/person\/97079b7570c1e89ec0d9e138c3672136","name":"admin","image":{"@type":"ImageObject","inLanguage":"az","@id":"https:\/\/www.zerdab.com\/#\/schema\/person\/image\/","url":"https:\/\/secure.gravatar.com\/avatar\/d9c52a9a27c32119cb6679a077fa3e2779e5f822c451cbf01098004361d466ec?s=96&d=mm&r=g","contentUrl":"https:\/\/secure.gravatar.com\/avatar\/d9c52a9a27c32119cb6679a077fa3e2779e5f822c451cbf01098004361d466ec?s=96&d=mm&r=g","caption":"admin"},"url":"https:\/\/www.zerdab.com\/?author=1"}]}},"_links":{"self":[{"href":"https:\/\/www.zerdab.com\/index.php?rest_route=\/wp\/v2\/posts\/24515","targetHints":{"allow":["GET"]}}],"collection":[{"href":"https:\/\/www.zerdab.com\/index.php?rest_route=\/wp\/v2\/posts"}],"about":[{"href":"https:\/\/www.zerdab.com\/index.php?rest_route=\/wp\/v2\/types\/post"}],"author":[{"embeddable":true,"href":"https:\/\/www.zerdab.com\/index.php?rest_route=\/wp\/v2\/users\/1"}],"replies":[{"embeddable":true,"href":"https:\/\/www.zerdab.com\/index.php?rest_route=%2Fwp%2Fv2%2Fcomments&post=24515"}],"version-history":[{"count":2,"href":"https:\/\/www.zerdab.com\/index.php?rest_route=\/wp\/v2\/posts\/24515\/revisions"}],"predecessor-version":[{"id":24520,"href":"https:\/\/www.zerdab.com\/index.php?rest_route=\/wp\/v2\/posts\/24515\/revisions\/24520"}],"wp:attachment":[{"href":"https:\/\/www.zerdab.com\/index.php?rest_route=%2Fwp%2Fv2%2Fmedia&parent=24515"}],"wp:term":[{"taxonomy":"category","embeddable":true,"href":"https:\/\/www.zerdab.com\/index.php?rest_route=%2Fwp%2Fv2%2Fcategories&post=24515"},{"taxonomy":"post_tag","embeddable":true,"href":"https:\/\/www.zerdab.com\/index.php?rest_route=%2Fwp%2Fv2%2Ftags&post=24515"}],"curies":[{"name":"wp","href":"https:\/\/api.w.org\/{rel}","templated":true}]}}