{"id":24599,"date":"2017-05-11T16:12:08","date_gmt":"2017-05-11T12:12:08","guid":{"rendered":"http:\/\/www.zerdab.com\/?p=24599"},"modified":"2017-05-11T16:12:48","modified_gmt":"2017-05-11T12:12:48","slug":"z%c9%99rdabda-heyd%c9%99r-%c9%99liyevin-anadan-olmasinin-94-cu-ildonumu-munasib%c9%99til%c9%99-silsil%c9%99-t%c9%99dbirl%c9%99r-kecirilib-fotolar","status":"publish","type":"post","link":"https:\/\/www.zerdab.com\/?p=24599","title":{"rendered":"Z\u0259rdabda Heyd\u0259r \u018fliyevin anadan olmas\u0131n\u0131n ild\u00f6n\u00fcm\u00fc m\u00fcnasib\u0259til\u0259 t\u0259dbirl\u0259r ke\u00e7irilib &#8211; FOTOLAR"},"content":{"rendered":"<p>Z\u0259rdabda \u00dcmummilli lider Heyd\u0259r \u018fliyevin anadan olmas\u0131n\u0131n 94-c\u00fc ild\u00f6n\u00fcm\u00fc m\u00fcnasib\u0259til\u0259 silsil\u0259 t\u0259dbirl\u0259r ke\u00e7irilib. <span style=\"color: #ff0000;\"><strong>&#8220;Zerdab.com&#8221;<\/strong><\/span> sayt\u0131 x\u0259b\u0259r verir ki,\u00a0\u00fcmummilli liderin ad\u0131n\u0131 da\u015f\u0131yan parkda t\u0259\u015fkil edil\u0259n m\u0259kt\u0259blil\u0259rin \u0259l i\u015fl\u0259rind\u0259n ibar\u0259t s\u0259rgi v\u0259 divar q\u0259zetl\u0259ri maraqla izl\u0259nilib. T\u0259\u015fkil olunmu\u015f \u201cKitab bayram\u0131\u201d da b\u00f6y\u00fck mara\u011fa s\u0259<span class=\"text_exposed_show\">b\u0259b olub. Kitab s\u0259rgisind\u0259 180 adda 1100 n\u00fcsx\u0259d\u0259n \u00e7ox \u0259s\u0259r n\u00fcmayi\u015f olunub. M\u00fcst\u0259qil d\u00f6vl\u0259timizin banisi Heyd\u0259r \u018fliyev\u0259 h\u0259sr edilmi\u015f kitablar, klassik v\u0259 m\u00fcasir \u0259d\u0259biyyat n\u00fcmun\u0259l\u0259ri, m\u00fcasir Az\u0259rbaycan\u0131n u\u011furlar\u0131ndan b\u0259hs ed\u0259n jurnallar maraqla qar\u015f\u0131lan\u0131b. Z\u0259rdabl\u0131lar yerli inc\u0259s\u0259n\u0259t ustalar\u0131n\u0131n t\u0259qdim etdikl\u0259ri konsert proqram\u0131n\u0131 da alq\u0131\u015flarla qar\u015f\u0131lay\u0131blar.<br \/>\nBu \u0259lam\u0259tdar g\u00fcnd\u0259 rayonda sosial v\u0259 istehsal t\u0259yinatl\u0131 obyektl\u0259r d\u0259 istifad\u0259y\u0259 verilib. 35 yerlik \u0130saqba\u011f\u0131 k\u0259nd k\u00f6rp\u0259l\u0259r evi-u\u015faq ba\u011f\u00e7as\u0131n\u0131n \u0259sasl\u0131 \u015f\u0259kild\u0259 yenid\u0259n qurulmas\u0131 sevincl\u0259 qar\u015f\u0131lan\u0131b. Z\u0259ruri l\u0259vazimat v\u0259 avadanl\u0131qlarla t\u0259chiz edil\u0259n t\u0259lim-t\u0259rbiy\u0259 oca\u011f\u0131n\u0131n qrup v\u0259 yataq otaqlar\u0131nda n\u00fcmun\u0259vi \u015f\u0259rait yarad\u0131l\u0131b. Ba\u011f\u00e7an\u0131n a\u00e7\u0131l\u0131\u015f m\u0259rasimind\u0259 Z\u0259rdab Rayon icra hakimiyy\u0259tinin ba\u015f\u00e7\u0131s\u0131 L\u00fctv\u0259li Babayev k\u00f6rp\u0259l\u0259ri, valideyn v\u0259 t\u0259rbiy\u0259\u00e7il\u0259ri t\u0259brik edib. Bildirib ki, son ill\u0259r rayonda yeni m\u0259kt\u0259b binalar\u0131n\u0131n, u\u015faq ba\u011f\u00e7alar\u0131n\u0131n tikilm\u0259si v\u0259 ya \u0259sasl\u0131 t\u0259miri d\u00f6vl\u0259tin t\u0259hsil\u0259 qay\u011f\u0131s\u0131n\u0131n bariz n\u00fcmun\u0259sidir. Sonda k\u00f6rp\u0259l\u0259r evind\u0259 yarad\u0131lan \u015f\u0259raitl\u0259 tan\u0131\u015fl\u0131q olub.<br \/>\nRayonda S\u00fcd emal\u0131 m\u00fc\u0259ssis\u0259si d\u0259 istifad\u0259y\u0259 verilib. Sutkal\u0131q g\u00fcc\u00fc 20 ton olan \u201cRam S\u00fcd\u201d MMC-nin s\u00fcd emal\u0131 m\u00fc\u0259ssis\u0259sind\u0259 100 n\u0259f\u0259r\u0259 q\u0259d\u0259r insan daimi i\u015fl\u0259 t\u0259min edil\u0259c\u0259k. Burada postizator, \u00e7eferator, s\u00fcd bi\u015firm\u0259 tanklar\u0131-qazanlar\u0131, s\u00fcd soyutma tanklar\u0131, ayran v\u0259 qat\u0131q aparatlar\u0131, soyuducu, nehr\u0259, k\u0259smik qazanlar\u0131, k\u0259smik \u00fc\u00e7\u00fcn baraban, qabla\u015fd\u0131r\u0131c\u0131, termost v\u0259 dig\u0259r avadanl\u0131qlar qura\u015fd\u0131r\u0131l\u0131b. \u0130stehsal olunan m\u0259hsullar\u0131n daxili bazara \u00e7\u0131xar\u0131lmas\u0131 planla\u015fd\u0131r\u0131l\u0131b. T\u0259sis\u00e7i Roman S\u0259f\u0259rov bildirib ki, m\u00fc\u0259ssis\u0259 qurulark\u0259n d\u00f6vl\u0259t d\u0259st\u0259yind\u0259n yararlan\u0131b. Lizinq yolu il\u0259 bir milyon manat d\u0259y\u0259rind\u0259 avadanl\u0131q al\u0131n\u0131b. T\u0259dbird\u0259 \u00e7\u0131x\u0131\u015f ed\u0259n Rayon icra hakimiyy\u0259tinin ba\u015f\u00e7\u0131s\u0131 L\u00fctv\u0259li Babayev bu \u0259lam\u0259tdar hadis\u0259 m\u00fcnasib\u0259til\u0259 b\u00fct\u00fcn rayon sakinl\u0259rini t\u0259brik edib. M\u00fc\u0259ssis\u0259nin a\u00e7\u0131l\u0131\u015f\u0131ndan sonra i\u015f f\u0259aliyy\u0259ti il\u0259 tan\u0131\u015fl\u0131q olub.<br \/>\nEyni zamanda Z\u0259rdab rayonunun idar\u0259, m\u00fc\u0259ssis\u0259 v\u0259 t\u0259\u015fkilatlar\u0131nda \u00e7al\u0131\u015fan 620 n\u0259f\u0259r sakin Z\u0259rdab-Ucar avtomobil yolunun k\u0259narlar\u0131nda a\u011fac\u0259km\u0259 kampaniyas\u0131nda i\u015ftirak edibl\u0259r. Kampaniya \u00e7\u0259r\u00e7iv\u0259sind\u0259 2800 \u0259d\u0259d qovaq, \u00e7inar, eldar \u015fam\u0131, g\u00f6yr\u00fc\u015f, s\u00f6yud, s\u0259rv v\u0259 sair a\u011faclar \u0259kilib. Yeni v\u0259 m\u00f6vcud ya\u015f\u0131ll\u0131qlara aqrotexniki qulluq g\u00f6st\u0259rilib.<\/span><\/p>\n<p><a href=\"http:\/\/www.zerdab.com\/z%c9%99rdabda-heyd%c9%99r-%c9%99liyevin-anadan-olmasinin-94-cu-ildonumu-munasib%c9%99til%c9%99-silsil%c9%99-t%c9%99dbirl%c9%99r-kecirilib-fotolar\/zerdab-rayonu1-19\/\" rel=\"attachment wp-att-24600\"><img loading=\"lazy\" decoding=\"async\" class=\"aligncenter size-large wp-image-24600\" src=\"http:\/\/www.zerdab.com\/wp-content\/uploads\/2017\/05\/Zerdab-rayonu1-550x365.jpg\" alt=\"\" width=\"550\" height=\"365\" \/><\/a><a href=\"http:\/\/www.zerdab.com\/z%c9%99rdabda-heyd%c9%99r-%c9%99liyevin-anadan-olmasinin-94-cu-ildonumu-munasib%c9%99til%c9%99-silsil%c9%99-t%c9%99dbirl%c9%99r-kecirilib-fotolar\/zerdab-rayonu2-19\/\" rel=\"attachment wp-att-24601\"><img loading=\"lazy\" decoding=\"async\" class=\"aligncenter size-large wp-image-24601\" src=\"http:\/\/www.zerdab.com\/wp-content\/uploads\/2017\/05\/Zerdab-rayonu2-550x365.jpg\" alt=\"\" width=\"550\" height=\"365\" \/><\/a><a href=\"http:\/\/www.zerdab.com\/z%c9%99rdabda-heyd%c9%99r-%c9%99liyevin-anadan-olmasinin-94-cu-ildonumu-munasib%c9%99til%c9%99-silsil%c9%99-t%c9%99dbirl%c9%99r-kecirilib-fotolar\/zerdab-rayonu3-14\/\" rel=\"attachment wp-att-24602\"><img loading=\"lazy\" decoding=\"async\" class=\"aligncenter size-large wp-image-24602\" src=\"http:\/\/www.zerdab.com\/wp-content\/uploads\/2017\/05\/Zerdab-rayonu3-550x475.jpg\" alt=\"\" width=\"550\" height=\"475\" \/><\/a><a href=\"http:\/\/www.zerdab.com\/z%c9%99rdabda-heyd%c9%99r-%c9%99liyevin-anadan-olmasinin-94-cu-ildonumu-munasib%c9%99til%c9%99-silsil%c9%99-t%c9%99dbirl%c9%99r-kecirilib-fotolar\/zerdab-rayonu4-10\/\" rel=\"attachment wp-att-24603\"><img loading=\"lazy\" decoding=\"async\" class=\"aligncenter size-large wp-image-24603\" src=\"http:\/\/www.zerdab.com\/wp-content\/uploads\/2017\/05\/Zerdab-rayonu4-550x365.jpg\" alt=\"\" width=\"550\" height=\"365\" \/><\/a><a href=\"http:\/\/www.zerdab.com\/z%c9%99rdabda-heyd%c9%99r-%c9%99liyevin-anadan-olmasinin-94-cu-ildonumu-munasib%c9%99til%c9%99-silsil%c9%99-t%c9%99dbirl%c9%99r-kecirilib-fotolar\/zerdab-rayonu5-7\/\" rel=\"attachment wp-att-24604\"><img loading=\"lazy\" decoding=\"async\" class=\"aligncenter size-large wp-image-24604\" src=\"http:\/\/www.zerdab.com\/wp-content\/uploads\/2017\/05\/Zerdab-rayonu5-550x367.jpg\" alt=\"\" width=\"550\" height=\"367\" \/><\/a><a href=\"http:\/\/www.zerdab.com\/z%c9%99rdabda-heyd%c9%99r-%c9%99liyevin-anadan-olmasinin-94-cu-ildonumu-munasib%c9%99til%c9%99-silsil%c9%99-t%c9%99dbirl%c9%99r-kecirilib-fotolar\/zerdab-rayonu6-5\/\" rel=\"attachment wp-att-24605\"><img loading=\"lazy\" decoding=\"async\" class=\"aligncenter size-large wp-image-24605\" src=\"http:\/\/www.zerdab.com\/wp-content\/uploads\/2017\/05\/Zerdab-rayonu6-550x367.jpg\" alt=\"\" width=\"550\" height=\"367\" \/><\/a><a href=\"http:\/\/www.zerdab.com\/z%c9%99rdabda-heyd%c9%99r-%c9%99liyevin-anadan-olmasinin-94-cu-ildonumu-munasib%c9%99til%c9%99-silsil%c9%99-t%c9%99dbirl%c9%99r-kecirilib-fotolar\/zerdab-rayonu7\/\" rel=\"attachment wp-att-24606\"><img loading=\"lazy\" decoding=\"async\" class=\"aligncenter size-large wp-image-24606\" src=\"http:\/\/www.zerdab.com\/wp-content\/uploads\/2017\/05\/Zerdab-rayonu7-550x367.jpg\" alt=\"\" width=\"550\" height=\"367\" \/><\/a><a href=\"http:\/\/www.zerdab.com\/z%c9%99rdabda-heyd%c9%99r-%c9%99liyevin-anadan-olmasinin-94-cu-ildonumu-munasib%c9%99til%c9%99-silsil%c9%99-t%c9%99dbirl%c9%99r-kecirilib-fotolar\/zerdab-rayonu8\/\" rel=\"attachment wp-att-24607\"><img loading=\"lazy\" decoding=\"async\" class=\"aligncenter size-large wp-image-24607\" src=\"http:\/\/www.zerdab.com\/wp-content\/uploads\/2017\/05\/Zerdab-rayonu8-550x365.jpg\" alt=\"\" width=\"550\" height=\"365\" \/><\/a><a href=\"http:\/\/www.zerdab.com\/z%c9%99rdabda-heyd%c9%99r-%c9%99liyevin-anadan-olmasinin-94-cu-ildonumu-munasib%c9%99til%c9%99-silsil%c9%99-t%c9%99dbirl%c9%99r-kecirilib-fotolar\/zerdab-rayonu9\/\" rel=\"attachment wp-att-24608\"><img loading=\"lazy\" decoding=\"async\" class=\"aligncenter size-large wp-image-24608\" src=\"http:\/\/www.zerdab.com\/wp-content\/uploads\/2017\/05\/Zerdab-rayonu9-550x365.jpg\" alt=\"\" width=\"550\" height=\"365\" \/><\/a><a href=\"http:\/\/www.zerdab.com\/z%c9%99rdabda-heyd%c9%99r-%c9%99liyevin-anadan-olmasinin-94-cu-ildonumu-munasib%c9%99til%c9%99-silsil%c9%99-t%c9%99dbirl%c9%99r-kecirilib-fotolar\/zerdab-rayonu11\/\" rel=\"attachment wp-att-24609\"><img loading=\"lazy\" decoding=\"async\" class=\"aligncenter size-large wp-image-24609\" src=\"http:\/\/www.zerdab.com\/wp-content\/uploads\/2017\/05\/Zerdab-rayonu11-550x365.jpg\" alt=\"\" width=\"550\" height=\"365\" \/><\/a><a href=\"http:\/\/www.zerdab.com\/z%c9%99rdabda-heyd%c9%99r-%c9%99liyevin-anadan-olmasinin-94-cu-ildonumu-munasib%c9%99til%c9%99-silsil%c9%99-t%c9%99dbirl%c9%99r-kecirilib-fotolar\/zerdab-rayonu12\/\" rel=\"attachment wp-att-24610\"><img loading=\"lazy\" decoding=\"async\" class=\"aligncenter size-large wp-image-24610\" src=\"http:\/\/www.zerdab.com\/wp-content\/uploads\/2017\/05\/Zerdab-rayonu12-550x367.jpg\" alt=\"\" width=\"550\" height=\"367\" \/><\/a><a href=\"http:\/\/www.zerdab.com\/z%c9%99rdabda-heyd%c9%99r-%c9%99liyevin-anadan-olmasinin-94-cu-ildonumu-munasib%c9%99til%c9%99-silsil%c9%99-t%c9%99dbirl%c9%99r-kecirilib-fotolar\/zerdab-rayonu13\/\" rel=\"attachment wp-att-24611\"><img loading=\"lazy\" decoding=\"async\" class=\"aligncenter size-large wp-image-24611\" src=\"http:\/\/www.zerdab.com\/wp-content\/uploads\/2017\/05\/Zerdab-rayonu13-550x367.jpg\" alt=\"\" width=\"550\" height=\"367\" \/><\/a><a href=\"http:\/\/www.zerdab.com\/z%c9%99rdabda-heyd%c9%99r-%c9%99liyevin-anadan-olmasinin-94-cu-ildonumu-munasib%c9%99til%c9%99-silsil%c9%99-t%c9%99dbirl%c9%99r-kecirilib-fotolar\/zerdab-rayonu14\/\" rel=\"attachment wp-att-24612\"><img loading=\"lazy\" decoding=\"async\" class=\"aligncenter size-large wp-image-24612\" src=\"http:\/\/www.zerdab.com\/wp-content\/uploads\/2017\/05\/Zerdab-rayonu14-550x367.jpg\" alt=\"\" width=\"550\" height=\"367\" \/><\/a><\/p>\n","protected":false},"excerpt":{"rendered":"<p>Z\u0259rdabda \u00dcmummilli lider Heyd\u0259r \u018fliyevin anadan olmas\u0131n\u0131n 94-c\u00fc ild\u00f6n\u00fcm\u00fc m\u00fcnasib\u0259til\u0259 silsil\u0259 t\u0259dbirl\u0259r ke\u00e7irilib. &#8220;Zerdab.com&#8221; sayt\u0131 x\u0259b\u0259r verir ki,\u00a0\u00fcmummilli liderin ad\u0131n\u0131 da\u015f\u0131yan parkda t\u0259\u015fkil edil\u0259n m\u0259kt\u0259blil\u0259rin \u0259l i\u015fl\u0259rind\u0259n ibar\u0259t s\u0259rgi v\u0259 divar q\u0259zetl\u0259ri maraqla izl\u0259nilib. T\u0259\u015fkil olunmu\u015f \u201cKitab bayram\u0131\u201d da b\u00f6y\u00fck mara\u011fa s\u0259b\u0259b olub. Kitab s\u0259rgisind\u0259 180 adda 1100 n\u00fcsx\u0259d\u0259n \u00e7ox \u0259s\u0259r n\u00fcmayi\u015f olunub. M\u00fcst\u0259qil d\u00f6vl\u0259timizin [&hellip;]<\/p>\n","protected":false},"author":1,"featured_media":0,"comment_status":"open","ping_status":"open","sticky":false,"template":"","format":"standard","meta":{"footnotes":""},"categories":[5],"tags":[],"class_list":{"0":"post-24599","1":"post","2":"type-post","3":"status-publish","4":"format-standard","6":"category-knd"},"yoast_head":"<!-- This site is optimized with the Yoast SEO plugin v27.0 - https:\/\/yoast.com\/product\/yoast-seo-wordpress\/ -->\n<title>Z\u0259rdabda Heyd\u0259r \u018fliyevin anadan olmas\u0131n\u0131n ild\u00f6n\u00fcm\u00fc m\u00fcnasib\u0259til\u0259 t\u0259dbirl\u0259r ke\u00e7irilib - FOTOLAR - Z\u0259rdab.com<\/title>\n<meta name=\"robots\" content=\"index, follow, max-snippet:-1, max-image-preview:large, max-video-preview:-1\" \/>\n<link rel=\"canonical\" href=\"https:\/\/www.zerdab.com\/?p=24599\" \/>\n<meta property=\"og:locale\" content=\"az_AZ\" \/>\n<meta property=\"og:type\" content=\"article\" \/>\n<meta property=\"og:title\" content=\"Z\u0259rdabda Heyd\u0259r \u018fliyevin anadan olmas\u0131n\u0131n ild\u00f6n\u00fcm\u00fc m\u00fcnasib\u0259til\u0259 t\u0259dbirl\u0259r ke\u00e7irilib - FOTOLAR - Z\u0259rdab.com\" \/>\n<meta property=\"og:description\" content=\"Z\u0259rdabda \u00dcmummilli lider Heyd\u0259r \u018fliyevin anadan olmas\u0131n\u0131n 94-c\u00fc ild\u00f6n\u00fcm\u00fc m\u00fcnasib\u0259til\u0259 silsil\u0259 t\u0259dbirl\u0259r ke\u00e7irilib. &#8220;Zerdab.com&#8221; sayt\u0131 x\u0259b\u0259r verir ki,\u00a0\u00fcmummilli liderin ad\u0131n\u0131 da\u015f\u0131yan parkda t\u0259\u015fkil edil\u0259n m\u0259kt\u0259blil\u0259rin \u0259l i\u015fl\u0259rind\u0259n ibar\u0259t s\u0259rgi v\u0259 divar q\u0259zetl\u0259ri maraqla izl\u0259nilib. T\u0259\u015fkil olunmu\u015f \u201cKitab bayram\u0131\u201d da b\u00f6y\u00fck mara\u011fa s\u0259b\u0259b olub. Kitab s\u0259rgisind\u0259 180 adda 1100 n\u00fcsx\u0259d\u0259n \u00e7ox \u0259s\u0259r n\u00fcmayi\u015f olunub. M\u00fcst\u0259qil d\u00f6vl\u0259timizin [&hellip;]\" \/>\n<meta property=\"og:url\" content=\"https:\/\/www.zerdab.com\/?p=24599\" \/>\n<meta property=\"og:site_name\" content=\"Z\u0259rdab.com\" \/>\n<meta property=\"article:published_time\" content=\"2017-05-11T12:12:08+00:00\" \/>\n<meta property=\"article:modified_time\" content=\"2017-05-11T12:12:48+00:00\" \/>\n<meta property=\"og:image\" content=\"http:\/\/www.zerdab.com\/wp-content\/uploads\/2017\/05\/Zerdab-rayonu1-550x365.jpg\" \/>\n<meta name=\"author\" content=\"admin\" \/>\n<meta name=\"twitter:card\" content=\"summary_large_image\" \/>\n<meta name=\"twitter:label1\" content=\"Written by\" \/>\n\t<meta name=\"twitter:data1\" content=\"admin\" \/>\n\t<meta name=\"twitter:label2\" content=\"Est. reading time\" \/>\n\t<meta name=\"twitter:data2\" content=\"3 minutes\" \/>\n<script type=\"application\/ld+json\" class=\"yoast-schema-graph\">{\"@context\":\"https:\/\/schema.org\",\"@graph\":[{\"@type\":\"Article\",\"@id\":\"https:\/\/www.zerdab.com\/?p=24599#article\",\"isPartOf\":{\"@id\":\"https:\/\/www.zerdab.com\/?p=24599\"},\"author\":{\"name\":\"admin\",\"@id\":\"https:\/\/www.zerdab.com\/#\/schema\/person\/97079b7570c1e89ec0d9e138c3672136\"},\"headline\":\"Z\u0259rdabda Heyd\u0259r \u018fliyevin anadan olmas\u0131n\u0131n ild\u00f6n\u00fcm\u00fc m\u00fcnasib\u0259til\u0259 t\u0259dbirl\u0259r ke\u00e7irilib &#8211; FOTOLAR\",\"datePublished\":\"2017-05-11T12:12:08+00:00\",\"dateModified\":\"2017-05-11T12:12:48+00:00\",\"mainEntityOfPage\":{\"@id\":\"https:\/\/www.zerdab.com\/?p=24599\"},\"wordCount\":581,\"commentCount\":0,\"image\":{\"@id\":\"https:\/\/www.zerdab.com\/?p=24599#primaryimage\"},\"thumbnailUrl\":\"http:\/\/www.zerdab.com\/wp-content\/uploads\/2017\/05\/Zerdab-rayonu1-550x365.jpg\",\"articleSection\":[\"X\u018fB\u018fRL\u018fR\"],\"inLanguage\":\"az\",\"potentialAction\":[{\"@type\":\"CommentAction\",\"name\":\"Comment\",\"target\":[\"https:\/\/www.zerdab.com\/?p=24599#respond\"]}]},{\"@type\":\"WebPage\",\"@id\":\"https:\/\/www.zerdab.com\/?p=24599\",\"url\":\"https:\/\/www.zerdab.com\/?p=24599\",\"name\":\"Z\u0259rdabda Heyd\u0259r \u018fliyevin anadan olmas\u0131n\u0131n ild\u00f6n\u00fcm\u00fc m\u00fcnasib\u0259til\u0259 t\u0259dbirl\u0259r ke\u00e7irilib - FOTOLAR - Z\u0259rdab.com\",\"isPartOf\":{\"@id\":\"https:\/\/www.zerdab.com\/#website\"},\"primaryImageOfPage\":{\"@id\":\"https:\/\/www.zerdab.com\/?p=24599#primaryimage\"},\"image\":{\"@id\":\"https:\/\/www.zerdab.com\/?p=24599#primaryimage\"},\"thumbnailUrl\":\"http:\/\/www.zerdab.com\/wp-content\/uploads\/2017\/05\/Zerdab-rayonu1-550x365.jpg\",\"datePublished\":\"2017-05-11T12:12:08+00:00\",\"dateModified\":\"2017-05-11T12:12:48+00:00\",\"author\":{\"@id\":\"https:\/\/www.zerdab.com\/#\/schema\/person\/97079b7570c1e89ec0d9e138c3672136\"},\"breadcrumb\":{\"@id\":\"https:\/\/www.zerdab.com\/?p=24599#breadcrumb\"},\"inLanguage\":\"az\",\"potentialAction\":[{\"@type\":\"ReadAction\",\"target\":[\"https:\/\/www.zerdab.com\/?p=24599\"]}]},{\"@type\":\"ImageObject\",\"inLanguage\":\"az\",\"@id\":\"https:\/\/www.zerdab.com\/?p=24599#primaryimage\",\"url\":\"\",\"contentUrl\":\"\"},{\"@type\":\"BreadcrumbList\",\"@id\":\"https:\/\/www.zerdab.com\/?p=24599#breadcrumb\",\"itemListElement\":[{\"@type\":\"ListItem\",\"position\":1,\"name\":\"Home\",\"item\":\"https:\/\/www.zerdab.com\/\"},{\"@type\":\"ListItem\",\"position\":2,\"name\":\"Z\u0259rdabda Heyd\u0259r \u018fliyevin anadan olmas\u0131n\u0131n ild\u00f6n\u00fcm\u00fc m\u00fcnasib\u0259til\u0259 t\u0259dbirl\u0259r ke\u00e7irilib &#8211; FOTOLAR\"}]},{\"@type\":\"WebSite\",\"@id\":\"https:\/\/www.zerdab.com\/#website\",\"url\":\"https:\/\/www.zerdab.com\/\",\"name\":\"Z\u0259rdab.com\",\"description\":\"\",\"potentialAction\":[{\"@type\":\"SearchAction\",\"target\":{\"@type\":\"EntryPoint\",\"urlTemplate\":\"https:\/\/www.zerdab.com\/?s={search_term_string}\"},\"query-input\":{\"@type\":\"PropertyValueSpecification\",\"valueRequired\":true,\"valueName\":\"search_term_string\"}}],\"inLanguage\":\"az\"},{\"@type\":\"Person\",\"@id\":\"https:\/\/www.zerdab.com\/#\/schema\/person\/97079b7570c1e89ec0d9e138c3672136\",\"name\":\"admin\",\"image\":{\"@type\":\"ImageObject\",\"inLanguage\":\"az\",\"@id\":\"https:\/\/www.zerdab.com\/#\/schema\/person\/image\/\",\"url\":\"https:\/\/secure.gravatar.com\/avatar\/d9c52a9a27c32119cb6679a077fa3e2779e5f822c451cbf01098004361d466ec?s=96&d=mm&r=g\",\"contentUrl\":\"https:\/\/secure.gravatar.com\/avatar\/d9c52a9a27c32119cb6679a077fa3e2779e5f822c451cbf01098004361d466ec?s=96&d=mm&r=g\",\"caption\":\"admin\"},\"url\":\"https:\/\/www.zerdab.com\/?author=1\"}]}<\/script>\n<!-- \/ Yoast SEO plugin. -->","yoast_head_json":{"title":"Z\u0259rdabda Heyd\u0259r \u018fliyevin anadan olmas\u0131n\u0131n ild\u00f6n\u00fcm\u00fc m\u00fcnasib\u0259til\u0259 t\u0259dbirl\u0259r ke\u00e7irilib - FOTOLAR - Z\u0259rdab.com","robots":{"index":"index","follow":"follow","max-snippet":"max-snippet:-1","max-image-preview":"max-image-preview:large","max-video-preview":"max-video-preview:-1"},"canonical":"https:\/\/www.zerdab.com\/?p=24599","og_locale":"az_AZ","og_type":"article","og_title":"Z\u0259rdabda Heyd\u0259r \u018fliyevin anadan olmas\u0131n\u0131n ild\u00f6n\u00fcm\u00fc m\u00fcnasib\u0259til\u0259 t\u0259dbirl\u0259r ke\u00e7irilib - FOTOLAR - Z\u0259rdab.com","og_description":"Z\u0259rdabda \u00dcmummilli lider Heyd\u0259r \u018fliyevin anadan olmas\u0131n\u0131n 94-c\u00fc ild\u00f6n\u00fcm\u00fc m\u00fcnasib\u0259til\u0259 silsil\u0259 t\u0259dbirl\u0259r ke\u00e7irilib. &#8220;Zerdab.com&#8221; sayt\u0131 x\u0259b\u0259r verir ki,\u00a0\u00fcmummilli liderin ad\u0131n\u0131 da\u015f\u0131yan parkda t\u0259\u015fkil edil\u0259n m\u0259kt\u0259blil\u0259rin \u0259l i\u015fl\u0259rind\u0259n ibar\u0259t s\u0259rgi v\u0259 divar q\u0259zetl\u0259ri maraqla izl\u0259nilib. T\u0259\u015fkil olunmu\u015f \u201cKitab bayram\u0131\u201d da b\u00f6y\u00fck mara\u011fa s\u0259b\u0259b olub. Kitab s\u0259rgisind\u0259 180 adda 1100 n\u00fcsx\u0259d\u0259n \u00e7ox \u0259s\u0259r n\u00fcmayi\u015f olunub. M\u00fcst\u0259qil d\u00f6vl\u0259timizin [&hellip;]","og_url":"https:\/\/www.zerdab.com\/?p=24599","og_site_name":"Z\u0259rdab.com","article_published_time":"2017-05-11T12:12:08+00:00","article_modified_time":"2017-05-11T12:12:48+00:00","og_image":[{"url":"http:\/\/www.zerdab.com\/wp-content\/uploads\/2017\/05\/Zerdab-rayonu1-550x365.jpg","type":"","width":"","height":""}],"author":"admin","twitter_card":"summary_large_image","twitter_misc":{"Written by":"admin","Est. reading time":"3 minutes"},"schema":{"@context":"https:\/\/schema.org","@graph":[{"@type":"Article","@id":"https:\/\/www.zerdab.com\/?p=24599#article","isPartOf":{"@id":"https:\/\/www.zerdab.com\/?p=24599"},"author":{"name":"admin","@id":"https:\/\/www.zerdab.com\/#\/schema\/person\/97079b7570c1e89ec0d9e138c3672136"},"headline":"Z\u0259rdabda Heyd\u0259r \u018fliyevin anadan olmas\u0131n\u0131n ild\u00f6n\u00fcm\u00fc m\u00fcnasib\u0259til\u0259 t\u0259dbirl\u0259r ke\u00e7irilib &#8211; FOTOLAR","datePublished":"2017-05-11T12:12:08+00:00","dateModified":"2017-05-11T12:12:48+00:00","mainEntityOfPage":{"@id":"https:\/\/www.zerdab.com\/?p=24599"},"wordCount":581,"commentCount":0,"image":{"@id":"https:\/\/www.zerdab.com\/?p=24599#primaryimage"},"thumbnailUrl":"http:\/\/www.zerdab.com\/wp-content\/uploads\/2017\/05\/Zerdab-rayonu1-550x365.jpg","articleSection":["X\u018fB\u018fRL\u018fR"],"inLanguage":"az","potentialAction":[{"@type":"CommentAction","name":"Comment","target":["https:\/\/www.zerdab.com\/?p=24599#respond"]}]},{"@type":"WebPage","@id":"https:\/\/www.zerdab.com\/?p=24599","url":"https:\/\/www.zerdab.com\/?p=24599","name":"Z\u0259rdabda Heyd\u0259r \u018fliyevin anadan olmas\u0131n\u0131n ild\u00f6n\u00fcm\u00fc m\u00fcnasib\u0259til\u0259 t\u0259dbirl\u0259r ke\u00e7irilib - FOTOLAR - Z\u0259rdab.com","isPartOf":{"@id":"https:\/\/www.zerdab.com\/#website"},"primaryImageOfPage":{"@id":"https:\/\/www.zerdab.com\/?p=24599#primaryimage"},"image":{"@id":"https:\/\/www.zerdab.com\/?p=24599#primaryimage"},"thumbnailUrl":"http:\/\/www.zerdab.com\/wp-content\/uploads\/2017\/05\/Zerdab-rayonu1-550x365.jpg","datePublished":"2017-05-11T12:12:08+00:00","dateModified":"2017-05-11T12:12:48+00:00","author":{"@id":"https:\/\/www.zerdab.com\/#\/schema\/person\/97079b7570c1e89ec0d9e138c3672136"},"breadcrumb":{"@id":"https:\/\/www.zerdab.com\/?p=24599#breadcrumb"},"inLanguage":"az","potentialAction":[{"@type":"ReadAction","target":["https:\/\/www.zerdab.com\/?p=24599"]}]},{"@type":"ImageObject","inLanguage":"az","@id":"https:\/\/www.zerdab.com\/?p=24599#primaryimage","url":"","contentUrl":""},{"@type":"BreadcrumbList","@id":"https:\/\/www.zerdab.com\/?p=24599#breadcrumb","itemListElement":[{"@type":"ListItem","position":1,"name":"Home","item":"https:\/\/www.zerdab.com\/"},{"@type":"ListItem","position":2,"name":"Z\u0259rdabda Heyd\u0259r \u018fliyevin anadan olmas\u0131n\u0131n ild\u00f6n\u00fcm\u00fc m\u00fcnasib\u0259til\u0259 t\u0259dbirl\u0259r ke\u00e7irilib &#8211; FOTOLAR"}]},{"@type":"WebSite","@id":"https:\/\/www.zerdab.com\/#website","url":"https:\/\/www.zerdab.com\/","name":"Z\u0259rdab.com","description":"","potentialAction":[{"@type":"SearchAction","target":{"@type":"EntryPoint","urlTemplate":"https:\/\/www.zerdab.com\/?s={search_term_string}"},"query-input":{"@type":"PropertyValueSpecification","valueRequired":true,"valueName":"search_term_string"}}],"inLanguage":"az"},{"@type":"Person","@id":"https:\/\/www.zerdab.com\/#\/schema\/person\/97079b7570c1e89ec0d9e138c3672136","name":"admin","image":{"@type":"ImageObject","inLanguage":"az","@id":"https:\/\/www.zerdab.com\/#\/schema\/person\/image\/","url":"https:\/\/secure.gravatar.com\/avatar\/d9c52a9a27c32119cb6679a077fa3e2779e5f822c451cbf01098004361d466ec?s=96&d=mm&r=g","contentUrl":"https:\/\/secure.gravatar.com\/avatar\/d9c52a9a27c32119cb6679a077fa3e2779e5f822c451cbf01098004361d466ec?s=96&d=mm&r=g","caption":"admin"},"url":"https:\/\/www.zerdab.com\/?author=1"}]}},"_links":{"self":[{"href":"https:\/\/www.zerdab.com\/index.php?rest_route=\/wp\/v2\/posts\/24599","targetHints":{"allow":["GET"]}}],"collection":[{"href":"https:\/\/www.zerdab.com\/index.php?rest_route=\/wp\/v2\/posts"}],"about":[{"href":"https:\/\/www.zerdab.com\/index.php?rest_route=\/wp\/v2\/types\/post"}],"author":[{"embeddable":true,"href":"https:\/\/www.zerdab.com\/index.php?rest_route=\/wp\/v2\/users\/1"}],"replies":[{"embeddable":true,"href":"https:\/\/www.zerdab.com\/index.php?rest_route=%2Fwp%2Fv2%2Fcomments&post=24599"}],"version-history":[{"count":3,"href":"https:\/\/www.zerdab.com\/index.php?rest_route=\/wp\/v2\/posts\/24599\/revisions"}],"predecessor-version":[{"id":24615,"href":"https:\/\/www.zerdab.com\/index.php?rest_route=\/wp\/v2\/posts\/24599\/revisions\/24615"}],"wp:attachment":[{"href":"https:\/\/www.zerdab.com\/index.php?rest_route=%2Fwp%2Fv2%2Fmedia&parent=24599"}],"wp:term":[{"taxonomy":"category","embeddable":true,"href":"https:\/\/www.zerdab.com\/index.php?rest_route=%2Fwp%2Fv2%2Fcategories&post=24599"},{"taxonomy":"post_tag","embeddable":true,"href":"https:\/\/www.zerdab.com\/index.php?rest_route=%2Fwp%2Fv2%2Ftags&post=24599"}],"curies":[{"name":"wp","href":"https:\/\/api.w.org\/{rel}","templated":true}]}}