{"id":24754,"date":"2017-06-09T19:55:34","date_gmt":"2017-06-09T15:55:34","guid":{"rendered":"http:\/\/www.zerdab.com\/?p=24754"},"modified":"2017-06-09T19:57:44","modified_gmt":"2017-06-09T15:57:44","slug":"lutv%c9%99li-babayevin-q%c9%99zada-ol%c9%99n-qardasi-il%c9%99-bagli-maraqli-faktlar-uz%c9%99-cixib-fotolar","status":"publish","type":"post","link":"https:\/\/www.zerdab.com\/?p=24754","title":{"rendered":"L\u00fctv\u0259li Babayevin q\u0259zada \u00f6l\u0259n qarda\u015f\u0131 il\u0259 ba\u011fl\u0131 maraql\u0131 faktlar \u00fcz\u0259 \u00e7\u0131x\u0131b &#8211; FOTOLAR"},"content":{"rendered":"<p>Rusiya m\u0259tbuat\u0131nda bu yax\u0131nlarda yol q\u0259zas\u0131nda d\u00fcnyas\u0131n\u0131 d\u0259yi\u015f\u0259n Z\u0259rdab rayon icra ba\u015f\u00e7\u0131s\u0131<strong> L\u00fctv\u0259li Babayev<\/strong>in qarda\u015f\u0131 <strong>\u018flia\u011fa Babayev<\/strong> haqq\u0131nda geni\u015f m\u0259qal\u0259 d\u0259rc olunub.<\/p>\n<p>M\u0259qal\u0259d\u0259 Novosibirsk \u00a0Az\u0259rbaycanl\u0131lar\u0131 C\u0259miyy\u0259tinin vitse-prezidenti olmu\u015f Babayevin bura ilk g\u0259li\u015find\u0259n, burada qurdu\u011fu biznes f\u0259aliyy\u0259tind\u0259n v\u0259 layiq g\u00f6r\u00fcld\u00fcy\u00fc y\u00fcks\u0259k m\u00fckafatlardan b\u0259hs olunur.<\/p>\n<p>M\u00fc\u0259llif qeyd edir ki, \u018flia\u011fa il\u0259 ilk tan\u0131\u015fl\u0131\u011f\u0131 1992-ci ild\u0259 Qaraba\u011fda ba\u015f tutub. &#8220;K\u00f6hn\u0259 Volqa&#8221;da Babayevl\u0259 birg\u0259 h\u0259rbi \u0259m\u0259liyyatlar\u0131n getdiyi Qaraba\u011fa yollan\u0131rlar. M\u00fc\u0259llif qeyd edir ki, onlar Qaraba\u011fda n\u0259 ba\u015f verdiyini anlamaq \u00fc\u00e7\u00fcn \u015eu\u015faya gedirdil\u0259r: &#8220;T\u0259bii ki avtomats\u0131z. Bizim silah\u0131m\u0131z videokamera, mikrafon v\u0259 fotoaparat idi&#8221;.<\/p>\n<p>M\u00fc\u0259llif \u018f.Babayev-in 1978-ci ild\u0259 Novosibirsk \u0259yal\u0259tin\u0259 g\u0259ldiyini v\u0259 burada ali t\u0259hsil ald\u0131\u011f\u0131n\u0131 qeyd edir. Daha sonra &#8220;Stroy-Siti&#8221; QSC-ni yarad\u0131r. \u015eirk\u0259t h\u0259m d\u00f6vl\u0259t, h\u0259m d\u0259 yerli \u0259h\u0259miyy\u0259tli yollar\u0131n tikintisi v\u0259 t\u0259mirind\u0259 b\u00f6y\u00fck i\u015fl\u0259r g\u00f6r\u00fcr. G\u00f6st\u0259rdiyi f\u0259aliyy\u0259tl\u0259r\u0259 g\u00f6r\u0259, Rusiyada &#8220;\u015e\u0259r\u0259f v\u0259 \u015f\u00f6hr\u0259t&#8221; ordeni, &#8220;Rusiyan\u0131n \u0259n yax\u015f\u0131 adamlar\u0131&#8221; ensiklopediyas\u0131n\u0131n diplom v\u0259 medallar\u0131na layiq g\u00f6r\u00fcl\u00fcb. H\u0259min medallar prezident Putinin \u0259yal\u0259t\u0259 s\u0259f\u0259ri zaman\u0131 az\u0259rbaycanl\u0131 i\u015f adam\u0131na t\u0259qdim edilir.<\/p>\n<p>M\u0259qal\u0259d\u0259, h\u0259m\u00e7inin \u018flia\u011fa Babayevin 1998-ci m\u0259rhum prezident Heyd\u0259r \u018fliyevl\u0259 g\u00f6r\u00fc\u015f\u00fcn\u00fc \u0259ks etdir\u0259n foto da d\u0259rc olunub.<\/p>\n<p><a href=\"http:\/\/www.zerdab.com\/lutv%c9%99li-babayevin-q%c9%99zada-ol%c9%99n-qardasi-il%c9%99-bagli-maraqli-faktlar-uz%c9%99-cixib-fotolar\/%c9%99liaga-babayev\/\" rel=\"attachment wp-att-24755\"><img loading=\"lazy\" decoding=\"async\" class=\"aligncenter size-large wp-image-24755\" src=\"http:\/\/www.zerdab.com\/wp-content\/uploads\/2017\/06\/\u018flia\u011fa-Babayev-550x413.jpg\" alt=\"\u018flia\u011fa Babayev\" width=\"550\" height=\"413\" \/><\/a><\/p>\n<p>qafqazinfo<\/p>\n","protected":false},"excerpt":{"rendered":"<p>Rusiya m\u0259tbuat\u0131nda bu yax\u0131nlarda yol q\u0259zas\u0131nda d\u00fcnyas\u0131n\u0131 d\u0259yi\u015f\u0259n Z\u0259rdab rayon icra ba\u015f\u00e7\u0131s\u0131 L\u00fctv\u0259li Babayevin qarda\u015f\u0131 \u018flia\u011fa Babayev haqq\u0131nda geni\u015f m\u0259qal\u0259 d\u0259rc olunub. M\u0259qal\u0259d\u0259 Novosibirsk \u00a0Az\u0259rbaycanl\u0131lar\u0131 C\u0259miyy\u0259tinin vitse-prezidenti olmu\u015f Babayevin bura ilk g\u0259li\u015find\u0259n, burada qurdu\u011fu biznes f\u0259aliyy\u0259tind\u0259n v\u0259 layiq g\u00f6r\u00fcld\u00fcy\u00fc y\u00fcks\u0259k m\u00fckafatlardan b\u0259hs olunur. M\u00fc\u0259llif qeyd edir ki, \u018flia\u011fa il\u0259 ilk tan\u0131\u015fl\u0131\u011f\u0131 1992-ci ild\u0259 Qaraba\u011fda ba\u015f [&hellip;]<\/p>\n","protected":false},"author":1,"featured_media":0,"comment_status":"open","ping_status":"open","sticky":false,"template":"","format":"standard","meta":{"footnotes":""},"categories":[21],"tags":[],"class_list":{"0":"post-24754","1":"post","2":"type-post","3":"status-publish","4":"format-standard","6":"category-zrdab"},"yoast_head":"<!-- This site is optimized with the Yoast SEO plugin v27.0 - https:\/\/yoast.com\/product\/yoast-seo-wordpress\/ -->\n<title>L\u00fctv\u0259li Babayevin q\u0259zada \u00f6l\u0259n qarda\u015f\u0131 il\u0259 ba\u011fl\u0131 maraql\u0131 faktlar \u00fcz\u0259 \u00e7\u0131x\u0131b - FOTOLAR - Z\u0259rdab.com<\/title>\n<meta name=\"robots\" content=\"index, follow, max-snippet:-1, max-image-preview:large, max-video-preview:-1\" \/>\n<link rel=\"canonical\" href=\"https:\/\/www.zerdab.com\/?p=24754\" \/>\n<meta property=\"og:locale\" content=\"az_AZ\" \/>\n<meta property=\"og:type\" content=\"article\" \/>\n<meta property=\"og:title\" content=\"L\u00fctv\u0259li Babayevin q\u0259zada \u00f6l\u0259n qarda\u015f\u0131 il\u0259 ba\u011fl\u0131 maraql\u0131 faktlar \u00fcz\u0259 \u00e7\u0131x\u0131b - FOTOLAR - Z\u0259rdab.com\" \/>\n<meta property=\"og:description\" content=\"Rusiya m\u0259tbuat\u0131nda bu yax\u0131nlarda yol q\u0259zas\u0131nda d\u00fcnyas\u0131n\u0131 d\u0259yi\u015f\u0259n Z\u0259rdab rayon icra ba\u015f\u00e7\u0131s\u0131 L\u00fctv\u0259li Babayevin qarda\u015f\u0131 \u018flia\u011fa Babayev haqq\u0131nda geni\u015f m\u0259qal\u0259 d\u0259rc olunub. M\u0259qal\u0259d\u0259 Novosibirsk \u00a0Az\u0259rbaycanl\u0131lar\u0131 C\u0259miyy\u0259tinin vitse-prezidenti olmu\u015f Babayevin bura ilk g\u0259li\u015find\u0259n, burada qurdu\u011fu biznes f\u0259aliyy\u0259tind\u0259n v\u0259 layiq g\u00f6r\u00fcld\u00fcy\u00fc y\u00fcks\u0259k m\u00fckafatlardan b\u0259hs olunur. M\u00fc\u0259llif qeyd edir ki, \u018flia\u011fa il\u0259 ilk tan\u0131\u015fl\u0131\u011f\u0131 1992-ci ild\u0259 Qaraba\u011fda ba\u015f [&hellip;]\" \/>\n<meta property=\"og:url\" content=\"https:\/\/www.zerdab.com\/?p=24754\" \/>\n<meta property=\"og:site_name\" content=\"Z\u0259rdab.com\" \/>\n<meta property=\"article:published_time\" content=\"2017-06-09T15:55:34+00:00\" \/>\n<meta property=\"article:modified_time\" content=\"2017-06-09T15:57:44+00:00\" \/>\n<meta name=\"author\" content=\"admin\" \/>\n<meta name=\"twitter:card\" content=\"summary_large_image\" \/>\n<meta name=\"twitter:label1\" content=\"Written by\" \/>\n\t<meta name=\"twitter:data1\" content=\"admin\" \/>\n\t<meta name=\"twitter:label2\" content=\"Est. reading time\" \/>\n\t<meta name=\"twitter:data2\" content=\"1 minute\" \/>\n<script type=\"application\/ld+json\" class=\"yoast-schema-graph\">{\"@context\":\"https:\/\/schema.org\",\"@graph\":[{\"@type\":\"Article\",\"@id\":\"https:\/\/www.zerdab.com\/?p=24754#article\",\"isPartOf\":{\"@id\":\"https:\/\/www.zerdab.com\/?p=24754\"},\"author\":{\"name\":\"admin\",\"@id\":\"https:\/\/www.zerdab.com\/#\/schema\/person\/97079b7570c1e89ec0d9e138c3672136\"},\"headline\":\"L\u00fctv\u0259li Babayevin q\u0259zada \u00f6l\u0259n qarda\u015f\u0131 il\u0259 ba\u011fl\u0131 maraql\u0131 faktlar \u00fcz\u0259 \u00e7\u0131x\u0131b &#8211; FOTOLAR\",\"datePublished\":\"2017-06-09T15:55:34+00:00\",\"dateModified\":\"2017-06-09T15:57:44+00:00\",\"mainEntityOfPage\":{\"@id\":\"https:\/\/www.zerdab.com\/?p=24754\"},\"wordCount\":297,\"commentCount\":0,\"articleSection\":[\"C\u018fM\u0130YY\u018fT\"],\"inLanguage\":\"az\",\"potentialAction\":[{\"@type\":\"CommentAction\",\"name\":\"Comment\",\"target\":[\"https:\/\/www.zerdab.com\/?p=24754#respond\"]}]},{\"@type\":\"WebPage\",\"@id\":\"https:\/\/www.zerdab.com\/?p=24754\",\"url\":\"https:\/\/www.zerdab.com\/?p=24754\",\"name\":\"L\u00fctv\u0259li Babayevin q\u0259zada \u00f6l\u0259n qarda\u015f\u0131 il\u0259 ba\u011fl\u0131 maraql\u0131 faktlar \u00fcz\u0259 \u00e7\u0131x\u0131b - FOTOLAR - Z\u0259rdab.com\",\"isPartOf\":{\"@id\":\"https:\/\/www.zerdab.com\/#website\"},\"datePublished\":\"2017-06-09T15:55:34+00:00\",\"dateModified\":\"2017-06-09T15:57:44+00:00\",\"author\":{\"@id\":\"https:\/\/www.zerdab.com\/#\/schema\/person\/97079b7570c1e89ec0d9e138c3672136\"},\"breadcrumb\":{\"@id\":\"https:\/\/www.zerdab.com\/?p=24754#breadcrumb\"},\"inLanguage\":\"az\",\"potentialAction\":[{\"@type\":\"ReadAction\",\"target\":[\"https:\/\/www.zerdab.com\/?p=24754\"]}]},{\"@type\":\"BreadcrumbList\",\"@id\":\"https:\/\/www.zerdab.com\/?p=24754#breadcrumb\",\"itemListElement\":[{\"@type\":\"ListItem\",\"position\":1,\"name\":\"Home\",\"item\":\"https:\/\/www.zerdab.com\/\"},{\"@type\":\"ListItem\",\"position\":2,\"name\":\"L\u00fctv\u0259li Babayevin q\u0259zada \u00f6l\u0259n qarda\u015f\u0131 il\u0259 ba\u011fl\u0131 maraql\u0131 faktlar \u00fcz\u0259 \u00e7\u0131x\u0131b &#8211; FOTOLAR\"}]},{\"@type\":\"WebSite\",\"@id\":\"https:\/\/www.zerdab.com\/#website\",\"url\":\"https:\/\/www.zerdab.com\/\",\"name\":\"Z\u0259rdab.com\",\"description\":\"\",\"potentialAction\":[{\"@type\":\"SearchAction\",\"target\":{\"@type\":\"EntryPoint\",\"urlTemplate\":\"https:\/\/www.zerdab.com\/?s={search_term_string}\"},\"query-input\":{\"@type\":\"PropertyValueSpecification\",\"valueRequired\":true,\"valueName\":\"search_term_string\"}}],\"inLanguage\":\"az\"},{\"@type\":\"Person\",\"@id\":\"https:\/\/www.zerdab.com\/#\/schema\/person\/97079b7570c1e89ec0d9e138c3672136\",\"name\":\"admin\",\"image\":{\"@type\":\"ImageObject\",\"inLanguage\":\"az\",\"@id\":\"https:\/\/www.zerdab.com\/#\/schema\/person\/image\/\",\"url\":\"https:\/\/secure.gravatar.com\/avatar\/d9c52a9a27c32119cb6679a077fa3e2779e5f822c451cbf01098004361d466ec?s=96&d=mm&r=g\",\"contentUrl\":\"https:\/\/secure.gravatar.com\/avatar\/d9c52a9a27c32119cb6679a077fa3e2779e5f822c451cbf01098004361d466ec?s=96&d=mm&r=g\",\"caption\":\"admin\"},\"url\":\"https:\/\/www.zerdab.com\/?author=1\"}]}<\/script>\n<!-- \/ Yoast SEO plugin. -->","yoast_head_json":{"title":"L\u00fctv\u0259li Babayevin q\u0259zada \u00f6l\u0259n qarda\u015f\u0131 il\u0259 ba\u011fl\u0131 maraql\u0131 faktlar \u00fcz\u0259 \u00e7\u0131x\u0131b - FOTOLAR - Z\u0259rdab.com","robots":{"index":"index","follow":"follow","max-snippet":"max-snippet:-1","max-image-preview":"max-image-preview:large","max-video-preview":"max-video-preview:-1"},"canonical":"https:\/\/www.zerdab.com\/?p=24754","og_locale":"az_AZ","og_type":"article","og_title":"L\u00fctv\u0259li Babayevin q\u0259zada \u00f6l\u0259n qarda\u015f\u0131 il\u0259 ba\u011fl\u0131 maraql\u0131 faktlar \u00fcz\u0259 \u00e7\u0131x\u0131b - FOTOLAR - Z\u0259rdab.com","og_description":"Rusiya m\u0259tbuat\u0131nda bu yax\u0131nlarda yol q\u0259zas\u0131nda d\u00fcnyas\u0131n\u0131 d\u0259yi\u015f\u0259n Z\u0259rdab rayon icra ba\u015f\u00e7\u0131s\u0131 L\u00fctv\u0259li Babayevin qarda\u015f\u0131 \u018flia\u011fa Babayev haqq\u0131nda geni\u015f m\u0259qal\u0259 d\u0259rc olunub. M\u0259qal\u0259d\u0259 Novosibirsk \u00a0Az\u0259rbaycanl\u0131lar\u0131 C\u0259miyy\u0259tinin vitse-prezidenti olmu\u015f Babayevin bura ilk g\u0259li\u015find\u0259n, burada qurdu\u011fu biznes f\u0259aliyy\u0259tind\u0259n v\u0259 layiq g\u00f6r\u00fcld\u00fcy\u00fc y\u00fcks\u0259k m\u00fckafatlardan b\u0259hs olunur. M\u00fc\u0259llif qeyd edir ki, \u018flia\u011fa il\u0259 ilk tan\u0131\u015fl\u0131\u011f\u0131 1992-ci ild\u0259 Qaraba\u011fda ba\u015f [&hellip;]","og_url":"https:\/\/www.zerdab.com\/?p=24754","og_site_name":"Z\u0259rdab.com","article_published_time":"2017-06-09T15:55:34+00:00","article_modified_time":"2017-06-09T15:57:44+00:00","author":"admin","twitter_card":"summary_large_image","twitter_misc":{"Written by":"admin","Est. reading time":"1 minute"},"schema":{"@context":"https:\/\/schema.org","@graph":[{"@type":"Article","@id":"https:\/\/www.zerdab.com\/?p=24754#article","isPartOf":{"@id":"https:\/\/www.zerdab.com\/?p=24754"},"author":{"name":"admin","@id":"https:\/\/www.zerdab.com\/#\/schema\/person\/97079b7570c1e89ec0d9e138c3672136"},"headline":"L\u00fctv\u0259li Babayevin q\u0259zada \u00f6l\u0259n qarda\u015f\u0131 il\u0259 ba\u011fl\u0131 maraql\u0131 faktlar \u00fcz\u0259 \u00e7\u0131x\u0131b &#8211; FOTOLAR","datePublished":"2017-06-09T15:55:34+00:00","dateModified":"2017-06-09T15:57:44+00:00","mainEntityOfPage":{"@id":"https:\/\/www.zerdab.com\/?p=24754"},"wordCount":297,"commentCount":0,"articleSection":["C\u018fM\u0130YY\u018fT"],"inLanguage":"az","potentialAction":[{"@type":"CommentAction","name":"Comment","target":["https:\/\/www.zerdab.com\/?p=24754#respond"]}]},{"@type":"WebPage","@id":"https:\/\/www.zerdab.com\/?p=24754","url":"https:\/\/www.zerdab.com\/?p=24754","name":"L\u00fctv\u0259li Babayevin q\u0259zada \u00f6l\u0259n qarda\u015f\u0131 il\u0259 ba\u011fl\u0131 maraql\u0131 faktlar \u00fcz\u0259 \u00e7\u0131x\u0131b - FOTOLAR - Z\u0259rdab.com","isPartOf":{"@id":"https:\/\/www.zerdab.com\/#website"},"datePublished":"2017-06-09T15:55:34+00:00","dateModified":"2017-06-09T15:57:44+00:00","author":{"@id":"https:\/\/www.zerdab.com\/#\/schema\/person\/97079b7570c1e89ec0d9e138c3672136"},"breadcrumb":{"@id":"https:\/\/www.zerdab.com\/?p=24754#breadcrumb"},"inLanguage":"az","potentialAction":[{"@type":"ReadAction","target":["https:\/\/www.zerdab.com\/?p=24754"]}]},{"@type":"BreadcrumbList","@id":"https:\/\/www.zerdab.com\/?p=24754#breadcrumb","itemListElement":[{"@type":"ListItem","position":1,"name":"Home","item":"https:\/\/www.zerdab.com\/"},{"@type":"ListItem","position":2,"name":"L\u00fctv\u0259li Babayevin q\u0259zada \u00f6l\u0259n qarda\u015f\u0131 il\u0259 ba\u011fl\u0131 maraql\u0131 faktlar \u00fcz\u0259 \u00e7\u0131x\u0131b &#8211; FOTOLAR"}]},{"@type":"WebSite","@id":"https:\/\/www.zerdab.com\/#website","url":"https:\/\/www.zerdab.com\/","name":"Z\u0259rdab.com","description":"","potentialAction":[{"@type":"SearchAction","target":{"@type":"EntryPoint","urlTemplate":"https:\/\/www.zerdab.com\/?s={search_term_string}"},"query-input":{"@type":"PropertyValueSpecification","valueRequired":true,"valueName":"search_term_string"}}],"inLanguage":"az"},{"@type":"Person","@id":"https:\/\/www.zerdab.com\/#\/schema\/person\/97079b7570c1e89ec0d9e138c3672136","name":"admin","image":{"@type":"ImageObject","inLanguage":"az","@id":"https:\/\/www.zerdab.com\/#\/schema\/person\/image\/","url":"https:\/\/secure.gravatar.com\/avatar\/d9c52a9a27c32119cb6679a077fa3e2779e5f822c451cbf01098004361d466ec?s=96&d=mm&r=g","contentUrl":"https:\/\/secure.gravatar.com\/avatar\/d9c52a9a27c32119cb6679a077fa3e2779e5f822c451cbf01098004361d466ec?s=96&d=mm&r=g","caption":"admin"},"url":"https:\/\/www.zerdab.com\/?author=1"}]}},"_links":{"self":[{"href":"https:\/\/www.zerdab.com\/index.php?rest_route=\/wp\/v2\/posts\/24754","targetHints":{"allow":["GET"]}}],"collection":[{"href":"https:\/\/www.zerdab.com\/index.php?rest_route=\/wp\/v2\/posts"}],"about":[{"href":"https:\/\/www.zerdab.com\/index.php?rest_route=\/wp\/v2\/types\/post"}],"author":[{"embeddable":true,"href":"https:\/\/www.zerdab.com\/index.php?rest_route=\/wp\/v2\/users\/1"}],"replies":[{"embeddable":true,"href":"https:\/\/www.zerdab.com\/index.php?rest_route=%2Fwp%2Fv2%2Fcomments&post=24754"}],"version-history":[{"count":4,"href":"https:\/\/www.zerdab.com\/index.php?rest_route=\/wp\/v2\/posts\/24754\/revisions"}],"predecessor-version":[{"id":24760,"href":"https:\/\/www.zerdab.com\/index.php?rest_route=\/wp\/v2\/posts\/24754\/revisions\/24760"}],"wp:attachment":[{"href":"https:\/\/www.zerdab.com\/index.php?rest_route=%2Fwp%2Fv2%2Fmedia&parent=24754"}],"wp:term":[{"taxonomy":"category","embeddable":true,"href":"https:\/\/www.zerdab.com\/index.php?rest_route=%2Fwp%2Fv2%2Fcategories&post=24754"},{"taxonomy":"post_tag","embeddable":true,"href":"https:\/\/www.zerdab.com\/index.php?rest_route=%2Fwp%2Fv2%2Ftags&post=24754"}],"curies":[{"name":"wp","href":"https:\/\/api.w.org\/{rel}","templated":true}]}}