{"id":24807,"date":"2017-07-06T18:04:53","date_gmt":"2017-07-06T14:04:53","guid":{"rendered":"http:\/\/www.zerdab.com\/?p=24807"},"modified":"2017-07-06T18:04:53","modified_gmt":"2017-07-06T14:04:53","slug":"z%c9%99rdabda-aksiya-kecirilib-foto","status":"publish","type":"post","link":"https:\/\/www.zerdab.com\/?p=24807","title":{"rendered":"Z\u0259rdabda aksiya ke\u00e7irilib &#8211; FOTO"},"content":{"rendered":"<p>&nbsp;<\/p>\n<p>\u0130yulun 6-da Z\u0259rdab rayon M\u0259rk\u0259zi Kitabxanas\u0131nda &#8220;Erm\u0259ni v\u0259h\u015f\u0131l\u0131kl\u0259rin\u0259 son qoyulsun!&#8221; ba\u015fl\u0131ql\u0131 aksiya ke\u00e7irilmi\u015fdir. Zerdab.com sayt\u0131n\u0131n m\u0259lumat\u0131na g\u00f6r\u0259, aksiyan\u0131n ke\u00e7irilm\u0259sind\u0259 m\u0259qs\u0259d iyulun 4-\u00fc, ax\u015fam saatlar\u0131nda Erm\u0259nistan ordusunun Az\u0259rbaycan\u0131n F\u00fczuli rayonunun Alxanl\u0131 k\u0259ndinin 82 v\u0259 120 millimetrlik minaatanlardan v\u0259 d\u0259zgahl\u0131 qumbaraatanlardan at\u0259\u015f\u0259 tutmas\u0131 n\u0259tic\u0259sind\u0259 1967-ci il t\u0259v\u0259ll\u00fcdl\u00fc Quliyeva Sahib\u0259 \u0130dris q\u0131z\u0131n\u0131n v\u0259 2015-ci il t\u0259v\u0259ll\u00fcdl\u00fc Quliyeva Z\u0259hra Elnur q\u0131z\u0131n\u0131n q\u0259tli hadis\u0259sin\u0259 etiraz bildirm\u0259kdir.<\/p>\n<p>Aksiyan\u0131 Z\u0259rdab rayon MKS-nin direktoru Nail\u0259 \u018fliyeva a\u00e7araq, Erm\u0259nistan d\u00f6vl\u0259tinin Az\u0259rbaycan\u0131n dinc \u0259halisin\u0259 qar\u015f\u0131 t\u00f6r\u0259tdiyi terror aktlar\u0131n\u0131 pisl\u0259yib v\u0259 bu c\u00fcr q\u0259tliamlar\u0131n c\u0259zas\u0131z qalmas\u0131na imkan verilm\u0259m\u0259sini vur\u011fulay\u0131b. O, bildirib ki, \u015f\u0259r\u0259fsiz erm\u0259ni ordusunun g\u00fcc\u00fc yaln\u0131z k\u00f6rp\u0259l\u0259r\u0259 v\u0259 qad\u0131nlara \u00e7at\u0131r: &#8220;Biz ham\u0131m\u0131z h\u0259mr\u0259y olmal\u0131y\u0131q. N\u0259 q\u0259d\u0259r ac\u0131l\u0131 olsa da, t\u0259mkinimizi qorumal\u0131y\u0131q. Z\u0259hra balam\u0131z\u0131n qan\u0131 yerd\u0259 qalmamal\u0131d\u0131r. Erm\u0259nil\u0259rin v\u0259 onlar\u0131n havadarlar\u0131n\u0131n c\u0259zalar\u0131 layiqinc\u0259 verilm\u0259lidir&#8221;.<\/p>\n<p>U\u015faq \u015f\u00f6b\u0259sinin \u0259m\u0259kda\u015f\u0131, M\u0259lah\u0259t Cavadova \u00e7\u0131x\u0131\u015f ed\u0259r\u0259k, s\u00f6yl\u0259di ki, m\u00fcharib\u0259 \u015f\u0259raiti olmas\u0131na baxmayaraq, m\u00fcharib\u0259nin qanunlar\u0131 var &#8211; u\u015faqlar, qocalar, qad\u0131nlar, \u0259liyal\u0131n insanlar toxunulmazd\u0131r: &#8220;M\u0259nim d\u0259 evimd\u0259 bir azya\u015fl\u0131 Z\u0259hra adl\u0131 q\u0131z\u0131m b\u00f6y\u00fcy\u00fcr. Ana kimi he\u00e7 bir valideyn\u0259 bala da\u011f\u0131, bala ac\u0131s\u0131 arzulam\u0131ram. M\u0259n d\u0259 erm\u0259nil\u0259rin v\u0259h\u015filikl\u0259rin\u0259 etiraz edir\u0259m&#8221;.<\/p>\n<p>M\u0259rk\u0259zi Kitabxanan\u0131n Metodika v\u0259 Biblioqrafiya \u015f\u00f6b\u0259sinin m\u00fcdiri G\u00fclzar Qas\u0131mova \u00e7\u0131x\u0131\u015f\u0131nda bildirdi ki, Erm\u0259nistan At\u0259\u015fk\u0259s d\u00f6vr\u00fcnd\u0259 32 Az\u0259rbaycan u\u015faqlar\u0131n\u0131 q\u0259tl\u0259 yetirib. Erm\u0259nistan\u0131n Az\u0259rbaycan\u0131n m\u00fclki \u0259halisini &#8211; u\u015faqlar\u0131, qad\u0131nlar\u0131 v\u0259 qocalar\u0131 q\u0259tl\u0259 yetirm\u0259si faktlar\u0131na s\u0259ssiz qalmama\u011f\u0131, i\u015f\u011fal\u0131n d\u0259rhal sona \u00e7atd\u0131r\u0131lmas\u0131 \u00fc\u00e7\u00fcn q\u0259tiyy\u0259tli q\u0259rarlar q\u0259bul etm\u0259yi t\u0259l\u0259b edirik. Beyn\u0259lxalq ictimaiyy\u0259t Erm\u0259nistan\u0131n dinc \u0259haliy\u0259 qar\u015f\u0131 vandalizm siyas\u0259tini cavabs\u0131z qoymamal\u0131d\u0131r: &#8220;M\u0259n d\u0259 bir ana v\u0259 n\u0259n\u0259 olaraq, Z\u0259hra balam\u0131z\u0131n qan\u0131n\u0131n yerd\u0259 qalmamas\u0131n\u0131 t\u0259l\u0259b edir\u0259m. Erm\u0259ni vandalizmini pisl\u0259yir v\u0259 ona son qoyulmas\u0131n\u0131 t\u0259l\u0259b edir\u0259m. B\u00fct\u00fcn\u00a0 qad\u0131nlar\u0131, analar\u0131 aksiyaya qo\u015fulma\u011fa \u00e7a\u011f\u0131r\u0131ram&#8221;.<\/p>\n<p><a href=\"http:\/\/www.zerdab.com\/z%c9%99rdabda-aksiya-kecirilib-foto\/zerdab-rayonu-59\/\" rel=\"attachment wp-att-24809\"><img loading=\"lazy\" decoding=\"async\" class=\"aligncenter size-large wp-image-24809\" src=\"http:\/\/www.zerdab.com\/wp-content\/uploads\/2017\/07\/Zerdab-rayonu-550x413.jpg\" alt=\"\" width=\"550\" height=\"413\" \/><\/a><a href=\"http:\/\/www.zerdab.com\/z%c9%99rdabda-aksiya-kecirilib-foto\/zerdab-rayonu-60\/\" rel=\"attachment wp-att-24810\"><img loading=\"lazy\" decoding=\"async\" class=\"aligncenter size-large wp-image-24810\" src=\"http:\/\/www.zerdab.com\/wp-content\/uploads\/2017\/07\/Zerdab-rayonu-1-1-550x413.jpg\" alt=\"\" width=\"550\" height=\"413\" \/><\/a><\/p>\n","protected":false},"excerpt":{"rendered":"<p>&nbsp; \u0130yulun 6-da Z\u0259rdab rayon M\u0259rk\u0259zi Kitabxanas\u0131nda &#8220;Erm\u0259ni v\u0259h\u015f\u0131l\u0131kl\u0259rin\u0259 son qoyulsun!&#8221; ba\u015fl\u0131ql\u0131 aksiya ke\u00e7irilmi\u015fdir. Zerdab.com sayt\u0131n\u0131n m\u0259lumat\u0131na g\u00f6r\u0259, aksiyan\u0131n ke\u00e7irilm\u0259sind\u0259 m\u0259qs\u0259d iyulun 4-\u00fc, ax\u015fam saatlar\u0131nda Erm\u0259nistan ordusunun Az\u0259rbaycan\u0131n F\u00fczuli rayonunun Alxanl\u0131 k\u0259ndinin 82 v\u0259 120 millimetrlik minaatanlardan v\u0259 d\u0259zgahl\u0131 qumbaraatanlardan at\u0259\u015f\u0259 tutmas\u0131 n\u0259tic\u0259sind\u0259 1967-ci il t\u0259v\u0259ll\u00fcdl\u00fc Quliyeva Sahib\u0259 \u0130dris q\u0131z\u0131n\u0131n v\u0259 2015-ci il t\u0259v\u0259ll\u00fcdl\u00fc Quliyeva [&hellip;]<\/p>\n","protected":false},"author":1,"featured_media":0,"comment_status":"open","ping_status":"open","sticky":false,"template":"","format":"standard","meta":{"footnotes":""},"categories":[5],"tags":[],"class_list":{"0":"post-24807","1":"post","2":"type-post","3":"status-publish","4":"format-standard","6":"category-knd"},"yoast_head":"<!-- This site is optimized with the Yoast SEO plugin v27.0 - https:\/\/yoast.com\/product\/yoast-seo-wordpress\/ -->\n<title>Z\u0259rdabda aksiya ke\u00e7irilib - FOTO - Z\u0259rdab.com<\/title>\n<meta name=\"robots\" content=\"index, follow, max-snippet:-1, max-image-preview:large, max-video-preview:-1\" \/>\n<link rel=\"canonical\" href=\"https:\/\/www.zerdab.com\/?p=24807\" \/>\n<meta property=\"og:locale\" content=\"az_AZ\" \/>\n<meta property=\"og:type\" content=\"article\" \/>\n<meta property=\"og:title\" content=\"Z\u0259rdabda aksiya ke\u00e7irilib - FOTO - Z\u0259rdab.com\" \/>\n<meta property=\"og:description\" content=\"&nbsp; \u0130yulun 6-da Z\u0259rdab rayon M\u0259rk\u0259zi Kitabxanas\u0131nda &#8220;Erm\u0259ni v\u0259h\u015f\u0131l\u0131kl\u0259rin\u0259 son qoyulsun!&#8221; ba\u015fl\u0131ql\u0131 aksiya ke\u00e7irilmi\u015fdir. Zerdab.com sayt\u0131n\u0131n m\u0259lumat\u0131na g\u00f6r\u0259, aksiyan\u0131n ke\u00e7irilm\u0259sind\u0259 m\u0259qs\u0259d iyulun 4-\u00fc, ax\u015fam saatlar\u0131nda Erm\u0259nistan ordusunun Az\u0259rbaycan\u0131n F\u00fczuli rayonunun Alxanl\u0131 k\u0259ndinin 82 v\u0259 120 millimetrlik minaatanlardan v\u0259 d\u0259zgahl\u0131 qumbaraatanlardan at\u0259\u015f\u0259 tutmas\u0131 n\u0259tic\u0259sind\u0259 1967-ci il t\u0259v\u0259ll\u00fcdl\u00fc Quliyeva Sahib\u0259 \u0130dris q\u0131z\u0131n\u0131n v\u0259 2015-ci il t\u0259v\u0259ll\u00fcdl\u00fc Quliyeva [&hellip;]\" \/>\n<meta property=\"og:url\" content=\"https:\/\/www.zerdab.com\/?p=24807\" \/>\n<meta property=\"og:site_name\" content=\"Z\u0259rdab.com\" \/>\n<meta property=\"article:published_time\" content=\"2017-07-06T14:04:53+00:00\" \/>\n<meta property=\"og:image\" content=\"http:\/\/www.zerdab.com\/wp-content\/uploads\/2017\/07\/Zerdab-rayonu-550x413.jpg\" \/>\n<meta name=\"author\" content=\"admin\" \/>\n<meta name=\"twitter:card\" content=\"summary_large_image\" \/>\n<meta name=\"twitter:label1\" content=\"Written by\" \/>\n\t<meta name=\"twitter:data1\" content=\"admin\" \/>\n\t<meta name=\"twitter:label2\" content=\"Est. reading time\" \/>\n\t<meta name=\"twitter:data2\" content=\"2 minutes\" \/>\n<script type=\"application\/ld+json\" class=\"yoast-schema-graph\">{\"@context\":\"https:\/\/schema.org\",\"@graph\":[{\"@type\":\"Article\",\"@id\":\"https:\/\/www.zerdab.com\/?p=24807#article\",\"isPartOf\":{\"@id\":\"https:\/\/www.zerdab.com\/?p=24807\"},\"author\":{\"name\":\"admin\",\"@id\":\"https:\/\/www.zerdab.com\/#\/schema\/person\/97079b7570c1e89ec0d9e138c3672136\"},\"headline\":\"Z\u0259rdabda aksiya ke\u00e7irilib &#8211; FOTO\",\"datePublished\":\"2017-07-06T14:04:53+00:00\",\"mainEntityOfPage\":{\"@id\":\"https:\/\/www.zerdab.com\/?p=24807\"},\"wordCount\":470,\"commentCount\":0,\"image\":{\"@id\":\"https:\/\/www.zerdab.com\/?p=24807#primaryimage\"},\"thumbnailUrl\":\"http:\/\/www.zerdab.com\/wp-content\/uploads\/2017\/07\/Zerdab-rayonu-550x413.jpg\",\"articleSection\":[\"X\u018fB\u018fRL\u018fR\"],\"inLanguage\":\"az\",\"potentialAction\":[{\"@type\":\"CommentAction\",\"name\":\"Comment\",\"target\":[\"https:\/\/www.zerdab.com\/?p=24807#respond\"]}]},{\"@type\":\"WebPage\",\"@id\":\"https:\/\/www.zerdab.com\/?p=24807\",\"url\":\"https:\/\/www.zerdab.com\/?p=24807\",\"name\":\"Z\u0259rdabda aksiya ke\u00e7irilib - FOTO - Z\u0259rdab.com\",\"isPartOf\":{\"@id\":\"https:\/\/www.zerdab.com\/#website\"},\"primaryImageOfPage\":{\"@id\":\"https:\/\/www.zerdab.com\/?p=24807#primaryimage\"},\"image\":{\"@id\":\"https:\/\/www.zerdab.com\/?p=24807#primaryimage\"},\"thumbnailUrl\":\"http:\/\/www.zerdab.com\/wp-content\/uploads\/2017\/07\/Zerdab-rayonu-550x413.jpg\",\"datePublished\":\"2017-07-06T14:04:53+00:00\",\"author\":{\"@id\":\"https:\/\/www.zerdab.com\/#\/schema\/person\/97079b7570c1e89ec0d9e138c3672136\"},\"breadcrumb\":{\"@id\":\"https:\/\/www.zerdab.com\/?p=24807#breadcrumb\"},\"inLanguage\":\"az\",\"potentialAction\":[{\"@type\":\"ReadAction\",\"target\":[\"https:\/\/www.zerdab.com\/?p=24807\"]}]},{\"@type\":\"ImageObject\",\"inLanguage\":\"az\",\"@id\":\"https:\/\/www.zerdab.com\/?p=24807#primaryimage\",\"url\":\"\",\"contentUrl\":\"\"},{\"@type\":\"BreadcrumbList\",\"@id\":\"https:\/\/www.zerdab.com\/?p=24807#breadcrumb\",\"itemListElement\":[{\"@type\":\"ListItem\",\"position\":1,\"name\":\"Home\",\"item\":\"https:\/\/www.zerdab.com\/\"},{\"@type\":\"ListItem\",\"position\":2,\"name\":\"Z\u0259rdabda aksiya ke\u00e7irilib &#8211; FOTO\"}]},{\"@type\":\"WebSite\",\"@id\":\"https:\/\/www.zerdab.com\/#website\",\"url\":\"https:\/\/www.zerdab.com\/\",\"name\":\"Z\u0259rdab.com\",\"description\":\"\",\"potentialAction\":[{\"@type\":\"SearchAction\",\"target\":{\"@type\":\"EntryPoint\",\"urlTemplate\":\"https:\/\/www.zerdab.com\/?s={search_term_string}\"},\"query-input\":{\"@type\":\"PropertyValueSpecification\",\"valueRequired\":true,\"valueName\":\"search_term_string\"}}],\"inLanguage\":\"az\"},{\"@type\":\"Person\",\"@id\":\"https:\/\/www.zerdab.com\/#\/schema\/person\/97079b7570c1e89ec0d9e138c3672136\",\"name\":\"admin\",\"image\":{\"@type\":\"ImageObject\",\"inLanguage\":\"az\",\"@id\":\"https:\/\/www.zerdab.com\/#\/schema\/person\/image\/\",\"url\":\"https:\/\/secure.gravatar.com\/avatar\/d9c52a9a27c32119cb6679a077fa3e2779e5f822c451cbf01098004361d466ec?s=96&d=mm&r=g\",\"contentUrl\":\"https:\/\/secure.gravatar.com\/avatar\/d9c52a9a27c32119cb6679a077fa3e2779e5f822c451cbf01098004361d466ec?s=96&d=mm&r=g\",\"caption\":\"admin\"},\"url\":\"https:\/\/www.zerdab.com\/?author=1\"}]}<\/script>\n<!-- \/ Yoast SEO plugin. -->","yoast_head_json":{"title":"Z\u0259rdabda aksiya ke\u00e7irilib - FOTO - Z\u0259rdab.com","robots":{"index":"index","follow":"follow","max-snippet":"max-snippet:-1","max-image-preview":"max-image-preview:large","max-video-preview":"max-video-preview:-1"},"canonical":"https:\/\/www.zerdab.com\/?p=24807","og_locale":"az_AZ","og_type":"article","og_title":"Z\u0259rdabda aksiya ke\u00e7irilib - FOTO - Z\u0259rdab.com","og_description":"&nbsp; \u0130yulun 6-da Z\u0259rdab rayon M\u0259rk\u0259zi Kitabxanas\u0131nda &#8220;Erm\u0259ni v\u0259h\u015f\u0131l\u0131kl\u0259rin\u0259 son qoyulsun!&#8221; ba\u015fl\u0131ql\u0131 aksiya ke\u00e7irilmi\u015fdir. Zerdab.com sayt\u0131n\u0131n m\u0259lumat\u0131na g\u00f6r\u0259, aksiyan\u0131n ke\u00e7irilm\u0259sind\u0259 m\u0259qs\u0259d iyulun 4-\u00fc, ax\u015fam saatlar\u0131nda Erm\u0259nistan ordusunun Az\u0259rbaycan\u0131n F\u00fczuli rayonunun Alxanl\u0131 k\u0259ndinin 82 v\u0259 120 millimetrlik minaatanlardan v\u0259 d\u0259zgahl\u0131 qumbaraatanlardan at\u0259\u015f\u0259 tutmas\u0131 n\u0259tic\u0259sind\u0259 1967-ci il t\u0259v\u0259ll\u00fcdl\u00fc Quliyeva Sahib\u0259 \u0130dris q\u0131z\u0131n\u0131n v\u0259 2015-ci il t\u0259v\u0259ll\u00fcdl\u00fc Quliyeva [&hellip;]","og_url":"https:\/\/www.zerdab.com\/?p=24807","og_site_name":"Z\u0259rdab.com","article_published_time":"2017-07-06T14:04:53+00:00","og_image":[{"url":"http:\/\/www.zerdab.com\/wp-content\/uploads\/2017\/07\/Zerdab-rayonu-550x413.jpg","type":"","width":"","height":""}],"author":"admin","twitter_card":"summary_large_image","twitter_misc":{"Written by":"admin","Est. reading time":"2 minutes"},"schema":{"@context":"https:\/\/schema.org","@graph":[{"@type":"Article","@id":"https:\/\/www.zerdab.com\/?p=24807#article","isPartOf":{"@id":"https:\/\/www.zerdab.com\/?p=24807"},"author":{"name":"admin","@id":"https:\/\/www.zerdab.com\/#\/schema\/person\/97079b7570c1e89ec0d9e138c3672136"},"headline":"Z\u0259rdabda aksiya ke\u00e7irilib &#8211; FOTO","datePublished":"2017-07-06T14:04:53+00:00","mainEntityOfPage":{"@id":"https:\/\/www.zerdab.com\/?p=24807"},"wordCount":470,"commentCount":0,"image":{"@id":"https:\/\/www.zerdab.com\/?p=24807#primaryimage"},"thumbnailUrl":"http:\/\/www.zerdab.com\/wp-content\/uploads\/2017\/07\/Zerdab-rayonu-550x413.jpg","articleSection":["X\u018fB\u018fRL\u018fR"],"inLanguage":"az","potentialAction":[{"@type":"CommentAction","name":"Comment","target":["https:\/\/www.zerdab.com\/?p=24807#respond"]}]},{"@type":"WebPage","@id":"https:\/\/www.zerdab.com\/?p=24807","url":"https:\/\/www.zerdab.com\/?p=24807","name":"Z\u0259rdabda aksiya ke\u00e7irilib - FOTO - Z\u0259rdab.com","isPartOf":{"@id":"https:\/\/www.zerdab.com\/#website"},"primaryImageOfPage":{"@id":"https:\/\/www.zerdab.com\/?p=24807#primaryimage"},"image":{"@id":"https:\/\/www.zerdab.com\/?p=24807#primaryimage"},"thumbnailUrl":"http:\/\/www.zerdab.com\/wp-content\/uploads\/2017\/07\/Zerdab-rayonu-550x413.jpg","datePublished":"2017-07-06T14:04:53+00:00","author":{"@id":"https:\/\/www.zerdab.com\/#\/schema\/person\/97079b7570c1e89ec0d9e138c3672136"},"breadcrumb":{"@id":"https:\/\/www.zerdab.com\/?p=24807#breadcrumb"},"inLanguage":"az","potentialAction":[{"@type":"ReadAction","target":["https:\/\/www.zerdab.com\/?p=24807"]}]},{"@type":"ImageObject","inLanguage":"az","@id":"https:\/\/www.zerdab.com\/?p=24807#primaryimage","url":"","contentUrl":""},{"@type":"BreadcrumbList","@id":"https:\/\/www.zerdab.com\/?p=24807#breadcrumb","itemListElement":[{"@type":"ListItem","position":1,"name":"Home","item":"https:\/\/www.zerdab.com\/"},{"@type":"ListItem","position":2,"name":"Z\u0259rdabda aksiya ke\u00e7irilib &#8211; FOTO"}]},{"@type":"WebSite","@id":"https:\/\/www.zerdab.com\/#website","url":"https:\/\/www.zerdab.com\/","name":"Z\u0259rdab.com","description":"","potentialAction":[{"@type":"SearchAction","target":{"@type":"EntryPoint","urlTemplate":"https:\/\/www.zerdab.com\/?s={search_term_string}"},"query-input":{"@type":"PropertyValueSpecification","valueRequired":true,"valueName":"search_term_string"}}],"inLanguage":"az"},{"@type":"Person","@id":"https:\/\/www.zerdab.com\/#\/schema\/person\/97079b7570c1e89ec0d9e138c3672136","name":"admin","image":{"@type":"ImageObject","inLanguage":"az","@id":"https:\/\/www.zerdab.com\/#\/schema\/person\/image\/","url":"https:\/\/secure.gravatar.com\/avatar\/d9c52a9a27c32119cb6679a077fa3e2779e5f822c451cbf01098004361d466ec?s=96&d=mm&r=g","contentUrl":"https:\/\/secure.gravatar.com\/avatar\/d9c52a9a27c32119cb6679a077fa3e2779e5f822c451cbf01098004361d466ec?s=96&d=mm&r=g","caption":"admin"},"url":"https:\/\/www.zerdab.com\/?author=1"}]}},"_links":{"self":[{"href":"https:\/\/www.zerdab.com\/index.php?rest_route=\/wp\/v2\/posts\/24807","targetHints":{"allow":["GET"]}}],"collection":[{"href":"https:\/\/www.zerdab.com\/index.php?rest_route=\/wp\/v2\/posts"}],"about":[{"href":"https:\/\/www.zerdab.com\/index.php?rest_route=\/wp\/v2\/types\/post"}],"author":[{"embeddable":true,"href":"https:\/\/www.zerdab.com\/index.php?rest_route=\/wp\/v2\/users\/1"}],"replies":[{"embeddable":true,"href":"https:\/\/www.zerdab.com\/index.php?rest_route=%2Fwp%2Fv2%2Fcomments&post=24807"}],"version-history":[{"count":2,"href":"https:\/\/www.zerdab.com\/index.php?rest_route=\/wp\/v2\/posts\/24807\/revisions"}],"predecessor-version":[{"id":24812,"href":"https:\/\/www.zerdab.com\/index.php?rest_route=\/wp\/v2\/posts\/24807\/revisions\/24812"}],"wp:attachment":[{"href":"https:\/\/www.zerdab.com\/index.php?rest_route=%2Fwp%2Fv2%2Fmedia&parent=24807"}],"wp:term":[{"taxonomy":"category","embeddable":true,"href":"https:\/\/www.zerdab.com\/index.php?rest_route=%2Fwp%2Fv2%2Fcategories&post=24807"},{"taxonomy":"post_tag","embeddable":true,"href":"https:\/\/www.zerdab.com\/index.php?rest_route=%2Fwp%2Fv2%2Ftags&post=24807"}],"curies":[{"name":"wp","href":"https:\/\/api.w.org\/{rel}","templated":true}]}}