{"id":24823,"date":"2017-07-09T10:41:40","date_gmt":"2017-07-09T06:41:40","guid":{"rendered":"http:\/\/www.zerdab.com\/?p=24823"},"modified":"2017-07-09T10:41:40","modified_gmt":"2017-07-09T06:41:40","slug":"yap-z%c9%99rdab-rayon-t%c9%99skilatinin-viii-konfransi-kecirilib-fotolar","status":"publish","type":"post","link":"https:\/\/www.zerdab.com\/?p=24823","title":{"rendered":"YAP Z\u0259rdab rayon t\u0259\u015fkilat\u0131n\u0131n VIII konfrans\u0131 ke\u00e7irilib &#8211; FOTOLAR"},"content":{"rendered":"<p>\u0130yul 8-d\u0259 YAP Z\u0259rdab rayon t\u0259\u015fkilat\u0131n\u0131n VIII konfrans\u0131 ke\u00e7irilmi\u015fdir. <span style=\"color: #ff0000;\"><strong>&#8220;Zerdab.com&#8221;<\/strong><\/span> sayt\u0131na veril\u0259n m\u0259lumata g\u00f6r\u0259, konfransda i\u015ftirak ed\u0259n qonaqlar v\u0259 konfrans n\u00fcmay\u0259nd\u0259l\u0259rinin bir qrupu Ulu \u00d6nd\u0259r Heyd\u0259r \u018fliyevin Heyd\u0259r \u018fliyev park\u0131nda ucald\u0131lm\u0131\u015f \u0259z\u0259m\u0259tli abid\u0259sini ziyar\u0259t ed\u0259r\u0259k abid\u0259 \u00f6n\u00fcn\u0259 t\u0259r \u00e7i\u00e7\u0259kl\u0259r d\u00fczm\u0259kl\u0259 onun \u0259ziz xatir\u0259sini ehtiramla yad etdil\u0259r.<br \/>\nKonfransdan \u0259vv\u0259l Yeni Az\u0259rbaycan Partiyas\u0131n\u0131n yaranmas\u0131, t\u0259\u015f\u0259kk\u00fcl\u00fc v\u0259 ke\u00e7diyi inki\u015faf y<span class=\"text_exposed_show\">oluna, h\u0259m\u00e7inin YAP Z\u0259rdab rayon t\u0259\u015fkilat\u0131n\u0131n hesabat d\u00f6vr\u00fcnd\u0259 g\u00f6rd\u00fcy\u00fc i\u015fl\u0259r\u0259 dair video g\u00f6r\u00fcnt\u00fc n\u00fcmayi\u015f etdirildi.<br \/>\nSonra Yeni Az\u0259rbaycan Partiyas\u0131 Z\u0259rdab rayon t\u0259\u015fkilkat\u0131n\u0131n s\u0259dri P\u0259rvin Mahmudova konfrans\u0131 a\u00e7\u0131q elan etdi. Az\u0259rbaycan Respublikas\u0131n\u0131n D\u00f6vl\u0259t Himni s\u0259sl\u0259ndi.<br \/>\nYeni Az\u0259rbaycan Partiyas\u0131n\u0131n yarad\u0131c\u0131s\u0131 Ulu \u00d6nd\u0259r Heyd\u0259r \u018fliyevin v\u0259 \u00f6t\u0259n konfransdan ke\u00e7\u0259n m\u00fcdd\u0259td\u0259 d\u00fcnyas\u0131n\u0131 d\u0259yi\u015fmi\u015f partiya \u00fczvl\u0259rinin xatir\u0259si 1 d\u0259qiq\u0259lik s\u00fckutla yad edildi.<br \/>\nVII konfransdan \u00f6t\u0259n d\u00f6vr \u0259rzind\u0259 g\u00f6r\u00fcl\u0259n i\u015fl\u0259r bar\u0259d\u0259 YAP Z\u0259rdab rayon t\u0259\u015fkilat\u0131n\u0131n s\u0259dri P\u0259rvin Mahmudova m\u0259ruz\u0259 il\u0259 \u00e7\u0131x\u0131\u015f ed\u0259r\u0259k hesabat verdi. Sonra g\u00fcnd\u0259liy\u0259 m\u00fcvafiq olaraq N\u0259zar\u0259t T\u0259fti\u015f Qrupunun s\u0259dri \u0130lham Musayev \u00e7\u0131x\u0131\u015f ed\u0259r\u0259k \u00f6t\u0259n d\u00f6vr \u0259rzind\u0259 N\u0259zar\u0259t T\u0259fti\u015f Qrupunun g\u00f6rd\u00fcy\u00fc i\u015fl\u0259r bar\u0259d\u0259 hesabat\u0131 konfrans i\u015ftirak\u00e7\u0131lar\u0131n\u0131n diqq\u0259tin\u0259 \u00e7atd\u0131rd\u0131.<br \/>\nM\u0259ruz\u0259 \u0259traf\u0131nda YAP Z\u0259rdab rayon t\u0259\u015fkilat\u0131 G\u0259ncl\u0259r Birliyinin s\u0259dri \u018fl\u0259kb\u0259r K\u0259rimov, YAP Z\u0259rdab rayon t\u0259\u015fkilat\u0131 Qad\u0131nlar \u015euras\u0131n\u0131n s\u0259dr m\u00fcavini Nail\u0259 \u018fliyeva \u201cT\u0259r\u0259qqi\u201d medall\u0131,\u201d\u018fm\u0259kdar\u201d m\u00fc\u0259llim\u0259 C\u0259vahir \u0130smay\u0131lova, T\u0259qa\u00fcdd\u0259 olan D\u00f6vl\u0259t Qulluq\u00e7usu \u0130sr\u0259fil H\u0259midov \u00e7\u0131x\u0131\u015f ed\u0259r\u0259k \u00f6t\u0259n konfransdan ke\u00e7\u0259n m\u00fcdd\u0259td\u0259 g\u00f6r\u00fcl\u0259n i\u015fl\u0259r, ke\u00e7iril\u0259n t\u0259dbirl\u0259r bar\u0259d\u0259 konfrans i\u015ftirak\u00e7\u0131lar\u0131na m\u0259lumat ver\u0259r\u0259k, t\u0259\u015fkilat\u0131n hesabat d\u00f6vr\u00fcnd\u0259ki f\u0259aliyy\u0259tin\u0259 d\u0259 \u00f6z m\u00fcnasib\u0259tl\u0259rini bildirdil\u0259r.<br \/>\nKonfransda t\u0259\u015fkilati m\u0259s\u0259l\u0259l\u0259r\u0259 d\u0259 bax\u0131ld\u0131.<br \/>\nKonfransda YAP Z\u0259rdab rayon t\u0259\u015fkilat\u0131n\u0131n 27 n\u0259f\u0259rd\u0259n ibar\u0259t \u015furas\u0131, 15 n\u0259f\u0259rd\u0259n ibar\u0259t idar\u0259 hey\u0259ti, 5 n\u0259f\u0259rd\u0259n ibar\u0259t n\u0259zar\u0259t t\u0259fti\u015f qrupunun t\u0259rkibi se\u00e7ildi.<br \/>\nKonfransda YAP Z\u0259rdab rayon t\u0259\u015fkilat\u0131n\u0131n s\u0259dri P\u0259rvin Mahmudova yenid\u0259n yekdillikl\u0259 rayon t\u0259\u015fkilat\u0131n\u0131n s\u0259dri se\u00e7ildi. Konfransda h\u0259m\u00e7inin s\u0259drin m\u00fcavinl\u0259rinin se\u00e7ilm\u0259si m\u0259s\u0259l\u0259sin\u0259 d\u0259 bax\u0131ld\u0131. V\u00fcsal\u0259 K\u0259rimova v\u0259 Ruslan Nem\u0259tov t\u0259\u015fkilat s\u0259drinin m\u00fcavinl\u0259ri se\u00e7ildil\u0259r.<br \/>\nKonfransda YAP Siyasi \u015euras\u0131n\u0131n \u00fczv\u00fc, Ail\u0259, Qad\u0131n v\u0259 U\u015faq Probleml\u0259ri \u00fczr\u0259 D\u00f6vl\u0259r Komit\u0259sinin s\u0259dr m\u00fcavini Aynur Sofiyevav\u0259, Mill\u0259t v\u0259kili,Beyn\u0259lxalq m\u00fcnasib\u0259tl\u0259r v\u0259 parlamentl\u0259raras\u0131 \u0259laq\u0259l\u0259r komit\u0259sinin \u00fczv\u00fc Elman N\u0259sirov geni\u015f \u00e7\u0131x\u0131\u015f etdil\u0259r.<br \/>\nKonfransda YAP Z\u0259rdab rayon t\u0259\u015fkilat\u0131n\u0131n \u015eura \u00fczv\u00fc, Z\u0259rdab rayon \u0130cra Hakimiyy\u0259tinin ba\u015f\u00e7\u0131s\u0131 L\u00fctv\u0259li Babayev \u00e7\u0131x\u0131\u015f ed\u0259r\u0259k, Yeni Az\u0259rbaycan Partiyas\u0131n\u0131n ke\u00e7diyi \u015f\u0259r\u0259fli inki\u015faf yolundan, respublikan\u0131n ictimai \u2013siyasi h\u0259yat\u0131nda oynad\u0131\u011f\u0131 roldan, h\u0259m\u00e7inin YAP Z\u0259rdab rayon t\u0259\u015fkilat\u0131n\u0131n g\u00f6rd\u00fcy\u00fc i\u015fl\u0259rd\u0259n v\u0259 qar\u015f\u0131da duran v\u0259zif\u0259l\u0259rd\u0259n dan\u0131\u015fd\u0131.<br \/>\nSonda Yeni Az\u0259rbaycan Partiyas\u0131 s\u0131ralar\u0131na yeni q\u0259bul olunan bir qrup g\u0259nc\u0259 \u00fczvl\u00fck v\u0259siq\u0259si verilib.<\/span><\/p>\n<p><a href=\"http:\/\/www.zerdab.com\/yap-z%c9%99rdab-rayon-t%c9%99skilatinin-viii-konfransi-kecirilib-fotolar\/yeni-az%c9%99rbaycan-partiyasi-z%c9%99rdab10\/\" rel=\"attachment wp-att-24825\"><img loading=\"lazy\" decoding=\"async\" class=\"aligncenter size-large wp-image-24825\" src=\"http:\/\/www.zerdab.com\/wp-content\/uploads\/2017\/07\/Yeni-Az\u0259rbaycan-Partiyasi-Z\u0259rdab10-550x273.jpg\" alt=\"\" width=\"550\" height=\"273\" \/><\/a><\/p>\n<p><a href=\"http:\/\/www.zerdab.com\/yap-z%c9%99rdab-rayon-t%c9%99skilatinin-viii-konfransi-kecirilib-fotolar\/yeni-az%c9%99rbaycan-partiyasi-z%c9%99rdab1\/\" rel=\"attachment wp-att-24826\"><img loading=\"lazy\" decoding=\"async\" class=\"aligncenter size-large wp-image-24826\" src=\"http:\/\/www.zerdab.com\/wp-content\/uploads\/2017\/07\/Yeni-Az\u0259rbaycan-Partiyasi-Z\u0259rdab1-550x240.jpg\" alt=\"\" width=\"550\" height=\"240\" \/><\/a><a href=\"http:\/\/www.zerdab.com\/yap-z%c9%99rdab-rayon-t%c9%99skilatinin-viii-konfransi-kecirilib-fotolar\/yeni-az%c9%99rbaycan-partiyasi-z%c9%99rdab2\/\" rel=\"attachment wp-att-24827\"><img loading=\"lazy\" decoding=\"async\" class=\"aligncenter size-large wp-image-24827\" src=\"http:\/\/www.zerdab.com\/wp-content\/uploads\/2017\/07\/Yeni-Az\u0259rbaycan-Partiyasi-Z\u0259rdab2-550x223.jpg\" alt=\"\" width=\"550\" height=\"223\" \/><\/a><a href=\"http:\/\/www.zerdab.com\/yap-z%c9%99rdab-rayon-t%c9%99skilatinin-viii-konfransi-kecirilib-fotolar\/yeni-az%c9%99rbaycan-partiyasi-z%c9%99rdab4\/\" rel=\"attachment wp-att-24829\"><img loading=\"lazy\" decoding=\"async\" class=\"aligncenter size-large wp-image-24829\" src=\"http:\/\/www.zerdab.com\/wp-content\/uploads\/2017\/07\/Yeni-Az\u0259rbaycan-Partiyasi-Z\u0259rdab4-550x316.jpg\" alt=\"\" width=\"550\" height=\"316\" \/><\/a><a href=\"http:\/\/www.zerdab.com\/yap-z%c9%99rdab-rayon-t%c9%99skilatinin-viii-konfransi-kecirilib-fotolar\/yeni-az%c9%99rbaycan-partiyasi-z%c9%99rdab3\/\" rel=\"attachment wp-att-24828\"><img loading=\"lazy\" decoding=\"async\" class=\"aligncenter size-large wp-image-24828\" src=\"http:\/\/www.zerdab.com\/wp-content\/uploads\/2017\/07\/Yeni-Az\u0259rbaycan-Partiyasi-Z\u0259rdab3-550x288.jpg\" alt=\"\" width=\"550\" height=\"288\" \/><\/a><\/p>\n<p><a href=\"http:\/\/www.zerdab.com\/yap-z%c9%99rdab-rayon-t%c9%99skilatinin-viii-konfransi-kecirilib-fotolar\/yeni-az%c9%99rbaycan-partiyasi-z%c9%99rdab6\/\" rel=\"attachment wp-att-24830\"><img loading=\"lazy\" decoding=\"async\" class=\"aligncenter size-large wp-image-24830\" src=\"http:\/\/www.zerdab.com\/wp-content\/uploads\/2017\/07\/Yeni-Az\u0259rbaycan-Partiyasi-Z\u0259rdab6-550x249.jpg\" alt=\"\" width=\"550\" height=\"249\" \/><\/a><a href=\"http:\/\/www.zerdab.com\/yap-z%c9%99rdab-rayon-t%c9%99skilatinin-viii-konfransi-kecirilib-fotolar\/yeni-az%c9%99rbaycan-partiyasi-z%c9%99rdab7\/\" rel=\"attachment wp-att-24831\"><img loading=\"lazy\" decoding=\"async\" class=\"aligncenter size-large wp-image-24831\" src=\"http:\/\/www.zerdab.com\/wp-content\/uploads\/2017\/07\/Yeni-Az\u0259rbaycan-Partiyasi-Z\u0259rdab7-550x259.jpg\" alt=\"\" width=\"550\" height=\"259\" \/><\/a><\/p>\n<p><a href=\"http:\/\/www.zerdab.com\/yap-z%c9%99rdab-rayon-t%c9%99skilatinin-viii-konfransi-kecirilib-fotolar\/yeni-az%c9%99rbaycan-partiyasi-z%c9%99rdab9\/\" rel=\"attachment wp-att-24833\"><img loading=\"lazy\" decoding=\"async\" class=\"aligncenter size-large wp-image-24833\" src=\"http:\/\/www.zerdab.com\/wp-content\/uploads\/2017\/07\/Yeni-Az\u0259rbaycan-Partiyasi-Z\u0259rdab9-550x233.jpg\" alt=\"\" width=\"550\" height=\"233\" \/><\/a><\/p>\n<p><a href=\"http:\/\/www.zerdab.com\/yap-z%c9%99rdab-rayon-t%c9%99skilatinin-viii-konfransi-kecirilib-fotolar\/yeni-az%c9%99rbaycan-partiyasi-z%c9%99rdab11\/\" rel=\"attachment wp-att-24835\"><img loading=\"lazy\" decoding=\"async\" class=\"aligncenter size-large wp-image-24835\" src=\"http:\/\/www.zerdab.com\/wp-content\/uploads\/2017\/07\/Yeni-Az\u0259rbaycan-Partiyasi-Z\u0259rdab11-550x529.jpg\" alt=\"\" width=\"550\" height=\"529\" \/><\/a><a href=\"http:\/\/www.zerdab.com\/yap-z%c9%99rdab-rayon-t%c9%99skilatinin-viii-konfransi-kecirilib-fotolar\/yeni-az%c9%99rbaycan-partiyasi-z%c9%99rdab12\/\" rel=\"attachment wp-att-24836\"><img loading=\"lazy\" decoding=\"async\" class=\"aligncenter size-large wp-image-24836\" src=\"http:\/\/www.zerdab.com\/wp-content\/uploads\/2017\/07\/Yeni-Az\u0259rbaycan-Partiyasi-Z\u0259rdab12-550x410.jpg\" alt=\"\" width=\"550\" height=\"410\" \/><\/a><\/p>\n","protected":false},"excerpt":{"rendered":"<p>\u0130yul 8-d\u0259 YAP Z\u0259rdab rayon t\u0259\u015fkilat\u0131n\u0131n VIII konfrans\u0131 ke\u00e7irilmi\u015fdir. &#8220;Zerdab.com&#8221; sayt\u0131na veril\u0259n m\u0259lumata g\u00f6r\u0259, konfransda i\u015ftirak ed\u0259n qonaqlar v\u0259 konfrans n\u00fcmay\u0259nd\u0259l\u0259rinin bir qrupu Ulu \u00d6nd\u0259r Heyd\u0259r \u018fliyevin Heyd\u0259r \u018fliyev park\u0131nda ucald\u0131lm\u0131\u015f \u0259z\u0259m\u0259tli abid\u0259sini ziyar\u0259t ed\u0259r\u0259k abid\u0259 \u00f6n\u00fcn\u0259 t\u0259r \u00e7i\u00e7\u0259kl\u0259r d\u00fczm\u0259kl\u0259 onun \u0259ziz xatir\u0259sini ehtiramla yad etdil\u0259r. Konfransdan \u0259vv\u0259l Yeni Az\u0259rbaycan Partiyas\u0131n\u0131n yaranmas\u0131, t\u0259\u015f\u0259kk\u00fcl\u00fc v\u0259 ke\u00e7diyi [&hellip;]<\/p>\n","protected":false},"author":1,"featured_media":0,"comment_status":"open","ping_status":"open","sticky":false,"template":"","format":"standard","meta":{"footnotes":""},"categories":[21],"tags":[],"class_list":{"0":"post-24823","1":"post","2":"type-post","3":"status-publish","4":"format-standard","6":"category-zrdab"},"yoast_head":"<!-- This site is optimized with the Yoast SEO plugin v27.0 - https:\/\/yoast.com\/product\/yoast-seo-wordpress\/ -->\n<title>YAP Z\u0259rdab rayon t\u0259\u015fkilat\u0131n\u0131n VIII konfrans\u0131 ke\u00e7irilib - FOTOLAR - Z\u0259rdab.com<\/title>\n<meta name=\"robots\" content=\"index, follow, max-snippet:-1, max-image-preview:large, max-video-preview:-1\" \/>\n<link rel=\"canonical\" href=\"https:\/\/www.zerdab.com\/?p=24823\" \/>\n<meta property=\"og:locale\" content=\"az_AZ\" \/>\n<meta property=\"og:type\" content=\"article\" \/>\n<meta property=\"og:title\" content=\"YAP Z\u0259rdab rayon t\u0259\u015fkilat\u0131n\u0131n VIII konfrans\u0131 ke\u00e7irilib - FOTOLAR - Z\u0259rdab.com\" \/>\n<meta property=\"og:description\" content=\"\u0130yul 8-d\u0259 YAP Z\u0259rdab rayon t\u0259\u015fkilat\u0131n\u0131n VIII konfrans\u0131 ke\u00e7irilmi\u015fdir. &#8220;Zerdab.com&#8221; sayt\u0131na veril\u0259n m\u0259lumata g\u00f6r\u0259, konfransda i\u015ftirak ed\u0259n qonaqlar v\u0259 konfrans n\u00fcmay\u0259nd\u0259l\u0259rinin bir qrupu Ulu \u00d6nd\u0259r Heyd\u0259r \u018fliyevin Heyd\u0259r \u018fliyev park\u0131nda ucald\u0131lm\u0131\u015f \u0259z\u0259m\u0259tli abid\u0259sini ziyar\u0259t ed\u0259r\u0259k abid\u0259 \u00f6n\u00fcn\u0259 t\u0259r \u00e7i\u00e7\u0259kl\u0259r d\u00fczm\u0259kl\u0259 onun \u0259ziz xatir\u0259sini ehtiramla yad etdil\u0259r. Konfransdan \u0259vv\u0259l Yeni Az\u0259rbaycan Partiyas\u0131n\u0131n yaranmas\u0131, t\u0259\u015f\u0259kk\u00fcl\u00fc v\u0259 ke\u00e7diyi [&hellip;]\" \/>\n<meta property=\"og:url\" content=\"https:\/\/www.zerdab.com\/?p=24823\" \/>\n<meta property=\"og:site_name\" content=\"Z\u0259rdab.com\" \/>\n<meta property=\"article:published_time\" content=\"2017-07-09T06:41:40+00:00\" \/>\n<meta name=\"author\" content=\"admin\" \/>\n<meta name=\"twitter:card\" content=\"summary_large_image\" \/>\n<meta name=\"twitter:label1\" content=\"Written by\" \/>\n\t<meta name=\"twitter:data1\" content=\"admin\" \/>\n\t<meta name=\"twitter:label2\" content=\"Est. reading time\" \/>\n\t<meta name=\"twitter:data2\" content=\"3 minutes\" \/>\n<script type=\"application\/ld+json\" class=\"yoast-schema-graph\">{\"@context\":\"https:\/\/schema.org\",\"@graph\":[{\"@type\":\"Article\",\"@id\":\"https:\/\/www.zerdab.com\/?p=24823#article\",\"isPartOf\":{\"@id\":\"https:\/\/www.zerdab.com\/?p=24823\"},\"author\":{\"name\":\"admin\",\"@id\":\"https:\/\/www.zerdab.com\/#\/schema\/person\/97079b7570c1e89ec0d9e138c3672136\"},\"headline\":\"YAP Z\u0259rdab rayon t\u0259\u015fkilat\u0131n\u0131n VIII konfrans\u0131 ke\u00e7irilib &#8211; FOTOLAR\",\"datePublished\":\"2017-07-09T06:41:40+00:00\",\"mainEntityOfPage\":{\"@id\":\"https:\/\/www.zerdab.com\/?p=24823\"},\"wordCount\":696,\"commentCount\":0,\"articleSection\":[\"C\u018fM\u0130YY\u018fT\"],\"inLanguage\":\"az\",\"potentialAction\":[{\"@type\":\"CommentAction\",\"name\":\"Comment\",\"target\":[\"https:\/\/www.zerdab.com\/?p=24823#respond\"]}]},{\"@type\":\"WebPage\",\"@id\":\"https:\/\/www.zerdab.com\/?p=24823\",\"url\":\"https:\/\/www.zerdab.com\/?p=24823\",\"name\":\"YAP Z\u0259rdab rayon t\u0259\u015fkilat\u0131n\u0131n VIII konfrans\u0131 ke\u00e7irilib - FOTOLAR - Z\u0259rdab.com\",\"isPartOf\":{\"@id\":\"https:\/\/www.zerdab.com\/#website\"},\"datePublished\":\"2017-07-09T06:41:40+00:00\",\"author\":{\"@id\":\"https:\/\/www.zerdab.com\/#\/schema\/person\/97079b7570c1e89ec0d9e138c3672136\"},\"breadcrumb\":{\"@id\":\"https:\/\/www.zerdab.com\/?p=24823#breadcrumb\"},\"inLanguage\":\"az\",\"potentialAction\":[{\"@type\":\"ReadAction\",\"target\":[\"https:\/\/www.zerdab.com\/?p=24823\"]}]},{\"@type\":\"BreadcrumbList\",\"@id\":\"https:\/\/www.zerdab.com\/?p=24823#breadcrumb\",\"itemListElement\":[{\"@type\":\"ListItem\",\"position\":1,\"name\":\"Home\",\"item\":\"https:\/\/www.zerdab.com\/\"},{\"@type\":\"ListItem\",\"position\":2,\"name\":\"YAP Z\u0259rdab rayon t\u0259\u015fkilat\u0131n\u0131n VIII konfrans\u0131 ke\u00e7irilib &#8211; FOTOLAR\"}]},{\"@type\":\"WebSite\",\"@id\":\"https:\/\/www.zerdab.com\/#website\",\"url\":\"https:\/\/www.zerdab.com\/\",\"name\":\"Z\u0259rdab.com\",\"description\":\"\",\"potentialAction\":[{\"@type\":\"SearchAction\",\"target\":{\"@type\":\"EntryPoint\",\"urlTemplate\":\"https:\/\/www.zerdab.com\/?s={search_term_string}\"},\"query-input\":{\"@type\":\"PropertyValueSpecification\",\"valueRequired\":true,\"valueName\":\"search_term_string\"}}],\"inLanguage\":\"az\"},{\"@type\":\"Person\",\"@id\":\"https:\/\/www.zerdab.com\/#\/schema\/person\/97079b7570c1e89ec0d9e138c3672136\",\"name\":\"admin\",\"image\":{\"@type\":\"ImageObject\",\"inLanguage\":\"az\",\"@id\":\"https:\/\/www.zerdab.com\/#\/schema\/person\/image\/\",\"url\":\"https:\/\/secure.gravatar.com\/avatar\/d9c52a9a27c32119cb6679a077fa3e2779e5f822c451cbf01098004361d466ec?s=96&d=mm&r=g\",\"contentUrl\":\"https:\/\/secure.gravatar.com\/avatar\/d9c52a9a27c32119cb6679a077fa3e2779e5f822c451cbf01098004361d466ec?s=96&d=mm&r=g\",\"caption\":\"admin\"},\"url\":\"https:\/\/www.zerdab.com\/?author=1\"}]}<\/script>\n<!-- \/ Yoast SEO plugin. -->","yoast_head_json":{"title":"YAP Z\u0259rdab rayon t\u0259\u015fkilat\u0131n\u0131n VIII konfrans\u0131 ke\u00e7irilib - FOTOLAR - Z\u0259rdab.com","robots":{"index":"index","follow":"follow","max-snippet":"max-snippet:-1","max-image-preview":"max-image-preview:large","max-video-preview":"max-video-preview:-1"},"canonical":"https:\/\/www.zerdab.com\/?p=24823","og_locale":"az_AZ","og_type":"article","og_title":"YAP Z\u0259rdab rayon t\u0259\u015fkilat\u0131n\u0131n VIII konfrans\u0131 ke\u00e7irilib - FOTOLAR - Z\u0259rdab.com","og_description":"\u0130yul 8-d\u0259 YAP Z\u0259rdab rayon t\u0259\u015fkilat\u0131n\u0131n VIII konfrans\u0131 ke\u00e7irilmi\u015fdir. &#8220;Zerdab.com&#8221; sayt\u0131na veril\u0259n m\u0259lumata g\u00f6r\u0259, konfransda i\u015ftirak ed\u0259n qonaqlar v\u0259 konfrans n\u00fcmay\u0259nd\u0259l\u0259rinin bir qrupu Ulu \u00d6nd\u0259r Heyd\u0259r \u018fliyevin Heyd\u0259r \u018fliyev park\u0131nda ucald\u0131lm\u0131\u015f \u0259z\u0259m\u0259tli abid\u0259sini ziyar\u0259t ed\u0259r\u0259k abid\u0259 \u00f6n\u00fcn\u0259 t\u0259r \u00e7i\u00e7\u0259kl\u0259r d\u00fczm\u0259kl\u0259 onun \u0259ziz xatir\u0259sini ehtiramla yad etdil\u0259r. Konfransdan \u0259vv\u0259l Yeni Az\u0259rbaycan Partiyas\u0131n\u0131n yaranmas\u0131, t\u0259\u015f\u0259kk\u00fcl\u00fc v\u0259 ke\u00e7diyi [&hellip;]","og_url":"https:\/\/www.zerdab.com\/?p=24823","og_site_name":"Z\u0259rdab.com","article_published_time":"2017-07-09T06:41:40+00:00","author":"admin","twitter_card":"summary_large_image","twitter_misc":{"Written by":"admin","Est. reading time":"3 minutes"},"schema":{"@context":"https:\/\/schema.org","@graph":[{"@type":"Article","@id":"https:\/\/www.zerdab.com\/?p=24823#article","isPartOf":{"@id":"https:\/\/www.zerdab.com\/?p=24823"},"author":{"name":"admin","@id":"https:\/\/www.zerdab.com\/#\/schema\/person\/97079b7570c1e89ec0d9e138c3672136"},"headline":"YAP Z\u0259rdab rayon t\u0259\u015fkilat\u0131n\u0131n VIII konfrans\u0131 ke\u00e7irilib &#8211; FOTOLAR","datePublished":"2017-07-09T06:41:40+00:00","mainEntityOfPage":{"@id":"https:\/\/www.zerdab.com\/?p=24823"},"wordCount":696,"commentCount":0,"articleSection":["C\u018fM\u0130YY\u018fT"],"inLanguage":"az","potentialAction":[{"@type":"CommentAction","name":"Comment","target":["https:\/\/www.zerdab.com\/?p=24823#respond"]}]},{"@type":"WebPage","@id":"https:\/\/www.zerdab.com\/?p=24823","url":"https:\/\/www.zerdab.com\/?p=24823","name":"YAP Z\u0259rdab rayon t\u0259\u015fkilat\u0131n\u0131n VIII konfrans\u0131 ke\u00e7irilib - FOTOLAR - Z\u0259rdab.com","isPartOf":{"@id":"https:\/\/www.zerdab.com\/#website"},"datePublished":"2017-07-09T06:41:40+00:00","author":{"@id":"https:\/\/www.zerdab.com\/#\/schema\/person\/97079b7570c1e89ec0d9e138c3672136"},"breadcrumb":{"@id":"https:\/\/www.zerdab.com\/?p=24823#breadcrumb"},"inLanguage":"az","potentialAction":[{"@type":"ReadAction","target":["https:\/\/www.zerdab.com\/?p=24823"]}]},{"@type":"BreadcrumbList","@id":"https:\/\/www.zerdab.com\/?p=24823#breadcrumb","itemListElement":[{"@type":"ListItem","position":1,"name":"Home","item":"https:\/\/www.zerdab.com\/"},{"@type":"ListItem","position":2,"name":"YAP Z\u0259rdab rayon t\u0259\u015fkilat\u0131n\u0131n VIII konfrans\u0131 ke\u00e7irilib &#8211; FOTOLAR"}]},{"@type":"WebSite","@id":"https:\/\/www.zerdab.com\/#website","url":"https:\/\/www.zerdab.com\/","name":"Z\u0259rdab.com","description":"","potentialAction":[{"@type":"SearchAction","target":{"@type":"EntryPoint","urlTemplate":"https:\/\/www.zerdab.com\/?s={search_term_string}"},"query-input":{"@type":"PropertyValueSpecification","valueRequired":true,"valueName":"search_term_string"}}],"inLanguage":"az"},{"@type":"Person","@id":"https:\/\/www.zerdab.com\/#\/schema\/person\/97079b7570c1e89ec0d9e138c3672136","name":"admin","image":{"@type":"ImageObject","inLanguage":"az","@id":"https:\/\/www.zerdab.com\/#\/schema\/person\/image\/","url":"https:\/\/secure.gravatar.com\/avatar\/d9c52a9a27c32119cb6679a077fa3e2779e5f822c451cbf01098004361d466ec?s=96&d=mm&r=g","contentUrl":"https:\/\/secure.gravatar.com\/avatar\/d9c52a9a27c32119cb6679a077fa3e2779e5f822c451cbf01098004361d466ec?s=96&d=mm&r=g","caption":"admin"},"url":"https:\/\/www.zerdab.com\/?author=1"}]}},"_links":{"self":[{"href":"https:\/\/www.zerdab.com\/index.php?rest_route=\/wp\/v2\/posts\/24823","targetHints":{"allow":["GET"]}}],"collection":[{"href":"https:\/\/www.zerdab.com\/index.php?rest_route=\/wp\/v2\/posts"}],"about":[{"href":"https:\/\/www.zerdab.com\/index.php?rest_route=\/wp\/v2\/types\/post"}],"author":[{"embeddable":true,"href":"https:\/\/www.zerdab.com\/index.php?rest_route=\/wp\/v2\/users\/1"}],"replies":[{"embeddable":true,"href":"https:\/\/www.zerdab.com\/index.php?rest_route=%2Fwp%2Fv2%2Fcomments&post=24823"}],"version-history":[{"count":2,"href":"https:\/\/www.zerdab.com\/index.php?rest_route=\/wp\/v2\/posts\/24823\/revisions"}],"predecessor-version":[{"id":24838,"href":"https:\/\/www.zerdab.com\/index.php?rest_route=\/wp\/v2\/posts\/24823\/revisions\/24838"}],"wp:attachment":[{"href":"https:\/\/www.zerdab.com\/index.php?rest_route=%2Fwp%2Fv2%2Fmedia&parent=24823"}],"wp:term":[{"taxonomy":"category","embeddable":true,"href":"https:\/\/www.zerdab.com\/index.php?rest_route=%2Fwp%2Fv2%2Fcategories&post=24823"},{"taxonomy":"post_tag","embeddable":true,"href":"https:\/\/www.zerdab.com\/index.php?rest_route=%2Fwp%2Fv2%2Ftags&post=24823"}],"curies":[{"name":"wp","href":"https:\/\/api.w.org\/{rel}","templated":true}]}}