{"id":24839,"date":"2017-07-13T20:21:47","date_gmt":"2017-07-13T16:21:47","guid":{"rendered":"http:\/\/www.zerdab.com\/?p=24839"},"modified":"2017-07-13T20:23:41","modified_gmt":"2017-07-13T16:23:41","slug":"z%c9%99rdabda-islam-h%c9%99mr%c9%99yliyi-sulh%c9%99-cagirisdir-layih%c9%99si-ugurla-icra-olunur-fotolar","status":"publish","type":"post","link":"https:\/\/www.zerdab.com\/?p=24839","title":{"rendered":"Z\u0259rdabda \u201c\u0130slam h\u0259mr\u0259yliyi s\u00fclh\u0259 \u00e7a\u011f\u0131r\u0131\u015fd\u0131r\u201d layih\u0259si u\u011furla icra olunur &#8211; FOTOLAR"},"content":{"rendered":"<div>\u0130yulun 12-d\u0259 Dini Qurumlarla \u0130\u015f \u00fczr\u0259 D\u00f6vl\u0259t Komit\u0259sinin (DQ\u0130DK) d\u0259st\u0259yi il\u0259 Z\u0259rdab \u015f\u0259h\u0259r \u201cC\u00fcm\u0259\u201d \u00a0m\u0259scidi dini icmas\u0131 t\u0259r\u0259find\u0259n \u201c\u0130slam h\u0259mr\u0259yliyi s\u00fclh\u0259 \u00e7a\u011f\u0131r\u0131\u015fd\u0131r\u201d \u00a0layih\u0259si \u00e7\u0259r\u00e7iv\u0259sind\u0259 \u201c\u0130slam\u0131n h\u0259mr\u0259yliy\u0259 verdiyi \u0259h\u0259miyy\u0259t\u201d adl\u0131 maarifl\u0259ndirici t\u0259dbir ke\u00e7irilib.<\/div>\n<div><span style=\"color: #ff0000;\"><strong>Zerdab.com<\/strong><\/span> sayt\u0131na veril\u0259n m\u0259lumata g\u00f6r\u0259, t\u0259dbird\u0259 DQ\u0130DK-n\u0131n Ucar b\u00f6lg\u0259si \u00fczr\u0259 \u015f\u00f6b\u0259sinin m\u00fcdiri \u018fzim R\u0259fiyev v\u0259 \u015f\u00f6b\u0259nin \u0259m\u0259kda\u015flar\u0131, Z\u0259rdab Rayon \u0130cra Hakimiyy\u0259ti ba\u015f\u00e7\u0131s\u0131 Aparat\u0131n\u0131n \u0130ctimai-siyasi v\u0259 humanitar m\u0259s\u0259l\u0259l\u0259r \u015f\u00f6b\u0259sinin m\u00fcdir m\u00fcavini &#8211; dini qurumlarla i\u015fin t\u0259\u015fkilat\u00e7\u0131s\u0131 Murad H\u0259s\u0259nov, Z\u0259rdab \u015f\u0259h\u0259r \u201cC\u00fcm\u0259\u201d m\u0259scidi dini icmas\u0131n\u0131n s\u0259dri v\u0259 axundu Feyzulla Ta\u011f\u0131yev, rayonun m\u0259d\u0259niyy\u0259t v\u0259 kitabxana i\u015f\u00e7il\u0259ri, g\u0259ncl\u0259r, dini icma s\u0259drl\u0259ri v\u0259 din xadiml\u0259ri i\u015ftirak edibl\u0259r.<\/div>\n<div>T\u0259dbir iyulun 4-d\u0259 Erm\u0259nistan t\u0259r\u0259find\u0259n at\u0259\u015fk\u0259sin n\u00f6vb\u0259ti d\u0259f\u0259 pozulmas\u0131 n\u0259tic\u0259sind\u0259 Az\u0259rbaycan Respublikas\u0131n\u0131n d\u00f6y\u00fc\u015f b\u00f6lg\u0259sind\u0259 v\u0259fat etmi\u015f F\u00fczuli rayon sakini 2 ya\u015fl\u0131 Z\u0259hra Quliyeva v\u0259 onun n\u0259n\u0259si Sahib\u0259 Allahverdiyevan\u0131n xatir\u0259sinin yad\u00a0 edilm\u0259si il\u0259 ba\u015flay\u0131b.<\/div>\n<div>T\u0259dbiri giri\u015f s\u00f6z\u00fc il\u0259 a\u00e7an Z\u0259rdab R\u0130H ba\u015f\u00e7\u0131s\u0131 Aparat\u0131n\u0131n \u0130ctimai-siyasi v\u0259 humanitar m\u0259s\u0259l\u0259l\u0259r \u015f\u00f6b\u0259sinin m\u00fcdir m\u00fcavini &#8211; dini qurumlarla i\u015fin t\u0259\u015fkilat\u00e7\u0131s\u0131 Murad H\u0259s\u0259nov qeyd edib ki, \u00a0bu g\u00fcn d\u00fcnyada islamofobiyan\u0131n ba\u015f al\u0131b getdiyi bir d\u00f6vrd\u0259 Prezident \u0130lham \u018fliyevin 2017-ci ili Az\u0259rbaycanda \u201c\u0130slam H\u0259mr\u0259yliyi \u0130li\u201d elan etm\u0259si h\u0259r k\u0259s\u0259 veril\u0259n bir mesaj rolunu oynay\u0131r. O vur\u011fulay\u0131b ki, \u201c\u0130slam H\u0259mr\u0259yliyi \u0130li\u201d b\u00fct\u00fcn d\u00fcnya dinl\u0259rinin n\u00fcmay\u0259nd\u0259l\u0259rini birl\u0259\u015fm\u0259y\u0259, qar\u015f\u0131l\u0131ql\u0131 anla\u015fmaya v\u0259 dialoqa \u00e7a\u011f\u0131r\u0131r.<\/div>\n<div>DQ\u0130DK-n\u0131n Ucar b\u00f6lg\u0259si \u00fczr\u0259 \u015f\u00f6b\u0259sinin m\u00fcdiri \u018fzim R\u0259fiyev m\u00f6vzu il\u0259 ba\u011fl\u0131 \u00e7\u0131x\u0131\u015f\u0131nda deyib ki, elmsizlik v\u0259 m\u0259zh\u0259bl\u0259r aras\u0131nda siyasi m\u0259qs\u0259dl\u0259r\u0259 \u00e7atmaq u\u011frunda m\u00fcbariz\u0259 ke\u00e7\u0259n \u0259srl\u0259rd\u0259 oldu\u011fu kimi, g\u00fcn\u00fcm\u00fczd\u0259 d\u0259 m\u00fcs\u0259lman d\u00fcnyas\u0131nda davam etm\u0259kd\u0259dir. M\u0259zh\u0259bl\u0259r aras\u0131nda fikir ayr\u0131l\u0131\u011f\u0131, yalan v\u0259 t\u0259hrif olunmu\u015f m\u0259lumatlar\u0131n t\u0259bli\u011f olunmas\u0131 m\u00fcs\u0259lmanlar aras\u0131nda d\u00fc\u015fm\u0259n\u00e7ilik toxumlar\u0131n\u0131n s\u0259pilm\u0259sin\u0259 s\u0259b\u0259b olur v\u0259 bu da \u0130slam h\u0259mr\u0259yliyinin z\u0259d\u0259l\u0259nm\u0259sin\u0259, z\u0259ifl\u0259m\u0259sin\u0259 g\u0259tirib \u00e7\u0131xar\u0131r. Bu probleml\u0259r haz\u0131rda \u0130slam d\u00fcnyas\u0131nda m\u00fc\u015fahid\u0259 olunan m\u00fcnaqi\u015f\u0259 v\u0259 naraz\u0131l\u0131qlar\u0131n \u0259sas s\u0259b\u0259bl\u0259rind\u0259ndir.<\/div>\n<div>Daha sonra \u201cQurani-K\u0259rimd\u0259 v\u0259 Pey\u011f\u0259mb\u0259rin h\u0259yat\u0131nda v\u0259hd\u0259t\u0259 \u00e7a\u011f\u0131r\u0131\u015f\u201d m\u00f6vzusu \u0259traf\u0131nda Z\u0259rdab \u015f\u0259h\u0259r \u201cC\u00fcm\u0259\u201d m\u0259scidi dini icmas\u0131n\u0131n s\u0259dri v\u0259 axundu Feyzulla Ta\u011f\u0131yevin, \u201cMilli-m\u0259n\u0259vi d\u0259y\u0259rl\u0259rimizin qorunmas\u0131n\u0131n v\u0259 g\u0259l\u0259c\u0259k n\u0259sill\u0259r\u0259 \u00e7atd\u0131r\u0131lmas\u0131n\u0131n vacibliyi\u201d m\u00f6vzusunda DQ\u0130DK-n\u0131n Ucar b\u00f6lg\u0259si \u00fczr\u0259 \u015f\u00f6b\u0259sinin \u0259m\u0259kda\u015f\u0131 S\u0259di H\u00fcseynovun v\u0259 dig\u0259r natiql\u0259rin \u00e7\u0131x\u0131\u015flar\u0131 dinl\u0259nilib.<\/div>\n<div>Sonda Z\u0259rdab rayonu M\u0259rk\u0259zi Kitabxanas\u0131na v\u0259 i\u015ftirak\u00e7\u0131lara layih\u0259 \u00e7\u0259r\u00e7iv\u0259sind\u0259 n\u0259\u015fr olunan dini \u0259d\u0259biyyatlar t\u0259qdim olunub.<\/div>\n<div>Qeyd ed\u0259k ki, t\u0259dbir Az\u0259rbaycan Respublikas\u0131n\u0131n Prezidenti \u0130lham \u018fliyevin \u00f6lk\u0259d\u0259 dini maarifl\u0259ndirm\u0259 v\u0259 milli-m\u0259n\u0259vi d\u0259y\u0259rl\u0259rin t\u0259bli\u011fi i\u015fini daha da g\u00fccl\u0259ndirm\u0259k m\u0259qs\u0259dil\u0259 dini icmalara maliyy\u0259 yard\u0131m\u0131 g\u00f6st\u0259rm\u0259k \u00fc\u00e7\u00fcn imzalad\u0131\u011f\u0131 S\u0259r\u0259ncama \u0259sas\u0259n ke\u00e7irilib.<\/div>\n<div><a href=\"http:\/\/www.zerdab.com\/z%c9%99rdabda-islam-h%c9%99mr%c9%99yliyi-sulh%c9%99-cagirisdir-layih%c9%99si-ugurla-icra-olunur-fotolar\/zerdab-tedbir1-2\/\" rel=\"attachment wp-att-24841\"><img loading=\"lazy\" decoding=\"async\" class=\"aligncenter size-large wp-image-24841\" src=\"http:\/\/www.zerdab.com\/wp-content\/uploads\/2017\/07\/Zerdab-tedbir1-550x362.jpg\" alt=\"Zerdab tedbir\" width=\"550\" height=\"362\" \/><\/a><\/div>\n<div><a href=\"http:\/\/www.zerdab.com\/z%c9%99rdabda-islam-h%c9%99mr%c9%99yliyi-sulh%c9%99-cagirisdir-layih%c9%99si-ugurla-icra-olunur-fotolar\/zerdab-tedbir2-4\/\" rel=\"attachment wp-att-24842\"><img loading=\"lazy\" decoding=\"async\" class=\"aligncenter size-large wp-image-24842\" src=\"http:\/\/www.zerdab.com\/wp-content\/uploads\/2017\/07\/Zerdab-tedbir2-1-550x365.jpg\" alt=\"Zerdab tedbir\" width=\"550\" height=\"365\" \/><\/a><\/div>\n<div><a href=\"http:\/\/www.zerdab.com\/z%c9%99rdabda-islam-h%c9%99mr%c9%99yliyi-sulh%c9%99-cagirisdir-layih%c9%99si-ugurla-icra-olunur-fotolar\/zerdab-tedbir3-4\/\" rel=\"attachment wp-att-24846\"><img loading=\"lazy\" decoding=\"async\" class=\"aligncenter size-large wp-image-24846\" src=\"http:\/\/www.zerdab.com\/wp-content\/uploads\/2017\/07\/Zerdab-tedbir3-1-550x363.jpg\" alt=\"Zerdab tedbir\" width=\"550\" height=\"363\" \/><\/a><\/div>\n","protected":false},"excerpt":{"rendered":"<p>\u0130yulun 12-d\u0259 Dini Qurumlarla \u0130\u015f \u00fczr\u0259 D\u00f6vl\u0259t Komit\u0259sinin (DQ\u0130DK) d\u0259st\u0259yi il\u0259 Z\u0259rdab \u015f\u0259h\u0259r \u201cC\u00fcm\u0259\u201d \u00a0m\u0259scidi dini icmas\u0131 t\u0259r\u0259find\u0259n \u201c\u0130slam h\u0259mr\u0259yliyi s\u00fclh\u0259 \u00e7a\u011f\u0131r\u0131\u015fd\u0131r\u201d \u00a0layih\u0259si \u00e7\u0259r\u00e7iv\u0259sind\u0259 \u201c\u0130slam\u0131n h\u0259mr\u0259yliy\u0259 verdiyi \u0259h\u0259miyy\u0259t\u201d adl\u0131 maarifl\u0259ndirici t\u0259dbir ke\u00e7irilib. Zerdab.com sayt\u0131na veril\u0259n m\u0259lumata g\u00f6r\u0259, t\u0259dbird\u0259 DQ\u0130DK-n\u0131n Ucar b\u00f6lg\u0259si \u00fczr\u0259 \u015f\u00f6b\u0259sinin m\u00fcdiri \u018fzim R\u0259fiyev v\u0259 \u015f\u00f6b\u0259nin \u0259m\u0259kda\u015flar\u0131, Z\u0259rdab Rayon \u0130cra Hakimiyy\u0259ti ba\u015f\u00e7\u0131s\u0131 Aparat\u0131n\u0131n [&hellip;]<\/p>\n","protected":false},"author":1,"featured_media":0,"comment_status":"open","ping_status":"open","sticky":false,"template":"","format":"standard","meta":{"footnotes":""},"categories":[5],"tags":[],"class_list":{"0":"post-24839","1":"post","2":"type-post","3":"status-publish","4":"format-standard","6":"category-knd"},"yoast_head":"<!-- This site is optimized with the Yoast SEO plugin v27.0 - https:\/\/yoast.com\/product\/yoast-seo-wordpress\/ -->\n<title>Z\u0259rdabda \u201c\u0130slam h\u0259mr\u0259yliyi s\u00fclh\u0259 \u00e7a\u011f\u0131r\u0131\u015fd\u0131r\u201d layih\u0259si u\u011furla icra olunur - FOTOLAR - Z\u0259rdab.com<\/title>\n<meta name=\"robots\" content=\"index, follow, max-snippet:-1, max-image-preview:large, max-video-preview:-1\" \/>\n<link rel=\"canonical\" href=\"https:\/\/www.zerdab.com\/?p=24839\" \/>\n<meta property=\"og:locale\" content=\"az_AZ\" \/>\n<meta property=\"og:type\" content=\"article\" \/>\n<meta property=\"og:title\" content=\"Z\u0259rdabda \u201c\u0130slam h\u0259mr\u0259yliyi s\u00fclh\u0259 \u00e7a\u011f\u0131r\u0131\u015fd\u0131r\u201d layih\u0259si u\u011furla icra olunur - FOTOLAR - Z\u0259rdab.com\" \/>\n<meta property=\"og:description\" content=\"\u0130yulun 12-d\u0259 Dini Qurumlarla \u0130\u015f \u00fczr\u0259 D\u00f6vl\u0259t Komit\u0259sinin (DQ\u0130DK) d\u0259st\u0259yi il\u0259 Z\u0259rdab \u015f\u0259h\u0259r \u201cC\u00fcm\u0259\u201d \u00a0m\u0259scidi dini icmas\u0131 t\u0259r\u0259find\u0259n \u201c\u0130slam h\u0259mr\u0259yliyi s\u00fclh\u0259 \u00e7a\u011f\u0131r\u0131\u015fd\u0131r\u201d \u00a0layih\u0259si \u00e7\u0259r\u00e7iv\u0259sind\u0259 \u201c\u0130slam\u0131n h\u0259mr\u0259yliy\u0259 verdiyi \u0259h\u0259miyy\u0259t\u201d adl\u0131 maarifl\u0259ndirici t\u0259dbir ke\u00e7irilib. Zerdab.com sayt\u0131na veril\u0259n m\u0259lumata g\u00f6r\u0259, t\u0259dbird\u0259 DQ\u0130DK-n\u0131n Ucar b\u00f6lg\u0259si \u00fczr\u0259 \u015f\u00f6b\u0259sinin m\u00fcdiri \u018fzim R\u0259fiyev v\u0259 \u015f\u00f6b\u0259nin \u0259m\u0259kda\u015flar\u0131, Z\u0259rdab Rayon \u0130cra Hakimiyy\u0259ti ba\u015f\u00e7\u0131s\u0131 Aparat\u0131n\u0131n [&hellip;]\" \/>\n<meta property=\"og:url\" content=\"https:\/\/www.zerdab.com\/?p=24839\" \/>\n<meta property=\"og:site_name\" content=\"Z\u0259rdab.com\" \/>\n<meta property=\"article:published_time\" content=\"2017-07-13T16:21:47+00:00\" \/>\n<meta property=\"article:modified_time\" content=\"2017-07-13T16:23:41+00:00\" \/>\n<meta property=\"og:image\" content=\"http:\/\/www.zerdab.com\/wp-content\/uploads\/2017\/07\/Zerdab-tedbir1-550x362.jpg\" \/>\n<meta name=\"author\" content=\"admin\" \/>\n<meta name=\"twitter:card\" content=\"summary_large_image\" \/>\n<meta name=\"twitter:label1\" content=\"Written by\" \/>\n\t<meta name=\"twitter:data1\" content=\"admin\" \/>\n\t<meta name=\"twitter:label2\" content=\"Est. reading time\" \/>\n\t<meta name=\"twitter:data2\" content=\"3 minutes\" \/>\n<script type=\"application\/ld+json\" class=\"yoast-schema-graph\">{\"@context\":\"https:\/\/schema.org\",\"@graph\":[{\"@type\":\"Article\",\"@id\":\"https:\/\/www.zerdab.com\/?p=24839#article\",\"isPartOf\":{\"@id\":\"https:\/\/www.zerdab.com\/?p=24839\"},\"author\":{\"name\":\"admin\",\"@id\":\"https:\/\/www.zerdab.com\/#\/schema\/person\/97079b7570c1e89ec0d9e138c3672136\"},\"headline\":\"Z\u0259rdabda \u201c\u0130slam h\u0259mr\u0259yliyi s\u00fclh\u0259 \u00e7a\u011f\u0131r\u0131\u015fd\u0131r\u201d layih\u0259si u\u011furla icra olunur &#8211; FOTOLAR\",\"datePublished\":\"2017-07-13T16:21:47+00:00\",\"dateModified\":\"2017-07-13T16:23:41+00:00\",\"mainEntityOfPage\":{\"@id\":\"https:\/\/www.zerdab.com\/?p=24839\"},\"wordCount\":701,\"commentCount\":0,\"image\":{\"@id\":\"https:\/\/www.zerdab.com\/?p=24839#primaryimage\"},\"thumbnailUrl\":\"http:\/\/www.zerdab.com\/wp-content\/uploads\/2017\/07\/Zerdab-tedbir1-550x362.jpg\",\"articleSection\":[\"X\u018fB\u018fRL\u018fR\"],\"inLanguage\":\"az\",\"potentialAction\":[{\"@type\":\"CommentAction\",\"name\":\"Comment\",\"target\":[\"https:\/\/www.zerdab.com\/?p=24839#respond\"]}]},{\"@type\":\"WebPage\",\"@id\":\"https:\/\/www.zerdab.com\/?p=24839\",\"url\":\"https:\/\/www.zerdab.com\/?p=24839\",\"name\":\"Z\u0259rdabda \u201c\u0130slam h\u0259mr\u0259yliyi s\u00fclh\u0259 \u00e7a\u011f\u0131r\u0131\u015fd\u0131r\u201d layih\u0259si u\u011furla icra olunur - FOTOLAR - Z\u0259rdab.com\",\"isPartOf\":{\"@id\":\"https:\/\/www.zerdab.com\/#website\"},\"primaryImageOfPage\":{\"@id\":\"https:\/\/www.zerdab.com\/?p=24839#primaryimage\"},\"image\":{\"@id\":\"https:\/\/www.zerdab.com\/?p=24839#primaryimage\"},\"thumbnailUrl\":\"http:\/\/www.zerdab.com\/wp-content\/uploads\/2017\/07\/Zerdab-tedbir1-550x362.jpg\",\"datePublished\":\"2017-07-13T16:21:47+00:00\",\"dateModified\":\"2017-07-13T16:23:41+00:00\",\"author\":{\"@id\":\"https:\/\/www.zerdab.com\/#\/schema\/person\/97079b7570c1e89ec0d9e138c3672136\"},\"breadcrumb\":{\"@id\":\"https:\/\/www.zerdab.com\/?p=24839#breadcrumb\"},\"inLanguage\":\"az\",\"potentialAction\":[{\"@type\":\"ReadAction\",\"target\":[\"https:\/\/www.zerdab.com\/?p=24839\"]}]},{\"@type\":\"ImageObject\",\"inLanguage\":\"az\",\"@id\":\"https:\/\/www.zerdab.com\/?p=24839#primaryimage\",\"url\":\"\",\"contentUrl\":\"\"},{\"@type\":\"BreadcrumbList\",\"@id\":\"https:\/\/www.zerdab.com\/?p=24839#breadcrumb\",\"itemListElement\":[{\"@type\":\"ListItem\",\"position\":1,\"name\":\"Home\",\"item\":\"https:\/\/www.zerdab.com\/\"},{\"@type\":\"ListItem\",\"position\":2,\"name\":\"Z\u0259rdabda \u201c\u0130slam h\u0259mr\u0259yliyi s\u00fclh\u0259 \u00e7a\u011f\u0131r\u0131\u015fd\u0131r\u201d layih\u0259si u\u011furla icra olunur &#8211; FOTOLAR\"}]},{\"@type\":\"WebSite\",\"@id\":\"https:\/\/www.zerdab.com\/#website\",\"url\":\"https:\/\/www.zerdab.com\/\",\"name\":\"Z\u0259rdab.com\",\"description\":\"\",\"potentialAction\":[{\"@type\":\"SearchAction\",\"target\":{\"@type\":\"EntryPoint\",\"urlTemplate\":\"https:\/\/www.zerdab.com\/?s={search_term_string}\"},\"query-input\":{\"@type\":\"PropertyValueSpecification\",\"valueRequired\":true,\"valueName\":\"search_term_string\"}}],\"inLanguage\":\"az\"},{\"@type\":\"Person\",\"@id\":\"https:\/\/www.zerdab.com\/#\/schema\/person\/97079b7570c1e89ec0d9e138c3672136\",\"name\":\"admin\",\"image\":{\"@type\":\"ImageObject\",\"inLanguage\":\"az\",\"@id\":\"https:\/\/www.zerdab.com\/#\/schema\/person\/image\/\",\"url\":\"https:\/\/secure.gravatar.com\/avatar\/d9c52a9a27c32119cb6679a077fa3e2779e5f822c451cbf01098004361d466ec?s=96&d=mm&r=g\",\"contentUrl\":\"https:\/\/secure.gravatar.com\/avatar\/d9c52a9a27c32119cb6679a077fa3e2779e5f822c451cbf01098004361d466ec?s=96&d=mm&r=g\",\"caption\":\"admin\"},\"url\":\"https:\/\/www.zerdab.com\/?author=1\"}]}<\/script>\n<!-- \/ Yoast SEO plugin. -->","yoast_head_json":{"title":"Z\u0259rdabda \u201c\u0130slam h\u0259mr\u0259yliyi s\u00fclh\u0259 \u00e7a\u011f\u0131r\u0131\u015fd\u0131r\u201d layih\u0259si u\u011furla icra olunur - FOTOLAR - Z\u0259rdab.com","robots":{"index":"index","follow":"follow","max-snippet":"max-snippet:-1","max-image-preview":"max-image-preview:large","max-video-preview":"max-video-preview:-1"},"canonical":"https:\/\/www.zerdab.com\/?p=24839","og_locale":"az_AZ","og_type":"article","og_title":"Z\u0259rdabda \u201c\u0130slam h\u0259mr\u0259yliyi s\u00fclh\u0259 \u00e7a\u011f\u0131r\u0131\u015fd\u0131r\u201d layih\u0259si u\u011furla icra olunur - FOTOLAR - Z\u0259rdab.com","og_description":"\u0130yulun 12-d\u0259 Dini Qurumlarla \u0130\u015f \u00fczr\u0259 D\u00f6vl\u0259t Komit\u0259sinin (DQ\u0130DK) d\u0259st\u0259yi il\u0259 Z\u0259rdab \u015f\u0259h\u0259r \u201cC\u00fcm\u0259\u201d \u00a0m\u0259scidi dini icmas\u0131 t\u0259r\u0259find\u0259n \u201c\u0130slam h\u0259mr\u0259yliyi s\u00fclh\u0259 \u00e7a\u011f\u0131r\u0131\u015fd\u0131r\u201d \u00a0layih\u0259si \u00e7\u0259r\u00e7iv\u0259sind\u0259 \u201c\u0130slam\u0131n h\u0259mr\u0259yliy\u0259 verdiyi \u0259h\u0259miyy\u0259t\u201d adl\u0131 maarifl\u0259ndirici t\u0259dbir ke\u00e7irilib. Zerdab.com sayt\u0131na veril\u0259n m\u0259lumata g\u00f6r\u0259, t\u0259dbird\u0259 DQ\u0130DK-n\u0131n Ucar b\u00f6lg\u0259si \u00fczr\u0259 \u015f\u00f6b\u0259sinin m\u00fcdiri \u018fzim R\u0259fiyev v\u0259 \u015f\u00f6b\u0259nin \u0259m\u0259kda\u015flar\u0131, Z\u0259rdab Rayon \u0130cra Hakimiyy\u0259ti ba\u015f\u00e7\u0131s\u0131 Aparat\u0131n\u0131n [&hellip;]","og_url":"https:\/\/www.zerdab.com\/?p=24839","og_site_name":"Z\u0259rdab.com","article_published_time":"2017-07-13T16:21:47+00:00","article_modified_time":"2017-07-13T16:23:41+00:00","og_image":[{"url":"http:\/\/www.zerdab.com\/wp-content\/uploads\/2017\/07\/Zerdab-tedbir1-550x362.jpg","type":"","width":"","height":""}],"author":"admin","twitter_card":"summary_large_image","twitter_misc":{"Written by":"admin","Est. reading time":"3 minutes"},"schema":{"@context":"https:\/\/schema.org","@graph":[{"@type":"Article","@id":"https:\/\/www.zerdab.com\/?p=24839#article","isPartOf":{"@id":"https:\/\/www.zerdab.com\/?p=24839"},"author":{"name":"admin","@id":"https:\/\/www.zerdab.com\/#\/schema\/person\/97079b7570c1e89ec0d9e138c3672136"},"headline":"Z\u0259rdabda \u201c\u0130slam h\u0259mr\u0259yliyi s\u00fclh\u0259 \u00e7a\u011f\u0131r\u0131\u015fd\u0131r\u201d layih\u0259si u\u011furla icra olunur &#8211; FOTOLAR","datePublished":"2017-07-13T16:21:47+00:00","dateModified":"2017-07-13T16:23:41+00:00","mainEntityOfPage":{"@id":"https:\/\/www.zerdab.com\/?p=24839"},"wordCount":701,"commentCount":0,"image":{"@id":"https:\/\/www.zerdab.com\/?p=24839#primaryimage"},"thumbnailUrl":"http:\/\/www.zerdab.com\/wp-content\/uploads\/2017\/07\/Zerdab-tedbir1-550x362.jpg","articleSection":["X\u018fB\u018fRL\u018fR"],"inLanguage":"az","potentialAction":[{"@type":"CommentAction","name":"Comment","target":["https:\/\/www.zerdab.com\/?p=24839#respond"]}]},{"@type":"WebPage","@id":"https:\/\/www.zerdab.com\/?p=24839","url":"https:\/\/www.zerdab.com\/?p=24839","name":"Z\u0259rdabda \u201c\u0130slam h\u0259mr\u0259yliyi s\u00fclh\u0259 \u00e7a\u011f\u0131r\u0131\u015fd\u0131r\u201d layih\u0259si u\u011furla icra olunur - FOTOLAR - Z\u0259rdab.com","isPartOf":{"@id":"https:\/\/www.zerdab.com\/#website"},"primaryImageOfPage":{"@id":"https:\/\/www.zerdab.com\/?p=24839#primaryimage"},"image":{"@id":"https:\/\/www.zerdab.com\/?p=24839#primaryimage"},"thumbnailUrl":"http:\/\/www.zerdab.com\/wp-content\/uploads\/2017\/07\/Zerdab-tedbir1-550x362.jpg","datePublished":"2017-07-13T16:21:47+00:00","dateModified":"2017-07-13T16:23:41+00:00","author":{"@id":"https:\/\/www.zerdab.com\/#\/schema\/person\/97079b7570c1e89ec0d9e138c3672136"},"breadcrumb":{"@id":"https:\/\/www.zerdab.com\/?p=24839#breadcrumb"},"inLanguage":"az","potentialAction":[{"@type":"ReadAction","target":["https:\/\/www.zerdab.com\/?p=24839"]}]},{"@type":"ImageObject","inLanguage":"az","@id":"https:\/\/www.zerdab.com\/?p=24839#primaryimage","url":"","contentUrl":""},{"@type":"BreadcrumbList","@id":"https:\/\/www.zerdab.com\/?p=24839#breadcrumb","itemListElement":[{"@type":"ListItem","position":1,"name":"Home","item":"https:\/\/www.zerdab.com\/"},{"@type":"ListItem","position":2,"name":"Z\u0259rdabda \u201c\u0130slam h\u0259mr\u0259yliyi s\u00fclh\u0259 \u00e7a\u011f\u0131r\u0131\u015fd\u0131r\u201d layih\u0259si u\u011furla icra olunur &#8211; FOTOLAR"}]},{"@type":"WebSite","@id":"https:\/\/www.zerdab.com\/#website","url":"https:\/\/www.zerdab.com\/","name":"Z\u0259rdab.com","description":"","potentialAction":[{"@type":"SearchAction","target":{"@type":"EntryPoint","urlTemplate":"https:\/\/www.zerdab.com\/?s={search_term_string}"},"query-input":{"@type":"PropertyValueSpecification","valueRequired":true,"valueName":"search_term_string"}}],"inLanguage":"az"},{"@type":"Person","@id":"https:\/\/www.zerdab.com\/#\/schema\/person\/97079b7570c1e89ec0d9e138c3672136","name":"admin","image":{"@type":"ImageObject","inLanguage":"az","@id":"https:\/\/www.zerdab.com\/#\/schema\/person\/image\/","url":"https:\/\/secure.gravatar.com\/avatar\/d9c52a9a27c32119cb6679a077fa3e2779e5f822c451cbf01098004361d466ec?s=96&d=mm&r=g","contentUrl":"https:\/\/secure.gravatar.com\/avatar\/d9c52a9a27c32119cb6679a077fa3e2779e5f822c451cbf01098004361d466ec?s=96&d=mm&r=g","caption":"admin"},"url":"https:\/\/www.zerdab.com\/?author=1"}]}},"_links":{"self":[{"href":"https:\/\/www.zerdab.com\/index.php?rest_route=\/wp\/v2\/posts\/24839","targetHints":{"allow":["GET"]}}],"collection":[{"href":"https:\/\/www.zerdab.com\/index.php?rest_route=\/wp\/v2\/posts"}],"about":[{"href":"https:\/\/www.zerdab.com\/index.php?rest_route=\/wp\/v2\/types\/post"}],"author":[{"embeddable":true,"href":"https:\/\/www.zerdab.com\/index.php?rest_route=\/wp\/v2\/users\/1"}],"replies":[{"embeddable":true,"href":"https:\/\/www.zerdab.com\/index.php?rest_route=%2Fwp%2Fv2%2Fcomments&post=24839"}],"version-history":[{"count":4,"href":"https:\/\/www.zerdab.com\/index.php?rest_route=\/wp\/v2\/posts\/24839\/revisions"}],"predecessor-version":[{"id":24847,"href":"https:\/\/www.zerdab.com\/index.php?rest_route=\/wp\/v2\/posts\/24839\/revisions\/24847"}],"wp:attachment":[{"href":"https:\/\/www.zerdab.com\/index.php?rest_route=%2Fwp%2Fv2%2Fmedia&parent=24839"}],"wp:term":[{"taxonomy":"category","embeddable":true,"href":"https:\/\/www.zerdab.com\/index.php?rest_route=%2Fwp%2Fv2%2Fcategories&post=24839"},{"taxonomy":"post_tag","embeddable":true,"href":"https:\/\/www.zerdab.com\/index.php?rest_route=%2Fwp%2Fv2%2Ftags&post=24839"}],"curies":[{"name":"wp","href":"https:\/\/api.w.org\/{rel}","templated":true}]}}