{"id":24872,"date":"2017-07-23T17:49:51","date_gmt":"2017-07-23T13:49:51","guid":{"rendered":"http:\/\/www.zerdab.com\/?p=24872"},"modified":"2017-07-23T17:49:51","modified_gmt":"2017-07-23T13:49:51","slug":"z%c9%99rdabda-hesabat-yigincagi-kecirildi-gorul%c9%99n-isl%c9%99rin-hesabati-verildi-fotolar","status":"publish","type":"post","link":"https:\/\/www.zerdab.com\/?p=24872","title":{"rendered":"Z\u0259rdabda hesabat y\u0131\u011f\u0131nca\u011f\u0131 ke\u00e7irildi, g\u00f6r\u00fcl\u0259n i\u015fl\u0259rin hesabat\u0131 verildi &#8211; FOTOLAR"},"content":{"rendered":"<p>2017-ci ilin birinci yar\u0131s\u0131nda Z\u0259rdab rayonunda sosial-iqtisadi sa<span class=\"text_exposed_show\">h\u0259l\u0259rd\u0259 g\u00f6r\u00fclm\u00fc\u015f i\u015fl\u0259r v\u0259 qar\u015f\u0131da duran v\u0259zif\u0259l\u0259rl\u0259 ba\u011fl\u0131 hesabat y\u0131\u011f\u0131nca\u011f\u0131 ke\u00e7irilib. <span style=\"color: #ff0000;\"><strong>Zerdab.com<\/strong><\/span> \u0259vv\u0259lc\u0259 h\u0259yata ke\u00e7iril\u0259n t\u0259dbirl\u0259rd\u0259n b\u0259hs ed\u0259n video\u00e7arx n\u00fcmayi\u015f etdirilib. Hesabat y\u0131\u011f\u0131nca\u011f\u0131nda bildirilib ki, infrastruktur layih\u0259l\u0259rin h\u0259yata ke\u00e7irilm\u0259si, yeni istehsal, ticar\u0259t v\u0259 xidm\u0259t obyektl\u0259rinin in\u015fa edilm\u0259si, daimi i\u015f yerl\u0259rinin a\u00e7\u0131lmas\u0131 istiqam\u0259tind\u0259 t\u0259dbirl\u0259r g\u00f6r\u00fcl\u00fcb. Z\u0259rdab Rayon \u0130cra Hakimiyy\u0259tinin ba\u015f\u00e7\u0131s\u0131 c\u0259nab L\u00fctv\u0259li Babayev bildirib ki, cari ilin yanvar-iyun aylar\u0131nda iqtisadiyyat\u0131n \u0259sas sah\u0259l\u0259ri \u00fczr\u0259 istehsal olunmu\u015f m\u0259hsul v\u0259 xidm\u0259tl\u0259rin h\u0259cmi 48 milyon 187 min manat olub. Bunun 32 milyon 465 min manat\u0131 k\u0259nd t\u0259s\u0259rr\u00fcfat\u0131n\u0131n, 851 min 200 manat\u0131 tikintinin pay\u0131na d\u00fc\u015f\u00fcb. Yar\u0131m il \u0259rzind\u0259 rayonda f\u0259aliyy\u0259t g\u00f6st\u0259r\u0259n ticar\u0259t \u015f\u0259b\u0259k\u0259l\u0259ri t\u0259r\u0259find\u0259n 39 milyon 334 min manatl\u0131q istehsal mallar\u0131 sat\u0131l\u0131b ki, bu da \u0259vv\u0259lki ilin m\u00fcvafiq d\u00f6vr\u00fc il\u0259 m\u00fcqayis\u0259d\u0259 15,4 faiz \u00e7oxdur. Hesabat d\u00f6vr\u00fcnd\u0259 tikinti-quruculuq v\u0259 abadl\u0131q i\u015fl\u0259ri d\u0259 davam etdirilib. \u00d6lk\u0259 Prezidenti c\u0259nab \u0130lham \u018fliyevin s\u0259r\u0259ncam\u0131 il\u0259 ayr\u0131lan 3 milyon manat v\u0259sait hesab\u0131na 27 kommunal binada \u0259sasl\u0131 t\u0259mir i\u015fl\u0259ri g\u00f6r\u00fcl\u00fcb. G\u00f6r\u00fcl\u0259n t\u0259dbirl\u0259r n\u0259tic\u0259sind\u0259 sutkal\u0131q g\u00fcc\u00fc 20 ton olan v\u0259 100 n\u0259f\u0259r\u0259 yax\u0131n insan\u0131n \u00e7al\u0131\u015fd\u0131\u011f\u0131 s\u00fcd emal\u0131 zavodu, \u0259kin d\u00f6vriyy\u0259sin\u0259 yeni daxil edilmi\u015f 10 min hektar sah\u0259nin suvar\u0131lmas\u0131n\u0131 t\u0259min ed\u0259c\u0259k su nasos stansiyas\u0131, 35 yerlik \u0130saqba\u011f\u0131 k\u0259nd k\u00f6rp\u0259l\u0259r evi-u\u015faq ba\u011f\u00e7as\u0131 istifad\u0259y\u0259 verilib. Rayonun m\u00fcxt\u0259lif k\u00fc\u00e7\u0259l\u0259rin\u0259 asfalt \u00f6rt\u00fcy\u00fc d\u00f6\u015f\u0259nib. Heyd\u0259r \u018fliyev Fondu t\u0259r\u0259find\u0259n h\u0259yata ke\u00e7iril\u0259n sosial t\u0259yinatl\u0131 layih\u0259l\u0259r \u00e7\u0259r\u00e7iv\u0259sind\u0259 \u201c32 hektar\u201d adlanan \u0259razid\u0259 50 yerlik k\u00f6rp\u0259l\u0259r evi-u\u015faq ba\u011f\u00e7as\u0131n\u0131n tikintisi davam etdirilib. G\u00f6r\u00fcl\u0259n t\u0259dbirl\u0259r n\u0259tic\u0259sind\u0259 545-i daimi olmaqla 2700-d\u0259n \u00e7ox yeni i\u015f yeri yarad\u0131l\u0131b. Rayonda elektrik t\u0259s\u0259rr\u00fcfat\u0131n\u0131n yenid\u0259n qurulmas\u0131 istiqam\u0259tind\u0259 d\u0259 konkret add\u0131mlar at\u0131l\u0131b. G\u0259lm\u0259, Salahl\u0131 v\u0259 Burunlu k\u0259ndl\u0259rind\u0259 transformator m\u0259nt\u0259q\u0259l\u0259rind\u0259n \u00e7\u0131xan a\u00e7\u0131q elektrik hava x\u0259tl\u0259ri S\u0130P kabell\u0259rl\u0259 \u0259v\u0259z olunub. 110-35-10 kv-luq Ucar-Z\u0259rdab hava x\u0259tl\u0259rinin yenid\u0259n qurulmas\u0131 i\u015fl\u0259ri yekunla\u015fmaq \u00fczr\u0259dir. \u015e\u0259h\u0259rin 5 k\u00fc\u00e7\u0259sind\u0259 v\u0259 \u201c32 hektar\u201d adlanan ya\u015fay\u0131\u015f massivind\u0259 \u00fcmumilikd\u0259 835,4 paqonometr uzunlu\u011funda paylay\u0131c\u0131 qaz x\u0259tti \u00e7\u0259kil\u0259r\u0259k sakinl\u0259rin\u0259 istifad\u0259sin\u0259 verilib. Yanvar-iyun aylar\u0131 \u0259rzind\u0259 magistral yol k\u0259narlar\u0131nda, pay torpaqlar\u0131nda v\u0259 dig\u0259r \u0259razil\u0259rd\u0259 im\u0259cilik yolu il\u0259 30 min\u0259 yax\u0131n \u015fam, k\u00fcknar, iyd\u0259, t\u00fcrk qova\u011f\u0131 v\u0259 dig\u0259r a\u011faclar \u0259kilib. Hesabat d\u00f6vr\u00fc x\u00fcsusil\u0259 k\u0259nd t\u0259s\u0259rr\u00fcfat\u0131 sah\u0259si \u00fc\u00e7\u00fcn u\u011furlu olub. Bel\u0259 ki, rayonda 58 min tondan \u00e7ox tax\u0131l istehsal edilib. Bu g\u00f6st\u0259rici rayon tarixinin \u0259n y\u00fcks\u0259k g\u00f6st\u0259ricisidir. Rayon \u00fczr\u0259 proqnoz tap\u015f\u0131r\u0131\u011fa 112,2 faiz \u0259m\u0259l olunaraq 27 tondan art\u0131q barama t\u0259dar\u00fck edilib. Bu, respublikada \u0259n y\u00fcks\u0259k g\u00f6st\u0259ricidir. Bununla bel\u0259 barama qurdunun yem bazas\u0131n\u0131n m\u00f6hk\u0259ml\u0259ndirilm\u0259si \u00fc\u00e7\u00fcn 260 mind\u0259n \u00e7ox tut tingl\u0259ri \u0259kil\u0259r\u0259k bec\u0259rilm\u0259si diqq\u0259t m\u0259rk\u0259zind\u0259 saxlan\u0131l\u0131b. Yaz aylar\u0131nda 3 min hektardan art\u0131q \u0259razid\u0259 \u00e7iyid s\u0259pini apar\u0131l\u0131b. Haz\u0131rda pamb\u0131q sah\u0259l\u0259rind\u0259 kompleks bec\u0259rm\u0259 i\u015fl\u0259rin\u0259 2000 n\u0259f\u0259rd\u0259n \u00e7ox i\u015f\u00e7i q\u00fcvv\u0259si c\u0259lb olunub. Rayonda iri buynuzlu mal-qaran\u0131n say\u0131 54612 ba\u015fa, qoyun-ke\u00e7il\u0259rin say\u0131 113291 ba\u015fa \u00e7at\u0131b ki, bu da ke\u00e7\u0259n ilin eyni d\u00f6vr\u00fc il\u0259 m\u00fcqayis\u0259d\u0259 m\u00fcvafiq olaraq 92 v\u0259 12 ba\u015f \u00e7oxdur. Mal-qaran\u0131n cins t\u0259rkibini yax\u015f\u0131la\u015fd\u0131rmaq m\u0259qs\u0259dil\u0259 rayonda 5 s\u00fcni mayalama texniki t\u0259r\u0259find\u0259n 1385 ba\u015f in\u0259k v\u0259 d\u00fcy\u0259d\u0259 s\u00fcni mayalama apar\u0131l\u0131b, 438 ba\u015f sa\u011flam bala al\u0131n\u0131b.<br \/>\nHesabat y\u0131\u011f\u0131nca\u011f\u0131nda bir \u00e7ox sah\u0259l\u0259rd\u0259 m\u00f6vcud v\u0259ziyy\u0259t \u0259trafl\u0131 m\u00fczakir\u0259 olunub, qar\u015f\u0131da duran v\u0259zif\u0259l\u0259r m\u00fc\u0259yy\u0259nl\u0259\u015fdirilib. K\u0259nd t\u0259s\u0259rr\u00fcfat\u0131n\u0131n daha da inki\u015faf\u0131 il\u0259 ba\u011fl\u0131 konkret h\u0259d\u0259fl\u0259r m\u00fc\u0259yy\u0259nl\u0259\u015fdirilib.<br \/>\nSonda m\u00fcvafiq q\u0259rar q\u0259bul edilib v\u0259 y\u0131\u011f\u0131ncaq i\u015ftirak\u00e7\u0131lar\u0131 ad\u0131ndan \u00d6lk\u0259 Prezidentin\u0259 m\u00fcraci\u0259t \u00fcnvanlan\u0131b.<\/span><\/p>\n<p><a href=\"http:\/\/www.zerdab.com\/z%c9%99rdabda-hesabat-yigincagi-kecirildi-gorul%c9%99n-isl%c9%99rin-hesabati-verildi-fotolar\/lutveli-babayev-zerdab\/\" rel=\"attachment wp-att-24875\"><img loading=\"lazy\" decoding=\"async\" class=\"aligncenter size-large wp-image-24875\" src=\"http:\/\/www.zerdab.com\/wp-content\/uploads\/2017\/07\/Lutveli-Babayev-Zerdab-550x367.jpg\" alt=\"Lutveli Babayev- Zerdab\" width=\"550\" height=\"367\" \/><\/a><\/p>\n<p><a href=\"http:\/\/www.zerdab.com\/z%c9%99rdabda-hesabat-yigincagi-kecirildi-gorul%c9%99n-isl%c9%99rin-hesabati-verildi-fotolar\/zerdab-rayonu-62\/\" rel=\"attachment wp-att-24874\"><img loading=\"lazy\" decoding=\"async\" class=\"aligncenter size-large wp-image-24874\" src=\"http:\/\/www.zerdab.com\/wp-content\/uploads\/2017\/07\/Zerdab-rayonu-3-550x367.jpg\" alt=\"\" width=\"550\" height=\"367\" \/><\/a><\/p>\n","protected":false},"excerpt":{"rendered":"<p>2017-ci ilin birinci yar\u0131s\u0131nda Z\u0259rdab rayonunda sosial-iqtisadi sah\u0259l\u0259rd\u0259 g\u00f6r\u00fclm\u00fc\u015f i\u015fl\u0259r v\u0259 qar\u015f\u0131da duran v\u0259zif\u0259l\u0259rl\u0259 ba\u011fl\u0131 hesabat y\u0131\u011f\u0131nca\u011f\u0131 ke\u00e7irilib. Zerdab.com \u0259vv\u0259lc\u0259 h\u0259yata ke\u00e7iril\u0259n t\u0259dbirl\u0259rd\u0259n b\u0259hs ed\u0259n video\u00e7arx n\u00fcmayi\u015f etdirilib. Hesabat y\u0131\u011f\u0131nca\u011f\u0131nda bildirilib ki, infrastruktur layih\u0259l\u0259rin h\u0259yata ke\u00e7irilm\u0259si, yeni istehsal, ticar\u0259t v\u0259 xidm\u0259t obyektl\u0259rinin in\u015fa edilm\u0259si, daimi i\u015f yerl\u0259rinin a\u00e7\u0131lmas\u0131 istiqam\u0259tind\u0259 t\u0259dbirl\u0259r g\u00f6r\u00fcl\u00fcb. Z\u0259rdab Rayon \u0130cra Hakimiyy\u0259tinin [&hellip;]<\/p>\n","protected":false},"author":1,"featured_media":0,"comment_status":"open","ping_status":"open","sticky":false,"template":"","format":"standard","meta":{"footnotes":""},"categories":[5],"tags":[],"class_list":{"0":"post-24872","1":"post","2":"type-post","3":"status-publish","4":"format-standard","6":"category-knd"},"yoast_head":"<!-- This site is optimized with the Yoast SEO plugin v27.0 - https:\/\/yoast.com\/product\/yoast-seo-wordpress\/ -->\n<title>Z\u0259rdabda hesabat y\u0131\u011f\u0131nca\u011f\u0131 ke\u00e7irildi, g\u00f6r\u00fcl\u0259n i\u015fl\u0259rin hesabat\u0131 verildi - FOTOLAR - Z\u0259rdab.com<\/title>\n<meta name=\"robots\" content=\"index, follow, max-snippet:-1, max-image-preview:large, max-video-preview:-1\" \/>\n<link rel=\"canonical\" href=\"https:\/\/www.zerdab.com\/?p=24872\" \/>\n<meta property=\"og:locale\" content=\"az_AZ\" \/>\n<meta property=\"og:type\" content=\"article\" \/>\n<meta property=\"og:title\" content=\"Z\u0259rdabda hesabat y\u0131\u011f\u0131nca\u011f\u0131 ke\u00e7irildi, g\u00f6r\u00fcl\u0259n i\u015fl\u0259rin hesabat\u0131 verildi - FOTOLAR - Z\u0259rdab.com\" \/>\n<meta property=\"og:description\" content=\"2017-ci ilin birinci yar\u0131s\u0131nda Z\u0259rdab rayonunda sosial-iqtisadi sah\u0259l\u0259rd\u0259 g\u00f6r\u00fclm\u00fc\u015f i\u015fl\u0259r v\u0259 qar\u015f\u0131da duran v\u0259zif\u0259l\u0259rl\u0259 ba\u011fl\u0131 hesabat y\u0131\u011f\u0131nca\u011f\u0131 ke\u00e7irilib. Zerdab.com \u0259vv\u0259lc\u0259 h\u0259yata ke\u00e7iril\u0259n t\u0259dbirl\u0259rd\u0259n b\u0259hs ed\u0259n video\u00e7arx n\u00fcmayi\u015f etdirilib. Hesabat y\u0131\u011f\u0131nca\u011f\u0131nda bildirilib ki, infrastruktur layih\u0259l\u0259rin h\u0259yata ke\u00e7irilm\u0259si, yeni istehsal, ticar\u0259t v\u0259 xidm\u0259t obyektl\u0259rinin in\u015fa edilm\u0259si, daimi i\u015f yerl\u0259rinin a\u00e7\u0131lmas\u0131 istiqam\u0259tind\u0259 t\u0259dbirl\u0259r g\u00f6r\u00fcl\u00fcb. Z\u0259rdab Rayon \u0130cra Hakimiyy\u0259tinin [&hellip;]\" \/>\n<meta property=\"og:url\" content=\"https:\/\/www.zerdab.com\/?p=24872\" \/>\n<meta property=\"og:site_name\" content=\"Z\u0259rdab.com\" \/>\n<meta property=\"article:published_time\" content=\"2017-07-23T13:49:51+00:00\" \/>\n<meta property=\"og:image\" content=\"http:\/\/www.zerdab.com\/wp-content\/uploads\/2017\/07\/Lutveli-Babayev-Zerdab-550x367.jpg\" \/>\n<meta name=\"author\" content=\"admin\" \/>\n<meta name=\"twitter:card\" content=\"summary_large_image\" \/>\n<meta name=\"twitter:label1\" content=\"Written by\" \/>\n\t<meta name=\"twitter:data1\" content=\"admin\" \/>\n\t<meta name=\"twitter:label2\" content=\"Est. reading time\" \/>\n\t<meta name=\"twitter:data2\" content=\"4 minutes\" \/>\n<script type=\"application\/ld+json\" class=\"yoast-schema-graph\">{\"@context\":\"https:\/\/schema.org\",\"@graph\":[{\"@type\":\"Article\",\"@id\":\"https:\/\/www.zerdab.com\/?p=24872#article\",\"isPartOf\":{\"@id\":\"https:\/\/www.zerdab.com\/?p=24872\"},\"author\":{\"name\":\"admin\",\"@id\":\"https:\/\/www.zerdab.com\/#\/schema\/person\/97079b7570c1e89ec0d9e138c3672136\"},\"headline\":\"Z\u0259rdabda hesabat y\u0131\u011f\u0131nca\u011f\u0131 ke\u00e7irildi, g\u00f6r\u00fcl\u0259n i\u015fl\u0259rin hesabat\u0131 verildi &#8211; FOTOLAR\",\"datePublished\":\"2017-07-23T13:49:51+00:00\",\"mainEntityOfPage\":{\"@id\":\"https:\/\/www.zerdab.com\/?p=24872\"},\"wordCount\":834,\"commentCount\":0,\"image\":{\"@id\":\"https:\/\/www.zerdab.com\/?p=24872#primaryimage\"},\"thumbnailUrl\":\"http:\/\/www.zerdab.com\/wp-content\/uploads\/2017\/07\/Lutveli-Babayev-Zerdab-550x367.jpg\",\"articleSection\":[\"X\u018fB\u018fRL\u018fR\"],\"inLanguage\":\"az\",\"potentialAction\":[{\"@type\":\"CommentAction\",\"name\":\"Comment\",\"target\":[\"https:\/\/www.zerdab.com\/?p=24872#respond\"]}]},{\"@type\":\"WebPage\",\"@id\":\"https:\/\/www.zerdab.com\/?p=24872\",\"url\":\"https:\/\/www.zerdab.com\/?p=24872\",\"name\":\"Z\u0259rdabda hesabat y\u0131\u011f\u0131nca\u011f\u0131 ke\u00e7irildi, g\u00f6r\u00fcl\u0259n i\u015fl\u0259rin hesabat\u0131 verildi - FOTOLAR - Z\u0259rdab.com\",\"isPartOf\":{\"@id\":\"https:\/\/www.zerdab.com\/#website\"},\"primaryImageOfPage\":{\"@id\":\"https:\/\/www.zerdab.com\/?p=24872#primaryimage\"},\"image\":{\"@id\":\"https:\/\/www.zerdab.com\/?p=24872#primaryimage\"},\"thumbnailUrl\":\"http:\/\/www.zerdab.com\/wp-content\/uploads\/2017\/07\/Lutveli-Babayev-Zerdab-550x367.jpg\",\"datePublished\":\"2017-07-23T13:49:51+00:00\",\"author\":{\"@id\":\"https:\/\/www.zerdab.com\/#\/schema\/person\/97079b7570c1e89ec0d9e138c3672136\"},\"breadcrumb\":{\"@id\":\"https:\/\/www.zerdab.com\/?p=24872#breadcrumb\"},\"inLanguage\":\"az\",\"potentialAction\":[{\"@type\":\"ReadAction\",\"target\":[\"https:\/\/www.zerdab.com\/?p=24872\"]}]},{\"@type\":\"ImageObject\",\"inLanguage\":\"az\",\"@id\":\"https:\/\/www.zerdab.com\/?p=24872#primaryimage\",\"url\":\"\",\"contentUrl\":\"\"},{\"@type\":\"BreadcrumbList\",\"@id\":\"https:\/\/www.zerdab.com\/?p=24872#breadcrumb\",\"itemListElement\":[{\"@type\":\"ListItem\",\"position\":1,\"name\":\"Home\",\"item\":\"https:\/\/www.zerdab.com\/\"},{\"@type\":\"ListItem\",\"position\":2,\"name\":\"Z\u0259rdabda hesabat y\u0131\u011f\u0131nca\u011f\u0131 ke\u00e7irildi, g\u00f6r\u00fcl\u0259n i\u015fl\u0259rin hesabat\u0131 verildi &#8211; FOTOLAR\"}]},{\"@type\":\"WebSite\",\"@id\":\"https:\/\/www.zerdab.com\/#website\",\"url\":\"https:\/\/www.zerdab.com\/\",\"name\":\"Z\u0259rdab.com\",\"description\":\"\",\"potentialAction\":[{\"@type\":\"SearchAction\",\"target\":{\"@type\":\"EntryPoint\",\"urlTemplate\":\"https:\/\/www.zerdab.com\/?s={search_term_string}\"},\"query-input\":{\"@type\":\"PropertyValueSpecification\",\"valueRequired\":true,\"valueName\":\"search_term_string\"}}],\"inLanguage\":\"az\"},{\"@type\":\"Person\",\"@id\":\"https:\/\/www.zerdab.com\/#\/schema\/person\/97079b7570c1e89ec0d9e138c3672136\",\"name\":\"admin\",\"image\":{\"@type\":\"ImageObject\",\"inLanguage\":\"az\",\"@id\":\"https:\/\/www.zerdab.com\/#\/schema\/person\/image\/\",\"url\":\"https:\/\/secure.gravatar.com\/avatar\/d9c52a9a27c32119cb6679a077fa3e2779e5f822c451cbf01098004361d466ec?s=96&d=mm&r=g\",\"contentUrl\":\"https:\/\/secure.gravatar.com\/avatar\/d9c52a9a27c32119cb6679a077fa3e2779e5f822c451cbf01098004361d466ec?s=96&d=mm&r=g\",\"caption\":\"admin\"},\"url\":\"https:\/\/www.zerdab.com\/?author=1\"}]}<\/script>\n<!-- \/ Yoast SEO plugin. -->","yoast_head_json":{"title":"Z\u0259rdabda hesabat y\u0131\u011f\u0131nca\u011f\u0131 ke\u00e7irildi, g\u00f6r\u00fcl\u0259n i\u015fl\u0259rin hesabat\u0131 verildi - FOTOLAR - Z\u0259rdab.com","robots":{"index":"index","follow":"follow","max-snippet":"max-snippet:-1","max-image-preview":"max-image-preview:large","max-video-preview":"max-video-preview:-1"},"canonical":"https:\/\/www.zerdab.com\/?p=24872","og_locale":"az_AZ","og_type":"article","og_title":"Z\u0259rdabda hesabat y\u0131\u011f\u0131nca\u011f\u0131 ke\u00e7irildi, g\u00f6r\u00fcl\u0259n i\u015fl\u0259rin hesabat\u0131 verildi - FOTOLAR - Z\u0259rdab.com","og_description":"2017-ci ilin birinci yar\u0131s\u0131nda Z\u0259rdab rayonunda sosial-iqtisadi sah\u0259l\u0259rd\u0259 g\u00f6r\u00fclm\u00fc\u015f i\u015fl\u0259r v\u0259 qar\u015f\u0131da duran v\u0259zif\u0259l\u0259rl\u0259 ba\u011fl\u0131 hesabat y\u0131\u011f\u0131nca\u011f\u0131 ke\u00e7irilib. Zerdab.com \u0259vv\u0259lc\u0259 h\u0259yata ke\u00e7iril\u0259n t\u0259dbirl\u0259rd\u0259n b\u0259hs ed\u0259n video\u00e7arx n\u00fcmayi\u015f etdirilib. Hesabat y\u0131\u011f\u0131nca\u011f\u0131nda bildirilib ki, infrastruktur layih\u0259l\u0259rin h\u0259yata ke\u00e7irilm\u0259si, yeni istehsal, ticar\u0259t v\u0259 xidm\u0259t obyektl\u0259rinin in\u015fa edilm\u0259si, daimi i\u015f yerl\u0259rinin a\u00e7\u0131lmas\u0131 istiqam\u0259tind\u0259 t\u0259dbirl\u0259r g\u00f6r\u00fcl\u00fcb. Z\u0259rdab Rayon \u0130cra Hakimiyy\u0259tinin [&hellip;]","og_url":"https:\/\/www.zerdab.com\/?p=24872","og_site_name":"Z\u0259rdab.com","article_published_time":"2017-07-23T13:49:51+00:00","og_image":[{"url":"http:\/\/www.zerdab.com\/wp-content\/uploads\/2017\/07\/Lutveli-Babayev-Zerdab-550x367.jpg","type":"","width":"","height":""}],"author":"admin","twitter_card":"summary_large_image","twitter_misc":{"Written by":"admin","Est. reading time":"4 minutes"},"schema":{"@context":"https:\/\/schema.org","@graph":[{"@type":"Article","@id":"https:\/\/www.zerdab.com\/?p=24872#article","isPartOf":{"@id":"https:\/\/www.zerdab.com\/?p=24872"},"author":{"name":"admin","@id":"https:\/\/www.zerdab.com\/#\/schema\/person\/97079b7570c1e89ec0d9e138c3672136"},"headline":"Z\u0259rdabda hesabat y\u0131\u011f\u0131nca\u011f\u0131 ke\u00e7irildi, g\u00f6r\u00fcl\u0259n i\u015fl\u0259rin hesabat\u0131 verildi &#8211; FOTOLAR","datePublished":"2017-07-23T13:49:51+00:00","mainEntityOfPage":{"@id":"https:\/\/www.zerdab.com\/?p=24872"},"wordCount":834,"commentCount":0,"image":{"@id":"https:\/\/www.zerdab.com\/?p=24872#primaryimage"},"thumbnailUrl":"http:\/\/www.zerdab.com\/wp-content\/uploads\/2017\/07\/Lutveli-Babayev-Zerdab-550x367.jpg","articleSection":["X\u018fB\u018fRL\u018fR"],"inLanguage":"az","potentialAction":[{"@type":"CommentAction","name":"Comment","target":["https:\/\/www.zerdab.com\/?p=24872#respond"]}]},{"@type":"WebPage","@id":"https:\/\/www.zerdab.com\/?p=24872","url":"https:\/\/www.zerdab.com\/?p=24872","name":"Z\u0259rdabda hesabat y\u0131\u011f\u0131nca\u011f\u0131 ke\u00e7irildi, g\u00f6r\u00fcl\u0259n i\u015fl\u0259rin hesabat\u0131 verildi - FOTOLAR - Z\u0259rdab.com","isPartOf":{"@id":"https:\/\/www.zerdab.com\/#website"},"primaryImageOfPage":{"@id":"https:\/\/www.zerdab.com\/?p=24872#primaryimage"},"image":{"@id":"https:\/\/www.zerdab.com\/?p=24872#primaryimage"},"thumbnailUrl":"http:\/\/www.zerdab.com\/wp-content\/uploads\/2017\/07\/Lutveli-Babayev-Zerdab-550x367.jpg","datePublished":"2017-07-23T13:49:51+00:00","author":{"@id":"https:\/\/www.zerdab.com\/#\/schema\/person\/97079b7570c1e89ec0d9e138c3672136"},"breadcrumb":{"@id":"https:\/\/www.zerdab.com\/?p=24872#breadcrumb"},"inLanguage":"az","potentialAction":[{"@type":"ReadAction","target":["https:\/\/www.zerdab.com\/?p=24872"]}]},{"@type":"ImageObject","inLanguage":"az","@id":"https:\/\/www.zerdab.com\/?p=24872#primaryimage","url":"","contentUrl":""},{"@type":"BreadcrumbList","@id":"https:\/\/www.zerdab.com\/?p=24872#breadcrumb","itemListElement":[{"@type":"ListItem","position":1,"name":"Home","item":"https:\/\/www.zerdab.com\/"},{"@type":"ListItem","position":2,"name":"Z\u0259rdabda hesabat y\u0131\u011f\u0131nca\u011f\u0131 ke\u00e7irildi, g\u00f6r\u00fcl\u0259n i\u015fl\u0259rin hesabat\u0131 verildi &#8211; FOTOLAR"}]},{"@type":"WebSite","@id":"https:\/\/www.zerdab.com\/#website","url":"https:\/\/www.zerdab.com\/","name":"Z\u0259rdab.com","description":"","potentialAction":[{"@type":"SearchAction","target":{"@type":"EntryPoint","urlTemplate":"https:\/\/www.zerdab.com\/?s={search_term_string}"},"query-input":{"@type":"PropertyValueSpecification","valueRequired":true,"valueName":"search_term_string"}}],"inLanguage":"az"},{"@type":"Person","@id":"https:\/\/www.zerdab.com\/#\/schema\/person\/97079b7570c1e89ec0d9e138c3672136","name":"admin","image":{"@type":"ImageObject","inLanguage":"az","@id":"https:\/\/www.zerdab.com\/#\/schema\/person\/image\/","url":"https:\/\/secure.gravatar.com\/avatar\/d9c52a9a27c32119cb6679a077fa3e2779e5f822c451cbf01098004361d466ec?s=96&d=mm&r=g","contentUrl":"https:\/\/secure.gravatar.com\/avatar\/d9c52a9a27c32119cb6679a077fa3e2779e5f822c451cbf01098004361d466ec?s=96&d=mm&r=g","caption":"admin"},"url":"https:\/\/www.zerdab.com\/?author=1"}]}},"_links":{"self":[{"href":"https:\/\/www.zerdab.com\/index.php?rest_route=\/wp\/v2\/posts\/24872","targetHints":{"allow":["GET"]}}],"collection":[{"href":"https:\/\/www.zerdab.com\/index.php?rest_route=\/wp\/v2\/posts"}],"about":[{"href":"https:\/\/www.zerdab.com\/index.php?rest_route=\/wp\/v2\/types\/post"}],"author":[{"embeddable":true,"href":"https:\/\/www.zerdab.com\/index.php?rest_route=\/wp\/v2\/users\/1"}],"replies":[{"embeddable":true,"href":"https:\/\/www.zerdab.com\/index.php?rest_route=%2Fwp%2Fv2%2Fcomments&post=24872"}],"version-history":[{"count":2,"href":"https:\/\/www.zerdab.com\/index.php?rest_route=\/wp\/v2\/posts\/24872\/revisions"}],"predecessor-version":[{"id":24877,"href":"https:\/\/www.zerdab.com\/index.php?rest_route=\/wp\/v2\/posts\/24872\/revisions\/24877"}],"wp:attachment":[{"href":"https:\/\/www.zerdab.com\/index.php?rest_route=%2Fwp%2Fv2%2Fmedia&parent=24872"}],"wp:term":[{"taxonomy":"category","embeddable":true,"href":"https:\/\/www.zerdab.com\/index.php?rest_route=%2Fwp%2Fv2%2Fcategories&post=24872"},{"taxonomy":"post_tag","embeddable":true,"href":"https:\/\/www.zerdab.com\/index.php?rest_route=%2Fwp%2Fv2%2Ftags&post=24872"}],"curies":[{"name":"wp","href":"https:\/\/api.w.org\/{rel}","templated":true}]}}