{"id":24896,"date":"2017-08-02T11:59:02","date_gmt":"2017-08-02T07:59:02","guid":{"rendered":"http:\/\/www.zerdab.com\/?p=24896"},"modified":"2022-06-01T14:06:06","modified_gmt":"2022-06-01T10:06:06","slug":"ilk-z%c9%99rdabli-prokuror-faiq-allahverdiyev-dunyasini-d%c9%99yisib-nekroloq","status":"publish","type":"post","link":"https:\/\/www.zerdab.com\/?p=24896","title":{"rendered":"\u0130lk Z\u0259rdabl\u0131 prokuror &#8211; Faiq Allahverdiyev d\u00fcnyas\u0131n\u0131 d\u0259yi\u015fib &#8211; NEKROLOQ"},"content":{"rendered":"<p>Az\u0259rbaycan Respublikas\u0131n\u0131n \u018fm\u0259kdar H\u00fcquq\u015f\u00fcnas\u0131, Prokurorlu\u011fun F\u0259xri \u0130\u015f\u00e7isi, Ba\u015f \u018fdliyy\u0259 M\u00fc\u015faviri Allahverdiyev Faiq Seid o\u011flu 29 \u0130yul 2017-ci il tarixind\u0259 d\u00fcnyas\u0131n\u0131 d\u0259yi\u015fmi\u015fdir.<\/p>\n<p>Faiq Allahverdiyev 1923-c\u00fc il fevral ay\u0131n\u0131n 23-d\u0259 Z\u0259rdab rayonunda anadan olmu\u015fdur. 1942-ci ilin \u0259vv\u0259l\u0259rind\u0259 k\u00f6n\u00fcll\u00fc olaraq Sovet ordusu s\u0131ralar\u0131na daxil olmu\u015fdur. Faiq m\u00fc\u0259llim m\u0259h\u015fur 416-c\u0131 milli at\u0131c\u0131 diviyaz\u0131n\u0131n t\u0259rkibind\u0259 vuru\u015fmu\u015f v\u0259 Qafqazdan Almaniyayad\u0259k diviziyan\u0131n \u015fanl\u0131 yolunu ke\u00e7mi\u015fdir. D\u0259f\u0259l\u0259rl\u0259 yaralanma\u011f\u0131na baxmayaraq, yenid\u0259n c\u0259bh\u0259 x\u0259ttin\u0259 qay\u0131tm\u0131\u015fd\u0131r.<\/p>\n<p>F. Allahverdiyev m\u00fcharib\u0259 ill\u0259rind\u0259 bir \u00e7ox \u015f\u0259h\u0259r v\u0259 ya\u015fay\u0131\u015f m\u0259nt\u0259q\u0259l\u0259rinin Alman fa\u015fistl\u0259rind\u0259n azad edilm\u0259sind\u0259 i\u015ftirak etmi\u015fdir. Bunlar\u0131n aras\u0131nda Taqanroq (haz\u0131rda Rusiya Federasiyas\u0131n\u0131n \u0259razisi), Odessa (haz\u0131rda Ukrayna \u0259razisi), Ki\u015finyev (haz\u0131rda Moldova \u0259razisi), Var\u015fava (haz\u0131rda Pol\u015fa \u0259razisi) v\u0259 Almaniyan\u0131n bir \u00e7ox \u015f\u0259h\u0259rl\u0259rinin ad\u0131n\u0131 \u00e7\u0259km\u0259k olar. D\u00f6y\u00fc\u015fl\u0259rd\u0259 g\u00f6st\u0259rdiyi \u015f\u00fcca\u0259t\u0259 g\u00f6r\u0259, Faiq m\u00fc\u0259llim bir s\u0131ra orden v\u0259 medalla t\u0259ltif edilmi\u015fdir.<a href=\"http:\/\/www.zerdab.com\/ilk-z%c9%99rdabli-prokuror-faiq-allahverdiyev-dunyasini-d%c9%99yisib-nekroloq\/faiq-allahverdiyev-2\/\" rel=\"attachment wp-att-24897\"><img loading=\"lazy\" decoding=\"async\" class=\"aligncenter size-large wp-image-24897\" src=\"http:\/\/www.zerdab.com\/wp-content\/uploads\/2017\/08\/Faiq-Allahverdiyev-413x550.jpg\" alt=\"Faiq Allahverdiyev\" width=\"413\" height=\"550\" \/><\/a><\/p>\n<p>B\u00f6y\u00fck V\u0259t\u0259n M\u00fcharib\u0259si ba\u015fa \u00e7atd\u0131qdan sonra, Faiq m\u00fc\u0259llim Almaniyada xidm\u0259tini davam etdirmi\u015f v\u0259 1947-ci ild\u0259 Az\u0259rbaycana qay\u0131tm\u0131\u015fd\u0131r.<\/p>\n<p>1956-c\u0131 ild\u0259 ali h\u00fcquq t\u0259hsilini bitirdikd\u0259n sonra, Faiq m\u00fc\u0259llim m\u00fcxt\u0259lif ill\u0259rd\u0259, Az\u0259rbaycan SSR Ali M\u0259hk\u0259m\u0259sinin \u00fczv\u00fc, rayon prokuroru, Bak\u0131 \u015e\u0259h\u0259ri v\u0259 Respublika Prokurorlu\u011funda r\u0259hb\u0259r v\u0259zif\u0259l\u0259rd\u0259 \u00e7al\u0131\u015fm\u0131\u015fd\u0131r.<\/p>\n<p>H\u00fcquq-m\u00fchafiz\u0259 orqanlar\u0131nda Faiq m\u00fc\u0259llim \u00f6z\u00fcn\u00fc i\u015fg\u00fczar, pe\u015f\u0259kar v\u0259 \u0259dal\u0259tli \u0259m\u0259kda\u015f kimi g\u00f6st\u0259rmi\u015f v\u0259 bunun n\u0259tic\u0259si olaraq, Az\u0259rbaycan Respublikas\u0131n\u0131n \u018fm\u0259kdar H\u00fcquq\u015f\u00fcnas\u0131 v\u0259 Prokurorlu\u011fun F\u0259xri \u0130\u015f\u00e7isi adlar\u0131na layiq g\u00f6r\u00fclm\u00fc\u015fd\u00fcr.<\/p>\n<p>Uzunm\u00fcdd\u0259tli v\u0259 s\u0259m\u0259r\u0259li \u0259m\u0259k f\u0259aliyy\u0259tini, Faiq m\u00fc\u0259llim, Prokurorluq orqanlar\u0131nda ba\u015fa \u00e7atd\u0131rm\u0131\u015fd\u0131r.<\/p>\n<p>2017-ci ilin mart\u0131n 18-d\u0259 Faiq m\u00fc\u0259llimin sevgili h\u0259yat yolda\u015f\u0131, M\u0259ml\u0259k\u0259t xan\u0131m Nuriyeva v\u0259fat etmi\u015fdir. Faiq m\u00fc\u0259llim \u00fc\u00e7\u00fcn bu olduqca a\u011f\u0131r itki olmu\u015fdur.<\/p>\n<p>\u0130lk Z\u0259rdabl\u0131 prokuror Faiq Allahverdiyev 29 iyul 2017-ci ild\u0259 v\u0259fat etmi\u015fdir.<\/p>\n<p>Faiq m\u00fc\u0259llimin \u0259ziz xatir\u0259si iki \u00f6vlad\u0131n\u0131n, n\u0259v\u0259l\u0259rinin, \u00e7oxsayl\u0131 qohum v\u0259 yax\u0131nlar\u0131n\u0131n, onu tan\u0131yanlar\u0131n q\u0259lbind\u0259 \u0259b\u0259di ya\u015fayacaqd\u0131r.<\/p>\n<p>Allah R\u0259hm\u0259t El\u0259sin! M\u0259kan\u0131 c\u0259nn\u0259t olsun.<\/p>\n","protected":false},"excerpt":{"rendered":"<p>Az\u0259rbaycan Respublikas\u0131n\u0131n \u018fm\u0259kdar H\u00fcquq\u015f\u00fcnas\u0131, Prokurorlu\u011fun F\u0259xri \u0130\u015f\u00e7isi, Ba\u015f \u018fdliyy\u0259 M\u00fc\u015faviri Allahverdiyev Faiq Seid o\u011flu 29 \u0130yul 2017-ci il tarixind\u0259 d\u00fcnyas\u0131n\u0131 d\u0259yi\u015fmi\u015fdir. Faiq Allahverdiyev 1923-c\u00fc il fevral ay\u0131n\u0131n 23-d\u0259 Z\u0259rdab rayonunda anadan olmu\u015fdur. 1942-ci ilin \u0259vv\u0259l\u0259rind\u0259 k\u00f6n\u00fcll\u00fc olaraq Sovet ordusu s\u0131ralar\u0131na daxil olmu\u015fdur. Faiq m\u00fc\u0259llim m\u0259h\u015fur 416-c\u0131 milli at\u0131c\u0131 diviyaz\u0131n\u0131n t\u0259rkibind\u0259 vuru\u015fmu\u015f v\u0259 Qafqazdan Almaniyayad\u0259k diviziyan\u0131n [&hellip;]<\/p>\n","protected":false},"author":1,"featured_media":24902,"comment_status":"closed","ping_status":"closed","sticky":false,"template":"","format":"standard","meta":{"footnotes":""},"categories":[21],"tags":[],"class_list":{"0":"post-24896","1":"post","2":"type-post","3":"status-publish","4":"format-standard","5":"has-post-thumbnail","7":"category-zrdab"},"yoast_head":"<!-- This site is optimized with the Yoast SEO plugin v27.0 - https:\/\/yoast.com\/product\/yoast-seo-wordpress\/ -->\n<title>\u0130lk Z\u0259rdabl\u0131 prokuror - Faiq Allahverdiyev d\u00fcnyas\u0131n\u0131 d\u0259yi\u015fib - NEKROLOQ - Z\u0259rdab.com<\/title>\n<meta name=\"robots\" content=\"index, follow, max-snippet:-1, max-image-preview:large, max-video-preview:-1\" \/>\n<link rel=\"canonical\" href=\"https:\/\/www.zerdab.com\/?p=24896\" \/>\n<meta property=\"og:locale\" content=\"az_AZ\" \/>\n<meta property=\"og:type\" content=\"article\" \/>\n<meta property=\"og:title\" content=\"\u0130lk Z\u0259rdabl\u0131 prokuror - Faiq Allahverdiyev d\u00fcnyas\u0131n\u0131 d\u0259yi\u015fib - NEKROLOQ - Z\u0259rdab.com\" \/>\n<meta property=\"og:description\" content=\"Az\u0259rbaycan Respublikas\u0131n\u0131n \u018fm\u0259kdar H\u00fcquq\u015f\u00fcnas\u0131, Prokurorlu\u011fun F\u0259xri \u0130\u015f\u00e7isi, Ba\u015f \u018fdliyy\u0259 M\u00fc\u015faviri Allahverdiyev Faiq Seid o\u011flu 29 \u0130yul 2017-ci il tarixind\u0259 d\u00fcnyas\u0131n\u0131 d\u0259yi\u015fmi\u015fdir. Faiq Allahverdiyev 1923-c\u00fc il fevral ay\u0131n\u0131n 23-d\u0259 Z\u0259rdab rayonunda anadan olmu\u015fdur. 1942-ci ilin \u0259vv\u0259l\u0259rind\u0259 k\u00f6n\u00fcll\u00fc olaraq Sovet ordusu s\u0131ralar\u0131na daxil olmu\u015fdur. Faiq m\u00fc\u0259llim m\u0259h\u015fur 416-c\u0131 milli at\u0131c\u0131 diviyaz\u0131n\u0131n t\u0259rkibind\u0259 vuru\u015fmu\u015f v\u0259 Qafqazdan Almaniyayad\u0259k diviziyan\u0131n [&hellip;]\" \/>\n<meta property=\"og:url\" content=\"https:\/\/www.zerdab.com\/?p=24896\" \/>\n<meta property=\"og:site_name\" content=\"Z\u0259rdab.com\" \/>\n<meta property=\"article:published_time\" content=\"2017-08-02T07:59:02+00:00\" \/>\n<meta property=\"article:modified_time\" content=\"2022-06-01T10:06:06+00:00\" \/>\n<meta property=\"og:image\" content=\"https:\/\/www.zerdab.com\/wp-content\/uploads\/2017\/08\/Faiq-Allahverdiyev-prokuror-2.jpg\" \/>\n\t<meta property=\"og:image:width\" content=\"4309\" \/>\n\t<meta property=\"og:image:height\" content=\"2938\" \/>\n\t<meta property=\"og:image:type\" content=\"image\/jpeg\" \/>\n<meta name=\"author\" content=\"admin\" \/>\n<meta name=\"twitter:card\" content=\"summary_large_image\" \/>\n<meta name=\"twitter:label1\" content=\"Written by\" \/>\n\t<meta name=\"twitter:data1\" content=\"admin\" \/>\n\t<meta name=\"twitter:label2\" content=\"Est. reading time\" \/>\n\t<meta name=\"twitter:data2\" content=\"2 minutes\" \/>\n<script type=\"application\/ld+json\" class=\"yoast-schema-graph\">{\"@context\":\"https:\/\/schema.org\",\"@graph\":[{\"@type\":\"Article\",\"@id\":\"https:\/\/www.zerdab.com\/?p=24896#article\",\"isPartOf\":{\"@id\":\"https:\/\/www.zerdab.com\/?p=24896\"},\"author\":{\"name\":\"admin\",\"@id\":\"https:\/\/www.zerdab.com\/#\/schema\/person\/97079b7570c1e89ec0d9e138c3672136\"},\"headline\":\"\u0130lk Z\u0259rdabl\u0131 prokuror &#8211; Faiq Allahverdiyev d\u00fcnyas\u0131n\u0131 d\u0259yi\u015fib &#8211; NEKROLOQ\",\"datePublished\":\"2017-08-02T07:59:02+00:00\",\"dateModified\":\"2022-06-01T10:06:06+00:00\",\"mainEntityOfPage\":{\"@id\":\"https:\/\/www.zerdab.com\/?p=24896\"},\"wordCount\":472,\"image\":{\"@id\":\"https:\/\/www.zerdab.com\/?p=24896#primaryimage\"},\"thumbnailUrl\":\"https:\/\/www.zerdab.com\/wp-content\/uploads\/2017\/08\/Faiq-Allahverdiyev-prokuror-2.jpg\",\"articleSection\":[\"C\u018fM\u0130YY\u018fT\"],\"inLanguage\":\"az\"},{\"@type\":\"WebPage\",\"@id\":\"https:\/\/www.zerdab.com\/?p=24896\",\"url\":\"https:\/\/www.zerdab.com\/?p=24896\",\"name\":\"\u0130lk Z\u0259rdabl\u0131 prokuror - Faiq Allahverdiyev d\u00fcnyas\u0131n\u0131 d\u0259yi\u015fib - NEKROLOQ - Z\u0259rdab.com\",\"isPartOf\":{\"@id\":\"https:\/\/www.zerdab.com\/#website\"},\"primaryImageOfPage\":{\"@id\":\"https:\/\/www.zerdab.com\/?p=24896#primaryimage\"},\"image\":{\"@id\":\"https:\/\/www.zerdab.com\/?p=24896#primaryimage\"},\"thumbnailUrl\":\"https:\/\/www.zerdab.com\/wp-content\/uploads\/2017\/08\/Faiq-Allahverdiyev-prokuror-2.jpg\",\"datePublished\":\"2017-08-02T07:59:02+00:00\",\"dateModified\":\"2022-06-01T10:06:06+00:00\",\"author\":{\"@id\":\"https:\/\/www.zerdab.com\/#\/schema\/person\/97079b7570c1e89ec0d9e138c3672136\"},\"breadcrumb\":{\"@id\":\"https:\/\/www.zerdab.com\/?p=24896#breadcrumb\"},\"inLanguage\":\"az\",\"potentialAction\":[{\"@type\":\"ReadAction\",\"target\":[\"https:\/\/www.zerdab.com\/?p=24896\"]}]},{\"@type\":\"ImageObject\",\"inLanguage\":\"az\",\"@id\":\"https:\/\/www.zerdab.com\/?p=24896#primaryimage\",\"url\":\"https:\/\/www.zerdab.com\/wp-content\/uploads\/2017\/08\/Faiq-Allahverdiyev-prokuror-2.jpg\",\"contentUrl\":\"https:\/\/www.zerdab.com\/wp-content\/uploads\/2017\/08\/Faiq-Allahverdiyev-prokuror-2.jpg\",\"width\":4309,\"height\":2938,\"caption\":\"Faiq Allahverdiyev-prokuror\"},{\"@type\":\"BreadcrumbList\",\"@id\":\"https:\/\/www.zerdab.com\/?p=24896#breadcrumb\",\"itemListElement\":[{\"@type\":\"ListItem\",\"position\":1,\"name\":\"Home\",\"item\":\"https:\/\/www.zerdab.com\/\"},{\"@type\":\"ListItem\",\"position\":2,\"name\":\"\u0130lk Z\u0259rdabl\u0131 prokuror &#8211; Faiq Allahverdiyev d\u00fcnyas\u0131n\u0131 d\u0259yi\u015fib &#8211; NEKROLOQ\"}]},{\"@type\":\"WebSite\",\"@id\":\"https:\/\/www.zerdab.com\/#website\",\"url\":\"https:\/\/www.zerdab.com\/\",\"name\":\"Z\u0259rdab.com\",\"description\":\"\",\"potentialAction\":[{\"@type\":\"SearchAction\",\"target\":{\"@type\":\"EntryPoint\",\"urlTemplate\":\"https:\/\/www.zerdab.com\/?s={search_term_string}\"},\"query-input\":{\"@type\":\"PropertyValueSpecification\",\"valueRequired\":true,\"valueName\":\"search_term_string\"}}],\"inLanguage\":\"az\"},{\"@type\":\"Person\",\"@id\":\"https:\/\/www.zerdab.com\/#\/schema\/person\/97079b7570c1e89ec0d9e138c3672136\",\"name\":\"admin\",\"image\":{\"@type\":\"ImageObject\",\"inLanguage\":\"az\",\"@id\":\"https:\/\/www.zerdab.com\/#\/schema\/person\/image\/\",\"url\":\"https:\/\/secure.gravatar.com\/avatar\/d9c52a9a27c32119cb6679a077fa3e2779e5f822c451cbf01098004361d466ec?s=96&d=mm&r=g\",\"contentUrl\":\"https:\/\/secure.gravatar.com\/avatar\/d9c52a9a27c32119cb6679a077fa3e2779e5f822c451cbf01098004361d466ec?s=96&d=mm&r=g\",\"caption\":\"admin\"},\"url\":\"https:\/\/www.zerdab.com\/?author=1\"}]}<\/script>\n<!-- \/ Yoast SEO plugin. -->","yoast_head_json":{"title":"\u0130lk Z\u0259rdabl\u0131 prokuror - Faiq Allahverdiyev d\u00fcnyas\u0131n\u0131 d\u0259yi\u015fib - NEKROLOQ - Z\u0259rdab.com","robots":{"index":"index","follow":"follow","max-snippet":"max-snippet:-1","max-image-preview":"max-image-preview:large","max-video-preview":"max-video-preview:-1"},"canonical":"https:\/\/www.zerdab.com\/?p=24896","og_locale":"az_AZ","og_type":"article","og_title":"\u0130lk Z\u0259rdabl\u0131 prokuror - Faiq Allahverdiyev d\u00fcnyas\u0131n\u0131 d\u0259yi\u015fib - NEKROLOQ - Z\u0259rdab.com","og_description":"Az\u0259rbaycan Respublikas\u0131n\u0131n \u018fm\u0259kdar H\u00fcquq\u015f\u00fcnas\u0131, Prokurorlu\u011fun F\u0259xri \u0130\u015f\u00e7isi, Ba\u015f \u018fdliyy\u0259 M\u00fc\u015faviri Allahverdiyev Faiq Seid o\u011flu 29 \u0130yul 2017-ci il tarixind\u0259 d\u00fcnyas\u0131n\u0131 d\u0259yi\u015fmi\u015fdir. Faiq Allahverdiyev 1923-c\u00fc il fevral ay\u0131n\u0131n 23-d\u0259 Z\u0259rdab rayonunda anadan olmu\u015fdur. 1942-ci ilin \u0259vv\u0259l\u0259rind\u0259 k\u00f6n\u00fcll\u00fc olaraq Sovet ordusu s\u0131ralar\u0131na daxil olmu\u015fdur. Faiq m\u00fc\u0259llim m\u0259h\u015fur 416-c\u0131 milli at\u0131c\u0131 diviyaz\u0131n\u0131n t\u0259rkibind\u0259 vuru\u015fmu\u015f v\u0259 Qafqazdan Almaniyayad\u0259k diviziyan\u0131n [&hellip;]","og_url":"https:\/\/www.zerdab.com\/?p=24896","og_site_name":"Z\u0259rdab.com","article_published_time":"2017-08-02T07:59:02+00:00","article_modified_time":"2022-06-01T10:06:06+00:00","og_image":[{"width":4309,"height":2938,"url":"https:\/\/www.zerdab.com\/wp-content\/uploads\/2017\/08\/Faiq-Allahverdiyev-prokuror-2.jpg","type":"image\/jpeg"}],"author":"admin","twitter_card":"summary_large_image","twitter_misc":{"Written by":"admin","Est. reading time":"2 minutes"},"schema":{"@context":"https:\/\/schema.org","@graph":[{"@type":"Article","@id":"https:\/\/www.zerdab.com\/?p=24896#article","isPartOf":{"@id":"https:\/\/www.zerdab.com\/?p=24896"},"author":{"name":"admin","@id":"https:\/\/www.zerdab.com\/#\/schema\/person\/97079b7570c1e89ec0d9e138c3672136"},"headline":"\u0130lk Z\u0259rdabl\u0131 prokuror &#8211; Faiq Allahverdiyev d\u00fcnyas\u0131n\u0131 d\u0259yi\u015fib &#8211; NEKROLOQ","datePublished":"2017-08-02T07:59:02+00:00","dateModified":"2022-06-01T10:06:06+00:00","mainEntityOfPage":{"@id":"https:\/\/www.zerdab.com\/?p=24896"},"wordCount":472,"image":{"@id":"https:\/\/www.zerdab.com\/?p=24896#primaryimage"},"thumbnailUrl":"https:\/\/www.zerdab.com\/wp-content\/uploads\/2017\/08\/Faiq-Allahverdiyev-prokuror-2.jpg","articleSection":["C\u018fM\u0130YY\u018fT"],"inLanguage":"az"},{"@type":"WebPage","@id":"https:\/\/www.zerdab.com\/?p=24896","url":"https:\/\/www.zerdab.com\/?p=24896","name":"\u0130lk Z\u0259rdabl\u0131 prokuror - Faiq Allahverdiyev d\u00fcnyas\u0131n\u0131 d\u0259yi\u015fib - NEKROLOQ - Z\u0259rdab.com","isPartOf":{"@id":"https:\/\/www.zerdab.com\/#website"},"primaryImageOfPage":{"@id":"https:\/\/www.zerdab.com\/?p=24896#primaryimage"},"image":{"@id":"https:\/\/www.zerdab.com\/?p=24896#primaryimage"},"thumbnailUrl":"https:\/\/www.zerdab.com\/wp-content\/uploads\/2017\/08\/Faiq-Allahverdiyev-prokuror-2.jpg","datePublished":"2017-08-02T07:59:02+00:00","dateModified":"2022-06-01T10:06:06+00:00","author":{"@id":"https:\/\/www.zerdab.com\/#\/schema\/person\/97079b7570c1e89ec0d9e138c3672136"},"breadcrumb":{"@id":"https:\/\/www.zerdab.com\/?p=24896#breadcrumb"},"inLanguage":"az","potentialAction":[{"@type":"ReadAction","target":["https:\/\/www.zerdab.com\/?p=24896"]}]},{"@type":"ImageObject","inLanguage":"az","@id":"https:\/\/www.zerdab.com\/?p=24896#primaryimage","url":"https:\/\/www.zerdab.com\/wp-content\/uploads\/2017\/08\/Faiq-Allahverdiyev-prokuror-2.jpg","contentUrl":"https:\/\/www.zerdab.com\/wp-content\/uploads\/2017\/08\/Faiq-Allahverdiyev-prokuror-2.jpg","width":4309,"height":2938,"caption":"Faiq Allahverdiyev-prokuror"},{"@type":"BreadcrumbList","@id":"https:\/\/www.zerdab.com\/?p=24896#breadcrumb","itemListElement":[{"@type":"ListItem","position":1,"name":"Home","item":"https:\/\/www.zerdab.com\/"},{"@type":"ListItem","position":2,"name":"\u0130lk Z\u0259rdabl\u0131 prokuror &#8211; Faiq Allahverdiyev d\u00fcnyas\u0131n\u0131 d\u0259yi\u015fib &#8211; NEKROLOQ"}]},{"@type":"WebSite","@id":"https:\/\/www.zerdab.com\/#website","url":"https:\/\/www.zerdab.com\/","name":"Z\u0259rdab.com","description":"","potentialAction":[{"@type":"SearchAction","target":{"@type":"EntryPoint","urlTemplate":"https:\/\/www.zerdab.com\/?s={search_term_string}"},"query-input":{"@type":"PropertyValueSpecification","valueRequired":true,"valueName":"search_term_string"}}],"inLanguage":"az"},{"@type":"Person","@id":"https:\/\/www.zerdab.com\/#\/schema\/person\/97079b7570c1e89ec0d9e138c3672136","name":"admin","image":{"@type":"ImageObject","inLanguage":"az","@id":"https:\/\/www.zerdab.com\/#\/schema\/person\/image\/","url":"https:\/\/secure.gravatar.com\/avatar\/d9c52a9a27c32119cb6679a077fa3e2779e5f822c451cbf01098004361d466ec?s=96&d=mm&r=g","contentUrl":"https:\/\/secure.gravatar.com\/avatar\/d9c52a9a27c32119cb6679a077fa3e2779e5f822c451cbf01098004361d466ec?s=96&d=mm&r=g","caption":"admin"},"url":"https:\/\/www.zerdab.com\/?author=1"}]}},"_links":{"self":[{"href":"https:\/\/www.zerdab.com\/index.php?rest_route=\/wp\/v2\/posts\/24896","targetHints":{"allow":["GET"]}}],"collection":[{"href":"https:\/\/www.zerdab.com\/index.php?rest_route=\/wp\/v2\/posts"}],"about":[{"href":"https:\/\/www.zerdab.com\/index.php?rest_route=\/wp\/v2\/types\/post"}],"author":[{"embeddable":true,"href":"https:\/\/www.zerdab.com\/index.php?rest_route=\/wp\/v2\/users\/1"}],"replies":[{"embeddable":true,"href":"https:\/\/www.zerdab.com\/index.php?rest_route=%2Fwp%2Fv2%2Fcomments&post=24896"}],"version-history":[{"count":3,"href":"https:\/\/www.zerdab.com\/index.php?rest_route=\/wp\/v2\/posts\/24896\/revisions"}],"predecessor-version":[{"id":24903,"href":"https:\/\/www.zerdab.com\/index.php?rest_route=\/wp\/v2\/posts\/24896\/revisions\/24903"}],"wp:featuredmedia":[{"embeddable":true,"href":"https:\/\/www.zerdab.com\/index.php?rest_route=\/wp\/v2\/media\/24902"}],"wp:attachment":[{"href":"https:\/\/www.zerdab.com\/index.php?rest_route=%2Fwp%2Fv2%2Fmedia&parent=24896"}],"wp:term":[{"taxonomy":"category","embeddable":true,"href":"https:\/\/www.zerdab.com\/index.php?rest_route=%2Fwp%2Fv2%2Fcategories&post=24896"},{"taxonomy":"post_tag","embeddable":true,"href":"https:\/\/www.zerdab.com\/index.php?rest_route=%2Fwp%2Fv2%2Ftags&post=24896"}],"curies":[{"name":"wp","href":"https:\/\/api.w.org\/{rel}","templated":true}]}}