{"id":24912,"date":"2017-08-12T10:24:13","date_gmt":"2017-08-12T06:24:13","guid":{"rendered":"http:\/\/www.zerdab.com\/?p=24912"},"modified":"2017-08-12T12:36:03","modified_gmt":"2017-08-12T08:36:03","slug":"z%c9%99rdabda-evl%c9%99ri-%c9%99lind%c9%99n-alinan-ail%c9%99-at-arabasinda-yatir-foto","status":"publish","type":"post","link":"https:\/\/www.zerdab.com\/?p=24912","title":{"rendered":"Z\u0259rdabda at arabas\u0131nda yatd\u0131\u011f\u0131 deyil\u0259n ail\u0259 il\u0259 ba\u011fl\u0131 R\u018fSM\u0130 A\u00c7IQLAMA &#8211; FOTO"},"content":{"rendered":"<p>&nbsp;<\/p>\n<p>Bir ne\u00e7\u0259 g\u00fcn \u00f6nc\u0259 m\u0259tbuatda Z\u0259rdab rayonunun M\u0259likumudlu k\u0259nd sakini Mehdiyeva G\u00fcnel Faxr\u0259t q\u0131z\u0131n\u0131n m\u00fcraci\u0259ti yay\u0131mlanm\u0131\u015fd\u0131. \u0130ddia\u00e7\u0131 bildirib ki, rayonda y\u00fcks\u0259k v\u0259zif\u0259 tutan m\u0259murlar\u0131n t\u0259zyiqi il\u0259 evl\u0259ri \u0259ll\u0259rind\u0259n al\u0131n\u0131b v\u0259 ail\u0259 haz\u0131rda k\u00fc\u00e7\u0259l\u0259rd\u0259 ya\u015fay\u0131r. M\u0259s\u0259l\u0259 il\u0259 ba\u011fl\u0131\u00a0<strong><span style=\"color: #ff0000;\">&#8220;Zerdab.com&#8221;<\/span>\u00a0<\/strong>sayt\u0131na Z\u0259rdab Rayon \u0130cra Hakimiyy\u0259ti ba\u015f\u00e7\u0131s\u0131n\u0131n M\u0259likumudlu k\u0259nd inzibati \u0259razi dair\u0259si \u00fczr\u0259 n\u00fcmay\u0259nd\u0259si A\u011faverdi Novruzovun ad\u0131ndan a\u00e7\u0131qlama g\u00f6nd\u0259rilib. A. Novruzov bildirib ki, Mehdiyeva G\u00fcnel Faxr\u0259t q\u0131z\u0131 bar\u0259d\u0259 yerl\u0259\u015fdirilmi\u015f m\u0259lumatlar d\u00fczg\u00fcn deyil:<\/p>\n<p>&#8220;Bildirir\u0259m ki, Z\u0259rdab rayonunun M\u0259likumudlu k\u0259nd sakinl\u0259ri G\u00fcnel Mehdiyeva v\u0259 onun h\u0259yat yolda\u015f\u0131 Sar\u0259nc Mehdiyev son 2 il \u0259rzind\u0259 m\u00fcxt\u0259lif yuxar\u0131 orqanlara m\u00fcraci\u0259t ed\u0259r\u0259k onlara qar\u015f\u0131 haqs\u0131zl\u0131q edildiyini, uzun ill\u0259r ya\u015fad\u0131qlar\u0131 torpaq sah\u0259sind\u0259n v\u0259 evd\u0259n \u00e7\u0131xar\u0131ld\u0131qlar\u0131n\u0131 bildirirl\u0259r. Bu i\u015fin s\u0259b\u0259bkar\u0131 kimi Rayon \u0130cra Hakimiyy\u0259tinin ba\u015f\u00e7\u0131s\u0131 L\u00fctv\u0259li Babayevi, Rayon M\u0259hk\u0259m\u0259sinin hakimi Tahir Qubadovu v\u0259 M\u0259likumudlu k\u0259nd sakini Tofiq Abdullayevi g\u00f6st\u0259rirl\u0259r. Bu fikirl\u0259r d\u00fczg\u00fcn deyildir. \u018fsl h\u0259qiq\u0259t is\u0259 bel\u0259dir.<\/p>\n<p>M\u0259likumudlu b\u0259l\u0259diyy\u0259si il\u0259 Tofiq Abdullayevin h\u0259yat yolda\u015f\u0131 N\u00fc\u015fab\u0259 Abdullayeva aras\u0131nda ba\u011flanm\u0131\u015f 1 oktyabr 2007-ci il tarixli 09 sayl\u0131 icar\u0259 m\u00fcqavil\u0259si \u0259sas\u0131nda 15 hektar torpaq sah\u0259si N\u00fc\u015fab\u0259 Abdullayevaya icar\u0259y\u0259 verilib v\u0259 D\u00f6vl\u0259t Torpaq Kadastr kitab\u0131nda 08.07.2014-c\u00fc il tarixd\u0259 724 n\u00f6mr\u0259 il\u0259 u\u00e7ota al\u0131n\u0131b.<\/p>\n<p>Az\u0259rbaycan Respublikas\u0131 Prezidentinin 14.12.2007-ci il tarixli s\u0259r\u0259ncam\u0131 il\u0259 L\u00fctv\u0259li Babayev Z\u0259rdab Rayon \u0130cra Hakimiyy\u0259tinin ba\u015f\u00e7\u0131s\u0131 v\u0259zif\u0259sin\u0259 t\u0259yin edildiyind\u0259n G\u00fcnel Mehdiyevan\u0131n onun haqq\u0131nda yazd\u0131\u011f\u0131 fikirl\u0259r b\u00f6htan xarakterli olmaqla rayon r\u0259hb\u0259rinin f\u0259aliyy\u0259tin\u0259 k\u00f6lg\u0259 salmaq m\u0259qs\u0259di da\u015f\u0131y\u0131r.<\/p>\n<p>Eyni zamanda bildiririk ki, N\u00fc\u015fab\u0259 Abdullayeva Mehdiyev Sar\u0259nc\u0259 qar\u015f\u0131 m\u0259hk\u0259m\u0259d\u0259 iddia qald\u0131r\u0131b v\u0259 13 may 2016-c\u0131 il tarixd\u0259 onun iddias\u0131 t\u0259min edilib.<\/p>\n<p>Rayon \u0130cra Hakimiyy\u0259ti t\u0259r\u0259find\u0259n h\u0259min ail\u0259y\u0259 m\u00fcv\u0259qq\u0259ti ya\u015famalar\u0131 \u00fc\u00e7\u00fcn M\u0259likumudlu k\u0259ndi \u0259razisind\u0259 yerl\u0259\u015f\u0259n k\u00f6hn\u0259 m\u0259kt\u0259b binas\u0131ndan 2 otaq t\u0259klif olunub, lakin onlar bu t\u0259klifi q\u0259bul etm\u0259yibl\u0259r v\u0259 yaln\u0131z m\u0259hk\u0259m\u0259 q\u0259rar\u0131 il\u0259 \u00e7\u0131xar\u0131ld\u0131qlar\u0131 evd\u0259 ya\u015famalar\u0131 \u00fc\u00e7\u00fcn \u015f\u0259rait yarad\u0131lmas\u0131n\u0131 t\u0259l\u0259b edibl\u0259r&#8221;.<\/p>\n<p>\u0130cra n\u00fcmay\u0259nd\u0259si onu da bildirib ki, G\u00fcnel Mehdiyevan\u0131n h\u0259yat yolda\u015f\u0131 Sar\u0259nc Mehdiyevin M\u0259likumudlu k\u0259ndi \u0259razisind\u0259 0,12 hektar h\u0259y\u0259tyan\u0131 torpaq sah\u0259si var.<\/p>\n<p>&#8220;H\u0259min h\u0259y\u0259td\u0259 kifay\u0259t q\u0259d\u0259r tikinti materiallar\u0131 olmaqla, 3 otaql\u0131 evin b\u00fcn\u00f6vr\u0259si qoyulub. Lakin bu ail\u0259 dayanmadan m\u00fcxt\u0259lif \u00fcnvanlara \u0259sass\u0131z v\u0259 b\u00f6htan xarakterli \u0259riz\u0259l\u0259r yazmaqda davam edir&#8221;,-dey\u0259 A\u011faverdi Novruzov bildirib.<\/p>\n<p>&nbsp;<\/p>\n<p><strong>***\u00a0<\/strong><\/p>\n<p><strong><span class=\"posted-on\"> <span class=\"dtreviewed\"><time class=\"value-title\" title=\"2017-08-10\" datetime=\"2017-08-10T14:24:13+04:00\">10\/08\/2017<\/time><\/span><\/span><\/strong><\/p>\n<p><strong>Z\u0259rdab rayonu M\u0259likumudlu k\u0259nd sakini Mehdiyeva G\u00fcnel Faxr\u0259t q\u0131z\u0131 t\u0259r\u0259find\u0259n\u00a0<\/strong><strong>m\u00fcrai\u0259t daxil olub.<\/strong><\/p>\n<p>V\u0259t\u0259nda\u015f\u0131n iddialar\u0131na g\u00f6r\u0259, rayonda y\u00fcks\u0259k v\u0259zif\u0259 tutan m\u0259murlar\u0131n t\u0259zyiqi il\u0259 evl\u0259ri \u0259ll\u0259rind\u0259n al\u0131n\u0131b v\u0259 ail\u0259 haz\u0131rda k\u00fc\u00e7\u0259l\u0259rd\u0259 ya\u015fay\u0131r.<\/p>\n<p>&#8220;H\u0259yat yolda\u015f\u0131m Sar\u0259ncin valideyinl\u0259ri sovetl\u0259r d\u00f6n\u0259mind\u0259 M\u0259likmudlu k\u0259ndinin kolxoz fermas\u0131nda \u00e7oban v\u0259 sa\u011f\u0131c\u0131 i\u015fl\u0259yibl\u0259r. Buna g\u00f6r\u0259 d\u0259 onlar ferman\u0131n i\u015f\u00e7il\u0259ri \u00fc\u00e7\u00fcn n\u0259z\u0259rd\u0259 tutulmu\u015f evd\u0259 ya\u015fay\u0131blar. H\u0259yat yolda\u015f\u0131m Sar\u0259nc Mehdiyev h\u0259min ferman\u0131n evind\u0259 do\u011fulub. M\u0259n d\u0259 h\u0259min ev\u0259 g\u0259lin g\u0259lmi\u015f\u0259m. Orada iki u\u015fa\u011f\u0131m\u0131z do\u011fulub. Sovet qurlu\u015fu da\u011f\u0131ld\u0131qdan bir m\u00fcdd\u0259t sonra h\u0259min ferman\u0131n \u00e7oban evi atam Mehdiyev N\u0259sr\u0259ddin N\u0259sir o\u011fluna \u0259mlak pay\u0131 kimi verilib. Buna dair s\u0259n\u0259dl\u0259r d\u0259 var. Bundan sonra biz h\u0259min \u0259razid\u0259ki torpaqdan istifad\u0259 etm\u0259k \u00fc\u00e7\u00fcn M\u0259likmudlu b\u0259l\u0259diyy\u0259si il\u0259 icar\u0259 m\u00fcqavil\u0259si ba\u011flad\u0131q ki, bunun da s\u0259n\u0259di var&#8221;.<\/p>\n<div id=\"inline_video\"><\/div>\n<p><strong>K\u0259nd sakininin iddialar\u0131na g\u00f6r\u0259, Z\u0259rdab rayonun icra ba\u015f\u00e7\u0131s\u0131n\u0131n sabiq m\u00fcavini Tofiq Abdullayev onlar\u0131 \u0259mlak\u0131n\u0131n yerl\u0259\u015fdiyi torpa\u011f\u0131 h\u0259yat yolda\u015f\u0131 Abdullayeva N\u00fc\u015fab\u0259 A\u011falar q\u0131z\u0131n\u0131n ad\u0131na 25 illik icar\u0259 m\u00fcqavil\u0259si ba\u011flatd\u0131r\u0131b. Bundan sonra onlar\u0131 m\u0259hk\u0259m\u0259y\u0259 verib v\u0259 evl\u0259ri \u0259ll\u0259rind\u0259n al\u0131n\u0131b.\u00a0<\/strong><\/p>\n<p>&#8220;Bundan sonra bizim h\u0259min torpa\u011f\u0131 z\u0259bt etm\u0259yimizi \u0259sas g\u0259tir\u0259r\u0259k Z\u0259rdab rayon m\u0259hk\u0259m\u0259sind\u0259 iddia qald\u0131raraq oradan \u00e7\u0131xar\u0131lma\u011f\u0131m\u0131z\u0131 t\u0259l\u0259b etmi\u015fdi. M\u0259hk\u0259m\u0259 s\u0259dri Tahir Qubadov iddian\u0131 t\u0259min etmi\u015fdi. H\u0259ttda Z\u0259rdab rayon m\u0259hk\u0259m\u0259sinin 13 may 2016-c\u0131 il tarixli q\u0259tnam\u0259sind\u0259n apellyasiya \u015fikay\u0259ti verm\u0259k h\u00fcququmuzun m\u0259hdudla\u015fd\u0131r\u0131lmas\u0131 \u00fc\u00e7\u00fcn h\u0259yat yolda\u015f\u0131m\u0131 16 may 2016-c\u0131 il tarixd\u0259 qanunsuz 20 g\u00fcnl\u00fck inzibati h\u0259bs etdil\u0259r. Guya h\u0259yat yolda\u015f\u0131m Sar\u0259nc Tofiq Abdullayevin \u00e7oban\u0131na qar\u015f\u0131 xuliqanl\u0131q edib. H\u0259yat yolda\u015f\u0131m h\u0259bsd\u0259n \u00e7\u0131xan kimi q\u0259tnam\u0259ni v\u0259 s\u0259n\u0259dl\u0259ri v\u0259kil \u018flayif H\u0259s\u0259nova verdi. O, is\u0259 apellyasiya \u015fikay\u0259tini m\u00fcdd\u0259t \u00f6t\u0259nd\u0259n sonra yaz\u0131b h\u0259yat yolda\u015f\u0131ma verdi. Buna g\u00f6r\u0259 d\u0259 m\u0259hk\u0259m\u0259 m\u00fcdd\u0259tin \u00f6tm\u0259sini \u0259sas g\u0259tirib apellyasiya \u015fikay\u0259timizi \u0259sass\u0131z hesab etdi.<\/p>\n<p>Bel\u0259likl\u0259, bir ail\u0259nin qanunu evini \u0259lind\u0259n almaq \u00fc\u00e7\u00fcn saxtakarl\u0131qla \u00e7\u0131xar\u0131lm\u0131\u015f q\u0259tnam\u0259 qanunu q\u00fcvv\u0259sini ald\u0131. Bundan sonra icra\u00e7\u0131lar v\u0259 polisl\u0259r m\u0259hk\u0259m\u0259 q\u0259tnam\u0259sin\u0259 \u0259sas\u0259n bizi evimizd\u0259n \u00e7\u0131xartd\u0131lar. Haz\u0131rda \u00e7\u00f6l\u00fcn d\u00fcz\u00fcnd\u0259 at arabas\u0131n\u0131n i\u00e7ind\u0259 qal\u0131r\u0131q. Biz mal-qoyun, toyuq-c\u00fcc\u0259 saxlay\u0131b ail\u0259mizi doland\u0131r\u0131d\u0131q&#8221;.femida.az<\/p>\n<p><a href=\"http:\/\/www.zerdab.com\/z%c9%99rdabda-evl%c9%99ri-%c9%99lind%c9%99n-alinan-ail%c9%99-at-arabasinda-yatir-foto\/zerdab-rayonu1-22\/\" rel=\"attachment wp-att-24915\"><img loading=\"lazy\" decoding=\"async\" class=\"aligncenter size-large wp-image-24915\" src=\"http:\/\/www.zerdab.com\/wp-content\/uploads\/2017\/08\/Zerdab-rayonu1-550x330.jpg\" alt=\"Zerdab rayonu\" width=\"550\" height=\"330\" \/><\/a><\/p>\n<p><a href=\"http:\/\/www.zerdab.com\/z%c9%99rdabda-evl%c9%99ri-%c9%99lind%c9%99n-alinan-ail%c9%99-at-arabasinda-yatir-foto\/zerdab-rayonu2-21\/\" rel=\"attachment wp-att-24916\"><img loading=\"lazy\" decoding=\"async\" class=\"aligncenter size-large wp-image-24916\" src=\"http:\/\/www.zerdab.com\/wp-content\/uploads\/2017\/08\/Zerdab-rayonu2-550x330.jpg\" alt=\"\" width=\"550\" height=\"330\" \/><\/a><\/p>\n<p>&nbsp;<\/p>\n","protected":false},"excerpt":{"rendered":"<p>&nbsp; Bir ne\u00e7\u0259 g\u00fcn \u00f6nc\u0259 m\u0259tbuatda Z\u0259rdab rayonunun M\u0259likumudlu k\u0259nd sakini Mehdiyeva G\u00fcnel Faxr\u0259t q\u0131z\u0131n\u0131n m\u00fcraci\u0259ti yay\u0131mlanm\u0131\u015fd\u0131. \u0130ddia\u00e7\u0131 bildirib ki, rayonda y\u00fcks\u0259k v\u0259zif\u0259 tutan m\u0259murlar\u0131n t\u0259zyiqi il\u0259 evl\u0259ri \u0259ll\u0259rind\u0259n al\u0131n\u0131b v\u0259 ail\u0259 haz\u0131rda k\u00fc\u00e7\u0259l\u0259rd\u0259 ya\u015fay\u0131r. M\u0259s\u0259l\u0259 il\u0259 ba\u011fl\u0131\u00a0&#8220;Zerdab.com&#8221;\u00a0sayt\u0131na Z\u0259rdab Rayon \u0130cra Hakimiyy\u0259ti ba\u015f\u00e7\u0131s\u0131n\u0131n M\u0259likumudlu k\u0259nd inzibati \u0259razi dair\u0259si \u00fczr\u0259 n\u00fcmay\u0259nd\u0259si A\u011faverdi Novruzovun ad\u0131ndan a\u00e7\u0131qlama g\u00f6nd\u0259rilib. [&hellip;]<\/p>\n","protected":false},"author":1,"featured_media":0,"comment_status":"open","ping_status":"open","sticky":false,"template":"","format":"standard","meta":{"footnotes":""},"categories":[21],"tags":[],"class_list":{"0":"post-24912","1":"post","2":"type-post","3":"status-publish","4":"format-standard","6":"category-zrdab"},"yoast_head":"<!-- This site is optimized with the Yoast SEO plugin v27.0 - https:\/\/yoast.com\/product\/yoast-seo-wordpress\/ -->\n<title>Z\u0259rdabda at arabas\u0131nda yatd\u0131\u011f\u0131 deyil\u0259n ail\u0259 il\u0259 ba\u011fl\u0131 R\u018fSM\u0130 A\u00c7IQLAMA - FOTO - Z\u0259rdab.com<\/title>\n<meta name=\"robots\" content=\"index, follow, max-snippet:-1, max-image-preview:large, max-video-preview:-1\" \/>\n<link rel=\"canonical\" href=\"https:\/\/www.zerdab.com\/?p=24912\" \/>\n<meta property=\"og:locale\" content=\"az_AZ\" \/>\n<meta property=\"og:type\" content=\"article\" \/>\n<meta property=\"og:title\" content=\"Z\u0259rdabda at arabas\u0131nda yatd\u0131\u011f\u0131 deyil\u0259n ail\u0259 il\u0259 ba\u011fl\u0131 R\u018fSM\u0130 A\u00c7IQLAMA - FOTO - Z\u0259rdab.com\" \/>\n<meta property=\"og:description\" content=\"&nbsp; Bir ne\u00e7\u0259 g\u00fcn \u00f6nc\u0259 m\u0259tbuatda Z\u0259rdab rayonunun M\u0259likumudlu k\u0259nd sakini Mehdiyeva G\u00fcnel Faxr\u0259t q\u0131z\u0131n\u0131n m\u00fcraci\u0259ti yay\u0131mlanm\u0131\u015fd\u0131. \u0130ddia\u00e7\u0131 bildirib ki, rayonda y\u00fcks\u0259k v\u0259zif\u0259 tutan m\u0259murlar\u0131n t\u0259zyiqi il\u0259 evl\u0259ri \u0259ll\u0259rind\u0259n al\u0131n\u0131b v\u0259 ail\u0259 haz\u0131rda k\u00fc\u00e7\u0259l\u0259rd\u0259 ya\u015fay\u0131r. M\u0259s\u0259l\u0259 il\u0259 ba\u011fl\u0131\u00a0&#8220;Zerdab.com&#8221;\u00a0sayt\u0131na Z\u0259rdab Rayon \u0130cra Hakimiyy\u0259ti ba\u015f\u00e7\u0131s\u0131n\u0131n M\u0259likumudlu k\u0259nd inzibati \u0259razi dair\u0259si \u00fczr\u0259 n\u00fcmay\u0259nd\u0259si A\u011faverdi Novruzovun ad\u0131ndan a\u00e7\u0131qlama g\u00f6nd\u0259rilib. [&hellip;]\" \/>\n<meta property=\"og:url\" content=\"https:\/\/www.zerdab.com\/?p=24912\" \/>\n<meta property=\"og:site_name\" content=\"Z\u0259rdab.com\" \/>\n<meta property=\"article:published_time\" content=\"2017-08-12T06:24:13+00:00\" \/>\n<meta property=\"article:modified_time\" content=\"2017-08-12T08:36:03+00:00\" \/>\n<meta property=\"og:image\" content=\"http:\/\/www.zerdab.com\/wp-content\/uploads\/2017\/08\/Zerdab-rayonu1-550x330.jpg\" \/>\n<meta name=\"author\" content=\"admin\" \/>\n<meta name=\"twitter:card\" content=\"summary_large_image\" \/>\n<meta name=\"twitter:label1\" content=\"Written by\" \/>\n\t<meta name=\"twitter:data1\" content=\"admin\" \/>\n\t<meta name=\"twitter:label2\" content=\"Est. reading time\" \/>\n\t<meta name=\"twitter:data2\" content=\"5 minutes\" \/>\n<script type=\"application\/ld+json\" class=\"yoast-schema-graph\">{\"@context\":\"https:\/\/schema.org\",\"@graph\":[{\"@type\":\"Article\",\"@id\":\"https:\/\/www.zerdab.com\/?p=24912#article\",\"isPartOf\":{\"@id\":\"https:\/\/www.zerdab.com\/?p=24912\"},\"author\":{\"name\":\"admin\",\"@id\":\"https:\/\/www.zerdab.com\/#\/schema\/person\/97079b7570c1e89ec0d9e138c3672136\"},\"headline\":\"Z\u0259rdabda at arabas\u0131nda yatd\u0131\u011f\u0131 deyil\u0259n ail\u0259 il\u0259 ba\u011fl\u0131 R\u018fSM\u0130 A\u00c7IQLAMA &#8211; FOTO\",\"datePublished\":\"2017-08-12T06:24:13+00:00\",\"dateModified\":\"2017-08-12T08:36:03+00:00\",\"mainEntityOfPage\":{\"@id\":\"https:\/\/www.zerdab.com\/?p=24912\"},\"wordCount\":1086,\"commentCount\":0,\"image\":{\"@id\":\"https:\/\/www.zerdab.com\/?p=24912#primaryimage\"},\"thumbnailUrl\":\"http:\/\/www.zerdab.com\/wp-content\/uploads\/2017\/08\/Zerdab-rayonu1-550x330.jpg\",\"articleSection\":[\"C\u018fM\u0130YY\u018fT\"],\"inLanguage\":\"az\",\"potentialAction\":[{\"@type\":\"CommentAction\",\"name\":\"Comment\",\"target\":[\"https:\/\/www.zerdab.com\/?p=24912#respond\"]}]},{\"@type\":\"WebPage\",\"@id\":\"https:\/\/www.zerdab.com\/?p=24912\",\"url\":\"https:\/\/www.zerdab.com\/?p=24912\",\"name\":\"Z\u0259rdabda at arabas\u0131nda yatd\u0131\u011f\u0131 deyil\u0259n ail\u0259 il\u0259 ba\u011fl\u0131 R\u018fSM\u0130 A\u00c7IQLAMA - FOTO - Z\u0259rdab.com\",\"isPartOf\":{\"@id\":\"https:\/\/www.zerdab.com\/#website\"},\"primaryImageOfPage\":{\"@id\":\"https:\/\/www.zerdab.com\/?p=24912#primaryimage\"},\"image\":{\"@id\":\"https:\/\/www.zerdab.com\/?p=24912#primaryimage\"},\"thumbnailUrl\":\"http:\/\/www.zerdab.com\/wp-content\/uploads\/2017\/08\/Zerdab-rayonu1-550x330.jpg\",\"datePublished\":\"2017-08-12T06:24:13+00:00\",\"dateModified\":\"2017-08-12T08:36:03+00:00\",\"author\":{\"@id\":\"https:\/\/www.zerdab.com\/#\/schema\/person\/97079b7570c1e89ec0d9e138c3672136\"},\"breadcrumb\":{\"@id\":\"https:\/\/www.zerdab.com\/?p=24912#breadcrumb\"},\"inLanguage\":\"az\",\"potentialAction\":[{\"@type\":\"ReadAction\",\"target\":[\"https:\/\/www.zerdab.com\/?p=24912\"]}]},{\"@type\":\"ImageObject\",\"inLanguage\":\"az\",\"@id\":\"https:\/\/www.zerdab.com\/?p=24912#primaryimage\",\"url\":\"\",\"contentUrl\":\"\"},{\"@type\":\"BreadcrumbList\",\"@id\":\"https:\/\/www.zerdab.com\/?p=24912#breadcrumb\",\"itemListElement\":[{\"@type\":\"ListItem\",\"position\":1,\"name\":\"Home\",\"item\":\"https:\/\/www.zerdab.com\/\"},{\"@type\":\"ListItem\",\"position\":2,\"name\":\"Z\u0259rdabda at arabas\u0131nda yatd\u0131\u011f\u0131 deyil\u0259n ail\u0259 il\u0259 ba\u011fl\u0131 R\u018fSM\u0130 A\u00c7IQLAMA &#8211; FOTO\"}]},{\"@type\":\"WebSite\",\"@id\":\"https:\/\/www.zerdab.com\/#website\",\"url\":\"https:\/\/www.zerdab.com\/\",\"name\":\"Z\u0259rdab.com\",\"description\":\"\",\"potentialAction\":[{\"@type\":\"SearchAction\",\"target\":{\"@type\":\"EntryPoint\",\"urlTemplate\":\"https:\/\/www.zerdab.com\/?s={search_term_string}\"},\"query-input\":{\"@type\":\"PropertyValueSpecification\",\"valueRequired\":true,\"valueName\":\"search_term_string\"}}],\"inLanguage\":\"az\"},{\"@type\":\"Person\",\"@id\":\"https:\/\/www.zerdab.com\/#\/schema\/person\/97079b7570c1e89ec0d9e138c3672136\",\"name\":\"admin\",\"image\":{\"@type\":\"ImageObject\",\"inLanguage\":\"az\",\"@id\":\"https:\/\/www.zerdab.com\/#\/schema\/person\/image\/\",\"url\":\"https:\/\/secure.gravatar.com\/avatar\/d9c52a9a27c32119cb6679a077fa3e2779e5f822c451cbf01098004361d466ec?s=96&d=mm&r=g\",\"contentUrl\":\"https:\/\/secure.gravatar.com\/avatar\/d9c52a9a27c32119cb6679a077fa3e2779e5f822c451cbf01098004361d466ec?s=96&d=mm&r=g\",\"caption\":\"admin\"},\"url\":\"https:\/\/www.zerdab.com\/?author=1\"}]}<\/script>\n<!-- \/ Yoast SEO plugin. -->","yoast_head_json":{"title":"Z\u0259rdabda at arabas\u0131nda yatd\u0131\u011f\u0131 deyil\u0259n ail\u0259 il\u0259 ba\u011fl\u0131 R\u018fSM\u0130 A\u00c7IQLAMA - FOTO - Z\u0259rdab.com","robots":{"index":"index","follow":"follow","max-snippet":"max-snippet:-1","max-image-preview":"max-image-preview:large","max-video-preview":"max-video-preview:-1"},"canonical":"https:\/\/www.zerdab.com\/?p=24912","og_locale":"az_AZ","og_type":"article","og_title":"Z\u0259rdabda at arabas\u0131nda yatd\u0131\u011f\u0131 deyil\u0259n ail\u0259 il\u0259 ba\u011fl\u0131 R\u018fSM\u0130 A\u00c7IQLAMA - FOTO - Z\u0259rdab.com","og_description":"&nbsp; Bir ne\u00e7\u0259 g\u00fcn \u00f6nc\u0259 m\u0259tbuatda Z\u0259rdab rayonunun M\u0259likumudlu k\u0259nd sakini Mehdiyeva G\u00fcnel Faxr\u0259t q\u0131z\u0131n\u0131n m\u00fcraci\u0259ti yay\u0131mlanm\u0131\u015fd\u0131. \u0130ddia\u00e7\u0131 bildirib ki, rayonda y\u00fcks\u0259k v\u0259zif\u0259 tutan m\u0259murlar\u0131n t\u0259zyiqi il\u0259 evl\u0259ri \u0259ll\u0259rind\u0259n al\u0131n\u0131b v\u0259 ail\u0259 haz\u0131rda k\u00fc\u00e7\u0259l\u0259rd\u0259 ya\u015fay\u0131r. M\u0259s\u0259l\u0259 il\u0259 ba\u011fl\u0131\u00a0&#8220;Zerdab.com&#8221;\u00a0sayt\u0131na Z\u0259rdab Rayon \u0130cra Hakimiyy\u0259ti ba\u015f\u00e7\u0131s\u0131n\u0131n M\u0259likumudlu k\u0259nd inzibati \u0259razi dair\u0259si \u00fczr\u0259 n\u00fcmay\u0259nd\u0259si A\u011faverdi Novruzovun ad\u0131ndan a\u00e7\u0131qlama g\u00f6nd\u0259rilib. [&hellip;]","og_url":"https:\/\/www.zerdab.com\/?p=24912","og_site_name":"Z\u0259rdab.com","article_published_time":"2017-08-12T06:24:13+00:00","article_modified_time":"2017-08-12T08:36:03+00:00","og_image":[{"url":"http:\/\/www.zerdab.com\/wp-content\/uploads\/2017\/08\/Zerdab-rayonu1-550x330.jpg","type":"","width":"","height":""}],"author":"admin","twitter_card":"summary_large_image","twitter_misc":{"Written by":"admin","Est. reading time":"5 minutes"},"schema":{"@context":"https:\/\/schema.org","@graph":[{"@type":"Article","@id":"https:\/\/www.zerdab.com\/?p=24912#article","isPartOf":{"@id":"https:\/\/www.zerdab.com\/?p=24912"},"author":{"name":"admin","@id":"https:\/\/www.zerdab.com\/#\/schema\/person\/97079b7570c1e89ec0d9e138c3672136"},"headline":"Z\u0259rdabda at arabas\u0131nda yatd\u0131\u011f\u0131 deyil\u0259n ail\u0259 il\u0259 ba\u011fl\u0131 R\u018fSM\u0130 A\u00c7IQLAMA &#8211; FOTO","datePublished":"2017-08-12T06:24:13+00:00","dateModified":"2017-08-12T08:36:03+00:00","mainEntityOfPage":{"@id":"https:\/\/www.zerdab.com\/?p=24912"},"wordCount":1086,"commentCount":0,"image":{"@id":"https:\/\/www.zerdab.com\/?p=24912#primaryimage"},"thumbnailUrl":"http:\/\/www.zerdab.com\/wp-content\/uploads\/2017\/08\/Zerdab-rayonu1-550x330.jpg","articleSection":["C\u018fM\u0130YY\u018fT"],"inLanguage":"az","potentialAction":[{"@type":"CommentAction","name":"Comment","target":["https:\/\/www.zerdab.com\/?p=24912#respond"]}]},{"@type":"WebPage","@id":"https:\/\/www.zerdab.com\/?p=24912","url":"https:\/\/www.zerdab.com\/?p=24912","name":"Z\u0259rdabda at arabas\u0131nda yatd\u0131\u011f\u0131 deyil\u0259n ail\u0259 il\u0259 ba\u011fl\u0131 R\u018fSM\u0130 A\u00c7IQLAMA - FOTO - Z\u0259rdab.com","isPartOf":{"@id":"https:\/\/www.zerdab.com\/#website"},"primaryImageOfPage":{"@id":"https:\/\/www.zerdab.com\/?p=24912#primaryimage"},"image":{"@id":"https:\/\/www.zerdab.com\/?p=24912#primaryimage"},"thumbnailUrl":"http:\/\/www.zerdab.com\/wp-content\/uploads\/2017\/08\/Zerdab-rayonu1-550x330.jpg","datePublished":"2017-08-12T06:24:13+00:00","dateModified":"2017-08-12T08:36:03+00:00","author":{"@id":"https:\/\/www.zerdab.com\/#\/schema\/person\/97079b7570c1e89ec0d9e138c3672136"},"breadcrumb":{"@id":"https:\/\/www.zerdab.com\/?p=24912#breadcrumb"},"inLanguage":"az","potentialAction":[{"@type":"ReadAction","target":["https:\/\/www.zerdab.com\/?p=24912"]}]},{"@type":"ImageObject","inLanguage":"az","@id":"https:\/\/www.zerdab.com\/?p=24912#primaryimage","url":"","contentUrl":""},{"@type":"BreadcrumbList","@id":"https:\/\/www.zerdab.com\/?p=24912#breadcrumb","itemListElement":[{"@type":"ListItem","position":1,"name":"Home","item":"https:\/\/www.zerdab.com\/"},{"@type":"ListItem","position":2,"name":"Z\u0259rdabda at arabas\u0131nda yatd\u0131\u011f\u0131 deyil\u0259n ail\u0259 il\u0259 ba\u011fl\u0131 R\u018fSM\u0130 A\u00c7IQLAMA &#8211; FOTO"}]},{"@type":"WebSite","@id":"https:\/\/www.zerdab.com\/#website","url":"https:\/\/www.zerdab.com\/","name":"Z\u0259rdab.com","description":"","potentialAction":[{"@type":"SearchAction","target":{"@type":"EntryPoint","urlTemplate":"https:\/\/www.zerdab.com\/?s={search_term_string}"},"query-input":{"@type":"PropertyValueSpecification","valueRequired":true,"valueName":"search_term_string"}}],"inLanguage":"az"},{"@type":"Person","@id":"https:\/\/www.zerdab.com\/#\/schema\/person\/97079b7570c1e89ec0d9e138c3672136","name":"admin","image":{"@type":"ImageObject","inLanguage":"az","@id":"https:\/\/www.zerdab.com\/#\/schema\/person\/image\/","url":"https:\/\/secure.gravatar.com\/avatar\/d9c52a9a27c32119cb6679a077fa3e2779e5f822c451cbf01098004361d466ec?s=96&d=mm&r=g","contentUrl":"https:\/\/secure.gravatar.com\/avatar\/d9c52a9a27c32119cb6679a077fa3e2779e5f822c451cbf01098004361d466ec?s=96&d=mm&r=g","caption":"admin"},"url":"https:\/\/www.zerdab.com\/?author=1"}]}},"_links":{"self":[{"href":"https:\/\/www.zerdab.com\/index.php?rest_route=\/wp\/v2\/posts\/24912","targetHints":{"allow":["GET"]}}],"collection":[{"href":"https:\/\/www.zerdab.com\/index.php?rest_route=\/wp\/v2\/posts"}],"about":[{"href":"https:\/\/www.zerdab.com\/index.php?rest_route=\/wp\/v2\/types\/post"}],"author":[{"embeddable":true,"href":"https:\/\/www.zerdab.com\/index.php?rest_route=\/wp\/v2\/users\/1"}],"replies":[{"embeddable":true,"href":"https:\/\/www.zerdab.com\/index.php?rest_route=%2Fwp%2Fv2%2Fcomments&post=24912"}],"version-history":[{"count":4,"href":"https:\/\/www.zerdab.com\/index.php?rest_route=\/wp\/v2\/posts\/24912\/revisions"}],"predecessor-version":[{"id":24928,"href":"https:\/\/www.zerdab.com\/index.php?rest_route=\/wp\/v2\/posts\/24912\/revisions\/24928"}],"wp:attachment":[{"href":"https:\/\/www.zerdab.com\/index.php?rest_route=%2Fwp%2Fv2%2Fmedia&parent=24912"}],"wp:term":[{"taxonomy":"category","embeddable":true,"href":"https:\/\/www.zerdab.com\/index.php?rest_route=%2Fwp%2Fv2%2Fcategories&post=24912"},{"taxonomy":"post_tag","embeddable":true,"href":"https:\/\/www.zerdab.com\/index.php?rest_route=%2Fwp%2Fv2%2Ftags&post=24912"}],"curies":[{"name":"wp","href":"https:\/\/api.w.org\/{rel}","templated":true}]}}