{"id":24919,"date":"2017-08-10T14:32:59","date_gmt":"2017-08-10T10:32:59","guid":{"rendered":"http:\/\/www.zerdab.com\/?p=24919"},"modified":"2017-08-10T14:35:13","modified_gmt":"2017-08-10T10:35:13","slug":"z%c9%99rdabda-ip%c9%99k-kombinati-yaradila-bil%c9%99r-baramacilardan-t%c9%99klif","status":"publish","type":"post","link":"https:\/\/www.zerdab.com\/?p=24919","title":{"rendered":"Z\u0259rdabda ip\u0259k kombinat\u0131 yarad\u0131la bil\u0259r &#8211; Barama\u00e7\u0131lardan t\u0259klif"},"content":{"rendered":"<p>Barama, t\u00fct\u00fcn v\u0259 f\u0131nd\u0131q\u00e7\u0131l\u0131\u011f\u0131n inki\u015faf\u0131 m\u0259s\u0259l\u0259l\u0259rin\u0259 dair respublika m\u00fc\u015favir\u0259sind\u0259 Prezident \u0130lham \u018fliyevin nitqind\u0259 qar\u015f\u0131ya qoyulan v\u0259zif\u0259l\u0259rl\u0259 ba\u011fl\u0131 avqustun 8-d\u0259 Z\u0259rdab Rayon \u0130cra Hakimiyy\u0259tind\u0259 m\u00fc\u015favir\u0259 ke\u00e7irilib.<\/p>\n<p>Rayon icra hakimiyy\u0259tinin ba\u015f\u00e7\u0131s\u0131 L\u00fctv\u0259li Babayev \u00e7\u0131x\u0131\u015f\u0131nda diqq\u0259ti Prezident \u0130lham \u018fliyevin nitqind\u0259 ir\u0259li s\u00fcr\u00fcl\u0259n konkret v\u0259zif\u0259l\u0259r\u0259 c\u0259lb ed\u0259r\u0259k, 2017-ci ild\u0259 rayonda barama\u00e7\u0131l\u0131q sah\u0259sind\u0259 g\u00f6r\u00fcl\u0259n i\u015fl\u0259r v\u0259 qar\u015f\u0131da duran perspektivl\u0259r bar\u0259d\u0259 m\u0259lumat verib. Bildirib ki, son ill\u0259rd\u0259 respublikam\u0131zda barama\u00e7\u0131l\u0131\u011f\u0131n inki\u015faf\u0131na dair d\u00f6vl\u0259t ba\u015f\u00e7\u0131s\u0131 t\u0259r\u0259find\u0259n veril\u0259n tap\u015f\u0131r\u0131qlar, q\u0259bul olunan q\u0259rarlar Z\u0259rdab rayonunda barama\u00e7\u0131l\u0131\u011f\u0131n dir\u00e7\u0259lm\u0259sin\u0259 b\u00f6y\u00fck t\u0259kan verib. Z\u0259rdabl\u0131 barama\u00e7\u0131lar uzun fasil\u0259d\u0259n sonra 2016-c\u0131 ild\u0259 bu i\u015fl\u0259 m\u0259\u015f\u011ful olma\u011fa ba\u015flay\u0131b v\u0259 5710 kiloqram barama t\u0259dar\u00fck edibl\u0259r.<\/p>\n<p>\u0130cra hakimiyy\u0259tinin ba\u015f\u00e7\u0131s\u0131 qeyd edib ki, 2016-c\u0131 ild\u0259 Z\u0259rdabda s\u0259f\u0259rd\u0259 olark\u0259n d\u00f6vl\u0259timizin ba\u015f\u00e7\u0131s\u0131n\u0131n rayonda barama t\u0259dar\u00fck\u00fcn\u00fcn \u0259n az\u0131 3 d\u0259f\u0259 art\u0131r\u0131lmas\u0131 il\u0259 ba\u011fl\u0131 tap\u015f\u0131r\u0131\u011f\u0131 z\u0259rdabl\u0131lar\u0131n m\u0259suliyy\u0259tini qat-qat art\u0131r\u0131b v\u0259 cari ild\u0259 barama\u00e7\u0131lar daha yax\u015f\u0131 n\u0259tic\u0259 g\u00f6st\u0259r\u0259r\u0259k 24 ton proqnoz tap\u015f\u0131r\u0131\u011fa qar\u015f\u0131 27 tondan \u00e7ox barama t\u0259dar\u00fck edibl\u0259r. Bu n\u0259tic\u0259 2016-c\u0131 il\u0259 nisb\u0259t\u0259n t\u0259qrib\u0259n 5 d\u0259f\u0259 \u00e7ox olmaqla, respublikada \u0259ld\u0259 olunan \u0259n y\u00fcks\u0259k g\u00f6st\u0259ricidir. 700 n\u0259f\u0259r\u0259 yax\u0131n rayon sakini m\u00f6vs\u00fcmi i\u015fl\u0259 t\u0259min olunub, barama\u00e7\u0131lar\u0131n ail\u0259 b\u00fcdc\u0259sin\u0259 240 min manatdan \u00e7ox v\u0259sait daxil olub. Prezidentin \u201cAz\u0259rbaycan Respublikas\u0131nda ip\u0259k\u00e7iliyin inki\u015faf\u0131na d\u00f6vl\u0259t d\u0259st\u0259yi haqq\u0131nda\u201d S\u0259r\u0259ncam\u0131 il\u0259 ya\u015f baraman\u0131n h\u0259r kiloqram\u0131na g\u00f6r\u0259 barama\u00e7\u0131lara subsidiyan\u0131n verilm\u0259si, xarici \u00f6lk\u0259l\u0259rd\u0259n g\u0259tiril\u0259n tut tingl\u0259rinin yerl\u0259rd\u0259 \u0259kilm\u0259si barama\u00e7\u0131l\u0131\u011f\u0131n inki\u015faf\u0131 \u00fc\u00e7\u00fcn \u00e7ox b\u00f6y\u00fck stimul yarad\u0131b. T\u0259kc\u0259 2016-c\u0131 ild\u0259 Z\u0259rdab rayonu \u0259razisind\u0259 260 mind\u0259n \u00e7ox tut tingi \u0259kilib ki, bu da yax\u0131n ill\u0259rd\u0259 daha y\u00fcks\u0259k s\u0259viyy\u0259d\u0259 barama istehsal\u0131 \u00fc\u00e7\u00fcn yeni imkanlar yaradacaq. Haz\u0131rda rayonun k\u00fcm\u00e7\u00fcl\u0259ri 2018-ci ild\u0259 daha y\u00fcks\u0259k n\u0259tic\u0259l\u0259r\u0259 nail olmaq m\u0259qs\u0259dil\u0259 yem bazas\u0131n\u0131n m\u00f6hk\u0259ml\u0259ndirilm\u0259si, ip\u0259kqurdu b\u0259sl\u0259nm\u0259sin\u0259 laz\u0131mi \u015f\u0259raitin yarad\u0131lmas\u0131, tut ba\u011flar\u0131na xidm\u0259tin yax\u015f\u0131la\u015fd\u0131r\u0131lmas\u0131 \u00fc\u00e7\u00fcn \u0259lav\u0259 t\u0259dbirl\u0259r g\u00f6r\u00fcrl\u0259r. 2018-ci ild\u0259 rayonun barama\u00e7\u0131lar\u0131 50 tona yax\u0131n ya\u015f barama t\u0259dar\u00fck etm\u0259k \u0259zmind\u0259dirl\u0259r.<\/p>\n<p>M\u00fc\u015favir\u0259d\u0259 \u00e7\u0131x\u0131\u015f ed\u0259nl\u0259r \u00f6lk\u0259mizd\u0259 k\u0259nd t\u0259s\u0259rr\u00fcfat\u0131n\u0131n, x\u00fcsus\u0259n pamb\u0131q\u00e7\u0131l\u0131\u011f\u0131n, tax\u0131l\u00e7\u0131l\u0131\u011f\u0131n, barama\u00e7\u0131l\u0131\u011f\u0131n, t\u00fct\u00fcn\u00e7\u00fcl\u00fcy\u00fcn v\u0259 f\u0131nd\u0131q\u00e7\u0131l\u0131\u011f\u0131n inki\u015faf\u0131na g\u00f6st\u0259ril\u0259n diqq\u0259t v\u0259 qay\u011f\u0131ya g\u00f6r\u0259 Prezident \u0130lham \u018fliyev\u0259 minn\u0259tdarl\u0131qlar\u0131n\u0131 bildiribl\u0259r. Barama\u00e7\u0131lar \u00e7\u0131x\u0131\u015flar\u0131nda Z\u0259rdab rayonunda ip\u0259k kombinat\u0131n\u0131n yarad\u0131lmas\u0131, qurd diriltm\u0259 m\u0259nt\u0259q\u0259l\u0259rinin a\u00e7\u0131lmas\u0131n\u0131 v\u0259 yerli tut tingl\u0259rinin \u0259kilm\u0259si \u00fc\u00e7\u00fcn baza yarad\u0131lmas\u0131 t\u0259klifl\u0259rini veribl\u0259r.<\/p>\n<p>Sonda 2017-ci ild\u0259 rayon \u00fczr\u0259 \u0259n yax\u015f\u0131 n\u0259tic\u0259 g\u00f6st\u0259r\u0259n k\u00fcm\u00e7\u00fcl\u0259r\u0259 rayon icra hakimiyy\u0259tinin qiym\u0259tli h\u0259diyy\u0259l\u0259ri t\u0259qdim olunub.<\/p>\n<p><a href=\"http:\/\/www.zerdab.com\/z%c9%99rdabda-ip%c9%99k-kombinati-yaradila-bil%c9%99r-baramacilardan-t%c9%99klif\/zerdab-rayonu-barama2\/\" rel=\"attachment wp-att-24924\"><img loading=\"lazy\" decoding=\"async\" class=\"aligncenter size-large wp-image-24924\" src=\"http:\/\/www.zerdab.com\/wp-content\/uploads\/2017\/08\/Zerdab-rayonu-barama2-550x367.jpg\" alt=\"Zerdab rayonu barama\" width=\"550\" height=\"367\" \/><\/a><\/p>\n<figure id=\"attachment_24922\" aria-describedby=\"caption-attachment-24922\" style=\"width: 550px\" class=\"wp-caption aligncenter\"><a href=\"http:\/\/www.zerdab.com\/z%c9%99rdabda-ip%c9%99k-kombinati-yaradila-bil%c9%99r-baramacilardan-t%c9%99klif\/zerdab-rayonu-barama\/\" rel=\"attachment wp-att-24922\"><img loading=\"lazy\" decoding=\"async\" class=\"size-large wp-image-24922\" src=\"http:\/\/www.zerdab.com\/wp-content\/uploads\/2017\/08\/Zerdab-rayonu-barama-550x367.jpg\" alt=\"Zerdab rayonu barama\" width=\"550\" height=\"367\" \/><\/a><figcaption id=\"caption-attachment-24922\" class=\"wp-caption-text\"><a href=\"http:\/\/www.zerdab.com\/z%c9%99rdabda-ip%c9%99k-kombinati-yaradila-bil%c9%99r-baramacilardan-t%c9%99klif\/zerdab-rayonu-barama1\/\" rel=\"attachment wp-att-24923\"><img loading=\"lazy\" decoding=\"async\" class=\"aligncenter size-large wp-image-24923\" src=\"http:\/\/www.zerdab.com\/wp-content\/uploads\/2017\/08\/Zerdab-rayonu-barama1-550x367.jpg\" alt=\"\" width=\"550\" height=\"367\" \/><\/a><\/figcaption><\/figure>\n","protected":false},"excerpt":{"rendered":"<p>Barama, t\u00fct\u00fcn v\u0259 f\u0131nd\u0131q\u00e7\u0131l\u0131\u011f\u0131n inki\u015faf\u0131 m\u0259s\u0259l\u0259l\u0259rin\u0259 dair respublika m\u00fc\u015favir\u0259sind\u0259 Prezident \u0130lham \u018fliyevin nitqind\u0259 qar\u015f\u0131ya qoyulan v\u0259zif\u0259l\u0259rl\u0259 ba\u011fl\u0131 avqustun 8-d\u0259 Z\u0259rdab Rayon \u0130cra Hakimiyy\u0259tind\u0259 m\u00fc\u015favir\u0259 ke\u00e7irilib. Rayon icra hakimiyy\u0259tinin ba\u015f\u00e7\u0131s\u0131 L\u00fctv\u0259li Babayev \u00e7\u0131x\u0131\u015f\u0131nda diqq\u0259ti Prezident \u0130lham \u018fliyevin nitqind\u0259 ir\u0259li s\u00fcr\u00fcl\u0259n konkret v\u0259zif\u0259l\u0259r\u0259 c\u0259lb ed\u0259r\u0259k, 2017-ci ild\u0259 rayonda barama\u00e7\u0131l\u0131q sah\u0259sind\u0259 g\u00f6r\u00fcl\u0259n i\u015fl\u0259r v\u0259 qar\u015f\u0131da duran perspektivl\u0259r bar\u0259d\u0259 [&hellip;]<\/p>\n","protected":false},"author":1,"featured_media":0,"comment_status":"open","ping_status":"open","sticky":false,"template":"","format":"standard","meta":{"footnotes":""},"categories":[21],"tags":[],"class_list":{"0":"post-24919","1":"post","2":"type-post","3":"status-publish","4":"format-standard","6":"category-zrdab"},"yoast_head":"<!-- This site is optimized with the Yoast SEO plugin v27.0 - https:\/\/yoast.com\/product\/yoast-seo-wordpress\/ -->\n<title>Z\u0259rdabda ip\u0259k kombinat\u0131 yarad\u0131la bil\u0259r - Barama\u00e7\u0131lardan t\u0259klif - Z\u0259rdab.com<\/title>\n<meta name=\"robots\" content=\"index, follow, max-snippet:-1, max-image-preview:large, max-video-preview:-1\" \/>\n<link rel=\"canonical\" href=\"https:\/\/www.zerdab.com\/?p=24919\" \/>\n<meta property=\"og:locale\" content=\"az_AZ\" \/>\n<meta property=\"og:type\" content=\"article\" \/>\n<meta property=\"og:title\" content=\"Z\u0259rdabda ip\u0259k kombinat\u0131 yarad\u0131la bil\u0259r - Barama\u00e7\u0131lardan t\u0259klif - Z\u0259rdab.com\" \/>\n<meta property=\"og:description\" content=\"Barama, t\u00fct\u00fcn v\u0259 f\u0131nd\u0131q\u00e7\u0131l\u0131\u011f\u0131n inki\u015faf\u0131 m\u0259s\u0259l\u0259l\u0259rin\u0259 dair respublika m\u00fc\u015favir\u0259sind\u0259 Prezident \u0130lham \u018fliyevin nitqind\u0259 qar\u015f\u0131ya qoyulan v\u0259zif\u0259l\u0259rl\u0259 ba\u011fl\u0131 avqustun 8-d\u0259 Z\u0259rdab Rayon \u0130cra Hakimiyy\u0259tind\u0259 m\u00fc\u015favir\u0259 ke\u00e7irilib. Rayon icra hakimiyy\u0259tinin ba\u015f\u00e7\u0131s\u0131 L\u00fctv\u0259li Babayev \u00e7\u0131x\u0131\u015f\u0131nda diqq\u0259ti Prezident \u0130lham \u018fliyevin nitqind\u0259 ir\u0259li s\u00fcr\u00fcl\u0259n konkret v\u0259zif\u0259l\u0259r\u0259 c\u0259lb ed\u0259r\u0259k, 2017-ci ild\u0259 rayonda barama\u00e7\u0131l\u0131q sah\u0259sind\u0259 g\u00f6r\u00fcl\u0259n i\u015fl\u0259r v\u0259 qar\u015f\u0131da duran perspektivl\u0259r bar\u0259d\u0259 [&hellip;]\" \/>\n<meta property=\"og:url\" content=\"https:\/\/www.zerdab.com\/?p=24919\" \/>\n<meta property=\"og:site_name\" content=\"Z\u0259rdab.com\" \/>\n<meta property=\"article:published_time\" content=\"2017-08-10T10:32:59+00:00\" \/>\n<meta property=\"article:modified_time\" content=\"2017-08-10T10:35:13+00:00\" \/>\n<meta property=\"og:image\" content=\"http:\/\/www.zerdab.com\/wp-content\/uploads\/2017\/08\/Zerdab-rayonu-barama2-550x367.jpg\" \/>\n<meta name=\"author\" content=\"admin\" \/>\n<meta name=\"twitter:card\" content=\"summary_large_image\" \/>\n<meta name=\"twitter:label1\" content=\"Written by\" \/>\n\t<meta name=\"twitter:data1\" content=\"admin\" \/>\n\t<meta name=\"twitter:label2\" content=\"Est. reading time\" \/>\n\t<meta name=\"twitter:data2\" content=\"3 minutes\" \/>\n<script type=\"application\/ld+json\" class=\"yoast-schema-graph\">{\"@context\":\"https:\/\/schema.org\",\"@graph\":[{\"@type\":\"Article\",\"@id\":\"https:\/\/www.zerdab.com\/?p=24919#article\",\"isPartOf\":{\"@id\":\"https:\/\/www.zerdab.com\/?p=24919\"},\"author\":{\"name\":\"admin\",\"@id\":\"https:\/\/www.zerdab.com\/#\/schema\/person\/97079b7570c1e89ec0d9e138c3672136\"},\"headline\":\"Z\u0259rdabda ip\u0259k kombinat\u0131 yarad\u0131la bil\u0259r &#8211; Barama\u00e7\u0131lardan t\u0259klif\",\"datePublished\":\"2017-08-10T10:32:59+00:00\",\"dateModified\":\"2017-08-10T10:35:13+00:00\",\"mainEntityOfPage\":{\"@id\":\"https:\/\/www.zerdab.com\/?p=24919\"},\"wordCount\":658,\"commentCount\":0,\"image\":{\"@id\":\"https:\/\/www.zerdab.com\/?p=24919#primaryimage\"},\"thumbnailUrl\":\"http:\/\/www.zerdab.com\/wp-content\/uploads\/2017\/08\/Zerdab-rayonu-barama2-550x367.jpg\",\"articleSection\":[\"C\u018fM\u0130YY\u018fT\"],\"inLanguage\":\"az\",\"potentialAction\":[{\"@type\":\"CommentAction\",\"name\":\"Comment\",\"target\":[\"https:\/\/www.zerdab.com\/?p=24919#respond\"]}]},{\"@type\":\"WebPage\",\"@id\":\"https:\/\/www.zerdab.com\/?p=24919\",\"url\":\"https:\/\/www.zerdab.com\/?p=24919\",\"name\":\"Z\u0259rdabda ip\u0259k kombinat\u0131 yarad\u0131la bil\u0259r - Barama\u00e7\u0131lardan t\u0259klif - Z\u0259rdab.com\",\"isPartOf\":{\"@id\":\"https:\/\/www.zerdab.com\/#website\"},\"primaryImageOfPage\":{\"@id\":\"https:\/\/www.zerdab.com\/?p=24919#primaryimage\"},\"image\":{\"@id\":\"https:\/\/www.zerdab.com\/?p=24919#primaryimage\"},\"thumbnailUrl\":\"http:\/\/www.zerdab.com\/wp-content\/uploads\/2017\/08\/Zerdab-rayonu-barama2-550x367.jpg\",\"datePublished\":\"2017-08-10T10:32:59+00:00\",\"dateModified\":\"2017-08-10T10:35:13+00:00\",\"author\":{\"@id\":\"https:\/\/www.zerdab.com\/#\/schema\/person\/97079b7570c1e89ec0d9e138c3672136\"},\"breadcrumb\":{\"@id\":\"https:\/\/www.zerdab.com\/?p=24919#breadcrumb\"},\"inLanguage\":\"az\",\"potentialAction\":[{\"@type\":\"ReadAction\",\"target\":[\"https:\/\/www.zerdab.com\/?p=24919\"]}]},{\"@type\":\"ImageObject\",\"inLanguage\":\"az\",\"@id\":\"https:\/\/www.zerdab.com\/?p=24919#primaryimage\",\"url\":\"\",\"contentUrl\":\"\"},{\"@type\":\"BreadcrumbList\",\"@id\":\"https:\/\/www.zerdab.com\/?p=24919#breadcrumb\",\"itemListElement\":[{\"@type\":\"ListItem\",\"position\":1,\"name\":\"Home\",\"item\":\"https:\/\/www.zerdab.com\/\"},{\"@type\":\"ListItem\",\"position\":2,\"name\":\"Z\u0259rdabda ip\u0259k kombinat\u0131 yarad\u0131la bil\u0259r &#8211; Barama\u00e7\u0131lardan t\u0259klif\"}]},{\"@type\":\"WebSite\",\"@id\":\"https:\/\/www.zerdab.com\/#website\",\"url\":\"https:\/\/www.zerdab.com\/\",\"name\":\"Z\u0259rdab.com\",\"description\":\"\",\"potentialAction\":[{\"@type\":\"SearchAction\",\"target\":{\"@type\":\"EntryPoint\",\"urlTemplate\":\"https:\/\/www.zerdab.com\/?s={search_term_string}\"},\"query-input\":{\"@type\":\"PropertyValueSpecification\",\"valueRequired\":true,\"valueName\":\"search_term_string\"}}],\"inLanguage\":\"az\"},{\"@type\":\"Person\",\"@id\":\"https:\/\/www.zerdab.com\/#\/schema\/person\/97079b7570c1e89ec0d9e138c3672136\",\"name\":\"admin\",\"image\":{\"@type\":\"ImageObject\",\"inLanguage\":\"az\",\"@id\":\"https:\/\/www.zerdab.com\/#\/schema\/person\/image\/\",\"url\":\"https:\/\/secure.gravatar.com\/avatar\/d9c52a9a27c32119cb6679a077fa3e2779e5f822c451cbf01098004361d466ec?s=96&d=mm&r=g\",\"contentUrl\":\"https:\/\/secure.gravatar.com\/avatar\/d9c52a9a27c32119cb6679a077fa3e2779e5f822c451cbf01098004361d466ec?s=96&d=mm&r=g\",\"caption\":\"admin\"},\"url\":\"https:\/\/www.zerdab.com\/?author=1\"}]}<\/script>\n<!-- \/ Yoast SEO plugin. -->","yoast_head_json":{"title":"Z\u0259rdabda ip\u0259k kombinat\u0131 yarad\u0131la bil\u0259r - Barama\u00e7\u0131lardan t\u0259klif - Z\u0259rdab.com","robots":{"index":"index","follow":"follow","max-snippet":"max-snippet:-1","max-image-preview":"max-image-preview:large","max-video-preview":"max-video-preview:-1"},"canonical":"https:\/\/www.zerdab.com\/?p=24919","og_locale":"az_AZ","og_type":"article","og_title":"Z\u0259rdabda ip\u0259k kombinat\u0131 yarad\u0131la bil\u0259r - Barama\u00e7\u0131lardan t\u0259klif - Z\u0259rdab.com","og_description":"Barama, t\u00fct\u00fcn v\u0259 f\u0131nd\u0131q\u00e7\u0131l\u0131\u011f\u0131n inki\u015faf\u0131 m\u0259s\u0259l\u0259l\u0259rin\u0259 dair respublika m\u00fc\u015favir\u0259sind\u0259 Prezident \u0130lham \u018fliyevin nitqind\u0259 qar\u015f\u0131ya qoyulan v\u0259zif\u0259l\u0259rl\u0259 ba\u011fl\u0131 avqustun 8-d\u0259 Z\u0259rdab Rayon \u0130cra Hakimiyy\u0259tind\u0259 m\u00fc\u015favir\u0259 ke\u00e7irilib. Rayon icra hakimiyy\u0259tinin ba\u015f\u00e7\u0131s\u0131 L\u00fctv\u0259li Babayev \u00e7\u0131x\u0131\u015f\u0131nda diqq\u0259ti Prezident \u0130lham \u018fliyevin nitqind\u0259 ir\u0259li s\u00fcr\u00fcl\u0259n konkret v\u0259zif\u0259l\u0259r\u0259 c\u0259lb ed\u0259r\u0259k, 2017-ci ild\u0259 rayonda barama\u00e7\u0131l\u0131q sah\u0259sind\u0259 g\u00f6r\u00fcl\u0259n i\u015fl\u0259r v\u0259 qar\u015f\u0131da duran perspektivl\u0259r bar\u0259d\u0259 [&hellip;]","og_url":"https:\/\/www.zerdab.com\/?p=24919","og_site_name":"Z\u0259rdab.com","article_published_time":"2017-08-10T10:32:59+00:00","article_modified_time":"2017-08-10T10:35:13+00:00","og_image":[{"url":"http:\/\/www.zerdab.com\/wp-content\/uploads\/2017\/08\/Zerdab-rayonu-barama2-550x367.jpg","type":"","width":"","height":""}],"author":"admin","twitter_card":"summary_large_image","twitter_misc":{"Written by":"admin","Est. reading time":"3 minutes"},"schema":{"@context":"https:\/\/schema.org","@graph":[{"@type":"Article","@id":"https:\/\/www.zerdab.com\/?p=24919#article","isPartOf":{"@id":"https:\/\/www.zerdab.com\/?p=24919"},"author":{"name":"admin","@id":"https:\/\/www.zerdab.com\/#\/schema\/person\/97079b7570c1e89ec0d9e138c3672136"},"headline":"Z\u0259rdabda ip\u0259k kombinat\u0131 yarad\u0131la bil\u0259r &#8211; Barama\u00e7\u0131lardan t\u0259klif","datePublished":"2017-08-10T10:32:59+00:00","dateModified":"2017-08-10T10:35:13+00:00","mainEntityOfPage":{"@id":"https:\/\/www.zerdab.com\/?p=24919"},"wordCount":658,"commentCount":0,"image":{"@id":"https:\/\/www.zerdab.com\/?p=24919#primaryimage"},"thumbnailUrl":"http:\/\/www.zerdab.com\/wp-content\/uploads\/2017\/08\/Zerdab-rayonu-barama2-550x367.jpg","articleSection":["C\u018fM\u0130YY\u018fT"],"inLanguage":"az","potentialAction":[{"@type":"CommentAction","name":"Comment","target":["https:\/\/www.zerdab.com\/?p=24919#respond"]}]},{"@type":"WebPage","@id":"https:\/\/www.zerdab.com\/?p=24919","url":"https:\/\/www.zerdab.com\/?p=24919","name":"Z\u0259rdabda ip\u0259k kombinat\u0131 yarad\u0131la bil\u0259r - Barama\u00e7\u0131lardan t\u0259klif - Z\u0259rdab.com","isPartOf":{"@id":"https:\/\/www.zerdab.com\/#website"},"primaryImageOfPage":{"@id":"https:\/\/www.zerdab.com\/?p=24919#primaryimage"},"image":{"@id":"https:\/\/www.zerdab.com\/?p=24919#primaryimage"},"thumbnailUrl":"http:\/\/www.zerdab.com\/wp-content\/uploads\/2017\/08\/Zerdab-rayonu-barama2-550x367.jpg","datePublished":"2017-08-10T10:32:59+00:00","dateModified":"2017-08-10T10:35:13+00:00","author":{"@id":"https:\/\/www.zerdab.com\/#\/schema\/person\/97079b7570c1e89ec0d9e138c3672136"},"breadcrumb":{"@id":"https:\/\/www.zerdab.com\/?p=24919#breadcrumb"},"inLanguage":"az","potentialAction":[{"@type":"ReadAction","target":["https:\/\/www.zerdab.com\/?p=24919"]}]},{"@type":"ImageObject","inLanguage":"az","@id":"https:\/\/www.zerdab.com\/?p=24919#primaryimage","url":"","contentUrl":""},{"@type":"BreadcrumbList","@id":"https:\/\/www.zerdab.com\/?p=24919#breadcrumb","itemListElement":[{"@type":"ListItem","position":1,"name":"Home","item":"https:\/\/www.zerdab.com\/"},{"@type":"ListItem","position":2,"name":"Z\u0259rdabda ip\u0259k kombinat\u0131 yarad\u0131la bil\u0259r &#8211; Barama\u00e7\u0131lardan t\u0259klif"}]},{"@type":"WebSite","@id":"https:\/\/www.zerdab.com\/#website","url":"https:\/\/www.zerdab.com\/","name":"Z\u0259rdab.com","description":"","potentialAction":[{"@type":"SearchAction","target":{"@type":"EntryPoint","urlTemplate":"https:\/\/www.zerdab.com\/?s={search_term_string}"},"query-input":{"@type":"PropertyValueSpecification","valueRequired":true,"valueName":"search_term_string"}}],"inLanguage":"az"},{"@type":"Person","@id":"https:\/\/www.zerdab.com\/#\/schema\/person\/97079b7570c1e89ec0d9e138c3672136","name":"admin","image":{"@type":"ImageObject","inLanguage":"az","@id":"https:\/\/www.zerdab.com\/#\/schema\/person\/image\/","url":"https:\/\/secure.gravatar.com\/avatar\/d9c52a9a27c32119cb6679a077fa3e2779e5f822c451cbf01098004361d466ec?s=96&d=mm&r=g","contentUrl":"https:\/\/secure.gravatar.com\/avatar\/d9c52a9a27c32119cb6679a077fa3e2779e5f822c451cbf01098004361d466ec?s=96&d=mm&r=g","caption":"admin"},"url":"https:\/\/www.zerdab.com\/?author=1"}]}},"_links":{"self":[{"href":"https:\/\/www.zerdab.com\/index.php?rest_route=\/wp\/v2\/posts\/24919","targetHints":{"allow":["GET"]}}],"collection":[{"href":"https:\/\/www.zerdab.com\/index.php?rest_route=\/wp\/v2\/posts"}],"about":[{"href":"https:\/\/www.zerdab.com\/index.php?rest_route=\/wp\/v2\/types\/post"}],"author":[{"embeddable":true,"href":"https:\/\/www.zerdab.com\/index.php?rest_route=\/wp\/v2\/users\/1"}],"replies":[{"embeddable":true,"href":"https:\/\/www.zerdab.com\/index.php?rest_route=%2Fwp%2Fv2%2Fcomments&post=24919"}],"version-history":[{"count":3,"href":"https:\/\/www.zerdab.com\/index.php?rest_route=\/wp\/v2\/posts\/24919\/revisions"}],"predecessor-version":[{"id":24926,"href":"https:\/\/www.zerdab.com\/index.php?rest_route=\/wp\/v2\/posts\/24919\/revisions\/24926"}],"wp:attachment":[{"href":"https:\/\/www.zerdab.com\/index.php?rest_route=%2Fwp%2Fv2%2Fmedia&parent=24919"}],"wp:term":[{"taxonomy":"category","embeddable":true,"href":"https:\/\/www.zerdab.com\/index.php?rest_route=%2Fwp%2Fv2%2Fcategories&post=24919"},{"taxonomy":"post_tag","embeddable":true,"href":"https:\/\/www.zerdab.com\/index.php?rest_route=%2Fwp%2Fv2%2Ftags&post=24919"}],"curies":[{"name":"wp","href":"https:\/\/api.w.org\/{rel}","templated":true}]}}