{"id":24933,"date":"2017-08-23T11:49:44","date_gmt":"2017-08-23T07:49:44","guid":{"rendered":"http:\/\/www.zerdab.com\/?p=24933"},"modified":"2017-08-23T11:49:44","modified_gmt":"2017-08-23T07:49:44","slug":"z%c9%99rdabda-ictimai-n%c9%99zar%c9%99tl%c9%99-bagli-layih%c9%99nin-t%c9%99qdimati-olub-fotolar","status":"publish","type":"post","link":"https:\/\/www.zerdab.com\/?p=24933","title":{"rendered":"Z\u0259rdabda ictimai n\u0259zar\u0259tl\u0259 ba\u011fl\u0131 layih\u0259nin t\u0259qdimat\u0131 olub &#8211; FOTOLAR"},"content":{"rendered":"<p>&nbsp;<\/p>\n<p>&#8220;G\u0259ncliy\u0259 d\u0259st\u0259k&#8221; \u0130ctimai Birliyi Az\u0259rbaycan Respublikas\u0131n\u0131n Prezidenti yan\u0131nda Qeyri-H\u00f6kum\u0259t T\u0259\u015fkilatlar\u0131na D\u00f6vl\u0259t D\u0259st\u0259yi \u015euras\u0131n\u0131n d\u0259st\u0259yi il\u0259 25.07.2017-ci il tarixd\u0259n &#8220;\u0130ctimai n\u0259zar\u0259tin t\u0259\u015fviqind\u0259 g\u0259ncl\u0259rin rolunun art\u0131r\u0131lmas\u0131 m\u0259qs\u0259di il\u0259 t\u0259dbirl\u0259rin t\u0259\u015fkili&#8221; layih\u0259sinin icras\u0131na ba\u015flay\u0131b. Birlikd\u0259n <span style=\"color: #ff0000;\"><strong>Zerdab.com<\/strong><\/span> sayt\u0131na veril\u0259n m\u0259lumata g\u00f6r\u0259, Z\u0259rdab Rayon M\u0259d\u0259niyy\u0259t Evinin foyesind\u0259 layih\u0259nin t\u0259qdimat\u0131 ke\u00e7irilib. \u00d6nc\u0259 layih\u0259nin r\u0259hb\u0259ri, &#8220;G\u0259ncliy\u0259 D\u0259st\u0259k&#8221; \u0130ctimai Birliyinin s\u0259dri Eldar X\u0259lilov \u00e7\u0131x\u0131\u015f ed\u0259r\u0259k layih\u0259 bar\u0259d\u0259 t\u0259dbir i\u015ftirak\u00e7\u0131lar\u0131na m\u0259lumat verib. Sonra layih\u0259nin t\u0259lim\u00e7isi, Z\u0259rdab rayon \u00c7all\u0131 k\u0259nd tam orta m\u0259kt\u0259binin tarix m\u00fc\u0259llimi Bab\u0259k Mikay\u0131lov layih\u0259nin t\u0259lim materiallar\u0131 bar\u0259d\u0259 i\u015ftirak\u00e7\u0131lara m\u0259lumat verib. Z\u0259rdab Rayon G\u0259ncl\u0259r v\u0259 \u0130dman \u0130dar\u0259sinin ba\u015f m\u0259sl\u0259h\u0259t\u00e7isi \u018fl\u0259kb\u0259r K\u0259rimov \u00e7\u0131x\u0131\u015f\u0131nda t\u0259dbirin \u0259h\u0259miyy\u0259tind\u0259n v\u0259 t\u0259\u015fkilat\u0131n g\u00f6rd\u00fcy\u00fc i\u015fl\u0259rd\u0259n dan\u0131\u015f\u0131b. T\u0259dbir i\u015ftirak\u00e7\u0131lar\u0131ndan Z\u0259rdab \u015f\u0259h\u0259r Heyd\u0259r \u018fliyev M\u0259rk\u0259zinin direktoru K\u00f6n\u00fcl R\u0259himova v\u0259 &#8220;\u018fkin\u00e7i&#8221; q\u0259zetinin m\u00fcxbiri T\u0259rlan Abdullayeva da \u00e7\u0131x\u0131\u015f edibl\u0259r. T\u0259rlan Abdullayeva \u00e7\u0131x\u0131\u015f\u0131nda layih\u0259 r\u0259hb\u0259rin\u0259 v\u0259 t\u0259\u015fkilat\u00e7\u0131lar\u0131na xitab\u0259n &#8211; &#8220;H\u0259s\u0259n b\u0259y Z\u0259rdabi d\u0259 g\u0259ncl\u0259rl\u0259 t\u0259bli\u011fat i\u015fl\u0259ri aparard\u0131. Sizl\u0259r onun varisl\u0259risiniz&#8221;, dey\u0259 bildirib. H\u0259m\u00e7inin, t\u0259dbird\u0259 i\u015ftirak ed\u0259n f\u0259al g\u0259ncl\u0259rd\u0259n D\u0259kk\u0259oba k\u0259nd tam orta m\u0259kt\u0259binin direktor \u0259v\u0259zi, Az\u0259rbaycan dili v\u0259 \u0259d\u0259biyyat m\u00fc\u0259llimi, &#8220;H\u0259d\u0259f&#8221; kursu Z\u0259rdab t\u0259msil\u00e7iliyind\u0259 m\u00fc\u0259llim S\u0259lim Zeynalov v\u0259 aktiv g\u0259nc V\u0259fa X\u0259lilli layih\u0259nin u\u011furlu olaca\u011f\u0131n\u0131 bildir\u0259r\u0259k, bel\u0259 t\u0259dbirl\u0259ri t\u0259\u015fkil etdikl\u0259ri \u00fc\u00e7\u00fcn layih\u0259 r\u0259hb\u0259rin\u0259 \u00f6z t\u0259\u015f\u0259kk\u00fcrl\u0259rini bildiribl\u0259r.<\/p>\n<p>T\u0259dbir i\u015ftirak\u00e7\u0131lar\u0131na bukletl\u0259r, t\u0259lim materiallar\u0131 paylan\u0131l\u0131b v\u0259 sonda i\u015ftirak\u00e7\u0131lar \u00e7ay, kofe s\u00fcfr\u0259sin\u0259 d\u0259v\u0259t olunublar.<\/p>\n<p>Qeyd ed\u0259k ki, layih\u0259nin m\u0259qs\u0259di ictimai n\u0259zar\u0259tin t\u0259\u015fviqind\u0259 g\u0259ncl\u0259rin rolunun art\u0131r\u0131lmas\u0131ndan v\u0259 d\u00f6vl\u0259t v\u0259 h\u00f6kum\u0259t q\u0259rarlar\u0131n\u0131n q\u0259bul olunmas\u0131nda g\u0259ncl\u0259rin i\u015ftiraklar\u0131n\u0131n t\u0259min olunmas\u0131 istiqam\u0259tind\u0259 maarifl\u0259ndirici i\u015fl\u0259rin apar\u0131lmas\u0131ndan ibar\u0259tdir.<\/p>\n<p><a href=\"http:\/\/www.zerdab.com\/z%c9%99rdabda-ictimai-n%c9%99zar%c9%99tl%c9%99-bagli-layih%c9%99nin-t%c9%99qdimati-olub-fotolar\/zerdab-gencler2\/\" rel=\"attachment wp-att-24936\"><img loading=\"lazy\" decoding=\"async\" class=\"aligncenter size-large wp-image-24936\" src=\"http:\/\/www.zerdab.com\/wp-content\/uploads\/2017\/08\/Zerdab-gencler2-550x413.jpg\" alt=\"Zerdab-gencler\" width=\"550\" height=\"413\" \/><\/a><\/p>\n<p><a href=\"http:\/\/www.zerdab.com\/z%c9%99rdabda-ictimai-n%c9%99zar%c9%99tl%c9%99-bagli-layih%c9%99nin-t%c9%99qdimati-olub-fotolar\/zerdab-gencler1\/\" rel=\"attachment wp-att-24935\"><img loading=\"lazy\" decoding=\"async\" class=\"aligncenter size-large wp-image-24935\" src=\"http:\/\/www.zerdab.com\/wp-content\/uploads\/2017\/08\/Zerdab-gencler1-550x413.jpg\" alt=\"\" width=\"550\" height=\"413\" \/><\/a><\/p>\n","protected":false},"excerpt":{"rendered":"<p>&nbsp; &#8220;G\u0259ncliy\u0259 d\u0259st\u0259k&#8221; \u0130ctimai Birliyi Az\u0259rbaycan Respublikas\u0131n\u0131n Prezidenti yan\u0131nda Qeyri-H\u00f6kum\u0259t T\u0259\u015fkilatlar\u0131na D\u00f6vl\u0259t D\u0259st\u0259yi \u015euras\u0131n\u0131n d\u0259st\u0259yi il\u0259 25.07.2017-ci il tarixd\u0259n &#8220;\u0130ctimai n\u0259zar\u0259tin t\u0259\u015fviqind\u0259 g\u0259ncl\u0259rin rolunun art\u0131r\u0131lmas\u0131 m\u0259qs\u0259di il\u0259 t\u0259dbirl\u0259rin t\u0259\u015fkili&#8221; layih\u0259sinin icras\u0131na ba\u015flay\u0131b. Birlikd\u0259n Zerdab.com sayt\u0131na veril\u0259n m\u0259lumata g\u00f6r\u0259, Z\u0259rdab Rayon M\u0259d\u0259niyy\u0259t Evinin foyesind\u0259 layih\u0259nin t\u0259qdimat\u0131 ke\u00e7irilib. \u00d6nc\u0259 layih\u0259nin r\u0259hb\u0259ri, &#8220;G\u0259ncliy\u0259 D\u0259st\u0259k&#8221; \u0130ctimai Birliyinin s\u0259dri Eldar [&hellip;]<\/p>\n","protected":false},"author":1,"featured_media":0,"comment_status":"open","ping_status":"open","sticky":false,"template":"","format":"standard","meta":{"footnotes":""},"categories":[21],"tags":[],"class_list":{"0":"post-24933","1":"post","2":"type-post","3":"status-publish","4":"format-standard","6":"category-zrdab"},"yoast_head":"<!-- This site is optimized with the Yoast SEO plugin v27.0 - https:\/\/yoast.com\/product\/yoast-seo-wordpress\/ -->\n<title>Z\u0259rdabda ictimai n\u0259zar\u0259tl\u0259 ba\u011fl\u0131 layih\u0259nin t\u0259qdimat\u0131 olub - FOTOLAR - Z\u0259rdab.com<\/title>\n<meta name=\"robots\" content=\"index, follow, max-snippet:-1, max-image-preview:large, max-video-preview:-1\" \/>\n<link rel=\"canonical\" href=\"https:\/\/www.zerdab.com\/?p=24933\" \/>\n<meta property=\"og:locale\" content=\"az_AZ\" \/>\n<meta property=\"og:type\" content=\"article\" \/>\n<meta property=\"og:title\" content=\"Z\u0259rdabda ictimai n\u0259zar\u0259tl\u0259 ba\u011fl\u0131 layih\u0259nin t\u0259qdimat\u0131 olub - FOTOLAR - Z\u0259rdab.com\" \/>\n<meta property=\"og:description\" content=\"&nbsp; &#8220;G\u0259ncliy\u0259 d\u0259st\u0259k&#8221; \u0130ctimai Birliyi Az\u0259rbaycan Respublikas\u0131n\u0131n Prezidenti yan\u0131nda Qeyri-H\u00f6kum\u0259t T\u0259\u015fkilatlar\u0131na D\u00f6vl\u0259t D\u0259st\u0259yi \u015euras\u0131n\u0131n d\u0259st\u0259yi il\u0259 25.07.2017-ci il tarixd\u0259n &#8220;\u0130ctimai n\u0259zar\u0259tin t\u0259\u015fviqind\u0259 g\u0259ncl\u0259rin rolunun art\u0131r\u0131lmas\u0131 m\u0259qs\u0259di il\u0259 t\u0259dbirl\u0259rin t\u0259\u015fkili&#8221; layih\u0259sinin icras\u0131na ba\u015flay\u0131b. Birlikd\u0259n Zerdab.com sayt\u0131na veril\u0259n m\u0259lumata g\u00f6r\u0259, Z\u0259rdab Rayon M\u0259d\u0259niyy\u0259t Evinin foyesind\u0259 layih\u0259nin t\u0259qdimat\u0131 ke\u00e7irilib. \u00d6nc\u0259 layih\u0259nin r\u0259hb\u0259ri, &#8220;G\u0259ncliy\u0259 D\u0259st\u0259k&#8221; \u0130ctimai Birliyinin s\u0259dri Eldar [&hellip;]\" \/>\n<meta property=\"og:url\" content=\"https:\/\/www.zerdab.com\/?p=24933\" \/>\n<meta property=\"og:site_name\" content=\"Z\u0259rdab.com\" \/>\n<meta property=\"article:published_time\" content=\"2017-08-23T07:49:44+00:00\" \/>\n<meta property=\"og:image\" content=\"http:\/\/www.zerdab.com\/wp-content\/uploads\/2017\/08\/Zerdab-gencler2-550x413.jpg\" \/>\n<meta name=\"author\" content=\"admin\" \/>\n<meta name=\"twitter:card\" content=\"summary_large_image\" \/>\n<meta name=\"twitter:label1\" content=\"Written by\" \/>\n\t<meta name=\"twitter:data1\" content=\"admin\" \/>\n\t<meta name=\"twitter:label2\" content=\"Est. reading time\" \/>\n\t<meta name=\"twitter:data2\" content=\"2 minutes\" \/>\n<script type=\"application\/ld+json\" class=\"yoast-schema-graph\">{\"@context\":\"https:\/\/schema.org\",\"@graph\":[{\"@type\":\"Article\",\"@id\":\"https:\/\/www.zerdab.com\/?p=24933#article\",\"isPartOf\":{\"@id\":\"https:\/\/www.zerdab.com\/?p=24933\"},\"author\":{\"name\":\"admin\",\"@id\":\"https:\/\/www.zerdab.com\/#\/schema\/person\/97079b7570c1e89ec0d9e138c3672136\"},\"headline\":\"Z\u0259rdabda ictimai n\u0259zar\u0259tl\u0259 ba\u011fl\u0131 layih\u0259nin t\u0259qdimat\u0131 olub &#8211; FOTOLAR\",\"datePublished\":\"2017-08-23T07:49:44+00:00\",\"mainEntityOfPage\":{\"@id\":\"https:\/\/www.zerdab.com\/?p=24933\"},\"wordCount\":477,\"commentCount\":0,\"image\":{\"@id\":\"https:\/\/www.zerdab.com\/?p=24933#primaryimage\"},\"thumbnailUrl\":\"http:\/\/www.zerdab.com\/wp-content\/uploads\/2017\/08\/Zerdab-gencler2-550x413.jpg\",\"articleSection\":[\"C\u018fM\u0130YY\u018fT\"],\"inLanguage\":\"az\",\"potentialAction\":[{\"@type\":\"CommentAction\",\"name\":\"Comment\",\"target\":[\"https:\/\/www.zerdab.com\/?p=24933#respond\"]}]},{\"@type\":\"WebPage\",\"@id\":\"https:\/\/www.zerdab.com\/?p=24933\",\"url\":\"https:\/\/www.zerdab.com\/?p=24933\",\"name\":\"Z\u0259rdabda ictimai n\u0259zar\u0259tl\u0259 ba\u011fl\u0131 layih\u0259nin t\u0259qdimat\u0131 olub - FOTOLAR - Z\u0259rdab.com\",\"isPartOf\":{\"@id\":\"https:\/\/www.zerdab.com\/#website\"},\"primaryImageOfPage\":{\"@id\":\"https:\/\/www.zerdab.com\/?p=24933#primaryimage\"},\"image\":{\"@id\":\"https:\/\/www.zerdab.com\/?p=24933#primaryimage\"},\"thumbnailUrl\":\"http:\/\/www.zerdab.com\/wp-content\/uploads\/2017\/08\/Zerdab-gencler2-550x413.jpg\",\"datePublished\":\"2017-08-23T07:49:44+00:00\",\"author\":{\"@id\":\"https:\/\/www.zerdab.com\/#\/schema\/person\/97079b7570c1e89ec0d9e138c3672136\"},\"breadcrumb\":{\"@id\":\"https:\/\/www.zerdab.com\/?p=24933#breadcrumb\"},\"inLanguage\":\"az\",\"potentialAction\":[{\"@type\":\"ReadAction\",\"target\":[\"https:\/\/www.zerdab.com\/?p=24933\"]}]},{\"@type\":\"ImageObject\",\"inLanguage\":\"az\",\"@id\":\"https:\/\/www.zerdab.com\/?p=24933#primaryimage\",\"url\":\"\",\"contentUrl\":\"\"},{\"@type\":\"BreadcrumbList\",\"@id\":\"https:\/\/www.zerdab.com\/?p=24933#breadcrumb\",\"itemListElement\":[{\"@type\":\"ListItem\",\"position\":1,\"name\":\"Home\",\"item\":\"https:\/\/www.zerdab.com\/\"},{\"@type\":\"ListItem\",\"position\":2,\"name\":\"Z\u0259rdabda ictimai n\u0259zar\u0259tl\u0259 ba\u011fl\u0131 layih\u0259nin t\u0259qdimat\u0131 olub &#8211; FOTOLAR\"}]},{\"@type\":\"WebSite\",\"@id\":\"https:\/\/www.zerdab.com\/#website\",\"url\":\"https:\/\/www.zerdab.com\/\",\"name\":\"Z\u0259rdab.com\",\"description\":\"\",\"potentialAction\":[{\"@type\":\"SearchAction\",\"target\":{\"@type\":\"EntryPoint\",\"urlTemplate\":\"https:\/\/www.zerdab.com\/?s={search_term_string}\"},\"query-input\":{\"@type\":\"PropertyValueSpecification\",\"valueRequired\":true,\"valueName\":\"search_term_string\"}}],\"inLanguage\":\"az\"},{\"@type\":\"Person\",\"@id\":\"https:\/\/www.zerdab.com\/#\/schema\/person\/97079b7570c1e89ec0d9e138c3672136\",\"name\":\"admin\",\"image\":{\"@type\":\"ImageObject\",\"inLanguage\":\"az\",\"@id\":\"https:\/\/www.zerdab.com\/#\/schema\/person\/image\/\",\"url\":\"https:\/\/secure.gravatar.com\/avatar\/d9c52a9a27c32119cb6679a077fa3e2779e5f822c451cbf01098004361d466ec?s=96&d=mm&r=g\",\"contentUrl\":\"https:\/\/secure.gravatar.com\/avatar\/d9c52a9a27c32119cb6679a077fa3e2779e5f822c451cbf01098004361d466ec?s=96&d=mm&r=g\",\"caption\":\"admin\"},\"url\":\"https:\/\/www.zerdab.com\/?author=1\"}]}<\/script>\n<!-- \/ Yoast SEO plugin. -->","yoast_head_json":{"title":"Z\u0259rdabda ictimai n\u0259zar\u0259tl\u0259 ba\u011fl\u0131 layih\u0259nin t\u0259qdimat\u0131 olub - FOTOLAR - Z\u0259rdab.com","robots":{"index":"index","follow":"follow","max-snippet":"max-snippet:-1","max-image-preview":"max-image-preview:large","max-video-preview":"max-video-preview:-1"},"canonical":"https:\/\/www.zerdab.com\/?p=24933","og_locale":"az_AZ","og_type":"article","og_title":"Z\u0259rdabda ictimai n\u0259zar\u0259tl\u0259 ba\u011fl\u0131 layih\u0259nin t\u0259qdimat\u0131 olub - FOTOLAR - Z\u0259rdab.com","og_description":"&nbsp; &#8220;G\u0259ncliy\u0259 d\u0259st\u0259k&#8221; \u0130ctimai Birliyi Az\u0259rbaycan Respublikas\u0131n\u0131n Prezidenti yan\u0131nda Qeyri-H\u00f6kum\u0259t T\u0259\u015fkilatlar\u0131na D\u00f6vl\u0259t D\u0259st\u0259yi \u015euras\u0131n\u0131n d\u0259st\u0259yi il\u0259 25.07.2017-ci il tarixd\u0259n &#8220;\u0130ctimai n\u0259zar\u0259tin t\u0259\u015fviqind\u0259 g\u0259ncl\u0259rin rolunun art\u0131r\u0131lmas\u0131 m\u0259qs\u0259di il\u0259 t\u0259dbirl\u0259rin t\u0259\u015fkili&#8221; layih\u0259sinin icras\u0131na ba\u015flay\u0131b. Birlikd\u0259n Zerdab.com sayt\u0131na veril\u0259n m\u0259lumata g\u00f6r\u0259, Z\u0259rdab Rayon M\u0259d\u0259niyy\u0259t Evinin foyesind\u0259 layih\u0259nin t\u0259qdimat\u0131 ke\u00e7irilib. \u00d6nc\u0259 layih\u0259nin r\u0259hb\u0259ri, &#8220;G\u0259ncliy\u0259 D\u0259st\u0259k&#8221; \u0130ctimai Birliyinin s\u0259dri Eldar [&hellip;]","og_url":"https:\/\/www.zerdab.com\/?p=24933","og_site_name":"Z\u0259rdab.com","article_published_time":"2017-08-23T07:49:44+00:00","og_image":[{"url":"http:\/\/www.zerdab.com\/wp-content\/uploads\/2017\/08\/Zerdab-gencler2-550x413.jpg","type":"","width":"","height":""}],"author":"admin","twitter_card":"summary_large_image","twitter_misc":{"Written by":"admin","Est. reading time":"2 minutes"},"schema":{"@context":"https:\/\/schema.org","@graph":[{"@type":"Article","@id":"https:\/\/www.zerdab.com\/?p=24933#article","isPartOf":{"@id":"https:\/\/www.zerdab.com\/?p=24933"},"author":{"name":"admin","@id":"https:\/\/www.zerdab.com\/#\/schema\/person\/97079b7570c1e89ec0d9e138c3672136"},"headline":"Z\u0259rdabda ictimai n\u0259zar\u0259tl\u0259 ba\u011fl\u0131 layih\u0259nin t\u0259qdimat\u0131 olub &#8211; FOTOLAR","datePublished":"2017-08-23T07:49:44+00:00","mainEntityOfPage":{"@id":"https:\/\/www.zerdab.com\/?p=24933"},"wordCount":477,"commentCount":0,"image":{"@id":"https:\/\/www.zerdab.com\/?p=24933#primaryimage"},"thumbnailUrl":"http:\/\/www.zerdab.com\/wp-content\/uploads\/2017\/08\/Zerdab-gencler2-550x413.jpg","articleSection":["C\u018fM\u0130YY\u018fT"],"inLanguage":"az","potentialAction":[{"@type":"CommentAction","name":"Comment","target":["https:\/\/www.zerdab.com\/?p=24933#respond"]}]},{"@type":"WebPage","@id":"https:\/\/www.zerdab.com\/?p=24933","url":"https:\/\/www.zerdab.com\/?p=24933","name":"Z\u0259rdabda ictimai n\u0259zar\u0259tl\u0259 ba\u011fl\u0131 layih\u0259nin t\u0259qdimat\u0131 olub - FOTOLAR - Z\u0259rdab.com","isPartOf":{"@id":"https:\/\/www.zerdab.com\/#website"},"primaryImageOfPage":{"@id":"https:\/\/www.zerdab.com\/?p=24933#primaryimage"},"image":{"@id":"https:\/\/www.zerdab.com\/?p=24933#primaryimage"},"thumbnailUrl":"http:\/\/www.zerdab.com\/wp-content\/uploads\/2017\/08\/Zerdab-gencler2-550x413.jpg","datePublished":"2017-08-23T07:49:44+00:00","author":{"@id":"https:\/\/www.zerdab.com\/#\/schema\/person\/97079b7570c1e89ec0d9e138c3672136"},"breadcrumb":{"@id":"https:\/\/www.zerdab.com\/?p=24933#breadcrumb"},"inLanguage":"az","potentialAction":[{"@type":"ReadAction","target":["https:\/\/www.zerdab.com\/?p=24933"]}]},{"@type":"ImageObject","inLanguage":"az","@id":"https:\/\/www.zerdab.com\/?p=24933#primaryimage","url":"","contentUrl":""},{"@type":"BreadcrumbList","@id":"https:\/\/www.zerdab.com\/?p=24933#breadcrumb","itemListElement":[{"@type":"ListItem","position":1,"name":"Home","item":"https:\/\/www.zerdab.com\/"},{"@type":"ListItem","position":2,"name":"Z\u0259rdabda ictimai n\u0259zar\u0259tl\u0259 ba\u011fl\u0131 layih\u0259nin t\u0259qdimat\u0131 olub &#8211; FOTOLAR"}]},{"@type":"WebSite","@id":"https:\/\/www.zerdab.com\/#website","url":"https:\/\/www.zerdab.com\/","name":"Z\u0259rdab.com","description":"","potentialAction":[{"@type":"SearchAction","target":{"@type":"EntryPoint","urlTemplate":"https:\/\/www.zerdab.com\/?s={search_term_string}"},"query-input":{"@type":"PropertyValueSpecification","valueRequired":true,"valueName":"search_term_string"}}],"inLanguage":"az"},{"@type":"Person","@id":"https:\/\/www.zerdab.com\/#\/schema\/person\/97079b7570c1e89ec0d9e138c3672136","name":"admin","image":{"@type":"ImageObject","inLanguage":"az","@id":"https:\/\/www.zerdab.com\/#\/schema\/person\/image\/","url":"https:\/\/secure.gravatar.com\/avatar\/d9c52a9a27c32119cb6679a077fa3e2779e5f822c451cbf01098004361d466ec?s=96&d=mm&r=g","contentUrl":"https:\/\/secure.gravatar.com\/avatar\/d9c52a9a27c32119cb6679a077fa3e2779e5f822c451cbf01098004361d466ec?s=96&d=mm&r=g","caption":"admin"},"url":"https:\/\/www.zerdab.com\/?author=1"}]}},"_links":{"self":[{"href":"https:\/\/www.zerdab.com\/index.php?rest_route=\/wp\/v2\/posts\/24933","targetHints":{"allow":["GET"]}}],"collection":[{"href":"https:\/\/www.zerdab.com\/index.php?rest_route=\/wp\/v2\/posts"}],"about":[{"href":"https:\/\/www.zerdab.com\/index.php?rest_route=\/wp\/v2\/types\/post"}],"author":[{"embeddable":true,"href":"https:\/\/www.zerdab.com\/index.php?rest_route=\/wp\/v2\/users\/1"}],"replies":[{"embeddable":true,"href":"https:\/\/www.zerdab.com\/index.php?rest_route=%2Fwp%2Fv2%2Fcomments&post=24933"}],"version-history":[{"count":2,"href":"https:\/\/www.zerdab.com\/index.php?rest_route=\/wp\/v2\/posts\/24933\/revisions"}],"predecessor-version":[{"id":24938,"href":"https:\/\/www.zerdab.com\/index.php?rest_route=\/wp\/v2\/posts\/24933\/revisions\/24938"}],"wp:attachment":[{"href":"https:\/\/www.zerdab.com\/index.php?rest_route=%2Fwp%2Fv2%2Fmedia&parent=24933"}],"wp:term":[{"taxonomy":"category","embeddable":true,"href":"https:\/\/www.zerdab.com\/index.php?rest_route=%2Fwp%2Fv2%2Fcategories&post=24933"},{"taxonomy":"post_tag","embeddable":true,"href":"https:\/\/www.zerdab.com\/index.php?rest_route=%2Fwp%2Fv2%2Ftags&post=24933"}],"curies":[{"name":"wp","href":"https:\/\/api.w.org\/{rel}","templated":true}]}}