{"id":25019,"date":"2017-09-04T21:14:57","date_gmt":"2017-09-04T17:14:57","guid":{"rendered":"http:\/\/www.zerdab.com\/?p=25019"},"modified":"2017-09-05T21:19:37","modified_gmt":"2017-09-05T17:19:37","slug":"z%c9%99rdabda-bu-il-t%c9%99l%c9%99b%c9%99-olan-g%c9%99ncl%c9%99rl%c9%99-gorus-kecirildi-fotolar","status":"publish","type":"post","link":"https:\/\/www.zerdab.com\/?p=25019","title":{"rendered":"Z\u0259rdabda bu il t\u0259l\u0259b\u0259 olan g\u0259ncl\u0259rl\u0259 g\u00f6r\u00fc\u015f ke\u00e7irildi &#8211; FOTOLAR"},"content":{"rendered":"<p>Z\u0259rdab Rayon \u0130cra Hakimiyy\u0259tind\u0259 2017-ci ild\u0259 ali m\u0259kt\u0259bl\u0259r\u0259 q\u0259bul olmu\u015f t\u0259l\u0259b\u0259l\u0259rl\u0259 g\u00f6r\u00fc\u015f ke\u00e7irilib.<br \/>\nG\u00f6r\u00fc\u015fd\u0259 \u00e7\u0131x\u0131\u015f ed\u0259n Z\u0259rdab Rayon \u0130cra Hakimiyy\u0259tinin ba\u015f\u00e7\u0131s\u0131 L\u00fctv\u0259li Babayev \u00f6lk\u0259 Prezidenti c\u0259nab \u0130lham \u018fliyevin diqq\u0259t v\u0259 qay\u011f\u0131s\u0131 say\u0259sind\u0259 son ill\u0259r respublikam\u0131z\u0131n b\u00fct\u00fcn regionlar\u0131nda oldu\u011fu kimi Z\u0259rdab rayonunda da t\u0259hsilin inki\u015faf\u0131 istiqam\u0259tind\u0259 g\u00f6r\u00fclm\u00fc\u015f i\u015fl\u0259rd\u0259n dan\u0131\u015f\u0131b. Qeyd edilib ki, 2017-ci ild\u0259 rayonun tam orta m\u0259kt\u0259bl\u0259rini 431 n\u0259f\u0259r m\u0259zun bitirib, onlardan 196 n\u0259f\u0259ri D\u00f6vl\u0259t \u0130mtahan M\u0259rk\u0259zin\u0259 s\u0259n\u0259d verib. 2007-ci ild\u0259 c\u0259mi 49 n\u0259f\u0259r m\u0259zun ali m\u0259kt\u0259b\u0259 q\u0259bul olmu\u015fdursa, bu il bu g\u00f6st\u0259rici 165 n\u0259f\u0259r olub, 7 n\u0259f\u0259r m\u0259zun q\u0259bul imtahanlar\u0131nda 600-d\u0259n \u00e7ox bal toplay\u0131b.<br \/>\nRayon T\u0259hsil \u015e\u00f6b\u0259sinin m\u00fcdiri Lal\u0259 \u018fmir\u0259liyeva, Yarm\u0259mm\u0259dba\u011f\u0131 k\u0259nd tam orta m\u0259kt\u0259bin m\u0259zunu, h\u0259min m\u0259kt\u0259bi q\u0131z\u0131l medalla bitir\u0259n, 662 balla Az\u0259rbaycan Respublikas\u0131n\u0131n Prezidenti yan\u0131nda D\u00f6vl\u0259t \u0130dar\u0259\u00e7ilik Akademiyas\u0131na q\u0259bul olmu\u015f Ayt\u0259n \u015eirinova, Yarm\u0259mm\u0259dba\u011f\u0131 k\u0259nd tam orta m\u0259kt\u0259bin m\u0259zunu, h\u0259min m\u0259kt\u0259bi q\u0131z\u0131l medalla bitir\u0259n, 645 balla\u00a0 Bak\u0131 D\u00f6vl\u0259t Universitetin\u0259 q\u0259bul olmu\u015f C\u0259vahir \u018fhm\u0259dova, \u015f\u0259h\u0259r 1 n\u00f6mr\u0259li m\u0259kt\u0259b-liseyin m\u0259zunu, 625 balla Az\u0259rbaycan D\u00f6vl\u0259t Neft v\u0259 S\u0259naye Universitetin\u0259 q\u0259bul olmu\u015f Tural S\u00fcphanzad\u0259,\u00a0 \u015eahh\u00fcseynli k\u0259nd tam orta m\u0259kt\u0259bin m\u0259zunu, 624 balla Az\u0259rbaycan D\u00f6vl\u0259t Neft v\u0259 S\u0259naye Universitetin\u0259 q\u0259bul olmu\u015f Zahid H\u0259s\u0259nxanl\u0131, \u015e\u0259h\u0259r 1 n\u00f6mr\u0259li m\u0259kt\u0259b-liseyin m\u0259zunu, 621 balla Az\u0259rbaycan Tibb Universitetin\u0259 q\u0259bul olmu\u015f Raul R\u0259sulzad\u0259, G\u0259lm\u0259 k\u0259nd tam orta m\u0259kt\u0259bin m\u0259zunu, 619 balla Az\u0259rbaycan D\u00f6vl\u0259t \u0130qtisad Universitetin\u0259 q\u0259bul olmu\u015f Samir Q\u0259dirli, \u015e\u0131xba\u011f\u0131 k\u0259nd tam orta m\u0259kt\u0259bin m\u0259zunu, 601 balla\u00a0 Bak\u0131 D\u00f6vl\u0259t Universitetin\u0259 q\u0259bul olmu\u015f P\u0259rvin \u018fhm\u0259dli, \u015e\u0131xba\u011f\u0131 k\u0259nd tam orta m\u0259kt\u0259bin m\u0259zunu, 593 balla\u00a0 Az\u0259rbaycan Xarici Dill\u0259r Universitetin\u0259 q\u0259bul olmu\u015f Sahil \u018fhm\u0259dovun valideyni \u018fb\u00fclf\u0259t \u018fhm\u0259dov, P\u0259rvanl\u0131 k\u0259nd tam orta m\u0259kt\u0259bin m\u0259zunu, 593 balla\u00a0 Az\u0259rbaycan Tibb Universitetin\u0259 q\u0259bul olmu\u015f Samir M\u00fcsl\u00fcmzad\u0259nin sinif r\u0259hb\u0259ri Tahir\u0259 \u018fliyeva \u00e7\u0131x\u0131\u015f ed\u0259r\u0259k \u00f6lk\u0259mizd\u0259 t\u0259hsilin inki\u015faf\u0131na g\u00f6st\u0259rdiyi diqq\u0259t v\u0259 qay\u011f\u0131ya g\u00f6r\u0259 Az\u0259rbaycan Respublikas\u0131n\u0131n Prezidenti c\u0259nab \u0130lham \u018fliyev\u0259 v\u0259 Az\u0259rbaycan Respublikas\u0131n\u0131n Birinci vitse-prezidenti Mehriban xan\u0131m \u018fliyevaya\u00a0 \u00f6z minn\u0259tdarl\u0131qlar\u0131n\u0131 bildiribl\u0259r.<br \/>\nSonda rayonda t\u0259hsilin inki\u015faf\u0131nda s\u0259m\u0259r\u0259li f\u0259aliyy\u0259t g\u00f6st\u0259rmi\u015f bir qrup t\u0259hsil i\u015f\u00e7isin\u0259 Rayon \u0130cra Hakimiyy\u0259tinin F\u0259xri F\u0259rmanlar\u0131, y\u00fcks\u0259k balla ali m\u0259kt\u0259bl\u0259r\u0259 daxil olmu\u015f t\u0259l\u0259b\u0259l\u0259r\u0259 qiym\u0259tli h\u0259diyy\u0259l\u0259r, T\u0259hsil Nazirliyi t\u0259r\u0259find\u0259n q\u0131z\u0131l medala layiq g\u00f6r\u00fclm\u00fc\u015f m\u0259zunlara is\u0259 medallar t\u0259qdim olunub.<\/p>\n<p><a href=\"http:\/\/www.zerdab.com\/z%c9%99rdabda-bu-il-t%c9%99l%c9%99b%c9%99-olan-g%c9%99ncl%c9%99rl%c9%99-gorus-kecirildi-fotolar\/zerdab-rayonu2-23\/\" rel=\"attachment wp-att-25023\"><img loading=\"lazy\" decoding=\"async\" class=\"aligncenter size-large wp-image-25023\" src=\"http:\/\/www.zerdab.com\/wp-content\/uploads\/2017\/09\/Zerdab-rayonu2-1-550x367.jpg\" alt=\"Zerdab rayonu\" width=\"550\" height=\"367\" \/><\/a><\/p>\n<p><a href=\"http:\/\/www.zerdab.com\/z%c9%99rdabda-bu-il-t%c9%99l%c9%99b%c9%99-olan-g%c9%99ncl%c9%99rl%c9%99-gorus-kecirildi-fotolar\/zerdab-rayonu333\/\" rel=\"attachment wp-att-25026\"><img loading=\"lazy\" decoding=\"async\" class=\"aligncenter size-large wp-image-25026\" src=\"http:\/\/www.zerdab.com\/wp-content\/uploads\/2017\/09\/Zerdab-rayonu333-550x365.jpg\" alt=\"Zerdab rayonu\" width=\"550\" height=\"365\" \/><\/a><\/p>\n<p><a href=\"http:\/\/www.zerdab.com\/z%c9%99rdabda-bu-il-t%c9%99l%c9%99b%c9%99-olan-g%c9%99ncl%c9%99rl%c9%99-gorus-kecirildi-fotolar\/zerdab-rayonu3-16\/\" rel=\"attachment wp-att-25025\"><img loading=\"lazy\" decoding=\"async\" class=\"aligncenter size-large wp-image-25025\" src=\"http:\/\/www.zerdab.com\/wp-content\/uploads\/2017\/09\/Zerdab-rayonu3-550x365.jpg\" alt=\"Zerdab rayonu\" width=\"550\" height=\"365\" \/><\/a><\/p>\n<figure id=\"attachment_25027\" aria-describedby=\"caption-attachment-25027\" style=\"width: 418px\" class=\"wp-caption aligncenter\"><a href=\"http:\/\/www.zerdab.com\/z%c9%99rdabda-bu-il-t%c9%99l%c9%99b%c9%99-olan-g%c9%99ncl%c9%99rl%c9%99-gorus-kecirildi-fotolar\/zerdab-rayonu1-23\/\" rel=\"attachment wp-att-25027\"><img loading=\"lazy\" decoding=\"async\" class=\"size-large wp-image-25027\" src=\"http:\/\/www.zerdab.com\/wp-content\/uploads\/2017\/09\/Zerdab-rayonu1-418x550.jpg\" alt=\"Zerdab rayonu\" width=\"418\" height=\"550\" \/><\/a><figcaption id=\"caption-attachment-25027\" class=\"wp-caption-text\"><a href=\"http:\/\/www.zerdab.com\/z%c9%99rdabda-bu-il-t%c9%99l%c9%99b%c9%99-olan-g%c9%99ncl%c9%99rl%c9%99-gorus-kecirildi-fotolar\/zerdab-rayonu34\/\" rel=\"attachment wp-att-25028\"><img loading=\"lazy\" decoding=\"async\" class=\"aligncenter size-large wp-image-25028\" src=\"http:\/\/www.zerdab.com\/wp-content\/uploads\/2017\/09\/Zerdab-rayonu34-550x347.jpg\" alt=\"Zerdab rayonu\" width=\"550\" height=\"347\" \/><\/a><\/figcaption><\/figure>\n","protected":false},"excerpt":{"rendered":"<p>Z\u0259rdab Rayon \u0130cra Hakimiyy\u0259tind\u0259 2017-ci ild\u0259 ali m\u0259kt\u0259bl\u0259r\u0259 q\u0259bul olmu\u015f t\u0259l\u0259b\u0259l\u0259rl\u0259 g\u00f6r\u00fc\u015f ke\u00e7irilib. G\u00f6r\u00fc\u015fd\u0259 \u00e7\u0131x\u0131\u015f ed\u0259n Z\u0259rdab Rayon \u0130cra Hakimiyy\u0259tinin ba\u015f\u00e7\u0131s\u0131 L\u00fctv\u0259li Babayev \u00f6lk\u0259 Prezidenti c\u0259nab \u0130lham \u018fliyevin diqq\u0259t v\u0259 qay\u011f\u0131s\u0131 say\u0259sind\u0259 son ill\u0259r respublikam\u0131z\u0131n b\u00fct\u00fcn regionlar\u0131nda oldu\u011fu kimi Z\u0259rdab rayonunda da t\u0259hsilin inki\u015faf\u0131 istiqam\u0259tind\u0259 g\u00f6r\u00fclm\u00fc\u015f i\u015fl\u0259rd\u0259n dan\u0131\u015f\u0131b. Qeyd edilib ki, 2017-ci ild\u0259 rayonun tam [&hellip;]<\/p>\n","protected":false},"author":1,"featured_media":0,"comment_status":"open","ping_status":"open","sticky":false,"template":"","format":"standard","meta":{"footnotes":""},"categories":[5],"tags":[],"class_list":{"0":"post-25019","1":"post","2":"type-post","3":"status-publish","4":"format-standard","6":"category-knd"},"yoast_head":"<!-- This site is optimized with the Yoast SEO plugin v27.0 - https:\/\/yoast.com\/product\/yoast-seo-wordpress\/ -->\n<title>Z\u0259rdabda bu il t\u0259l\u0259b\u0259 olan g\u0259ncl\u0259rl\u0259 g\u00f6r\u00fc\u015f ke\u00e7irildi - FOTOLAR - Z\u0259rdab.com<\/title>\n<meta name=\"robots\" content=\"index, follow, max-snippet:-1, max-image-preview:large, max-video-preview:-1\" \/>\n<link rel=\"canonical\" href=\"https:\/\/www.zerdab.com\/?p=25019\" \/>\n<meta property=\"og:locale\" content=\"az_AZ\" \/>\n<meta property=\"og:type\" content=\"article\" \/>\n<meta property=\"og:title\" content=\"Z\u0259rdabda bu il t\u0259l\u0259b\u0259 olan g\u0259ncl\u0259rl\u0259 g\u00f6r\u00fc\u015f ke\u00e7irildi - FOTOLAR - Z\u0259rdab.com\" \/>\n<meta property=\"og:description\" content=\"Z\u0259rdab Rayon \u0130cra Hakimiyy\u0259tind\u0259 2017-ci ild\u0259 ali m\u0259kt\u0259bl\u0259r\u0259 q\u0259bul olmu\u015f t\u0259l\u0259b\u0259l\u0259rl\u0259 g\u00f6r\u00fc\u015f ke\u00e7irilib. G\u00f6r\u00fc\u015fd\u0259 \u00e7\u0131x\u0131\u015f ed\u0259n Z\u0259rdab Rayon \u0130cra Hakimiyy\u0259tinin ba\u015f\u00e7\u0131s\u0131 L\u00fctv\u0259li Babayev \u00f6lk\u0259 Prezidenti c\u0259nab \u0130lham \u018fliyevin diqq\u0259t v\u0259 qay\u011f\u0131s\u0131 say\u0259sind\u0259 son ill\u0259r respublikam\u0131z\u0131n b\u00fct\u00fcn regionlar\u0131nda oldu\u011fu kimi Z\u0259rdab rayonunda da t\u0259hsilin inki\u015faf\u0131 istiqam\u0259tind\u0259 g\u00f6r\u00fclm\u00fc\u015f i\u015fl\u0259rd\u0259n dan\u0131\u015f\u0131b. Qeyd edilib ki, 2017-ci ild\u0259 rayonun tam [&hellip;]\" \/>\n<meta property=\"og:url\" content=\"https:\/\/www.zerdab.com\/?p=25019\" \/>\n<meta property=\"og:site_name\" content=\"Z\u0259rdab.com\" \/>\n<meta property=\"article:published_time\" content=\"2017-09-04T17:14:57+00:00\" \/>\n<meta property=\"article:modified_time\" content=\"2017-09-05T17:19:37+00:00\" \/>\n<meta property=\"og:image\" content=\"http:\/\/www.zerdab.com\/wp-content\/uploads\/2017\/09\/Zerdab-rayonu2-1-550x367.jpg\" \/>\n<meta name=\"author\" content=\"admin\" \/>\n<meta name=\"twitter:card\" content=\"summary_large_image\" \/>\n<meta name=\"twitter:label1\" content=\"Written by\" \/>\n\t<meta name=\"twitter:data1\" content=\"admin\" \/>\n\t<meta name=\"twitter:label2\" content=\"Est. reading time\" \/>\n\t<meta name=\"twitter:data2\" content=\"3 minutes\" \/>\n<script type=\"application\/ld+json\" class=\"yoast-schema-graph\">{\"@context\":\"https:\/\/schema.org\",\"@graph\":[{\"@type\":\"Article\",\"@id\":\"https:\/\/www.zerdab.com\/?p=25019#article\",\"isPartOf\":{\"@id\":\"https:\/\/www.zerdab.com\/?p=25019\"},\"author\":{\"name\":\"admin\",\"@id\":\"https:\/\/www.zerdab.com\/#\/schema\/person\/97079b7570c1e89ec0d9e138c3672136\"},\"headline\":\"Z\u0259rdabda bu il t\u0259l\u0259b\u0259 olan g\u0259ncl\u0259rl\u0259 g\u00f6r\u00fc\u015f ke\u00e7irildi &#8211; FOTOLAR\",\"datePublished\":\"2017-09-04T17:14:57+00:00\",\"dateModified\":\"2017-09-05T17:19:37+00:00\",\"mainEntityOfPage\":{\"@id\":\"https:\/\/www.zerdab.com\/?p=25019\"},\"wordCount\":588,\"commentCount\":0,\"image\":{\"@id\":\"https:\/\/www.zerdab.com\/?p=25019#primaryimage\"},\"thumbnailUrl\":\"http:\/\/www.zerdab.com\/wp-content\/uploads\/2017\/09\/Zerdab-rayonu2-1-550x367.jpg\",\"articleSection\":[\"X\u018fB\u018fRL\u018fR\"],\"inLanguage\":\"az\",\"potentialAction\":[{\"@type\":\"CommentAction\",\"name\":\"Comment\",\"target\":[\"https:\/\/www.zerdab.com\/?p=25019#respond\"]}]},{\"@type\":\"WebPage\",\"@id\":\"https:\/\/www.zerdab.com\/?p=25019\",\"url\":\"https:\/\/www.zerdab.com\/?p=25019\",\"name\":\"Z\u0259rdabda bu il t\u0259l\u0259b\u0259 olan g\u0259ncl\u0259rl\u0259 g\u00f6r\u00fc\u015f ke\u00e7irildi - FOTOLAR - Z\u0259rdab.com\",\"isPartOf\":{\"@id\":\"https:\/\/www.zerdab.com\/#website\"},\"primaryImageOfPage\":{\"@id\":\"https:\/\/www.zerdab.com\/?p=25019#primaryimage\"},\"image\":{\"@id\":\"https:\/\/www.zerdab.com\/?p=25019#primaryimage\"},\"thumbnailUrl\":\"http:\/\/www.zerdab.com\/wp-content\/uploads\/2017\/09\/Zerdab-rayonu2-1-550x367.jpg\",\"datePublished\":\"2017-09-04T17:14:57+00:00\",\"dateModified\":\"2017-09-05T17:19:37+00:00\",\"author\":{\"@id\":\"https:\/\/www.zerdab.com\/#\/schema\/person\/97079b7570c1e89ec0d9e138c3672136\"},\"breadcrumb\":{\"@id\":\"https:\/\/www.zerdab.com\/?p=25019#breadcrumb\"},\"inLanguage\":\"az\",\"potentialAction\":[{\"@type\":\"ReadAction\",\"target\":[\"https:\/\/www.zerdab.com\/?p=25019\"]}]},{\"@type\":\"ImageObject\",\"inLanguage\":\"az\",\"@id\":\"https:\/\/www.zerdab.com\/?p=25019#primaryimage\",\"url\":\"\",\"contentUrl\":\"\"},{\"@type\":\"BreadcrumbList\",\"@id\":\"https:\/\/www.zerdab.com\/?p=25019#breadcrumb\",\"itemListElement\":[{\"@type\":\"ListItem\",\"position\":1,\"name\":\"Home\",\"item\":\"https:\/\/www.zerdab.com\/\"},{\"@type\":\"ListItem\",\"position\":2,\"name\":\"Z\u0259rdabda bu il t\u0259l\u0259b\u0259 olan g\u0259ncl\u0259rl\u0259 g\u00f6r\u00fc\u015f ke\u00e7irildi &#8211; FOTOLAR\"}]},{\"@type\":\"WebSite\",\"@id\":\"https:\/\/www.zerdab.com\/#website\",\"url\":\"https:\/\/www.zerdab.com\/\",\"name\":\"Z\u0259rdab.com\",\"description\":\"\",\"potentialAction\":[{\"@type\":\"SearchAction\",\"target\":{\"@type\":\"EntryPoint\",\"urlTemplate\":\"https:\/\/www.zerdab.com\/?s={search_term_string}\"},\"query-input\":{\"@type\":\"PropertyValueSpecification\",\"valueRequired\":true,\"valueName\":\"search_term_string\"}}],\"inLanguage\":\"az\"},{\"@type\":\"Person\",\"@id\":\"https:\/\/www.zerdab.com\/#\/schema\/person\/97079b7570c1e89ec0d9e138c3672136\",\"name\":\"admin\",\"image\":{\"@type\":\"ImageObject\",\"inLanguage\":\"az\",\"@id\":\"https:\/\/www.zerdab.com\/#\/schema\/person\/image\/\",\"url\":\"https:\/\/secure.gravatar.com\/avatar\/d9c52a9a27c32119cb6679a077fa3e2779e5f822c451cbf01098004361d466ec?s=96&d=mm&r=g\",\"contentUrl\":\"https:\/\/secure.gravatar.com\/avatar\/d9c52a9a27c32119cb6679a077fa3e2779e5f822c451cbf01098004361d466ec?s=96&d=mm&r=g\",\"caption\":\"admin\"},\"url\":\"https:\/\/www.zerdab.com\/?author=1\"}]}<\/script>\n<!-- \/ Yoast SEO plugin. -->","yoast_head_json":{"title":"Z\u0259rdabda bu il t\u0259l\u0259b\u0259 olan g\u0259ncl\u0259rl\u0259 g\u00f6r\u00fc\u015f ke\u00e7irildi - FOTOLAR - Z\u0259rdab.com","robots":{"index":"index","follow":"follow","max-snippet":"max-snippet:-1","max-image-preview":"max-image-preview:large","max-video-preview":"max-video-preview:-1"},"canonical":"https:\/\/www.zerdab.com\/?p=25019","og_locale":"az_AZ","og_type":"article","og_title":"Z\u0259rdabda bu il t\u0259l\u0259b\u0259 olan g\u0259ncl\u0259rl\u0259 g\u00f6r\u00fc\u015f ke\u00e7irildi - FOTOLAR - Z\u0259rdab.com","og_description":"Z\u0259rdab Rayon \u0130cra Hakimiyy\u0259tind\u0259 2017-ci ild\u0259 ali m\u0259kt\u0259bl\u0259r\u0259 q\u0259bul olmu\u015f t\u0259l\u0259b\u0259l\u0259rl\u0259 g\u00f6r\u00fc\u015f ke\u00e7irilib. G\u00f6r\u00fc\u015fd\u0259 \u00e7\u0131x\u0131\u015f ed\u0259n Z\u0259rdab Rayon \u0130cra Hakimiyy\u0259tinin ba\u015f\u00e7\u0131s\u0131 L\u00fctv\u0259li Babayev \u00f6lk\u0259 Prezidenti c\u0259nab \u0130lham \u018fliyevin diqq\u0259t v\u0259 qay\u011f\u0131s\u0131 say\u0259sind\u0259 son ill\u0259r respublikam\u0131z\u0131n b\u00fct\u00fcn regionlar\u0131nda oldu\u011fu kimi Z\u0259rdab rayonunda da t\u0259hsilin inki\u015faf\u0131 istiqam\u0259tind\u0259 g\u00f6r\u00fclm\u00fc\u015f i\u015fl\u0259rd\u0259n dan\u0131\u015f\u0131b. Qeyd edilib ki, 2017-ci ild\u0259 rayonun tam [&hellip;]","og_url":"https:\/\/www.zerdab.com\/?p=25019","og_site_name":"Z\u0259rdab.com","article_published_time":"2017-09-04T17:14:57+00:00","article_modified_time":"2017-09-05T17:19:37+00:00","og_image":[{"url":"http:\/\/www.zerdab.com\/wp-content\/uploads\/2017\/09\/Zerdab-rayonu2-1-550x367.jpg","type":"","width":"","height":""}],"author":"admin","twitter_card":"summary_large_image","twitter_misc":{"Written by":"admin","Est. reading time":"3 minutes"},"schema":{"@context":"https:\/\/schema.org","@graph":[{"@type":"Article","@id":"https:\/\/www.zerdab.com\/?p=25019#article","isPartOf":{"@id":"https:\/\/www.zerdab.com\/?p=25019"},"author":{"name":"admin","@id":"https:\/\/www.zerdab.com\/#\/schema\/person\/97079b7570c1e89ec0d9e138c3672136"},"headline":"Z\u0259rdabda bu il t\u0259l\u0259b\u0259 olan g\u0259ncl\u0259rl\u0259 g\u00f6r\u00fc\u015f ke\u00e7irildi &#8211; FOTOLAR","datePublished":"2017-09-04T17:14:57+00:00","dateModified":"2017-09-05T17:19:37+00:00","mainEntityOfPage":{"@id":"https:\/\/www.zerdab.com\/?p=25019"},"wordCount":588,"commentCount":0,"image":{"@id":"https:\/\/www.zerdab.com\/?p=25019#primaryimage"},"thumbnailUrl":"http:\/\/www.zerdab.com\/wp-content\/uploads\/2017\/09\/Zerdab-rayonu2-1-550x367.jpg","articleSection":["X\u018fB\u018fRL\u018fR"],"inLanguage":"az","potentialAction":[{"@type":"CommentAction","name":"Comment","target":["https:\/\/www.zerdab.com\/?p=25019#respond"]}]},{"@type":"WebPage","@id":"https:\/\/www.zerdab.com\/?p=25019","url":"https:\/\/www.zerdab.com\/?p=25019","name":"Z\u0259rdabda bu il t\u0259l\u0259b\u0259 olan g\u0259ncl\u0259rl\u0259 g\u00f6r\u00fc\u015f ke\u00e7irildi - FOTOLAR - Z\u0259rdab.com","isPartOf":{"@id":"https:\/\/www.zerdab.com\/#website"},"primaryImageOfPage":{"@id":"https:\/\/www.zerdab.com\/?p=25019#primaryimage"},"image":{"@id":"https:\/\/www.zerdab.com\/?p=25019#primaryimage"},"thumbnailUrl":"http:\/\/www.zerdab.com\/wp-content\/uploads\/2017\/09\/Zerdab-rayonu2-1-550x367.jpg","datePublished":"2017-09-04T17:14:57+00:00","dateModified":"2017-09-05T17:19:37+00:00","author":{"@id":"https:\/\/www.zerdab.com\/#\/schema\/person\/97079b7570c1e89ec0d9e138c3672136"},"breadcrumb":{"@id":"https:\/\/www.zerdab.com\/?p=25019#breadcrumb"},"inLanguage":"az","potentialAction":[{"@type":"ReadAction","target":["https:\/\/www.zerdab.com\/?p=25019"]}]},{"@type":"ImageObject","inLanguage":"az","@id":"https:\/\/www.zerdab.com\/?p=25019#primaryimage","url":"","contentUrl":""},{"@type":"BreadcrumbList","@id":"https:\/\/www.zerdab.com\/?p=25019#breadcrumb","itemListElement":[{"@type":"ListItem","position":1,"name":"Home","item":"https:\/\/www.zerdab.com\/"},{"@type":"ListItem","position":2,"name":"Z\u0259rdabda bu il t\u0259l\u0259b\u0259 olan g\u0259ncl\u0259rl\u0259 g\u00f6r\u00fc\u015f ke\u00e7irildi &#8211; FOTOLAR"}]},{"@type":"WebSite","@id":"https:\/\/www.zerdab.com\/#website","url":"https:\/\/www.zerdab.com\/","name":"Z\u0259rdab.com","description":"","potentialAction":[{"@type":"SearchAction","target":{"@type":"EntryPoint","urlTemplate":"https:\/\/www.zerdab.com\/?s={search_term_string}"},"query-input":{"@type":"PropertyValueSpecification","valueRequired":true,"valueName":"search_term_string"}}],"inLanguage":"az"},{"@type":"Person","@id":"https:\/\/www.zerdab.com\/#\/schema\/person\/97079b7570c1e89ec0d9e138c3672136","name":"admin","image":{"@type":"ImageObject","inLanguage":"az","@id":"https:\/\/www.zerdab.com\/#\/schema\/person\/image\/","url":"https:\/\/secure.gravatar.com\/avatar\/d9c52a9a27c32119cb6679a077fa3e2779e5f822c451cbf01098004361d466ec?s=96&d=mm&r=g","contentUrl":"https:\/\/secure.gravatar.com\/avatar\/d9c52a9a27c32119cb6679a077fa3e2779e5f822c451cbf01098004361d466ec?s=96&d=mm&r=g","caption":"admin"},"url":"https:\/\/www.zerdab.com\/?author=1"}]}},"_links":{"self":[{"href":"https:\/\/www.zerdab.com\/index.php?rest_route=\/wp\/v2\/posts\/25019","targetHints":{"allow":["GET"]}}],"collection":[{"href":"https:\/\/www.zerdab.com\/index.php?rest_route=\/wp\/v2\/posts"}],"about":[{"href":"https:\/\/www.zerdab.com\/index.php?rest_route=\/wp\/v2\/types\/post"}],"author":[{"embeddable":true,"href":"https:\/\/www.zerdab.com\/index.php?rest_route=\/wp\/v2\/users\/1"}],"replies":[{"embeddable":true,"href":"https:\/\/www.zerdab.com\/index.php?rest_route=%2Fwp%2Fv2%2Fcomments&post=25019"}],"version-history":[{"count":5,"href":"https:\/\/www.zerdab.com\/index.php?rest_route=\/wp\/v2\/posts\/25019\/revisions"}],"predecessor-version":[{"id":25030,"href":"https:\/\/www.zerdab.com\/index.php?rest_route=\/wp\/v2\/posts\/25019\/revisions\/25030"}],"wp:attachment":[{"href":"https:\/\/www.zerdab.com\/index.php?rest_route=%2Fwp%2Fv2%2Fmedia&parent=25019"}],"wp:term":[{"taxonomy":"category","embeddable":true,"href":"https:\/\/www.zerdab.com\/index.php?rest_route=%2Fwp%2Fv2%2Fcategories&post=25019"},{"taxonomy":"post_tag","embeddable":true,"href":"https:\/\/www.zerdab.com\/index.php?rest_route=%2Fwp%2Fv2%2Ftags&post=25019"}],"curies":[{"name":"wp","href":"https:\/\/api.w.org\/{rel}","templated":true}]}}