{"id":25031,"date":"2017-09-12T17:38:02","date_gmt":"2017-09-12T13:38:02","guid":{"rendered":"http:\/\/www.zerdab.com\/?p=25031"},"modified":"2017-09-12T17:38:02","modified_gmt":"2017-09-12T13:38:02","slug":"radikalizm-v%c9%99-ekstremizml%c9%99-bagli-z%c9%99rdabda-seminar-musavir%c9%99-kecirilib-fotolar","status":"publish","type":"post","link":"https:\/\/www.zerdab.com\/?p=25031","title":{"rendered":"Radikalizm v\u0259 ekstremizml\u0259 ba\u011fl\u0131 Z\u0259rdabda seminar-m\u00fc\u015favir\u0259 ke\u00e7irilib &#8211; FOTOLAR"},"content":{"rendered":"<p>Sentyabr\u0131n 11-d\u0259 Z\u0259rdab Rayon \u0130cra Hakimiyy\u0259tind\u0259 \u201cRadikalizm v\u0259 ekstremizmin mahiyy\u0259ti, yaranma s\u0259b\u0259bl\u0259ri v\u0259 onlara qar\u015f\u0131 m\u00fcbariz\u0259nin h\u00fcquqi \u0259saslar\u0131\u201d m\u00f6vzusunda regional seminar-m\u00fc\u015favir\u0259 ke\u00e7irilib.<\/p>\n<p>Zerdab.com x\u0259b\u0259r verir ki, t\u0259dbird\u0259 Ba\u015f Prokurorluq, Daxili \u0130\u015fl\u0259r v\u0259 \u018fdliyy\u0259 nazirlikl\u0259ri, D\u00f6vl\u0259t T\u0259hl\u00fck\u0259sizliyi Xidm\u0259ti v\u0259 Dini Qurumlarla \u0130\u015f \u00fczr\u0259 D\u00f6vl\u0259t Komit\u0259sinin (DQ\u0130DK) Z\u0259rdab, \u0130mi\u015fli, Beyl\u0259qan, A\u011fcab\u0259di, A\u011fdam, F\u00fczuli, K\u00fcrd\u0259mir, La\u00e7\u0131n v\u0259 Xocav\u0259nd rayonlar\u0131n\u0131n yerli strukturlar\u0131n\u0131n r\u0259hb\u0259rl\u0259ri, b\u00f6lg\u0259nin din xadiml\u0259ri, dini icma s\u0259drl\u0259ri, g\u0259ncl\u0259r, el\u0259c\u0259 d\u0259 rayon ictimaiyy\u0259tinin n\u00fcmay\u0259nd\u0259l\u0259ri i\u015ftirak edibl\u0259r.<\/p>\n<p>M\u00fc\u015favir\u0259d\u0259n \u0259vv\u0259l DQ\u0130DK-n\u0131n sifari\u015fi il\u0259 \u00e7\u0259kilmi\u015f, radikalizm\u0259 qar\u015f\u0131 m\u00fcbariz\u0259nin dini, psixoloji, h\u00fcquqi, siyasi v\u0259 m\u0259n\u0259vi t\u0259r\u0259fl\u0259rind\u0259n b\u0259hs edil\u0259n \u201cFitn\u0259\u201d s\u0259n\u0259dli filmi n\u00fcmayi\u015f olunub.<\/p>\n<p>Z\u0259rdab Rayon \u0130cra Hakimiyy\u0259tinin ba\u015f\u00e7\u0131s\u0131 L\u00fctv\u0259li Babayev bildirib ki, \u00fcmummilli lider Heyd\u0259r \u018fliyevin \u00f6lk\u0259miz\u0259 r\u0259hb\u0259rlik etdiyi d\u00f6vrl\u0259rd\u0259 milli-m\u0259n\u0259vi d\u0259y\u0259rl\u0259rimizin qorunub saxlanmas\u0131 istiqam\u0259tind\u0259 m\u00fch\u00fcm add\u0131mlar at\u0131l\u0131b. Bu ad\u0259t v\u0259 \u0259n\u0259n\u0259l\u0259rimiz\u0259 h\u00f6rm\u0259t hissi, milli-m\u0259n\u0259vi v\u0259 \u0259xlaqi d\u0259y\u0259rl\u0259rimizin qorunmas\u0131na diqq\u0259t v\u0259 qay\u011f\u0131 Prezident \u0130lham \u018fliyev t\u0259r\u0259find\u0259n u\u011furla davam etdirilir. L.Babayev qeyd edib ki, \u00f6lk\u0259mizd\u0259ki tolerant v\u0259 multikultural m\u00fchit b\u00fct\u00fcn d\u00fcnyada \u0259n m\u00fcasir v\u0259 m\u00fct\u0259r\u0259qqi c\u0259miyy\u0259t modeli kimi q\u0259bul olunur.<\/p>\n<p>DQ\u0130DK-n\u0131n s\u0259dr m\u00fcavini S\u0259yavu\u015f Heyd\u0259rov vur\u011fulay\u0131b ki, \u00f6lk\u0259mizd\u0259 vicdan azadl\u0131\u011f\u0131n\u0131n t\u0259min edilm\u0259si, dini icmalara f\u0259aliyy\u0259tl\u0259rinin geni\u015fl\u0259ndirilm\u0259si m\u0259qs\u0259dil\u0259 d\u00f6vl\u0259t t\u0259r\u0259find\u0259n m\u00fct\u0259madi olaraq qay\u011f\u0131 g\u00f6st\u0259rilir. Buna baxmayaraq, din ad\u0131ndan qanunsuz \u015f\u0259kild\u0259 \u201cpartiyalar\u201d, \u201cictimai t\u0259\u015fkilatlar\u201d yaradaraq \u00f6lk\u0259mizd\u0259ki u\u011furlu d\u00f6vl\u0259t-din siyas\u0259tin\u0259, dini etiqad azadl\u0131\u011f\u0131na, tolerantl\u0131q m\u00fchitin\u0259 k\u00f6lg\u0259 salmaq ist\u0259y\u0259n q\u00fcvv\u0259l\u0259r d\u0259 m\u00f6vcuddur. S\u0259dr m\u00fcavini bildirib ki, \u00f6lk\u0259mizd\u0259 m\u0259zh\u0259b ayr\u0131-se\u00e7kiliyi yaratma\u011fa, \u0259min-amanl\u0131\u011f\u0131, sabitliyi pozma\u011fa, dig\u0259r \u00f6lk\u0259l\u0259rin milli x\u00fcsusiyy\u0259tl\u0259rini, dini ideologiyalar\u0131n\u0131 \u0130slam ad\u0131 alt\u0131nda \u00f6lk\u0259mizd\u0259 t\u0259bli\u011f etm\u0259y\u0259 \u00e7al\u0131\u015fan b\u0259zi c\u0259r\u0259yanlarla m\u00fcbariz\u0259 apar\u0131lmas\u0131, g\u0259ncl\u0259rin v\u0259 yeniyetm\u0259l\u0259rin z\u0259r\u0259rli dini c\u0259r\u0259yanlar\u0131n t\u0259siri alt\u0131na d\u00fc\u015fm\u0259sinin qar\u015f\u0131s\u0131n\u0131n al\u0131nmas\u0131 \u00fc\u00e7\u00fcn preventiv t\u0259dbirl\u0259rin g\u00f6r\u00fclm\u0259si D\u00f6vl\u0259t Komit\u0259sinin dini maarifl\u0259ndirm\u0259 sah\u0259sind\u0259 \u0259sas f\u0259aliyy\u0259t istiqam\u0259tl\u0259rind\u0259ndir.<\/p>\n<p>S.Heyd\u0259rov deyib ki, Prezident \u0130lham \u018fliyevin r\u0259hb\u0259rlik etdiyi m\u00fcst\u0259qil respublikam\u0131zda m\u00f6vcud olan b\u00fct\u00fcn dinl\u0259rin n\u00fcmay\u0259nd\u0259l\u0259rin\u0259 qar\u015f\u0131 d\u00f6z\u00fcml\u00fcl\u00fck v\u0259 tolerantl\u0131q n\u00fcmayi\u015f olunur. Az\u0259rbaycan bu aspektd\u0259n d\u00fcnyan\u0131n bir \u00e7ox d\u00f6vl\u0259t v\u0259 c\u0259miyy\u0259tl\u0259rin\u0259 n\u00fcmun\u0259 ola bil\u0259c\u0259k bir \u00f6lk\u0259dir.<\/p>\n<p>Ba\u015f Prokurorlu\u011fun idar\u0259 r\u0259isinin m\u00fcavini Rauf M\u0259mm\u0259dov m\u00fcvafiq sah\u0259 \u00fczr\u0259 qanunvericiliy\u0259 diqq\u0259t \u00e7\u0259k\u0259r\u0259k, dini radikalizm v\u0259 ekstremizm problemin\u0259 qar\u015f\u0131 m\u00fcbariz\u0259nin h\u00fcquqi \u0259saslar\u0131 bar\u0259d\u0259 geni\u015f m\u0259lumat verib. R.M\u0259mm\u0259dov 2015-ci ild\u0259 \u201cDini ekstremizm\u0259 qar\u015f\u0131 m\u00fcbariz\u0259 haqq\u0131nda\u201d Az\u0259rbaycan Respublikas\u0131n\u0131n Qanunun q\u0259bul olundu\u011funu qeyd edib, dini ekstremizm\u0259 qar\u015f\u0131 m\u00fcbariz\u0259nin m\u0259qs\u0259dl\u0259rind\u0259n v\u0259 \u0259sas prinsipl\u0259rind\u0259n dan\u0131\u015f\u0131b.<\/p>\n<p>Daha sonra \u00e7\u0131x\u0131\u015f ed\u0259n Daxili \u0130\u015fl\u0259r Nazirliyinin Ba\u015f \u0130ctimai T\u0259hl\u00fck\u0259sizlik \u0130dar\u0259sinin \u015f\u00f6b\u0259 r\u0259isi Hamlet H\u00fcmb\u0259t\u0259liyev dini radikalizm v\u0259 ekstremizm\u0259 qar\u015f\u0131 m\u00fcbariz\u0259 \u00e7\u0259r\u00e7iv\u0259sind\u0259 ictimai qaydan\u0131n v\u0259 ictimai t\u0259hl\u00fck\u0259sizliyin t\u0259min edilm\u0259si m\u0259qs\u0259dil\u0259 daxili i\u015fl\u0259r orqanlar\u0131n\u0131n f\u0259aliyy\u0259tinin \u0259sas istiqam\u0259tl\u0259rind\u0259n dan\u0131\u015f\u0131b, t\u0259msil etdiyi qurumun m\u00fcvafiq sah\u0259d\u0259 h\u0259yata ke\u00e7irdiyi profilaktik v\u0259 inzibati t\u0259dbirl\u0259rd\u0259n s\u00f6z a\u00e7\u0131b. O, dini radikal v\u0259 ekstremist f\u0259aliyy\u0259tin ictimai t\u0259hl\u00fck\u0259sizliy\u0259 a\u00e7\u0131q t\u0259hdid oldu\u011funu bildir\u0259r\u0259k, ona qar\u015f\u0131 m\u00fc\u015ft\u0259r\u0259k m\u00fcbariz\u0259nin vacibliyini vur\u011fulay\u0131b.<\/p>\n<p>Sonda \u00e7\u0131x\u0131\u015f ed\u0259n Qafqaz M\u00fcs\u0259lmanlar\u0131 \u0130dar\u0259sinin s\u0259lahiyy\u0259tli n\u00fcmay\u0259nd\u0259si Ad\u0131g\u00f6z\u0259l B\u0259\u015firov d\u00f6vl\u0259t r\u0259hb\u0259rliyin\u0259 dindarlara g\u00f6st\u0259rdiyi qay\u011f\u0131 \u00fc\u00e7\u00fcn t\u0259\u015f\u0259kk\u00fcr\u00fcn\u00fc bildirib. O, ulu \u00f6nd\u0259r Heyd\u0259r \u018fliyev t\u0259r\u0259find\u0259n \u0259sas\u0131 qoyulan d\u00f6vl\u0259t-din m\u00fcnasib\u0259tl\u0259rinin bu g\u00fcn \u00f6lk\u0259mizin inki\u015faf\u0131na b\u00f6y\u00fck t\u00f6hf\u0259 verdiyini s\u00f6yl\u0259yib.<\/p>\n<p>Seminar-m\u00fc\u015favir\u0259 m\u00fczakir\u0259l\u0259rl\u0259 davam etdirilib. Milli-m\u0259n\u0259vi d\u0259y\u0259rl\u0259rimizi, c\u0259miyy\u0259timizi, d\u00f6vl\u0259timizi z\u0259r\u0259rli dini c\u0259r\u0259yanlardan, radikalizm v\u0259 ekstremizmd\u0259n qorumaq, bu sah\u0259d\u0259 f\u0259aliyy\u0259tin s\u0259m\u0259r\u0259liliyini art\u0131rmaq, m\u00fcsb\u0259t n\u0259tic\u0259l\u0259r \u0259ld\u0259 etm\u0259k m\u0259qs\u0259dil\u0259 \u0259laq\u0259li \u015f\u0259kild\u0259 vahid t\u0259bli\u011fat aparma\u011f\u0131n z\u0259ruriliyi vur\u011fulan\u0131b. M\u00fc\u015favir\u0259d\u0259, h\u0259m\u00e7inin dini radikalizml\u0259 m\u00fcbariz\u0259d\u0259 maarif\u00e7ilik i\u015finin t\u0259\u015fkilin\u0259 x\u00fcsusi \u00f6n\u0259m verilm\u0259sinin vacibliyi d\u0259 diqq\u0259t\u0259 \u00e7atd\u0131r\u0131l\u0131b.<\/p>\n<p>Sonda t\u0259dbir i\u015ftirak\u00e7\u0131lar\u0131n\u0131 maraqland\u0131ran suallar cavabland\u0131r\u0131l\u0131b.<\/p>\n<p><a href=\"http:\/\/www.zerdab.com\/radikalizm-v%c9%99-ekstremizml%c9%99-bagli-z%c9%99rdabda-seminar-musavir%c9%99-kecirilib-fotolar\/zerdab-rayonu1-24\/\" rel=\"attachment wp-att-25033\"><img loading=\"lazy\" decoding=\"async\" class=\"aligncenter size-large wp-image-25033\" src=\"http:\/\/www.zerdab.com\/wp-content\/uploads\/2017\/09\/Zerdab-rayonu1-1-550x365.jpg\" alt=\"\" width=\"550\" height=\"365\" \/><\/a><\/p>\n<p><a href=\"http:\/\/www.zerdab.com\/radikalizm-v%c9%99-ekstremizml%c9%99-bagli-z%c9%99rdabda-seminar-musavir%c9%99-kecirilib-fotolar\/zerdab-rayonu3-17\/\" rel=\"attachment wp-att-25035\"><img loading=\"lazy\" decoding=\"async\" class=\"aligncenter size-large wp-image-25035\" src=\"http:\/\/www.zerdab.com\/wp-content\/uploads\/2017\/09\/Zerdab-rayonu3-1-550x365.jpg\" alt=\"\" width=\"550\" height=\"365\" \/><\/a><\/p>\n<p><a href=\"http:\/\/www.zerdab.com\/radikalizm-v%c9%99-ekstremizml%c9%99-bagli-z%c9%99rdabda-seminar-musavir%c9%99-kecirilib-fotolar\/zerdab-rayonu8-2\/\" rel=\"attachment wp-att-25040\"><img loading=\"lazy\" decoding=\"async\" class=\"aligncenter size-large wp-image-25040\" src=\"http:\/\/www.zerdab.com\/wp-content\/uploads\/2017\/09\/Zerdab-rayonu8-550x365.jpg\" alt=\"\" width=\"550\" height=\"365\" \/><\/a><a href=\"http:\/\/www.zerdab.com\/radikalizm-v%c9%99-ekstremizml%c9%99-bagli-z%c9%99rdabda-seminar-musavir%c9%99-kecirilib-fotolar\/zerdab-rayonu6-6\/\" rel=\"attachment wp-att-25038\"><img loading=\"lazy\" decoding=\"async\" class=\"aligncenter size-large wp-image-25038\" src=\"http:\/\/www.zerdab.com\/wp-content\/uploads\/2017\/09\/Zerdab-rayonu6-550x365.jpg\" alt=\"\" width=\"550\" height=\"365\" \/><\/a><a href=\"http:\/\/www.zerdab.com\/radikalizm-v%c9%99-ekstremizml%c9%99-bagli-z%c9%99rdabda-seminar-musavir%c9%99-kecirilib-fotolar\/zerdab-rayonu5-8\/\" rel=\"attachment wp-att-25037\"><img loading=\"lazy\" decoding=\"async\" class=\"aligncenter size-large wp-image-25037\" src=\"http:\/\/www.zerdab.com\/wp-content\/uploads\/2017\/09\/Zerdab-rayonu5-550x365.jpg\" alt=\"\" width=\"550\" height=\"365\" \/><\/a><a href=\"http:\/\/www.zerdab.com\/radikalizm-v%c9%99-ekstremizml%c9%99-bagli-z%c9%99rdabda-seminar-musavir%c9%99-kecirilib-fotolar\/zerdab-rayonu4-11\/\" rel=\"attachment wp-att-25036\"><img loading=\"lazy\" decoding=\"async\" class=\"aligncenter size-large wp-image-25036\" src=\"http:\/\/www.zerdab.com\/wp-content\/uploads\/2017\/09\/Zerdab-rayonu4-550x365.jpg\" alt=\"\" width=\"550\" height=\"365\" \/><\/a><a href=\"http:\/\/www.zerdab.com\/radikalizm-v%c9%99-ekstremizml%c9%99-bagli-z%c9%99rdabda-seminar-musavir%c9%99-kecirilib-fotolar\/zerdab-rayonu2-24\/\" rel=\"attachment wp-att-25034\"><img loading=\"lazy\" decoding=\"async\" class=\"aligncenter size-large wp-image-25034\" src=\"http:\/\/www.zerdab.com\/wp-content\/uploads\/2017\/09\/Zerdab-rayonu2-2-550x365.jpg\" alt=\"\" width=\"550\" height=\"365\" \/><\/a><\/p>\n<p><a href=\"http:\/\/www.zerdab.com\/radikalizm-v%c9%99-ekstremizml%c9%99-bagli-z%c9%99rdabda-seminar-musavir%c9%99-kecirilib-fotolar\/zerdab-rayonu7-2\/\" rel=\"attachment wp-att-25039\"><img loading=\"lazy\" decoding=\"async\" class=\"aligncenter size-large wp-image-25039\" src=\"http:\/\/www.zerdab.com\/wp-content\/uploads\/2017\/09\/Zerdab-rayonu7-550x365.jpg\" alt=\"\" width=\"550\" height=\"365\" \/><\/a><\/p>\n","protected":false},"excerpt":{"rendered":"<p>Sentyabr\u0131n 11-d\u0259 Z\u0259rdab Rayon \u0130cra Hakimiyy\u0259tind\u0259 \u201cRadikalizm v\u0259 ekstremizmin mahiyy\u0259ti, yaranma s\u0259b\u0259bl\u0259ri v\u0259 onlara qar\u015f\u0131 m\u00fcbariz\u0259nin h\u00fcquqi \u0259saslar\u0131\u201d m\u00f6vzusunda regional seminar-m\u00fc\u015favir\u0259 ke\u00e7irilib. Zerdab.com x\u0259b\u0259r verir ki, t\u0259dbird\u0259 Ba\u015f Prokurorluq, Daxili \u0130\u015fl\u0259r v\u0259 \u018fdliyy\u0259 nazirlikl\u0259ri, D\u00f6vl\u0259t T\u0259hl\u00fck\u0259sizliyi Xidm\u0259ti v\u0259 Dini Qurumlarla \u0130\u015f \u00fczr\u0259 D\u00f6vl\u0259t Komit\u0259sinin (DQ\u0130DK) Z\u0259rdab, \u0130mi\u015fli, Beyl\u0259qan, A\u011fcab\u0259di, A\u011fdam, F\u00fczuli, K\u00fcrd\u0259mir, La\u00e7\u0131n v\u0259 Xocav\u0259nd [&hellip;]<\/p>\n","protected":false},"author":1,"featured_media":0,"comment_status":"open","ping_status":"open","sticky":false,"template":"","format":"standard","meta":{"footnotes":""},"categories":[21],"tags":[],"class_list":{"0":"post-25031","1":"post","2":"type-post","3":"status-publish","4":"format-standard","6":"category-zrdab"},"yoast_head":"<!-- This site is optimized with the Yoast SEO plugin v27.0 - https:\/\/yoast.com\/product\/yoast-seo-wordpress\/ -->\n<title>Radikalizm v\u0259 ekstremizml\u0259 ba\u011fl\u0131 Z\u0259rdabda seminar-m\u00fc\u015favir\u0259 ke\u00e7irilib - FOTOLAR - Z\u0259rdab.com<\/title>\n<meta name=\"robots\" content=\"index, follow, max-snippet:-1, max-image-preview:large, max-video-preview:-1\" \/>\n<link rel=\"canonical\" href=\"https:\/\/www.zerdab.com\/?p=25031\" \/>\n<meta property=\"og:locale\" content=\"az_AZ\" \/>\n<meta property=\"og:type\" content=\"article\" \/>\n<meta property=\"og:title\" content=\"Radikalizm v\u0259 ekstremizml\u0259 ba\u011fl\u0131 Z\u0259rdabda seminar-m\u00fc\u015favir\u0259 ke\u00e7irilib - FOTOLAR - Z\u0259rdab.com\" \/>\n<meta property=\"og:description\" content=\"Sentyabr\u0131n 11-d\u0259 Z\u0259rdab Rayon \u0130cra Hakimiyy\u0259tind\u0259 \u201cRadikalizm v\u0259 ekstremizmin mahiyy\u0259ti, yaranma s\u0259b\u0259bl\u0259ri v\u0259 onlara qar\u015f\u0131 m\u00fcbariz\u0259nin h\u00fcquqi \u0259saslar\u0131\u201d m\u00f6vzusunda regional seminar-m\u00fc\u015favir\u0259 ke\u00e7irilib. Zerdab.com x\u0259b\u0259r verir ki, t\u0259dbird\u0259 Ba\u015f Prokurorluq, Daxili \u0130\u015fl\u0259r v\u0259 \u018fdliyy\u0259 nazirlikl\u0259ri, D\u00f6vl\u0259t T\u0259hl\u00fck\u0259sizliyi Xidm\u0259ti v\u0259 Dini Qurumlarla \u0130\u015f \u00fczr\u0259 D\u00f6vl\u0259t Komit\u0259sinin (DQ\u0130DK) Z\u0259rdab, \u0130mi\u015fli, Beyl\u0259qan, A\u011fcab\u0259di, A\u011fdam, F\u00fczuli, K\u00fcrd\u0259mir, La\u00e7\u0131n v\u0259 Xocav\u0259nd [&hellip;]\" \/>\n<meta property=\"og:url\" content=\"https:\/\/www.zerdab.com\/?p=25031\" \/>\n<meta property=\"og:site_name\" content=\"Z\u0259rdab.com\" \/>\n<meta property=\"article:published_time\" content=\"2017-09-12T13:38:02+00:00\" \/>\n<meta property=\"og:image\" content=\"http:\/\/www.zerdab.com\/wp-content\/uploads\/2017\/09\/Zerdab-rayonu1-1-550x365.jpg\" \/>\n<meta name=\"author\" content=\"admin\" \/>\n<meta name=\"twitter:card\" content=\"summary_large_image\" \/>\n<meta name=\"twitter:label1\" content=\"Written by\" \/>\n\t<meta name=\"twitter:data1\" content=\"admin\" \/>\n\t<meta name=\"twitter:label2\" content=\"Est. reading time\" \/>\n\t<meta name=\"twitter:data2\" content=\"5 minutes\" \/>\n<script type=\"application\/ld+json\" class=\"yoast-schema-graph\">{\"@context\":\"https:\/\/schema.org\",\"@graph\":[{\"@type\":\"Article\",\"@id\":\"https:\/\/www.zerdab.com\/?p=25031#article\",\"isPartOf\":{\"@id\":\"https:\/\/www.zerdab.com\/?p=25031\"},\"author\":{\"name\":\"admin\",\"@id\":\"https:\/\/www.zerdab.com\/#\/schema\/person\/97079b7570c1e89ec0d9e138c3672136\"},\"headline\":\"Radikalizm v\u0259 ekstremizml\u0259 ba\u011fl\u0131 Z\u0259rdabda seminar-m\u00fc\u015favir\u0259 ke\u00e7irilib &#8211; FOTOLAR\",\"datePublished\":\"2017-09-12T13:38:02+00:00\",\"mainEntityOfPage\":{\"@id\":\"https:\/\/www.zerdab.com\/?p=25031\"},\"wordCount\":987,\"commentCount\":0,\"image\":{\"@id\":\"https:\/\/www.zerdab.com\/?p=25031#primaryimage\"},\"thumbnailUrl\":\"http:\/\/www.zerdab.com\/wp-content\/uploads\/2017\/09\/Zerdab-rayonu1-1-550x365.jpg\",\"articleSection\":[\"C\u018fM\u0130YY\u018fT\"],\"inLanguage\":\"az\",\"potentialAction\":[{\"@type\":\"CommentAction\",\"name\":\"Comment\",\"target\":[\"https:\/\/www.zerdab.com\/?p=25031#respond\"]}]},{\"@type\":\"WebPage\",\"@id\":\"https:\/\/www.zerdab.com\/?p=25031\",\"url\":\"https:\/\/www.zerdab.com\/?p=25031\",\"name\":\"Radikalizm v\u0259 ekstremizml\u0259 ba\u011fl\u0131 Z\u0259rdabda seminar-m\u00fc\u015favir\u0259 ke\u00e7irilib - FOTOLAR - Z\u0259rdab.com\",\"isPartOf\":{\"@id\":\"https:\/\/www.zerdab.com\/#website\"},\"primaryImageOfPage\":{\"@id\":\"https:\/\/www.zerdab.com\/?p=25031#primaryimage\"},\"image\":{\"@id\":\"https:\/\/www.zerdab.com\/?p=25031#primaryimage\"},\"thumbnailUrl\":\"http:\/\/www.zerdab.com\/wp-content\/uploads\/2017\/09\/Zerdab-rayonu1-1-550x365.jpg\",\"datePublished\":\"2017-09-12T13:38:02+00:00\",\"author\":{\"@id\":\"https:\/\/www.zerdab.com\/#\/schema\/person\/97079b7570c1e89ec0d9e138c3672136\"},\"breadcrumb\":{\"@id\":\"https:\/\/www.zerdab.com\/?p=25031#breadcrumb\"},\"inLanguage\":\"az\",\"potentialAction\":[{\"@type\":\"ReadAction\",\"target\":[\"https:\/\/www.zerdab.com\/?p=25031\"]}]},{\"@type\":\"ImageObject\",\"inLanguage\":\"az\",\"@id\":\"https:\/\/www.zerdab.com\/?p=25031#primaryimage\",\"url\":\"\",\"contentUrl\":\"\"},{\"@type\":\"BreadcrumbList\",\"@id\":\"https:\/\/www.zerdab.com\/?p=25031#breadcrumb\",\"itemListElement\":[{\"@type\":\"ListItem\",\"position\":1,\"name\":\"Home\",\"item\":\"https:\/\/www.zerdab.com\/\"},{\"@type\":\"ListItem\",\"position\":2,\"name\":\"Radikalizm v\u0259 ekstremizml\u0259 ba\u011fl\u0131 Z\u0259rdabda seminar-m\u00fc\u015favir\u0259 ke\u00e7irilib &#8211; FOTOLAR\"}]},{\"@type\":\"WebSite\",\"@id\":\"https:\/\/www.zerdab.com\/#website\",\"url\":\"https:\/\/www.zerdab.com\/\",\"name\":\"Z\u0259rdab.com\",\"description\":\"\",\"potentialAction\":[{\"@type\":\"SearchAction\",\"target\":{\"@type\":\"EntryPoint\",\"urlTemplate\":\"https:\/\/www.zerdab.com\/?s={search_term_string}\"},\"query-input\":{\"@type\":\"PropertyValueSpecification\",\"valueRequired\":true,\"valueName\":\"search_term_string\"}}],\"inLanguage\":\"az\"},{\"@type\":\"Person\",\"@id\":\"https:\/\/www.zerdab.com\/#\/schema\/person\/97079b7570c1e89ec0d9e138c3672136\",\"name\":\"admin\",\"image\":{\"@type\":\"ImageObject\",\"inLanguage\":\"az\",\"@id\":\"https:\/\/www.zerdab.com\/#\/schema\/person\/image\/\",\"url\":\"https:\/\/secure.gravatar.com\/avatar\/d9c52a9a27c32119cb6679a077fa3e2779e5f822c451cbf01098004361d466ec?s=96&d=mm&r=g\",\"contentUrl\":\"https:\/\/secure.gravatar.com\/avatar\/d9c52a9a27c32119cb6679a077fa3e2779e5f822c451cbf01098004361d466ec?s=96&d=mm&r=g\",\"caption\":\"admin\"},\"url\":\"https:\/\/www.zerdab.com\/?author=1\"}]}<\/script>\n<!-- \/ Yoast SEO plugin. -->","yoast_head_json":{"title":"Radikalizm v\u0259 ekstremizml\u0259 ba\u011fl\u0131 Z\u0259rdabda seminar-m\u00fc\u015favir\u0259 ke\u00e7irilib - FOTOLAR - Z\u0259rdab.com","robots":{"index":"index","follow":"follow","max-snippet":"max-snippet:-1","max-image-preview":"max-image-preview:large","max-video-preview":"max-video-preview:-1"},"canonical":"https:\/\/www.zerdab.com\/?p=25031","og_locale":"az_AZ","og_type":"article","og_title":"Radikalizm v\u0259 ekstremizml\u0259 ba\u011fl\u0131 Z\u0259rdabda seminar-m\u00fc\u015favir\u0259 ke\u00e7irilib - FOTOLAR - Z\u0259rdab.com","og_description":"Sentyabr\u0131n 11-d\u0259 Z\u0259rdab Rayon \u0130cra Hakimiyy\u0259tind\u0259 \u201cRadikalizm v\u0259 ekstremizmin mahiyy\u0259ti, yaranma s\u0259b\u0259bl\u0259ri v\u0259 onlara qar\u015f\u0131 m\u00fcbariz\u0259nin h\u00fcquqi \u0259saslar\u0131\u201d m\u00f6vzusunda regional seminar-m\u00fc\u015favir\u0259 ke\u00e7irilib. Zerdab.com x\u0259b\u0259r verir ki, t\u0259dbird\u0259 Ba\u015f Prokurorluq, Daxili \u0130\u015fl\u0259r v\u0259 \u018fdliyy\u0259 nazirlikl\u0259ri, D\u00f6vl\u0259t T\u0259hl\u00fck\u0259sizliyi Xidm\u0259ti v\u0259 Dini Qurumlarla \u0130\u015f \u00fczr\u0259 D\u00f6vl\u0259t Komit\u0259sinin (DQ\u0130DK) Z\u0259rdab, \u0130mi\u015fli, Beyl\u0259qan, A\u011fcab\u0259di, A\u011fdam, F\u00fczuli, K\u00fcrd\u0259mir, La\u00e7\u0131n v\u0259 Xocav\u0259nd [&hellip;]","og_url":"https:\/\/www.zerdab.com\/?p=25031","og_site_name":"Z\u0259rdab.com","article_published_time":"2017-09-12T13:38:02+00:00","og_image":[{"url":"http:\/\/www.zerdab.com\/wp-content\/uploads\/2017\/09\/Zerdab-rayonu1-1-550x365.jpg","type":"","width":"","height":""}],"author":"admin","twitter_card":"summary_large_image","twitter_misc":{"Written by":"admin","Est. reading time":"5 minutes"},"schema":{"@context":"https:\/\/schema.org","@graph":[{"@type":"Article","@id":"https:\/\/www.zerdab.com\/?p=25031#article","isPartOf":{"@id":"https:\/\/www.zerdab.com\/?p=25031"},"author":{"name":"admin","@id":"https:\/\/www.zerdab.com\/#\/schema\/person\/97079b7570c1e89ec0d9e138c3672136"},"headline":"Radikalizm v\u0259 ekstremizml\u0259 ba\u011fl\u0131 Z\u0259rdabda seminar-m\u00fc\u015favir\u0259 ke\u00e7irilib &#8211; FOTOLAR","datePublished":"2017-09-12T13:38:02+00:00","mainEntityOfPage":{"@id":"https:\/\/www.zerdab.com\/?p=25031"},"wordCount":987,"commentCount":0,"image":{"@id":"https:\/\/www.zerdab.com\/?p=25031#primaryimage"},"thumbnailUrl":"http:\/\/www.zerdab.com\/wp-content\/uploads\/2017\/09\/Zerdab-rayonu1-1-550x365.jpg","articleSection":["C\u018fM\u0130YY\u018fT"],"inLanguage":"az","potentialAction":[{"@type":"CommentAction","name":"Comment","target":["https:\/\/www.zerdab.com\/?p=25031#respond"]}]},{"@type":"WebPage","@id":"https:\/\/www.zerdab.com\/?p=25031","url":"https:\/\/www.zerdab.com\/?p=25031","name":"Radikalizm v\u0259 ekstremizml\u0259 ba\u011fl\u0131 Z\u0259rdabda seminar-m\u00fc\u015favir\u0259 ke\u00e7irilib - FOTOLAR - Z\u0259rdab.com","isPartOf":{"@id":"https:\/\/www.zerdab.com\/#website"},"primaryImageOfPage":{"@id":"https:\/\/www.zerdab.com\/?p=25031#primaryimage"},"image":{"@id":"https:\/\/www.zerdab.com\/?p=25031#primaryimage"},"thumbnailUrl":"http:\/\/www.zerdab.com\/wp-content\/uploads\/2017\/09\/Zerdab-rayonu1-1-550x365.jpg","datePublished":"2017-09-12T13:38:02+00:00","author":{"@id":"https:\/\/www.zerdab.com\/#\/schema\/person\/97079b7570c1e89ec0d9e138c3672136"},"breadcrumb":{"@id":"https:\/\/www.zerdab.com\/?p=25031#breadcrumb"},"inLanguage":"az","potentialAction":[{"@type":"ReadAction","target":["https:\/\/www.zerdab.com\/?p=25031"]}]},{"@type":"ImageObject","inLanguage":"az","@id":"https:\/\/www.zerdab.com\/?p=25031#primaryimage","url":"","contentUrl":""},{"@type":"BreadcrumbList","@id":"https:\/\/www.zerdab.com\/?p=25031#breadcrumb","itemListElement":[{"@type":"ListItem","position":1,"name":"Home","item":"https:\/\/www.zerdab.com\/"},{"@type":"ListItem","position":2,"name":"Radikalizm v\u0259 ekstremizml\u0259 ba\u011fl\u0131 Z\u0259rdabda seminar-m\u00fc\u015favir\u0259 ke\u00e7irilib &#8211; FOTOLAR"}]},{"@type":"WebSite","@id":"https:\/\/www.zerdab.com\/#website","url":"https:\/\/www.zerdab.com\/","name":"Z\u0259rdab.com","description":"","potentialAction":[{"@type":"SearchAction","target":{"@type":"EntryPoint","urlTemplate":"https:\/\/www.zerdab.com\/?s={search_term_string}"},"query-input":{"@type":"PropertyValueSpecification","valueRequired":true,"valueName":"search_term_string"}}],"inLanguage":"az"},{"@type":"Person","@id":"https:\/\/www.zerdab.com\/#\/schema\/person\/97079b7570c1e89ec0d9e138c3672136","name":"admin","image":{"@type":"ImageObject","inLanguage":"az","@id":"https:\/\/www.zerdab.com\/#\/schema\/person\/image\/","url":"https:\/\/secure.gravatar.com\/avatar\/d9c52a9a27c32119cb6679a077fa3e2779e5f822c451cbf01098004361d466ec?s=96&d=mm&r=g","contentUrl":"https:\/\/secure.gravatar.com\/avatar\/d9c52a9a27c32119cb6679a077fa3e2779e5f822c451cbf01098004361d466ec?s=96&d=mm&r=g","caption":"admin"},"url":"https:\/\/www.zerdab.com\/?author=1"}]}},"_links":{"self":[{"href":"https:\/\/www.zerdab.com\/index.php?rest_route=\/wp\/v2\/posts\/25031","targetHints":{"allow":["GET"]}}],"collection":[{"href":"https:\/\/www.zerdab.com\/index.php?rest_route=\/wp\/v2\/posts"}],"about":[{"href":"https:\/\/www.zerdab.com\/index.php?rest_route=\/wp\/v2\/types\/post"}],"author":[{"embeddable":true,"href":"https:\/\/www.zerdab.com\/index.php?rest_route=\/wp\/v2\/users\/1"}],"replies":[{"embeddable":true,"href":"https:\/\/www.zerdab.com\/index.php?rest_route=%2Fwp%2Fv2%2Fcomments&post=25031"}],"version-history":[{"count":2,"href":"https:\/\/www.zerdab.com\/index.php?rest_route=\/wp\/v2\/posts\/25031\/revisions"}],"predecessor-version":[{"id":25042,"href":"https:\/\/www.zerdab.com\/index.php?rest_route=\/wp\/v2\/posts\/25031\/revisions\/25042"}],"wp:attachment":[{"href":"https:\/\/www.zerdab.com\/index.php?rest_route=%2Fwp%2Fv2%2Fmedia&parent=25031"}],"wp:term":[{"taxonomy":"category","embeddable":true,"href":"https:\/\/www.zerdab.com\/index.php?rest_route=%2Fwp%2Fv2%2Fcategories&post=25031"},{"taxonomy":"post_tag","embeddable":true,"href":"https:\/\/www.zerdab.com\/index.php?rest_route=%2Fwp%2Fv2%2Ftags&post=25031"}],"curies":[{"name":"wp","href":"https:\/\/api.w.org\/{rel}","templated":true}]}}