{"id":25073,"date":"2017-09-16T18:11:15","date_gmt":"2017-09-16T14:11:15","guid":{"rendered":"http:\/\/www.zerdab.com\/?p=25073"},"modified":"2017-09-18T18:13:10","modified_gmt":"2017-09-18T14:13:10","slug":"az%c9%99rbaycan-respublikasinin-prezidenti-yaninda-bilik-fondu-z%c9%99rdabda-t%c9%99dbir-kecirib-fotolar","status":"publish","type":"post","link":"https:\/\/www.zerdab.com\/?p=25073","title":{"rendered":"Az\u0259rbaycan Respublikas\u0131n\u0131n Prezidenti yan\u0131nda Bilik Fondu Z\u0259rdabda t\u0259dbir ke\u00e7irib &#8211; FOTOLAR"},"content":{"rendered":"<p>Az\u0259rbaycan Respublikas\u0131n\u0131n Prezidenti yan\u0131nda Bilik Fondu Z\u0259rdabda \u201c\u0130slam H\u0259mr\u0259yliyi \u0130li\u201d v\u0259 15 sentyabr &#8211; Bilik g\u00fcn\u00fc m\u00fcnasib\u0259til\u0259 \u201cHeyd\u0259r \u018fliyev \u0130slam h\u0259mr\u0259yliyi ideyas\u0131n\u0131n banisidir\u201d m\u00f6vzusunda t\u0259dbir ke\u00e7irib.<\/p>\n<p><span style=\"color: #ff0000;\"><strong>Zerdab.com<\/strong><\/span> sayt\u0131 AZ\u018fRTAC-a istinad\u0259n x\u0259b\u0259r verir ki, yeni d\u0259rs ilinin ba\u015flanmas\u0131 m\u00fcnasib\u0259til\u0259 rayonun G\u0259lm\u0259 k\u0259nd m\u0259kt\u0259bind\u0259 t\u0259\u015fkil edil\u0259n ilk z\u0259ng m\u0259rasimind\u0259n sonra m\u00fc\u0259llim v\u0259 \u015fagird kollektivin\u0259, ictimaiyy\u0259t n\u00fcmay\u0259nd\u0259l\u0259rin\u0259 Ulu \u00d6nd\u0259rin \u0130slam h\u0259mr\u0259yliyinin g\u00fccl\u0259ndirilm\u0259si istiqam\u0259tind\u0259 atd\u0131\u011f\u0131 add\u0131mlardan, el\u0259c\u0259 d\u0259 rayonda bu sah\u0259d\u0259 g\u00f6r\u00fcl\u0259n i\u015fl\u0259rd\u0259n b\u0259hs olunub.<\/p>\n<p>Milli M\u0259clisin M\u0259d\u0259niyy\u0259t komit\u0259sinin s\u0259dr m\u00fcavini, deputat Jal\u0259 \u018fliyeva \u00e7\u0131x\u0131\u015f ed\u0259r\u0259k bildirib ki, bu g\u00fcn Prezident \u0130lham \u018fliyevin h\u0259yata ke\u00e7irdiyi u\u011furlu siyas\u0259t n\u0259tic\u0259sind\u0259 \u00f6lk\u0259mizd\u0259 sabitlik \u0259ld\u0259 olunub, davaml\u0131 sosial-iqtisadi islahatlar realla\u015fd\u0131r\u0131l\u0131r, geni\u015f quruculuq i\u015fl\u0259ri apar\u0131l\u0131r. K\u0259ndl\u0259r abadla\u015f\u0131r, m\u00fcasir infrastruktur yarad\u0131l\u0131r. Dig\u0259r sah\u0259l\u0259rl\u0259 yana\u015f\u0131, t\u0259hsil\u0259 g\u00f6st\u0259ril\u0259n d\u00f6vl\u0259t qay\u011f\u0131s\u0131ndan da s\u00f6z a\u00e7an J.\u018fliyeva diqq\u0259t\u0259 \u00e7atd\u0131r\u0131b ki, Az\u0259rbaycanda t\u0259hsilin m\u00fcasir standartlara cavab verm\u0259si \u00fcmummilli lider Heyd\u0259r \u018fliyevin siyasi v\u0259 d\u00f6vl\u0259t\u00e7ilik f\u0259aliyy\u0259ti n\u0259tic\u0259sind\u0259 m\u00fcmk\u00fcn olub. D\u00f6vl\u0259timizin ba\u015f\u00e7\u0131s\u0131 haz\u0131rda bu siyas\u0259ti u\u011furla davam etdirir.<\/p>\n<p>Daha sonra \u201cHeyd\u0259r \u018fliyev \u0130slam h\u0259mr\u0259yliyi ideyas\u0131n\u0131n banisidir\u201d m\u00f6vzusunda m\u00fchazir\u0259 s\u00f6yl\u0259y\u0259n Milli M\u0259clisin deputat\u0131 qeyd edib ki, tarixi z\u0259rur\u0259t v\u0259 \u00fcmumxalq ist\u0259yi n\u0259tic\u0259sind\u0259 yenid\u0259n Az\u0259rbaycana r\u0259hb\u0259rliy\u0259 qay\u0131dan \u00fcmummilli lider Heyd\u0259r \u018fliyev b\u00fct\u00fcn sah\u0259l\u0259rd\u0259 oldu\u011fu kimi, n\u0259inki do\u011fma Az\u0259rbaycan\u0131m\u0131zda dini konfessiyalar aras\u0131nda h\u0259mr\u0259yliy\u0259 nail olmaq, h\u0259m\u00e7inin b\u00fct\u00fcn \u0130slam d\u00fcnyas\u0131n\u0131 h\u0259mr\u0259ylik, qar\u015f\u0131l\u0131ql\u0131 h\u00f6rm\u0259t \u0259sas\u0131nda bir araya g\u0259tirm\u0259k \u00fc\u00e7\u00fcn titanik f\u0259aliyy\u0259t g\u00f6st\u0259rib. Respublikam\u0131zda din v\u0259 etiqad azadl\u0131\u011f\u0131 tam t\u0259min olunub, milli-m\u0259n\u0259vi d\u0259y\u0259rl\u0259r\u0259 m\u00fcnasib\u0259t k\u00f6k\u00fcnd\u0259n d\u0259yi\u015fib, dini ayin v\u0259 m\u0259rasiml\u0259ri yerin\u0259 yetirm\u0259k \u00fc\u00e7\u00fcn b\u00fct\u00fcn dinl\u0259r\u0259 m\u0259nsub olan insanlara b\u0259rab\u0259r imkanlar yarad\u0131l\u0131b. Ulu \u00d6nd\u0259r milli, dini d\u0259y\u0259rl\u0259rimizin qorunmas\u0131nda v\u0259 m\u00f6hk\u0259ml\u0259ndirilm\u0259sind\u0259, tolerantl\u0131\u011f\u0131n v\u0259 multikulturalizmin d\u00f6vl\u0259t siyas\u0259ti s\u0259viyy\u0259sin\u0259 qald\u0131r\u0131lmas\u0131nda misilsiz xidm\u0259tl\u0259r g\u00f6st\u0259rib. 2017-ci ilin Az\u0259rbaycan Respublikas\u0131nda \u201c\u0130slam H\u0259mr\u0259yliyi \u0130li\u201d elan edilm\u0259si d\u0259 m\u0259hz \u00f6lk\u0259mizd\u0259 tarix\u0259n formala\u015fan b\u0259\u015f\u0259ri d\u0259y\u0259rl\u0259rd\u0259n qaynaqlan\u0131r.<\/p>\n<p>Sonda \u015fagirdl\u0259ri maraqland\u0131ran suallar cavabland\u0131r\u0131l\u0131b.<\/p>\n<p><a href=\"http:\/\/www.zerdab.com\/az%c9%99rbaycan-respublikasinin-prezidenti-yaninda-bilik-fondu-z%c9%99rdabda-t%c9%99dbir-kecirib-fotolar\/jale-eliyeva1-5\/\" rel=\"attachment wp-att-25075\"><img loading=\"lazy\" decoding=\"async\" class=\"aligncenter size-large wp-image-25075\" src=\"http:\/\/www.zerdab.com\/wp-content\/uploads\/2017\/09\/Jale-Eliyeva1-550x365.jpg\" alt=\"Jale Eliyeva\" width=\"550\" height=\"365\" \/><\/a><\/p>\n<p><a href=\"http:\/\/www.zerdab.com\/az%c9%99rbaycan-respublikasinin-prezidenti-yaninda-bilik-fondu-z%c9%99rdabda-t%c9%99dbir-kecirib-fotolar\/jale-eliyeva3-4\/\" rel=\"attachment wp-att-25076\"><img loading=\"lazy\" decoding=\"async\" class=\"aligncenter size-large wp-image-25076\" src=\"http:\/\/www.zerdab.com\/wp-content\/uploads\/2017\/09\/Jale-Eliyeva3-550x371.jpg\" alt=\"Jale Eliyeva\" width=\"550\" height=\"371\" \/><\/a><\/p>\n<p><a href=\"http:\/\/www.zerdab.com\/az%c9%99rbaycan-respublikasinin-prezidenti-yaninda-bilik-fondu-z%c9%99rdabda-t%c9%99dbir-kecirib-fotolar\/jale-eliyeva4\/\" rel=\"attachment wp-att-25077\"><img loading=\"lazy\" decoding=\"async\" class=\"aligncenter size-large wp-image-25077\" src=\"http:\/\/www.zerdab.com\/wp-content\/uploads\/2017\/09\/Jale-Eliyeva4-550x365.jpg\" alt=\"Jale Eliyeva\" width=\"550\" height=\"365\" \/><\/a><\/p>\n","protected":false},"excerpt":{"rendered":"<p>Az\u0259rbaycan Respublikas\u0131n\u0131n Prezidenti yan\u0131nda Bilik Fondu Z\u0259rdabda \u201c\u0130slam H\u0259mr\u0259yliyi \u0130li\u201d v\u0259 15 sentyabr &#8211; Bilik g\u00fcn\u00fc m\u00fcnasib\u0259til\u0259 \u201cHeyd\u0259r \u018fliyev \u0130slam h\u0259mr\u0259yliyi ideyas\u0131n\u0131n banisidir\u201d m\u00f6vzusunda t\u0259dbir ke\u00e7irib. Zerdab.com sayt\u0131 AZ\u018fRTAC-a istinad\u0259n x\u0259b\u0259r verir ki, yeni d\u0259rs ilinin ba\u015flanmas\u0131 m\u00fcnasib\u0259til\u0259 rayonun G\u0259lm\u0259 k\u0259nd m\u0259kt\u0259bind\u0259 t\u0259\u015fkil edil\u0259n ilk z\u0259ng m\u0259rasimind\u0259n sonra m\u00fc\u0259llim v\u0259 \u015fagird kollektivin\u0259, ictimaiyy\u0259t n\u00fcmay\u0259nd\u0259l\u0259rin\u0259 Ulu [&hellip;]<\/p>\n","protected":false},"author":1,"featured_media":0,"comment_status":"open","ping_status":"open","sticky":false,"template":"","format":"standard","meta":{"footnotes":""},"categories":[21],"tags":[],"class_list":{"0":"post-25073","1":"post","2":"type-post","3":"status-publish","4":"format-standard","6":"category-zrdab"},"yoast_head":"<!-- This site is optimized with the Yoast SEO plugin v27.0 - https:\/\/yoast.com\/product\/yoast-seo-wordpress\/ -->\n<title>Az\u0259rbaycan Respublikas\u0131n\u0131n Prezidenti yan\u0131nda Bilik Fondu Z\u0259rdabda t\u0259dbir ke\u00e7irib - FOTOLAR - Z\u0259rdab.com<\/title>\n<meta name=\"robots\" content=\"index, follow, max-snippet:-1, max-image-preview:large, max-video-preview:-1\" \/>\n<link rel=\"canonical\" href=\"https:\/\/www.zerdab.com\/?p=25073\" \/>\n<meta property=\"og:locale\" content=\"az_AZ\" \/>\n<meta property=\"og:type\" content=\"article\" \/>\n<meta property=\"og:title\" content=\"Az\u0259rbaycan Respublikas\u0131n\u0131n Prezidenti yan\u0131nda Bilik Fondu Z\u0259rdabda t\u0259dbir ke\u00e7irib - FOTOLAR - Z\u0259rdab.com\" \/>\n<meta property=\"og:description\" content=\"Az\u0259rbaycan Respublikas\u0131n\u0131n Prezidenti yan\u0131nda Bilik Fondu Z\u0259rdabda \u201c\u0130slam H\u0259mr\u0259yliyi \u0130li\u201d v\u0259 15 sentyabr &#8211; Bilik g\u00fcn\u00fc m\u00fcnasib\u0259til\u0259 \u201cHeyd\u0259r \u018fliyev \u0130slam h\u0259mr\u0259yliyi ideyas\u0131n\u0131n banisidir\u201d m\u00f6vzusunda t\u0259dbir ke\u00e7irib. Zerdab.com sayt\u0131 AZ\u018fRTAC-a istinad\u0259n x\u0259b\u0259r verir ki, yeni d\u0259rs ilinin ba\u015flanmas\u0131 m\u00fcnasib\u0259til\u0259 rayonun G\u0259lm\u0259 k\u0259nd m\u0259kt\u0259bind\u0259 t\u0259\u015fkil edil\u0259n ilk z\u0259ng m\u0259rasimind\u0259n sonra m\u00fc\u0259llim v\u0259 \u015fagird kollektivin\u0259, ictimaiyy\u0259t n\u00fcmay\u0259nd\u0259l\u0259rin\u0259 Ulu [&hellip;]\" \/>\n<meta property=\"og:url\" content=\"https:\/\/www.zerdab.com\/?p=25073\" \/>\n<meta property=\"og:site_name\" content=\"Z\u0259rdab.com\" \/>\n<meta property=\"article:published_time\" content=\"2017-09-16T14:11:15+00:00\" \/>\n<meta property=\"article:modified_time\" content=\"2017-09-18T14:13:10+00:00\" \/>\n<meta property=\"og:image\" content=\"http:\/\/www.zerdab.com\/wp-content\/uploads\/2017\/09\/Jale-Eliyeva1-550x365.jpg\" \/>\n<meta name=\"author\" content=\"admin\" \/>\n<meta name=\"twitter:card\" content=\"summary_large_image\" \/>\n<meta name=\"twitter:label1\" content=\"Written by\" \/>\n\t<meta name=\"twitter:data1\" content=\"admin\" \/>\n\t<meta name=\"twitter:label2\" content=\"Est. reading time\" \/>\n\t<meta name=\"twitter:data2\" content=\"3 minutes\" \/>\n<script type=\"application\/ld+json\" class=\"yoast-schema-graph\">{\"@context\":\"https:\/\/schema.org\",\"@graph\":[{\"@type\":\"Article\",\"@id\":\"https:\/\/www.zerdab.com\/?p=25073#article\",\"isPartOf\":{\"@id\":\"https:\/\/www.zerdab.com\/?p=25073\"},\"author\":{\"name\":\"admin\",\"@id\":\"https:\/\/www.zerdab.com\/#\/schema\/person\/97079b7570c1e89ec0d9e138c3672136\"},\"headline\":\"Az\u0259rbaycan Respublikas\u0131n\u0131n Prezidenti yan\u0131nda Bilik Fondu Z\u0259rdabda t\u0259dbir ke\u00e7irib &#8211; FOTOLAR\",\"datePublished\":\"2017-09-16T14:11:15+00:00\",\"dateModified\":\"2017-09-18T14:13:10+00:00\",\"mainEntityOfPage\":{\"@id\":\"https:\/\/www.zerdab.com\/?p=25073\"},\"wordCount\":542,\"commentCount\":0,\"image\":{\"@id\":\"https:\/\/www.zerdab.com\/?p=25073#primaryimage\"},\"thumbnailUrl\":\"http:\/\/www.zerdab.com\/wp-content\/uploads\/2017\/09\/Jale-Eliyeva1-550x365.jpg\",\"articleSection\":[\"C\u018fM\u0130YY\u018fT\"],\"inLanguage\":\"az\",\"potentialAction\":[{\"@type\":\"CommentAction\",\"name\":\"Comment\",\"target\":[\"https:\/\/www.zerdab.com\/?p=25073#respond\"]}]},{\"@type\":\"WebPage\",\"@id\":\"https:\/\/www.zerdab.com\/?p=25073\",\"url\":\"https:\/\/www.zerdab.com\/?p=25073\",\"name\":\"Az\u0259rbaycan Respublikas\u0131n\u0131n Prezidenti yan\u0131nda Bilik Fondu Z\u0259rdabda t\u0259dbir ke\u00e7irib - FOTOLAR - Z\u0259rdab.com\",\"isPartOf\":{\"@id\":\"https:\/\/www.zerdab.com\/#website\"},\"primaryImageOfPage\":{\"@id\":\"https:\/\/www.zerdab.com\/?p=25073#primaryimage\"},\"image\":{\"@id\":\"https:\/\/www.zerdab.com\/?p=25073#primaryimage\"},\"thumbnailUrl\":\"http:\/\/www.zerdab.com\/wp-content\/uploads\/2017\/09\/Jale-Eliyeva1-550x365.jpg\",\"datePublished\":\"2017-09-16T14:11:15+00:00\",\"dateModified\":\"2017-09-18T14:13:10+00:00\",\"author\":{\"@id\":\"https:\/\/www.zerdab.com\/#\/schema\/person\/97079b7570c1e89ec0d9e138c3672136\"},\"breadcrumb\":{\"@id\":\"https:\/\/www.zerdab.com\/?p=25073#breadcrumb\"},\"inLanguage\":\"az\",\"potentialAction\":[{\"@type\":\"ReadAction\",\"target\":[\"https:\/\/www.zerdab.com\/?p=25073\"]}]},{\"@type\":\"ImageObject\",\"inLanguage\":\"az\",\"@id\":\"https:\/\/www.zerdab.com\/?p=25073#primaryimage\",\"url\":\"\",\"contentUrl\":\"\"},{\"@type\":\"BreadcrumbList\",\"@id\":\"https:\/\/www.zerdab.com\/?p=25073#breadcrumb\",\"itemListElement\":[{\"@type\":\"ListItem\",\"position\":1,\"name\":\"Home\",\"item\":\"https:\/\/www.zerdab.com\/\"},{\"@type\":\"ListItem\",\"position\":2,\"name\":\"Az\u0259rbaycan Respublikas\u0131n\u0131n Prezidenti yan\u0131nda Bilik Fondu Z\u0259rdabda t\u0259dbir ke\u00e7irib &#8211; FOTOLAR\"}]},{\"@type\":\"WebSite\",\"@id\":\"https:\/\/www.zerdab.com\/#website\",\"url\":\"https:\/\/www.zerdab.com\/\",\"name\":\"Z\u0259rdab.com\",\"description\":\"\",\"potentialAction\":[{\"@type\":\"SearchAction\",\"target\":{\"@type\":\"EntryPoint\",\"urlTemplate\":\"https:\/\/www.zerdab.com\/?s={search_term_string}\"},\"query-input\":{\"@type\":\"PropertyValueSpecification\",\"valueRequired\":true,\"valueName\":\"search_term_string\"}}],\"inLanguage\":\"az\"},{\"@type\":\"Person\",\"@id\":\"https:\/\/www.zerdab.com\/#\/schema\/person\/97079b7570c1e89ec0d9e138c3672136\",\"name\":\"admin\",\"image\":{\"@type\":\"ImageObject\",\"inLanguage\":\"az\",\"@id\":\"https:\/\/www.zerdab.com\/#\/schema\/person\/image\/\",\"url\":\"https:\/\/secure.gravatar.com\/avatar\/d9c52a9a27c32119cb6679a077fa3e2779e5f822c451cbf01098004361d466ec?s=96&d=mm&r=g\",\"contentUrl\":\"https:\/\/secure.gravatar.com\/avatar\/d9c52a9a27c32119cb6679a077fa3e2779e5f822c451cbf01098004361d466ec?s=96&d=mm&r=g\",\"caption\":\"admin\"},\"url\":\"https:\/\/www.zerdab.com\/?author=1\"}]}<\/script>\n<!-- \/ Yoast SEO plugin. -->","yoast_head_json":{"title":"Az\u0259rbaycan Respublikas\u0131n\u0131n Prezidenti yan\u0131nda Bilik Fondu Z\u0259rdabda t\u0259dbir ke\u00e7irib - FOTOLAR - Z\u0259rdab.com","robots":{"index":"index","follow":"follow","max-snippet":"max-snippet:-1","max-image-preview":"max-image-preview:large","max-video-preview":"max-video-preview:-1"},"canonical":"https:\/\/www.zerdab.com\/?p=25073","og_locale":"az_AZ","og_type":"article","og_title":"Az\u0259rbaycan Respublikas\u0131n\u0131n Prezidenti yan\u0131nda Bilik Fondu Z\u0259rdabda t\u0259dbir ke\u00e7irib - FOTOLAR - Z\u0259rdab.com","og_description":"Az\u0259rbaycan Respublikas\u0131n\u0131n Prezidenti yan\u0131nda Bilik Fondu Z\u0259rdabda \u201c\u0130slam H\u0259mr\u0259yliyi \u0130li\u201d v\u0259 15 sentyabr &#8211; Bilik g\u00fcn\u00fc m\u00fcnasib\u0259til\u0259 \u201cHeyd\u0259r \u018fliyev \u0130slam h\u0259mr\u0259yliyi ideyas\u0131n\u0131n banisidir\u201d m\u00f6vzusunda t\u0259dbir ke\u00e7irib. Zerdab.com sayt\u0131 AZ\u018fRTAC-a istinad\u0259n x\u0259b\u0259r verir ki, yeni d\u0259rs ilinin ba\u015flanmas\u0131 m\u00fcnasib\u0259til\u0259 rayonun G\u0259lm\u0259 k\u0259nd m\u0259kt\u0259bind\u0259 t\u0259\u015fkil edil\u0259n ilk z\u0259ng m\u0259rasimind\u0259n sonra m\u00fc\u0259llim v\u0259 \u015fagird kollektivin\u0259, ictimaiyy\u0259t n\u00fcmay\u0259nd\u0259l\u0259rin\u0259 Ulu [&hellip;]","og_url":"https:\/\/www.zerdab.com\/?p=25073","og_site_name":"Z\u0259rdab.com","article_published_time":"2017-09-16T14:11:15+00:00","article_modified_time":"2017-09-18T14:13:10+00:00","og_image":[{"url":"http:\/\/www.zerdab.com\/wp-content\/uploads\/2017\/09\/Jale-Eliyeva1-550x365.jpg","type":"","width":"","height":""}],"author":"admin","twitter_card":"summary_large_image","twitter_misc":{"Written by":"admin","Est. reading time":"3 minutes"},"schema":{"@context":"https:\/\/schema.org","@graph":[{"@type":"Article","@id":"https:\/\/www.zerdab.com\/?p=25073#article","isPartOf":{"@id":"https:\/\/www.zerdab.com\/?p=25073"},"author":{"name":"admin","@id":"https:\/\/www.zerdab.com\/#\/schema\/person\/97079b7570c1e89ec0d9e138c3672136"},"headline":"Az\u0259rbaycan Respublikas\u0131n\u0131n Prezidenti yan\u0131nda Bilik Fondu Z\u0259rdabda t\u0259dbir ke\u00e7irib &#8211; FOTOLAR","datePublished":"2017-09-16T14:11:15+00:00","dateModified":"2017-09-18T14:13:10+00:00","mainEntityOfPage":{"@id":"https:\/\/www.zerdab.com\/?p=25073"},"wordCount":542,"commentCount":0,"image":{"@id":"https:\/\/www.zerdab.com\/?p=25073#primaryimage"},"thumbnailUrl":"http:\/\/www.zerdab.com\/wp-content\/uploads\/2017\/09\/Jale-Eliyeva1-550x365.jpg","articleSection":["C\u018fM\u0130YY\u018fT"],"inLanguage":"az","potentialAction":[{"@type":"CommentAction","name":"Comment","target":["https:\/\/www.zerdab.com\/?p=25073#respond"]}]},{"@type":"WebPage","@id":"https:\/\/www.zerdab.com\/?p=25073","url":"https:\/\/www.zerdab.com\/?p=25073","name":"Az\u0259rbaycan Respublikas\u0131n\u0131n Prezidenti yan\u0131nda Bilik Fondu Z\u0259rdabda t\u0259dbir ke\u00e7irib - FOTOLAR - Z\u0259rdab.com","isPartOf":{"@id":"https:\/\/www.zerdab.com\/#website"},"primaryImageOfPage":{"@id":"https:\/\/www.zerdab.com\/?p=25073#primaryimage"},"image":{"@id":"https:\/\/www.zerdab.com\/?p=25073#primaryimage"},"thumbnailUrl":"http:\/\/www.zerdab.com\/wp-content\/uploads\/2017\/09\/Jale-Eliyeva1-550x365.jpg","datePublished":"2017-09-16T14:11:15+00:00","dateModified":"2017-09-18T14:13:10+00:00","author":{"@id":"https:\/\/www.zerdab.com\/#\/schema\/person\/97079b7570c1e89ec0d9e138c3672136"},"breadcrumb":{"@id":"https:\/\/www.zerdab.com\/?p=25073#breadcrumb"},"inLanguage":"az","potentialAction":[{"@type":"ReadAction","target":["https:\/\/www.zerdab.com\/?p=25073"]}]},{"@type":"ImageObject","inLanguage":"az","@id":"https:\/\/www.zerdab.com\/?p=25073#primaryimage","url":"","contentUrl":""},{"@type":"BreadcrumbList","@id":"https:\/\/www.zerdab.com\/?p=25073#breadcrumb","itemListElement":[{"@type":"ListItem","position":1,"name":"Home","item":"https:\/\/www.zerdab.com\/"},{"@type":"ListItem","position":2,"name":"Az\u0259rbaycan Respublikas\u0131n\u0131n Prezidenti yan\u0131nda Bilik Fondu Z\u0259rdabda t\u0259dbir ke\u00e7irib &#8211; FOTOLAR"}]},{"@type":"WebSite","@id":"https:\/\/www.zerdab.com\/#website","url":"https:\/\/www.zerdab.com\/","name":"Z\u0259rdab.com","description":"","potentialAction":[{"@type":"SearchAction","target":{"@type":"EntryPoint","urlTemplate":"https:\/\/www.zerdab.com\/?s={search_term_string}"},"query-input":{"@type":"PropertyValueSpecification","valueRequired":true,"valueName":"search_term_string"}}],"inLanguage":"az"},{"@type":"Person","@id":"https:\/\/www.zerdab.com\/#\/schema\/person\/97079b7570c1e89ec0d9e138c3672136","name":"admin","image":{"@type":"ImageObject","inLanguage":"az","@id":"https:\/\/www.zerdab.com\/#\/schema\/person\/image\/","url":"https:\/\/secure.gravatar.com\/avatar\/d9c52a9a27c32119cb6679a077fa3e2779e5f822c451cbf01098004361d466ec?s=96&d=mm&r=g","contentUrl":"https:\/\/secure.gravatar.com\/avatar\/d9c52a9a27c32119cb6679a077fa3e2779e5f822c451cbf01098004361d466ec?s=96&d=mm&r=g","caption":"admin"},"url":"https:\/\/www.zerdab.com\/?author=1"}]}},"_links":{"self":[{"href":"https:\/\/www.zerdab.com\/index.php?rest_route=\/wp\/v2\/posts\/25073","targetHints":{"allow":["GET"]}}],"collection":[{"href":"https:\/\/www.zerdab.com\/index.php?rest_route=\/wp\/v2\/posts"}],"about":[{"href":"https:\/\/www.zerdab.com\/index.php?rest_route=\/wp\/v2\/types\/post"}],"author":[{"embeddable":true,"href":"https:\/\/www.zerdab.com\/index.php?rest_route=\/wp\/v2\/users\/1"}],"replies":[{"embeddable":true,"href":"https:\/\/www.zerdab.com\/index.php?rest_route=%2Fwp%2Fv2%2Fcomments&post=25073"}],"version-history":[{"count":2,"href":"https:\/\/www.zerdab.com\/index.php?rest_route=\/wp\/v2\/posts\/25073\/revisions"}],"predecessor-version":[{"id":25079,"href":"https:\/\/www.zerdab.com\/index.php?rest_route=\/wp\/v2\/posts\/25073\/revisions\/25079"}],"wp:attachment":[{"href":"https:\/\/www.zerdab.com\/index.php?rest_route=%2Fwp%2Fv2%2Fmedia&parent=25073"}],"wp:term":[{"taxonomy":"category","embeddable":true,"href":"https:\/\/www.zerdab.com\/index.php?rest_route=%2Fwp%2Fv2%2Fcategories&post=25073"},{"taxonomy":"post_tag","embeddable":true,"href":"https:\/\/www.zerdab.com\/index.php?rest_route=%2Fwp%2Fv2%2Ftags&post=25073"}],"curies":[{"name":"wp","href":"https:\/\/api.w.org\/{rel}","templated":true}]}}