{"id":25092,"date":"2017-09-26T19:16:21","date_gmt":"2017-09-26T15:16:21","guid":{"rendered":"http:\/\/www.zerdab.com\/?p=25092"},"modified":"2017-09-26T19:17:14","modified_gmt":"2017-09-26T15:17:14","slug":"g%c9%99ncl%c9%99r-t%c9%99skilatlari-arasinda-numun%c9%99vi-qht-g%c9%99ncliy%c9%99-d%c9%99st%c9%99k-ictimai-birliyi","status":"publish","type":"post","link":"https:\/\/www.zerdab.com\/?p=25092","title":{"rendered":"G\u0259ncl\u0259r t\u0259\u015fkilatlar\u0131 aras\u0131nda n\u00fcmun\u0259vi QHT &#8211; &#8220;G\u0259ncliy\u0259 D\u0259st\u0259k&#8221; \u0130ctimai Birliyi"},"content":{"rendered":"<p>Az\u0259rbaycanda v\u0259t\u0259nda\u015f c\u0259miyy\u0259ti t\u0259sisatlar\u0131n\u0131n tarixi, ilk qeyri-h\u00f6kum\u0259t t\u0259\u015fkilatlar\u0131n\u0131n (QHT-l\u0259rin) yaranmas\u0131 v\u0259 f\u0259aliyy\u0259ti h\u0259l\u0259 XIX \u0259srin 70-ci ill\u0259rinin \u0259vv\u0259ll\u0259rind\u0259n ba\u015flay\u0131r. Az\u0259rbaycanda ilk xeyriyy\u0259 c\u0259miyy\u0259tinin &#8211; QHT-nin yaranmas\u0131 Az\u0259rbaycan ziyal\u0131s\u0131 v\u0259 m\u00fc\u0259llimi, milli m\u0259tbuat v\u0259 teatr\u0131m\u0131z\u0131n banisi, Az\u0259rbaycanda qad\u0131n t\u0259hsilinin ilk car\u00e7\u0131lar\u0131ndan biri olan H\u0259s\u0259n b\u0259y Z\u0259rdabinin ad\u0131 il\u0259 ba\u011fl\u0131d\u0131r. 1872-ci ild\u0259 ilk d\u0259f\u0259 H\u0259s\u0259n b\u0259y Z\u0259rdabi t\u0259r\u0259find\u0259n Az\u0259rbaycan milli xeyriyy\u0259 c\u0259miyy\u0259ti yarad\u0131lm\u0131\u015f, 1873-c\u00fc ild\u0259 c\u0259miyy\u0259t t\u0259dric\u0259n ba\u011flanm\u0131\u015fd\u0131r. Daha sonra 1905-ci ild\u0259 &#8220;Bak\u0131 M\u00fcs\u0259lman Xeyriyy\u0259 C\u0259miyy\u0259ti&#8221; yarad\u0131lm\u0131\u015fd\u0131r.<\/p>\n<p>M\u00fcasir d\u00f6vr\u00fcm\u00fczd\u0259 d\u0259 bu missiya l\u0259yaq\u0259tl\u0259 davam etdirilir. Z\u0259rdab rayonunda, \u00fcmumiyy\u0259tl\u0259, yax\u0131n regionda ilk g\u0259ncl\u0259r t\u0259\u015fkilat\u0131 olan &#8220;G\u0259ncliy\u0259 D\u0259st\u0259k&#8221; \u0130ctimai Birliyi bel\u0259l\u0259rind\u0259ndir. 2006-c\u0131 ild\u0259 t\u0259sis edilmi\u015f, 03.07.2007-ci ild\u0259 qeydiyyata al\u0131nm\u0131\u015fd\u0131r. T\u0259\u015fkilat\u0131n s\u0259dri Eldar X\u0259lilovdur. Z\u0259rdab rayonunun ictimai h\u0259yat\u0131nda x\u00fcsusi f\u0259all\u0131q g\u00f6st\u0259r\u0259n Eldar X\u0259lilovun s\u0259yi v\u0259 bacar\u0131\u011f\u0131 n\u0259tic\u0259sind\u0259 &#8220;G\u0259ncliy\u0259 D\u0259st\u0259k&#8221; \u0130ctimai Birliyi bu g\u00fcn g\u0259ncl\u0259r t\u0259\u015fkilatlar\u0131 aras\u0131nda n\u00fcmun\u0259vi QHT t\u0259\u015fkilat\u0131na \u00e7evril\u0259 bilmi\u015fdir. D\u00f6vl\u0259timiz d\u0259 QHT-l\u0259rin h\u0259rt\u0259r\u0259fli f\u0259aliyy\u0259ti \u00fc\u00e7\u00fcn onlara d\u0259st\u0259k verir.<\/p>\n<p>G\u00f6r\u00fcl\u0259n i\u015fl\u0259rin, h\u0259yata ke\u00e7iril\u0259n t\u0259dbirl\u0259rin n\u0259tic\u0259sidir ki, d\u00f6vl\u0259t orqanlar\u0131 il\u0259 \u0259m\u0259kda\u015fl\u0131q \u015f\u0259raitind\u0259 \u00e7al\u0131\u015fan QHT-l\u0259rin f\u0259aliyy\u0259ti g\u00fccl\u0259nir, i\u015f adamlar\u0131, idar\u0259 v\u0259 m\u00fc\u0259ssis\u0259l\u0259r m\u00f6vcud imkanlardan s\u0259m\u0259r\u0259li istifad\u0259 etm\u0259kl\u0259 bu t\u0259\u015fkilatlar\u0131n layih\u0259l\u0259rin\u0259 d\u0259st\u0259k verm\u0259y\u0259 maraq g\u00f6st\u0259rirl\u0259r. Bu istiqam\u0259td\u0259 konkret olaraq &#8220;G\u0259ncliy\u0259 D\u0259st\u0259k&#8221; \u0130ctimai Birliyinin f\u0259aliyy\u0259ti x\u00fcsusil\u0259 diqq\u0259t\u0259 layiqdir.<\/p>\n<p>&#8220;G\u0259ncliy\u0259 D\u0259st\u0259k&#8221; \u0130ctimai Birliyi tez-tez \u0259h\u0259miyy\u0259tli layih\u0259l\u0259rl\u0259 \u00e7\u0131x\u0131\u015f edir. Bel\u0259 \u00e7ox \u0259h\u0259miyy\u0259tli layih\u0259l\u0259rin biri bir ne\u00e7\u0259 g\u00fcn \u00f6nc\u0259 realla\u015f\u0131b. Respublika Prezidenti yan\u0131nda G\u0259ncl\u0259r fondunun d\u0259st\u0259yi il\u0259 Z\u0259rdab v\u0259 Ucar rayonlar\u0131nda &#8220;G\u0259ncl\u0259rin sahibkarl\u0131q f\u0259aliyy\u0259tin\u0259 t\u0259\u015fviqi v\u0259 yerl\u0259rd\u0259 \u00f6z\u00fcn\u00fcm\u0259\u015f\u011fulluq f\u0259aliyy\u0259tinin t\u0259\u015fkili il\u0259 \u0259laq\u0259dar maarifl\u0259ndirilm\u0259si&#8221; adl\u0131 layih\u0259si b\u00f6y\u00fck diqq\u0259t c\u0259lb edib. 3 ay m\u00fcdd\u0259tind\u0259 h\u0259yata ke\u00e7iril\u0259n layih\u0259 say\u0259sind\u0259 onlarla g\u0259nc maarifl\u0259n\u0259r\u0259k m\u00fcst\u0259qil olaraq i\u015f qura bilibl\u0259r. \u00c7ox m\u00fch\u00fcm \u0259h\u0259miyy\u0259t k\u0259sb ed\u0259n bu layih\u0259 g\u0259ncl\u0259r aras\u0131nda sahibkarl\u0131q v\u0259 \u00f6z\u00fcn\u00fcm\u0259\u015f\u011fulluq f\u0259aliyy\u0259tinin t\u0259bli\u011fin\u0259 v\u0259 bilikl\u0259r qazan\u0131lmas\u0131na, ki\u00e7ik biznes quruculu\u011funda v\u0259 k\u0259nd t\u0259s\u0259rr\u00fcfat\u0131n\u0131n inki\u015faf\u0131nda g\u0259ncl\u0259rin rolunun art\u0131r\u0131lmas\u0131na xidm\u0259t etmi\u015f, bu da onlar\u0131n m\u0259\u015f\u011fullu\u011funun t\u0259min olunmas\u0131na, iqtisadiyyat\u0131n inki\u015faf\u0131na, yoxsullu\u011fun azald\u0131lmas\u0131na v\u0259 bu istiqam\u0259td\u0259 apar\u0131lan h\u00f6kum\u0259t siyas\u0259tin\u0259 t\u00f6hf\u0259 ola bil\u0259r.<\/p>\n<p>Eyni zamanda &#8220;G\u0259ncliy\u0259 D\u0259st\u0259k&#8221; \u0130ctimai Birliyi Az\u0259rbaycan Respublikas\u0131n\u0131n Prezidenti yan\u0131nda Qeyri-H\u00f6kum\u0259t T\u0259\u015fkilatlar\u0131na D\u00f6vl\u0259t D\u0259st\u0259yi \u015euras\u0131n\u0131n d\u0259st\u0259yi il\u0259 &#8220;\u0130ctimai n\u0259zar\u0259tin t\u0259\u015fviqind\u0259 g\u0259ncl\u0259rin rolunun art\u0131r\u0131lmas\u0131 m\u0259qs\u0259di il\u0259 t\u0259dbirl\u0259rin t\u0259\u015fkili&#8221; layih\u0259sini icra edir. Layih\u0259 ictimai n\u0259zar\u0259tin t\u0259\u015fviqind\u0259 g\u0259ncl\u0259rin rolunun art\u0131r\u0131lmas\u0131 m\u0259qs\u0259dini g\u00fcd\u00fcr. \u00d6z maarifl\u0259ndirici v\u0259 d\u0259st\u0259kverici missiyas\u0131n\u0131 l\u0259yaq\u0259tl\u0259 davam etdir\u0259n &#8220;G\u0259ncliy\u0259 D\u0259st\u0259k&#8221; \u0130ctimai Birliyinin s\u0259dri Eldar X\u0259lilov g\u00fcn\u00fcn n\u0259bzini tutan layih\u0259l\u0259rini davam etdirm\u0259kd\u0259dir. Yolunuz a\u00e7\u0131q, i\u015finiz avand olsun!<\/p>\n<p><strong>T\u0259rlan Abdullayeva, &#8220;\u018fkin\u00e7i&#8221;nin m\u00fcxbiri<\/strong><\/p>\n","protected":false},"excerpt":{"rendered":"<p>Az\u0259rbaycanda v\u0259t\u0259nda\u015f c\u0259miyy\u0259ti t\u0259sisatlar\u0131n\u0131n tarixi, ilk qeyri-h\u00f6kum\u0259t t\u0259\u015fkilatlar\u0131n\u0131n (QHT-l\u0259rin) yaranmas\u0131 v\u0259 f\u0259aliyy\u0259ti h\u0259l\u0259 XIX \u0259srin 70-ci ill\u0259rinin \u0259vv\u0259ll\u0259rind\u0259n ba\u015flay\u0131r. Az\u0259rbaycanda ilk xeyriyy\u0259 c\u0259miyy\u0259tinin &#8211; QHT-nin yaranmas\u0131 Az\u0259rbaycan ziyal\u0131s\u0131 v\u0259 m\u00fc\u0259llimi, milli m\u0259tbuat v\u0259 teatr\u0131m\u0131z\u0131n banisi, Az\u0259rbaycanda qad\u0131n t\u0259hsilinin ilk car\u00e7\u0131lar\u0131ndan biri olan H\u0259s\u0259n b\u0259y Z\u0259rdabinin ad\u0131 il\u0259 ba\u011fl\u0131d\u0131r. 1872-ci ild\u0259 ilk d\u0259f\u0259 H\u0259s\u0259n b\u0259y Z\u0259rdabi [&hellip;]<\/p>\n","protected":false},"author":1,"featured_media":25095,"comment_status":"open","ping_status":"open","sticky":false,"template":"","format":"standard","meta":{"footnotes":""},"categories":[21],"tags":[],"class_list":{"0":"post-25092","1":"post","2":"type-post","3":"status-publish","4":"format-standard","5":"has-post-thumbnail","7":"category-zrdab"},"yoast_head":"<!-- This site is optimized with the Yoast SEO plugin v27.0 - https:\/\/yoast.com\/product\/yoast-seo-wordpress\/ -->\n<title>G\u0259ncl\u0259r t\u0259\u015fkilatlar\u0131 aras\u0131nda n\u00fcmun\u0259vi QHT - &quot;G\u0259ncliy\u0259 D\u0259st\u0259k&quot; \u0130ctimai Birliyi - Z\u0259rdab.com<\/title>\n<meta name=\"robots\" content=\"index, follow, max-snippet:-1, max-image-preview:large, max-video-preview:-1\" \/>\n<link rel=\"canonical\" href=\"https:\/\/www.zerdab.com\/?p=25092\" \/>\n<meta property=\"og:locale\" content=\"az_AZ\" \/>\n<meta property=\"og:type\" content=\"article\" \/>\n<meta property=\"og:title\" content=\"G\u0259ncl\u0259r t\u0259\u015fkilatlar\u0131 aras\u0131nda n\u00fcmun\u0259vi QHT - &quot;G\u0259ncliy\u0259 D\u0259st\u0259k&quot; \u0130ctimai Birliyi - Z\u0259rdab.com\" \/>\n<meta property=\"og:description\" content=\"Az\u0259rbaycanda v\u0259t\u0259nda\u015f c\u0259miyy\u0259ti t\u0259sisatlar\u0131n\u0131n tarixi, ilk qeyri-h\u00f6kum\u0259t t\u0259\u015fkilatlar\u0131n\u0131n (QHT-l\u0259rin) yaranmas\u0131 v\u0259 f\u0259aliyy\u0259ti h\u0259l\u0259 XIX \u0259srin 70-ci ill\u0259rinin \u0259vv\u0259ll\u0259rind\u0259n ba\u015flay\u0131r. Az\u0259rbaycanda ilk xeyriyy\u0259 c\u0259miyy\u0259tinin &#8211; QHT-nin yaranmas\u0131 Az\u0259rbaycan ziyal\u0131s\u0131 v\u0259 m\u00fc\u0259llimi, milli m\u0259tbuat v\u0259 teatr\u0131m\u0131z\u0131n banisi, Az\u0259rbaycanda qad\u0131n t\u0259hsilinin ilk car\u00e7\u0131lar\u0131ndan biri olan H\u0259s\u0259n b\u0259y Z\u0259rdabinin ad\u0131 il\u0259 ba\u011fl\u0131d\u0131r. 1872-ci ild\u0259 ilk d\u0259f\u0259 H\u0259s\u0259n b\u0259y Z\u0259rdabi [&hellip;]\" \/>\n<meta property=\"og:url\" content=\"https:\/\/www.zerdab.com\/?p=25092\" \/>\n<meta property=\"og:site_name\" content=\"Z\u0259rdab.com\" \/>\n<meta property=\"article:published_time\" content=\"2017-09-26T15:16:21+00:00\" \/>\n<meta property=\"article:modified_time\" content=\"2017-09-26T15:17:14+00:00\" \/>\n<meta property=\"og:image\" content=\"https:\/\/www.zerdab.com\/wp-content\/uploads\/2017\/09\/Gencliye-Destek-Ictimai-Birliyi-1.jpg\" \/>\n\t<meta property=\"og:image:width\" content=\"2048\" \/>\n\t<meta property=\"og:image:height\" content=\"1364\" \/>\n\t<meta property=\"og:image:type\" content=\"image\/jpeg\" \/>\n<meta name=\"author\" content=\"admin\" \/>\n<meta name=\"twitter:card\" content=\"summary_large_image\" \/>\n<meta name=\"twitter:label1\" content=\"Written by\" \/>\n\t<meta name=\"twitter:data1\" content=\"admin\" \/>\n\t<meta name=\"twitter:label2\" content=\"Est. reading time\" \/>\n\t<meta name=\"twitter:data2\" content=\"4 minutes\" \/>\n<script type=\"application\/ld+json\" class=\"yoast-schema-graph\">{\"@context\":\"https:\/\/schema.org\",\"@graph\":[{\"@type\":\"Article\",\"@id\":\"https:\/\/www.zerdab.com\/?p=25092#article\",\"isPartOf\":{\"@id\":\"https:\/\/www.zerdab.com\/?p=25092\"},\"author\":{\"name\":\"admin\",\"@id\":\"https:\/\/www.zerdab.com\/#\/schema\/person\/97079b7570c1e89ec0d9e138c3672136\"},\"headline\":\"G\u0259ncl\u0259r t\u0259\u015fkilatlar\u0131 aras\u0131nda n\u00fcmun\u0259vi QHT &#8211; &#8220;G\u0259ncliy\u0259 D\u0259st\u0259k&#8221; \u0130ctimai Birliyi\",\"datePublished\":\"2017-09-26T15:16:21+00:00\",\"dateModified\":\"2017-09-26T15:17:14+00:00\",\"mainEntityOfPage\":{\"@id\":\"https:\/\/www.zerdab.com\/?p=25092\"},\"wordCount\":746,\"commentCount\":0,\"image\":{\"@id\":\"https:\/\/www.zerdab.com\/?p=25092#primaryimage\"},\"thumbnailUrl\":\"https:\/\/www.zerdab.com\/wp-content\/uploads\/2017\/09\/Gencliye-Destek-Ictimai-Birliyi-1.jpg\",\"articleSection\":[\"C\u018fM\u0130YY\u018fT\"],\"inLanguage\":\"az\",\"potentialAction\":[{\"@type\":\"CommentAction\",\"name\":\"Comment\",\"target\":[\"https:\/\/www.zerdab.com\/?p=25092#respond\"]}]},{\"@type\":\"WebPage\",\"@id\":\"https:\/\/www.zerdab.com\/?p=25092\",\"url\":\"https:\/\/www.zerdab.com\/?p=25092\",\"name\":\"G\u0259ncl\u0259r t\u0259\u015fkilatlar\u0131 aras\u0131nda n\u00fcmun\u0259vi QHT - \\\"G\u0259ncliy\u0259 D\u0259st\u0259k\\\" \u0130ctimai Birliyi - Z\u0259rdab.com\",\"isPartOf\":{\"@id\":\"https:\/\/www.zerdab.com\/#website\"},\"primaryImageOfPage\":{\"@id\":\"https:\/\/www.zerdab.com\/?p=25092#primaryimage\"},\"image\":{\"@id\":\"https:\/\/www.zerdab.com\/?p=25092#primaryimage\"},\"thumbnailUrl\":\"https:\/\/www.zerdab.com\/wp-content\/uploads\/2017\/09\/Gencliye-Destek-Ictimai-Birliyi-1.jpg\",\"datePublished\":\"2017-09-26T15:16:21+00:00\",\"dateModified\":\"2017-09-26T15:17:14+00:00\",\"author\":{\"@id\":\"https:\/\/www.zerdab.com\/#\/schema\/person\/97079b7570c1e89ec0d9e138c3672136\"},\"breadcrumb\":{\"@id\":\"https:\/\/www.zerdab.com\/?p=25092#breadcrumb\"},\"inLanguage\":\"az\",\"potentialAction\":[{\"@type\":\"ReadAction\",\"target\":[\"https:\/\/www.zerdab.com\/?p=25092\"]}]},{\"@type\":\"ImageObject\",\"inLanguage\":\"az\",\"@id\":\"https:\/\/www.zerdab.com\/?p=25092#primaryimage\",\"url\":\"https:\/\/www.zerdab.com\/wp-content\/uploads\/2017\/09\/Gencliye-Destek-Ictimai-Birliyi-1.jpg\",\"contentUrl\":\"https:\/\/www.zerdab.com\/wp-content\/uploads\/2017\/09\/Gencliye-Destek-Ictimai-Birliyi-1.jpg\",\"width\":2048,\"height\":1364},{\"@type\":\"BreadcrumbList\",\"@id\":\"https:\/\/www.zerdab.com\/?p=25092#breadcrumb\",\"itemListElement\":[{\"@type\":\"ListItem\",\"position\":1,\"name\":\"Home\",\"item\":\"https:\/\/www.zerdab.com\/\"},{\"@type\":\"ListItem\",\"position\":2,\"name\":\"G\u0259ncl\u0259r t\u0259\u015fkilatlar\u0131 aras\u0131nda n\u00fcmun\u0259vi QHT &#8211; &#8220;G\u0259ncliy\u0259 D\u0259st\u0259k&#8221; \u0130ctimai Birliyi\"}]},{\"@type\":\"WebSite\",\"@id\":\"https:\/\/www.zerdab.com\/#website\",\"url\":\"https:\/\/www.zerdab.com\/\",\"name\":\"Z\u0259rdab.com\",\"description\":\"\",\"potentialAction\":[{\"@type\":\"SearchAction\",\"target\":{\"@type\":\"EntryPoint\",\"urlTemplate\":\"https:\/\/www.zerdab.com\/?s={search_term_string}\"},\"query-input\":{\"@type\":\"PropertyValueSpecification\",\"valueRequired\":true,\"valueName\":\"search_term_string\"}}],\"inLanguage\":\"az\"},{\"@type\":\"Person\",\"@id\":\"https:\/\/www.zerdab.com\/#\/schema\/person\/97079b7570c1e89ec0d9e138c3672136\",\"name\":\"admin\",\"image\":{\"@type\":\"ImageObject\",\"inLanguage\":\"az\",\"@id\":\"https:\/\/www.zerdab.com\/#\/schema\/person\/image\/\",\"url\":\"https:\/\/secure.gravatar.com\/avatar\/d9c52a9a27c32119cb6679a077fa3e2779e5f822c451cbf01098004361d466ec?s=96&d=mm&r=g\",\"contentUrl\":\"https:\/\/secure.gravatar.com\/avatar\/d9c52a9a27c32119cb6679a077fa3e2779e5f822c451cbf01098004361d466ec?s=96&d=mm&r=g\",\"caption\":\"admin\"},\"url\":\"https:\/\/www.zerdab.com\/?author=1\"}]}<\/script>\n<!-- \/ Yoast SEO plugin. -->","yoast_head_json":{"title":"G\u0259ncl\u0259r t\u0259\u015fkilatlar\u0131 aras\u0131nda n\u00fcmun\u0259vi QHT - \"G\u0259ncliy\u0259 D\u0259st\u0259k\" \u0130ctimai Birliyi - Z\u0259rdab.com","robots":{"index":"index","follow":"follow","max-snippet":"max-snippet:-1","max-image-preview":"max-image-preview:large","max-video-preview":"max-video-preview:-1"},"canonical":"https:\/\/www.zerdab.com\/?p=25092","og_locale":"az_AZ","og_type":"article","og_title":"G\u0259ncl\u0259r t\u0259\u015fkilatlar\u0131 aras\u0131nda n\u00fcmun\u0259vi QHT - \"G\u0259ncliy\u0259 D\u0259st\u0259k\" \u0130ctimai Birliyi - Z\u0259rdab.com","og_description":"Az\u0259rbaycanda v\u0259t\u0259nda\u015f c\u0259miyy\u0259ti t\u0259sisatlar\u0131n\u0131n tarixi, ilk qeyri-h\u00f6kum\u0259t t\u0259\u015fkilatlar\u0131n\u0131n (QHT-l\u0259rin) yaranmas\u0131 v\u0259 f\u0259aliyy\u0259ti h\u0259l\u0259 XIX \u0259srin 70-ci ill\u0259rinin \u0259vv\u0259ll\u0259rind\u0259n ba\u015flay\u0131r. Az\u0259rbaycanda ilk xeyriyy\u0259 c\u0259miyy\u0259tinin &#8211; QHT-nin yaranmas\u0131 Az\u0259rbaycan ziyal\u0131s\u0131 v\u0259 m\u00fc\u0259llimi, milli m\u0259tbuat v\u0259 teatr\u0131m\u0131z\u0131n banisi, Az\u0259rbaycanda qad\u0131n t\u0259hsilinin ilk car\u00e7\u0131lar\u0131ndan biri olan H\u0259s\u0259n b\u0259y Z\u0259rdabinin ad\u0131 il\u0259 ba\u011fl\u0131d\u0131r. 1872-ci ild\u0259 ilk d\u0259f\u0259 H\u0259s\u0259n b\u0259y Z\u0259rdabi [&hellip;]","og_url":"https:\/\/www.zerdab.com\/?p=25092","og_site_name":"Z\u0259rdab.com","article_published_time":"2017-09-26T15:16:21+00:00","article_modified_time":"2017-09-26T15:17:14+00:00","og_image":[{"width":2048,"height":1364,"url":"https:\/\/www.zerdab.com\/wp-content\/uploads\/2017\/09\/Gencliye-Destek-Ictimai-Birliyi-1.jpg","type":"image\/jpeg"}],"author":"admin","twitter_card":"summary_large_image","twitter_misc":{"Written by":"admin","Est. reading time":"4 minutes"},"schema":{"@context":"https:\/\/schema.org","@graph":[{"@type":"Article","@id":"https:\/\/www.zerdab.com\/?p=25092#article","isPartOf":{"@id":"https:\/\/www.zerdab.com\/?p=25092"},"author":{"name":"admin","@id":"https:\/\/www.zerdab.com\/#\/schema\/person\/97079b7570c1e89ec0d9e138c3672136"},"headline":"G\u0259ncl\u0259r t\u0259\u015fkilatlar\u0131 aras\u0131nda n\u00fcmun\u0259vi QHT &#8211; &#8220;G\u0259ncliy\u0259 D\u0259st\u0259k&#8221; \u0130ctimai Birliyi","datePublished":"2017-09-26T15:16:21+00:00","dateModified":"2017-09-26T15:17:14+00:00","mainEntityOfPage":{"@id":"https:\/\/www.zerdab.com\/?p=25092"},"wordCount":746,"commentCount":0,"image":{"@id":"https:\/\/www.zerdab.com\/?p=25092#primaryimage"},"thumbnailUrl":"https:\/\/www.zerdab.com\/wp-content\/uploads\/2017\/09\/Gencliye-Destek-Ictimai-Birliyi-1.jpg","articleSection":["C\u018fM\u0130YY\u018fT"],"inLanguage":"az","potentialAction":[{"@type":"CommentAction","name":"Comment","target":["https:\/\/www.zerdab.com\/?p=25092#respond"]}]},{"@type":"WebPage","@id":"https:\/\/www.zerdab.com\/?p=25092","url":"https:\/\/www.zerdab.com\/?p=25092","name":"G\u0259ncl\u0259r t\u0259\u015fkilatlar\u0131 aras\u0131nda n\u00fcmun\u0259vi QHT - \"G\u0259ncliy\u0259 D\u0259st\u0259k\" \u0130ctimai Birliyi - Z\u0259rdab.com","isPartOf":{"@id":"https:\/\/www.zerdab.com\/#website"},"primaryImageOfPage":{"@id":"https:\/\/www.zerdab.com\/?p=25092#primaryimage"},"image":{"@id":"https:\/\/www.zerdab.com\/?p=25092#primaryimage"},"thumbnailUrl":"https:\/\/www.zerdab.com\/wp-content\/uploads\/2017\/09\/Gencliye-Destek-Ictimai-Birliyi-1.jpg","datePublished":"2017-09-26T15:16:21+00:00","dateModified":"2017-09-26T15:17:14+00:00","author":{"@id":"https:\/\/www.zerdab.com\/#\/schema\/person\/97079b7570c1e89ec0d9e138c3672136"},"breadcrumb":{"@id":"https:\/\/www.zerdab.com\/?p=25092#breadcrumb"},"inLanguage":"az","potentialAction":[{"@type":"ReadAction","target":["https:\/\/www.zerdab.com\/?p=25092"]}]},{"@type":"ImageObject","inLanguage":"az","@id":"https:\/\/www.zerdab.com\/?p=25092#primaryimage","url":"https:\/\/www.zerdab.com\/wp-content\/uploads\/2017\/09\/Gencliye-Destek-Ictimai-Birliyi-1.jpg","contentUrl":"https:\/\/www.zerdab.com\/wp-content\/uploads\/2017\/09\/Gencliye-Destek-Ictimai-Birliyi-1.jpg","width":2048,"height":1364},{"@type":"BreadcrumbList","@id":"https:\/\/www.zerdab.com\/?p=25092#breadcrumb","itemListElement":[{"@type":"ListItem","position":1,"name":"Home","item":"https:\/\/www.zerdab.com\/"},{"@type":"ListItem","position":2,"name":"G\u0259ncl\u0259r t\u0259\u015fkilatlar\u0131 aras\u0131nda n\u00fcmun\u0259vi QHT &#8211; &#8220;G\u0259ncliy\u0259 D\u0259st\u0259k&#8221; \u0130ctimai Birliyi"}]},{"@type":"WebSite","@id":"https:\/\/www.zerdab.com\/#website","url":"https:\/\/www.zerdab.com\/","name":"Z\u0259rdab.com","description":"","potentialAction":[{"@type":"SearchAction","target":{"@type":"EntryPoint","urlTemplate":"https:\/\/www.zerdab.com\/?s={search_term_string}"},"query-input":{"@type":"PropertyValueSpecification","valueRequired":true,"valueName":"search_term_string"}}],"inLanguage":"az"},{"@type":"Person","@id":"https:\/\/www.zerdab.com\/#\/schema\/person\/97079b7570c1e89ec0d9e138c3672136","name":"admin","image":{"@type":"ImageObject","inLanguage":"az","@id":"https:\/\/www.zerdab.com\/#\/schema\/person\/image\/","url":"https:\/\/secure.gravatar.com\/avatar\/d9c52a9a27c32119cb6679a077fa3e2779e5f822c451cbf01098004361d466ec?s=96&d=mm&r=g","contentUrl":"https:\/\/secure.gravatar.com\/avatar\/d9c52a9a27c32119cb6679a077fa3e2779e5f822c451cbf01098004361d466ec?s=96&d=mm&r=g","caption":"admin"},"url":"https:\/\/www.zerdab.com\/?author=1"}]}},"_links":{"self":[{"href":"https:\/\/www.zerdab.com\/index.php?rest_route=\/wp\/v2\/posts\/25092","targetHints":{"allow":["GET"]}}],"collection":[{"href":"https:\/\/www.zerdab.com\/index.php?rest_route=\/wp\/v2\/posts"}],"about":[{"href":"https:\/\/www.zerdab.com\/index.php?rest_route=\/wp\/v2\/types\/post"}],"author":[{"embeddable":true,"href":"https:\/\/www.zerdab.com\/index.php?rest_route=\/wp\/v2\/users\/1"}],"replies":[{"embeddable":true,"href":"https:\/\/www.zerdab.com\/index.php?rest_route=%2Fwp%2Fv2%2Fcomments&post=25092"}],"version-history":[{"count":1,"href":"https:\/\/www.zerdab.com\/index.php?rest_route=\/wp\/v2\/posts\/25092\/revisions"}],"predecessor-version":[{"id":25094,"href":"https:\/\/www.zerdab.com\/index.php?rest_route=\/wp\/v2\/posts\/25092\/revisions\/25094"}],"wp:featuredmedia":[{"embeddable":true,"href":"https:\/\/www.zerdab.com\/index.php?rest_route=\/wp\/v2\/media\/25095"}],"wp:attachment":[{"href":"https:\/\/www.zerdab.com\/index.php?rest_route=%2Fwp%2Fv2%2Fmedia&parent=25092"}],"wp:term":[{"taxonomy":"category","embeddable":true,"href":"https:\/\/www.zerdab.com\/index.php?rest_route=%2Fwp%2Fv2%2Fcategories&post=25092"},{"taxonomy":"post_tag","embeddable":true,"href":"https:\/\/www.zerdab.com\/index.php?rest_route=%2Fwp%2Fv2%2Ftags&post=25092"}],"curies":[{"name":"wp","href":"https:\/\/api.w.org\/{rel}","templated":true}]}}