{"id":25330,"date":"2017-11-02T21:54:21","date_gmt":"2017-11-02T17:54:21","guid":{"rendered":"http:\/\/www.zerdab.com\/?p=25330"},"modified":"2017-11-02T21:55:17","modified_gmt":"2017-11-02T17:55:17","slug":"g%c9%99l%c9%99n-il-z%c9%99rdabda-c%c9%99ltik-%c9%99kini-sah%c9%99l%c9%99ri-300-hektara-catdirilacaq-fotolar","status":"publish","type":"post","link":"https:\/\/www.zerdab.com\/?p=25330","title":{"rendered":"G\u0259l\u0259n il Z\u0259rdabda \u00e7\u0259ltik \u0259kini sah\u0259l\u0259ri 300 hektara \u00e7atd\u0131r\u0131lacaq &#8211; FOTOLAR"},"content":{"rendered":"<p>V\u0259t\u0259ni Hindistan hesab edil\u0259n \u00e7\u0259ltik haz\u0131rda d\u00fcnyada \u0259sas \u0259rzaq n\u00f6vl\u0259rind\u0259n biri say\u0131l\u0131r. Qab\u0131qdan t\u0259mizl\u0259nmi\u015f halda d\u00fcy\u00fc adlanan m\u0259hsul z\u0259ngin t\u0259rkibli qidad\u0131r. \u00c7\u0259ltiyin k\u00fcl\u0259\u015find\u0259n is\u0259 keyfiyy\u0259tli ka\u011f\u0131z, karton al\u0131n\u0131r, habel\u0259 heyvandarl\u0131q t\u0259s\u0259rr\u00fcfat\u0131nda qaba yem kimi istifad\u0259 edilir.<\/p>\n<p>\u00c7\u0259ltik\u00e7ilik \u00f6lk\u0259mizd\u0259 d\u0259 geni\u015f yay\u0131l\u0131b. Bu g\u00fcn Prezident \u0130lham \u018fliyevin r\u0259hb\u0259rliyi il\u0259 aqrar sektorda apar\u0131lan islahatlar, \u00f6lk\u0259nin daxili istehsal hesab\u0131na \u0259rzaq m\u0259hsullar\u0131 il\u0259 tam t\u0259min olunmas\u0131 istiqam\u0259tind\u0259 g\u00f6r\u00fcl\u0259n i\u015fl\u0259r respublikam\u0131zda h\u0259m d\u0259 \u00e7\u0259ltik\u00e7iliyin inki\u015faf\u0131na g\u00fccl\u00fc t\u0259kan verib. Bu il sentyabr\u0131n 3-d\u0259 L\u0259nk\u0259randa \u00e7ay, \u00e7\u0259ltik v\u0259 sitrus meyv\u0259l\u0259rinin istehsal\u0131n\u0131n inki\u015faf\u0131 m\u0259s\u0259l\u0259l\u0259rin\u0259 dair m\u00fc\u015favir\u0259d\u0259 d\u00f6vl\u0259timizin ba\u015f\u00e7\u0131s\u0131n\u0131n qar\u015f\u0131ya qoydu\u011fu konkret v\u0259zif\u0259l\u0259r Z\u0259rdabda da \u00e7\u0259ltik\u00e7iliyin inki\u015faf\u0131na g\u00fccl\u00fc t\u0259kan verib v\u0259 rayonda bu istiqam\u0259td\u0259 perspektivl\u0259r m\u00fc\u0259yy\u0259nl\u0259\u015fdirilib.<\/p>\n<p>\u00d6t\u0259n il rayonda 70,5 hektar, bu il is\u0259 \u00fc\u00e7 d\u0259f\u0259 \u00e7ox &#8211; 202 hektar sah\u0259d\u0259 \u00e7\u0259ltik \u0259kilib v\u0259 787,7 ton m\u0259hsul istehsal olunub. H\u0259r hektar\u0131n m\u0259hsuldarl\u0131\u011f\u0131 39 sentner\u0259 \u00e7at\u0131b. Rayonun bir s\u0131ra ya\u015fay\u0131\u015f m\u0259nt\u0259q\u0259sind\u0259, o c\u00fcml\u0259d\u0259n Yuxar\u0131 Seyidl\u0259r, Al\u0131canl\u0131, K\u00f6rp\u00fck\u0259nd, Qoruqba\u011f\u0131, M\u0259mm\u0259dqas\u0131ml\u0131, P\u0259rvanl\u0131 inzibati \u0259razi dair\u0259l\u0259rind\u0259 torpaq m\u00fclkiyy\u0259t\u00e7il\u0259ri \u00e7\u0259ltik\u00e7iliyin inki\u015faf\u0131na \u00f6z t\u00f6hf\u0259l\u0259rini verirl\u0259r. T\u0259sad\u00fcfi deyil ki, g\u0259l\u0259n il rayonda \u0259kin sah\u0259l\u0259rinin 300 hektara \u00e7atd\u0131r\u0131lmas\u0131 proqnozla\u015fd\u0131r\u0131l\u0131r.<\/p>\n<p>Cari m\u00f6vs\u00fcmd\u0259 12,5 hektar sah\u0259d\u0259 \u00e7\u0259ltik yeti\u015fdir\u0259n v\u0259 h\u0259r hektardan 40,2 sentner m\u0259hsul g\u00f6t\u00fcr\u0259n Burunlu k\u0259ndind\u0259n ail\u0259-fermer t\u0259s\u0259rr\u00fcfat\u0131n\u0131n ba\u015f\u00e7\u0131s\u0131 \u018fziz Pe\u015fmanov\u00a0s\u00f6hb\u0259t zaman\u0131 \u00e7\u0259ltik\u00e7iliyin s\u0259rf\u0259li, g\u0259lirli sah\u0259 oldu\u011funu s\u00f6yl\u0259y\u0259r\u0259k, g\u0259l\u0259n m\u00f6vs\u00fcmd\u0259 \u0259kin sah\u0259sini iki d\u0259f\u0259 art\u0131raca\u011f\u0131n\u0131 deyib: \u201c\u00c7\u0259ltik\u00e7ilik n\u0259sillikl\u0259 m\u0259\u015f\u011ful oldu\u011fumuz sah\u0259dir. \u00d6z keyfiyy\u0259ti il\u0259 se\u00e7il\u0259n bizim yerli sortlar n\u0259inki milli x\u00f6r\u0259kl\u0259rin, habel\u0259 m\u00fcxt\u0259lif q\u0259nnad\u0131 m\u0259mulatlar\u0131n\u0131n haz\u0131rlanmas\u0131nda, habel\u0259 t\u0259bab\u0259td\u0259 x\u00fcsusi \u0259h\u0259miyy\u0259t k\u0259sb edir. \u00c7\u0259ltik\u00e7iliyin inki\u015faf etdirilm\u0259si \u00fc\u00e7\u00fcn d\u00f6vl\u0259t d\u0259st\u0259yind\u0259n yararlanaraq, g\u0259l\u0259n il \u0259kin sah\u0259sini daha da art\u0131raca\u011f\u0131q\u201d.Azertac<\/p>\n<p><a href=\"http:\/\/www.zerdab.com\/g%c9%99l%c9%99n-il-z%c9%99rdabda-c%c9%99ltik-%c9%99kini-sah%c9%99l%c9%99ri-300-hektara-catdirilacaq-fotolar\/zerdab-celtik-ekini2\/\" rel=\"attachment wp-att-25333\"><img loading=\"lazy\" decoding=\"async\" class=\"aligncenter size-large wp-image-25333\" src=\"http:\/\/www.zerdab.com\/wp-content\/uploads\/2017\/11\/Zerdab-celtik-ekini2-550x366.jpg\" alt=\"\" width=\"550\" height=\"366\" \/><\/a><\/p>\n","protected":false},"excerpt":{"rendered":"<p>V\u0259t\u0259ni Hindistan hesab edil\u0259n \u00e7\u0259ltik haz\u0131rda d\u00fcnyada \u0259sas \u0259rzaq n\u00f6vl\u0259rind\u0259n biri say\u0131l\u0131r. Qab\u0131qdan t\u0259mizl\u0259nmi\u015f halda d\u00fcy\u00fc adlanan m\u0259hsul z\u0259ngin t\u0259rkibli qidad\u0131r. \u00c7\u0259ltiyin k\u00fcl\u0259\u015find\u0259n is\u0259 keyfiyy\u0259tli ka\u011f\u0131z, karton al\u0131n\u0131r, habel\u0259 heyvandarl\u0131q t\u0259s\u0259rr\u00fcfat\u0131nda qaba yem kimi istifad\u0259 edilir. \u00c7\u0259ltik\u00e7ilik \u00f6lk\u0259mizd\u0259 d\u0259 geni\u015f yay\u0131l\u0131b. Bu g\u00fcn Prezident \u0130lham \u018fliyevin r\u0259hb\u0259rliyi il\u0259 aqrar sektorda apar\u0131lan islahatlar, \u00f6lk\u0259nin daxili istehsal [&hellip;]<\/p>\n","protected":false},"author":1,"featured_media":25332,"comment_status":"open","ping_status":"open","sticky":false,"template":"","format":"standard","meta":{"footnotes":""},"categories":[21,63],"tags":[],"class_list":{"0":"post-25330","1":"post","2":"type-post","3":"status-publish","4":"format-standard","5":"has-post-thumbnail","7":"category-zrdab","8":"category-manset"},"yoast_head":"<!-- This site is optimized with the Yoast SEO plugin v27.0 - https:\/\/yoast.com\/product\/yoast-seo-wordpress\/ -->\n<title>G\u0259l\u0259n il Z\u0259rdabda \u00e7\u0259ltik \u0259kini sah\u0259l\u0259ri 300 hektara \u00e7atd\u0131r\u0131lacaq - FOTOLAR - Z\u0259rdab.com<\/title>\n<meta name=\"robots\" content=\"index, follow, max-snippet:-1, max-image-preview:large, max-video-preview:-1\" \/>\n<link rel=\"canonical\" href=\"https:\/\/www.zerdab.com\/?p=25330\" \/>\n<meta property=\"og:locale\" content=\"az_AZ\" \/>\n<meta property=\"og:type\" content=\"article\" \/>\n<meta property=\"og:title\" content=\"G\u0259l\u0259n il Z\u0259rdabda \u00e7\u0259ltik \u0259kini sah\u0259l\u0259ri 300 hektara \u00e7atd\u0131r\u0131lacaq - FOTOLAR - Z\u0259rdab.com\" \/>\n<meta property=\"og:description\" content=\"V\u0259t\u0259ni Hindistan hesab edil\u0259n \u00e7\u0259ltik haz\u0131rda d\u00fcnyada \u0259sas \u0259rzaq n\u00f6vl\u0259rind\u0259n biri say\u0131l\u0131r. Qab\u0131qdan t\u0259mizl\u0259nmi\u015f halda d\u00fcy\u00fc adlanan m\u0259hsul z\u0259ngin t\u0259rkibli qidad\u0131r. \u00c7\u0259ltiyin k\u00fcl\u0259\u015find\u0259n is\u0259 keyfiyy\u0259tli ka\u011f\u0131z, karton al\u0131n\u0131r, habel\u0259 heyvandarl\u0131q t\u0259s\u0259rr\u00fcfat\u0131nda qaba yem kimi istifad\u0259 edilir. \u00c7\u0259ltik\u00e7ilik \u00f6lk\u0259mizd\u0259 d\u0259 geni\u015f yay\u0131l\u0131b. Bu g\u00fcn Prezident \u0130lham \u018fliyevin r\u0259hb\u0259rliyi il\u0259 aqrar sektorda apar\u0131lan islahatlar, \u00f6lk\u0259nin daxili istehsal [&hellip;]\" \/>\n<meta property=\"og:url\" content=\"https:\/\/www.zerdab.com\/?p=25330\" \/>\n<meta property=\"og:site_name\" content=\"Z\u0259rdab.com\" \/>\n<meta property=\"article:published_time\" content=\"2017-11-02T17:54:21+00:00\" \/>\n<meta property=\"article:modified_time\" content=\"2017-11-02T17:55:17+00:00\" \/>\n<meta property=\"og:image\" content=\"https:\/\/www.zerdab.com\/wp-content\/uploads\/2017\/11\/Zerdab-celtik-ekini.jpg\" \/>\n\t<meta property=\"og:image:width\" content=\"1000\" \/>\n\t<meta property=\"og:image:height\" content=\"663\" \/>\n\t<meta property=\"og:image:type\" content=\"image\/jpeg\" \/>\n<meta name=\"author\" content=\"admin\" \/>\n<meta name=\"twitter:card\" content=\"summary_large_image\" \/>\n<meta name=\"twitter:label1\" content=\"Written by\" \/>\n\t<meta name=\"twitter:data1\" content=\"admin\" \/>\n\t<meta name=\"twitter:label2\" content=\"Est. reading time\" \/>\n\t<meta name=\"twitter:data2\" content=\"2 minutes\" \/>\n<script type=\"application\/ld+json\" class=\"yoast-schema-graph\">{\"@context\":\"https:\/\/schema.org\",\"@graph\":[{\"@type\":\"Article\",\"@id\":\"https:\/\/www.zerdab.com\/?p=25330#article\",\"isPartOf\":{\"@id\":\"https:\/\/www.zerdab.com\/?p=25330\"},\"author\":{\"name\":\"admin\",\"@id\":\"https:\/\/www.zerdab.com\/#\/schema\/person\/97079b7570c1e89ec0d9e138c3672136\"},\"headline\":\"G\u0259l\u0259n il Z\u0259rdabda \u00e7\u0259ltik \u0259kini sah\u0259l\u0259ri 300 hektara \u00e7atd\u0131r\u0131lacaq &#8211; FOTOLAR\",\"datePublished\":\"2017-11-02T17:54:21+00:00\",\"dateModified\":\"2017-11-02T17:55:17+00:00\",\"mainEntityOfPage\":{\"@id\":\"https:\/\/www.zerdab.com\/?p=25330\"},\"wordCount\":477,\"commentCount\":0,\"image\":{\"@id\":\"https:\/\/www.zerdab.com\/?p=25330#primaryimage\"},\"thumbnailUrl\":\"https:\/\/www.zerdab.com\/wp-content\/uploads\/2017\/11\/Zerdab-celtik-ekini.jpg\",\"articleSection\":[\"C\u018fM\u0130YY\u018fT\",\"MAN\u015eET\"],\"inLanguage\":\"az\",\"potentialAction\":[{\"@type\":\"CommentAction\",\"name\":\"Comment\",\"target\":[\"https:\/\/www.zerdab.com\/?p=25330#respond\"]}]},{\"@type\":\"WebPage\",\"@id\":\"https:\/\/www.zerdab.com\/?p=25330\",\"url\":\"https:\/\/www.zerdab.com\/?p=25330\",\"name\":\"G\u0259l\u0259n il Z\u0259rdabda \u00e7\u0259ltik \u0259kini sah\u0259l\u0259ri 300 hektara \u00e7atd\u0131r\u0131lacaq - FOTOLAR - Z\u0259rdab.com\",\"isPartOf\":{\"@id\":\"https:\/\/www.zerdab.com\/#website\"},\"primaryImageOfPage\":{\"@id\":\"https:\/\/www.zerdab.com\/?p=25330#primaryimage\"},\"image\":{\"@id\":\"https:\/\/www.zerdab.com\/?p=25330#primaryimage\"},\"thumbnailUrl\":\"https:\/\/www.zerdab.com\/wp-content\/uploads\/2017\/11\/Zerdab-celtik-ekini.jpg\",\"datePublished\":\"2017-11-02T17:54:21+00:00\",\"dateModified\":\"2017-11-02T17:55:17+00:00\",\"author\":{\"@id\":\"https:\/\/www.zerdab.com\/#\/schema\/person\/97079b7570c1e89ec0d9e138c3672136\"},\"breadcrumb\":{\"@id\":\"https:\/\/www.zerdab.com\/?p=25330#breadcrumb\"},\"inLanguage\":\"az\",\"potentialAction\":[{\"@type\":\"ReadAction\",\"target\":[\"https:\/\/www.zerdab.com\/?p=25330\"]}]},{\"@type\":\"ImageObject\",\"inLanguage\":\"az\",\"@id\":\"https:\/\/www.zerdab.com\/?p=25330#primaryimage\",\"url\":\"https:\/\/www.zerdab.com\/wp-content\/uploads\/2017\/11\/Zerdab-celtik-ekini.jpg\",\"contentUrl\":\"https:\/\/www.zerdab.com\/wp-content\/uploads\/2017\/11\/Zerdab-celtik-ekini.jpg\",\"width\":1000,\"height\":663},{\"@type\":\"BreadcrumbList\",\"@id\":\"https:\/\/www.zerdab.com\/?p=25330#breadcrumb\",\"itemListElement\":[{\"@type\":\"ListItem\",\"position\":1,\"name\":\"Home\",\"item\":\"https:\/\/www.zerdab.com\/\"},{\"@type\":\"ListItem\",\"position\":2,\"name\":\"G\u0259l\u0259n il Z\u0259rdabda \u00e7\u0259ltik \u0259kini sah\u0259l\u0259ri 300 hektara \u00e7atd\u0131r\u0131lacaq &#8211; FOTOLAR\"}]},{\"@type\":\"WebSite\",\"@id\":\"https:\/\/www.zerdab.com\/#website\",\"url\":\"https:\/\/www.zerdab.com\/\",\"name\":\"Z\u0259rdab.com\",\"description\":\"\",\"potentialAction\":[{\"@type\":\"SearchAction\",\"target\":{\"@type\":\"EntryPoint\",\"urlTemplate\":\"https:\/\/www.zerdab.com\/?s={search_term_string}\"},\"query-input\":{\"@type\":\"PropertyValueSpecification\",\"valueRequired\":true,\"valueName\":\"search_term_string\"}}],\"inLanguage\":\"az\"},{\"@type\":\"Person\",\"@id\":\"https:\/\/www.zerdab.com\/#\/schema\/person\/97079b7570c1e89ec0d9e138c3672136\",\"name\":\"admin\",\"image\":{\"@type\":\"ImageObject\",\"inLanguage\":\"az\",\"@id\":\"https:\/\/www.zerdab.com\/#\/schema\/person\/image\/\",\"url\":\"https:\/\/secure.gravatar.com\/avatar\/d9c52a9a27c32119cb6679a077fa3e2779e5f822c451cbf01098004361d466ec?s=96&d=mm&r=g\",\"contentUrl\":\"https:\/\/secure.gravatar.com\/avatar\/d9c52a9a27c32119cb6679a077fa3e2779e5f822c451cbf01098004361d466ec?s=96&d=mm&r=g\",\"caption\":\"admin\"},\"url\":\"https:\/\/www.zerdab.com\/?author=1\"}]}<\/script>\n<!-- \/ Yoast SEO plugin. -->","yoast_head_json":{"title":"G\u0259l\u0259n il Z\u0259rdabda \u00e7\u0259ltik \u0259kini sah\u0259l\u0259ri 300 hektara \u00e7atd\u0131r\u0131lacaq - FOTOLAR - Z\u0259rdab.com","robots":{"index":"index","follow":"follow","max-snippet":"max-snippet:-1","max-image-preview":"max-image-preview:large","max-video-preview":"max-video-preview:-1"},"canonical":"https:\/\/www.zerdab.com\/?p=25330","og_locale":"az_AZ","og_type":"article","og_title":"G\u0259l\u0259n il Z\u0259rdabda \u00e7\u0259ltik \u0259kini sah\u0259l\u0259ri 300 hektara \u00e7atd\u0131r\u0131lacaq - FOTOLAR - Z\u0259rdab.com","og_description":"V\u0259t\u0259ni Hindistan hesab edil\u0259n \u00e7\u0259ltik haz\u0131rda d\u00fcnyada \u0259sas \u0259rzaq n\u00f6vl\u0259rind\u0259n biri say\u0131l\u0131r. Qab\u0131qdan t\u0259mizl\u0259nmi\u015f halda d\u00fcy\u00fc adlanan m\u0259hsul z\u0259ngin t\u0259rkibli qidad\u0131r. \u00c7\u0259ltiyin k\u00fcl\u0259\u015find\u0259n is\u0259 keyfiyy\u0259tli ka\u011f\u0131z, karton al\u0131n\u0131r, habel\u0259 heyvandarl\u0131q t\u0259s\u0259rr\u00fcfat\u0131nda qaba yem kimi istifad\u0259 edilir. \u00c7\u0259ltik\u00e7ilik \u00f6lk\u0259mizd\u0259 d\u0259 geni\u015f yay\u0131l\u0131b. Bu g\u00fcn Prezident \u0130lham \u018fliyevin r\u0259hb\u0259rliyi il\u0259 aqrar sektorda apar\u0131lan islahatlar, \u00f6lk\u0259nin daxili istehsal [&hellip;]","og_url":"https:\/\/www.zerdab.com\/?p=25330","og_site_name":"Z\u0259rdab.com","article_published_time":"2017-11-02T17:54:21+00:00","article_modified_time":"2017-11-02T17:55:17+00:00","og_image":[{"width":1000,"height":663,"url":"https:\/\/www.zerdab.com\/wp-content\/uploads\/2017\/11\/Zerdab-celtik-ekini.jpg","type":"image\/jpeg"}],"author":"admin","twitter_card":"summary_large_image","twitter_misc":{"Written by":"admin","Est. reading time":"2 minutes"},"schema":{"@context":"https:\/\/schema.org","@graph":[{"@type":"Article","@id":"https:\/\/www.zerdab.com\/?p=25330#article","isPartOf":{"@id":"https:\/\/www.zerdab.com\/?p=25330"},"author":{"name":"admin","@id":"https:\/\/www.zerdab.com\/#\/schema\/person\/97079b7570c1e89ec0d9e138c3672136"},"headline":"G\u0259l\u0259n il Z\u0259rdabda \u00e7\u0259ltik \u0259kini sah\u0259l\u0259ri 300 hektara \u00e7atd\u0131r\u0131lacaq &#8211; FOTOLAR","datePublished":"2017-11-02T17:54:21+00:00","dateModified":"2017-11-02T17:55:17+00:00","mainEntityOfPage":{"@id":"https:\/\/www.zerdab.com\/?p=25330"},"wordCount":477,"commentCount":0,"image":{"@id":"https:\/\/www.zerdab.com\/?p=25330#primaryimage"},"thumbnailUrl":"https:\/\/www.zerdab.com\/wp-content\/uploads\/2017\/11\/Zerdab-celtik-ekini.jpg","articleSection":["C\u018fM\u0130YY\u018fT","MAN\u015eET"],"inLanguage":"az","potentialAction":[{"@type":"CommentAction","name":"Comment","target":["https:\/\/www.zerdab.com\/?p=25330#respond"]}]},{"@type":"WebPage","@id":"https:\/\/www.zerdab.com\/?p=25330","url":"https:\/\/www.zerdab.com\/?p=25330","name":"G\u0259l\u0259n il Z\u0259rdabda \u00e7\u0259ltik \u0259kini sah\u0259l\u0259ri 300 hektara \u00e7atd\u0131r\u0131lacaq - FOTOLAR - Z\u0259rdab.com","isPartOf":{"@id":"https:\/\/www.zerdab.com\/#website"},"primaryImageOfPage":{"@id":"https:\/\/www.zerdab.com\/?p=25330#primaryimage"},"image":{"@id":"https:\/\/www.zerdab.com\/?p=25330#primaryimage"},"thumbnailUrl":"https:\/\/www.zerdab.com\/wp-content\/uploads\/2017\/11\/Zerdab-celtik-ekini.jpg","datePublished":"2017-11-02T17:54:21+00:00","dateModified":"2017-11-02T17:55:17+00:00","author":{"@id":"https:\/\/www.zerdab.com\/#\/schema\/person\/97079b7570c1e89ec0d9e138c3672136"},"breadcrumb":{"@id":"https:\/\/www.zerdab.com\/?p=25330#breadcrumb"},"inLanguage":"az","potentialAction":[{"@type":"ReadAction","target":["https:\/\/www.zerdab.com\/?p=25330"]}]},{"@type":"ImageObject","inLanguage":"az","@id":"https:\/\/www.zerdab.com\/?p=25330#primaryimage","url":"https:\/\/www.zerdab.com\/wp-content\/uploads\/2017\/11\/Zerdab-celtik-ekini.jpg","contentUrl":"https:\/\/www.zerdab.com\/wp-content\/uploads\/2017\/11\/Zerdab-celtik-ekini.jpg","width":1000,"height":663},{"@type":"BreadcrumbList","@id":"https:\/\/www.zerdab.com\/?p=25330#breadcrumb","itemListElement":[{"@type":"ListItem","position":1,"name":"Home","item":"https:\/\/www.zerdab.com\/"},{"@type":"ListItem","position":2,"name":"G\u0259l\u0259n il Z\u0259rdabda \u00e7\u0259ltik \u0259kini sah\u0259l\u0259ri 300 hektara \u00e7atd\u0131r\u0131lacaq &#8211; FOTOLAR"}]},{"@type":"WebSite","@id":"https:\/\/www.zerdab.com\/#website","url":"https:\/\/www.zerdab.com\/","name":"Z\u0259rdab.com","description":"","potentialAction":[{"@type":"SearchAction","target":{"@type":"EntryPoint","urlTemplate":"https:\/\/www.zerdab.com\/?s={search_term_string}"},"query-input":{"@type":"PropertyValueSpecification","valueRequired":true,"valueName":"search_term_string"}}],"inLanguage":"az"},{"@type":"Person","@id":"https:\/\/www.zerdab.com\/#\/schema\/person\/97079b7570c1e89ec0d9e138c3672136","name":"admin","image":{"@type":"ImageObject","inLanguage":"az","@id":"https:\/\/www.zerdab.com\/#\/schema\/person\/image\/","url":"https:\/\/secure.gravatar.com\/avatar\/d9c52a9a27c32119cb6679a077fa3e2779e5f822c451cbf01098004361d466ec?s=96&d=mm&r=g","contentUrl":"https:\/\/secure.gravatar.com\/avatar\/d9c52a9a27c32119cb6679a077fa3e2779e5f822c451cbf01098004361d466ec?s=96&d=mm&r=g","caption":"admin"},"url":"https:\/\/www.zerdab.com\/?author=1"}]}},"_links":{"self":[{"href":"https:\/\/www.zerdab.com\/index.php?rest_route=\/wp\/v2\/posts\/25330","targetHints":{"allow":["GET"]}}],"collection":[{"href":"https:\/\/www.zerdab.com\/index.php?rest_route=\/wp\/v2\/posts"}],"about":[{"href":"https:\/\/www.zerdab.com\/index.php?rest_route=\/wp\/v2\/types\/post"}],"author":[{"embeddable":true,"href":"https:\/\/www.zerdab.com\/index.php?rest_route=\/wp\/v2\/users\/1"}],"replies":[{"embeddable":true,"href":"https:\/\/www.zerdab.com\/index.php?rest_route=%2Fwp%2Fv2%2Fcomments&post=25330"}],"version-history":[{"count":2,"href":"https:\/\/www.zerdab.com\/index.php?rest_route=\/wp\/v2\/posts\/25330\/revisions"}],"predecessor-version":[{"id":25335,"href":"https:\/\/www.zerdab.com\/index.php?rest_route=\/wp\/v2\/posts\/25330\/revisions\/25335"}],"wp:featuredmedia":[{"embeddable":true,"href":"https:\/\/www.zerdab.com\/index.php?rest_route=\/wp\/v2\/media\/25332"}],"wp:attachment":[{"href":"https:\/\/www.zerdab.com\/index.php?rest_route=%2Fwp%2Fv2%2Fmedia&parent=25330"}],"wp:term":[{"taxonomy":"category","embeddable":true,"href":"https:\/\/www.zerdab.com\/index.php?rest_route=%2Fwp%2Fv2%2Fcategories&post=25330"},{"taxonomy":"post_tag","embeddable":true,"href":"https:\/\/www.zerdab.com\/index.php?rest_route=%2Fwp%2Fv2%2Ftags&post=25330"}],"curies":[{"name":"wp","href":"https:\/\/api.w.org\/{rel}","templated":true}]}}