{"id":25405,"date":"2017-11-22T09:57:34","date_gmt":"2017-11-22T05:57:34","guid":{"rendered":"http:\/\/www.zerdab.com\/?p=25405"},"modified":"2017-12-05T11:07:46","modified_gmt":"2017-12-05T07:07:46","slug":"yap-z%c9%99rdab-rayon-t%c9%99skilatinin-25-illiyi-qeyd-olundu-fotolar","status":"publish","type":"post","link":"https:\/\/www.zerdab.com\/?p=25405","title":{"rendered":"YAP Z\u0259rdab rayon t\u0259\u015fkilat\u0131n\u0131n 25 illiyi qeyd olundu &#8211; FOTOLAR"},"content":{"rendered":"<p>Yeni Az\u0259rbaycan Partiyas\u0131n\u0131n yaranmas\u0131n\u0131n 25 illik yubileyi m\u00fcnasib\u0259til\u0259 YAP Z\u0259rdab rayon t\u0259\u015fkilat\u0131 t\u0259r\u0259find\u0259n yubiley t\u0259dbiri t\u0259\u015fkil edilib.\u00a0YAP Z\u0259rdab rayon t\u0259\u015fkilat\u0131ndan Zerdab.com sayt\u0131na veril\u0259n m\u0259lumata g\u00f6r\u0259, t\u0259dbird\u0259 YAP Z\u0259rdab rayon t\u0259\u015fkilat\u0131 \u0130dar\u0259 hey\u0259tinin \u00fczv\u00fc, Rayon \u0130cra Hakimiyy\u0259tinin ba\u015f\u00e7\u0131s\u0131 L\u00fctv\u0259li Babayev, rayon t\u0259\u015fkilat\u0131n\u0131n \u015eura \u00fczvl\u0259ri, \u0259razi ilk partiya t\u0259\u015fkilatlar\u0131n\u0131n s\u0259drl\u0259ri, g\u0259ncl\u0259r, partiya veteranlar\u0131, YAP Z\u0259rdab rayon t\u0259\u015fkilat\u0131n\u0131n yarad\u0131c\u0131lar\u0131-t\u0259sis konfrans\u0131n\u0131n n\u00fcmay\u0259nd\u0259l\u0259ri i\u015ftirak edib\u0259r.<br \/>\n\u018fvv\u0259lc\u0259 i\u015ftirak\u00e7\u0131lar \u00fcmummilli lider Heyd\u0259r \u018fliyevin b\u00fcst\u00fc \u00f6n\u00fcn\u0259 g\u00fcl d\u0259st\u0259l\u0259ri d\u00fcz\u00fcb, Ulu \u00d6nd\u0259rin \u0259ziz xatir\u0259sin\u0259 ehtiramlar\u0131n\u0131 ifad\u0259 edibl\u0259r.<br \/>\nSonra Z\u0259rdab rayon Heyd\u0259r \u018fliyev M\u0259rk\u0259zind\u0259 davam ed\u0259n t\u0259dbird\u0259 Az\u0259rbaycan\u0131n d\u00f6vl\u0259t himni s\u0259sl\u0259nib v\u0259 YAP-\u0131n tarixin\u0259, \u00dcmummilli lider Heyd\u0259r \u018fliyevin v\u0259 partiyan\u0131n S\u0259dri, Prezident \u0130lham \u018fliyevin f\u0259aliyy\u0259tin\u0259 h\u0259sr olunmu\u015f video\u00e7arx n\u00fcmayi\u015f etdirilib v\u0259 \u015f\u0259h\u0259r 1 sayl\u0131 m\u0259kt\u0259b liseyin \u015fagirdl\u0259rinin ifas\u0131nda Ulu \u00f6nd\u0259rin partiya v\u0259 d\u00f6vl\u0259t\u00e7ilik f\u0259aliyy\u0259tin\u0259 h\u0259sr olunmu\u015f kompazisiya s\u0259sl\u0259ndirilib.<br \/>\nT\u0259dbiri giri\u015f s\u00f6z\u00fc il\u0259 a\u00e7an YAP Z\u0259rdab rayon t\u0259\u015fkilat\u0131n\u0131n s\u0259dri P\u0259rvin Mahmudova Az\u0259rbaycan d\u00f6vl\u0259t\u00e7iliyinin inki\u015faf\u0131nda YAP-\u0131n xidm\u0259tl\u0259rind\u0259n dan\u0131\u015f\u0131b. O qeyd edib ki, Ulu \u00f6nd\u0259r Heyd\u0259r \u018fliyev \u00f6z siyasi d\u00fchas\u0131 il\u0259 Az\u0259rbaycan\u0131n m\u00fcasir simas\u0131n\u0131 m\u00fc\u0259yy\u0259nl\u0259\u015fdirib v\u0259 xalq\u0131m\u0131z\u0131n taleyind\u0259 silinm\u0259z izl\u0259r qoyub.<\/p>\n<p>Sonra Z\u0259rdab rayon \u0130cra Hakimiyy\u0259tinin ba\u015f\u00e7\u0131s\u0131, YAP Z\u0259rdab rayon t\u0259\u015fkilat\u0131 \u0130dar\u0259 Hey\u0259tinin \u00fczv\u00fc L\u00fctv\u0259li Babayev yubiley m\u00fcnasib\u0259ti il\u0259 t\u0259dbir i\u015ftirak\u00e7\u0131lar\u0131n\u0131 t\u0259brik edib.<\/p>\n<p>L\u00fctv\u0259li Babayev bildirib ki, YAP-\u0131n yaranmas\u0131 m\u00fcst\u0259qillik tariximizd\u0259 yeni m\u0259rh\u0259l\u0259nin \u0259sas\u0131n\u0131 qoyub: \u201cZaman\u0131n t\u0259l\u0259bi il\u0259 yaranm\u0131\u015f, d\u00fcn\u0259nin, bu g\u00fcn\u00fcn v\u0259 sabah\u0131n partiyas\u0131 olan YAP 25 il \u0259rzind\u0259 \u015f\u0259r\u0259fli tarixi yol ke\u00e7\u0259r\u0259k, m\u00fcst\u0259qil d\u00f6vl\u0259timizin m\u00f6hk\u0259ml\u0259nm\u0259sind\u0259 x\u00fcsusi rol oynay\u0131b. Bu yubiley m\u00fcnasib\u0259til\u0259 b\u00fct\u00fcn partiya \u00fczvl\u0259rini, o c\u00fcml\u0259d\u0259n YAP Z\u0259rdab rayon t\u0259\u015fkilat\u0131n\u0131n h\u0259r bir \u00fczv\u00fcn\u00fc, rayonumuzun b\u00fct\u00fcn \u0259halisini t\u0259brik edir\u0259m\u201d.<\/p>\n<p>L. Babayev h\u0259m\u00e7inin Z\u0259rdab rayonunda h\u0259yata ke\u00e7iril\u0259n geni\u015f quruculuq i\u015fl\u0259ri haqq\u0131nda da m\u0259lumat verib.<br \/>\nT\u0259dbird\u0259 h\u0259m\u00e7inin YAP Z\u0259rdab rayon t\u0259\u015fkilat\u0131n\u0131n yarad\u0131c\u0131lar\u0131ndan Tahir Qas\u0131mov, \u0130sr\u0259fil H\u0259midov, Etibar Hac\u0131yev, YAP Z\u0259rdab rayon t\u0259\u015fkilat\u0131 G\u0259ncl\u0259r Birliyinin s\u0259dri \u018fl\u0259kb\u0259r K\u0259rimov, YAP Z\u0259rdab rayon t\u0259\u015fkilat\u0131 Qad\u0131nlar \u015euras\u0131n\u0131n s\u0259dr m\u00fcavini Nail\u0259 \u018fliyeva, &#8220;\u018fm\u0259kdar m\u00fc\u0259llim&#8221;, partiya f\u0259al\u0131, Z\u0259rdab \u015f\u0259h\u0259r 1 sayl\u0131 m\u0259kt\u0259b liseyin direktor m\u00fcavini \u015e\u0259hla Eminova v\u0259 ba\u015fqalar\u0131 \u00e7\u0131x\u0131\u015f ed\u0259r\u0259k \u00f6t\u0259n 25 ild\u0259 \u0259ld\u0259 edil\u0259n u\u011furlar bar\u0259d\u0259 dan\u0131\u015f\u0131blar.<br \/>\nSonra ictimai-siyasi aktivliyi il\u0259 se\u00e7il\u0259n bir qrup partiya \u00fczv\u00fcn\u0259 F\u0259xri f\u0259rmanlar v\u0259 h\u0259diyy\u0259l\u0259r, YAP s\u0131ralar\u0131na yeni qo\u015fulan \u015f\u0259xsl\u0259r\u0259 \u00fczvl\u00fck v\u0259siq\u0259l\u0259ri t\u0259qdim olunub.<\/p>\n<p><a href=\"http:\/\/www.zerdab.com\/?attachment_id=25409\" rel=\"attachment wp-att-25409\"><img loading=\"lazy\" decoding=\"async\" class=\"aligncenter size-large wp-image-25409\" src=\"http:\/\/www.zerdab.com\/wp-content\/uploads\/2017\/11\/Zerdab-rayonu-Yeni-Azerbaycan-Partiyasi-550x367.jpg\" alt=\"\" width=\"550\" height=\"367\" \/><\/a><a href=\"http:\/\/www.zerdab.com\/?attachment_id=25416\" rel=\"attachment wp-att-25416\"><img loading=\"lazy\" decoding=\"async\" class=\"aligncenter size-large wp-image-25416\" src=\"http:\/\/www.zerdab.com\/wp-content\/uploads\/2017\/11\/Zerdab-rayonu-Yeni-Azerbaycan-Partiyasi6-550x307.jpg\" alt=\"\" width=\"550\" height=\"307\" \/><\/a><\/p>\n<p><a href=\"http:\/\/www.zerdab.com\/?attachment_id=25412\" rel=\"attachment wp-att-25412\"><img loading=\"lazy\" decoding=\"async\" class=\"aligncenter size-large wp-image-25412\" src=\"http:\/\/www.zerdab.com\/wp-content\/uploads\/2017\/11\/Zerdab-rayonu-Yeni-Azerbaycan-Partiyasi2-550x367.jpg\" alt=\"\" width=\"550\" height=\"367\" \/><\/a> <a href=\"http:\/\/www.zerdab.com\/?attachment_id=25413\" rel=\"attachment wp-att-25413\"><img loading=\"lazy\" decoding=\"async\" class=\"aligncenter size-large wp-image-25413\" src=\"http:\/\/www.zerdab.com\/wp-content\/uploads\/2017\/11\/Zerdab-rayonu-Yeni-Azerbaycan-Partiyasi3-550x367.jpg\" alt=\"\" width=\"550\" height=\"367\" \/><\/a> <a href=\"http:\/\/www.zerdab.com\/?attachment_id=25414\" rel=\"attachment wp-att-25414\"><img loading=\"lazy\" decoding=\"async\" class=\"aligncenter size-large wp-image-25414\" src=\"http:\/\/www.zerdab.com\/wp-content\/uploads\/2017\/11\/Zerdab-rayonu-Yeni-Azerbaycan-Partiyasi4-550x300.jpg\" alt=\"\" width=\"550\" height=\"300\" \/><\/a> <a href=\"http:\/\/www.zerdab.com\/?attachment_id=25415\" rel=\"attachment wp-att-25415\"><img loading=\"lazy\" decoding=\"async\" class=\"aligncenter size-large wp-image-25415\" src=\"http:\/\/www.zerdab.com\/wp-content\/uploads\/2017\/11\/Zerdab-rayonu-Yeni-Azerbaycan-Partiyasi5-550x367.jpg\" alt=\"\" width=\"550\" height=\"367\" \/><\/a><a href=\"http:\/\/www.zerdab.com\/?attachment_id=25417\" rel=\"attachment wp-att-25417\"><img loading=\"lazy\" decoding=\"async\" class=\"aligncenter size-large wp-image-25417\" src=\"http:\/\/www.zerdab.com\/wp-content\/uploads\/2017\/11\/Zerdab-rayonu-Yeni-Azerbaycan-Partiyasi7-550x367.jpg\" alt=\"\" width=\"550\" height=\"367\" \/><\/a> <a href=\"http:\/\/www.zerdab.com\/?attachment_id=25418\" rel=\"attachment wp-att-25418\"><img loading=\"lazy\" decoding=\"async\" class=\"aligncenter size-large wp-image-25418\" src=\"http:\/\/www.zerdab.com\/wp-content\/uploads\/2017\/11\/Zerdab-rayonu-Yeni-Azerbaycan-Partiyasi8-1-550x367.jpg\" alt=\"\" width=\"550\" height=\"367\" \/><\/a><\/p>\n","protected":false},"excerpt":{"rendered":"<p>Yeni Az\u0259rbaycan Partiyas\u0131n\u0131n yaranmas\u0131n\u0131n 25 illik yubileyi m\u00fcnasib\u0259til\u0259 YAP Z\u0259rdab rayon t\u0259\u015fkilat\u0131 t\u0259r\u0259find\u0259n yubiley t\u0259dbiri t\u0259\u015fkil edilib.\u00a0YAP Z\u0259rdab rayon t\u0259\u015fkilat\u0131ndan Zerdab.com sayt\u0131na veril\u0259n m\u0259lumata g\u00f6r\u0259, t\u0259dbird\u0259 YAP Z\u0259rdab rayon t\u0259\u015fkilat\u0131 \u0130dar\u0259 hey\u0259tinin \u00fczv\u00fc, Rayon \u0130cra Hakimiyy\u0259tinin ba\u015f\u00e7\u0131s\u0131 L\u00fctv\u0259li Babayev, rayon t\u0259\u015fkilat\u0131n\u0131n \u015eura \u00fczvl\u0259ri, \u0259razi ilk partiya t\u0259\u015fkilatlar\u0131n\u0131n s\u0259drl\u0259ri, g\u0259ncl\u0259r, partiya veteranlar\u0131, YAP Z\u0259rdab rayon t\u0259\u015fkilat\u0131n\u0131n [&hellip;]<\/p>\n","protected":false},"author":1,"featured_media":0,"comment_status":"open","ping_status":"open","sticky":false,"template":"","format":"standard","meta":{"footnotes":""},"categories":[21,63],"tags":[],"class_list":{"0":"post-25405","1":"post","2":"type-post","3":"status-publish","4":"format-standard","6":"category-zrdab","7":"category-manset"},"yoast_head":"<!-- This site is optimized with the Yoast SEO plugin v27.0 - https:\/\/yoast.com\/product\/yoast-seo-wordpress\/ -->\n<title>YAP Z\u0259rdab rayon t\u0259\u015fkilat\u0131n\u0131n 25 illiyi qeyd olundu - FOTOLAR - Z\u0259rdab.com<\/title>\n<meta name=\"robots\" content=\"index, follow, max-snippet:-1, max-image-preview:large, max-video-preview:-1\" \/>\n<link rel=\"canonical\" href=\"https:\/\/www.zerdab.com\/?p=25405\" \/>\n<meta property=\"og:locale\" content=\"az_AZ\" \/>\n<meta property=\"og:type\" content=\"article\" \/>\n<meta property=\"og:title\" content=\"YAP Z\u0259rdab rayon t\u0259\u015fkilat\u0131n\u0131n 25 illiyi qeyd olundu - FOTOLAR - Z\u0259rdab.com\" \/>\n<meta property=\"og:description\" content=\"Yeni Az\u0259rbaycan Partiyas\u0131n\u0131n yaranmas\u0131n\u0131n 25 illik yubileyi m\u00fcnasib\u0259til\u0259 YAP Z\u0259rdab rayon t\u0259\u015fkilat\u0131 t\u0259r\u0259find\u0259n yubiley t\u0259dbiri t\u0259\u015fkil edilib.\u00a0YAP Z\u0259rdab rayon t\u0259\u015fkilat\u0131ndan Zerdab.com sayt\u0131na veril\u0259n m\u0259lumata g\u00f6r\u0259, t\u0259dbird\u0259 YAP Z\u0259rdab rayon t\u0259\u015fkilat\u0131 \u0130dar\u0259 hey\u0259tinin \u00fczv\u00fc, Rayon \u0130cra Hakimiyy\u0259tinin ba\u015f\u00e7\u0131s\u0131 L\u00fctv\u0259li Babayev, rayon t\u0259\u015fkilat\u0131n\u0131n \u015eura \u00fczvl\u0259ri, \u0259razi ilk partiya t\u0259\u015fkilatlar\u0131n\u0131n s\u0259drl\u0259ri, g\u0259ncl\u0259r, partiya veteranlar\u0131, YAP Z\u0259rdab rayon t\u0259\u015fkilat\u0131n\u0131n [&hellip;]\" \/>\n<meta property=\"og:url\" content=\"https:\/\/www.zerdab.com\/?p=25405\" \/>\n<meta property=\"og:site_name\" content=\"Z\u0259rdab.com\" \/>\n<meta property=\"article:published_time\" content=\"2017-11-22T05:57:34+00:00\" \/>\n<meta property=\"article:modified_time\" content=\"2017-12-05T07:07:46+00:00\" \/>\n<meta property=\"og:image\" content=\"http:\/\/www.zerdab.com\/wp-content\/uploads\/2017\/11\/Zerdab-rayonu-Yeni-Azerbaycan-Partiyasi-550x367.jpg\" \/>\n<meta name=\"author\" content=\"admin\" \/>\n<meta name=\"twitter:card\" content=\"summary_large_image\" \/>\n<meta name=\"twitter:label1\" content=\"Written by\" \/>\n\t<meta name=\"twitter:data1\" content=\"admin\" \/>\n\t<meta name=\"twitter:label2\" content=\"Est. reading time\" \/>\n\t<meta name=\"twitter:data2\" content=\"3 minutes\" \/>\n<script type=\"application\/ld+json\" class=\"yoast-schema-graph\">{\"@context\":\"https:\/\/schema.org\",\"@graph\":[{\"@type\":\"Article\",\"@id\":\"https:\/\/www.zerdab.com\/?p=25405#article\",\"isPartOf\":{\"@id\":\"https:\/\/www.zerdab.com\/?p=25405\"},\"author\":{\"name\":\"admin\",\"@id\":\"https:\/\/www.zerdab.com\/#\/schema\/person\/97079b7570c1e89ec0d9e138c3672136\"},\"headline\":\"YAP Z\u0259rdab rayon t\u0259\u015fkilat\u0131n\u0131n 25 illiyi qeyd olundu &#8211; FOTOLAR\",\"datePublished\":\"2017-11-22T05:57:34+00:00\",\"dateModified\":\"2017-12-05T07:07:46+00:00\",\"mainEntityOfPage\":{\"@id\":\"https:\/\/www.zerdab.com\/?p=25405\"},\"wordCount\":628,\"commentCount\":0,\"image\":{\"@id\":\"https:\/\/www.zerdab.com\/?p=25405#primaryimage\"},\"thumbnailUrl\":\"http:\/\/www.zerdab.com\/wp-content\/uploads\/2017\/11\/Zerdab-rayonu-Yeni-Azerbaycan-Partiyasi-550x367.jpg\",\"articleSection\":[\"C\u018fM\u0130YY\u018fT\",\"MAN\u015eET\"],\"inLanguage\":\"az\",\"potentialAction\":[{\"@type\":\"CommentAction\",\"name\":\"Comment\",\"target\":[\"https:\/\/www.zerdab.com\/?p=25405#respond\"]}]},{\"@type\":\"WebPage\",\"@id\":\"https:\/\/www.zerdab.com\/?p=25405\",\"url\":\"https:\/\/www.zerdab.com\/?p=25405\",\"name\":\"YAP Z\u0259rdab rayon t\u0259\u015fkilat\u0131n\u0131n 25 illiyi qeyd olundu - FOTOLAR - Z\u0259rdab.com\",\"isPartOf\":{\"@id\":\"https:\/\/www.zerdab.com\/#website\"},\"primaryImageOfPage\":{\"@id\":\"https:\/\/www.zerdab.com\/?p=25405#primaryimage\"},\"image\":{\"@id\":\"https:\/\/www.zerdab.com\/?p=25405#primaryimage\"},\"thumbnailUrl\":\"http:\/\/www.zerdab.com\/wp-content\/uploads\/2017\/11\/Zerdab-rayonu-Yeni-Azerbaycan-Partiyasi-550x367.jpg\",\"datePublished\":\"2017-11-22T05:57:34+00:00\",\"dateModified\":\"2017-12-05T07:07:46+00:00\",\"author\":{\"@id\":\"https:\/\/www.zerdab.com\/#\/schema\/person\/97079b7570c1e89ec0d9e138c3672136\"},\"breadcrumb\":{\"@id\":\"https:\/\/www.zerdab.com\/?p=25405#breadcrumb\"},\"inLanguage\":\"az\",\"potentialAction\":[{\"@type\":\"ReadAction\",\"target\":[\"https:\/\/www.zerdab.com\/?p=25405\"]}]},{\"@type\":\"ImageObject\",\"inLanguage\":\"az\",\"@id\":\"https:\/\/www.zerdab.com\/?p=25405#primaryimage\",\"url\":\"\",\"contentUrl\":\"\"},{\"@type\":\"BreadcrumbList\",\"@id\":\"https:\/\/www.zerdab.com\/?p=25405#breadcrumb\",\"itemListElement\":[{\"@type\":\"ListItem\",\"position\":1,\"name\":\"Home\",\"item\":\"https:\/\/www.zerdab.com\/\"},{\"@type\":\"ListItem\",\"position\":2,\"name\":\"YAP Z\u0259rdab rayon t\u0259\u015fkilat\u0131n\u0131n 25 illiyi qeyd olundu &#8211; FOTOLAR\"}]},{\"@type\":\"WebSite\",\"@id\":\"https:\/\/www.zerdab.com\/#website\",\"url\":\"https:\/\/www.zerdab.com\/\",\"name\":\"Z\u0259rdab.com\",\"description\":\"\",\"potentialAction\":[{\"@type\":\"SearchAction\",\"target\":{\"@type\":\"EntryPoint\",\"urlTemplate\":\"https:\/\/www.zerdab.com\/?s={search_term_string}\"},\"query-input\":{\"@type\":\"PropertyValueSpecification\",\"valueRequired\":true,\"valueName\":\"search_term_string\"}}],\"inLanguage\":\"az\"},{\"@type\":\"Person\",\"@id\":\"https:\/\/www.zerdab.com\/#\/schema\/person\/97079b7570c1e89ec0d9e138c3672136\",\"name\":\"admin\",\"image\":{\"@type\":\"ImageObject\",\"inLanguage\":\"az\",\"@id\":\"https:\/\/www.zerdab.com\/#\/schema\/person\/image\/\",\"url\":\"https:\/\/secure.gravatar.com\/avatar\/d9c52a9a27c32119cb6679a077fa3e2779e5f822c451cbf01098004361d466ec?s=96&d=mm&r=g\",\"contentUrl\":\"https:\/\/secure.gravatar.com\/avatar\/d9c52a9a27c32119cb6679a077fa3e2779e5f822c451cbf01098004361d466ec?s=96&d=mm&r=g\",\"caption\":\"admin\"},\"url\":\"https:\/\/www.zerdab.com\/?author=1\"}]}<\/script>\n<!-- \/ Yoast SEO plugin. -->","yoast_head_json":{"title":"YAP Z\u0259rdab rayon t\u0259\u015fkilat\u0131n\u0131n 25 illiyi qeyd olundu - FOTOLAR - Z\u0259rdab.com","robots":{"index":"index","follow":"follow","max-snippet":"max-snippet:-1","max-image-preview":"max-image-preview:large","max-video-preview":"max-video-preview:-1"},"canonical":"https:\/\/www.zerdab.com\/?p=25405","og_locale":"az_AZ","og_type":"article","og_title":"YAP Z\u0259rdab rayon t\u0259\u015fkilat\u0131n\u0131n 25 illiyi qeyd olundu - FOTOLAR - Z\u0259rdab.com","og_description":"Yeni Az\u0259rbaycan Partiyas\u0131n\u0131n yaranmas\u0131n\u0131n 25 illik yubileyi m\u00fcnasib\u0259til\u0259 YAP Z\u0259rdab rayon t\u0259\u015fkilat\u0131 t\u0259r\u0259find\u0259n yubiley t\u0259dbiri t\u0259\u015fkil edilib.\u00a0YAP Z\u0259rdab rayon t\u0259\u015fkilat\u0131ndan Zerdab.com sayt\u0131na veril\u0259n m\u0259lumata g\u00f6r\u0259, t\u0259dbird\u0259 YAP Z\u0259rdab rayon t\u0259\u015fkilat\u0131 \u0130dar\u0259 hey\u0259tinin \u00fczv\u00fc, Rayon \u0130cra Hakimiyy\u0259tinin ba\u015f\u00e7\u0131s\u0131 L\u00fctv\u0259li Babayev, rayon t\u0259\u015fkilat\u0131n\u0131n \u015eura \u00fczvl\u0259ri, \u0259razi ilk partiya t\u0259\u015fkilatlar\u0131n\u0131n s\u0259drl\u0259ri, g\u0259ncl\u0259r, partiya veteranlar\u0131, YAP Z\u0259rdab rayon t\u0259\u015fkilat\u0131n\u0131n [&hellip;]","og_url":"https:\/\/www.zerdab.com\/?p=25405","og_site_name":"Z\u0259rdab.com","article_published_time":"2017-11-22T05:57:34+00:00","article_modified_time":"2017-12-05T07:07:46+00:00","og_image":[{"url":"http:\/\/www.zerdab.com\/wp-content\/uploads\/2017\/11\/Zerdab-rayonu-Yeni-Azerbaycan-Partiyasi-550x367.jpg","type":"","width":"","height":""}],"author":"admin","twitter_card":"summary_large_image","twitter_misc":{"Written by":"admin","Est. reading time":"3 minutes"},"schema":{"@context":"https:\/\/schema.org","@graph":[{"@type":"Article","@id":"https:\/\/www.zerdab.com\/?p=25405#article","isPartOf":{"@id":"https:\/\/www.zerdab.com\/?p=25405"},"author":{"name":"admin","@id":"https:\/\/www.zerdab.com\/#\/schema\/person\/97079b7570c1e89ec0d9e138c3672136"},"headline":"YAP Z\u0259rdab rayon t\u0259\u015fkilat\u0131n\u0131n 25 illiyi qeyd olundu &#8211; FOTOLAR","datePublished":"2017-11-22T05:57:34+00:00","dateModified":"2017-12-05T07:07:46+00:00","mainEntityOfPage":{"@id":"https:\/\/www.zerdab.com\/?p=25405"},"wordCount":628,"commentCount":0,"image":{"@id":"https:\/\/www.zerdab.com\/?p=25405#primaryimage"},"thumbnailUrl":"http:\/\/www.zerdab.com\/wp-content\/uploads\/2017\/11\/Zerdab-rayonu-Yeni-Azerbaycan-Partiyasi-550x367.jpg","articleSection":["C\u018fM\u0130YY\u018fT","MAN\u015eET"],"inLanguage":"az","potentialAction":[{"@type":"CommentAction","name":"Comment","target":["https:\/\/www.zerdab.com\/?p=25405#respond"]}]},{"@type":"WebPage","@id":"https:\/\/www.zerdab.com\/?p=25405","url":"https:\/\/www.zerdab.com\/?p=25405","name":"YAP Z\u0259rdab rayon t\u0259\u015fkilat\u0131n\u0131n 25 illiyi qeyd olundu - FOTOLAR - Z\u0259rdab.com","isPartOf":{"@id":"https:\/\/www.zerdab.com\/#website"},"primaryImageOfPage":{"@id":"https:\/\/www.zerdab.com\/?p=25405#primaryimage"},"image":{"@id":"https:\/\/www.zerdab.com\/?p=25405#primaryimage"},"thumbnailUrl":"http:\/\/www.zerdab.com\/wp-content\/uploads\/2017\/11\/Zerdab-rayonu-Yeni-Azerbaycan-Partiyasi-550x367.jpg","datePublished":"2017-11-22T05:57:34+00:00","dateModified":"2017-12-05T07:07:46+00:00","author":{"@id":"https:\/\/www.zerdab.com\/#\/schema\/person\/97079b7570c1e89ec0d9e138c3672136"},"breadcrumb":{"@id":"https:\/\/www.zerdab.com\/?p=25405#breadcrumb"},"inLanguage":"az","potentialAction":[{"@type":"ReadAction","target":["https:\/\/www.zerdab.com\/?p=25405"]}]},{"@type":"ImageObject","inLanguage":"az","@id":"https:\/\/www.zerdab.com\/?p=25405#primaryimage","url":"","contentUrl":""},{"@type":"BreadcrumbList","@id":"https:\/\/www.zerdab.com\/?p=25405#breadcrumb","itemListElement":[{"@type":"ListItem","position":1,"name":"Home","item":"https:\/\/www.zerdab.com\/"},{"@type":"ListItem","position":2,"name":"YAP Z\u0259rdab rayon t\u0259\u015fkilat\u0131n\u0131n 25 illiyi qeyd olundu &#8211; FOTOLAR"}]},{"@type":"WebSite","@id":"https:\/\/www.zerdab.com\/#website","url":"https:\/\/www.zerdab.com\/","name":"Z\u0259rdab.com","description":"","potentialAction":[{"@type":"SearchAction","target":{"@type":"EntryPoint","urlTemplate":"https:\/\/www.zerdab.com\/?s={search_term_string}"},"query-input":{"@type":"PropertyValueSpecification","valueRequired":true,"valueName":"search_term_string"}}],"inLanguage":"az"},{"@type":"Person","@id":"https:\/\/www.zerdab.com\/#\/schema\/person\/97079b7570c1e89ec0d9e138c3672136","name":"admin","image":{"@type":"ImageObject","inLanguage":"az","@id":"https:\/\/www.zerdab.com\/#\/schema\/person\/image\/","url":"https:\/\/secure.gravatar.com\/avatar\/d9c52a9a27c32119cb6679a077fa3e2779e5f822c451cbf01098004361d466ec?s=96&d=mm&r=g","contentUrl":"https:\/\/secure.gravatar.com\/avatar\/d9c52a9a27c32119cb6679a077fa3e2779e5f822c451cbf01098004361d466ec?s=96&d=mm&r=g","caption":"admin"},"url":"https:\/\/www.zerdab.com\/?author=1"}]}},"_links":{"self":[{"href":"https:\/\/www.zerdab.com\/index.php?rest_route=\/wp\/v2\/posts\/25405","targetHints":{"allow":["GET"]}}],"collection":[{"href":"https:\/\/www.zerdab.com\/index.php?rest_route=\/wp\/v2\/posts"}],"about":[{"href":"https:\/\/www.zerdab.com\/index.php?rest_route=\/wp\/v2\/types\/post"}],"author":[{"embeddable":true,"href":"https:\/\/www.zerdab.com\/index.php?rest_route=\/wp\/v2\/users\/1"}],"replies":[{"embeddable":true,"href":"https:\/\/www.zerdab.com\/index.php?rest_route=%2Fwp%2Fv2%2Fcomments&post=25405"}],"version-history":[{"count":3,"href":"https:\/\/www.zerdab.com\/index.php?rest_route=\/wp\/v2\/posts\/25405\/revisions"}],"predecessor-version":[{"id":25420,"href":"https:\/\/www.zerdab.com\/index.php?rest_route=\/wp\/v2\/posts\/25405\/revisions\/25420"}],"wp:attachment":[{"href":"https:\/\/www.zerdab.com\/index.php?rest_route=%2Fwp%2Fv2%2Fmedia&parent=25405"}],"wp:term":[{"taxonomy":"category","embeddable":true,"href":"https:\/\/www.zerdab.com\/index.php?rest_route=%2Fwp%2Fv2%2Fcategories&post=25405"},{"taxonomy":"post_tag","embeddable":true,"href":"https:\/\/www.zerdab.com\/index.php?rest_route=%2Fwp%2Fv2%2Ftags&post=25405"}],"curies":[{"name":"wp","href":"https:\/\/api.w.org\/{rel}","templated":true}]}}