{"id":25450,"date":"2017-11-25T19:29:39","date_gmt":"2017-11-25T15:29:39","guid":{"rendered":"http:\/\/www.zerdab.com\/?p=25450"},"modified":"2017-11-25T20:06:00","modified_gmt":"2017-11-25T16:06:00","slug":"mill%c9%99t-v%c9%99kili-jal%c9%99-%c9%99liyeva-z%c9%99rdabda-secicil%c9%99rin-q%c9%99bulunu-kecirdi-fotolar","status":"publish","type":"post","link":"https:\/\/www.zerdab.com\/?p=25450","title":{"rendered":"Mill\u0259t v\u0259kili Jal\u0259 \u018fliyeva Z\u0259rdabda se\u00e7icil\u0259rin q\u0259bulunu ke\u00e7irdi &#8211; FOTOLAR"},"content":{"rendered":"<p>Milli M\u0259clisin deputat\u0131, professor Jal\u0259 \u018fliyeva mill\u0259t v\u0259kili se\u00e7ildiyi Z\u0259rdab rayonunda se\u00e7icil\u0259rin n\u00f6vb\u0259ti q\u0259bulunu ke\u00e7irib. <span style=\"color: #ff0000;\"><strong>Zerdab.com<\/strong><\/span> sayt\u0131na veril\u0259n m\u0259lumata g\u00f6r\u0259, 25 ail\u0259nin i\u015ftirak etdiyi q\u0259bulda m\u00fcraci\u0259tl\u0259r \u0259sas\u0259n i\u015f\u0259 q\u0259bul, m\u00fcalic\u0259, \u00f6vladl\u0131\u011fa u\u015faq g\u00f6t\u00fcr\u00fclm\u0259si, m\u0259nzill\u0259 t\u0259min edilm\u0259 kimi sah\u0259l\u0259ri \u0259hat\u0259 edib.<\/p>\n<p>Mill\u0259t v\u0259kilinin qar\u015f\u0131s\u0131nda qald\u0131r\u0131lan probleml\u0259rin bir \u00e7oxu yerind\u0259c\u0259 h\u0259ll edilib, dig\u0259r m\u0259s\u0259l\u0259l\u0259rin h\u0259lli \u00fc\u00e7\u00fcn is\u0259 deputat t\u0259r\u0259find\u0259n m\u00fcvafiq qurumlara m\u00fcraci\u0259tl\u0259r g\u00f6nd\u0259rilib.<\/p>\n<p>Mill\u0259t v\u0259kili Jal\u0259 \u018fliyeva v\u0259t\u0259nda\u015flarla g\u00f6r\u00fc\u015fl\u0259rd\u0259 qeyd edib ki, Prezident \u0130lham \u018fliyevin apard\u0131\u011f\u0131 m\u0259qs\u0259dy\u00f6nl\u00fc siyas\u0259tin n\u0259tic\u0259si olaraq \u00f6lk\u0259mizin d\u00fcnyadak\u0131 m\u00f6vqeyi h\u0259r \u00f6t\u0259n g\u00fcn daha \u00e7ox m\u00f6hk\u0259ml\u0259nm\u0259kd\u0259dir. Bir m\u00fcdd\u0259t \u0259vv\u0259l Bak\u0131-Tbilisi-Qars d\u0259miryolu x\u0259ttinin i\u015f\u0259 ba\u015flamas\u0131 d\u00f6vl\u0259timizin siyasi v\u0259 iqtisadi imkanlar\u0131n\u0131 daha da g\u00fccl\u0259ndir\u0259c\u0259k.<\/p>\n<p>Deputat bildirib ki, h\u00f6kum\u0259t v\u0259t\u0259nda\u015flar\u0131n sosial rifah hal\u0131n\u0131n daha da y\u00fcks\u0259ldilm\u0259si \u00fc\u00e7\u00fcn \u00e7oxsayl\u0131 proqram v\u0259 layih\u0259l\u0259r h\u0259yata ke\u00e7irir.<\/p>\n<p>V\u0259t\u0259nda\u015flar deputatla s\u00f6hb\u0259tl\u0259rind\u0259 Prezident \u0130lham \u018fliyevin r\u0259hb\u0259rliyi alt\u0131nda h\u0259yata ke\u00e7iril\u0259n siyas\u0259td\u0259n raz\u0131l\u0131q ed\u0259r\u0259k, \u00f6lk\u0259 r\u0259hb\u0259rliyin\u0259 olan d\u0259st\u0259kl\u0259rini ifad\u0259 edibl\u0259r.<\/p>\n<p><a href=\"http:\/\/www.zerdab.com\/?attachment_id=25451\" rel=\"attachment wp-att-25451\"><img loading=\"lazy\" decoding=\"async\" class=\"aligncenter size-large wp-image-25451\" src=\"http:\/\/www.zerdab.com\/wp-content\/uploads\/2017\/11\/Jale-Eliyeva-Zerdab1-402x550.jpg\" alt=\"Jale Eliyeva Zerdab\" width=\"402\" height=\"550\" \/><\/a> <a href=\"http:\/\/www.zerdab.com\/?attachment_id=25452\" rel=\"attachment wp-att-25452\"><img loading=\"lazy\" decoding=\"async\" class=\"aligncenter size-large wp-image-25452\" src=\"http:\/\/www.zerdab.com\/wp-content\/uploads\/2017\/11\/Jale-Eliyeva-Zerdab11-371x550.jpg\" alt=\"Jale Eliyeva Zerdab\" width=\"371\" height=\"550\" \/><\/a> <a href=\"http:\/\/www.zerdab.com\/?attachment_id=25453\" rel=\"attachment wp-att-25453\"><img loading=\"lazy\" decoding=\"async\" class=\"aligncenter size-large wp-image-25453\" src=\"http:\/\/www.zerdab.com\/wp-content\/uploads\/2017\/11\/Jale-Eliyeva-Zerdab12-442x550.jpg\" alt=\"Jale Eliyeva Zerdab\" width=\"442\" height=\"550\" \/><\/a> <a href=\"http:\/\/www.zerdab.com\/?attachment_id=25454\" rel=\"attachment wp-att-25454\"><img loading=\"lazy\" decoding=\"async\" class=\"aligncenter size-large wp-image-25454\" src=\"http:\/\/www.zerdab.com\/wp-content\/uploads\/2017\/11\/Jale-Eliyeva-Zerdab13-507x550.jpg\" alt=\"Jale Eliyeva Zerdab\" width=\"507\" height=\"550\" \/><\/a> <a href=\"http:\/\/www.zerdab.com\/?attachment_id=25455\" rel=\"attachment wp-att-25455\"><img loading=\"lazy\" decoding=\"async\" class=\"aligncenter size-large wp-image-25455\" src=\"http:\/\/www.zerdab.com\/wp-content\/uploads\/2017\/11\/Jale-Eliyeva-Zerdab14-349x550.jpg\" alt=\"Jale Eliyeva Zerdab\" width=\"349\" height=\"550\" \/><\/a> <a href=\"http:\/\/www.zerdab.com\/?attachment_id=25456\" rel=\"attachment wp-att-25456\"><img loading=\"lazy\" decoding=\"async\" class=\"aligncenter size-large wp-image-25456\" src=\"http:\/\/www.zerdab.com\/wp-content\/uploads\/2017\/11\/Jale-Eliyeva-Zerdab15-402x550.jpg\" alt=\"Jale Eliyeva Zerdab\" width=\"402\" height=\"550\" \/><\/a><\/p>\n","protected":false},"excerpt":{"rendered":"<p>Milli M\u0259clisin deputat\u0131, professor Jal\u0259 \u018fliyeva mill\u0259t v\u0259kili se\u00e7ildiyi Z\u0259rdab rayonunda se\u00e7icil\u0259rin n\u00f6vb\u0259ti q\u0259bulunu ke\u00e7irib. Zerdab.com sayt\u0131na veril\u0259n m\u0259lumata g\u00f6r\u0259, 25 ail\u0259nin i\u015ftirak etdiyi q\u0259bulda m\u00fcraci\u0259tl\u0259r \u0259sas\u0259n i\u015f\u0259 q\u0259bul, m\u00fcalic\u0259, \u00f6vladl\u0131\u011fa u\u015faq g\u00f6t\u00fcr\u00fclm\u0259si, m\u0259nzill\u0259 t\u0259min edilm\u0259 kimi sah\u0259l\u0259ri \u0259hat\u0259 edib. Mill\u0259t v\u0259kilinin qar\u015f\u0131s\u0131nda qald\u0131r\u0131lan probleml\u0259rin bir \u00e7oxu yerind\u0259c\u0259 h\u0259ll edilib, dig\u0259r m\u0259s\u0259l\u0259l\u0259rin h\u0259lli \u00fc\u00e7\u00fcn is\u0259 [&hellip;]<\/p>\n","protected":false},"author":1,"featured_media":0,"comment_status":"open","ping_status":"open","sticky":false,"template":"","format":"standard","meta":{"footnotes":""},"categories":[21,63],"tags":[],"class_list":{"0":"post-25450","1":"post","2":"type-post","3":"status-publish","4":"format-standard","6":"category-zrdab","7":"category-manset"},"yoast_head":"<!-- This site is optimized with the Yoast SEO plugin v27.0 - https:\/\/yoast.com\/product\/yoast-seo-wordpress\/ -->\n<title>Mill\u0259t v\u0259kili Jal\u0259 \u018fliyeva Z\u0259rdabda se\u00e7icil\u0259rin q\u0259bulunu ke\u00e7irdi - FOTOLAR - Z\u0259rdab.com<\/title>\n<meta name=\"robots\" content=\"index, follow, max-snippet:-1, max-image-preview:large, max-video-preview:-1\" \/>\n<link rel=\"canonical\" href=\"https:\/\/www.zerdab.com\/?p=25450\" \/>\n<meta property=\"og:locale\" content=\"az_AZ\" \/>\n<meta property=\"og:type\" content=\"article\" \/>\n<meta property=\"og:title\" content=\"Mill\u0259t v\u0259kili Jal\u0259 \u018fliyeva Z\u0259rdabda se\u00e7icil\u0259rin q\u0259bulunu ke\u00e7irdi - FOTOLAR - Z\u0259rdab.com\" \/>\n<meta property=\"og:description\" content=\"Milli M\u0259clisin deputat\u0131, professor Jal\u0259 \u018fliyeva mill\u0259t v\u0259kili se\u00e7ildiyi Z\u0259rdab rayonunda se\u00e7icil\u0259rin n\u00f6vb\u0259ti q\u0259bulunu ke\u00e7irib. Zerdab.com sayt\u0131na veril\u0259n m\u0259lumata g\u00f6r\u0259, 25 ail\u0259nin i\u015ftirak etdiyi q\u0259bulda m\u00fcraci\u0259tl\u0259r \u0259sas\u0259n i\u015f\u0259 q\u0259bul, m\u00fcalic\u0259, \u00f6vladl\u0131\u011fa u\u015faq g\u00f6t\u00fcr\u00fclm\u0259si, m\u0259nzill\u0259 t\u0259min edilm\u0259 kimi sah\u0259l\u0259ri \u0259hat\u0259 edib. Mill\u0259t v\u0259kilinin qar\u015f\u0131s\u0131nda qald\u0131r\u0131lan probleml\u0259rin bir \u00e7oxu yerind\u0259c\u0259 h\u0259ll edilib, dig\u0259r m\u0259s\u0259l\u0259l\u0259rin h\u0259lli \u00fc\u00e7\u00fcn is\u0259 [&hellip;]\" \/>\n<meta property=\"og:url\" content=\"https:\/\/www.zerdab.com\/?p=25450\" \/>\n<meta property=\"og:site_name\" content=\"Z\u0259rdab.com\" \/>\n<meta property=\"article:published_time\" content=\"2017-11-25T15:29:39+00:00\" \/>\n<meta property=\"article:modified_time\" content=\"2017-11-25T16:06:00+00:00\" \/>\n<meta property=\"og:image\" content=\"http:\/\/www.zerdab.com\/wp-content\/uploads\/2017\/11\/Jale-Eliyeva-Zerdab1-402x550.jpg\" \/>\n<meta name=\"author\" content=\"admin\" \/>\n<meta name=\"twitter:card\" content=\"summary_large_image\" \/>\n<meta name=\"twitter:label1\" content=\"Written by\" \/>\n\t<meta name=\"twitter:data1\" content=\"admin\" \/>\n\t<meta name=\"twitter:label2\" content=\"Est. reading time\" \/>\n\t<meta name=\"twitter:data2\" content=\"1 minute\" \/>\n<script type=\"application\/ld+json\" class=\"yoast-schema-graph\">{\"@context\":\"https:\/\/schema.org\",\"@graph\":[{\"@type\":\"Article\",\"@id\":\"https:\/\/www.zerdab.com\/?p=25450#article\",\"isPartOf\":{\"@id\":\"https:\/\/www.zerdab.com\/?p=25450\"},\"author\":{\"name\":\"admin\",\"@id\":\"https:\/\/www.zerdab.com\/#\/schema\/person\/97079b7570c1e89ec0d9e138c3672136\"},\"headline\":\"Mill\u0259t v\u0259kili Jal\u0259 \u018fliyeva Z\u0259rdabda se\u00e7icil\u0259rin q\u0259bulunu ke\u00e7irdi &#8211; FOTOLAR\",\"datePublished\":\"2017-11-25T15:29:39+00:00\",\"dateModified\":\"2017-11-25T16:06:00+00:00\",\"mainEntityOfPage\":{\"@id\":\"https:\/\/www.zerdab.com\/?p=25450\"},\"wordCount\":293,\"commentCount\":0,\"image\":{\"@id\":\"https:\/\/www.zerdab.com\/?p=25450#primaryimage\"},\"thumbnailUrl\":\"http:\/\/www.zerdab.com\/wp-content\/uploads\/2017\/11\/Jale-Eliyeva-Zerdab1-402x550.jpg\",\"articleSection\":[\"C\u018fM\u0130YY\u018fT\",\"MAN\u015eET\"],\"inLanguage\":\"az\",\"potentialAction\":[{\"@type\":\"CommentAction\",\"name\":\"Comment\",\"target\":[\"https:\/\/www.zerdab.com\/?p=25450#respond\"]}]},{\"@type\":\"WebPage\",\"@id\":\"https:\/\/www.zerdab.com\/?p=25450\",\"url\":\"https:\/\/www.zerdab.com\/?p=25450\",\"name\":\"Mill\u0259t v\u0259kili Jal\u0259 \u018fliyeva Z\u0259rdabda se\u00e7icil\u0259rin q\u0259bulunu ke\u00e7irdi - FOTOLAR - Z\u0259rdab.com\",\"isPartOf\":{\"@id\":\"https:\/\/www.zerdab.com\/#website\"},\"primaryImageOfPage\":{\"@id\":\"https:\/\/www.zerdab.com\/?p=25450#primaryimage\"},\"image\":{\"@id\":\"https:\/\/www.zerdab.com\/?p=25450#primaryimage\"},\"thumbnailUrl\":\"http:\/\/www.zerdab.com\/wp-content\/uploads\/2017\/11\/Jale-Eliyeva-Zerdab1-402x550.jpg\",\"datePublished\":\"2017-11-25T15:29:39+00:00\",\"dateModified\":\"2017-11-25T16:06:00+00:00\",\"author\":{\"@id\":\"https:\/\/www.zerdab.com\/#\/schema\/person\/97079b7570c1e89ec0d9e138c3672136\"},\"breadcrumb\":{\"@id\":\"https:\/\/www.zerdab.com\/?p=25450#breadcrumb\"},\"inLanguage\":\"az\",\"potentialAction\":[{\"@type\":\"ReadAction\",\"target\":[\"https:\/\/www.zerdab.com\/?p=25450\"]}]},{\"@type\":\"ImageObject\",\"inLanguage\":\"az\",\"@id\":\"https:\/\/www.zerdab.com\/?p=25450#primaryimage\",\"url\":\"\",\"contentUrl\":\"\"},{\"@type\":\"BreadcrumbList\",\"@id\":\"https:\/\/www.zerdab.com\/?p=25450#breadcrumb\",\"itemListElement\":[{\"@type\":\"ListItem\",\"position\":1,\"name\":\"Home\",\"item\":\"https:\/\/www.zerdab.com\/\"},{\"@type\":\"ListItem\",\"position\":2,\"name\":\"Mill\u0259t v\u0259kili Jal\u0259 \u018fliyeva Z\u0259rdabda se\u00e7icil\u0259rin q\u0259bulunu ke\u00e7irdi &#8211; FOTOLAR\"}]},{\"@type\":\"WebSite\",\"@id\":\"https:\/\/www.zerdab.com\/#website\",\"url\":\"https:\/\/www.zerdab.com\/\",\"name\":\"Z\u0259rdab.com\",\"description\":\"\",\"potentialAction\":[{\"@type\":\"SearchAction\",\"target\":{\"@type\":\"EntryPoint\",\"urlTemplate\":\"https:\/\/www.zerdab.com\/?s={search_term_string}\"},\"query-input\":{\"@type\":\"PropertyValueSpecification\",\"valueRequired\":true,\"valueName\":\"search_term_string\"}}],\"inLanguage\":\"az\"},{\"@type\":\"Person\",\"@id\":\"https:\/\/www.zerdab.com\/#\/schema\/person\/97079b7570c1e89ec0d9e138c3672136\",\"name\":\"admin\",\"image\":{\"@type\":\"ImageObject\",\"inLanguage\":\"az\",\"@id\":\"https:\/\/www.zerdab.com\/#\/schema\/person\/image\/\",\"url\":\"https:\/\/secure.gravatar.com\/avatar\/d9c52a9a27c32119cb6679a077fa3e2779e5f822c451cbf01098004361d466ec?s=96&d=mm&r=g\",\"contentUrl\":\"https:\/\/secure.gravatar.com\/avatar\/d9c52a9a27c32119cb6679a077fa3e2779e5f822c451cbf01098004361d466ec?s=96&d=mm&r=g\",\"caption\":\"admin\"},\"url\":\"https:\/\/www.zerdab.com\/?author=1\"}]}<\/script>\n<!-- \/ Yoast SEO plugin. -->","yoast_head_json":{"title":"Mill\u0259t v\u0259kili Jal\u0259 \u018fliyeva Z\u0259rdabda se\u00e7icil\u0259rin q\u0259bulunu ke\u00e7irdi - FOTOLAR - Z\u0259rdab.com","robots":{"index":"index","follow":"follow","max-snippet":"max-snippet:-1","max-image-preview":"max-image-preview:large","max-video-preview":"max-video-preview:-1"},"canonical":"https:\/\/www.zerdab.com\/?p=25450","og_locale":"az_AZ","og_type":"article","og_title":"Mill\u0259t v\u0259kili Jal\u0259 \u018fliyeva Z\u0259rdabda se\u00e7icil\u0259rin q\u0259bulunu ke\u00e7irdi - FOTOLAR - Z\u0259rdab.com","og_description":"Milli M\u0259clisin deputat\u0131, professor Jal\u0259 \u018fliyeva mill\u0259t v\u0259kili se\u00e7ildiyi Z\u0259rdab rayonunda se\u00e7icil\u0259rin n\u00f6vb\u0259ti q\u0259bulunu ke\u00e7irib. Zerdab.com sayt\u0131na veril\u0259n m\u0259lumata g\u00f6r\u0259, 25 ail\u0259nin i\u015ftirak etdiyi q\u0259bulda m\u00fcraci\u0259tl\u0259r \u0259sas\u0259n i\u015f\u0259 q\u0259bul, m\u00fcalic\u0259, \u00f6vladl\u0131\u011fa u\u015faq g\u00f6t\u00fcr\u00fclm\u0259si, m\u0259nzill\u0259 t\u0259min edilm\u0259 kimi sah\u0259l\u0259ri \u0259hat\u0259 edib. Mill\u0259t v\u0259kilinin qar\u015f\u0131s\u0131nda qald\u0131r\u0131lan probleml\u0259rin bir \u00e7oxu yerind\u0259c\u0259 h\u0259ll edilib, dig\u0259r m\u0259s\u0259l\u0259l\u0259rin h\u0259lli \u00fc\u00e7\u00fcn is\u0259 [&hellip;]","og_url":"https:\/\/www.zerdab.com\/?p=25450","og_site_name":"Z\u0259rdab.com","article_published_time":"2017-11-25T15:29:39+00:00","article_modified_time":"2017-11-25T16:06:00+00:00","og_image":[{"url":"http:\/\/www.zerdab.com\/wp-content\/uploads\/2017\/11\/Jale-Eliyeva-Zerdab1-402x550.jpg","type":"","width":"","height":""}],"author":"admin","twitter_card":"summary_large_image","twitter_misc":{"Written by":"admin","Est. reading time":"1 minute"},"schema":{"@context":"https:\/\/schema.org","@graph":[{"@type":"Article","@id":"https:\/\/www.zerdab.com\/?p=25450#article","isPartOf":{"@id":"https:\/\/www.zerdab.com\/?p=25450"},"author":{"name":"admin","@id":"https:\/\/www.zerdab.com\/#\/schema\/person\/97079b7570c1e89ec0d9e138c3672136"},"headline":"Mill\u0259t v\u0259kili Jal\u0259 \u018fliyeva Z\u0259rdabda se\u00e7icil\u0259rin q\u0259bulunu ke\u00e7irdi &#8211; FOTOLAR","datePublished":"2017-11-25T15:29:39+00:00","dateModified":"2017-11-25T16:06:00+00:00","mainEntityOfPage":{"@id":"https:\/\/www.zerdab.com\/?p=25450"},"wordCount":293,"commentCount":0,"image":{"@id":"https:\/\/www.zerdab.com\/?p=25450#primaryimage"},"thumbnailUrl":"http:\/\/www.zerdab.com\/wp-content\/uploads\/2017\/11\/Jale-Eliyeva-Zerdab1-402x550.jpg","articleSection":["C\u018fM\u0130YY\u018fT","MAN\u015eET"],"inLanguage":"az","potentialAction":[{"@type":"CommentAction","name":"Comment","target":["https:\/\/www.zerdab.com\/?p=25450#respond"]}]},{"@type":"WebPage","@id":"https:\/\/www.zerdab.com\/?p=25450","url":"https:\/\/www.zerdab.com\/?p=25450","name":"Mill\u0259t v\u0259kili Jal\u0259 \u018fliyeva Z\u0259rdabda se\u00e7icil\u0259rin q\u0259bulunu ke\u00e7irdi - FOTOLAR - Z\u0259rdab.com","isPartOf":{"@id":"https:\/\/www.zerdab.com\/#website"},"primaryImageOfPage":{"@id":"https:\/\/www.zerdab.com\/?p=25450#primaryimage"},"image":{"@id":"https:\/\/www.zerdab.com\/?p=25450#primaryimage"},"thumbnailUrl":"http:\/\/www.zerdab.com\/wp-content\/uploads\/2017\/11\/Jale-Eliyeva-Zerdab1-402x550.jpg","datePublished":"2017-11-25T15:29:39+00:00","dateModified":"2017-11-25T16:06:00+00:00","author":{"@id":"https:\/\/www.zerdab.com\/#\/schema\/person\/97079b7570c1e89ec0d9e138c3672136"},"breadcrumb":{"@id":"https:\/\/www.zerdab.com\/?p=25450#breadcrumb"},"inLanguage":"az","potentialAction":[{"@type":"ReadAction","target":["https:\/\/www.zerdab.com\/?p=25450"]}]},{"@type":"ImageObject","inLanguage":"az","@id":"https:\/\/www.zerdab.com\/?p=25450#primaryimage","url":"","contentUrl":""},{"@type":"BreadcrumbList","@id":"https:\/\/www.zerdab.com\/?p=25450#breadcrumb","itemListElement":[{"@type":"ListItem","position":1,"name":"Home","item":"https:\/\/www.zerdab.com\/"},{"@type":"ListItem","position":2,"name":"Mill\u0259t v\u0259kili Jal\u0259 \u018fliyeva Z\u0259rdabda se\u00e7icil\u0259rin q\u0259bulunu ke\u00e7irdi &#8211; FOTOLAR"}]},{"@type":"WebSite","@id":"https:\/\/www.zerdab.com\/#website","url":"https:\/\/www.zerdab.com\/","name":"Z\u0259rdab.com","description":"","potentialAction":[{"@type":"SearchAction","target":{"@type":"EntryPoint","urlTemplate":"https:\/\/www.zerdab.com\/?s={search_term_string}"},"query-input":{"@type":"PropertyValueSpecification","valueRequired":true,"valueName":"search_term_string"}}],"inLanguage":"az"},{"@type":"Person","@id":"https:\/\/www.zerdab.com\/#\/schema\/person\/97079b7570c1e89ec0d9e138c3672136","name":"admin","image":{"@type":"ImageObject","inLanguage":"az","@id":"https:\/\/www.zerdab.com\/#\/schema\/person\/image\/","url":"https:\/\/secure.gravatar.com\/avatar\/d9c52a9a27c32119cb6679a077fa3e2779e5f822c451cbf01098004361d466ec?s=96&d=mm&r=g","contentUrl":"https:\/\/secure.gravatar.com\/avatar\/d9c52a9a27c32119cb6679a077fa3e2779e5f822c451cbf01098004361d466ec?s=96&d=mm&r=g","caption":"admin"},"url":"https:\/\/www.zerdab.com\/?author=1"}]}},"_links":{"self":[{"href":"https:\/\/www.zerdab.com\/index.php?rest_route=\/wp\/v2\/posts\/25450","targetHints":{"allow":["GET"]}}],"collection":[{"href":"https:\/\/www.zerdab.com\/index.php?rest_route=\/wp\/v2\/posts"}],"about":[{"href":"https:\/\/www.zerdab.com\/index.php?rest_route=\/wp\/v2\/types\/post"}],"author":[{"embeddable":true,"href":"https:\/\/www.zerdab.com\/index.php?rest_route=\/wp\/v2\/users\/1"}],"replies":[{"embeddable":true,"href":"https:\/\/www.zerdab.com\/index.php?rest_route=%2Fwp%2Fv2%2Fcomments&post=25450"}],"version-history":[{"count":1,"href":"https:\/\/www.zerdab.com\/index.php?rest_route=\/wp\/v2\/posts\/25450\/revisions"}],"predecessor-version":[{"id":25458,"href":"https:\/\/www.zerdab.com\/index.php?rest_route=\/wp\/v2\/posts\/25450\/revisions\/25458"}],"wp:attachment":[{"href":"https:\/\/www.zerdab.com\/index.php?rest_route=%2Fwp%2Fv2%2Fmedia&parent=25450"}],"wp:term":[{"taxonomy":"category","embeddable":true,"href":"https:\/\/www.zerdab.com\/index.php?rest_route=%2Fwp%2Fv2%2Fcategories&post=25450"},{"taxonomy":"post_tag","embeddable":true,"href":"https:\/\/www.zerdab.com\/index.php?rest_route=%2Fwp%2Fv2%2Ftags&post=25450"}],"curies":[{"name":"wp","href":"https:\/\/api.w.org\/{rel}","templated":true}]}}