{"id":25466,"date":"2017-12-02T13:42:56","date_gmt":"2017-12-02T09:42:56","guid":{"rendered":"http:\/\/www.zerdab.com\/?p=25466"},"modified":"2017-12-07T17:49:54","modified_gmt":"2017-12-07T13:49:54","slug":"mill%c9%99t-v%c9%99kilimiz-jal%c9%99-%c9%99liyeva-milli-m%c9%99clisd%c9%99-z%c9%99rdabin-probleml%c9%99rini-gund%c9%99m%c9%99-g%c9%99tirdi-cixis","status":"publish","type":"post","link":"https:\/\/www.zerdab.com\/?p=25466","title":{"rendered":"Mill\u0259t v\u0259kilimiz Jal\u0259 \u018fliyeva Milli M\u0259clisd\u0259 Z\u0259rdab\u0131n probleml\u0259rini g\u00fcnd\u0259m\u0259 g\u0259tirdi &#8211; \u00c7IXI\u015e"},"content":{"rendered":"<p><strong>Milli M\u0259clisin 2018-ci ilin d\u00f6vl\u0259t b\u00fcdc\u0259si layih\u0259sinin m\u00fczakir\u0259l\u0259rin\u0259 h\u0259sr edilmi\u015f iclas\u0131nda mill\u0259t v\u0259kili Jal\u0259 \u018fliyeva \u00e7\u0131x\u0131\u015f edib. <span style=\"color: #ff0000;\">Zerdab.com<\/span> sayt\u0131 \u00e7\u0131x\u0131\u015f\u0131n m\u0259tnini oxuculara t\u0259qdim edir.<\/strong><\/p>\n<p>Builki b\u00fcdc\u0259 m\u00fczakir\u0259si \u00e7ox \u0259lam\u0259tdar bir tarix\u0259 t\u0259sad\u00fcf edir. Bundan tam 25 il \u0259vv\u0259l 1992-ci ilin 21 noyabr tarixind\u0259 \u00f6lk\u0259nin ictimai-siyasi h\u0259yat\u0131na yeni bir qurum daxil oldu. Bu qurum\u00a0 Yeni Az\u0259rbaycan Partiyas\u0131 adland\u0131r\u0131ld\u0131. Ulu \u00f6nd\u0259r Yeni Az\u0259rbaycan Partiyas\u0131n\u0131n yaranmas\u0131ndan \u00e7ox sonralar 1999-cu ild\u0259 bir \u00e7\u0131x\u0131\u015f\u0131nda qeyd edirdi ki, bu partiyan\u0131n yaranmas\u0131 tarixi hadis\u0259 idi. B\u0259s bu partiyan\u0131n yaranmas\u0131n\u0131 tarixi hadis\u0259y\u0259 \u00e7evir\u0259n n\u0259 idi?<\/p>\n<p>Bu suala cavab verm\u0259k \u00fc\u00e7\u00fcn 1992-ci ilin oktyabr ay\u0131nda ziyal\u0131lar\u0131n imzas\u0131 il\u0259 Bak\u0131dan Nax\u00e7\u0131vana g\u00f6nd\u0259ril\u0259n &#8220;Az\u0259rbaycan Sizin s\u00f6z\u00fcn\u00fcz\u00fc g\u00f6zl\u0259yir&#8221; s\u0259rl\u00f6vh\u0259li yaz\u0131n\u0131 oxumaq kifay\u0259tdir. Aqill\u0259rd\u0259n biri deyir ki, &#8220;\u00d6ld\u00fckd\u0259n sonra ya\u015famaq ist\u0259yirs\u0259ns\u0259, \u00f6l\u00fcms\u00fcz bir \u0259s\u0259r yarat&#8221;. Heyd\u0259r \u018fliyev d\u0259 \u00f6l\u00fcms\u00fcz bir partiya, \u00f6l\u00fcms\u00fcz bir d\u00f6vl\u0259t, \u00f6l\u00fcms\u00fcz bir \u00f6lk\u0259 yaratd\u0131.<\/p>\n<p>T\u0259m\u0259lind\u0259 o b\u00f6y\u00fck \u015f\u0259xsiyy\u0259tin ideyalar\u0131n\u0131n dayand\u0131\u011f\u0131 n\u0259h\u0259ng quruculuq i\u015fl\u0259riyl\u0259, g\u00fcnd\u0259n-g\u00fcn\u0259 g\u00fccl\u0259n\u0259n iqtisadiyyat\u0131m\u0131z, s\u00fcr\u0259tl\u0259 abadla\u015fan v\u0259 inki\u015faf ed\u0259n \u015f\u0259h\u0259r v\u0259 k\u0259ndl\u0259rimizl\u0259, elmimizl\u0259, m\u0259d\u0259niyy\u0259timizl\u0259, s\u0259hiyy\u0259mizl\u0259 q\u00fcrur duyuruq v\u0259 bu q\u00fcruru biz\u0259 ya\u015fatd\u0131\u011f\u0131 \u00fc\u00e7\u00fcn \u0259ziz Prezidentimiz\u0259 borcluyuq. Bu g\u00fcn \u00f6lk\u0259d\u0259 v\u0259 regionda m\u0259hz onun r\u0259hb\u0259rliyi v\u0259 liderliyi il\u0259 m\u00f6ht\u0259\u015f\u0259m layih\u0259l\u0259r h\u0259yata ke\u00e7irilm\u0259kd\u0259dir. H\u0259min layih\u0259l\u0259rd\u0259n birini burada x\u00fcsusil\u0259 qeyd etm\u0259k ist\u0259yir\u0259m.<\/p>\n<p>C\u0259mi 20 g\u00fcn \u0259vv\u0259l &#8211; 30 oktyabr tarixind\u0259 \u00f6lk\u0259 v\u0259 xalq olaraq n\u00f6vb\u0259ti q\u00fcruru ya\u015fad\u0131q. H\u0259min g\u00fcn Az\u0259rbaycan \u00f6z\u00a0 m\u00fcst\u0259qillik tarixinin yeni m\u00f6ht\u0259\u015f\u0259m s\u0259hif\u0259sini yazd\u0131. H\u0259min g\u00fcn Bak\u0131-Tbilisi-Qars\u00a0 d\u0259mir yolu x\u0259ttinin t\u0259nt\u0259n\u0259li a\u00e7\u0131l\u0131\u015f\u0131 oldu. Bu t\u0259nt\u0259n\u0259 birinci n\u00f6vb\u0259d\u0259 c\u0259nab \u0130lham \u018fliyevin q\u0259tiyy\u0259tli m\u00f6vqeyinin, sars\u0131lmaz irad\u0259sinin, h\u0259m \u00f6lk\u0259 daxilind\u0259, h\u0259m d\u0259 region v\u0259 d\u00fcnya \u00f6lk\u0259l\u0259ri bax\u0131m\u0131ndan h\u0259yata ke\u00e7irdiyi u\u011furlu siyas\u0259tin n\u0259tic\u0259sidir.<\/p>\n<p>Bak\u0131-Tbilisi-Qars\u00a0 d\u0259mir yolu iki qit\u0259ni polad \u0259saslarla birl\u0259\u015fdir\u0259n unikal Avrasiya layih\u0259sidir.<\/p>\n<p>M\u0259n f\u00fcrs\u0259td\u0259n istifad\u0259 ed\u0259r\u0259k bu yolun \u00e7\u0259kili\u015find\u0259 i\u015ftirak ed\u0259n minl\u0259rl\u0259 v\u0259t\u0259np\u0259rv\u0259r i\u015f\u00e7ini, layih\u0259nin araya-\u0259rs\u0259y\u0259 g\u0259lm\u0259sind\u0259 rolu v\u0259 xidm\u0259ti olmu\u015f h\u0259r bir h\u00f6k\u00fcm\u0259t \u00fczv\u00fcn\u00fc\u00a0 v\u0259 \u0259lb\u0259tt\u0259 ki, h\u00f6rm\u0259tli h\u0259mkar\u0131m\u0131z Cavid Qurbanovu t\u0259brik edir\u0259m. Bu yol sabitliy\u0259, s\u00fclh\u0259 xidm\u0259t ed\u0259n etibarl\u0131 yoldur. V\u0259 bundan sonra da 100 illikl\u0259r boyu \u00f6lk\u0259mizin v\u0259 regionun inki\u015faf\u0131na, t\u0259r\u0259qqisin\u0259, \u0259min-amanl\u0131\u011fa \u00f6z t\u00f6hf\u0259sini ver\u0259c\u0259kdir.<\/p>\n<p>M\u00fczakir\u0259 etm\u0259kd\u0259 oldu\u011fumuz b\u00fcdc\u0259 layih\u0259si d\u0259, \u00f6lk\u0259d\u0259ki inki\u015faf\u0131n, t\u0259r\u0259qqinin, \u0259min-amanl\u0131\u011f\u0131n aynas\u0131 kimi qiym\u0259tl\u0259ndirilm\u0259lidir.<\/p>\n<p>\u00c7oxsayl\u0131 \u00e7\u0131x\u0131\u015flardan v\u0259 m\u00fczakir\u0259l\u0259rd\u0259n sonra g\u0259lin\u0259n n\u0259tic\u0259 budur ki, b\u00fcdc\u0259 layih\u0259si real proqnozlara \u0259saslanaraq haz\u0131rlanm\u0131\u015f \u0259h\u0259miyy\u0259tli bir s\u0259n\u0259ddir.<\/p>\n<p>\u00d6n\u00fcm\u00fczd\u0259ki ilin b\u00fcdc\u0259 layih\u0259sinin d\u00fcnyada ba\u015f ver\u0259n iqtisadi neqativ hadis\u0259l\u0259r fonunda haz\u0131rlanm\u0131\u015f olmas\u0131 onu x\u00fcsusil\u0259 \u0259h\u0259miyy\u0259tli edir.<\/p>\n<p>B\u00fcdc\u0259 layih\u0259sind\u0259 b\u00fct\u00fcn sah\u0259l\u0259r\u0259, \u00f6t\u0259n ill\u0259rl\u0259 m\u00fcqayis\u0259d\u0259 daha \u00e7ox v\u0259sait ayr\u0131lmas\u0131 \u0259lb\u0259tt\u0259 ki, sevindiricidir v\u0259 bu g\u00f6st\u0259rici \u00fcmumilikd\u0259, \u00f6lk\u0259nin iqtisadi g\u00fcc\u00fcn\u00fcn s\u00fcbutudur.\u00a0 El\u0259c\u0259 d\u0259 \u00f6lk\u0259d\u0259 h\u00f6km s\u00fcr\u0259n ictimai, iqtisadi, siyasi sabitliyin, eyni zamanda, maliyy\u0259 sabitliyinin g\u00f6st\u0259ricisidir.<\/p>\n<p>Biz bu layih\u0259ni \u0259lb\u0259tt\u0259 ki, d\u0259st\u0259kl\u0259m\u0259kl\u0259 birlikd\u0259 t\u0259klifl\u0259rimizi d\u0259 s\u0259sl\u0259ndirm\u0259yi vacib hesab edirik.<\/p>\n<p>M\u0259d\u0259niyy\u0259t\u00a0 sah\u0259sin\u0259\u00a0 d\u0259 dig\u0259r sah\u0259l\u0259r\u0259 oldu\u011fu kimi, \u00f6t\u0259n il\u0259 n\u0259z\u0259r\u0259n daha \u00e7ox v\u0259sait ayr\u0131lmas\u0131na baxmayaraq, d\u00fc\u015f\u00fcn\u00fcr\u00fck ki, bu v\u0259sait d\u00f6vl\u0259t m\u0259d\u0259niyy\u0259t siyas\u0259tinin tam g\u00fcc\u00fcyl\u0259 h\u0259yata ke\u00e7irilm\u0259si \u00fc\u00e7\u00fcn kifay\u0259t deyil. Bunun \u00fc\u00e7\u00fcn d\u0259:<\/p>\n<p>&#8211; X\u00fcsusil\u0259 film yarad\u0131c\u0131l\u0131\u011f\u0131nda keyfiyy\u0259tin art\u0131r\u0131lmas\u0131, d\u00fcnya s\u0259viyy\u0259li filml\u0259rin istehsal edilm\u0259si \u00fc\u00e7\u00fcn b\u00fcdc\u0259d\u0259n daha sanball\u0131 v\u0259sait ayr\u0131lmas\u0131n\u0131;<\/p>\n<p>&#8211; Kitabxanalar\u0131n, x\u00fcsusil\u0259 rayon kitabxanalar\u0131n\u0131n \u00f6l\u00fc orqanizmd\u0259n i\u015fl\u0259k mexanizm\u0259 \u00e7evrilm\u0259si \u00fc\u00e7\u00fcn t\u0259dbirl\u0259r g\u00f6r\u00fclm\u0259sini;<\/p>\n<p>&#8211; \u0130cbari tibbi s\u0131\u011fortan\u0131n b\u00fct\u00fcn \u00f6lk\u0259d\u0259 t\u0259tbiq edilm\u0259si i\u015finin s\u00fcr\u0259tl\u0259ndirlilm\u0259sini;<\/p>\n<p>&#8211; G\u00fcz\u0259\u015ftli ipotekalar\u0131n sad\u0259c\u0259 d\u00f6vl\u0259t qulluq\u00e7ular\u0131na deyil, eyni zamanda, m\u00fc\u0259lliml\u0259r\u0259, h\u0259kiml\u0259r\u0259, o c\u00fcml\u0259d\u0259n, m\u0259d\u0259niyy\u0259t, inc\u0259s\u0259n\u0259t xadiml\u0259rin\u0259, yarad\u0131c\u0131 \u015f\u0259xsl\u0259r\u0259 d\u0259 \u015famil edilm\u0259sini;<\/p>\n<p>-\u0130nternat m\u0259kt\u0259bl\u0259rd\u0259n m\u0259zun olan g\u0259ncl\u0259rin ev v\u0259 i\u015fl\u0259 t\u0259min olunmas\u0131n\u0131 xahi\u015f edirik.<\/p>\n<p>B\u00fcdc\u0259 layih\u0259sinin komit\u0259l\u0259rd\u0259 m\u00fczakir\u0259si zaman\u0131 h\u00f6rm\u0259tli Bahar xan\u0131m \u00e7ox \u0259h\u0259miyy\u0259tli bir fikir s\u0259sl\u0259ndir\u0259r\u0259k dedi ki, h\u0259lli vacib m\u0259s\u0259l\u0259l\u0259rin h\u0259llini sad\u0259c\u0259 d\u00f6vl\u0259td\u0259n g\u00f6zl\u0259m\u0259y\u0259k. \u00d6z\u0259l sektor, i\u015f adamlar\u0131 da bu proses\u0259 f\u0259al \u015f\u0259kild\u0259 qo\u015fulmal\u0131d\u0131rlar. \u00c7ox t\u0259qdiredici bir t\u0259klifdi.<\/p>\n<p>M\u0259n d\u0259 \u00f6z n\u00f6vb\u0259md\u0259 buradan i\u015f adamlar\u0131na, b\u00f6y\u00fck biznes strukturlar\u0131n\u0131n r\u0259hb\u0259rl\u0259rin\u0259 m\u00fcraci\u0259t edir\u0259m. \u00d6lk\u0259d\u0259 h\u0259r g\u00fcn ayr\u0131-ayr\u0131 tikinti \u015firk\u0259tl\u0259ri t\u0259r\u0259find\u0259n onlarla g\u00f6yd\u0259l\u0259n ucald\u0131l\u0131r. H\u0259min g\u00f6yd\u0259l\u0259nl\u0259rin h\u0259r birind\u0259 kims\u0259siz, himay\u0259siz yeni yetm\u0259l\u0259r v\u0259 g\u0259ncl\u0259r \u00fc\u00e7\u00fcn, eyni zamanda, azg\u0259lirli ail\u0259l\u0259r \u00fc\u00e7\u00fcn m\u0259nzil fondunun yarad\u0131lmas\u0131 y\u0259qin ki, Allaha da xo\u015f ged\u0259r, b\u0259nd\u0259y\u0259 d\u0259.<\/p>\n<p>M\u0259n bir ne\u00e7\u0259 k\u0259lm\u0259 d\u0259 deputat\u0131 oldu\u011fum Z\u0259rdab v\u0259 Ucar rayonlar\u0131 il\u0259 ba\u011fl\u0131 daha \u0259vv\u0259lki ill\u0259rd\u0259 s\u0259sl\u0259ndirdiyimiz, lakin h\u0259l\u0259lik h\u0259llini tapmayan m\u0259s\u0259l\u0259l\u0259ri d\u0259 bir daha diqq\u0259tiniz\u0259 \u00e7atd\u0131rmaq ist\u0259yir\u0259m:<\/p>\n<p>-2010-cu ild\u0259 K\u00fcr da\u015fq\u0131n\u0131 zaman\u0131 q\u0259zal\u0131 v\u0259ziyy\u0259t\u0259 d\u00fc\u015f\u0259n \u015f\u0259h\u0259r 1 sayl\u0131 natamam orta m\u0259kt\u0259bin (h\u0259min m\u0259kt\u0259b daha \u0259vv\u0259lki s\u0259n\u0259dl\u0259rd\u0259 T\u0259z\u0259k\u0259nd 8 illik k\u0259nd orta m\u0259kt\u0259bi olaraq qeyd edilib),\u00a0 yenid\u0259n tikilm\u0259si \u00fc\u00e7\u00fcn etdiyimiz m\u00fcraci\u0259t n\u0259z\u0259r\u0259 al\u0131n\u0131b, h\u0259tta tikinti \u00fc\u00e7\u00fcn yeni yer d\u0259 ayr\u0131l\u0131b. Lakin t\u0259\u0259ss\u00fcf olsun ki, bu g\u00fcn\u0259 q\u0259d\u0259r tikinti i\u015fl\u0259ri ba\u015flanmam\u0131\u015fd\u0131r. \u00dcst\u0259lik, eyni m\u0259kt\u0259bd\u0259 ke\u00e7\u0259n il yan\u011f\u0131n ba\u015f verib v\u0259 m\u0259kt\u0259b tam yarars\u0131z v\u0259ziyy\u0259t\u0259 d\u00fc\u015f\u00fcb. H\u0259min m\u0259kt\u0259bl\u0259 ba\u011fl\u0131 q\u0259rar\u0131n bir daha n\u0259z\u0259rd\u0259n ke\u00e7irilm\u0259sin\u0259 v\u0259 tikinti i\u015fl\u0259rinin tezlikl\u0259 ba\u015flad\u0131lmas\u0131na;<\/p>\n<p>&#8211; Z\u0259rdab rayonunun G\u0259lm\u0259 k\u0259ndind\u0259 k\u00f6rp\u0259l\u0259r evi-u\u015faq ba\u011f\u00e7as\u0131 \u00fc\u00e7\u00fcn yeni binan\u0131n tikilm\u0259sin\u0259 ehtiyac var.<\/p>\n<p>&#8211; Q\u0259zal\u0131 v\u0259ziyy\u0259td\u0259 olan M\u0259likli v\u0259 K\u00f6rp\u00fck\u0259nd\u00a0 k\u0259nd sah\u0259 x\u0259st\u0259xanalar\u0131 \u00fc\u00e7\u00fcn yeni binalar\u0131n tikilm\u0259si d\u0259 xahi\u015fl\u0259rimiz s\u0131ras\u0131nda idi. Do\u011frudur M\u0259likli k\u0259nd x\u0259st\u0259xanas\u0131 bu il cari t\u0259mir edilib. Amma h\u0259min x\u0259st\u0259xanan\u0131n v\u0259 K\u00f6rp\u00fck\u0259nd x\u0259st\u0259xanas\u0131n\u0131n da yeni binayla t\u0259min edilm\u0259sin\u0259 v\u0259 ya \u0259sasl\u0131 t\u0259mirin\u0259;<\/p>\n<p>&#8211; \u00d6t\u0259n il c\u0259nab Prezident \u0130lham \u018fliyev v\u0259 birinci vitse-prezident Mehriban xan\u0131m \u018fliyevan\u0131n i\u015ftiraklar\u0131 il\u0259 a\u00e7\u0131l\u0131\u015f\u0131 edil\u0259n m\u00fcasir y\u00fcks\u0259k standartl\u0131 rayon m\u0259rk\u0259zi x\u0259st\u0259xanas\u0131nda m\u00fcxt\u0259lif ixtisasl\u0131 h\u0259kim \u00e7at\u0131\u015fmazl\u0131\u011f\u0131n\u0131n aradan qald\u0131r\u0131lmas\u0131na;<\/p>\n<p>&#8211; Z\u0259rdab rayonunun K\u0259nd\u0259bil, \u015e\u0131xba\u011f\u0131, A\u011faba\u011f\u0131, N\u0259z\u0259ral\u0131l\u0131, Sileyli, \u00c7ilovxanl\u0131 k\u0259ndl\u0259rin\u0259 v\u0259 B\u0259yimli q\u0259s\u0259b\u0259sin\u0259 qaz x\u0259ttinin \u00e7\u0259kilm\u0259sin\u0259;<\/p>\n<p>&#8211; Z\u0259rdab \u015f\u0259h\u0259ri \u0259razisind\u0259 \u00e7\u0259kilm\u0259sin\u0259 ba\u015flan\u0131lm\u0131\u015f, lakin sonradan tikintisi dayanm\u0131\u015f kanalizasiya x\u0259ttinin tikintisin\u0259 ba\u015flanmas\u0131na;<\/p>\n<p>&#8211; Q\u0259zal\u0131 v\u0259ziyy\u0259td\u0259 olan Tarix-Diyar\u015f\u00fcnasl\u0131q muzeyi \u00fc\u00e7\u00fcn yeni binan\u0131n tikilm\u0259sin\u0259 v\u0259 rayon M\u0259d\u0259niyy\u0259t Evinin \u0259sasl\u0131 t\u0259mir olunmas\u0131nada ehtiyac var.<\/p>\n<p>Eyni zamanda, deputat\u0131 oldu\u011fum Ucar rayonunun da B\u0259rg\u00fc\u015fad v\u0259 L\u0259k k\u0259ndl\u0259rind\u0259 b\u0259rbad v\u0259ziyy\u0259td\u0259 olan M\u0259d\u0259niyy\u0259t Evinin \u0259sasl\u0131 t\u0259mirini, L\u0259k k\u0259ndind\u0259 m\u0259kt\u0259b qazanxanalar\u0131n\u0131n qazla t\u0259min olunmas\u0131n\u0131 (do\u011frudur, h\u0259min k\u0259ndd\u0259 m\u00f6vcud olan iki m\u0259kt\u0259bd\u0259n birin\u0259 qaz x\u0259tti \u00e7\u0259kilib. Lakin say\u011fac qura\u015fd\u0131r\u0131lmad\u0131\u011f\u0131ndan h\u0259r iki\u00a0 m\u0259kt\u0259b hal-haz\u0131rda\u00a0 istiliksizdir), B\u0259rg\u00fc\u015fad k\u0259ndind\u0259 qaz x\u0259ttinin \u00e7\u0259kili\u015fi i\u015fl\u0259rinin s\u00fcr\u0259tl\u0259ndirilm\u0259sini v\u0259 h\u0259min k\u0259ndd\u0259 1961-ci ild\u0259 \u00e7\u0259kilmi\u015f, q\u0259zal\u0131 v\u0259ziyy\u0259td\u0259 olan elektrik x\u0259ttinin v\u0259 dir\u0259yinin yenil\u0259nm\u0259sini xahi\u015f edirik.<\/p>\n<p>\u00dcmid edirik ki, s\u0259sl\u0259ndirdiyimiz m\u0259s\u0259l\u0259l\u0259rin h\u0259lli istiqam\u0259tind\u0259 h\u00f6rm\u0259tli h\u00f6kum\u0259t \u00fczvl\u0259rimiz t\u0259r\u0259find\u0259n 2018-ci ilin D\u00f6vl\u0259t b\u00fcdc\u0259sind\u0259 m\u00fc\u0259yy\u0259n add\u0131mlar at\u0131lacaqd\u0131r.<\/p>\n<p>Sonda bir daha bu m\u00fck\u0259mm\u0259l s\u0259n\u0259din haz\u0131rlanmas\u0131nda \u0259m\u0259yi ke\u00e7\u0259n h\u0259r bir h\u00f6kum\u0259t \u00fczv\u00fcn\u0259 t\u0259\u015f\u0259kk\u00fcr\u00fcm\u00fcz\u00fc bildiririk.<\/p>\n<h6><i><b>Jal\u0259 \u018fL\u0130YEVA\u00a0<\/b><\/i><br \/>\n<b><i>Filologiya elml\u0259ri doktoru, professor, Milli M\u0259clisin M\u0259d\u0259niyy\u0259t komit\u0259sinin s\u0259dr m\u00fcavini<\/i><\/b><\/h6>\n","protected":false},"excerpt":{"rendered":"<p>Milli M\u0259clisin 2018-ci ilin d\u00f6vl\u0259t b\u00fcdc\u0259si layih\u0259sinin m\u00fczakir\u0259l\u0259rin\u0259 h\u0259sr edilmi\u015f iclas\u0131nda mill\u0259t v\u0259kili Jal\u0259 \u018fliyeva \u00e7\u0131x\u0131\u015f edib. Zerdab.com sayt\u0131 \u00e7\u0131x\u0131\u015f\u0131n m\u0259tnini oxuculara t\u0259qdim edir. Builki b\u00fcdc\u0259 m\u00fczakir\u0259si \u00e7ox \u0259lam\u0259tdar bir tarix\u0259 t\u0259sad\u00fcf edir. Bundan tam 25 il \u0259vv\u0259l 1992-ci ilin 21 noyabr tarixind\u0259 \u00f6lk\u0259nin ictimai-siyasi h\u0259yat\u0131na yeni bir qurum daxil oldu. Bu qurum\u00a0 Yeni Az\u0259rbaycan [&hellip;]<\/p>\n","protected":false},"author":1,"featured_media":25468,"comment_status":"open","ping_status":"open","sticky":false,"template":"","format":"standard","meta":{"footnotes":""},"categories":[21,63],"tags":[],"class_list":{"0":"post-25466","1":"post","2":"type-post","3":"status-publish","4":"format-standard","5":"has-post-thumbnail","7":"category-zrdab","8":"category-manset"},"yoast_head":"<!-- This site is optimized with the Yoast SEO plugin v27.0 - https:\/\/yoast.com\/product\/yoast-seo-wordpress\/ -->\n<title>Mill\u0259t v\u0259kilimiz Jal\u0259 \u018fliyeva Milli M\u0259clisd\u0259 Z\u0259rdab\u0131n probleml\u0259rini g\u00fcnd\u0259m\u0259 g\u0259tirdi - \u00c7IXI\u015e - Z\u0259rdab.com<\/title>\n<meta name=\"robots\" content=\"index, follow, max-snippet:-1, max-image-preview:large, max-video-preview:-1\" \/>\n<link rel=\"canonical\" href=\"https:\/\/www.zerdab.com\/?p=25466\" \/>\n<meta property=\"og:locale\" content=\"az_AZ\" \/>\n<meta property=\"og:type\" content=\"article\" \/>\n<meta property=\"og:title\" content=\"Mill\u0259t v\u0259kilimiz Jal\u0259 \u018fliyeva Milli M\u0259clisd\u0259 Z\u0259rdab\u0131n probleml\u0259rini g\u00fcnd\u0259m\u0259 g\u0259tirdi - \u00c7IXI\u015e - Z\u0259rdab.com\" \/>\n<meta property=\"og:description\" content=\"Milli M\u0259clisin 2018-ci ilin d\u00f6vl\u0259t b\u00fcdc\u0259si layih\u0259sinin m\u00fczakir\u0259l\u0259rin\u0259 h\u0259sr edilmi\u015f iclas\u0131nda mill\u0259t v\u0259kili Jal\u0259 \u018fliyeva \u00e7\u0131x\u0131\u015f edib. Zerdab.com sayt\u0131 \u00e7\u0131x\u0131\u015f\u0131n m\u0259tnini oxuculara t\u0259qdim edir. Builki b\u00fcdc\u0259 m\u00fczakir\u0259si \u00e7ox \u0259lam\u0259tdar bir tarix\u0259 t\u0259sad\u00fcf edir. Bundan tam 25 il \u0259vv\u0259l 1992-ci ilin 21 noyabr tarixind\u0259 \u00f6lk\u0259nin ictimai-siyasi h\u0259yat\u0131na yeni bir qurum daxil oldu. Bu qurum\u00a0 Yeni Az\u0259rbaycan [&hellip;]\" \/>\n<meta property=\"og:url\" content=\"https:\/\/www.zerdab.com\/?p=25466\" \/>\n<meta property=\"og:site_name\" content=\"Z\u0259rdab.com\" \/>\n<meta property=\"article:published_time\" content=\"2017-12-02T09:42:56+00:00\" \/>\n<meta property=\"article:modified_time\" content=\"2017-12-07T13:49:54+00:00\" \/>\n<meta property=\"og:image\" content=\"https:\/\/www.zerdab.com\/wp-content\/uploads\/2017\/12\/Jal\u0259-\u018fliyeva-deputat.jpg\" \/>\n\t<meta property=\"og:image:width\" content=\"800\" \/>\n\t<meta property=\"og:image:height\" content=\"634\" \/>\n\t<meta property=\"og:image:type\" content=\"image\/jpeg\" \/>\n<meta name=\"author\" content=\"admin\" \/>\n<meta name=\"twitter:card\" content=\"summary_large_image\" \/>\n<meta name=\"twitter:label1\" content=\"Written by\" \/>\n\t<meta name=\"twitter:data1\" content=\"admin\" \/>\n\t<meta name=\"twitter:label2\" content=\"Est. reading time\" \/>\n\t<meta name=\"twitter:data2\" content=\"9 minutes\" \/>\n<script type=\"application\/ld+json\" class=\"yoast-schema-graph\">{\"@context\":\"https:\/\/schema.org\",\"@graph\":[{\"@type\":\"Article\",\"@id\":\"https:\/\/www.zerdab.com\/?p=25466#article\",\"isPartOf\":{\"@id\":\"https:\/\/www.zerdab.com\/?p=25466\"},\"author\":{\"name\":\"admin\",\"@id\":\"https:\/\/www.zerdab.com\/#\/schema\/person\/97079b7570c1e89ec0d9e138c3672136\"},\"headline\":\"Mill\u0259t v\u0259kilimiz Jal\u0259 \u018fliyeva Milli M\u0259clisd\u0259 Z\u0259rdab\u0131n probleml\u0259rini g\u00fcnd\u0259m\u0259 g\u0259tirdi &#8211; \u00c7IXI\u015e\",\"datePublished\":\"2017-12-02T09:42:56+00:00\",\"dateModified\":\"2017-12-07T13:49:54+00:00\",\"mainEntityOfPage\":{\"@id\":\"https:\/\/www.zerdab.com\/?p=25466\"},\"wordCount\":1796,\"commentCount\":0,\"image\":{\"@id\":\"https:\/\/www.zerdab.com\/?p=25466#primaryimage\"},\"thumbnailUrl\":\"https:\/\/www.zerdab.com\/wp-content\/uploads\/2017\/12\/Jal\u0259-\u018fliyeva-deputat.jpg\",\"articleSection\":[\"C\u018fM\u0130YY\u018fT\",\"MAN\u015eET\"],\"inLanguage\":\"az\",\"potentialAction\":[{\"@type\":\"CommentAction\",\"name\":\"Comment\",\"target\":[\"https:\/\/www.zerdab.com\/?p=25466#respond\"]}]},{\"@type\":\"WebPage\",\"@id\":\"https:\/\/www.zerdab.com\/?p=25466\",\"url\":\"https:\/\/www.zerdab.com\/?p=25466\",\"name\":\"Mill\u0259t v\u0259kilimiz Jal\u0259 \u018fliyeva Milli M\u0259clisd\u0259 Z\u0259rdab\u0131n probleml\u0259rini g\u00fcnd\u0259m\u0259 g\u0259tirdi - \u00c7IXI\u015e - Z\u0259rdab.com\",\"isPartOf\":{\"@id\":\"https:\/\/www.zerdab.com\/#website\"},\"primaryImageOfPage\":{\"@id\":\"https:\/\/www.zerdab.com\/?p=25466#primaryimage\"},\"image\":{\"@id\":\"https:\/\/www.zerdab.com\/?p=25466#primaryimage\"},\"thumbnailUrl\":\"https:\/\/www.zerdab.com\/wp-content\/uploads\/2017\/12\/Jal\u0259-\u018fliyeva-deputat.jpg\",\"datePublished\":\"2017-12-02T09:42:56+00:00\",\"dateModified\":\"2017-12-07T13:49:54+00:00\",\"author\":{\"@id\":\"https:\/\/www.zerdab.com\/#\/schema\/person\/97079b7570c1e89ec0d9e138c3672136\"},\"breadcrumb\":{\"@id\":\"https:\/\/www.zerdab.com\/?p=25466#breadcrumb\"},\"inLanguage\":\"az\",\"potentialAction\":[{\"@type\":\"ReadAction\",\"target\":[\"https:\/\/www.zerdab.com\/?p=25466\"]}]},{\"@type\":\"ImageObject\",\"inLanguage\":\"az\",\"@id\":\"https:\/\/www.zerdab.com\/?p=25466#primaryimage\",\"url\":\"https:\/\/www.zerdab.com\/wp-content\/uploads\/2017\/12\/Jal\u0259-\u018fliyeva-deputat.jpg\",\"contentUrl\":\"https:\/\/www.zerdab.com\/wp-content\/uploads\/2017\/12\/Jal\u0259-\u018fliyeva-deputat.jpg\",\"width\":800,\"height\":634,\"caption\":\"Jal\u0259 \u018fliyeva\"},{\"@type\":\"BreadcrumbList\",\"@id\":\"https:\/\/www.zerdab.com\/?p=25466#breadcrumb\",\"itemListElement\":[{\"@type\":\"ListItem\",\"position\":1,\"name\":\"Home\",\"item\":\"https:\/\/www.zerdab.com\/\"},{\"@type\":\"ListItem\",\"position\":2,\"name\":\"Mill\u0259t v\u0259kilimiz Jal\u0259 \u018fliyeva Milli M\u0259clisd\u0259 Z\u0259rdab\u0131n probleml\u0259rini g\u00fcnd\u0259m\u0259 g\u0259tirdi &#8211; \u00c7IXI\u015e\"}]},{\"@type\":\"WebSite\",\"@id\":\"https:\/\/www.zerdab.com\/#website\",\"url\":\"https:\/\/www.zerdab.com\/\",\"name\":\"Z\u0259rdab.com\",\"description\":\"\",\"potentialAction\":[{\"@type\":\"SearchAction\",\"target\":{\"@type\":\"EntryPoint\",\"urlTemplate\":\"https:\/\/www.zerdab.com\/?s={search_term_string}\"},\"query-input\":{\"@type\":\"PropertyValueSpecification\",\"valueRequired\":true,\"valueName\":\"search_term_string\"}}],\"inLanguage\":\"az\"},{\"@type\":\"Person\",\"@id\":\"https:\/\/www.zerdab.com\/#\/schema\/person\/97079b7570c1e89ec0d9e138c3672136\",\"name\":\"admin\",\"image\":{\"@type\":\"ImageObject\",\"inLanguage\":\"az\",\"@id\":\"https:\/\/www.zerdab.com\/#\/schema\/person\/image\/\",\"url\":\"https:\/\/secure.gravatar.com\/avatar\/d9c52a9a27c32119cb6679a077fa3e2779e5f822c451cbf01098004361d466ec?s=96&d=mm&r=g\",\"contentUrl\":\"https:\/\/secure.gravatar.com\/avatar\/d9c52a9a27c32119cb6679a077fa3e2779e5f822c451cbf01098004361d466ec?s=96&d=mm&r=g\",\"caption\":\"admin\"},\"url\":\"https:\/\/www.zerdab.com\/?author=1\"}]}<\/script>\n<!-- \/ Yoast SEO plugin. -->","yoast_head_json":{"title":"Mill\u0259t v\u0259kilimiz Jal\u0259 \u018fliyeva Milli M\u0259clisd\u0259 Z\u0259rdab\u0131n probleml\u0259rini g\u00fcnd\u0259m\u0259 g\u0259tirdi - \u00c7IXI\u015e - Z\u0259rdab.com","robots":{"index":"index","follow":"follow","max-snippet":"max-snippet:-1","max-image-preview":"max-image-preview:large","max-video-preview":"max-video-preview:-1"},"canonical":"https:\/\/www.zerdab.com\/?p=25466","og_locale":"az_AZ","og_type":"article","og_title":"Mill\u0259t v\u0259kilimiz Jal\u0259 \u018fliyeva Milli M\u0259clisd\u0259 Z\u0259rdab\u0131n probleml\u0259rini g\u00fcnd\u0259m\u0259 g\u0259tirdi - \u00c7IXI\u015e - Z\u0259rdab.com","og_description":"Milli M\u0259clisin 2018-ci ilin d\u00f6vl\u0259t b\u00fcdc\u0259si layih\u0259sinin m\u00fczakir\u0259l\u0259rin\u0259 h\u0259sr edilmi\u015f iclas\u0131nda mill\u0259t v\u0259kili Jal\u0259 \u018fliyeva \u00e7\u0131x\u0131\u015f edib. Zerdab.com sayt\u0131 \u00e7\u0131x\u0131\u015f\u0131n m\u0259tnini oxuculara t\u0259qdim edir. Builki b\u00fcdc\u0259 m\u00fczakir\u0259si \u00e7ox \u0259lam\u0259tdar bir tarix\u0259 t\u0259sad\u00fcf edir. Bundan tam 25 il \u0259vv\u0259l 1992-ci ilin 21 noyabr tarixind\u0259 \u00f6lk\u0259nin ictimai-siyasi h\u0259yat\u0131na yeni bir qurum daxil oldu. Bu qurum\u00a0 Yeni Az\u0259rbaycan [&hellip;]","og_url":"https:\/\/www.zerdab.com\/?p=25466","og_site_name":"Z\u0259rdab.com","article_published_time":"2017-12-02T09:42:56+00:00","article_modified_time":"2017-12-07T13:49:54+00:00","og_image":[{"width":800,"height":634,"url":"https:\/\/www.zerdab.com\/wp-content\/uploads\/2017\/12\/Jal\u0259-\u018fliyeva-deputat.jpg","type":"image\/jpeg"}],"author":"admin","twitter_card":"summary_large_image","twitter_misc":{"Written by":"admin","Est. reading time":"9 minutes"},"schema":{"@context":"https:\/\/schema.org","@graph":[{"@type":"Article","@id":"https:\/\/www.zerdab.com\/?p=25466#article","isPartOf":{"@id":"https:\/\/www.zerdab.com\/?p=25466"},"author":{"name":"admin","@id":"https:\/\/www.zerdab.com\/#\/schema\/person\/97079b7570c1e89ec0d9e138c3672136"},"headline":"Mill\u0259t v\u0259kilimiz Jal\u0259 \u018fliyeva Milli M\u0259clisd\u0259 Z\u0259rdab\u0131n probleml\u0259rini g\u00fcnd\u0259m\u0259 g\u0259tirdi &#8211; \u00c7IXI\u015e","datePublished":"2017-12-02T09:42:56+00:00","dateModified":"2017-12-07T13:49:54+00:00","mainEntityOfPage":{"@id":"https:\/\/www.zerdab.com\/?p=25466"},"wordCount":1796,"commentCount":0,"image":{"@id":"https:\/\/www.zerdab.com\/?p=25466#primaryimage"},"thumbnailUrl":"https:\/\/www.zerdab.com\/wp-content\/uploads\/2017\/12\/Jal\u0259-\u018fliyeva-deputat.jpg","articleSection":["C\u018fM\u0130YY\u018fT","MAN\u015eET"],"inLanguage":"az","potentialAction":[{"@type":"CommentAction","name":"Comment","target":["https:\/\/www.zerdab.com\/?p=25466#respond"]}]},{"@type":"WebPage","@id":"https:\/\/www.zerdab.com\/?p=25466","url":"https:\/\/www.zerdab.com\/?p=25466","name":"Mill\u0259t v\u0259kilimiz Jal\u0259 \u018fliyeva Milli M\u0259clisd\u0259 Z\u0259rdab\u0131n probleml\u0259rini g\u00fcnd\u0259m\u0259 g\u0259tirdi - \u00c7IXI\u015e - Z\u0259rdab.com","isPartOf":{"@id":"https:\/\/www.zerdab.com\/#website"},"primaryImageOfPage":{"@id":"https:\/\/www.zerdab.com\/?p=25466#primaryimage"},"image":{"@id":"https:\/\/www.zerdab.com\/?p=25466#primaryimage"},"thumbnailUrl":"https:\/\/www.zerdab.com\/wp-content\/uploads\/2017\/12\/Jal\u0259-\u018fliyeva-deputat.jpg","datePublished":"2017-12-02T09:42:56+00:00","dateModified":"2017-12-07T13:49:54+00:00","author":{"@id":"https:\/\/www.zerdab.com\/#\/schema\/person\/97079b7570c1e89ec0d9e138c3672136"},"breadcrumb":{"@id":"https:\/\/www.zerdab.com\/?p=25466#breadcrumb"},"inLanguage":"az","potentialAction":[{"@type":"ReadAction","target":["https:\/\/www.zerdab.com\/?p=25466"]}]},{"@type":"ImageObject","inLanguage":"az","@id":"https:\/\/www.zerdab.com\/?p=25466#primaryimage","url":"https:\/\/www.zerdab.com\/wp-content\/uploads\/2017\/12\/Jal\u0259-\u018fliyeva-deputat.jpg","contentUrl":"https:\/\/www.zerdab.com\/wp-content\/uploads\/2017\/12\/Jal\u0259-\u018fliyeva-deputat.jpg","width":800,"height":634,"caption":"Jal\u0259 \u018fliyeva"},{"@type":"BreadcrumbList","@id":"https:\/\/www.zerdab.com\/?p=25466#breadcrumb","itemListElement":[{"@type":"ListItem","position":1,"name":"Home","item":"https:\/\/www.zerdab.com\/"},{"@type":"ListItem","position":2,"name":"Mill\u0259t v\u0259kilimiz Jal\u0259 \u018fliyeva Milli M\u0259clisd\u0259 Z\u0259rdab\u0131n probleml\u0259rini g\u00fcnd\u0259m\u0259 g\u0259tirdi &#8211; \u00c7IXI\u015e"}]},{"@type":"WebSite","@id":"https:\/\/www.zerdab.com\/#website","url":"https:\/\/www.zerdab.com\/","name":"Z\u0259rdab.com","description":"","potentialAction":[{"@type":"SearchAction","target":{"@type":"EntryPoint","urlTemplate":"https:\/\/www.zerdab.com\/?s={search_term_string}"},"query-input":{"@type":"PropertyValueSpecification","valueRequired":true,"valueName":"search_term_string"}}],"inLanguage":"az"},{"@type":"Person","@id":"https:\/\/www.zerdab.com\/#\/schema\/person\/97079b7570c1e89ec0d9e138c3672136","name":"admin","image":{"@type":"ImageObject","inLanguage":"az","@id":"https:\/\/www.zerdab.com\/#\/schema\/person\/image\/","url":"https:\/\/secure.gravatar.com\/avatar\/d9c52a9a27c32119cb6679a077fa3e2779e5f822c451cbf01098004361d466ec?s=96&d=mm&r=g","contentUrl":"https:\/\/secure.gravatar.com\/avatar\/d9c52a9a27c32119cb6679a077fa3e2779e5f822c451cbf01098004361d466ec?s=96&d=mm&r=g","caption":"admin"},"url":"https:\/\/www.zerdab.com\/?author=1"}]}},"_links":{"self":[{"href":"https:\/\/www.zerdab.com\/index.php?rest_route=\/wp\/v2\/posts\/25466","targetHints":{"allow":["GET"]}}],"collection":[{"href":"https:\/\/www.zerdab.com\/index.php?rest_route=\/wp\/v2\/posts"}],"about":[{"href":"https:\/\/www.zerdab.com\/index.php?rest_route=\/wp\/v2\/types\/post"}],"author":[{"embeddable":true,"href":"https:\/\/www.zerdab.com\/index.php?rest_route=\/wp\/v2\/users\/1"}],"replies":[{"embeddable":true,"href":"https:\/\/www.zerdab.com\/index.php?rest_route=%2Fwp%2Fv2%2Fcomments&post=25466"}],"version-history":[{"count":1,"href":"https:\/\/www.zerdab.com\/index.php?rest_route=\/wp\/v2\/posts\/25466\/revisions"}],"predecessor-version":[{"id":25467,"href":"https:\/\/www.zerdab.com\/index.php?rest_route=\/wp\/v2\/posts\/25466\/revisions\/25467"}],"wp:featuredmedia":[{"embeddable":true,"href":"https:\/\/www.zerdab.com\/index.php?rest_route=\/wp\/v2\/media\/25468"}],"wp:attachment":[{"href":"https:\/\/www.zerdab.com\/index.php?rest_route=%2Fwp%2Fv2%2Fmedia&parent=25466"}],"wp:term":[{"taxonomy":"category","embeddable":true,"href":"https:\/\/www.zerdab.com\/index.php?rest_route=%2Fwp%2Fv2%2Fcategories&post=25466"},{"taxonomy":"post_tag","embeddable":true,"href":"https:\/\/www.zerdab.com\/index.php?rest_route=%2Fwp%2Fv2%2Ftags&post=25466"}],"curies":[{"name":"wp","href":"https:\/\/api.w.org\/{rel}","templated":true}]}}