{"id":25488,"date":"2017-12-07T11:58:13","date_gmt":"2017-12-07T07:58:13","guid":{"rendered":"http:\/\/www.zerdab.com\/?p=25488"},"modified":"2017-12-19T10:12:35","modified_gmt":"2017-12-19T06:12:35","slug":"mill%c9%99t-v%c9%99kilimiz-jal%c9%99-%c9%99liyeva-qdi%c9%99t-d%c9%99-cixis-edib-tam-m%c9%99tn","status":"publish","type":"post","link":"https:\/\/www.zerdab.com\/?p=25488","title":{"rendered":"Mill\u0259t v\u0259kilimiz Jal\u0259 \u018fliyeva QD\u0130\u018fT-d\u0259 \u00e7\u0131x\u0131\u015f edib &#8211; M\u018fTN"},"content":{"rendered":"<p><strong>Mill\u0259t v\u0259kili, Milli M\u0259clisin M\u0259d\u0259niyy\u0259t komit\u0259sinin s\u0259dr m\u00fcavini Jal\u0259 \u018fliyeva Qara D\u0259niz \u0130qtisadi \u018fm\u0259kda\u015fl\u0131q T\u0259\u015fkilat\u0131 Parlament Asambleyas\u0131n\u0131n Kiyevd\u0259 ke\u00e7iril\u0259n 50-ci Ba\u015f Assambleyas\u0131nda \u00e7\u0131x\u0131\u015f edib. <span style=\"color: #ff0000;\">Zerdab.com<\/span> sayt\u0131 deputat\u0131n \u00e7\u0131x\u0131\u015f\u0131n\u0131 t\u0259qdim edir:<\/strong><\/p>\n<p><strong>H\u00f6rm\u0259tli h\u0259mkarlar!<\/strong><\/p>\n<p>Bir \u00f6lk\u0259nin d\u00f6vl\u0259t olaraq m\u00f6hk\u0259ml\u0259nm\u0259sinin, g\u0259l\u0259c\u0259yinin t\u0259hl\u00fck\u0259siz olmas\u0131n\u0131n \u0259h\u0259miyy\u0259tli \u015f\u0259rtl\u0259rind\u0259n biri d\u0259 g\u0259ncl\u0259rin b\u00fct\u00fcn sah\u0259l\u0259rd\u0259 i\u015ftirak\u0131n\u0131 t\u0259min etm\u0259k, onlar\u0131n qabaqc\u0131l m\u00f6vqey\u0259 g\u0259lm\u0259sin\u0259 \u015f\u0259rait yaratmaqd\u0131r. Fikrimizi q\u0131saca bel\u0259 ifad\u0259 ed\u0259 bil\u0259rik: G\u0259ncl\u0259r\u0259 m\u00fcnasib\u0259t \u00f6lk\u0259nin sabah\u0131na olan m\u00fcnasib\u0259t kimi qiym\u0259tl\u0259ndirilm\u0259lidir.<br \/>\nAz\u0259rbaycan d\u00f6vl\u0259ti d\u0259 bu h\u0259qiq\u0259t\u0259 istinad ed\u0259r\u0259k g\u0259ncl\u0259r siyas\u0259tin\u0259 b\u00f6y\u00fck \u0259h\u0259miyy\u0259t verm\u0259kd\u0259dir.<br \/>\nAz\u0259rbaycanda g\u0259ncl\u0259r siyas\u0259tinin m\u00fc\u0259yy\u0259nl\u0259\u015fdirilm\u0259si v\u0259 h\u0259yata ke\u00e7irilm\u0259si sah\u0259sind\u0259 f\u0259aliyy\u0259tl\u0259r Az\u0259rbaycan xalq\u0131n\u0131n milli lideri Heyd\u0259r \u018fliyevl\u0259 ba\u015flanm\u0131\u015fd\u0131r.<br \/>\n\u00d6lk\u0259mizd\u0259 ilk G\u0259ncl\u0259r Forumu onun t\u0259\u015f\u0259bb\u00fcs\u00fc il\u0259 1996-c\u0131 ilin 2 fevral tarixind\u0259 ke\u00e7irilmi\u015fdir. Art\u0131q 20 ildir ki, h\u0259min Forumun ke\u00e7irildiyi 2 fevral Az\u0259rbaycanda G\u0259ncl\u0259r G\u00fcn\u00fc kimi y\u00fcks\u0259k s\u0259viyy\u0259d\u0259 qeyd edilir.<br \/>\nAz\u0259rbaycanda g\u0259ncl\u0259r siyas\u0259tinin \u0259sas istiqam\u0259tl\u0259ri \u201cG\u0259ncl\u0259r siyas\u0259ti haqq\u0131nda\u201d qanunda yer alm\u0131\u015fd\u0131r. H\u0259min qanun g\u0259ncl\u0259rin m\u0259n\u0259vi-\u0259xlaqi t\u0259rbiy\u0259sini, sosial-m\u0259d\u0259ni h\u0259yatda i\u015ftirak\u0131n\u0131, onlar\u0131n m\u0259\u015f\u011fullu\u011funun t\u0259min edilm\u0259sini, istedadl\u0131 g\u0259ncl\u0259r\u0259 d\u00f6vl\u0259t qay\u011f\u0131s\u0131n\u0131, onlar\u0131n sa\u011flaml\u0131\u011f\u0131n\u0131n qorumas\u0131n\u0131, fiziki inki\u015faf\u0131n\u0131, g\u0259nc ail\u0259l\u0259r\u0259 v\u0259 g\u0259ncl\u0259r t\u0259\u015fkilatlar\u0131na d\u00f6vl\u0259t t\u0259r\u0259find\u0259n d\u0259st\u0259k verilm\u0259sini v\u0259 b. \u0259hat\u0259 edir.<br \/>\nAz\u0259rbaycan g\u0259ncl\u0259r siyas\u0259ti haqq\u0131nda dan\u0131\u015fark\u0259n 2005-ci ild\u0259n etibar\u0259n son 12 ild\u0259 haz\u0131rlanan v\u0259 q\u0259bul edil\u0259n 3 \u0259h\u0259miyy\u0259tli proqram\u0131 m\u00fctl\u0259q qeyd etm\u0259liyik. Bel\u0259 ki, \u201c2005-2009\u201d , \u201c2011-2015\u201d v\u0259 \u0259n son \u201c2017-2021\u201d-ci ill\u0259r Az\u0259rbaycan G\u0259nclyi D\u00f6vl\u0259t Proqramlar\u0131, d\u00f6vl\u0259t ba\u015f\u00e7s\u0131s\u0131n\u0131n Az\u0259rbaycan g\u0259ncliyin\u0259 verdiyi \u0259h\u0259miyy\u0259tin v\u0259 g\u00f6st\u0259rdiyi qay\u011f\u0131n\u0131n bariz n\u00fcmun\u0259sidir.<\/p>\n<p>Bu proqramlarda g\u00f6st\u0259ril\u0259n h\u0259d\u0259fl\u0259rin m\u00fcv\u0259ff\u0259qiyy\u0259tl\u0259 h\u0259yata ke\u00e7irilm\u0259si say\u0259sind\u0259 g\u0259ncl\u0259rimiz bu g\u00fcn \u00f6lk\u0259d\u0259 ba\u015f ver\u0259n prosesl\u0259rin m\u00fc\u015fahid\u0259\u00e7il\u0259rind\u0259n i\u015ftirak\u00e7\u0131lar\u0131na \u00e7evrilmi\u015fl\u0259r.<\/p>\n<p>Proqram\u0131n \u0259sas h\u0259d\u0259fi g\u0259nc m\u00fct\u0259x\u0259ssisl\u0259rin i\u015fl\u0259 t\u0259mini v\u0259 onlar\u0131n sosial-iqtisadi probleml\u0259rinin h\u0259llin\u0259 yard\u0131m\u00e7\u0131 olmaqd\u0131r. G\u0259ncl\u0259rin m\u0259\u015f\u011fullu\u011fu v\u0259 g\u0259nc i\u015f adamlar\u0131na d\u0259st\u0259k verilm\u0259si d\u0259 \u0259h\u0259miyy\u0259tli yerd\u0259dir.<\/p>\n<p>G\u0259ncl\u0259r siyas\u0259tinin \u0259h\u0259miyy\u0259tli \u015f\u0259rtl\u0259rind\u0259n biri d\u0259 elm v\u0259 t\u0259hsill\u0259 ba\u011fl\u0131d\u0131r. \u00d6lk\u0259nin b\u00fct\u00fcn regionlar\u0131nda m\u00fcasir tipli m\u0259kt\u0259bl\u0259r in\u015fa edilmi\u015f, ali v\u0259 orta t\u0259hsil m\u00fc\u0259ssis\u0259l\u0259ri \u0259n moderin texnologiyalar il\u0259 t\u0259chiz edilmi\u015fdir. Y\u00fcks\u0259k n\u0259tic\u0259 g\u00f6st\u0259r\u0259n g\u0259ncl\u0259r Prezident t\u0259qa\u00fcdl\u0259ri il\u0259 m\u00fckafatland\u0131r\u0131l\u0131rlar.<\/p>\n<p>Proqrmada yer alan daha bir h\u0259ssas m\u0259s\u0259l\u0259-g\u0259nc ail\u0259l\u0259r\u0259 g\u00fcz\u0259\u015ftli ipotekalar\u0131n verilm\u0259si il\u0259 ba\u011fl\u0131d\u0131r. Son ill\u0259rd\u0259 ipoteka kreditl\u0259rinin verilm\u0259si \u015f\u0259rtl\u0259ri asanla\u015fd\u0131r\u0131lm\u0131\u015f v\u0259 g\u0259ncl\u0259r\u0259 daha \u00e7ox imkanlar verilmi\u015fdir. Son b\u00fcdc\u0259 m\u00fczakir\u0259l\u0259ri s\u0131ras\u0131nda, g\u00fcz\u0259\u015ftli kreditl\u0259r \u00fc\u00e7\u00fcn n\u0259z\u0259rd\u0259 tutulan 100 milyon v\u0259sait 150 milyona y\u00fcks\u0259ldilmi\u015fdir.<\/p>\n<p>\u201cBu g\u00fcnki g\u0259nc sabah \u00f6lk\u0259mizi idar\u0259 ed\u0259c\u0259kdir\u201d dey\u0259n Prezident \u0130lham \u018fliyev t\u0259r\u0259find\u0259n g\u0259ncl\u0259rin bacar\u0131\u011f\u0131ndan tam v\u0259 do\u011fru istifad\u0259 edilm\u0259si, onlar\u0131n faydal\u0131 m\u0259\u015f\u011fulluqlar\u0131n\u0131n t\u0259min edilm\u0259si, d\u00f6vl\u0259t idar\u0259etm\u0259sind\u0259 pe\u015f\u0259kar kadrlar kimi haz\u0131rlanmas\u0131 m\u0259qs\u0259di il\u0259 kompleks add\u0131mlar at\u0131lmaqdad\u0131r.<\/p>\n<p><strong>D\u0259y\u0259rli h\u0259mkarlar !<\/strong><\/p>\n<p>B\u00fct\u00fcn bu sadalad\u0131qlar\u0131m\u0131z Az\u0259rbaycan g\u0259ncl\u0259rinin m\u00fcv\u0259ff\u0259qiyy\u0259ti, onlara yarad\u0131lan \u015f\u0259raitin bir hiss\u0259sidir. Amma bu, onlar\u0131n probleml\u0259rinin olmad\u0131\u011f\u0131 v\u0259 ya tam xo\u015fb\u0259xt olduqlar\u0131 m\u0259nas\u0131na g\u0259lmir.<\/p>\n<p>\u00c7\u00fcnki, Az\u0259rbaycan g\u0259ncinin, h\u0259r bir Az\u0259rbaycanl\u0131 kimi, \u00e7ox b\u00f6y\u00fck bir problemi var. Bu da t\u0259xmin\u0259n 30 ildir i\u015f\u011fal edil\u0259n Az\u0259rbaycan torpaqlar\u0131d\u0131r. G\u0259nclik ya\u015f\u0131n\u0131 15-35 ya\u015f aras\u0131 olaraq g\u00f6t\u00fcrs\u0259k, o zaman tam m\u0259nz\u0259r\u0259 ortaya \u00e7\u0131xar.<\/p>\n<p>Az\u0259rbaycan g\u0259nci i\u015f\u011falla eyni ya\u015fdad\u0131r. Onlar\u0131n s\u0131ralar\u0131nda talehin\u0259 ta u\u015faql\u0131\u011f\u0131ndan b\u0259ri qa\u00e7q\u0131nl\u0131q pay\u0131 d\u00fc\u015f\u0259n 10 minl\u0259rl\u0259 g\u0259nc var. Bu g\u0259ncl\u0259r \u00f6z v\u0259t\u0259nl\u0259rind\u0259 v\u0259t\u0259n h\u0259sr\u0259tiyl\u0259 qocalan ata-analar\u0131n, baba-n\u0259n\u0259l\u0259rin \u00f6vladlar\u0131d\u0131rlar. Bu g\u0259ncl\u0259r \u00e7ad\u0131r \u015f\u0259h\u0259rcikl\u0259rind\u0259 do\u011fulub b\u00f6y\u00fcm\u00fc\u015f, \u00e7ad\u0131r \u015f\u0259h\u0259rcikl\u0259rind\u0259 m\u0259kt\u0259bl\u0259r\u0259 getmi\u015fl\u0259r. B\u0259zil\u0259ri is\u0259, anan\u0131n, atan\u0131n n\u0259 oldu\u011funu bel\u0259 bilmirl\u0259r. \u00c7\u00fcnki, onlar\u0131 m\u00fcharib\u0259d\u0259 itiribl\u0259r.<\/p>\n<p>Bu g\u0259ncl\u0259r haz\u0131rda h\u0259yatlar\u0131n\u0131n \u0259n m\u0259hsuldar, potensiallar\u0131n\u0131n a\u015f\u0131b da\u015fd\u0131\u011f\u0131 bir d\u00f6vrd\u0259dirl\u0259r. Onlar do\u011fma torpaqlar\u0131na qay\u0131tmaq, orada faydal\u0131 olmaq ist\u0259yirl\u0259r. Do\u011fma torpaqlar\u0131n\u0131 \u0259kib-bec\u0259rm\u0259k, u\u015faqlara t\u0259hsil verm\u0259k, x\u0259st\u0259l\u0259ri m\u00fcalic\u0259 etm\u0259k,da\u011f\u0131d\u0131lan evl\u0259rini yenid\u0259n qurmaq ist\u0259yirl\u0259r.<br \/>\nBu, onlar\u0131n t\u0259bii haqq\u0131d\u0131r. Az\u0259rbaycan d\u00f6vl\u0259ti, onlar\u0131n bu t\u0259bii h\u00fcquqlar\u0131n\u0131n geri qaytar\u0131lmas\u0131 \u00fc\u00e7\u00fcn b\u00fct\u00fcn imkanlar\u0131n\u0131 s\u0259f\u0259rb\u0259r etmi\u015fdir.<br \/>\nBiz- \u0130lahi \u018fdal\u0259tin z\u0259f\u0259r \u00e7alaca\u011f\u0131na inan\u0131r\u0131q.<br \/>\nAmma bu z\u0259f\u0259rin qazan\u0131lmas\u0131 \u00fc\u00e7\u00fcn, ham\u0131z, b\u00fct\u00fcn beyn\u0259lxalq t\u0259\u015fkilatlar i\u015f\u011fal\u00e7\u0131ya, i\u015f\u011fal\u00e7\u0131lara \u201cdur\u201d dem\u0259yi bacarmal\u0131y\u0131q . Ham\u0131m\u0131z\u0131n \u00f6vlad\u0131 var. V\u0259 kimliyind\u0259n, milliy\u0259tind\u0259n as\u0131l\u0131 olmadan, biz onlar\u0131n sava\u015f meydanlar\u0131nda m\u0259hv olmas\u0131n\u0131 deyil, bar\u0131\u015f meydanlar\u0131nda var olmas\u0131n\u0131, arzu edirik !<\/p>\n","protected":false},"excerpt":{"rendered":"<p>Mill\u0259t v\u0259kili, Milli M\u0259clisin M\u0259d\u0259niyy\u0259t komit\u0259sinin s\u0259dr m\u00fcavini Jal\u0259 \u018fliyeva Qara D\u0259niz \u0130qtisadi \u018fm\u0259kda\u015fl\u0131q T\u0259\u015fkilat\u0131 Parlament Asambleyas\u0131n\u0131n Kiyevd\u0259 ke\u00e7iril\u0259n 50-ci Ba\u015f Assambleyas\u0131nda \u00e7\u0131x\u0131\u015f edib. Zerdab.com sayt\u0131 deputat\u0131n \u00e7\u0131x\u0131\u015f\u0131n\u0131 t\u0259qdim edir: H\u00f6rm\u0259tli h\u0259mkarlar! Bir \u00f6lk\u0259nin d\u00f6vl\u0259t olaraq m\u00f6hk\u0259ml\u0259nm\u0259sinin, g\u0259l\u0259c\u0259yinin t\u0259hl\u00fck\u0259siz olmas\u0131n\u0131n \u0259h\u0259miyy\u0259tli \u015f\u0259rtl\u0259rind\u0259n biri d\u0259 g\u0259ncl\u0259rin b\u00fct\u00fcn sah\u0259l\u0259rd\u0259 i\u015ftirak\u0131n\u0131 t\u0259min etm\u0259k, onlar\u0131n qabaqc\u0131l m\u00f6vqey\u0259 g\u0259lm\u0259sin\u0259 \u015f\u0259rait [&hellip;]<\/p>\n","protected":false},"author":1,"featured_media":0,"comment_status":"open","ping_status":"open","sticky":false,"template":"","format":"standard","meta":{"footnotes":""},"categories":[21,63],"tags":[],"class_list":{"0":"post-25488","1":"post","2":"type-post","3":"status-publish","4":"format-standard","6":"category-zrdab","7":"category-manset"},"yoast_head":"<!-- This site is optimized with the Yoast SEO plugin v27.0 - https:\/\/yoast.com\/product\/yoast-seo-wordpress\/ -->\n<title>Mill\u0259t v\u0259kilimiz Jal\u0259 \u018fliyeva QD\u0130\u018fT-d\u0259 \u00e7\u0131x\u0131\u015f edib - M\u018fTN - Z\u0259rdab.com<\/title>\n<meta name=\"robots\" content=\"index, follow, max-snippet:-1, max-image-preview:large, max-video-preview:-1\" \/>\n<link rel=\"canonical\" href=\"https:\/\/www.zerdab.com\/?p=25488\" \/>\n<meta property=\"og:locale\" content=\"az_AZ\" \/>\n<meta property=\"og:type\" content=\"article\" \/>\n<meta property=\"og:title\" content=\"Mill\u0259t v\u0259kilimiz Jal\u0259 \u018fliyeva QD\u0130\u018fT-d\u0259 \u00e7\u0131x\u0131\u015f edib - M\u018fTN - Z\u0259rdab.com\" \/>\n<meta property=\"og:description\" content=\"Mill\u0259t v\u0259kili, Milli M\u0259clisin M\u0259d\u0259niyy\u0259t komit\u0259sinin s\u0259dr m\u00fcavini Jal\u0259 \u018fliyeva Qara D\u0259niz \u0130qtisadi \u018fm\u0259kda\u015fl\u0131q T\u0259\u015fkilat\u0131 Parlament Asambleyas\u0131n\u0131n Kiyevd\u0259 ke\u00e7iril\u0259n 50-ci Ba\u015f Assambleyas\u0131nda \u00e7\u0131x\u0131\u015f edib. Zerdab.com sayt\u0131 deputat\u0131n \u00e7\u0131x\u0131\u015f\u0131n\u0131 t\u0259qdim edir: H\u00f6rm\u0259tli h\u0259mkarlar! Bir \u00f6lk\u0259nin d\u00f6vl\u0259t olaraq m\u00f6hk\u0259ml\u0259nm\u0259sinin, g\u0259l\u0259c\u0259yinin t\u0259hl\u00fck\u0259siz olmas\u0131n\u0131n \u0259h\u0259miyy\u0259tli \u015f\u0259rtl\u0259rind\u0259n biri d\u0259 g\u0259ncl\u0259rin b\u00fct\u00fcn sah\u0259l\u0259rd\u0259 i\u015ftirak\u0131n\u0131 t\u0259min etm\u0259k, onlar\u0131n qabaqc\u0131l m\u00f6vqey\u0259 g\u0259lm\u0259sin\u0259 \u015f\u0259rait [&hellip;]\" \/>\n<meta property=\"og:url\" content=\"https:\/\/www.zerdab.com\/?p=25488\" \/>\n<meta property=\"og:site_name\" content=\"Z\u0259rdab.com\" \/>\n<meta property=\"article:published_time\" content=\"2017-12-07T07:58:13+00:00\" \/>\n<meta property=\"article:modified_time\" content=\"2017-12-19T06:12:35+00:00\" \/>\n<meta name=\"author\" content=\"admin\" \/>\n<meta name=\"twitter:card\" content=\"summary_large_image\" \/>\n<meta name=\"twitter:label1\" content=\"Written by\" \/>\n\t<meta name=\"twitter:data1\" content=\"admin\" \/>\n\t<meta name=\"twitter:label2\" content=\"Est. reading time\" \/>\n\t<meta name=\"twitter:data2\" content=\"6 minutes\" \/>\n<script type=\"application\/ld+json\" class=\"yoast-schema-graph\">{\"@context\":\"https:\/\/schema.org\",\"@graph\":[{\"@type\":\"Article\",\"@id\":\"https:\/\/www.zerdab.com\/?p=25488#article\",\"isPartOf\":{\"@id\":\"https:\/\/www.zerdab.com\/?p=25488\"},\"author\":{\"name\":\"admin\",\"@id\":\"https:\/\/www.zerdab.com\/#\/schema\/person\/97079b7570c1e89ec0d9e138c3672136\"},\"headline\":\"Mill\u0259t v\u0259kilimiz Jal\u0259 \u018fliyeva QD\u0130\u018fT-d\u0259 \u00e7\u0131x\u0131\u015f edib &#8211; M\u018fTN\",\"datePublished\":\"2017-12-07T07:58:13+00:00\",\"dateModified\":\"2017-12-19T06:12:35+00:00\",\"mainEntityOfPage\":{\"@id\":\"https:\/\/www.zerdab.com\/?p=25488\"},\"wordCount\":1164,\"commentCount\":0,\"articleSection\":[\"C\u018fM\u0130YY\u018fT\",\"MAN\u015eET\"],\"inLanguage\":\"az\",\"potentialAction\":[{\"@type\":\"CommentAction\",\"name\":\"Comment\",\"target\":[\"https:\/\/www.zerdab.com\/?p=25488#respond\"]}]},{\"@type\":\"WebPage\",\"@id\":\"https:\/\/www.zerdab.com\/?p=25488\",\"url\":\"https:\/\/www.zerdab.com\/?p=25488\",\"name\":\"Mill\u0259t v\u0259kilimiz Jal\u0259 \u018fliyeva QD\u0130\u018fT-d\u0259 \u00e7\u0131x\u0131\u015f edib - M\u018fTN - Z\u0259rdab.com\",\"isPartOf\":{\"@id\":\"https:\/\/www.zerdab.com\/#website\"},\"datePublished\":\"2017-12-07T07:58:13+00:00\",\"dateModified\":\"2017-12-19T06:12:35+00:00\",\"author\":{\"@id\":\"https:\/\/www.zerdab.com\/#\/schema\/person\/97079b7570c1e89ec0d9e138c3672136\"},\"breadcrumb\":{\"@id\":\"https:\/\/www.zerdab.com\/?p=25488#breadcrumb\"},\"inLanguage\":\"az\",\"potentialAction\":[{\"@type\":\"ReadAction\",\"target\":[\"https:\/\/www.zerdab.com\/?p=25488\"]}]},{\"@type\":\"BreadcrumbList\",\"@id\":\"https:\/\/www.zerdab.com\/?p=25488#breadcrumb\",\"itemListElement\":[{\"@type\":\"ListItem\",\"position\":1,\"name\":\"Home\",\"item\":\"https:\/\/www.zerdab.com\/\"},{\"@type\":\"ListItem\",\"position\":2,\"name\":\"Mill\u0259t v\u0259kilimiz Jal\u0259 \u018fliyeva QD\u0130\u018fT-d\u0259 \u00e7\u0131x\u0131\u015f edib &#8211; M\u018fTN\"}]},{\"@type\":\"WebSite\",\"@id\":\"https:\/\/www.zerdab.com\/#website\",\"url\":\"https:\/\/www.zerdab.com\/\",\"name\":\"Z\u0259rdab.com\",\"description\":\"\",\"potentialAction\":[{\"@type\":\"SearchAction\",\"target\":{\"@type\":\"EntryPoint\",\"urlTemplate\":\"https:\/\/www.zerdab.com\/?s={search_term_string}\"},\"query-input\":{\"@type\":\"PropertyValueSpecification\",\"valueRequired\":true,\"valueName\":\"search_term_string\"}}],\"inLanguage\":\"az\"},{\"@type\":\"Person\",\"@id\":\"https:\/\/www.zerdab.com\/#\/schema\/person\/97079b7570c1e89ec0d9e138c3672136\",\"name\":\"admin\",\"image\":{\"@type\":\"ImageObject\",\"inLanguage\":\"az\",\"@id\":\"https:\/\/www.zerdab.com\/#\/schema\/person\/image\/\",\"url\":\"https:\/\/secure.gravatar.com\/avatar\/d9c52a9a27c32119cb6679a077fa3e2779e5f822c451cbf01098004361d466ec?s=96&d=mm&r=g\",\"contentUrl\":\"https:\/\/secure.gravatar.com\/avatar\/d9c52a9a27c32119cb6679a077fa3e2779e5f822c451cbf01098004361d466ec?s=96&d=mm&r=g\",\"caption\":\"admin\"},\"url\":\"https:\/\/www.zerdab.com\/?author=1\"}]}<\/script>\n<!-- \/ Yoast SEO plugin. -->","yoast_head_json":{"title":"Mill\u0259t v\u0259kilimiz Jal\u0259 \u018fliyeva QD\u0130\u018fT-d\u0259 \u00e7\u0131x\u0131\u015f edib - M\u018fTN - Z\u0259rdab.com","robots":{"index":"index","follow":"follow","max-snippet":"max-snippet:-1","max-image-preview":"max-image-preview:large","max-video-preview":"max-video-preview:-1"},"canonical":"https:\/\/www.zerdab.com\/?p=25488","og_locale":"az_AZ","og_type":"article","og_title":"Mill\u0259t v\u0259kilimiz Jal\u0259 \u018fliyeva QD\u0130\u018fT-d\u0259 \u00e7\u0131x\u0131\u015f edib - M\u018fTN - Z\u0259rdab.com","og_description":"Mill\u0259t v\u0259kili, Milli M\u0259clisin M\u0259d\u0259niyy\u0259t komit\u0259sinin s\u0259dr m\u00fcavini Jal\u0259 \u018fliyeva Qara D\u0259niz \u0130qtisadi \u018fm\u0259kda\u015fl\u0131q T\u0259\u015fkilat\u0131 Parlament Asambleyas\u0131n\u0131n Kiyevd\u0259 ke\u00e7iril\u0259n 50-ci Ba\u015f Assambleyas\u0131nda \u00e7\u0131x\u0131\u015f edib. Zerdab.com sayt\u0131 deputat\u0131n \u00e7\u0131x\u0131\u015f\u0131n\u0131 t\u0259qdim edir: H\u00f6rm\u0259tli h\u0259mkarlar! Bir \u00f6lk\u0259nin d\u00f6vl\u0259t olaraq m\u00f6hk\u0259ml\u0259nm\u0259sinin, g\u0259l\u0259c\u0259yinin t\u0259hl\u00fck\u0259siz olmas\u0131n\u0131n \u0259h\u0259miyy\u0259tli \u015f\u0259rtl\u0259rind\u0259n biri d\u0259 g\u0259ncl\u0259rin b\u00fct\u00fcn sah\u0259l\u0259rd\u0259 i\u015ftirak\u0131n\u0131 t\u0259min etm\u0259k, onlar\u0131n qabaqc\u0131l m\u00f6vqey\u0259 g\u0259lm\u0259sin\u0259 \u015f\u0259rait [&hellip;]","og_url":"https:\/\/www.zerdab.com\/?p=25488","og_site_name":"Z\u0259rdab.com","article_published_time":"2017-12-07T07:58:13+00:00","article_modified_time":"2017-12-19T06:12:35+00:00","author":"admin","twitter_card":"summary_large_image","twitter_misc":{"Written by":"admin","Est. reading time":"6 minutes"},"schema":{"@context":"https:\/\/schema.org","@graph":[{"@type":"Article","@id":"https:\/\/www.zerdab.com\/?p=25488#article","isPartOf":{"@id":"https:\/\/www.zerdab.com\/?p=25488"},"author":{"name":"admin","@id":"https:\/\/www.zerdab.com\/#\/schema\/person\/97079b7570c1e89ec0d9e138c3672136"},"headline":"Mill\u0259t v\u0259kilimiz Jal\u0259 \u018fliyeva QD\u0130\u018fT-d\u0259 \u00e7\u0131x\u0131\u015f edib &#8211; M\u018fTN","datePublished":"2017-12-07T07:58:13+00:00","dateModified":"2017-12-19T06:12:35+00:00","mainEntityOfPage":{"@id":"https:\/\/www.zerdab.com\/?p=25488"},"wordCount":1164,"commentCount":0,"articleSection":["C\u018fM\u0130YY\u018fT","MAN\u015eET"],"inLanguage":"az","potentialAction":[{"@type":"CommentAction","name":"Comment","target":["https:\/\/www.zerdab.com\/?p=25488#respond"]}]},{"@type":"WebPage","@id":"https:\/\/www.zerdab.com\/?p=25488","url":"https:\/\/www.zerdab.com\/?p=25488","name":"Mill\u0259t v\u0259kilimiz Jal\u0259 \u018fliyeva QD\u0130\u018fT-d\u0259 \u00e7\u0131x\u0131\u015f edib - M\u018fTN - Z\u0259rdab.com","isPartOf":{"@id":"https:\/\/www.zerdab.com\/#website"},"datePublished":"2017-12-07T07:58:13+00:00","dateModified":"2017-12-19T06:12:35+00:00","author":{"@id":"https:\/\/www.zerdab.com\/#\/schema\/person\/97079b7570c1e89ec0d9e138c3672136"},"breadcrumb":{"@id":"https:\/\/www.zerdab.com\/?p=25488#breadcrumb"},"inLanguage":"az","potentialAction":[{"@type":"ReadAction","target":["https:\/\/www.zerdab.com\/?p=25488"]}]},{"@type":"BreadcrumbList","@id":"https:\/\/www.zerdab.com\/?p=25488#breadcrumb","itemListElement":[{"@type":"ListItem","position":1,"name":"Home","item":"https:\/\/www.zerdab.com\/"},{"@type":"ListItem","position":2,"name":"Mill\u0259t v\u0259kilimiz Jal\u0259 \u018fliyeva QD\u0130\u018fT-d\u0259 \u00e7\u0131x\u0131\u015f edib &#8211; M\u018fTN"}]},{"@type":"WebSite","@id":"https:\/\/www.zerdab.com\/#website","url":"https:\/\/www.zerdab.com\/","name":"Z\u0259rdab.com","description":"","potentialAction":[{"@type":"SearchAction","target":{"@type":"EntryPoint","urlTemplate":"https:\/\/www.zerdab.com\/?s={search_term_string}"},"query-input":{"@type":"PropertyValueSpecification","valueRequired":true,"valueName":"search_term_string"}}],"inLanguage":"az"},{"@type":"Person","@id":"https:\/\/www.zerdab.com\/#\/schema\/person\/97079b7570c1e89ec0d9e138c3672136","name":"admin","image":{"@type":"ImageObject","inLanguage":"az","@id":"https:\/\/www.zerdab.com\/#\/schema\/person\/image\/","url":"https:\/\/secure.gravatar.com\/avatar\/d9c52a9a27c32119cb6679a077fa3e2779e5f822c451cbf01098004361d466ec?s=96&d=mm&r=g","contentUrl":"https:\/\/secure.gravatar.com\/avatar\/d9c52a9a27c32119cb6679a077fa3e2779e5f822c451cbf01098004361d466ec?s=96&d=mm&r=g","caption":"admin"},"url":"https:\/\/www.zerdab.com\/?author=1"}]}},"_links":{"self":[{"href":"https:\/\/www.zerdab.com\/index.php?rest_route=\/wp\/v2\/posts\/25488","targetHints":{"allow":["GET"]}}],"collection":[{"href":"https:\/\/www.zerdab.com\/index.php?rest_route=\/wp\/v2\/posts"}],"about":[{"href":"https:\/\/www.zerdab.com\/index.php?rest_route=\/wp\/v2\/types\/post"}],"author":[{"embeddable":true,"href":"https:\/\/www.zerdab.com\/index.php?rest_route=\/wp\/v2\/users\/1"}],"replies":[{"embeddable":true,"href":"https:\/\/www.zerdab.com\/index.php?rest_route=%2Fwp%2Fv2%2Fcomments&post=25488"}],"version-history":[{"count":3,"href":"https:\/\/www.zerdab.com\/index.php?rest_route=\/wp\/v2\/posts\/25488\/revisions"}],"predecessor-version":[{"id":25492,"href":"https:\/\/www.zerdab.com\/index.php?rest_route=\/wp\/v2\/posts\/25488\/revisions\/25492"}],"wp:attachment":[{"href":"https:\/\/www.zerdab.com\/index.php?rest_route=%2Fwp%2Fv2%2Fmedia&parent=25488"}],"wp:term":[{"taxonomy":"category","embeddable":true,"href":"https:\/\/www.zerdab.com\/index.php?rest_route=%2Fwp%2Fv2%2Fcategories&post=25488"},{"taxonomy":"post_tag","embeddable":true,"href":"https:\/\/www.zerdab.com\/index.php?rest_route=%2Fwp%2Fv2%2Ftags&post=25488"}],"curies":[{"name":"wp","href":"https:\/\/api.w.org\/{rel}","templated":true}]}}