{"id":25513,"date":"2017-12-11T16:34:19","date_gmt":"2017-12-11T12:34:19","guid":{"rendered":"http:\/\/www.zerdab.com\/?p=25513"},"modified":"2017-12-11T16:37:59","modified_gmt":"2017-12-11T12:37:59","slug":"z%c9%99rdabda-tibb-m%c9%99nt%c9%99q%c9%99si-v%c9%99-yem-emali-mu%c9%99ssis%c9%99si-istifad%c9%99y%c9%99-verildi-fotolar","status":"publish","type":"post","link":"https:\/\/www.zerdab.com\/?p=25513","title":{"rendered":"Z\u0259rdabda tibb m\u0259nt\u0259q\u0259si v\u0259 yem emal\u0131 m\u00fc\u0259ssis\u0259si istifad\u0259y\u0259 verildi &#8211; FOTOLAR"},"content":{"rendered":"<p>Az\u0259rbaycan H\u00f6kum\u0259ti v\u0259 AB\u015e-\u0131n Beyn\u0259lxalq \u0130nki\u015faf Agentliyi t\u0259r\u0259find\u0259n birg\u0259 maliyy\u0259l\u0259\u015fdiril\u0259n &#8220;Sosial-iqtisadi inki\u015faf f\u0259aliyy\u0259ti&#8221; layih\u0259si (SEDA) \u00e7\u0259r\u00e7iv\u0259sind\u0259 Z\u0259rdab rayonunun H\u00fcseynxanl\u0131 icmas\u0131nda yem emal\u0131 m\u00fc\u0259ssis\u0259si v\u0259 \u018flib\u0259yli icmas\u0131nda tibb m\u0259nt\u0259q\u0259si f\u0259aliyy\u0259t\u0259 ba\u015flay\u0131b. <span style=\"color: #ff0000;\"><strong>Zerdab.com<\/strong><\/span> sayt\u0131na veril\u0259n m\u0259lumata g\u00f6r\u0259, bununla \u0259laq\u0259dar \u0130qtisadiyyat Nazirliyinin t\u0259\u015fkilat\u00e7\u0131l\u0131\u011f\u0131 il\u0259 ke\u00e7iril\u0259n t\u0259dbirl\u0259rd\u0259 \u0130qtisadiyyat Nazirliyinin, AB\u015e-\u0131n Beyn\u0259lxalq \u0130nki\u015faf Agentliyinin, yerli icra hakimiyy\u0259tinin n\u00fcmay\u0259nd\u0259l\u0259ri v\u0259 sakinl\u0259r i\u015ftirak edibl\u0259r.<\/p>\n<p>T\u0259dbird\u0259 \u00e7\u0131x\u0131\u015f ed\u0259n \u0130qtisadiyyat Nazirliyinin Regionlar\u0131n inki\u015faf\u0131 v\u0259 d\u00f6vl\u0259t proqramlar\u0131 \u015f\u00f6b\u0259sinin m\u00fcdir m\u00fcavini Emil Qas\u0131mov Az\u0259rbaycan Respublikas\u0131 Prezidentinin sosial-iqtisadi siyas\u0259tin\u0259 uy\u011fun olaraq, regionlar\u0131n sosial-iqtisadi inki\u015faf\u0131 d\u00f6vl\u0259t proqramlar\u0131 \u00e7\u0259r\u00e7iv\u0259sind\u0259 geni\u015f quruculuq-abadl\u0131q i\u015fl\u0259rinin apar\u0131ld\u0131\u011f\u0131n\u0131, \u00f6lk\u0259nin \u015f\u0259h\u0259r v\u0259 rayonlar\u0131nda minl\u0259rl\u0259 yeni m\u00fc\u0259ssis\u0259l\u0259rin yarad\u0131ld\u0131\u011f\u0131n\u0131, yeni i\u015f yerl\u0259rinin a\u00e7\u0131ld\u0131\u011f\u0131n\u0131 vur\u011fulay\u0131b, b\u00f6lg\u0259l\u0259rd\u0259 sahibkarl\u0131q f\u0259aliyy\u0259tinin geni\u015fl\u0259ndirilm\u0259si \u00fc\u00e7\u00fcn sistemli t\u0259dbirl\u0259rin h\u0259yata ke\u00e7irdiyini diqq\u0259t\u0259 \u00e7atd\u0131r\u0131b. Emil Qas\u0131mov icma \u0259sasl\u0131 biznesy\u00f6n\u00fcml\u00fc layih\u0259l\u0259rin icras\u0131n\u0131n k\u0259ndl\u0259rd\u0259 m\u0259\u015f\u011fullu\u011fun t\u0259min olunmas\u0131nda, rayonun sosial-iqtisadi inki\u015faf\u0131 sah\u0259sind\u0259 \u0259h\u0259miyy\u0259tini qeyd edib.<\/p>\n<p>Z\u0259rdab Rayon \u0130cra Hakimiyy\u0259ti ba\u015f\u00e7\u0131s\u0131n\u0131n m\u00fcavini P\u0259rvin Mahmudova regionlar\u0131n sosial-iqtisadi inki\u015faf\u0131 d\u00f6vl\u0259t proqramlar\u0131 \u00e7\u0259r\u00e7iv\u0259sind\u0259 rayonda realla\u015fd\u0131r\u0131lan layih\u0259l\u0259r, g\u00f6r\u00fcl\u0259n i\u015fl\u0259r bar\u0259d\u0259 m\u0259lumat verib, yeni yem emal\u0131 m\u00fc\u0259ssis\u0259sinin istifad\u0259y\u0259 verilm\u0259sinin k\u0259nd sakinl\u0259rinin heyvandarl\u0131q v\u0259 bitki\u00e7ilik sah\u0259sind\u0259 f\u0259aliyy\u0259tinin geni\u015fl\u0259nm\u0259sin\u0259 \u015f\u0259rait yaradaca\u011f\u0131n\u0131, tibb m\u0259nt\u0259q\u0259sinin a\u00e7\u0131lmas\u0131n\u0131n k\u0259nd \u0259halisinin tibb xidm\u0259tl\u0259rin\u0259 olan t\u0259l\u0259bat\u0131n\u0131n daha dol\u011fun \u00f6d\u0259nilm\u0259sind\u0259 \u00f6n\u0259mini vur\u011fulay\u0131b.<\/p>\n<p>AB\u015e-\u0131n Az\u0259rbaycandak\u0131 f\u00f6vq\u0259lad\u0259 v\u0259 s\u0259lahiyy\u0259tli s\u0259firliyinin n\u00fcmay\u0259nd\u0259si Stefan Stonhaus, \u201cSosial-iqtisadi inki\u015faf f\u0259aliyy\u0259ti\u201d layih\u0259sinin \u0259m\u0259kda\u015f\u0131 \u018fhm\u0259d M\u0259mm\u0259dzad\u0259 layih\u0259 \u00e7\u0259r\u00e7iv\u0259sind\u0259 g\u00f6r\u00fcl\u0259n i\u015fl\u0259rd\u0259n dan\u0131\u015f\u0131b, bu t\u0259dbirl\u0259rin Az\u0259rbaycan\u0131n regionlar\u0131n\u0131n inki\u015faf\u0131na t\u00f6hf\u0259 oldu\u011funu bildirib.<a href=\"http:\/\/www.zerdab.com\/?attachment_id=25514\" rel=\"attachment wp-att-25514\"><img loading=\"lazy\" decoding=\"async\" class=\"aligncenter size-large wp-image-25514\" src=\"http:\/\/www.zerdab.com\/wp-content\/uploads\/2017\/12\/Zerdab-rayonu-deyirman-550x413.jpg\" alt=\"Zerdab rayonu - deyirman\" width=\"550\" height=\"413\" \/><\/a><\/p>\n<p>T\u0259dbird\u0259 diqq\u0259t\u0259 \u00e7atd\u0131r\u0131l\u0131b ki, Z\u0259rdab rayonunun H\u00fcseynxanl\u0131 k\u0259ndind\u0259 yem emal\u0131 m\u00fc\u0259ssis\u0259sinin in\u015fas\u0131nda \u0259sas m\u0259qs\u0259d k\u0259nd \u0259halisinin m\u0259\u015f\u011fullu\u011funu t\u0259min etm\u0259k, heyvandarl\u0131\u011f\u0131 inki\u015faf etdirm\u0259kdir. Layih\u0259 \u00e7\u0259r\u00e7iv\u0259sind\u0259 yem emal\u0131 avadanl\u0131qlar\u0131 \u00fc\u00e7\u00fcn otaq v\u0259 anbar in\u015fa olunmu\u015f, h\u0259r birinin g\u00fcc\u00fc saatda 1,5 ton olan toxumt\u0259mizl\u0259y\u0259n, yem\u00fcy\u00fcd\u0259n v\u0259 ot do\u011frayan avadanl\u0131qlar qura\u015fd\u0131r\u0131lm\u0131\u015fd\u0131r. Burada 5 n\u0259f\u0259rin i\u015fl\u0259 t\u0259min edilm\u0259si n\u0259z\u0259rd\u0259 tutulur.<\/p>\n<p>Z\u0259rdab rayonunun \u018flib\u0259yli icmas\u0131nda tibb m\u0259nt\u0259q\u0259sinin in\u015fas\u0131 is\u0259 \u0259halinin keyfiyy\u0259tli tibb xidm\u0259ti il\u0259 t\u0259minat\u0131n\u0131n yax\u015f\u0131la\u015fd\u0131r\u0131lmas\u0131 m\u0259qs\u0259dini da\u015f\u0131y\u0131r. 4 ixtisasl\u0131 kadr\u0131n i\u015fl\u0259 t\u0259min edil\u0259c\u0259yi m\u0259nt\u0259q\u0259 ilkin tibbi yard\u0131m, vaksinasiya v\u0259 dig\u0259r tibbi xidm\u0259tl\u0259r \u00fc\u00e7\u00fcn avadanl\u0131qlarla t\u0259chiz olunub.<\/p>\n","protected":false},"excerpt":{"rendered":"<p>Az\u0259rbaycan H\u00f6kum\u0259ti v\u0259 AB\u015e-\u0131n Beyn\u0259lxalq \u0130nki\u015faf Agentliyi t\u0259r\u0259find\u0259n birg\u0259 maliyy\u0259l\u0259\u015fdiril\u0259n &#8220;Sosial-iqtisadi inki\u015faf f\u0259aliyy\u0259ti&#8221; layih\u0259si (SEDA) \u00e7\u0259r\u00e7iv\u0259sind\u0259 Z\u0259rdab rayonunun H\u00fcseynxanl\u0131 icmas\u0131nda yem emal\u0131 m\u00fc\u0259ssis\u0259si v\u0259 \u018flib\u0259yli icmas\u0131nda tibb m\u0259nt\u0259q\u0259si f\u0259aliyy\u0259t\u0259 ba\u015flay\u0131b. Zerdab.com sayt\u0131na veril\u0259n m\u0259lumata g\u00f6r\u0259, bununla \u0259laq\u0259dar \u0130qtisadiyyat Nazirliyinin t\u0259\u015fkilat\u00e7\u0131l\u0131\u011f\u0131 il\u0259 ke\u00e7iril\u0259n t\u0259dbirl\u0259rd\u0259 \u0130qtisadiyyat Nazirliyinin, AB\u015e-\u0131n Beyn\u0259lxalq \u0130nki\u015faf Agentliyinin, yerli icra hakimiyy\u0259tinin n\u00fcmay\u0259nd\u0259l\u0259ri v\u0259 sakinl\u0259r [&hellip;]<\/p>\n","protected":false},"author":1,"featured_media":0,"comment_status":"open","ping_status":"open","sticky":false,"template":"","format":"standard","meta":{"footnotes":""},"categories":[63,5],"tags":[],"class_list":{"0":"post-25513","1":"post","2":"type-post","3":"status-publish","4":"format-standard","6":"category-manset","7":"category-knd"},"yoast_head":"<!-- This site is optimized with the Yoast SEO plugin v27.0 - https:\/\/yoast.com\/product\/yoast-seo-wordpress\/ -->\n<title>Z\u0259rdabda tibb m\u0259nt\u0259q\u0259si v\u0259 yem emal\u0131 m\u00fc\u0259ssis\u0259si istifad\u0259y\u0259 verildi - FOTOLAR - Z\u0259rdab.com<\/title>\n<meta name=\"robots\" content=\"index, follow, max-snippet:-1, max-image-preview:large, max-video-preview:-1\" \/>\n<link rel=\"canonical\" href=\"https:\/\/www.zerdab.com\/?p=25513\" \/>\n<meta property=\"og:locale\" content=\"az_AZ\" \/>\n<meta property=\"og:type\" content=\"article\" \/>\n<meta property=\"og:title\" content=\"Z\u0259rdabda tibb m\u0259nt\u0259q\u0259si v\u0259 yem emal\u0131 m\u00fc\u0259ssis\u0259si istifad\u0259y\u0259 verildi - FOTOLAR - Z\u0259rdab.com\" \/>\n<meta property=\"og:description\" content=\"Az\u0259rbaycan H\u00f6kum\u0259ti v\u0259 AB\u015e-\u0131n Beyn\u0259lxalq \u0130nki\u015faf Agentliyi t\u0259r\u0259find\u0259n birg\u0259 maliyy\u0259l\u0259\u015fdiril\u0259n &#8220;Sosial-iqtisadi inki\u015faf f\u0259aliyy\u0259ti&#8221; layih\u0259si (SEDA) \u00e7\u0259r\u00e7iv\u0259sind\u0259 Z\u0259rdab rayonunun H\u00fcseynxanl\u0131 icmas\u0131nda yem emal\u0131 m\u00fc\u0259ssis\u0259si v\u0259 \u018flib\u0259yli icmas\u0131nda tibb m\u0259nt\u0259q\u0259si f\u0259aliyy\u0259t\u0259 ba\u015flay\u0131b. Zerdab.com sayt\u0131na veril\u0259n m\u0259lumata g\u00f6r\u0259, bununla \u0259laq\u0259dar \u0130qtisadiyyat Nazirliyinin t\u0259\u015fkilat\u00e7\u0131l\u0131\u011f\u0131 il\u0259 ke\u00e7iril\u0259n t\u0259dbirl\u0259rd\u0259 \u0130qtisadiyyat Nazirliyinin, AB\u015e-\u0131n Beyn\u0259lxalq \u0130nki\u015faf Agentliyinin, yerli icra hakimiyy\u0259tinin n\u00fcmay\u0259nd\u0259l\u0259ri v\u0259 sakinl\u0259r [&hellip;]\" \/>\n<meta property=\"og:url\" content=\"https:\/\/www.zerdab.com\/?p=25513\" \/>\n<meta property=\"og:site_name\" content=\"Z\u0259rdab.com\" \/>\n<meta property=\"article:published_time\" content=\"2017-12-11T12:34:19+00:00\" \/>\n<meta property=\"article:modified_time\" content=\"2017-12-11T12:37:59+00:00\" \/>\n<meta property=\"og:image\" content=\"http:\/\/www.zerdab.com\/wp-content\/uploads\/2017\/12\/Zerdab-rayonu-deyirman-550x413.jpg\" \/>\n<meta name=\"author\" content=\"admin\" \/>\n<meta name=\"twitter:card\" content=\"summary_large_image\" \/>\n<meta name=\"twitter:label1\" content=\"Written by\" \/>\n\t<meta name=\"twitter:data1\" content=\"admin\" \/>\n\t<meta name=\"twitter:label2\" content=\"Est. reading time\" \/>\n\t<meta name=\"twitter:data2\" content=\"3 minutes\" \/>\n<script type=\"application\/ld+json\" class=\"yoast-schema-graph\">{\"@context\":\"https:\/\/schema.org\",\"@graph\":[{\"@type\":\"Article\",\"@id\":\"https:\/\/www.zerdab.com\/?p=25513#article\",\"isPartOf\":{\"@id\":\"https:\/\/www.zerdab.com\/?p=25513\"},\"author\":{\"name\":\"admin\",\"@id\":\"https:\/\/www.zerdab.com\/#\/schema\/person\/97079b7570c1e89ec0d9e138c3672136\"},\"headline\":\"Z\u0259rdabda tibb m\u0259nt\u0259q\u0259si v\u0259 yem emal\u0131 m\u00fc\u0259ssis\u0259si istifad\u0259y\u0259 verildi &#8211; FOTOLAR\",\"datePublished\":\"2017-12-11T12:34:19+00:00\",\"dateModified\":\"2017-12-11T12:37:59+00:00\",\"mainEntityOfPage\":{\"@id\":\"https:\/\/www.zerdab.com\/?p=25513\"},\"wordCount\":623,\"commentCount\":0,\"image\":{\"@id\":\"https:\/\/www.zerdab.com\/?p=25513#primaryimage\"},\"thumbnailUrl\":\"http:\/\/www.zerdab.com\/wp-content\/uploads\/2017\/12\/Zerdab-rayonu-deyirman-550x413.jpg\",\"articleSection\":[\"MAN\u015eET\",\"X\u018fB\u018fRL\u018fR\"],\"inLanguage\":\"az\",\"potentialAction\":[{\"@type\":\"CommentAction\",\"name\":\"Comment\",\"target\":[\"https:\/\/www.zerdab.com\/?p=25513#respond\"]}]},{\"@type\":\"WebPage\",\"@id\":\"https:\/\/www.zerdab.com\/?p=25513\",\"url\":\"https:\/\/www.zerdab.com\/?p=25513\",\"name\":\"Z\u0259rdabda tibb m\u0259nt\u0259q\u0259si v\u0259 yem emal\u0131 m\u00fc\u0259ssis\u0259si istifad\u0259y\u0259 verildi - FOTOLAR - Z\u0259rdab.com\",\"isPartOf\":{\"@id\":\"https:\/\/www.zerdab.com\/#website\"},\"primaryImageOfPage\":{\"@id\":\"https:\/\/www.zerdab.com\/?p=25513#primaryimage\"},\"image\":{\"@id\":\"https:\/\/www.zerdab.com\/?p=25513#primaryimage\"},\"thumbnailUrl\":\"http:\/\/www.zerdab.com\/wp-content\/uploads\/2017\/12\/Zerdab-rayonu-deyirman-550x413.jpg\",\"datePublished\":\"2017-12-11T12:34:19+00:00\",\"dateModified\":\"2017-12-11T12:37:59+00:00\",\"author\":{\"@id\":\"https:\/\/www.zerdab.com\/#\/schema\/person\/97079b7570c1e89ec0d9e138c3672136\"},\"breadcrumb\":{\"@id\":\"https:\/\/www.zerdab.com\/?p=25513#breadcrumb\"},\"inLanguage\":\"az\",\"potentialAction\":[{\"@type\":\"ReadAction\",\"target\":[\"https:\/\/www.zerdab.com\/?p=25513\"]}]},{\"@type\":\"ImageObject\",\"inLanguage\":\"az\",\"@id\":\"https:\/\/www.zerdab.com\/?p=25513#primaryimage\",\"url\":\"\",\"contentUrl\":\"\"},{\"@type\":\"BreadcrumbList\",\"@id\":\"https:\/\/www.zerdab.com\/?p=25513#breadcrumb\",\"itemListElement\":[{\"@type\":\"ListItem\",\"position\":1,\"name\":\"Home\",\"item\":\"https:\/\/www.zerdab.com\/\"},{\"@type\":\"ListItem\",\"position\":2,\"name\":\"Z\u0259rdabda tibb m\u0259nt\u0259q\u0259si v\u0259 yem emal\u0131 m\u00fc\u0259ssis\u0259si istifad\u0259y\u0259 verildi &#8211; FOTOLAR\"}]},{\"@type\":\"WebSite\",\"@id\":\"https:\/\/www.zerdab.com\/#website\",\"url\":\"https:\/\/www.zerdab.com\/\",\"name\":\"Z\u0259rdab.com\",\"description\":\"\",\"potentialAction\":[{\"@type\":\"SearchAction\",\"target\":{\"@type\":\"EntryPoint\",\"urlTemplate\":\"https:\/\/www.zerdab.com\/?s={search_term_string}\"},\"query-input\":{\"@type\":\"PropertyValueSpecification\",\"valueRequired\":true,\"valueName\":\"search_term_string\"}}],\"inLanguage\":\"az\"},{\"@type\":\"Person\",\"@id\":\"https:\/\/www.zerdab.com\/#\/schema\/person\/97079b7570c1e89ec0d9e138c3672136\",\"name\":\"admin\",\"image\":{\"@type\":\"ImageObject\",\"inLanguage\":\"az\",\"@id\":\"https:\/\/www.zerdab.com\/#\/schema\/person\/image\/\",\"url\":\"https:\/\/secure.gravatar.com\/avatar\/d9c52a9a27c32119cb6679a077fa3e2779e5f822c451cbf01098004361d466ec?s=96&d=mm&r=g\",\"contentUrl\":\"https:\/\/secure.gravatar.com\/avatar\/d9c52a9a27c32119cb6679a077fa3e2779e5f822c451cbf01098004361d466ec?s=96&d=mm&r=g\",\"caption\":\"admin\"},\"url\":\"https:\/\/www.zerdab.com\/?author=1\"}]}<\/script>\n<!-- \/ Yoast SEO plugin. -->","yoast_head_json":{"title":"Z\u0259rdabda tibb m\u0259nt\u0259q\u0259si v\u0259 yem emal\u0131 m\u00fc\u0259ssis\u0259si istifad\u0259y\u0259 verildi - FOTOLAR - Z\u0259rdab.com","robots":{"index":"index","follow":"follow","max-snippet":"max-snippet:-1","max-image-preview":"max-image-preview:large","max-video-preview":"max-video-preview:-1"},"canonical":"https:\/\/www.zerdab.com\/?p=25513","og_locale":"az_AZ","og_type":"article","og_title":"Z\u0259rdabda tibb m\u0259nt\u0259q\u0259si v\u0259 yem emal\u0131 m\u00fc\u0259ssis\u0259si istifad\u0259y\u0259 verildi - FOTOLAR - Z\u0259rdab.com","og_description":"Az\u0259rbaycan H\u00f6kum\u0259ti v\u0259 AB\u015e-\u0131n Beyn\u0259lxalq \u0130nki\u015faf Agentliyi t\u0259r\u0259find\u0259n birg\u0259 maliyy\u0259l\u0259\u015fdiril\u0259n &#8220;Sosial-iqtisadi inki\u015faf f\u0259aliyy\u0259ti&#8221; layih\u0259si (SEDA) \u00e7\u0259r\u00e7iv\u0259sind\u0259 Z\u0259rdab rayonunun H\u00fcseynxanl\u0131 icmas\u0131nda yem emal\u0131 m\u00fc\u0259ssis\u0259si v\u0259 \u018flib\u0259yli icmas\u0131nda tibb m\u0259nt\u0259q\u0259si f\u0259aliyy\u0259t\u0259 ba\u015flay\u0131b. Zerdab.com sayt\u0131na veril\u0259n m\u0259lumata g\u00f6r\u0259, bununla \u0259laq\u0259dar \u0130qtisadiyyat Nazirliyinin t\u0259\u015fkilat\u00e7\u0131l\u0131\u011f\u0131 il\u0259 ke\u00e7iril\u0259n t\u0259dbirl\u0259rd\u0259 \u0130qtisadiyyat Nazirliyinin, AB\u015e-\u0131n Beyn\u0259lxalq \u0130nki\u015faf Agentliyinin, yerli icra hakimiyy\u0259tinin n\u00fcmay\u0259nd\u0259l\u0259ri v\u0259 sakinl\u0259r [&hellip;]","og_url":"https:\/\/www.zerdab.com\/?p=25513","og_site_name":"Z\u0259rdab.com","article_published_time":"2017-12-11T12:34:19+00:00","article_modified_time":"2017-12-11T12:37:59+00:00","og_image":[{"url":"http:\/\/www.zerdab.com\/wp-content\/uploads\/2017\/12\/Zerdab-rayonu-deyirman-550x413.jpg","type":"","width":"","height":""}],"author":"admin","twitter_card":"summary_large_image","twitter_misc":{"Written by":"admin","Est. reading time":"3 minutes"},"schema":{"@context":"https:\/\/schema.org","@graph":[{"@type":"Article","@id":"https:\/\/www.zerdab.com\/?p=25513#article","isPartOf":{"@id":"https:\/\/www.zerdab.com\/?p=25513"},"author":{"name":"admin","@id":"https:\/\/www.zerdab.com\/#\/schema\/person\/97079b7570c1e89ec0d9e138c3672136"},"headline":"Z\u0259rdabda tibb m\u0259nt\u0259q\u0259si v\u0259 yem emal\u0131 m\u00fc\u0259ssis\u0259si istifad\u0259y\u0259 verildi &#8211; FOTOLAR","datePublished":"2017-12-11T12:34:19+00:00","dateModified":"2017-12-11T12:37:59+00:00","mainEntityOfPage":{"@id":"https:\/\/www.zerdab.com\/?p=25513"},"wordCount":623,"commentCount":0,"image":{"@id":"https:\/\/www.zerdab.com\/?p=25513#primaryimage"},"thumbnailUrl":"http:\/\/www.zerdab.com\/wp-content\/uploads\/2017\/12\/Zerdab-rayonu-deyirman-550x413.jpg","articleSection":["MAN\u015eET","X\u018fB\u018fRL\u018fR"],"inLanguage":"az","potentialAction":[{"@type":"CommentAction","name":"Comment","target":["https:\/\/www.zerdab.com\/?p=25513#respond"]}]},{"@type":"WebPage","@id":"https:\/\/www.zerdab.com\/?p=25513","url":"https:\/\/www.zerdab.com\/?p=25513","name":"Z\u0259rdabda tibb m\u0259nt\u0259q\u0259si v\u0259 yem emal\u0131 m\u00fc\u0259ssis\u0259si istifad\u0259y\u0259 verildi - FOTOLAR - Z\u0259rdab.com","isPartOf":{"@id":"https:\/\/www.zerdab.com\/#website"},"primaryImageOfPage":{"@id":"https:\/\/www.zerdab.com\/?p=25513#primaryimage"},"image":{"@id":"https:\/\/www.zerdab.com\/?p=25513#primaryimage"},"thumbnailUrl":"http:\/\/www.zerdab.com\/wp-content\/uploads\/2017\/12\/Zerdab-rayonu-deyirman-550x413.jpg","datePublished":"2017-12-11T12:34:19+00:00","dateModified":"2017-12-11T12:37:59+00:00","author":{"@id":"https:\/\/www.zerdab.com\/#\/schema\/person\/97079b7570c1e89ec0d9e138c3672136"},"breadcrumb":{"@id":"https:\/\/www.zerdab.com\/?p=25513#breadcrumb"},"inLanguage":"az","potentialAction":[{"@type":"ReadAction","target":["https:\/\/www.zerdab.com\/?p=25513"]}]},{"@type":"ImageObject","inLanguage":"az","@id":"https:\/\/www.zerdab.com\/?p=25513#primaryimage","url":"","contentUrl":""},{"@type":"BreadcrumbList","@id":"https:\/\/www.zerdab.com\/?p=25513#breadcrumb","itemListElement":[{"@type":"ListItem","position":1,"name":"Home","item":"https:\/\/www.zerdab.com\/"},{"@type":"ListItem","position":2,"name":"Z\u0259rdabda tibb m\u0259nt\u0259q\u0259si v\u0259 yem emal\u0131 m\u00fc\u0259ssis\u0259si istifad\u0259y\u0259 verildi &#8211; FOTOLAR"}]},{"@type":"WebSite","@id":"https:\/\/www.zerdab.com\/#website","url":"https:\/\/www.zerdab.com\/","name":"Z\u0259rdab.com","description":"","potentialAction":[{"@type":"SearchAction","target":{"@type":"EntryPoint","urlTemplate":"https:\/\/www.zerdab.com\/?s={search_term_string}"},"query-input":{"@type":"PropertyValueSpecification","valueRequired":true,"valueName":"search_term_string"}}],"inLanguage":"az"},{"@type":"Person","@id":"https:\/\/www.zerdab.com\/#\/schema\/person\/97079b7570c1e89ec0d9e138c3672136","name":"admin","image":{"@type":"ImageObject","inLanguage":"az","@id":"https:\/\/www.zerdab.com\/#\/schema\/person\/image\/","url":"https:\/\/secure.gravatar.com\/avatar\/d9c52a9a27c32119cb6679a077fa3e2779e5f822c451cbf01098004361d466ec?s=96&d=mm&r=g","contentUrl":"https:\/\/secure.gravatar.com\/avatar\/d9c52a9a27c32119cb6679a077fa3e2779e5f822c451cbf01098004361d466ec?s=96&d=mm&r=g","caption":"admin"},"url":"https:\/\/www.zerdab.com\/?author=1"}]}},"_links":{"self":[{"href":"https:\/\/www.zerdab.com\/index.php?rest_route=\/wp\/v2\/posts\/25513","targetHints":{"allow":["GET"]}}],"collection":[{"href":"https:\/\/www.zerdab.com\/index.php?rest_route=\/wp\/v2\/posts"}],"about":[{"href":"https:\/\/www.zerdab.com\/index.php?rest_route=\/wp\/v2\/types\/post"}],"author":[{"embeddable":true,"href":"https:\/\/www.zerdab.com\/index.php?rest_route=\/wp\/v2\/users\/1"}],"replies":[{"embeddable":true,"href":"https:\/\/www.zerdab.com\/index.php?rest_route=%2Fwp%2Fv2%2Fcomments&post=25513"}],"version-history":[{"count":1,"href":"https:\/\/www.zerdab.com\/index.php?rest_route=\/wp\/v2\/posts\/25513\/revisions"}],"predecessor-version":[{"id":25516,"href":"https:\/\/www.zerdab.com\/index.php?rest_route=\/wp\/v2\/posts\/25513\/revisions\/25516"}],"wp:attachment":[{"href":"https:\/\/www.zerdab.com\/index.php?rest_route=%2Fwp%2Fv2%2Fmedia&parent=25513"}],"wp:term":[{"taxonomy":"category","embeddable":true,"href":"https:\/\/www.zerdab.com\/index.php?rest_route=%2Fwp%2Fv2%2Fcategories&post=25513"},{"taxonomy":"post_tag","embeddable":true,"href":"https:\/\/www.zerdab.com\/index.php?rest_route=%2Fwp%2Fv2%2Ftags&post=25513"}],"curies":[{"name":"wp","href":"https:\/\/api.w.org\/{rel}","templated":true}]}}