{"id":25573,"date":"2018-01-20T15:27:08","date_gmt":"2018-01-20T11:27:08","guid":{"rendered":"http:\/\/www.zerdab.com\/?p=25573"},"modified":"2018-01-20T15:27:08","modified_gmt":"2018-01-20T11:27:08","slug":"z%c9%99rdabda-umumrayon-anim-t%c9%99dbiri-kecirilib","status":"publish","type":"post","link":"https:\/\/www.zerdab.com\/?p=25573","title":{"rendered":"Z\u0259rdabda \u00fcmumrayon an\u0131m t\u0259dbiri ke\u00e7irilib"},"content":{"rendered":"<p>Z\u0259rdabda 20 Yanvar faci\u0259sinin 28-ci ild\u00f6n\u00fcm\u00fc il\u0259 ba\u011fl\u0131 \u00fcmumrayon an\u0131m m\u0259rasimi ke\u00e7irilib.<br \/>\nRayon r\u0259hb\u0259rliyi v\u0259 ictimaiyy\u0259t n\u00fcmay\u0259nd\u0259l\u0259ri \u015e\u0259hidl\u0259rin Xatir\u0259 park\u0131nda abid\u0259 \u00f6n\u00fcn\u0259 g\u00fcll\u0259r qoyublar. <span style=\"color: #ff0000;\"><strong>Zerdab.com<\/strong><\/span> x\u0259b\u0259r verir ki,\u00a0Rayon \u0130cra Hakimiyy\u0259ti ba\u015f\u00e7\u0131s\u0131n\u0131n birinci m\u00fcavini R\u0259hman Feyzullayev an\u0131m m\u0259rasimind\u0259 \u00e7\u0131x\u0131\u015f ed\u0259r\u0259k bildirib ki, 20 Yanvar hadis\u0259l\u0259ri Az\u0259rbaycan\u0131n m\u00fcasir tarixin\u0259 \u0259n faci\u0259li g\u00fcnl\u0259rd\u0259n biri, eyni zamanda xalq\u0131m\u0131z\u0131n q\u0259hr\u0259manl\u0131q s\u0259hif\u0259si kimi daxil olub, xalq\u0131n milli m\u00fcst\u0259qillik, azadl\u0131q u\u011frunda m\u00fcbariz\u0259sinin v\u0259 yenilm\u0259z irad\u0259sinin r\u0259mzin\u0259 \u00e7evrilib. 28 il \u0259vv\u0259l do\u011fma yurdunun, xalq\u0131n\u0131n azadl\u0131\u011f\u0131, \u015f\u0259r\u0259f v\u0259 l\u0259yaq\u0259tini h\u0259r \u015feyd\u0259n uca tutan v\u0259t\u0259np\u0259rv\u0259r Az\u0259rbaycan \u00f6vladlar\u0131 h\u0259min g\u00fcnd\u0259 canlar\u0131ndan ke\u00e7\u0259r\u0259k \u015f\u0259hidlik zirv\u0259sin\u0259 ucal\u0131blar.<br \/>\nQeyd edilib ki, Az\u0259rbaycan\u0131n \u0259razi b\u00fct\u00f6vl\u00fcy\u00fc u\u011frunda d\u00f6y\u00fc\u015fl\u0259rd\u0259 Z\u0259rdab rayonu da \u015f\u0259hidl\u0259r verib, \u00e7ox sayda h\u0259myerlimiz \u0259lil olub. Rayonumuzda da \u015f\u0259hidl\u0259rin xatir\u0259sinin \u0259b\u0259dil\u0259\u015fdirilm\u0259si istiqam\u0259tind\u0259 m\u00fcxt\u0259lif t\u0259dbirl\u0259r g\u00f6r\u00fcl\u00fcb, \u015f\u0259hidl\u0259rimizin ad\u0131 m\u0259kt\u0259b v\u0259 k\u00fc\u00e7\u0259l\u0259r\u0259 verilib, \u015f\u0259h\u0259r m\u0259rk\u0259zind\u0259 \u015e\u0259hidl\u0259rin xatir\u0259 park\u0131 yarad\u0131l\u0131b, b\u00fct\u00fcn t\u0259hsil m\u00fc\u0259ssis\u0259l\u0259rind\u0259 \u015f\u0259hidl\u0259r\u0259 xatir\u0259 abid\u0259si ucald\u0131l\u0131b.<br \/>\nNatiq xalq\u0131m\u0131z\u0131n s\u0259sin\u0259 ilk d\u0259f\u0259 s\u0259s ver\u0259n, d\u0259rdin\u0259 \u015f\u0259rik olan \u00dcmummilli liderimiz Heyd\u0259r \u018fliyevin 20 yanvar\u0131 xalq\u0131m\u0131z\u0131n q\u0259hr\u0259manl\u0131q tarixi adland\u0131rmas\u0131n\u0131 bir daha yada salaraq b\u00fct\u00fcn z\u0259rdabl\u0131lar ad\u0131ndan V\u0259t\u0259n yolunda canlar\u0131ndan ke\u00e7\u0259n \u015f\u0259hidl\u0259rimiz\u0259 Ulu Yaradandan r\u0259hm\u0259t, ail\u0259l\u0259rin\u0259 s\u0259bir dil\u0259yib.<br \/>\nM\u0259rasimd\u0259 kompozisiya n\u00fcmayi\u015f etdirilib.<br \/>\nSaat 12:00-da rayon \u0259razisind\u0259 20 Yanvar \u015f\u0259hidl\u0259rinin xatir\u0259si bir d\u0259qiq\u0259lik s\u00fckutla yad edilib, avtomobill\u0259r vasit\u0259sil\u0259 s\u0259s siqnallar\u0131 verilib.<br \/>\nRayonun idar\u0259, m\u00fc\u0259ssis\u0259 v\u0259 t\u0259\u015fkilatlar\u0131n\u0131n kollektivl\u0259ri \u015e\u0259hidl\u0259rin Xatir\u0259 park\u0131nda ucald\u0131lm\u0131\u015f abid\u0259nin \u00f6n\u00fcn\u0259 t\u0259r g\u00fcll\u0259r qoyublar.<a href=\"http:\/\/www.zerdab.com\/?attachment_id=25577\" rel=\"attachment wp-att-25577\"><img loading=\"lazy\" decoding=\"async\" class=\"aligncenter size-large wp-image-25577\" src=\"http:\/\/www.zerdab.com\/wp-content\/uploads\/2018\/01\/zerdab-13-550x365.jpg\" alt=\"Z\u0259rdab-\u015f\u0259hid\" width=\"550\" height=\"365\" \/><\/a><\/p>\n<p><a href=\"http:\/\/www.zerdab.com\/?attachment_id=25575\" rel=\"attachment wp-att-25575\"><img loading=\"lazy\" decoding=\"async\" class=\"aligncenter size-large wp-image-25575\" src=\"http:\/\/www.zerdab.com\/wp-content\/uploads\/2018\/01\/zerdab-1-550x365.jpg\" alt=\"Z\u0259rdab-\u015f\u0259hid\" width=\"550\" height=\"365\" \/><\/a><a href=\"http:\/\/www.zerdab.com\/?attachment_id=25576\" rel=\"attachment wp-att-25576\"><img loading=\"lazy\" decoding=\"async\" class=\"aligncenter size-large wp-image-25576\" src=\"http:\/\/www.zerdab.com\/wp-content\/uploads\/2018\/01\/zerdab-11-550x365.jpg\" alt=\"Z\u0259rdab-\u015f\u0259hid\" width=\"550\" height=\"365\" \/><\/a><a href=\"http:\/\/www.zerdab.com\/?attachment_id=25578\" rel=\"attachment wp-att-25578\"><img loading=\"lazy\" decoding=\"async\" class=\"aligncenter size-large wp-image-25578\" src=\"http:\/\/www.zerdab.com\/wp-content\/uploads\/2018\/01\/zerdab-14-550x365.jpg\" alt=\"Z\u0259rdab-\u015f\u0259hid\" width=\"550\" height=\"365\" \/><\/a><\/p>\n","protected":false},"excerpt":{"rendered":"<p>Z\u0259rdabda 20 Yanvar faci\u0259sinin 28-ci ild\u00f6n\u00fcm\u00fc il\u0259 ba\u011fl\u0131 \u00fcmumrayon an\u0131m m\u0259rasimi ke\u00e7irilib. Rayon r\u0259hb\u0259rliyi v\u0259 ictimaiyy\u0259t n\u00fcmay\u0259nd\u0259l\u0259ri \u015e\u0259hidl\u0259rin Xatir\u0259 park\u0131nda abid\u0259 \u00f6n\u00fcn\u0259 g\u00fcll\u0259r qoyublar. Zerdab.com x\u0259b\u0259r verir ki,\u00a0Rayon \u0130cra Hakimiyy\u0259ti ba\u015f\u00e7\u0131s\u0131n\u0131n birinci m\u00fcavini R\u0259hman Feyzullayev an\u0131m m\u0259rasimind\u0259 \u00e7\u0131x\u0131\u015f ed\u0259r\u0259k bildirib ki, 20 Yanvar hadis\u0259l\u0259ri Az\u0259rbaycan\u0131n m\u00fcasir tarixin\u0259 \u0259n faci\u0259li g\u00fcnl\u0259rd\u0259n biri, eyni zamanda xalq\u0131m\u0131z\u0131n q\u0259hr\u0259manl\u0131q [&hellip;]<\/p>\n","protected":false},"author":1,"featured_media":0,"comment_status":"open","ping_status":"open","sticky":false,"template":"","format":"standard","meta":{"footnotes":""},"categories":[21,63],"tags":[],"class_list":{"0":"post-25573","1":"post","2":"type-post","3":"status-publish","4":"format-standard","6":"category-zrdab","7":"category-manset"},"yoast_head":"<!-- This site is optimized with the Yoast SEO plugin v27.0 - https:\/\/yoast.com\/product\/yoast-seo-wordpress\/ -->\n<title>Z\u0259rdabda \u00fcmumrayon an\u0131m t\u0259dbiri ke\u00e7irilib - Z\u0259rdab.com<\/title>\n<meta name=\"robots\" content=\"index, follow, max-snippet:-1, max-image-preview:large, max-video-preview:-1\" \/>\n<link rel=\"canonical\" href=\"https:\/\/www.zerdab.com\/?p=25573\" \/>\n<meta property=\"og:locale\" content=\"az_AZ\" \/>\n<meta property=\"og:type\" content=\"article\" \/>\n<meta property=\"og:title\" content=\"Z\u0259rdabda \u00fcmumrayon an\u0131m t\u0259dbiri ke\u00e7irilib - Z\u0259rdab.com\" \/>\n<meta property=\"og:description\" content=\"Z\u0259rdabda 20 Yanvar faci\u0259sinin 28-ci ild\u00f6n\u00fcm\u00fc il\u0259 ba\u011fl\u0131 \u00fcmumrayon an\u0131m m\u0259rasimi ke\u00e7irilib. Rayon r\u0259hb\u0259rliyi v\u0259 ictimaiyy\u0259t n\u00fcmay\u0259nd\u0259l\u0259ri \u015e\u0259hidl\u0259rin Xatir\u0259 park\u0131nda abid\u0259 \u00f6n\u00fcn\u0259 g\u00fcll\u0259r qoyublar. Zerdab.com x\u0259b\u0259r verir ki,\u00a0Rayon \u0130cra Hakimiyy\u0259ti ba\u015f\u00e7\u0131s\u0131n\u0131n birinci m\u00fcavini R\u0259hman Feyzullayev an\u0131m m\u0259rasimind\u0259 \u00e7\u0131x\u0131\u015f ed\u0259r\u0259k bildirib ki, 20 Yanvar hadis\u0259l\u0259ri Az\u0259rbaycan\u0131n m\u00fcasir tarixin\u0259 \u0259n faci\u0259li g\u00fcnl\u0259rd\u0259n biri, eyni zamanda xalq\u0131m\u0131z\u0131n q\u0259hr\u0259manl\u0131q [&hellip;]\" \/>\n<meta property=\"og:url\" content=\"https:\/\/www.zerdab.com\/?p=25573\" \/>\n<meta property=\"og:site_name\" content=\"Z\u0259rdab.com\" \/>\n<meta property=\"article:published_time\" content=\"2018-01-20T11:27:08+00:00\" \/>\n<meta property=\"og:image\" content=\"http:\/\/www.zerdab.com\/wp-content\/uploads\/2018\/01\/zerdab-13-550x365.jpg\" \/>\n<meta name=\"author\" content=\"admin\" \/>\n<meta name=\"twitter:card\" content=\"summary_large_image\" \/>\n<meta name=\"twitter:label1\" content=\"Written by\" \/>\n\t<meta name=\"twitter:data1\" content=\"admin\" \/>\n\t<meta name=\"twitter:label2\" content=\"Est. reading time\" \/>\n\t<meta name=\"twitter:data2\" content=\"2 minutes\" \/>\n<script type=\"application\/ld+json\" class=\"yoast-schema-graph\">{\"@context\":\"https:\/\/schema.org\",\"@graph\":[{\"@type\":\"Article\",\"@id\":\"https:\/\/www.zerdab.com\/?p=25573#article\",\"isPartOf\":{\"@id\":\"https:\/\/www.zerdab.com\/?p=25573\"},\"author\":{\"name\":\"admin\",\"@id\":\"https:\/\/www.zerdab.com\/#\/schema\/person\/97079b7570c1e89ec0d9e138c3672136\"},\"headline\":\"Z\u0259rdabda \u00fcmumrayon an\u0131m t\u0259dbiri ke\u00e7irilib\",\"datePublished\":\"2018-01-20T11:27:08+00:00\",\"mainEntityOfPage\":{\"@id\":\"https:\/\/www.zerdab.com\/?p=25573\"},\"wordCount\":403,\"commentCount\":0,\"image\":{\"@id\":\"https:\/\/www.zerdab.com\/?p=25573#primaryimage\"},\"thumbnailUrl\":\"http:\/\/www.zerdab.com\/wp-content\/uploads\/2018\/01\/zerdab-13-550x365.jpg\",\"articleSection\":[\"C\u018fM\u0130YY\u018fT\",\"MAN\u015eET\"],\"inLanguage\":\"az\",\"potentialAction\":[{\"@type\":\"CommentAction\",\"name\":\"Comment\",\"target\":[\"https:\/\/www.zerdab.com\/?p=25573#respond\"]}]},{\"@type\":\"WebPage\",\"@id\":\"https:\/\/www.zerdab.com\/?p=25573\",\"url\":\"https:\/\/www.zerdab.com\/?p=25573\",\"name\":\"Z\u0259rdabda \u00fcmumrayon an\u0131m t\u0259dbiri ke\u00e7irilib - Z\u0259rdab.com\",\"isPartOf\":{\"@id\":\"https:\/\/www.zerdab.com\/#website\"},\"primaryImageOfPage\":{\"@id\":\"https:\/\/www.zerdab.com\/?p=25573#primaryimage\"},\"image\":{\"@id\":\"https:\/\/www.zerdab.com\/?p=25573#primaryimage\"},\"thumbnailUrl\":\"http:\/\/www.zerdab.com\/wp-content\/uploads\/2018\/01\/zerdab-13-550x365.jpg\",\"datePublished\":\"2018-01-20T11:27:08+00:00\",\"author\":{\"@id\":\"https:\/\/www.zerdab.com\/#\/schema\/person\/97079b7570c1e89ec0d9e138c3672136\"},\"breadcrumb\":{\"@id\":\"https:\/\/www.zerdab.com\/?p=25573#breadcrumb\"},\"inLanguage\":\"az\",\"potentialAction\":[{\"@type\":\"ReadAction\",\"target\":[\"https:\/\/www.zerdab.com\/?p=25573\"]}]},{\"@type\":\"ImageObject\",\"inLanguage\":\"az\",\"@id\":\"https:\/\/www.zerdab.com\/?p=25573#primaryimage\",\"url\":\"\",\"contentUrl\":\"\"},{\"@type\":\"BreadcrumbList\",\"@id\":\"https:\/\/www.zerdab.com\/?p=25573#breadcrumb\",\"itemListElement\":[{\"@type\":\"ListItem\",\"position\":1,\"name\":\"Home\",\"item\":\"https:\/\/www.zerdab.com\/\"},{\"@type\":\"ListItem\",\"position\":2,\"name\":\"Z\u0259rdabda \u00fcmumrayon an\u0131m t\u0259dbiri ke\u00e7irilib\"}]},{\"@type\":\"WebSite\",\"@id\":\"https:\/\/www.zerdab.com\/#website\",\"url\":\"https:\/\/www.zerdab.com\/\",\"name\":\"Z\u0259rdab.com\",\"description\":\"\",\"potentialAction\":[{\"@type\":\"SearchAction\",\"target\":{\"@type\":\"EntryPoint\",\"urlTemplate\":\"https:\/\/www.zerdab.com\/?s={search_term_string}\"},\"query-input\":{\"@type\":\"PropertyValueSpecification\",\"valueRequired\":true,\"valueName\":\"search_term_string\"}}],\"inLanguage\":\"az\"},{\"@type\":\"Person\",\"@id\":\"https:\/\/www.zerdab.com\/#\/schema\/person\/97079b7570c1e89ec0d9e138c3672136\",\"name\":\"admin\",\"image\":{\"@type\":\"ImageObject\",\"inLanguage\":\"az\",\"@id\":\"https:\/\/www.zerdab.com\/#\/schema\/person\/image\/\",\"url\":\"https:\/\/secure.gravatar.com\/avatar\/d9c52a9a27c32119cb6679a077fa3e2779e5f822c451cbf01098004361d466ec?s=96&d=mm&r=g\",\"contentUrl\":\"https:\/\/secure.gravatar.com\/avatar\/d9c52a9a27c32119cb6679a077fa3e2779e5f822c451cbf01098004361d466ec?s=96&d=mm&r=g\",\"caption\":\"admin\"},\"url\":\"https:\/\/www.zerdab.com\/?author=1\"}]}<\/script>\n<!-- \/ Yoast SEO plugin. -->","yoast_head_json":{"title":"Z\u0259rdabda \u00fcmumrayon an\u0131m t\u0259dbiri ke\u00e7irilib - Z\u0259rdab.com","robots":{"index":"index","follow":"follow","max-snippet":"max-snippet:-1","max-image-preview":"max-image-preview:large","max-video-preview":"max-video-preview:-1"},"canonical":"https:\/\/www.zerdab.com\/?p=25573","og_locale":"az_AZ","og_type":"article","og_title":"Z\u0259rdabda \u00fcmumrayon an\u0131m t\u0259dbiri ke\u00e7irilib - Z\u0259rdab.com","og_description":"Z\u0259rdabda 20 Yanvar faci\u0259sinin 28-ci ild\u00f6n\u00fcm\u00fc il\u0259 ba\u011fl\u0131 \u00fcmumrayon an\u0131m m\u0259rasimi ke\u00e7irilib. Rayon r\u0259hb\u0259rliyi v\u0259 ictimaiyy\u0259t n\u00fcmay\u0259nd\u0259l\u0259ri \u015e\u0259hidl\u0259rin Xatir\u0259 park\u0131nda abid\u0259 \u00f6n\u00fcn\u0259 g\u00fcll\u0259r qoyublar. Zerdab.com x\u0259b\u0259r verir ki,\u00a0Rayon \u0130cra Hakimiyy\u0259ti ba\u015f\u00e7\u0131s\u0131n\u0131n birinci m\u00fcavini R\u0259hman Feyzullayev an\u0131m m\u0259rasimind\u0259 \u00e7\u0131x\u0131\u015f ed\u0259r\u0259k bildirib ki, 20 Yanvar hadis\u0259l\u0259ri Az\u0259rbaycan\u0131n m\u00fcasir tarixin\u0259 \u0259n faci\u0259li g\u00fcnl\u0259rd\u0259n biri, eyni zamanda xalq\u0131m\u0131z\u0131n q\u0259hr\u0259manl\u0131q [&hellip;]","og_url":"https:\/\/www.zerdab.com\/?p=25573","og_site_name":"Z\u0259rdab.com","article_published_time":"2018-01-20T11:27:08+00:00","og_image":[{"url":"http:\/\/www.zerdab.com\/wp-content\/uploads\/2018\/01\/zerdab-13-550x365.jpg","type":"","width":"","height":""}],"author":"admin","twitter_card":"summary_large_image","twitter_misc":{"Written by":"admin","Est. reading time":"2 minutes"},"schema":{"@context":"https:\/\/schema.org","@graph":[{"@type":"Article","@id":"https:\/\/www.zerdab.com\/?p=25573#article","isPartOf":{"@id":"https:\/\/www.zerdab.com\/?p=25573"},"author":{"name":"admin","@id":"https:\/\/www.zerdab.com\/#\/schema\/person\/97079b7570c1e89ec0d9e138c3672136"},"headline":"Z\u0259rdabda \u00fcmumrayon an\u0131m t\u0259dbiri ke\u00e7irilib","datePublished":"2018-01-20T11:27:08+00:00","mainEntityOfPage":{"@id":"https:\/\/www.zerdab.com\/?p=25573"},"wordCount":403,"commentCount":0,"image":{"@id":"https:\/\/www.zerdab.com\/?p=25573#primaryimage"},"thumbnailUrl":"http:\/\/www.zerdab.com\/wp-content\/uploads\/2018\/01\/zerdab-13-550x365.jpg","articleSection":["C\u018fM\u0130YY\u018fT","MAN\u015eET"],"inLanguage":"az","potentialAction":[{"@type":"CommentAction","name":"Comment","target":["https:\/\/www.zerdab.com\/?p=25573#respond"]}]},{"@type":"WebPage","@id":"https:\/\/www.zerdab.com\/?p=25573","url":"https:\/\/www.zerdab.com\/?p=25573","name":"Z\u0259rdabda \u00fcmumrayon an\u0131m t\u0259dbiri ke\u00e7irilib - Z\u0259rdab.com","isPartOf":{"@id":"https:\/\/www.zerdab.com\/#website"},"primaryImageOfPage":{"@id":"https:\/\/www.zerdab.com\/?p=25573#primaryimage"},"image":{"@id":"https:\/\/www.zerdab.com\/?p=25573#primaryimage"},"thumbnailUrl":"http:\/\/www.zerdab.com\/wp-content\/uploads\/2018\/01\/zerdab-13-550x365.jpg","datePublished":"2018-01-20T11:27:08+00:00","author":{"@id":"https:\/\/www.zerdab.com\/#\/schema\/person\/97079b7570c1e89ec0d9e138c3672136"},"breadcrumb":{"@id":"https:\/\/www.zerdab.com\/?p=25573#breadcrumb"},"inLanguage":"az","potentialAction":[{"@type":"ReadAction","target":["https:\/\/www.zerdab.com\/?p=25573"]}]},{"@type":"ImageObject","inLanguage":"az","@id":"https:\/\/www.zerdab.com\/?p=25573#primaryimage","url":"","contentUrl":""},{"@type":"BreadcrumbList","@id":"https:\/\/www.zerdab.com\/?p=25573#breadcrumb","itemListElement":[{"@type":"ListItem","position":1,"name":"Home","item":"https:\/\/www.zerdab.com\/"},{"@type":"ListItem","position":2,"name":"Z\u0259rdabda \u00fcmumrayon an\u0131m t\u0259dbiri ke\u00e7irilib"}]},{"@type":"WebSite","@id":"https:\/\/www.zerdab.com\/#website","url":"https:\/\/www.zerdab.com\/","name":"Z\u0259rdab.com","description":"","potentialAction":[{"@type":"SearchAction","target":{"@type":"EntryPoint","urlTemplate":"https:\/\/www.zerdab.com\/?s={search_term_string}"},"query-input":{"@type":"PropertyValueSpecification","valueRequired":true,"valueName":"search_term_string"}}],"inLanguage":"az"},{"@type":"Person","@id":"https:\/\/www.zerdab.com\/#\/schema\/person\/97079b7570c1e89ec0d9e138c3672136","name":"admin","image":{"@type":"ImageObject","inLanguage":"az","@id":"https:\/\/www.zerdab.com\/#\/schema\/person\/image\/","url":"https:\/\/secure.gravatar.com\/avatar\/d9c52a9a27c32119cb6679a077fa3e2779e5f822c451cbf01098004361d466ec?s=96&d=mm&r=g","contentUrl":"https:\/\/secure.gravatar.com\/avatar\/d9c52a9a27c32119cb6679a077fa3e2779e5f822c451cbf01098004361d466ec?s=96&d=mm&r=g","caption":"admin"},"url":"https:\/\/www.zerdab.com\/?author=1"}]}},"_links":{"self":[{"href":"https:\/\/www.zerdab.com\/index.php?rest_route=\/wp\/v2\/posts\/25573","targetHints":{"allow":["GET"]}}],"collection":[{"href":"https:\/\/www.zerdab.com\/index.php?rest_route=\/wp\/v2\/posts"}],"about":[{"href":"https:\/\/www.zerdab.com\/index.php?rest_route=\/wp\/v2\/types\/post"}],"author":[{"embeddable":true,"href":"https:\/\/www.zerdab.com\/index.php?rest_route=\/wp\/v2\/users\/1"}],"replies":[{"embeddable":true,"href":"https:\/\/www.zerdab.com\/index.php?rest_route=%2Fwp%2Fv2%2Fcomments&post=25573"}],"version-history":[{"count":1,"href":"https:\/\/www.zerdab.com\/index.php?rest_route=\/wp\/v2\/posts\/25573\/revisions"}],"predecessor-version":[{"id":25579,"href":"https:\/\/www.zerdab.com\/index.php?rest_route=\/wp\/v2\/posts\/25573\/revisions\/25579"}],"wp:attachment":[{"href":"https:\/\/www.zerdab.com\/index.php?rest_route=%2Fwp%2Fv2%2Fmedia&parent=25573"}],"wp:term":[{"taxonomy":"category","embeddable":true,"href":"https:\/\/www.zerdab.com\/index.php?rest_route=%2Fwp%2Fv2%2Fcategories&post=25573"},{"taxonomy":"post_tag","embeddable":true,"href":"https:\/\/www.zerdab.com\/index.php?rest_route=%2Fwp%2Fv2%2Ftags&post=25573"}],"curies":[{"name":"wp","href":"https:\/\/api.w.org\/{rel}","templated":true}]}}