{"id":25638,"date":"2018-02-24T12:23:21","date_gmt":"2018-02-24T08:23:21","guid":{"rendered":"http:\/\/www.zerdab.com\/?p=25638"},"modified":"2018-02-24T12:45:22","modified_gmt":"2018-02-24T08:45:22","slug":"h%c9%99s%c9%99n-b%c9%99y-z%c9%99rdabi-muzeyind%c9%99-xocali-qurbanlari-anilib","status":"publish","type":"post","link":"https:\/\/www.zerdab.com\/?p=25638","title":{"rendered":"H\u0259s\u0259n b\u0259y Z\u0259rdabi Muzeyind\u0259 Xocal\u0131 qurbanlar\u0131 an\u0131l\u0131b"},"content":{"rendered":"<p>H\u0259s\u0259n b\u0259y Z\u0259rdabi Muzeyind\u0259 Xocal\u0131 faci\u0259sinin 26-c\u0131 ild\u00f6n\u00fcm\u00fc il\u0259 \u0259laq\u0259dar &#8220;Yaral\u0131 Az\u0259rbaycana da\u015fan qan g\u00f6l\u00fc&#8221; adl\u0131 t\u0259dbir t\u0259\u015fkil edilib. <span style=\"color: #ff0000;\"><strong>Zerdab.com<\/strong><\/span> sayt\u0131 x\u0259b\u0259r verir ki, t\u0259dbird\u0259 \u00f6nc\u0259 Xocal\u0131 faci\u0259si qurbanlar\u0131n\u0131n ruhu bir d\u0259qiq\u0259lik s\u00fckutla yad olunub. T\u0259dbiri giri\u015f s\u00f6z\u00fc il\u0259 H. B. Z\u0259rdabi Muzeyinin direktoru V\u0259fa Bayramova a\u00e7araq qeyd edib ki, Xocal\u0131 soyq\u0131r\u0131m\u0131 &#8211; xalq\u0131m\u0131z\u0131n qan yadda\u015f\u0131n\u0131n \u0259n d\u0259h\u015f\u0259tli s\u0259hif\u0259sidir. Xocal\u0131 soyq\u0131r\u0131m\u0131n\u0131n t\u00f6r\u0259dilm\u0259sind\u0259n 26 il ke\u00e7ir: &#8220;Misli g\u00f6r\u00fcnm\u0259mi\u015f v\u0259h\u015filikl\u0259 h\u0259yata ke\u00e7iril\u0259n bu soyq\u0131r\u0131m\u0131 XX \u0259srin \u0259n d\u0259h\u015f\u0259tli faci\u0259l\u0259rind\u0259n biridir&#8221;.<\/p>\n<p>T\u0259dbird\u0259 muzeyin \u0259m\u0259kda\u015flar\u0131 T. Qurbanovan\u0131n, L. Eldarzad\u0259nin, L. \u018fliyevan\u0131n Xocal\u0131 faci\u0259si il\u0259 ba\u011fl\u0131 \u00e7\u0131x\u0131\u015flar\u0131, M\u00fcbariz Umarovun Xocal\u0131 faci\u0259sin\u0259 h\u0259sr etdiyi \u015feiri dinl\u0259nilib. Qonaqlardan \u018f. \u018fliyev, E. M\u0259mm\u0259dova, T. X\u0259lilov v\u0259 ba\u015fqalar\u0131 \u00e7\u0131x\u0131\u015f edibl\u0259r. Sonda t\u0259dbir i\u015ftirak\u00e7\u0131lar\u0131 H\u0259s\u0259n B\u0259y Z\u0259rdabi muzeyind\u0259 Xocal\u0131 faci\u0259sin\u0259 h\u0259sr edilmi\u015f s\u0259rgi il\u0259 tan\u0131\u015f olublar.<a href=\"http:\/\/www.zerdab.com\/?attachment_id=25654\" rel=\"attachment wp-att-25654\"><img loading=\"lazy\" decoding=\"async\" class=\"aligncenter size-large wp-image-25654\" src=\"http:\/\/www.zerdab.com\/wp-content\/uploads\/2018\/02\/Hesen-bey-Zerdabi-Muzeyi-Zerdab8-550x413.jpg\" alt=\"\" width=\"550\" height=\"413\" \/><\/a><\/p>\n<p><a href=\"http:\/\/www.zerdab.com\/?attachment_id=25642\" rel=\"attachment wp-att-25642\"><img loading=\"lazy\" decoding=\"async\" class=\"aligncenter size-large wp-image-25642\" src=\"http:\/\/www.zerdab.com\/wp-content\/uploads\/2018\/02\/Hesen-bey-Zerdabi-Muzeyi-Zerdab1-550x413.jpg\" alt=\"Hesen bey Zerdabi Muzeyi - Zerdab1\" width=\"550\" height=\"413\" \/><\/a><\/p>\n<p><a href=\"http:\/\/www.zerdab.com\/?attachment_id=25644\" rel=\"attachment wp-att-25644\"><img loading=\"lazy\" decoding=\"async\" class=\"aligncenter size-large wp-image-25644\" src=\"http:\/\/www.zerdab.com\/wp-content\/uploads\/2018\/02\/Hesen-bey-Zerdabi-Muzeyi-Zerdab2-550x413.jpg\" alt=\"Hesen bey Zerdabi Muzeyi - Zerdab2\" width=\"550\" height=\"413\" \/><\/a><a href=\"http:\/\/www.zerdab.com\/?attachment_id=25646\" rel=\"attachment wp-att-25646\"><img loading=\"lazy\" decoding=\"async\" class=\"aligncenter size-large wp-image-25646\" src=\"http:\/\/www.zerdab.com\/wp-content\/uploads\/2018\/02\/Hesen-bey-Zerdabi-Muzeyi-Zerdab3-550x413.jpg\" alt=\"\" width=\"550\" height=\"413\" \/><\/a><a href=\"http:\/\/www.zerdab.com\/?attachment_id=25650\" rel=\"attachment wp-att-25650\"><img loading=\"lazy\" decoding=\"async\" class=\"aligncenter size-large wp-image-25650\" src=\"http:\/\/www.zerdab.com\/wp-content\/uploads\/2018\/02\/Hesen-bey-Zerdabi-Muzeyi-Zerdab5-550x413.jpg\" alt=\"Hesen bey Zerdabi Muzeyi - Zerdab\" width=\"550\" height=\"413\" \/><\/a><a href=\"http:\/\/www.zerdab.com\/?attachment_id=25652\" rel=\"attachment wp-att-25652\"><img loading=\"lazy\" decoding=\"async\" class=\"aligncenter size-large wp-image-25652\" src=\"http:\/\/www.zerdab.com\/wp-content\/uploads\/2018\/02\/Hesen-bey-Zerdabi-Muzeyi-Zerdab7-550x413.jpg\" alt=\"\" width=\"550\" height=\"413\" \/><\/a><a href=\"http:\/\/www.zerdab.com\/?attachment_id=25651\" rel=\"attachment wp-att-25651\"><img loading=\"lazy\" decoding=\"async\" class=\"aligncenter size-large wp-image-25651\" src=\"http:\/\/www.zerdab.com\/wp-content\/uploads\/2018\/02\/Hesen-bey-Zerdabi-Muzeyi-Zerdab6-550x413.jpg\" alt=\"\" width=\"550\" height=\"413\" \/><\/a><a href=\"http:\/\/www.zerdab.com\/?attachment_id=25648\" rel=\"attachment wp-att-25648\"><img loading=\"lazy\" decoding=\"async\" class=\"aligncenter size-large wp-image-25648\" src=\"http:\/\/www.zerdab.com\/wp-content\/uploads\/2018\/02\/Hesen-bey-Zerdabi-Muzeyi-Zerdab4-550x413.jpg\" alt=\"Hesen bey Zerdabi Muzeyi - Zerdab\" width=\"550\" height=\"413\" \/><\/a><\/p>\n","protected":false},"excerpt":{"rendered":"<p>H\u0259s\u0259n b\u0259y Z\u0259rdabi Muzeyind\u0259 Xocal\u0131 faci\u0259sinin 26-c\u0131 ild\u00f6n\u00fcm\u00fc il\u0259 \u0259laq\u0259dar &#8220;Yaral\u0131 Az\u0259rbaycana da\u015fan qan g\u00f6l\u00fc&#8221; adl\u0131 t\u0259dbir t\u0259\u015fkil edilib. Zerdab.com sayt\u0131 x\u0259b\u0259r verir ki, t\u0259dbird\u0259 \u00f6nc\u0259 Xocal\u0131 faci\u0259si qurbanlar\u0131n\u0131n ruhu bir d\u0259qiq\u0259lik s\u00fckutla yad olunub. T\u0259dbiri giri\u015f s\u00f6z\u00fc il\u0259 H. B. Z\u0259rdabi Muzeyinin direktoru V\u0259fa Bayramova a\u00e7araq qeyd edib ki, Xocal\u0131 soyq\u0131r\u0131m\u0131 &#8211; xalq\u0131m\u0131z\u0131n qan [&hellip;]<\/p>\n","protected":false},"author":1,"featured_media":0,"comment_status":"open","ping_status":"open","sticky":false,"template":"","format":"standard","meta":{"footnotes":""},"categories":[63,5],"tags":[],"class_list":{"0":"post-25638","1":"post","2":"type-post","3":"status-publish","4":"format-standard","6":"category-manset","7":"category-knd"},"yoast_head":"<!-- This site is optimized with the Yoast SEO plugin v27.0 - https:\/\/yoast.com\/product\/yoast-seo-wordpress\/ -->\n<title>H\u0259s\u0259n b\u0259y Z\u0259rdabi Muzeyind\u0259 Xocal\u0131 qurbanlar\u0131 an\u0131l\u0131b - Z\u0259rdab.com<\/title>\n<meta name=\"robots\" content=\"index, follow, max-snippet:-1, max-image-preview:large, max-video-preview:-1\" \/>\n<link rel=\"canonical\" href=\"https:\/\/www.zerdab.com\/?p=25638\" \/>\n<meta property=\"og:locale\" content=\"az_AZ\" \/>\n<meta property=\"og:type\" content=\"article\" \/>\n<meta property=\"og:title\" content=\"H\u0259s\u0259n b\u0259y Z\u0259rdabi Muzeyind\u0259 Xocal\u0131 qurbanlar\u0131 an\u0131l\u0131b - Z\u0259rdab.com\" \/>\n<meta property=\"og:description\" content=\"H\u0259s\u0259n b\u0259y Z\u0259rdabi Muzeyind\u0259 Xocal\u0131 faci\u0259sinin 26-c\u0131 ild\u00f6n\u00fcm\u00fc il\u0259 \u0259laq\u0259dar &#8220;Yaral\u0131 Az\u0259rbaycana da\u015fan qan g\u00f6l\u00fc&#8221; adl\u0131 t\u0259dbir t\u0259\u015fkil edilib. Zerdab.com sayt\u0131 x\u0259b\u0259r verir ki, t\u0259dbird\u0259 \u00f6nc\u0259 Xocal\u0131 faci\u0259si qurbanlar\u0131n\u0131n ruhu bir d\u0259qiq\u0259lik s\u00fckutla yad olunub. T\u0259dbiri giri\u015f s\u00f6z\u00fc il\u0259 H. B. Z\u0259rdabi Muzeyinin direktoru V\u0259fa Bayramova a\u00e7araq qeyd edib ki, Xocal\u0131 soyq\u0131r\u0131m\u0131 &#8211; xalq\u0131m\u0131z\u0131n qan [&hellip;]\" \/>\n<meta property=\"og:url\" content=\"https:\/\/www.zerdab.com\/?p=25638\" \/>\n<meta property=\"og:site_name\" content=\"Z\u0259rdab.com\" \/>\n<meta property=\"article:published_time\" content=\"2018-02-24T08:23:21+00:00\" \/>\n<meta property=\"article:modified_time\" content=\"2018-02-24T08:45:22+00:00\" \/>\n<meta property=\"og:image\" content=\"http:\/\/www.zerdab.com\/wp-content\/uploads\/2018\/02\/Hesen-bey-Zerdabi-Muzeyi-Zerdab8-550x413.jpg\" \/>\n<meta name=\"author\" content=\"admin\" \/>\n<meta name=\"twitter:card\" content=\"summary_large_image\" \/>\n<meta name=\"twitter:label1\" content=\"Written by\" \/>\n\t<meta name=\"twitter:data1\" content=\"admin\" \/>\n\t<meta name=\"twitter:label2\" content=\"Est. reading time\" \/>\n\t<meta name=\"twitter:data2\" content=\"1 minute\" \/>\n<script type=\"application\/ld+json\" class=\"yoast-schema-graph\">{\"@context\":\"https:\/\/schema.org\",\"@graph\":[{\"@type\":\"Article\",\"@id\":\"https:\/\/www.zerdab.com\/?p=25638#article\",\"isPartOf\":{\"@id\":\"https:\/\/www.zerdab.com\/?p=25638\"},\"author\":{\"name\":\"admin\",\"@id\":\"https:\/\/www.zerdab.com\/#\/schema\/person\/97079b7570c1e89ec0d9e138c3672136\"},\"headline\":\"H\u0259s\u0259n b\u0259y Z\u0259rdabi Muzeyind\u0259 Xocal\u0131 qurbanlar\u0131 an\u0131l\u0131b\",\"datePublished\":\"2018-02-24T08:23:21+00:00\",\"dateModified\":\"2018-02-24T08:45:22+00:00\",\"mainEntityOfPage\":{\"@id\":\"https:\/\/www.zerdab.com\/?p=25638\"},\"wordCount\":228,\"commentCount\":0,\"image\":{\"@id\":\"https:\/\/www.zerdab.com\/?p=25638#primaryimage\"},\"thumbnailUrl\":\"http:\/\/www.zerdab.com\/wp-content\/uploads\/2018\/02\/Hesen-bey-Zerdabi-Muzeyi-Zerdab8-550x413.jpg\",\"articleSection\":[\"MAN\u015eET\",\"X\u018fB\u018fRL\u018fR\"],\"inLanguage\":\"az\",\"potentialAction\":[{\"@type\":\"CommentAction\",\"name\":\"Comment\",\"target\":[\"https:\/\/www.zerdab.com\/?p=25638#respond\"]}]},{\"@type\":\"WebPage\",\"@id\":\"https:\/\/www.zerdab.com\/?p=25638\",\"url\":\"https:\/\/www.zerdab.com\/?p=25638\",\"name\":\"H\u0259s\u0259n b\u0259y Z\u0259rdabi Muzeyind\u0259 Xocal\u0131 qurbanlar\u0131 an\u0131l\u0131b - Z\u0259rdab.com\",\"isPartOf\":{\"@id\":\"https:\/\/www.zerdab.com\/#website\"},\"primaryImageOfPage\":{\"@id\":\"https:\/\/www.zerdab.com\/?p=25638#primaryimage\"},\"image\":{\"@id\":\"https:\/\/www.zerdab.com\/?p=25638#primaryimage\"},\"thumbnailUrl\":\"http:\/\/www.zerdab.com\/wp-content\/uploads\/2018\/02\/Hesen-bey-Zerdabi-Muzeyi-Zerdab8-550x413.jpg\",\"datePublished\":\"2018-02-24T08:23:21+00:00\",\"dateModified\":\"2018-02-24T08:45:22+00:00\",\"author\":{\"@id\":\"https:\/\/www.zerdab.com\/#\/schema\/person\/97079b7570c1e89ec0d9e138c3672136\"},\"breadcrumb\":{\"@id\":\"https:\/\/www.zerdab.com\/?p=25638#breadcrumb\"},\"inLanguage\":\"az\",\"potentialAction\":[{\"@type\":\"ReadAction\",\"target\":[\"https:\/\/www.zerdab.com\/?p=25638\"]}]},{\"@type\":\"ImageObject\",\"inLanguage\":\"az\",\"@id\":\"https:\/\/www.zerdab.com\/?p=25638#primaryimage\",\"url\":\"\",\"contentUrl\":\"\"},{\"@type\":\"BreadcrumbList\",\"@id\":\"https:\/\/www.zerdab.com\/?p=25638#breadcrumb\",\"itemListElement\":[{\"@type\":\"ListItem\",\"position\":1,\"name\":\"Home\",\"item\":\"https:\/\/www.zerdab.com\/\"},{\"@type\":\"ListItem\",\"position\":2,\"name\":\"H\u0259s\u0259n b\u0259y Z\u0259rdabi Muzeyind\u0259 Xocal\u0131 qurbanlar\u0131 an\u0131l\u0131b\"}]},{\"@type\":\"WebSite\",\"@id\":\"https:\/\/www.zerdab.com\/#website\",\"url\":\"https:\/\/www.zerdab.com\/\",\"name\":\"Z\u0259rdab.com\",\"description\":\"\",\"potentialAction\":[{\"@type\":\"SearchAction\",\"target\":{\"@type\":\"EntryPoint\",\"urlTemplate\":\"https:\/\/www.zerdab.com\/?s={search_term_string}\"},\"query-input\":{\"@type\":\"PropertyValueSpecification\",\"valueRequired\":true,\"valueName\":\"search_term_string\"}}],\"inLanguage\":\"az\"},{\"@type\":\"Person\",\"@id\":\"https:\/\/www.zerdab.com\/#\/schema\/person\/97079b7570c1e89ec0d9e138c3672136\",\"name\":\"admin\",\"image\":{\"@type\":\"ImageObject\",\"inLanguage\":\"az\",\"@id\":\"https:\/\/www.zerdab.com\/#\/schema\/person\/image\/\",\"url\":\"https:\/\/secure.gravatar.com\/avatar\/d9c52a9a27c32119cb6679a077fa3e2779e5f822c451cbf01098004361d466ec?s=96&d=mm&r=g\",\"contentUrl\":\"https:\/\/secure.gravatar.com\/avatar\/d9c52a9a27c32119cb6679a077fa3e2779e5f822c451cbf01098004361d466ec?s=96&d=mm&r=g\",\"caption\":\"admin\"},\"url\":\"https:\/\/www.zerdab.com\/?author=1\"}]}<\/script>\n<!-- \/ Yoast SEO plugin. -->","yoast_head_json":{"title":"H\u0259s\u0259n b\u0259y Z\u0259rdabi Muzeyind\u0259 Xocal\u0131 qurbanlar\u0131 an\u0131l\u0131b - Z\u0259rdab.com","robots":{"index":"index","follow":"follow","max-snippet":"max-snippet:-1","max-image-preview":"max-image-preview:large","max-video-preview":"max-video-preview:-1"},"canonical":"https:\/\/www.zerdab.com\/?p=25638","og_locale":"az_AZ","og_type":"article","og_title":"H\u0259s\u0259n b\u0259y Z\u0259rdabi Muzeyind\u0259 Xocal\u0131 qurbanlar\u0131 an\u0131l\u0131b - Z\u0259rdab.com","og_description":"H\u0259s\u0259n b\u0259y Z\u0259rdabi Muzeyind\u0259 Xocal\u0131 faci\u0259sinin 26-c\u0131 ild\u00f6n\u00fcm\u00fc il\u0259 \u0259laq\u0259dar &#8220;Yaral\u0131 Az\u0259rbaycana da\u015fan qan g\u00f6l\u00fc&#8221; adl\u0131 t\u0259dbir t\u0259\u015fkil edilib. Zerdab.com sayt\u0131 x\u0259b\u0259r verir ki, t\u0259dbird\u0259 \u00f6nc\u0259 Xocal\u0131 faci\u0259si qurbanlar\u0131n\u0131n ruhu bir d\u0259qiq\u0259lik s\u00fckutla yad olunub. T\u0259dbiri giri\u015f s\u00f6z\u00fc il\u0259 H. B. Z\u0259rdabi Muzeyinin direktoru V\u0259fa Bayramova a\u00e7araq qeyd edib ki, Xocal\u0131 soyq\u0131r\u0131m\u0131 &#8211; xalq\u0131m\u0131z\u0131n qan [&hellip;]","og_url":"https:\/\/www.zerdab.com\/?p=25638","og_site_name":"Z\u0259rdab.com","article_published_time":"2018-02-24T08:23:21+00:00","article_modified_time":"2018-02-24T08:45:22+00:00","og_image":[{"url":"http:\/\/www.zerdab.com\/wp-content\/uploads\/2018\/02\/Hesen-bey-Zerdabi-Muzeyi-Zerdab8-550x413.jpg","type":"","width":"","height":""}],"author":"admin","twitter_card":"summary_large_image","twitter_misc":{"Written by":"admin","Est. reading time":"1 minute"},"schema":{"@context":"https:\/\/schema.org","@graph":[{"@type":"Article","@id":"https:\/\/www.zerdab.com\/?p=25638#article","isPartOf":{"@id":"https:\/\/www.zerdab.com\/?p=25638"},"author":{"name":"admin","@id":"https:\/\/www.zerdab.com\/#\/schema\/person\/97079b7570c1e89ec0d9e138c3672136"},"headline":"H\u0259s\u0259n b\u0259y Z\u0259rdabi Muzeyind\u0259 Xocal\u0131 qurbanlar\u0131 an\u0131l\u0131b","datePublished":"2018-02-24T08:23:21+00:00","dateModified":"2018-02-24T08:45:22+00:00","mainEntityOfPage":{"@id":"https:\/\/www.zerdab.com\/?p=25638"},"wordCount":228,"commentCount":0,"image":{"@id":"https:\/\/www.zerdab.com\/?p=25638#primaryimage"},"thumbnailUrl":"http:\/\/www.zerdab.com\/wp-content\/uploads\/2018\/02\/Hesen-bey-Zerdabi-Muzeyi-Zerdab8-550x413.jpg","articleSection":["MAN\u015eET","X\u018fB\u018fRL\u018fR"],"inLanguage":"az","potentialAction":[{"@type":"CommentAction","name":"Comment","target":["https:\/\/www.zerdab.com\/?p=25638#respond"]}]},{"@type":"WebPage","@id":"https:\/\/www.zerdab.com\/?p=25638","url":"https:\/\/www.zerdab.com\/?p=25638","name":"H\u0259s\u0259n b\u0259y Z\u0259rdabi Muzeyind\u0259 Xocal\u0131 qurbanlar\u0131 an\u0131l\u0131b - Z\u0259rdab.com","isPartOf":{"@id":"https:\/\/www.zerdab.com\/#website"},"primaryImageOfPage":{"@id":"https:\/\/www.zerdab.com\/?p=25638#primaryimage"},"image":{"@id":"https:\/\/www.zerdab.com\/?p=25638#primaryimage"},"thumbnailUrl":"http:\/\/www.zerdab.com\/wp-content\/uploads\/2018\/02\/Hesen-bey-Zerdabi-Muzeyi-Zerdab8-550x413.jpg","datePublished":"2018-02-24T08:23:21+00:00","dateModified":"2018-02-24T08:45:22+00:00","author":{"@id":"https:\/\/www.zerdab.com\/#\/schema\/person\/97079b7570c1e89ec0d9e138c3672136"},"breadcrumb":{"@id":"https:\/\/www.zerdab.com\/?p=25638#breadcrumb"},"inLanguage":"az","potentialAction":[{"@type":"ReadAction","target":["https:\/\/www.zerdab.com\/?p=25638"]}]},{"@type":"ImageObject","inLanguage":"az","@id":"https:\/\/www.zerdab.com\/?p=25638#primaryimage","url":"","contentUrl":""},{"@type":"BreadcrumbList","@id":"https:\/\/www.zerdab.com\/?p=25638#breadcrumb","itemListElement":[{"@type":"ListItem","position":1,"name":"Home","item":"https:\/\/www.zerdab.com\/"},{"@type":"ListItem","position":2,"name":"H\u0259s\u0259n b\u0259y Z\u0259rdabi Muzeyind\u0259 Xocal\u0131 qurbanlar\u0131 an\u0131l\u0131b"}]},{"@type":"WebSite","@id":"https:\/\/www.zerdab.com\/#website","url":"https:\/\/www.zerdab.com\/","name":"Z\u0259rdab.com","description":"","potentialAction":[{"@type":"SearchAction","target":{"@type":"EntryPoint","urlTemplate":"https:\/\/www.zerdab.com\/?s={search_term_string}"},"query-input":{"@type":"PropertyValueSpecification","valueRequired":true,"valueName":"search_term_string"}}],"inLanguage":"az"},{"@type":"Person","@id":"https:\/\/www.zerdab.com\/#\/schema\/person\/97079b7570c1e89ec0d9e138c3672136","name":"admin","image":{"@type":"ImageObject","inLanguage":"az","@id":"https:\/\/www.zerdab.com\/#\/schema\/person\/image\/","url":"https:\/\/secure.gravatar.com\/avatar\/d9c52a9a27c32119cb6679a077fa3e2779e5f822c451cbf01098004361d466ec?s=96&d=mm&r=g","contentUrl":"https:\/\/secure.gravatar.com\/avatar\/d9c52a9a27c32119cb6679a077fa3e2779e5f822c451cbf01098004361d466ec?s=96&d=mm&r=g","caption":"admin"},"url":"https:\/\/www.zerdab.com\/?author=1"}]}},"_links":{"self":[{"href":"https:\/\/www.zerdab.com\/index.php?rest_route=\/wp\/v2\/posts\/25638","targetHints":{"allow":["GET"]}}],"collection":[{"href":"https:\/\/www.zerdab.com\/index.php?rest_route=\/wp\/v2\/posts"}],"about":[{"href":"https:\/\/www.zerdab.com\/index.php?rest_route=\/wp\/v2\/types\/post"}],"author":[{"embeddable":true,"href":"https:\/\/www.zerdab.com\/index.php?rest_route=\/wp\/v2\/users\/1"}],"replies":[{"embeddable":true,"href":"https:\/\/www.zerdab.com\/index.php?rest_route=%2Fwp%2Fv2%2Fcomments&post=25638"}],"version-history":[{"count":8,"href":"https:\/\/www.zerdab.com\/index.php?rest_route=\/wp\/v2\/posts\/25638\/revisions"}],"predecessor-version":[{"id":25655,"href":"https:\/\/www.zerdab.com\/index.php?rest_route=\/wp\/v2\/posts\/25638\/revisions\/25655"}],"wp:attachment":[{"href":"https:\/\/www.zerdab.com\/index.php?rest_route=%2Fwp%2Fv2%2Fmedia&parent=25638"}],"wp:term":[{"taxonomy":"category","embeddable":true,"href":"https:\/\/www.zerdab.com\/index.php?rest_route=%2Fwp%2Fv2%2Fcategories&post=25638"},{"taxonomy":"post_tag","embeddable":true,"href":"https:\/\/www.zerdab.com\/index.php?rest_route=%2Fwp%2Fv2%2Ftags&post=25638"}],"curies":[{"name":"wp","href":"https:\/\/api.w.org\/{rel}","templated":true}]}}