{"id":25746,"date":"2018-03-19T16:13:03","date_gmt":"2018-03-19T12:13:03","guid":{"rendered":"http:\/\/www.zerdab.com\/?p=25746"},"modified":"2018-03-19T16:15:03","modified_gmt":"2018-03-19T12:15:03","slug":"z%c9%99rdabda-bayram-t%c9%99dbiri-kecirilib","status":"publish","type":"post","link":"https:\/\/www.zerdab.com\/?p=25746","title":{"rendered":"Z\u0259rdabda bayram t\u0259dbiri ke\u00e7irilib"},"content":{"rendered":"<p>18 mart 2018-ci il tarixd\u0259 Z\u0259rdabda Novruz bayram\u0131 m\u00fcnasib\u0259til\u0259 silsil\u0259 t\u0259dbirl\u0259r ke\u00e7irilib.<\/p>\n<p><img loading=\"lazy\" decoding=\"async\" src=\"http:\/\/zerdab-ih.gov.az\/userfiles\/images\/DSC_0206.JPG\" alt=\"\" width=\"500\" height=\"333\" \/><\/p>\n<p><span style=\"color: #ff0000;\"><strong>www.zerdab.com<\/strong><\/span> sayt\u0131na veril\u0259n m\u0259lumata g\u00f6r\u0259, \u00f6nc\u0259\u00a0<span class=\"highlightNode\">Rayon<\/span>\u00a0\u0130cra Hakimiyy\u0259tind\u0259 kims\u0259siz v\u0259 valideyn himay\u0259sind\u0259n m\u0259hrum olan u\u015faqlarla, o c\u00fcml\u0259d\u0259n azt\u0259minatl\u0131 ail\u0259l\u0259rl\u0259 g\u00f6r\u00fc\u015f ke\u00e7irilib. G\u00f6r\u00fc\u015fd\u0259 sosial m\u00fcdafi\u0259y\u0259 ehtiyac\u0131 olan insanlara g\u00f6st\u0259ril\u0259n d\u00f6vl\u0259t qay\u011f\u0131s\u0131 bar\u0259d\u0259 m\u0259lumat verilib. T\u0259dbirin sonunda h\u0259min ail\u0259l\u0259r\u0259 bayram sovqatlar\u0131 paylan\u0131l\u0131b.<br \/>\nDaha sonra H<span class=\"text_exposed_show\">eyd\u0259r \u018fliyev park\u0131nda \u00fcmumrayon \u015f\u0259nliyi t\u0259\u015fkil olunub. Meydan boyu a\u00e7\u0131lan bayram s\u00fcfr\u0259l\u0259ri, yerli m\u00fc\u0259ssis\u0259l\u0259rd\u0259 istehsal olunan m\u0259hsullar\u0131n s\u0259rgisi, milli ad\u0259t-\u0259n\u0259n\u0259l\u0259rimizin q\u0259dimliyind\u0259n soraq ver\u0259n palaz, kilim, c\u0259hr\u0259, d\u00f6rdayaq, nehr\u0259 kimi \u0259\u015fyalarla tan\u0131\u015fl\u0131q \u015f\u0259nlik i\u015ftirak\u00e7\u0131lar\u0131nda xo\u015f hissl\u0259r yarad\u0131b. Bayram tonqal\u0131 alovland\u0131r\u0131ld\u0131qdan sonra D\u0259d\u0259 Qorqudla Bahar q\u0131z\u0131 O\u011fuz igidl\u0259rin\u0259, xat\u0131nlar\u0131na \u0259min-amanl\u0131q, bol ruzi arzulay\u0131blar.<\/span><\/p>\n<p><img loading=\"lazy\" decoding=\"async\" src=\"http:\/\/zerdab-ih.gov.az\/userfiles\/images\/DSC_0327(1).JPG\" alt=\"\" width=\"500\" height=\"333\" \/><\/p>\n<p><span class=\"text_exposed_show\">Z\u0259rdab ictimaiyy\u0259tin\u0259 bayram t\u0259brikl\u0259rini \u00e7atd\u0131ran\u00a0<span class=\"highlightNode\">Rayon<\/span>\u00a0\u0130cra Hakimiyy\u0259tinin ba\u015f\u00e7\u0131s\u0131 L\u00fctv\u0259li Babayev Novruz ad\u0259tl\u0259rinin z\u0259nginliyind\u0259n, insanlara xo\u015f hissl\u0259r a\u015f\u0131lamas\u0131ndan s\u00f6z a\u00e7\u0131b. Bildirib ki, tarix boyu he\u00e7 bir q\u00fcvv\u0259 Novruz ad\u0259tl\u0259rini xalq\u0131m\u0131z\u0131n \u0259lind\u0259n alma\u011fa, q\u0259lbind\u0259n silm\u0259y\u0259 m\u00fcv\u0259ff\u0259q olmay\u0131b. Novruzun t\u0259nt\u0259n\u0259li milli bayram kimi qeyd edilm\u0259si Az\u0259rbaycan\u0131n D\u00f6vl\u0259t M\u00fcst\u0259qilliyinin xalq\u0131m\u0131za verdiyi b\u0259hr\u0259l\u0259rd\u0259n biridir. \u00dcmummilli liderimiz Heyd\u0259r \u018fliyevin r\u0259hb\u0259rliyi say\u0259sind\u0259 tarixi k\u00f6k\u00fcm\u00fcz\u0259 qay\u0131d\u0131\u015f\u0131n t\u0259zah\u00fcr\u00fc, m\u0259d\u0259niyy\u0259timizin z\u0259ngin x\u0259zin\u0259si olan Novruz bayram\u0131 son ill\u0259r t\u0259qvimimiz\u0259 Az\u0259rbaycan Respublikas\u0131n\u0131n r\u0259smi bayramlar\u0131ndan biri kimi h\u0259mi\u015f\u0259lik d\u00fc\u015f\u00fcb.<\/span><\/p>\n<p><img loading=\"lazy\" decoding=\"async\" src=\"http:\/\/zerdab-ih.gov.az\/userfiles\/images\/DSC_0356(1).JPG\" alt=\"\" width=\"500\" height=\"333\" \/><\/p>\n<p><span class=\"text_exposed_show\">\u00d6lk\u0259 Prezidenti c\u0259nab \u0130lham \u018fliyevin r\u0259hb\u0259rliyi il\u0259 xalq\u0131m\u0131z \u00f6z ad\u0259t v\u0259 \u0259n\u0259n\u0259l\u0259rin\u0259 sadiq qalaraq m\u0259n\u0259vi d\u0259y\u0259rl\u0259rimizi daim uca tutur, onlar\u0131 qoruyub saxlay\u0131r v\u0259 daha da inki\u015faf etdirir.\u00a0<span class=\"highlightNode\">Rayon<\/span>\u00a0r\u0259hb\u0259ri vur\u011fulay\u0131b ki, art\u0131q h\u0259r il Novruzun yeni nailiyy\u0259tl\u0259rl\u0259 qeyd edilm\u0259si \u0259n\u0259n\u0259y\u0259 \u00e7evrilib. Respublikam\u0131z\u0131n h\u0259r yerind\u0259 oldu\u011fu kimi builki Novruz bayram\u0131 Z\u0259rdabda da b\u00f6y\u00fck sevincl\u0259, y\u00fcks\u0259k t\u0259nt\u0259n\u0259 il\u0259 qeyd olunur.<br \/>\nSon d\u00f6vrd\u0259 \u00f6lk\u0259mizd\u0259 b\u00fct\u00fcn sah\u0259l\u0259rd\u0259 qazan\u0131lan u\u011furlar Z\u0259rdab rayonundan da yan ke\u00e7m\u0259yib, rayonun sosial-iqtisadi inki\u015faf\u0131, aqrar sah\u0259nin inki\u015faf etdirilm\u0259si, tikinti-abadl\u0131q i\u015fl\u0259rinin geni\u015fl\u0259ndirilm\u0259si, insanlar\u0131n sosial probleml\u0259rinin h\u0259lli istiqam\u0259tind\u0259 konkret t\u0259dbirl\u0259r g\u00f6r\u00fcl\u00fcb.<br \/>\nDaha sonra Novruz bayram\u0131na h\u0259sr olunmu\u015f \u0259l i\u015fl\u0259rind\u0259n ibar\u0259t s\u0259rgi, r\u0259qs qruplar\u0131n\u0131n, musiqi kollektivl\u0259rinin n\u00fcmun\u0259vi \u00e7\u0131x\u0131\u015flar\u0131, ke\u00e7\u0259l v\u0259 kosan\u0131n m\u0259z\u0259li oyunlar\u0131, idman\u00e7\u0131lar\u0131n n\u00f6mr\u0259l\u0259ri, at yar\u0131\u015flar\u0131 maraqla qar\u015f\u0131lan\u0131b. M\u0259kt\u0259blil\u0259r q\u0259dim oyunlar\u0131m\u0131z\u0131 n\u00fcmayi\u015f etdiribl\u0259r. Meydan boyu yuxa, k\u0259t\u0259, a\u015f, qutab, \u015f\u0259k\u0259rbura, paxlava bi\u015firilib. \u018fli xon\u00e7al\u0131 q\u0131zlar \u015f\u0259nlik i\u015ftirak\u00e7\u0131lar\u0131na Novruz sovqatlar\u0131 paylay\u0131blar.<br \/>\n3000 \u0259d\u0259dd\u0259n yuxar\u0131 s\u0259m\u0259ni il\u0259 b\u0259z\u0259dil\u0259n parkda k\u0259nd t\u0259s\u0259rr\u00fcfat\u0131 m\u0259hsullar\u0131ndan ibar\u0259t bayram yarmarkas\u0131 da t\u0259\u015fkil olunub, yarmarkada sat\u0131lan m\u0259hsullar al\u0131c\u0131lara bazar qiym\u0259tl\u0259rind\u0259n 15-20 faiz ucuz t\u0259klif olunub.<br \/>\nZ\u0259rdabda Novruz \u015f\u0259nlikl\u0259ri el g\u0259zintisi v\u0259 bayram konserti il\u0259 davam etdirilib.<\/span><\/p>\n<p><img loading=\"lazy\" decoding=\"async\" src=\"http:\/\/zerdab-ih.gov.az\/userfiles\/images\/DSC_0240.JPG\" alt=\"\" width=\"500\" height=\"333\" \/><\/p>\n<p><img loading=\"lazy\" decoding=\"async\" src=\"http:\/\/zerdab-ih.gov.az\/userfiles\/images\/DSC_0315.JPG\" alt=\"\" width=\"500\" height=\"333\" \/><\/p>\n<p><img loading=\"lazy\" decoding=\"async\" src=\"http:\/\/zerdab-ih.gov.az\/userfiles\/images\/DSC_0418.JPG\" alt=\"\" width=\"500\" height=\"333\" \/><\/p>\n<p><img loading=\"lazy\" decoding=\"async\" src=\"http:\/\/zerdab-ih.gov.az\/userfiles\/images\/DSC_0455.JPG\" alt=\"\" width=\"500\" height=\"333\" \/><\/p>\n","protected":false},"excerpt":{"rendered":"<p>18 mart 2018-ci il tarixd\u0259 Z\u0259rdabda Novruz bayram\u0131 m\u00fcnasib\u0259til\u0259 silsil\u0259 t\u0259dbirl\u0259r ke\u00e7irilib. www.zerdab.com sayt\u0131na veril\u0259n m\u0259lumata g\u00f6r\u0259, \u00f6nc\u0259\u00a0Rayon\u00a0\u0130cra Hakimiyy\u0259tind\u0259 kims\u0259siz v\u0259 valideyn himay\u0259sind\u0259n m\u0259hrum olan u\u015faqlarla, o c\u00fcml\u0259d\u0259n azt\u0259minatl\u0131 ail\u0259l\u0259rl\u0259 g\u00f6r\u00fc\u015f ke\u00e7irilib. G\u00f6r\u00fc\u015fd\u0259 sosial m\u00fcdafi\u0259y\u0259 ehtiyac\u0131 olan insanlara g\u00f6st\u0259ril\u0259n d\u00f6vl\u0259t qay\u011f\u0131s\u0131 bar\u0259d\u0259 m\u0259lumat verilib. T\u0259dbirin sonunda h\u0259min ail\u0259l\u0259r\u0259 bayram sovqatlar\u0131 paylan\u0131l\u0131b. Daha sonra Heyd\u0259r \u018fliyev [&hellip;]<\/p>\n","protected":false},"author":1,"featured_media":0,"comment_status":"open","ping_status":"open","sticky":false,"template":"","format":"standard","meta":{"footnotes":""},"categories":[63,5],"tags":[],"class_list":{"0":"post-25746","1":"post","2":"type-post","3":"status-publish","4":"format-standard","6":"category-manset","7":"category-knd"},"yoast_head":"<!-- This site is optimized with the Yoast SEO plugin v27.0 - https:\/\/yoast.com\/product\/yoast-seo-wordpress\/ -->\n<title>Z\u0259rdabda bayram t\u0259dbiri ke\u00e7irilib - Z\u0259rdab.com<\/title>\n<meta name=\"robots\" content=\"index, follow, max-snippet:-1, max-image-preview:large, max-video-preview:-1\" \/>\n<link rel=\"canonical\" href=\"https:\/\/www.zerdab.com\/?p=25746\" \/>\n<meta property=\"og:locale\" content=\"az_AZ\" \/>\n<meta property=\"og:type\" content=\"article\" \/>\n<meta property=\"og:title\" content=\"Z\u0259rdabda bayram t\u0259dbiri ke\u00e7irilib - Z\u0259rdab.com\" \/>\n<meta property=\"og:description\" content=\"18 mart 2018-ci il tarixd\u0259 Z\u0259rdabda Novruz bayram\u0131 m\u00fcnasib\u0259til\u0259 silsil\u0259 t\u0259dbirl\u0259r ke\u00e7irilib. www.zerdab.com sayt\u0131na veril\u0259n m\u0259lumata g\u00f6r\u0259, \u00f6nc\u0259\u00a0Rayon\u00a0\u0130cra Hakimiyy\u0259tind\u0259 kims\u0259siz v\u0259 valideyn himay\u0259sind\u0259n m\u0259hrum olan u\u015faqlarla, o c\u00fcml\u0259d\u0259n azt\u0259minatl\u0131 ail\u0259l\u0259rl\u0259 g\u00f6r\u00fc\u015f ke\u00e7irilib. G\u00f6r\u00fc\u015fd\u0259 sosial m\u00fcdafi\u0259y\u0259 ehtiyac\u0131 olan insanlara g\u00f6st\u0259ril\u0259n d\u00f6vl\u0259t qay\u011f\u0131s\u0131 bar\u0259d\u0259 m\u0259lumat verilib. T\u0259dbirin sonunda h\u0259min ail\u0259l\u0259r\u0259 bayram sovqatlar\u0131 paylan\u0131l\u0131b. Daha sonra Heyd\u0259r \u018fliyev [&hellip;]\" \/>\n<meta property=\"og:url\" content=\"https:\/\/www.zerdab.com\/?p=25746\" \/>\n<meta property=\"og:site_name\" content=\"Z\u0259rdab.com\" \/>\n<meta property=\"article:published_time\" content=\"2018-03-19T12:13:03+00:00\" \/>\n<meta property=\"article:modified_time\" content=\"2018-03-19T12:15:03+00:00\" \/>\n<meta property=\"og:image\" content=\"http:\/\/zerdab-ih.gov.az\/userfiles\/images\/DSC_0206.JPG\" \/>\n<meta name=\"author\" content=\"admin\" \/>\n<meta name=\"twitter:card\" content=\"summary_large_image\" \/>\n<meta name=\"twitter:label1\" content=\"Written by\" \/>\n\t<meta name=\"twitter:data1\" content=\"admin\" \/>\n\t<meta name=\"twitter:label2\" content=\"Est. reading time\" \/>\n\t<meta name=\"twitter:data2\" content=\"3 minutes\" \/>\n<script type=\"application\/ld+json\" class=\"yoast-schema-graph\">{\"@context\":\"https:\/\/schema.org\",\"@graph\":[{\"@type\":\"Article\",\"@id\":\"https:\/\/www.zerdab.com\/?p=25746#article\",\"isPartOf\":{\"@id\":\"https:\/\/www.zerdab.com\/?p=25746\"},\"author\":{\"name\":\"admin\",\"@id\":\"https:\/\/www.zerdab.com\/#\/schema\/person\/97079b7570c1e89ec0d9e138c3672136\"},\"headline\":\"Z\u0259rdabda bayram t\u0259dbiri ke\u00e7irilib\",\"datePublished\":\"2018-03-19T12:13:03+00:00\",\"dateModified\":\"2018-03-19T12:15:03+00:00\",\"mainEntityOfPage\":{\"@id\":\"https:\/\/www.zerdab.com\/?p=25746\"},\"wordCount\":661,\"commentCount\":0,\"image\":{\"@id\":\"https:\/\/www.zerdab.com\/?p=25746#primaryimage\"},\"thumbnailUrl\":\"http:\/\/zerdab-ih.gov.az\/userfiles\/images\/DSC_0206.JPG\",\"articleSection\":[\"MAN\u015eET\",\"X\u018fB\u018fRL\u018fR\"],\"inLanguage\":\"az\",\"potentialAction\":[{\"@type\":\"CommentAction\",\"name\":\"Comment\",\"target\":[\"https:\/\/www.zerdab.com\/?p=25746#respond\"]}]},{\"@type\":\"WebPage\",\"@id\":\"https:\/\/www.zerdab.com\/?p=25746\",\"url\":\"https:\/\/www.zerdab.com\/?p=25746\",\"name\":\"Z\u0259rdabda bayram t\u0259dbiri ke\u00e7irilib - Z\u0259rdab.com\",\"isPartOf\":{\"@id\":\"https:\/\/www.zerdab.com\/#website\"},\"primaryImageOfPage\":{\"@id\":\"https:\/\/www.zerdab.com\/?p=25746#primaryimage\"},\"image\":{\"@id\":\"https:\/\/www.zerdab.com\/?p=25746#primaryimage\"},\"thumbnailUrl\":\"http:\/\/zerdab-ih.gov.az\/userfiles\/images\/DSC_0206.JPG\",\"datePublished\":\"2018-03-19T12:13:03+00:00\",\"dateModified\":\"2018-03-19T12:15:03+00:00\",\"author\":{\"@id\":\"https:\/\/www.zerdab.com\/#\/schema\/person\/97079b7570c1e89ec0d9e138c3672136\"},\"breadcrumb\":{\"@id\":\"https:\/\/www.zerdab.com\/?p=25746#breadcrumb\"},\"inLanguage\":\"az\",\"potentialAction\":[{\"@type\":\"ReadAction\",\"target\":[\"https:\/\/www.zerdab.com\/?p=25746\"]}]},{\"@type\":\"ImageObject\",\"inLanguage\":\"az\",\"@id\":\"https:\/\/www.zerdab.com\/?p=25746#primaryimage\",\"url\":\"http:\/\/zerdab-ih.gov.az\/userfiles\/images\/DSC_0206.JPG\",\"contentUrl\":\"http:\/\/zerdab-ih.gov.az\/userfiles\/images\/DSC_0206.JPG\"},{\"@type\":\"BreadcrumbList\",\"@id\":\"https:\/\/www.zerdab.com\/?p=25746#breadcrumb\",\"itemListElement\":[{\"@type\":\"ListItem\",\"position\":1,\"name\":\"Home\",\"item\":\"https:\/\/www.zerdab.com\/\"},{\"@type\":\"ListItem\",\"position\":2,\"name\":\"Z\u0259rdabda bayram t\u0259dbiri ke\u00e7irilib\"}]},{\"@type\":\"WebSite\",\"@id\":\"https:\/\/www.zerdab.com\/#website\",\"url\":\"https:\/\/www.zerdab.com\/\",\"name\":\"Z\u0259rdab.com\",\"description\":\"\",\"potentialAction\":[{\"@type\":\"SearchAction\",\"target\":{\"@type\":\"EntryPoint\",\"urlTemplate\":\"https:\/\/www.zerdab.com\/?s={search_term_string}\"},\"query-input\":{\"@type\":\"PropertyValueSpecification\",\"valueRequired\":true,\"valueName\":\"search_term_string\"}}],\"inLanguage\":\"az\"},{\"@type\":\"Person\",\"@id\":\"https:\/\/www.zerdab.com\/#\/schema\/person\/97079b7570c1e89ec0d9e138c3672136\",\"name\":\"admin\",\"image\":{\"@type\":\"ImageObject\",\"inLanguage\":\"az\",\"@id\":\"https:\/\/www.zerdab.com\/#\/schema\/person\/image\/\",\"url\":\"https:\/\/secure.gravatar.com\/avatar\/d9c52a9a27c32119cb6679a077fa3e2779e5f822c451cbf01098004361d466ec?s=96&d=mm&r=g\",\"contentUrl\":\"https:\/\/secure.gravatar.com\/avatar\/d9c52a9a27c32119cb6679a077fa3e2779e5f822c451cbf01098004361d466ec?s=96&d=mm&r=g\",\"caption\":\"admin\"},\"url\":\"https:\/\/www.zerdab.com\/?author=1\"}]}<\/script>\n<!-- \/ Yoast SEO plugin. -->","yoast_head_json":{"title":"Z\u0259rdabda bayram t\u0259dbiri ke\u00e7irilib - Z\u0259rdab.com","robots":{"index":"index","follow":"follow","max-snippet":"max-snippet:-1","max-image-preview":"max-image-preview:large","max-video-preview":"max-video-preview:-1"},"canonical":"https:\/\/www.zerdab.com\/?p=25746","og_locale":"az_AZ","og_type":"article","og_title":"Z\u0259rdabda bayram t\u0259dbiri ke\u00e7irilib - Z\u0259rdab.com","og_description":"18 mart 2018-ci il tarixd\u0259 Z\u0259rdabda Novruz bayram\u0131 m\u00fcnasib\u0259til\u0259 silsil\u0259 t\u0259dbirl\u0259r ke\u00e7irilib. www.zerdab.com sayt\u0131na veril\u0259n m\u0259lumata g\u00f6r\u0259, \u00f6nc\u0259\u00a0Rayon\u00a0\u0130cra Hakimiyy\u0259tind\u0259 kims\u0259siz v\u0259 valideyn himay\u0259sind\u0259n m\u0259hrum olan u\u015faqlarla, o c\u00fcml\u0259d\u0259n azt\u0259minatl\u0131 ail\u0259l\u0259rl\u0259 g\u00f6r\u00fc\u015f ke\u00e7irilib. G\u00f6r\u00fc\u015fd\u0259 sosial m\u00fcdafi\u0259y\u0259 ehtiyac\u0131 olan insanlara g\u00f6st\u0259ril\u0259n d\u00f6vl\u0259t qay\u011f\u0131s\u0131 bar\u0259d\u0259 m\u0259lumat verilib. T\u0259dbirin sonunda h\u0259min ail\u0259l\u0259r\u0259 bayram sovqatlar\u0131 paylan\u0131l\u0131b. Daha sonra Heyd\u0259r \u018fliyev [&hellip;]","og_url":"https:\/\/www.zerdab.com\/?p=25746","og_site_name":"Z\u0259rdab.com","article_published_time":"2018-03-19T12:13:03+00:00","article_modified_time":"2018-03-19T12:15:03+00:00","og_image":[{"url":"http:\/\/zerdab-ih.gov.az\/userfiles\/images\/DSC_0206.JPG","type":"","width":"","height":""}],"author":"admin","twitter_card":"summary_large_image","twitter_misc":{"Written by":"admin","Est. reading time":"3 minutes"},"schema":{"@context":"https:\/\/schema.org","@graph":[{"@type":"Article","@id":"https:\/\/www.zerdab.com\/?p=25746#article","isPartOf":{"@id":"https:\/\/www.zerdab.com\/?p=25746"},"author":{"name":"admin","@id":"https:\/\/www.zerdab.com\/#\/schema\/person\/97079b7570c1e89ec0d9e138c3672136"},"headline":"Z\u0259rdabda bayram t\u0259dbiri ke\u00e7irilib","datePublished":"2018-03-19T12:13:03+00:00","dateModified":"2018-03-19T12:15:03+00:00","mainEntityOfPage":{"@id":"https:\/\/www.zerdab.com\/?p=25746"},"wordCount":661,"commentCount":0,"image":{"@id":"https:\/\/www.zerdab.com\/?p=25746#primaryimage"},"thumbnailUrl":"http:\/\/zerdab-ih.gov.az\/userfiles\/images\/DSC_0206.JPG","articleSection":["MAN\u015eET","X\u018fB\u018fRL\u018fR"],"inLanguage":"az","potentialAction":[{"@type":"CommentAction","name":"Comment","target":["https:\/\/www.zerdab.com\/?p=25746#respond"]}]},{"@type":"WebPage","@id":"https:\/\/www.zerdab.com\/?p=25746","url":"https:\/\/www.zerdab.com\/?p=25746","name":"Z\u0259rdabda bayram t\u0259dbiri ke\u00e7irilib - Z\u0259rdab.com","isPartOf":{"@id":"https:\/\/www.zerdab.com\/#website"},"primaryImageOfPage":{"@id":"https:\/\/www.zerdab.com\/?p=25746#primaryimage"},"image":{"@id":"https:\/\/www.zerdab.com\/?p=25746#primaryimage"},"thumbnailUrl":"http:\/\/zerdab-ih.gov.az\/userfiles\/images\/DSC_0206.JPG","datePublished":"2018-03-19T12:13:03+00:00","dateModified":"2018-03-19T12:15:03+00:00","author":{"@id":"https:\/\/www.zerdab.com\/#\/schema\/person\/97079b7570c1e89ec0d9e138c3672136"},"breadcrumb":{"@id":"https:\/\/www.zerdab.com\/?p=25746#breadcrumb"},"inLanguage":"az","potentialAction":[{"@type":"ReadAction","target":["https:\/\/www.zerdab.com\/?p=25746"]}]},{"@type":"ImageObject","inLanguage":"az","@id":"https:\/\/www.zerdab.com\/?p=25746#primaryimage","url":"http:\/\/zerdab-ih.gov.az\/userfiles\/images\/DSC_0206.JPG","contentUrl":"http:\/\/zerdab-ih.gov.az\/userfiles\/images\/DSC_0206.JPG"},{"@type":"BreadcrumbList","@id":"https:\/\/www.zerdab.com\/?p=25746#breadcrumb","itemListElement":[{"@type":"ListItem","position":1,"name":"Home","item":"https:\/\/www.zerdab.com\/"},{"@type":"ListItem","position":2,"name":"Z\u0259rdabda bayram t\u0259dbiri ke\u00e7irilib"}]},{"@type":"WebSite","@id":"https:\/\/www.zerdab.com\/#website","url":"https:\/\/www.zerdab.com\/","name":"Z\u0259rdab.com","description":"","potentialAction":[{"@type":"SearchAction","target":{"@type":"EntryPoint","urlTemplate":"https:\/\/www.zerdab.com\/?s={search_term_string}"},"query-input":{"@type":"PropertyValueSpecification","valueRequired":true,"valueName":"search_term_string"}}],"inLanguage":"az"},{"@type":"Person","@id":"https:\/\/www.zerdab.com\/#\/schema\/person\/97079b7570c1e89ec0d9e138c3672136","name":"admin","image":{"@type":"ImageObject","inLanguage":"az","@id":"https:\/\/www.zerdab.com\/#\/schema\/person\/image\/","url":"https:\/\/secure.gravatar.com\/avatar\/d9c52a9a27c32119cb6679a077fa3e2779e5f822c451cbf01098004361d466ec?s=96&d=mm&r=g","contentUrl":"https:\/\/secure.gravatar.com\/avatar\/d9c52a9a27c32119cb6679a077fa3e2779e5f822c451cbf01098004361d466ec?s=96&d=mm&r=g","caption":"admin"},"url":"https:\/\/www.zerdab.com\/?author=1"}]}},"_links":{"self":[{"href":"https:\/\/www.zerdab.com\/index.php?rest_route=\/wp\/v2\/posts\/25746","targetHints":{"allow":["GET"]}}],"collection":[{"href":"https:\/\/www.zerdab.com\/index.php?rest_route=\/wp\/v2\/posts"}],"about":[{"href":"https:\/\/www.zerdab.com\/index.php?rest_route=\/wp\/v2\/types\/post"}],"author":[{"embeddable":true,"href":"https:\/\/www.zerdab.com\/index.php?rest_route=\/wp\/v2\/users\/1"}],"replies":[{"embeddable":true,"href":"https:\/\/www.zerdab.com\/index.php?rest_route=%2Fwp%2Fv2%2Fcomments&post=25746"}],"version-history":[{"count":3,"href":"https:\/\/www.zerdab.com\/index.php?rest_route=\/wp\/v2\/posts\/25746\/revisions"}],"predecessor-version":[{"id":25750,"href":"https:\/\/www.zerdab.com\/index.php?rest_route=\/wp\/v2\/posts\/25746\/revisions\/25750"}],"wp:attachment":[{"href":"https:\/\/www.zerdab.com\/index.php?rest_route=%2Fwp%2Fv2%2Fmedia&parent=25746"}],"wp:term":[{"taxonomy":"category","embeddable":true,"href":"https:\/\/www.zerdab.com\/index.php?rest_route=%2Fwp%2Fv2%2Fcategories&post=25746"},{"taxonomy":"post_tag","embeddable":true,"href":"https:\/\/www.zerdab.com\/index.php?rest_route=%2Fwp%2Fv2%2Ftags&post=25746"}],"curies":[{"name":"wp","href":"https:\/\/api.w.org\/{rel}","templated":true}]}}