{"id":25812,"date":"2018-04-05T12:35:40","date_gmt":"2018-04-05T08:35:40","guid":{"rendered":"http:\/\/www.zerdab.com\/?p=25812"},"modified":"2018-04-05T12:35:40","modified_gmt":"2018-04-05T08:35:40","slug":"akademik-boyukkisi-agayevl%c9%99-vida-m%c9%99rasimi-fotolar","status":"publish","type":"post","link":"https:\/\/www.zerdab.com\/?p=25812","title":{"rendered":"Akademik B\u00f6y\u00fckki\u015fi A\u011fayevl\u0259 vida m\u0259rasimi &#8211; FOTOLAR"},"content":{"rendered":"<p class=\"sizeable\">AMEA-n\u0131n \u018fsas binas\u0131nda Az\u0259rbaycan\u0131n tan\u0131nm\u0131\u015f c\u0259rrah\u0131, \u0259sl\u0259n Z\u0259rdab rayonundan olan,\u00a0 Az\u0259rbaycan Tibb Universitetinin II C\u0259rrahi x\u0259st\u0259likl\u0259r kafedras\u0131n\u0131n m\u00fcdiri, akademik M. Top\u00e7uba\u015fov ad\u0131na Elmi C\u0259rrahiyy\u0259 M\u0259rk\u0259zinin direktoru,\u00a0H\u0259s\u0259n b\u0259y Z\u0259rdabi n\u0259slind\u0259n olan\u00a0akademik\u00a0<strong>B\u00f6y\u00fckki\u015fi A\u011fayevl\u0259<\/strong>\u00a0vida m\u0259rasimi ke\u00e7irildi. AMEA-dan\u00a0<span style=\"color: #ff0000;\"><strong>Zerdab.com<\/strong><\/span> sayt\u0131na veril\u0259n m\u0259lumata g\u00f6r\u0259, m\u0259rasimd\u0259 d\u00f6vl\u0259t v\u0259 h\u00f6kum\u0259t r\u0259smil\u0259ri, elm v\u0259 tibb xadiml\u0259ri, s\u0259hiyy\u0259 i\u015f\u00e7il\u0259ri, ictimaiyy\u0259t v\u0259 K\u0130V n\u00fcmay\u0259nd\u0259l\u0259ri i\u015ftirak edirdil\u0259r.<\/p>\n<p><a href=\"http:\/\/www.zerdab.com\/?attachment_id=25813\" rel=\"attachment wp-att-25813\"><img loading=\"lazy\" decoding=\"async\" class=\"aligncenter size-large wp-image-25813\" src=\"http:\/\/www.zerdab.com\/wp-content\/uploads\/2018\/04\/B\u00f6y\u00fckki\u015fi-A\u011fayev-550x367.jpg\" alt=\"\" width=\"550\" height=\"367\" \/><\/a><\/p>\n<p class=\"sizeable\">Alimin tabutu \u00f6n\u00fcn\u0259 Az\u0259rbaycan Respublikas\u0131n\u0131n Prezidenti ad\u0131ndan \u0259klil qoyulmu\u015fdu.<\/p>\n<p class=\"sizeable\">Mat\u0259m mitinqini AMEA-n\u0131n prezidenti, akademik\u00a0<strong>Akif \u018flizad\u0259<\/strong>\u00a0a\u00e7araq Az\u0259rbaycan elmi ictimaiyy\u0259tin\u0259 a\u011f\u0131r itki \u00fcz verdiyini bildirdi. AMEA r\u0259hb\u0259ri \u00f6lk\u0259mizd\u0259 tibb sah\u0259sind\u0259 m\u00fch\u00fcm xidm\u0259tl\u0259ri olan g\u00f6rk\u0259mli alim, akademik B\u00f6y\u00fckki\u015fi A\u011fayevin uzun ill\u0259r z\u0259ngin elmi v\u0259 pedaqoji f\u0259aliyy\u0259ti il\u0259 respublikada elmin v\u0259 s\u0259hiyy\u0259nin inki\u015faf\u0131na verdiyi sanball\u0131 t\u00f6hf\u0259l\u0259rd\u0259n dan\u0131\u015fd\u0131.<\/p>\n<p class=\"sizeable\"><a href=\"http:\/\/www.zerdab.com\/?attachment_id=25814\" rel=\"attachment wp-att-25814\"><img loading=\"lazy\" decoding=\"async\" class=\"aligncenter size-large wp-image-25814\" src=\"http:\/\/www.zerdab.com\/wp-content\/uploads\/2018\/04\/B\u00f6y\u00fckki\u015fi-A\u011fayev-akademik-550x367.jpg\" alt=\"\" width=\"550\" height=\"367\" \/><\/a>Akademik Akif \u018flizad\u0259 vur\u011fulad\u0131 ki, \u00f6mr\u00fcn\u00fcn b\u00f6y\u00fck hiss\u0259sini AMEA il\u0259 ba\u011flayan alimin elmi f\u0259aliyy\u0259tinin \u0259sas istiqam\u0259tini m\u0259d\u0259 qanaxmalar\u0131n\u0131n m\u00fcalic\u0259sind\u0259 iyn\u0259siz inyektorun t\u0259tbiqi, qaraciy\u0259r, \u00f6d yollar\u0131 v\u0259 m\u0259d\u0259alt\u0131 v\u0259zin a\u011f\u0131r x\u0259st\u0259likl\u0259rinin c\u0259rrahi m\u00fcalic\u0259sind\u0259 intero corporal lazer a\u015fa\u011f\u0131 tezlikli maqnit metodu t\u0259\u015fkil edirdi. O, 1973-c\u00fc ild\u0259n bu g\u00fcn\u0259 kimi Az\u0259rbaycan Tibb Universitetinin II C\u0259rrahi x\u0259st\u0259likl\u0259r kafedras\u0131na r\u0259hb\u0259rlik edirdi.<\/p>\n<p class=\"sizeable\"><a href=\"http:\/\/www.zerdab.com\/?attachment_id=25815\" rel=\"attachment wp-att-25815\"><img loading=\"lazy\" decoding=\"async\" class=\"aligncenter size-large wp-image-25815\" src=\"http:\/\/www.zerdab.com\/wp-content\/uploads\/2018\/04\/B\u00f6y\u00fckki\u015fi-A\u011fayev-akademik3-550x367.jpg\" alt=\"\" width=\"550\" height=\"367\" \/><\/a>\u00d6mr\u00fcn\u00fc v\u0259 f\u0259aliyy\u0259tini Az\u0259rbaycan Tibb Universiteti il\u0259 ba\u011flamas\u0131na baxmayaraq, B.A\u011fayevin h\u0259r zaman akademiya il\u0259 \u0259laq\u0259li oldu\u011funu dey\u0259n A.\u018flizad\u0259 onun Az\u0259rbaycan elmind\u0259 x\u00fcsusi rolu il\u0259 diqq\u0259t \u00e7\u0259kdiyini bildirdi. Qeyd etdi ki, respublikada c\u0259rrahi qastroenterologiya elmi m\u0259kt\u0259binin yarad\u0131c\u0131lar\u0131ndan olan alimin d\u0259y\u0259rli t\u0259dqiqatlar\u0131 bu istiqam\u0259td\u0259 fundamental ara\u015fd\u0131rmalar\u0131n apar\u0131lmas\u0131 v\u0259 onlar\u0131n m\u00fcalic\u0259 i\u015find\u0259 t\u0259tbiqi \u00fc\u00e7\u00fcn geni\u015f imkanlar a\u00e7m\u0131\u015fd\u0131r.<\/p>\n<p class=\"sizeable\"><a href=\"http:\/\/www.zerdab.com\/?attachment_id=25816\" rel=\"attachment wp-att-25816\"><img loading=\"lazy\" decoding=\"async\" class=\"aligncenter size-large wp-image-25816\" src=\"http:\/\/www.zerdab.com\/wp-content\/uploads\/2018\/04\/B\u00f6y\u00fckki\u015fi-A\u011fayev-akademik4-550x367.jpg\" alt=\"\" width=\"550\" height=\"367\" \/><\/a>Sonra \u00e7\u0131x\u0131\u015f ed\u0259n S\u0259hiyy\u0259 naziri\u00a0<strong>Oqtay \u015eir\u0259liyev<\/strong>\u00a0Az\u0259rbaycan s\u0259hiyy\u0259sind\u0259 \u00f6z\u00fcn\u0259m\u0259xsus yeri olan B\u00f6y\u00fckki\u015fi A\u011fayevin \u00f6lk\u0259mizd\u0259 \u00e7oxsayl\u0131 c\u0259rrahlar\u0131n yeti\u015fm\u0259sind\u0259 m\u00fcst\u0259sna xidm\u0259tl\u0259rind\u0259n s\u00f6z a\u00e7d\u0131.\u00a0Bildirdi ki, alim tibb sah\u0259sind\u0259 elmi m\u0259kt\u0259b yarad\u0131b, b\u00fct\u00fcn m\u0259nal\u0131 \u00f6mr\u00fcn\u00fc tibb elminin inki\u015faf\u0131na h\u0259sr edib.\u00a0 Aliml\u0259 ba\u011fl\u0131 xatir\u0259l\u0259rini dil\u0259 g\u0259tir\u0259n nazir vur\u011fulad\u0131 ki, akademik B.A\u011fayevin simas\u0131nda Az\u0259rbaycan elmi b\u00f6y\u00fck c\u0259rrah-alimi itirib.<\/p>\n<p class=\"sizeable\"><a href=\"http:\/\/www.zerdab.com\/?attachment_id=25817\" rel=\"attachment wp-att-25817\"><img loading=\"lazy\" decoding=\"async\" class=\"aligncenter size-large wp-image-25817\" src=\"http:\/\/www.zerdab.com\/wp-content\/uploads\/2018\/04\/B\u00f6y\u00fckki\u015fi-A\u011fayev-akademik7-550x367.jpg\" alt=\"\" width=\"550\" height=\"367\" \/><\/a>T\u0259dbird\u0259 g\u00f6rk\u0259mli alimin h\u0259yat v\u0259 z\u0259ngin elmi f\u0259aliyy\u0259tind\u0259n b\u0259hs ed\u0259n AMEA-n\u0131n\u00a0Biologiya v\u0259 Tibb Elml\u0259ri B\u00f6lm\u0259sinin\u00a0akademik-katibi, akademik\u00a0<strong>\u018fhliman \u018fmiraslanov<\/strong>\u00a0qeyd etdi ki, akademik B\u00f6y\u00fckki\u015fi A\u011fayev Az\u0259rbaycan tibb elmini, s\u0259hiyy\u0259 v\u0259 t\u0259hsilini yorulmaz n\u0259z\u0259ri v\u0259 praktiki f\u0259aliyy\u0259ti il\u0259 daim z\u0259nginl\u0259\u015fdir\u0259n, onlar\u0131n t\u0259tbiq sah\u0259l\u0259rini geni\u015fl\u0259ndirm\u0259y\u0259 \u00e7al\u0131\u015fan m\u0259hsuldar elm adam\u0131, bacar\u0131ql\u0131 s\u0259hiyy\u0259 t\u0259\u015fkilat\u00e7\u0131s\u0131 idi. O, u\u015faq ya\u015flar\u0131ndan tibb elmin\u0259 b\u00f6y\u00fck maraq g\u00f6st\u0259rmi\u015f, t\u0259l\u0259b\u0259lik ill\u0259rind\u0259 gec\u0259l\u0259r t\u0259cili c\u0259rrahl\u0131q xidm\u0259ti \u00fczr\u0259 \u00e7al\u0131\u015fm\u0131\u015fd\u0131.<\/p>\n<p class=\"sizeable\"><a href=\"http:\/\/www.zerdab.com\/?attachment_id=25818\" rel=\"attachment wp-att-25818\"><img loading=\"lazy\" decoding=\"async\" class=\"aligncenter size-large wp-image-25818\" src=\"http:\/\/www.zerdab.com\/wp-content\/uploads\/2018\/04\/B\u00f6y\u00fckki\u015fi-A\u011fayev-akademik8-550x367.jpg\" alt=\"\" width=\"550\" height=\"367\" \/><\/a>Qeyd olundu ki, B.A\u011fayev 400-d\u0259n \u00e7ox elmi v\u0259 publisistik \u0259s\u0259rin, o c\u00fcml\u0259d\u0259n 9 ixtira v\u0259 25-d\u0259n \u00e7ox s\u0259m\u0259r\u0259l\u0259\u015fdirici t\u0259klifin m\u00fc\u0259llifi idi. Onun r\u0259hb\u0259rliyi il\u0259 tibb \u00fczr\u0259 62 f\u0259ls\u0259f\u0259 doktoru, 11 elml\u0259r doktoru m\u00fcdafi\u0259 etmi\u015fdir. Haz\u0131rda akademikin haz\u0131rlad\u0131\u011f\u0131 kadrlar beyn\u0259lxalq elmi qurumlarda tibb elmini y\u00fcks\u0259k s\u0259viyy\u0259d\u0259 t\u0259msil edirl\u0259r.<\/p>\n<p class=\"sizeable\"><a href=\"http:\/\/www.zerdab.com\/?attachment_id=25819\" rel=\"attachment wp-att-25819\"><img loading=\"lazy\" decoding=\"async\" class=\"aligncenter size-large wp-image-25819\" src=\"http:\/\/www.zerdab.com\/wp-content\/uploads\/2018\/04\/B\u00f6y\u00fckki\u015fi-A\u011fayev-akademik9-550x367.jpg\" alt=\"\" width=\"550\" height=\"367\" \/><\/a>Bildirildi ki, elmi v\u0259 pedaqoji f\u0259aliyy\u0259ti daim d\u00f6vl\u0259timiz t\u0259r\u0259find\u0259n y\u00fcks\u0259k qiym\u0259tl\u0259ndiril\u0259n B.A\u011fayev Az\u0259rbaycan tibb elminin inki\u015faf\u0131ndak\u0131 xidm\u0259tl\u0259rin\u0259 g\u00f6r\u0259 &#8220;Az\u0259rbaycan SSR \u018fm\u0259kdar elm xadimi&#8221; f\u0259xri ad\u0131na layiq g\u00f6r\u00fclm\u00fc\u015f, 1998-ci ild\u0259 \u201c\u015e\u0259r\u0259f\u201d ordeni il\u0259 t\u0259ltif olunmu\u015fdu.<\/p>\n<p class=\"sizeable\"><a href=\"http:\/\/www.zerdab.com\/?attachment_id=25820\" rel=\"attachment wp-att-25820\"><img loading=\"lazy\" decoding=\"async\" class=\"aligncenter size-large wp-image-25820\" src=\"http:\/\/www.zerdab.com\/wp-content\/uploads\/2018\/04\/B\u00f6y\u00fckki\u015fi-A\u011fayev-akademik11-550x367.jpg\" alt=\"\" width=\"550\" height=\"367\" \/><\/a>Tan\u0131nm\u0131\u015f alim v\u0259 pedaqoq, s\u0259mimi insan B.A\u011fayevin z\u0259ngin elmi irsi daim ya\u015fayacaq, xalq\u0131m\u0131za, elmimiz\u0259 xidm\u0259t ed\u0259c\u0259k, n\u0259sill\u0259rd\u0259n-n\u0259sill\u0259r\u0259 \u00f6t\u00fcr\u00fcl\u0259c\u0259k.<\/p>\n<p class=\"sizeable\">Vida m\u0259rasimind\u0259 Az\u0259rbaycan Tibb Universitetinin (ATU) rektoru, professor\u00a0<strong>G\u0259ray G\u0259rayb\u0259yli<\/strong>, ATU-nun T\u0259dris C\u0259rrahiyy\u0259 Klinikas\u0131n\u0131n direktoru, professor\u00a0<strong>Surxay Had\u0131yev<\/strong>\u00a0\u00e7\u0131x\u0131\u015f ed\u0259r\u0259k B.A\u011fayevin z\u0259ngin elmi, pedaqoji f\u0259aliyy\u0259tind\u0259n, y\u00fcks\u0259k m\u0259n\u0259vi keyfiyy\u0259tl\u0259rind\u0259n s\u00f6hb\u0259t a\u00e7d\u0131lar, aliml\u0259 ba\u011fl\u0131 xatir\u0259l\u0259rini b\u00f6l\u00fc\u015fd\u00fcl\u0259r.<\/p>\n<p class=\"sizeable\"><a href=\"http:\/\/www.zerdab.com\/?attachment_id=25821\" rel=\"attachment wp-att-25821\"><img loading=\"lazy\" decoding=\"async\" class=\"aligncenter size-large wp-image-25821\" src=\"http:\/\/www.zerdab.com\/wp-content\/uploads\/2018\/04\/B\u00f6y\u00fckki\u015fi-A\u011fayev-akademik12-550x367.jpg\" alt=\"\" width=\"550\" height=\"367\" \/><\/a>M\u0259rhumun ail\u0259si ad\u0131ndan \u00e7\u0131x\u0131\u015f ed\u0259n qarda\u015f\u0131 o\u011flu\u00a0<strong>Rauf A\u011fayev<\/strong>\u00a0alimin xatir\u0259sin\u0259 g\u00f6st\u0259ril\u0259n h\u00f6rm\u0259t v\u0259 ehtirama g\u00f6r\u0259 d\u0259rin minn\u0259tdarl\u0131\u011f\u0131n\u0131 bildirdi.<\/p>\n<p class=\"sizeable\"><a href=\"http:\/\/www.zerdab.com\/?attachment_id=25822\" rel=\"attachment wp-att-25822\"><img loading=\"lazy\" decoding=\"async\" class=\"aligncenter size-large wp-image-25822\" src=\"http:\/\/www.zerdab.com\/wp-content\/uploads\/2018\/04\/B\u00f6y\u00fckki\u015fi-A\u011fayev-akademik14-550x367.jpg\" alt=\"\" width=\"550\" height=\"367\" \/><\/a>Sonra g\u00f6rk\u0259mli alimin c\u0259naz\u0259si son m\u0259nzil\u0259 yola sal\u0131nd\u0131.<\/p>\n<p class=\"sizeable\">M\u0259rhum II F\u0259xri xiyabanda torpa\u011fa tap\u015f\u0131r\u0131ld\u0131.<\/p>\n<p class=\"sizeable\"><strong>Allah r\u0259hm\u0259t el\u0259sin!<\/strong><\/p>\n","protected":false},"excerpt":{"rendered":"<p>AMEA-n\u0131n \u018fsas binas\u0131nda Az\u0259rbaycan\u0131n tan\u0131nm\u0131\u015f c\u0259rrah\u0131, \u0259sl\u0259n Z\u0259rdab rayonundan olan,\u00a0 Az\u0259rbaycan Tibb Universitetinin II C\u0259rrahi x\u0259st\u0259likl\u0259r kafedras\u0131n\u0131n m\u00fcdiri, akademik M. Top\u00e7uba\u015fov ad\u0131na Elmi C\u0259rrahiyy\u0259 M\u0259rk\u0259zinin direktoru,\u00a0H\u0259s\u0259n b\u0259y Z\u0259rdabi n\u0259slind\u0259n olan\u00a0akademik\u00a0B\u00f6y\u00fckki\u015fi A\u011fayevl\u0259\u00a0vida m\u0259rasimi ke\u00e7irildi. AMEA-dan\u00a0Zerdab.com sayt\u0131na veril\u0259n m\u0259lumata g\u00f6r\u0259, m\u0259rasimd\u0259 d\u00f6vl\u0259t v\u0259 h\u00f6kum\u0259t r\u0259smil\u0259ri, elm v\u0259 tibb xadiml\u0259ri, s\u0259hiyy\u0259 i\u015f\u00e7il\u0259ri, ictimaiyy\u0259t v\u0259 K\u0130V n\u00fcmay\u0259nd\u0259l\u0259ri i\u015ftirak edirdil\u0259r. [&hellip;]<\/p>\n","protected":false},"author":1,"featured_media":0,"comment_status":"open","ping_status":"open","sticky":false,"template":"","format":"standard","meta":{"footnotes":""},"categories":[7,63],"tags":[],"class_list":{"0":"post-25812","1":"post","2":"type-post","3":"status-publish","4":"format-standard","6":"category-ziyalilar","7":"category-manset"},"yoast_head":"<!-- This site is optimized with the Yoast SEO plugin v27.0 - https:\/\/yoast.com\/product\/yoast-seo-wordpress\/ -->\n<title>Akademik B\u00f6y\u00fckki\u015fi A\u011fayevl\u0259 vida m\u0259rasimi - FOTOLAR - Z\u0259rdab.com<\/title>\n<meta name=\"robots\" content=\"index, follow, max-snippet:-1, max-image-preview:large, max-video-preview:-1\" \/>\n<link rel=\"canonical\" href=\"https:\/\/www.zerdab.com\/?p=25812\" \/>\n<meta property=\"og:locale\" content=\"az_AZ\" \/>\n<meta property=\"og:type\" content=\"article\" \/>\n<meta property=\"og:title\" content=\"Akademik B\u00f6y\u00fckki\u015fi A\u011fayevl\u0259 vida m\u0259rasimi - FOTOLAR - Z\u0259rdab.com\" \/>\n<meta property=\"og:description\" content=\"AMEA-n\u0131n \u018fsas binas\u0131nda Az\u0259rbaycan\u0131n tan\u0131nm\u0131\u015f c\u0259rrah\u0131, \u0259sl\u0259n Z\u0259rdab rayonundan olan,\u00a0 Az\u0259rbaycan Tibb Universitetinin II C\u0259rrahi x\u0259st\u0259likl\u0259r kafedras\u0131n\u0131n m\u00fcdiri, akademik M. Top\u00e7uba\u015fov ad\u0131na Elmi C\u0259rrahiyy\u0259 M\u0259rk\u0259zinin direktoru,\u00a0H\u0259s\u0259n b\u0259y Z\u0259rdabi n\u0259slind\u0259n olan\u00a0akademik\u00a0B\u00f6y\u00fckki\u015fi A\u011fayevl\u0259\u00a0vida m\u0259rasimi ke\u00e7irildi. AMEA-dan\u00a0Zerdab.com sayt\u0131na veril\u0259n m\u0259lumata g\u00f6r\u0259, m\u0259rasimd\u0259 d\u00f6vl\u0259t v\u0259 h\u00f6kum\u0259t r\u0259smil\u0259ri, elm v\u0259 tibb xadiml\u0259ri, s\u0259hiyy\u0259 i\u015f\u00e7il\u0259ri, ictimaiyy\u0259t v\u0259 K\u0130V n\u00fcmay\u0259nd\u0259l\u0259ri i\u015ftirak edirdil\u0259r. [&hellip;]\" \/>\n<meta property=\"og:url\" content=\"https:\/\/www.zerdab.com\/?p=25812\" \/>\n<meta property=\"og:site_name\" content=\"Z\u0259rdab.com\" \/>\n<meta property=\"article:published_time\" content=\"2018-04-05T08:35:40+00:00\" \/>\n<meta name=\"author\" content=\"admin\" \/>\n<meta name=\"twitter:card\" content=\"summary_large_image\" \/>\n<meta name=\"twitter:label1\" content=\"Written by\" \/>\n\t<meta name=\"twitter:data1\" content=\"admin\" \/>\n\t<meta name=\"twitter:label2\" content=\"Est. reading time\" \/>\n\t<meta name=\"twitter:data2\" content=\"5 minutes\" \/>\n<script type=\"application\/ld+json\" class=\"yoast-schema-graph\">{\"@context\":\"https:\/\/schema.org\",\"@graph\":[{\"@type\":\"Article\",\"@id\":\"https:\/\/www.zerdab.com\/?p=25812#article\",\"isPartOf\":{\"@id\":\"https:\/\/www.zerdab.com\/?p=25812\"},\"author\":{\"name\":\"admin\",\"@id\":\"https:\/\/www.zerdab.com\/#\/schema\/person\/97079b7570c1e89ec0d9e138c3672136\"},\"headline\":\"Akademik B\u00f6y\u00fckki\u015fi A\u011fayevl\u0259 vida m\u0259rasimi &#8211; FOTOLAR\",\"datePublished\":\"2018-04-05T08:35:40+00:00\",\"mainEntityOfPage\":{\"@id\":\"https:\/\/www.zerdab.com\/?p=25812\"},\"wordCount\":953,\"commentCount\":0,\"articleSection\":[\"F\u018fXRL\u018fR\u0130M\u0130Z\",\"MAN\u015eET\"],\"inLanguage\":\"az\",\"potentialAction\":[{\"@type\":\"CommentAction\",\"name\":\"Comment\",\"target\":[\"https:\/\/www.zerdab.com\/?p=25812#respond\"]}]},{\"@type\":\"WebPage\",\"@id\":\"https:\/\/www.zerdab.com\/?p=25812\",\"url\":\"https:\/\/www.zerdab.com\/?p=25812\",\"name\":\"Akademik B\u00f6y\u00fckki\u015fi A\u011fayevl\u0259 vida m\u0259rasimi - FOTOLAR - Z\u0259rdab.com\",\"isPartOf\":{\"@id\":\"https:\/\/www.zerdab.com\/#website\"},\"datePublished\":\"2018-04-05T08:35:40+00:00\",\"author\":{\"@id\":\"https:\/\/www.zerdab.com\/#\/schema\/person\/97079b7570c1e89ec0d9e138c3672136\"},\"breadcrumb\":{\"@id\":\"https:\/\/www.zerdab.com\/?p=25812#breadcrumb\"},\"inLanguage\":\"az\",\"potentialAction\":[{\"@type\":\"ReadAction\",\"target\":[\"https:\/\/www.zerdab.com\/?p=25812\"]}]},{\"@type\":\"BreadcrumbList\",\"@id\":\"https:\/\/www.zerdab.com\/?p=25812#breadcrumb\",\"itemListElement\":[{\"@type\":\"ListItem\",\"position\":1,\"name\":\"Home\",\"item\":\"https:\/\/www.zerdab.com\/\"},{\"@type\":\"ListItem\",\"position\":2,\"name\":\"Akademik B\u00f6y\u00fckki\u015fi A\u011fayevl\u0259 vida m\u0259rasimi &#8211; FOTOLAR\"}]},{\"@type\":\"WebSite\",\"@id\":\"https:\/\/www.zerdab.com\/#website\",\"url\":\"https:\/\/www.zerdab.com\/\",\"name\":\"Z\u0259rdab.com\",\"description\":\"\",\"potentialAction\":[{\"@type\":\"SearchAction\",\"target\":{\"@type\":\"EntryPoint\",\"urlTemplate\":\"https:\/\/www.zerdab.com\/?s={search_term_string}\"},\"query-input\":{\"@type\":\"PropertyValueSpecification\",\"valueRequired\":true,\"valueName\":\"search_term_string\"}}],\"inLanguage\":\"az\"},{\"@type\":\"Person\",\"@id\":\"https:\/\/www.zerdab.com\/#\/schema\/person\/97079b7570c1e89ec0d9e138c3672136\",\"name\":\"admin\",\"image\":{\"@type\":\"ImageObject\",\"inLanguage\":\"az\",\"@id\":\"https:\/\/www.zerdab.com\/#\/schema\/person\/image\/\",\"url\":\"https:\/\/secure.gravatar.com\/avatar\/d9c52a9a27c32119cb6679a077fa3e2779e5f822c451cbf01098004361d466ec?s=96&d=mm&r=g\",\"contentUrl\":\"https:\/\/secure.gravatar.com\/avatar\/d9c52a9a27c32119cb6679a077fa3e2779e5f822c451cbf01098004361d466ec?s=96&d=mm&r=g\",\"caption\":\"admin\"},\"url\":\"https:\/\/www.zerdab.com\/?author=1\"}]}<\/script>\n<!-- \/ Yoast SEO plugin. -->","yoast_head_json":{"title":"Akademik B\u00f6y\u00fckki\u015fi A\u011fayevl\u0259 vida m\u0259rasimi - FOTOLAR - Z\u0259rdab.com","robots":{"index":"index","follow":"follow","max-snippet":"max-snippet:-1","max-image-preview":"max-image-preview:large","max-video-preview":"max-video-preview:-1"},"canonical":"https:\/\/www.zerdab.com\/?p=25812","og_locale":"az_AZ","og_type":"article","og_title":"Akademik B\u00f6y\u00fckki\u015fi A\u011fayevl\u0259 vida m\u0259rasimi - FOTOLAR - Z\u0259rdab.com","og_description":"AMEA-n\u0131n \u018fsas binas\u0131nda Az\u0259rbaycan\u0131n tan\u0131nm\u0131\u015f c\u0259rrah\u0131, \u0259sl\u0259n Z\u0259rdab rayonundan olan,\u00a0 Az\u0259rbaycan Tibb Universitetinin II C\u0259rrahi x\u0259st\u0259likl\u0259r kafedras\u0131n\u0131n m\u00fcdiri, akademik M. Top\u00e7uba\u015fov ad\u0131na Elmi C\u0259rrahiyy\u0259 M\u0259rk\u0259zinin direktoru,\u00a0H\u0259s\u0259n b\u0259y Z\u0259rdabi n\u0259slind\u0259n olan\u00a0akademik\u00a0B\u00f6y\u00fckki\u015fi A\u011fayevl\u0259\u00a0vida m\u0259rasimi ke\u00e7irildi. AMEA-dan\u00a0Zerdab.com sayt\u0131na veril\u0259n m\u0259lumata g\u00f6r\u0259, m\u0259rasimd\u0259 d\u00f6vl\u0259t v\u0259 h\u00f6kum\u0259t r\u0259smil\u0259ri, elm v\u0259 tibb xadiml\u0259ri, s\u0259hiyy\u0259 i\u015f\u00e7il\u0259ri, ictimaiyy\u0259t v\u0259 K\u0130V n\u00fcmay\u0259nd\u0259l\u0259ri i\u015ftirak edirdil\u0259r. [&hellip;]","og_url":"https:\/\/www.zerdab.com\/?p=25812","og_site_name":"Z\u0259rdab.com","article_published_time":"2018-04-05T08:35:40+00:00","author":"admin","twitter_card":"summary_large_image","twitter_misc":{"Written by":"admin","Est. reading time":"5 minutes"},"schema":{"@context":"https:\/\/schema.org","@graph":[{"@type":"Article","@id":"https:\/\/www.zerdab.com\/?p=25812#article","isPartOf":{"@id":"https:\/\/www.zerdab.com\/?p=25812"},"author":{"name":"admin","@id":"https:\/\/www.zerdab.com\/#\/schema\/person\/97079b7570c1e89ec0d9e138c3672136"},"headline":"Akademik B\u00f6y\u00fckki\u015fi A\u011fayevl\u0259 vida m\u0259rasimi &#8211; FOTOLAR","datePublished":"2018-04-05T08:35:40+00:00","mainEntityOfPage":{"@id":"https:\/\/www.zerdab.com\/?p=25812"},"wordCount":953,"commentCount":0,"articleSection":["F\u018fXRL\u018fR\u0130M\u0130Z","MAN\u015eET"],"inLanguage":"az","potentialAction":[{"@type":"CommentAction","name":"Comment","target":["https:\/\/www.zerdab.com\/?p=25812#respond"]}]},{"@type":"WebPage","@id":"https:\/\/www.zerdab.com\/?p=25812","url":"https:\/\/www.zerdab.com\/?p=25812","name":"Akademik B\u00f6y\u00fckki\u015fi A\u011fayevl\u0259 vida m\u0259rasimi - FOTOLAR - Z\u0259rdab.com","isPartOf":{"@id":"https:\/\/www.zerdab.com\/#website"},"datePublished":"2018-04-05T08:35:40+00:00","author":{"@id":"https:\/\/www.zerdab.com\/#\/schema\/person\/97079b7570c1e89ec0d9e138c3672136"},"breadcrumb":{"@id":"https:\/\/www.zerdab.com\/?p=25812#breadcrumb"},"inLanguage":"az","potentialAction":[{"@type":"ReadAction","target":["https:\/\/www.zerdab.com\/?p=25812"]}]},{"@type":"BreadcrumbList","@id":"https:\/\/www.zerdab.com\/?p=25812#breadcrumb","itemListElement":[{"@type":"ListItem","position":1,"name":"Home","item":"https:\/\/www.zerdab.com\/"},{"@type":"ListItem","position":2,"name":"Akademik B\u00f6y\u00fckki\u015fi A\u011fayevl\u0259 vida m\u0259rasimi &#8211; FOTOLAR"}]},{"@type":"WebSite","@id":"https:\/\/www.zerdab.com\/#website","url":"https:\/\/www.zerdab.com\/","name":"Z\u0259rdab.com","description":"","potentialAction":[{"@type":"SearchAction","target":{"@type":"EntryPoint","urlTemplate":"https:\/\/www.zerdab.com\/?s={search_term_string}"},"query-input":{"@type":"PropertyValueSpecification","valueRequired":true,"valueName":"search_term_string"}}],"inLanguage":"az"},{"@type":"Person","@id":"https:\/\/www.zerdab.com\/#\/schema\/person\/97079b7570c1e89ec0d9e138c3672136","name":"admin","image":{"@type":"ImageObject","inLanguage":"az","@id":"https:\/\/www.zerdab.com\/#\/schema\/person\/image\/","url":"https:\/\/secure.gravatar.com\/avatar\/d9c52a9a27c32119cb6679a077fa3e2779e5f822c451cbf01098004361d466ec?s=96&d=mm&r=g","contentUrl":"https:\/\/secure.gravatar.com\/avatar\/d9c52a9a27c32119cb6679a077fa3e2779e5f822c451cbf01098004361d466ec?s=96&d=mm&r=g","caption":"admin"},"url":"https:\/\/www.zerdab.com\/?author=1"}]}},"_links":{"self":[{"href":"https:\/\/www.zerdab.com\/index.php?rest_route=\/wp\/v2\/posts\/25812","targetHints":{"allow":["GET"]}}],"collection":[{"href":"https:\/\/www.zerdab.com\/index.php?rest_route=\/wp\/v2\/posts"}],"about":[{"href":"https:\/\/www.zerdab.com\/index.php?rest_route=\/wp\/v2\/types\/post"}],"author":[{"embeddable":true,"href":"https:\/\/www.zerdab.com\/index.php?rest_route=\/wp\/v2\/users\/1"}],"replies":[{"embeddable":true,"href":"https:\/\/www.zerdab.com\/index.php?rest_route=%2Fwp%2Fv2%2Fcomments&post=25812"}],"version-history":[{"count":1,"href":"https:\/\/www.zerdab.com\/index.php?rest_route=\/wp\/v2\/posts\/25812\/revisions"}],"predecessor-version":[{"id":25823,"href":"https:\/\/www.zerdab.com\/index.php?rest_route=\/wp\/v2\/posts\/25812\/revisions\/25823"}],"wp:attachment":[{"href":"https:\/\/www.zerdab.com\/index.php?rest_route=%2Fwp%2Fv2%2Fmedia&parent=25812"}],"wp:term":[{"taxonomy":"category","embeddable":true,"href":"https:\/\/www.zerdab.com\/index.php?rest_route=%2Fwp%2Fv2%2Fcategories&post=25812"},{"taxonomy":"post_tag","embeddable":true,"href":"https:\/\/www.zerdab.com\/index.php?rest_route=%2Fwp%2Fv2%2Ftags&post=25812"}],"curies":[{"name":"wp","href":"https:\/\/api.w.org\/{rel}","templated":true}]}}