{"id":25844,"date":"2018-04-13T14:49:22","date_gmt":"2018-04-13T10:49:22","guid":{"rendered":"http:\/\/www.zerdab.com\/?p=25844"},"modified":"2018-04-13T14:54:07","modified_gmt":"2018-04-13T10:54:07","slug":"prezident-h%c9%99myerlimiz-inqilab-muradovu-daxili-qosunlarin-q%c9%99rargah-r%c9%99isinin-1-ci-muavini-t%c9%99yin-etdi","status":"publish","type":"post","link":"https:\/\/www.zerdab.com\/?p=25844","title":{"rendered":"Prezident h\u0259myerlimiz \u0130nqilab Muradovu Daxili Qo\u015funlar\u0131n Q\u0259rargah r\u0259isinin 1-ci m\u00fcavini t\u0259yin etdi"},"content":{"rendered":"<p>Prezident \u0130lham \u018fliyev Z\u0259rdab\u0131n yetirm\u0259si\u00a0<strong>Muradov \u0130nqilab Heyd\u0259r o\u011flu <\/strong>il\u0259 ba\u011fl\u0131 yeni s\u0259r\u0259ncam imzalay\u0131b.\u00a0<span style=\"color: #ff0000;\"><strong>Zerdab.com<\/strong><\/span> sayt\u0131 x\u0259b\u0259r verir ki, d\u00f6vl\u0259t ba\u015f\u00e7\u0131s\u0131 \u0130lham \u018fliyev \u0130nqilab Muradovu Daxili \u0130\u015fl\u0259r Nazirliyi Daxili Qo\u015funlar\u0131n\u0131n Q\u0259rargah r\u0259isinin 1-ci m\u00fcavini t\u0259yin edib.<\/p>\n<p><strong>Qeyd ed\u0259k ki, Muradov \u0130nqilab Heyd\u0259r o\u011flu 1967-ci ild\u0259 Z\u0259rdab rayonunun \u0130saqba\u011f\u0131 k\u0259ndind\u0259 anadan olub.<\/strong>\u00a0U\u015faql\u0131q ill\u0259rind\u0259n h\u0259rbiy\u0259 b\u00f6y\u00fck maraq g\u00f6st\u0259rib. Odur ki, 1984-1988-ci ill\u0259rd\u0259 Rusiyan\u0131n Kam\u0131\u015finski Ali H\u0259rbi Komandanl\u0131q M\u0259kt\u0259bind\u0259 t\u0259hsil al\u0131b. 1993-c\u00fc ild\u0259n Az\u0259rbaycan Respublikas\u0131 Daxili \u0130\u015fl\u0259r Nazirliyinin Daxili Qo\u015funlar\u0131nda xidm\u0259tini davam etdirir. Polkovnik Muradov \u0130nqilab Heyd\u0259r o\u011flu haz\u0131rda N sayl\u0131 h\u0259rbi hiss\u0259d\u0259 briqada komandiridir.<\/p>\n<p>Az\u0259rbaycan Respublikas\u0131n\u0131n m\u0259rhum prezidenti Heyd\u0259r \u018fliyevin 30 iyun, 2002-ci il tarixli s\u0259r\u0259ncam\u0131 il\u0259 Az\u0259rbaycan Respublikas\u0131nda ictimai qaydan\u0131n v\u0259 ictimai t\u0259hl\u00fck\u0259sizliyin qorunmas\u0131nda, m\u00fct\u0259\u015f\u0259kkil cinay\u0259tkarl\u0131\u011fa, terror\u00e7ulu\u011fa v\u0259 dig\u0259r t\u0259hl\u00fck\u0259li cinay\u0259tl\u0259r\u0259 qar\u015f\u0131 m\u00fcbariz\u0259d\u0259, qanunsuz silahl\u0131 d\u0259st\u0259l\u0259rin z\u0259r\u0259rsizl\u0259\u015fdirilm\u0259sind\u0259 x\u00fcsusil\u0259 f\u0259rql\u0259ndiyin\u0259, \u015f\u00fcca\u0259t v\u0259 igidlik g\u00f6st\u0259rdiyin\u0259 g\u00f6r\u0259 \u201cAz\u0259rbaycan bayra\u011f\u0131\u201d ordeni il\u0259 t\u0259ltif edilib.<\/p>\n<p>Prezident \u0130lham \u018fliyev \u0130. Muradovun n\u00fcmun\u0259vi xidm\u0259tini n\u0259z\u0259r\u0259 alaraq onu 2007-ci ild\u0259 Bak\u0131 \u015f\u0259h\u0259rind\u0259 m\u0259nzill\u0259 t\u0259min edib.<\/p>\n<p>H\u0259myerlimiz \u0130nqilab Muradov \u201cQ\u00fcsursuz xidm\u0259tl\u0259r\u0259 g\u00f6r\u0259\u201d, \u201cH\u0259rbi xidm\u0259tl\u0259r\u0259 g\u00f6r\u0259\u201d, 2 v\u0259 3 d\u0259r\u0259c\u0259li \u201cH\u0259rbi xidm\u0259td\u0259 f\u0259rql\u0259nm\u0259y\u0259 g\u00f6r\u0259\u201d, Az\u0259rbaycan Respublikas\u0131 Silahl\u0131 Q\u00fcvv\u0259l\u0259rinin yubiley medallar\u0131 il\u0259 d\u0259 t\u0259ltif olunub.<\/p>\n<p>D\u0259y\u0259rli h\u0259myerlimiz\u0259 \u015f\u0259r\u0259fli v\u0259 m\u0259suliyy\u0259tli i\u015find\u0259 u\u011furlar arzulay\u0131r\u0131q.<\/p>\n","protected":false},"excerpt":{"rendered":"<p>Prezident \u0130lham \u018fliyev Z\u0259rdab\u0131n yetirm\u0259si\u00a0Muradov \u0130nqilab Heyd\u0259r o\u011flu il\u0259 ba\u011fl\u0131 yeni s\u0259r\u0259ncam imzalay\u0131b.\u00a0Zerdab.com sayt\u0131 x\u0259b\u0259r verir ki, d\u00f6vl\u0259t ba\u015f\u00e7\u0131s\u0131 \u0130lham \u018fliyev \u0130nqilab Muradovu Daxili \u0130\u015fl\u0259r Nazirliyi Daxili Qo\u015funlar\u0131n\u0131n Q\u0259rargah r\u0259isinin 1-ci m\u00fcavini t\u0259yin edib. Qeyd ed\u0259k ki, Muradov \u0130nqilab Heyd\u0259r o\u011flu 1967-ci ild\u0259 Z\u0259rdab rayonunun \u0130saqba\u011f\u0131 k\u0259ndind\u0259 anadan olub.\u00a0U\u015faql\u0131q ill\u0259rind\u0259n h\u0259rbiy\u0259 b\u00f6y\u00fck maraq g\u00f6st\u0259rib. Odur [&hellip;]<\/p>\n","protected":false},"author":1,"featured_media":25845,"comment_status":"open","ping_status":"open","sticky":false,"template":"","format":"standard","meta":{"footnotes":""},"categories":[7,63],"tags":[],"class_list":{"0":"post-25844","1":"post","2":"type-post","3":"status-publish","4":"format-standard","5":"has-post-thumbnail","7":"category-ziyalilar","8":"category-manset"},"yoast_head":"<!-- This site is optimized with the Yoast SEO plugin v27.0 - https:\/\/yoast.com\/product\/yoast-seo-wordpress\/ -->\n<title>Prezident h\u0259myerlimiz \u0130nqilab Muradovu Daxili Qo\u015funlar\u0131n Q\u0259rargah r\u0259isinin 1-ci m\u00fcavini t\u0259yin etdi - Z\u0259rdab.com<\/title>\n<meta name=\"robots\" content=\"index, follow, max-snippet:-1, max-image-preview:large, max-video-preview:-1\" \/>\n<link rel=\"canonical\" href=\"https:\/\/www.zerdab.com\/?p=25844\" \/>\n<meta property=\"og:locale\" content=\"az_AZ\" \/>\n<meta property=\"og:type\" content=\"article\" \/>\n<meta property=\"og:title\" content=\"Prezident h\u0259myerlimiz \u0130nqilab Muradovu Daxili Qo\u015funlar\u0131n Q\u0259rargah r\u0259isinin 1-ci m\u00fcavini t\u0259yin etdi - Z\u0259rdab.com\" \/>\n<meta property=\"og:description\" content=\"Prezident \u0130lham \u018fliyev Z\u0259rdab\u0131n yetirm\u0259si\u00a0Muradov \u0130nqilab Heyd\u0259r o\u011flu il\u0259 ba\u011fl\u0131 yeni s\u0259r\u0259ncam imzalay\u0131b.\u00a0Zerdab.com sayt\u0131 x\u0259b\u0259r verir ki, d\u00f6vl\u0259t ba\u015f\u00e7\u0131s\u0131 \u0130lham \u018fliyev \u0130nqilab Muradovu Daxili \u0130\u015fl\u0259r Nazirliyi Daxili Qo\u015funlar\u0131n\u0131n Q\u0259rargah r\u0259isinin 1-ci m\u00fcavini t\u0259yin edib. Qeyd ed\u0259k ki, Muradov \u0130nqilab Heyd\u0259r o\u011flu 1967-ci ild\u0259 Z\u0259rdab rayonunun \u0130saqba\u011f\u0131 k\u0259ndind\u0259 anadan olub.\u00a0U\u015faql\u0131q ill\u0259rind\u0259n h\u0259rbiy\u0259 b\u00f6y\u00fck maraq g\u00f6st\u0259rib. Odur [&hellip;]\" \/>\n<meta property=\"og:url\" content=\"https:\/\/www.zerdab.com\/?p=25844\" \/>\n<meta property=\"og:site_name\" content=\"Z\u0259rdab.com\" \/>\n<meta property=\"article:published_time\" content=\"2018-04-13T10:49:22+00:00\" \/>\n<meta property=\"article:modified_time\" content=\"2018-04-13T10:54:07+00:00\" \/>\n<meta property=\"og:image\" content=\"https:\/\/www.zerdab.com\/wp-content\/uploads\/2018\/04\/daxili-qosunlar-inqilab-muradov3.jpeg\" \/>\n\t<meta property=\"og:image:width\" content=\"523\" \/>\n\t<meta property=\"og:image:height\" content=\"327\" \/>\n\t<meta property=\"og:image:type\" content=\"image\/jpeg\" \/>\n<meta name=\"author\" content=\"admin\" \/>\n<meta name=\"twitter:card\" content=\"summary_large_image\" \/>\n<meta name=\"twitter:label1\" content=\"Written by\" \/>\n\t<meta name=\"twitter:data1\" content=\"admin\" \/>\n\t<meta name=\"twitter:label2\" content=\"Est. reading time\" \/>\n\t<meta name=\"twitter:data2\" content=\"2 minutes\" \/>\n<script type=\"application\/ld+json\" class=\"yoast-schema-graph\">{\"@context\":\"https:\/\/schema.org\",\"@graph\":[{\"@type\":\"Article\",\"@id\":\"https:\/\/www.zerdab.com\/?p=25844#article\",\"isPartOf\":{\"@id\":\"https:\/\/www.zerdab.com\/?p=25844\"},\"author\":{\"name\":\"admin\",\"@id\":\"https:\/\/www.zerdab.com\/#\/schema\/person\/97079b7570c1e89ec0d9e138c3672136\"},\"headline\":\"Prezident h\u0259myerlimiz \u0130nqilab Muradovu Daxili Qo\u015funlar\u0131n Q\u0259rargah r\u0259isinin 1-ci m\u00fcavini t\u0259yin etdi\",\"datePublished\":\"2018-04-13T10:49:22+00:00\",\"dateModified\":\"2018-04-13T10:54:07+00:00\",\"mainEntityOfPage\":{\"@id\":\"https:\/\/www.zerdab.com\/?p=25844\"},\"wordCount\":350,\"commentCount\":0,\"image\":{\"@id\":\"https:\/\/www.zerdab.com\/?p=25844#primaryimage\"},\"thumbnailUrl\":\"https:\/\/www.zerdab.com\/wp-content\/uploads\/2018\/04\/daxili-qosunlar-inqilab-muradov3.jpeg\",\"articleSection\":[\"F\u018fXRL\u018fR\u0130M\u0130Z\",\"MAN\u015eET\"],\"inLanguage\":\"az\",\"potentialAction\":[{\"@type\":\"CommentAction\",\"name\":\"Comment\",\"target\":[\"https:\/\/www.zerdab.com\/?p=25844#respond\"]}]},{\"@type\":\"WebPage\",\"@id\":\"https:\/\/www.zerdab.com\/?p=25844\",\"url\":\"https:\/\/www.zerdab.com\/?p=25844\",\"name\":\"Prezident h\u0259myerlimiz \u0130nqilab Muradovu Daxili Qo\u015funlar\u0131n Q\u0259rargah r\u0259isinin 1-ci m\u00fcavini t\u0259yin etdi - Z\u0259rdab.com\",\"isPartOf\":{\"@id\":\"https:\/\/www.zerdab.com\/#website\"},\"primaryImageOfPage\":{\"@id\":\"https:\/\/www.zerdab.com\/?p=25844#primaryimage\"},\"image\":{\"@id\":\"https:\/\/www.zerdab.com\/?p=25844#primaryimage\"},\"thumbnailUrl\":\"https:\/\/www.zerdab.com\/wp-content\/uploads\/2018\/04\/daxili-qosunlar-inqilab-muradov3.jpeg\",\"datePublished\":\"2018-04-13T10:49:22+00:00\",\"dateModified\":\"2018-04-13T10:54:07+00:00\",\"author\":{\"@id\":\"https:\/\/www.zerdab.com\/#\/schema\/person\/97079b7570c1e89ec0d9e138c3672136\"},\"breadcrumb\":{\"@id\":\"https:\/\/www.zerdab.com\/?p=25844#breadcrumb\"},\"inLanguage\":\"az\",\"potentialAction\":[{\"@type\":\"ReadAction\",\"target\":[\"https:\/\/www.zerdab.com\/?p=25844\"]}]},{\"@type\":\"ImageObject\",\"inLanguage\":\"az\",\"@id\":\"https:\/\/www.zerdab.com\/?p=25844#primaryimage\",\"url\":\"https:\/\/www.zerdab.com\/wp-content\/uploads\/2018\/04\/daxili-qosunlar-inqilab-muradov3.jpeg\",\"contentUrl\":\"https:\/\/www.zerdab.com\/wp-content\/uploads\/2018\/04\/daxili-qosunlar-inqilab-muradov3.jpeg\",\"width\":523,\"height\":327,\"caption\":\"daxili qosunlar-inqilab-muradov\"},{\"@type\":\"BreadcrumbList\",\"@id\":\"https:\/\/www.zerdab.com\/?p=25844#breadcrumb\",\"itemListElement\":[{\"@type\":\"ListItem\",\"position\":1,\"name\":\"Home\",\"item\":\"https:\/\/www.zerdab.com\/\"},{\"@type\":\"ListItem\",\"position\":2,\"name\":\"Prezident h\u0259myerlimiz \u0130nqilab Muradovu Daxili Qo\u015funlar\u0131n Q\u0259rargah r\u0259isinin 1-ci m\u00fcavini t\u0259yin etdi\"}]},{\"@type\":\"WebSite\",\"@id\":\"https:\/\/www.zerdab.com\/#website\",\"url\":\"https:\/\/www.zerdab.com\/\",\"name\":\"Z\u0259rdab.com\",\"description\":\"\",\"potentialAction\":[{\"@type\":\"SearchAction\",\"target\":{\"@type\":\"EntryPoint\",\"urlTemplate\":\"https:\/\/www.zerdab.com\/?s={search_term_string}\"},\"query-input\":{\"@type\":\"PropertyValueSpecification\",\"valueRequired\":true,\"valueName\":\"search_term_string\"}}],\"inLanguage\":\"az\"},{\"@type\":\"Person\",\"@id\":\"https:\/\/www.zerdab.com\/#\/schema\/person\/97079b7570c1e89ec0d9e138c3672136\",\"name\":\"admin\",\"image\":{\"@type\":\"ImageObject\",\"inLanguage\":\"az\",\"@id\":\"https:\/\/www.zerdab.com\/#\/schema\/person\/image\/\",\"url\":\"https:\/\/secure.gravatar.com\/avatar\/d9c52a9a27c32119cb6679a077fa3e2779e5f822c451cbf01098004361d466ec?s=96&d=mm&r=g\",\"contentUrl\":\"https:\/\/secure.gravatar.com\/avatar\/d9c52a9a27c32119cb6679a077fa3e2779e5f822c451cbf01098004361d466ec?s=96&d=mm&r=g\",\"caption\":\"admin\"},\"url\":\"https:\/\/www.zerdab.com\/?author=1\"}]}<\/script>\n<!-- \/ Yoast SEO plugin. -->","yoast_head_json":{"title":"Prezident h\u0259myerlimiz \u0130nqilab Muradovu Daxili Qo\u015funlar\u0131n Q\u0259rargah r\u0259isinin 1-ci m\u00fcavini t\u0259yin etdi - Z\u0259rdab.com","robots":{"index":"index","follow":"follow","max-snippet":"max-snippet:-1","max-image-preview":"max-image-preview:large","max-video-preview":"max-video-preview:-1"},"canonical":"https:\/\/www.zerdab.com\/?p=25844","og_locale":"az_AZ","og_type":"article","og_title":"Prezident h\u0259myerlimiz \u0130nqilab Muradovu Daxili Qo\u015funlar\u0131n Q\u0259rargah r\u0259isinin 1-ci m\u00fcavini t\u0259yin etdi - Z\u0259rdab.com","og_description":"Prezident \u0130lham \u018fliyev Z\u0259rdab\u0131n yetirm\u0259si\u00a0Muradov \u0130nqilab Heyd\u0259r o\u011flu il\u0259 ba\u011fl\u0131 yeni s\u0259r\u0259ncam imzalay\u0131b.\u00a0Zerdab.com sayt\u0131 x\u0259b\u0259r verir ki, d\u00f6vl\u0259t ba\u015f\u00e7\u0131s\u0131 \u0130lham \u018fliyev \u0130nqilab Muradovu Daxili \u0130\u015fl\u0259r Nazirliyi Daxili Qo\u015funlar\u0131n\u0131n Q\u0259rargah r\u0259isinin 1-ci m\u00fcavini t\u0259yin edib. Qeyd ed\u0259k ki, Muradov \u0130nqilab Heyd\u0259r o\u011flu 1967-ci ild\u0259 Z\u0259rdab rayonunun \u0130saqba\u011f\u0131 k\u0259ndind\u0259 anadan olub.\u00a0U\u015faql\u0131q ill\u0259rind\u0259n h\u0259rbiy\u0259 b\u00f6y\u00fck maraq g\u00f6st\u0259rib. Odur [&hellip;]","og_url":"https:\/\/www.zerdab.com\/?p=25844","og_site_name":"Z\u0259rdab.com","article_published_time":"2018-04-13T10:49:22+00:00","article_modified_time":"2018-04-13T10:54:07+00:00","og_image":[{"width":523,"height":327,"url":"https:\/\/www.zerdab.com\/wp-content\/uploads\/2018\/04\/daxili-qosunlar-inqilab-muradov3.jpeg","type":"image\/jpeg"}],"author":"admin","twitter_card":"summary_large_image","twitter_misc":{"Written by":"admin","Est. reading time":"2 minutes"},"schema":{"@context":"https:\/\/schema.org","@graph":[{"@type":"Article","@id":"https:\/\/www.zerdab.com\/?p=25844#article","isPartOf":{"@id":"https:\/\/www.zerdab.com\/?p=25844"},"author":{"name":"admin","@id":"https:\/\/www.zerdab.com\/#\/schema\/person\/97079b7570c1e89ec0d9e138c3672136"},"headline":"Prezident h\u0259myerlimiz \u0130nqilab Muradovu Daxili Qo\u015funlar\u0131n Q\u0259rargah r\u0259isinin 1-ci m\u00fcavini t\u0259yin etdi","datePublished":"2018-04-13T10:49:22+00:00","dateModified":"2018-04-13T10:54:07+00:00","mainEntityOfPage":{"@id":"https:\/\/www.zerdab.com\/?p=25844"},"wordCount":350,"commentCount":0,"image":{"@id":"https:\/\/www.zerdab.com\/?p=25844#primaryimage"},"thumbnailUrl":"https:\/\/www.zerdab.com\/wp-content\/uploads\/2018\/04\/daxili-qosunlar-inqilab-muradov3.jpeg","articleSection":["F\u018fXRL\u018fR\u0130M\u0130Z","MAN\u015eET"],"inLanguage":"az","potentialAction":[{"@type":"CommentAction","name":"Comment","target":["https:\/\/www.zerdab.com\/?p=25844#respond"]}]},{"@type":"WebPage","@id":"https:\/\/www.zerdab.com\/?p=25844","url":"https:\/\/www.zerdab.com\/?p=25844","name":"Prezident h\u0259myerlimiz \u0130nqilab Muradovu Daxili Qo\u015funlar\u0131n Q\u0259rargah r\u0259isinin 1-ci m\u00fcavini t\u0259yin etdi - Z\u0259rdab.com","isPartOf":{"@id":"https:\/\/www.zerdab.com\/#website"},"primaryImageOfPage":{"@id":"https:\/\/www.zerdab.com\/?p=25844#primaryimage"},"image":{"@id":"https:\/\/www.zerdab.com\/?p=25844#primaryimage"},"thumbnailUrl":"https:\/\/www.zerdab.com\/wp-content\/uploads\/2018\/04\/daxili-qosunlar-inqilab-muradov3.jpeg","datePublished":"2018-04-13T10:49:22+00:00","dateModified":"2018-04-13T10:54:07+00:00","author":{"@id":"https:\/\/www.zerdab.com\/#\/schema\/person\/97079b7570c1e89ec0d9e138c3672136"},"breadcrumb":{"@id":"https:\/\/www.zerdab.com\/?p=25844#breadcrumb"},"inLanguage":"az","potentialAction":[{"@type":"ReadAction","target":["https:\/\/www.zerdab.com\/?p=25844"]}]},{"@type":"ImageObject","inLanguage":"az","@id":"https:\/\/www.zerdab.com\/?p=25844#primaryimage","url":"https:\/\/www.zerdab.com\/wp-content\/uploads\/2018\/04\/daxili-qosunlar-inqilab-muradov3.jpeg","contentUrl":"https:\/\/www.zerdab.com\/wp-content\/uploads\/2018\/04\/daxili-qosunlar-inqilab-muradov3.jpeg","width":523,"height":327,"caption":"daxili qosunlar-inqilab-muradov"},{"@type":"BreadcrumbList","@id":"https:\/\/www.zerdab.com\/?p=25844#breadcrumb","itemListElement":[{"@type":"ListItem","position":1,"name":"Home","item":"https:\/\/www.zerdab.com\/"},{"@type":"ListItem","position":2,"name":"Prezident h\u0259myerlimiz \u0130nqilab Muradovu Daxili Qo\u015funlar\u0131n Q\u0259rargah r\u0259isinin 1-ci m\u00fcavini t\u0259yin etdi"}]},{"@type":"WebSite","@id":"https:\/\/www.zerdab.com\/#website","url":"https:\/\/www.zerdab.com\/","name":"Z\u0259rdab.com","description":"","potentialAction":[{"@type":"SearchAction","target":{"@type":"EntryPoint","urlTemplate":"https:\/\/www.zerdab.com\/?s={search_term_string}"},"query-input":{"@type":"PropertyValueSpecification","valueRequired":true,"valueName":"search_term_string"}}],"inLanguage":"az"},{"@type":"Person","@id":"https:\/\/www.zerdab.com\/#\/schema\/person\/97079b7570c1e89ec0d9e138c3672136","name":"admin","image":{"@type":"ImageObject","inLanguage":"az","@id":"https:\/\/www.zerdab.com\/#\/schema\/person\/image\/","url":"https:\/\/secure.gravatar.com\/avatar\/d9c52a9a27c32119cb6679a077fa3e2779e5f822c451cbf01098004361d466ec?s=96&d=mm&r=g","contentUrl":"https:\/\/secure.gravatar.com\/avatar\/d9c52a9a27c32119cb6679a077fa3e2779e5f822c451cbf01098004361d466ec?s=96&d=mm&r=g","caption":"admin"},"url":"https:\/\/www.zerdab.com\/?author=1"}]}},"_links":{"self":[{"href":"https:\/\/www.zerdab.com\/index.php?rest_route=\/wp\/v2\/posts\/25844","targetHints":{"allow":["GET"]}}],"collection":[{"href":"https:\/\/www.zerdab.com\/index.php?rest_route=\/wp\/v2\/posts"}],"about":[{"href":"https:\/\/www.zerdab.com\/index.php?rest_route=\/wp\/v2\/types\/post"}],"author":[{"embeddable":true,"href":"https:\/\/www.zerdab.com\/index.php?rest_route=\/wp\/v2\/users\/1"}],"replies":[{"embeddable":true,"href":"https:\/\/www.zerdab.com\/index.php?rest_route=%2Fwp%2Fv2%2Fcomments&post=25844"}],"version-history":[{"count":4,"href":"https:\/\/www.zerdab.com\/index.php?rest_route=\/wp\/v2\/posts\/25844\/revisions"}],"predecessor-version":[{"id":25851,"href":"https:\/\/www.zerdab.com\/index.php?rest_route=\/wp\/v2\/posts\/25844\/revisions\/25851"}],"wp:featuredmedia":[{"embeddable":true,"href":"https:\/\/www.zerdab.com\/index.php?rest_route=\/wp\/v2\/media\/25845"}],"wp:attachment":[{"href":"https:\/\/www.zerdab.com\/index.php?rest_route=%2Fwp%2Fv2%2Fmedia&parent=25844"}],"wp:term":[{"taxonomy":"category","embeddable":true,"href":"https:\/\/www.zerdab.com\/index.php?rest_route=%2Fwp%2Fv2%2Fcategories&post=25844"},{"taxonomy":"post_tag","embeddable":true,"href":"https:\/\/www.zerdab.com\/index.php?rest_route=%2Fwp%2Fv2%2Ftags&post=25844"}],"curies":[{"name":"wp","href":"https:\/\/api.w.org\/{rel}","templated":true}]}}