{"id":25891,"date":"2018-05-17T15:15:22","date_gmt":"2018-05-17T11:15:22","guid":{"rendered":"http:\/\/www.zerdab.com\/?p=25891"},"modified":"2018-05-17T15:18:54","modified_gmt":"2018-05-17T11:18:54","slug":"mill%c9%99t-v%c9%99kilimiz-jal%c9%99-%c9%99liyeva-z%c9%99rdabda-secicil%c9%99ri-q%c9%99bul-edib-fotolar","status":"publish","type":"post","link":"https:\/\/www.zerdab.com\/?p=25891","title":{"rendered":"Mill\u0259t v\u0259kilimiz Jal\u0259 \u018fliyeva Z\u0259rdabda se\u00e7icil\u0259ri q\u0259bul edib &#8211; FOTOLAR"},"content":{"rendered":"<p>Z\u0259rdab-Ucar se\u00e7ki dair\u0259sind\u0259n mill\u0259t v\u0259kili, professor Jal\u0259 \u018fliyeva se\u00e7icil\u0259ri il\u0259 g\u00f6r\u00fc\u015fl\u0259rini davam etdirir. <span style=\"color: #ff0000;\"><strong>Zerdab.com<\/strong><\/span> sayt\u0131na veril\u0259n m\u0259lumata g\u00f6r\u0259, deputat n\u00f6vb\u0259ti q\u0259bulu Z\u0259rdab rayonunda ke\u00e7irib.<\/p>\n<p>\u00dcmummilli lider Heyd\u0259r \u018fliyevin anadan olmas\u0131n\u0131n 95-ci ild\u00f6n\u00fcm\u00fc \u0259r\u0259f\u0259sind\u0259 ba\u015f tutan q\u0259bulda mill\u0259t v\u0259kili bildirib ki, Ulu \u00f6nd\u0259r t\u0259xmin\u0259n yar\u0131m \u0259sr\u0259 yax\u0131n d\u00f6vr\u00fc \u0259hat\u0259 ed\u0259n siyasi f\u0259aliyy\u0259ti il\u0259 Az\u0259rbaycan xalq\u0131n\u0131n i\u015f\u0131ql\u0131 g\u0259l\u0259c\u0259yin\u0259 xidm\u0259t edib.<\/p>\n<p>Mill\u0259t v\u0259kili qeyd edib ki, Ulu \u00f6nd\u0259r Heyd\u0259r \u018fliyevin 95 illik yubileyi ist\u0259r \u00f6lk\u0259d\u0259, ist\u0259r xaricd\u0259 b\u00f6y\u00fck t\u0259nt\u0259n\u0259 il\u0259 qeyd olunur: &#8220;15 iyun 1993-c\u00fc ild\u0259 Ulu \u00d6nd\u0259r Heyd\u0259r \u018fliyev xalq\u0131n\u0131n ona \u00fcnvanlanan h\u0259y\u0259canl\u0131 s\u0259sin\u0259 s\u0259s verdi, ona uzanan \u00fcmid dolu \u0259ll\u0259rini \u00f6z g\u00fccl\u00fc \u0259li il\u0259 tutdu, ona b\u0259sl\u0259n\u0259n sonsuz \u00fcmidl\u0259r\u0259 arxa durdu v\u0259 Az\u0259rbaycanda yenid\u0259n hakimiyy\u0259t\u0259 qay\u0131td\u0131. Bu qay\u0131d\u0131\u015f Az\u0259rbaycan d\u00f6vl\u0259t\u00e7iliyinin s\u00fcbutuna \u00e7evrildi&#8221;.<\/p>\n<p>Mill\u0259t v\u0259kili Jal\u0259 \u018fliyeva daha sonra se\u00e7icil\u0259rini dinl\u0259yib. Mill\u0259t v\u0259kilinin qar\u015f\u0131s\u0131nda qald\u0131r\u0131lan probleml\u0259rin bir \u00e7oxu yerind\u0259c\u0259 h\u0259ll edilib, dig\u0259r m\u0259s\u0259l\u0259l\u0259rin h\u0259lli \u00fc\u00e7\u00fcn is\u0259 deputat t\u0259r\u0259find\u0259n m\u00fcvafiq qurumlara m\u00fcraci\u0259tl\u0259r g\u00f6nd\u0259rilib.<\/p>\n<p>Deputata edil\u0259n m\u00fcraci\u0259tl\u0259r \u0259sas\u0259n sosial m\u00fcavin\u0259tl\u0259rin, alimentl\u0259rin verilm\u0259si, i\u015f\u0259 q\u0259bul, m\u0259nzil s\u0259n\u0259dl\u0259\u015fm\u0259si m\u0259s\u0259l\u0259l\u0259rind\u0259 k\u00f6m\u0259k xarakterli olub.<\/p>\n<p>Qeyd ed\u0259k ki, deputat Jal\u0259 \u018fliyeva bir m\u00fcdd\u0259t \u0259vv\u0259l d\u0259 Z\u0259rdabda se\u00e7icil\u0259rinin q\u0259bulunu ke\u00e7irib. H\u0259r iki q\u0259buldan olan fotolar\u0131 t\u0259qdim edirik.<\/p>\n<p><a href=\"http:\/\/www.zerdab.com\/?attachment_id=25893\" rel=\"attachment wp-att-25893\"><img loading=\"lazy\" decoding=\"async\" class=\"aligncenter size-large wp-image-25893\" src=\"http:\/\/www.zerdab.com\/wp-content\/uploads\/2018\/05\/jale-eliyeva-qebul-550x309.jpeg\" alt=\"\" width=\"550\" height=\"309\" \/><\/a><a href=\"http:\/\/www.zerdab.com\/?attachment_id=25902\" rel=\"attachment wp-att-25902\"><img loading=\"lazy\" decoding=\"async\" class=\"aligncenter size-large wp-image-25902\" src=\"http:\/\/www.zerdab.com\/wp-content\/uploads\/2018\/05\/jale-eliyeva-qebul11-309x550.jpeg\" alt=\"\" width=\"309\" height=\"550\" \/><\/a><\/p>\n<p><a href=\"http:\/\/www.zerdab.com\/?attachment_id=25896\" rel=\"attachment wp-att-25896\"><img loading=\"lazy\" decoding=\"async\" class=\"aligncenter size-large wp-image-25896\" src=\"http:\/\/www.zerdab.com\/wp-content\/uploads\/2018\/05\/jale-eliyeva-qebul3-309x550.jpeg\" alt=\"\" width=\"309\" height=\"550\" \/><\/a><a href=\"http:\/\/www.zerdab.com\/?attachment_id=25900\" rel=\"attachment wp-att-25900\"><img loading=\"lazy\" decoding=\"async\" class=\"aligncenter size-large wp-image-25900\" src=\"http:\/\/www.zerdab.com\/wp-content\/uploads\/2018\/05\/jale-eliyeva-qebul8-309x550.jpeg\" alt=\"\" width=\"309\" height=\"550\" \/><\/a><a href=\"http:\/\/www.zerdab.com\/?attachment_id=25896\" rel=\"attachment wp-att-25896\"><img loading=\"lazy\" decoding=\"async\" class=\"aligncenter size-large wp-image-25896\" src=\"http:\/\/www.zerdab.com\/wp-content\/uploads\/2018\/05\/jale-eliyeva-qebul3-309x550.jpeg\" alt=\"\" width=\"309\" height=\"550\" \/><\/a><a href=\"http:\/\/www.zerdab.com\/?attachment_id=25907\" rel=\"attachment wp-att-25907\"><img loading=\"lazy\" decoding=\"async\" class=\"aligncenter size-large wp-image-25907\" src=\"http:\/\/www.zerdab.com\/wp-content\/uploads\/2018\/05\/jale-eliyeva-qebul16-309x550.jpeg\" alt=\"\" width=\"309\" height=\"550\" \/><\/a><\/p>\n<p><a href=\"http:\/\/www.zerdab.com\/?attachment_id=25899\" rel=\"attachment wp-att-25899\"><img loading=\"lazy\" decoding=\"async\" class=\"aligncenter size-large wp-image-25899\" src=\"http:\/\/www.zerdab.com\/wp-content\/uploads\/2018\/05\/jale-eliyeva-qebul7-309x550.jpeg\" alt=\"\" width=\"309\" height=\"550\" \/><\/a><a href=\"http:\/\/www.zerdab.com\/?attachment_id=25901\" rel=\"attachment wp-att-25901\"><img loading=\"lazy\" decoding=\"async\" class=\"aligncenter size-large wp-image-25901\" src=\"http:\/\/www.zerdab.com\/wp-content\/uploads\/2018\/05\/jale-eliyeva-qebul9-309x550.jpeg\" alt=\"\" width=\"309\" height=\"550\" \/><\/a><a href=\"http:\/\/www.zerdab.com\/?attachment_id=25906\" rel=\"attachment wp-att-25906\"><img loading=\"lazy\" decoding=\"async\" class=\"aligncenter size-large wp-image-25906\" src=\"http:\/\/www.zerdab.com\/wp-content\/uploads\/2018\/05\/jale-eliyeva-qebul15-309x550.jpeg\" alt=\"\" width=\"309\" height=\"550\" \/><\/a><a href=\"http:\/\/www.zerdab.com\/?attachment_id=25905\" rel=\"attachment wp-att-25905\"><img loading=\"lazy\" decoding=\"async\" class=\"aligncenter size-large wp-image-25905\" src=\"http:\/\/www.zerdab.com\/wp-content\/uploads\/2018\/05\/jale-eliyeva-qebul14-309x550.jpeg\" alt=\"\" width=\"309\" height=\"550\" \/><\/a><a href=\"http:\/\/www.zerdab.com\/?attachment_id=25904\" rel=\"attachment wp-att-25904\"><img loading=\"lazy\" decoding=\"async\" class=\"aligncenter size-large wp-image-25904\" src=\"http:\/\/www.zerdab.com\/wp-content\/uploads\/2018\/05\/jale-eliyeva-qebul13-309x550.jpeg\" alt=\"\" width=\"309\" height=\"550\" \/><\/a><a href=\"http:\/\/www.zerdab.com\/?attachment_id=25903\" rel=\"attachment wp-att-25903\"><img loading=\"lazy\" decoding=\"async\" class=\"aligncenter size-large wp-image-25903\" src=\"http:\/\/www.zerdab.com\/wp-content\/uploads\/2018\/05\/jale-eliyeva-qebul12-309x550.jpeg\" alt=\"\" width=\"309\" height=\"550\" \/><\/a><\/p>\n<p>&nbsp;<\/p>\n","protected":false},"excerpt":{"rendered":"<p>Z\u0259rdab-Ucar se\u00e7ki dair\u0259sind\u0259n mill\u0259t v\u0259kili, professor Jal\u0259 \u018fliyeva se\u00e7icil\u0259ri il\u0259 g\u00f6r\u00fc\u015fl\u0259rini davam etdirir. Zerdab.com sayt\u0131na veril\u0259n m\u0259lumata g\u00f6r\u0259, deputat n\u00f6vb\u0259ti q\u0259bulu Z\u0259rdab rayonunda ke\u00e7irib. \u00dcmummilli lider Heyd\u0259r \u018fliyevin anadan olmas\u0131n\u0131n 95-ci ild\u00f6n\u00fcm\u00fc \u0259r\u0259f\u0259sind\u0259 ba\u015f tutan q\u0259bulda mill\u0259t v\u0259kili bildirib ki, Ulu \u00f6nd\u0259r t\u0259xmin\u0259n yar\u0131m \u0259sr\u0259 yax\u0131n d\u00f6vr\u00fc \u0259hat\u0259 ed\u0259n siyasi f\u0259aliyy\u0259ti il\u0259 Az\u0259rbaycan xalq\u0131n\u0131n i\u015f\u0131ql\u0131 [&hellip;]<\/p>\n","protected":false},"author":1,"featured_media":0,"comment_status":"open","ping_status":"open","sticky":false,"template":"","format":"standard","meta":{"footnotes":""},"categories":[21,63],"tags":[],"class_list":{"0":"post-25891","1":"post","2":"type-post","3":"status-publish","4":"format-standard","6":"category-zrdab","7":"category-manset"},"yoast_head":"<!-- This site is optimized with the Yoast SEO plugin v27.0 - https:\/\/yoast.com\/product\/yoast-seo-wordpress\/ -->\n<title>Mill\u0259t v\u0259kilimiz Jal\u0259 \u018fliyeva Z\u0259rdabda se\u00e7icil\u0259ri q\u0259bul edib - FOTOLAR - Z\u0259rdab.com<\/title>\n<meta name=\"robots\" content=\"index, follow, max-snippet:-1, max-image-preview:large, max-video-preview:-1\" \/>\n<link rel=\"canonical\" href=\"https:\/\/www.zerdab.com\/?p=25891\" \/>\n<meta property=\"og:locale\" content=\"az_AZ\" \/>\n<meta property=\"og:type\" content=\"article\" \/>\n<meta property=\"og:title\" content=\"Mill\u0259t v\u0259kilimiz Jal\u0259 \u018fliyeva Z\u0259rdabda se\u00e7icil\u0259ri q\u0259bul edib - FOTOLAR - Z\u0259rdab.com\" \/>\n<meta property=\"og:description\" content=\"Z\u0259rdab-Ucar se\u00e7ki dair\u0259sind\u0259n mill\u0259t v\u0259kili, professor Jal\u0259 \u018fliyeva se\u00e7icil\u0259ri il\u0259 g\u00f6r\u00fc\u015fl\u0259rini davam etdirir. Zerdab.com sayt\u0131na veril\u0259n m\u0259lumata g\u00f6r\u0259, deputat n\u00f6vb\u0259ti q\u0259bulu Z\u0259rdab rayonunda ke\u00e7irib. \u00dcmummilli lider Heyd\u0259r \u018fliyevin anadan olmas\u0131n\u0131n 95-ci ild\u00f6n\u00fcm\u00fc \u0259r\u0259f\u0259sind\u0259 ba\u015f tutan q\u0259bulda mill\u0259t v\u0259kili bildirib ki, Ulu \u00f6nd\u0259r t\u0259xmin\u0259n yar\u0131m \u0259sr\u0259 yax\u0131n d\u00f6vr\u00fc \u0259hat\u0259 ed\u0259n siyasi f\u0259aliyy\u0259ti il\u0259 Az\u0259rbaycan xalq\u0131n\u0131n i\u015f\u0131ql\u0131 [&hellip;]\" \/>\n<meta property=\"og:url\" content=\"https:\/\/www.zerdab.com\/?p=25891\" \/>\n<meta property=\"og:site_name\" content=\"Z\u0259rdab.com\" \/>\n<meta property=\"article:published_time\" content=\"2018-05-17T11:15:22+00:00\" \/>\n<meta property=\"article:modified_time\" content=\"2018-05-17T11:18:54+00:00\" \/>\n<meta property=\"og:image\" content=\"http:\/\/www.zerdab.com\/wp-content\/uploads\/2018\/05\/jale-eliyeva-qebul-550x309.jpeg\" \/>\n<meta name=\"author\" content=\"admin\" \/>\n<meta name=\"twitter:card\" content=\"summary_large_image\" \/>\n<meta name=\"twitter:label1\" content=\"Written by\" \/>\n\t<meta name=\"twitter:data1\" content=\"admin\" \/>\n\t<meta name=\"twitter:label2\" content=\"Est. reading time\" \/>\n\t<meta name=\"twitter:data2\" content=\"2 minutes\" \/>\n<script type=\"application\/ld+json\" class=\"yoast-schema-graph\">{\"@context\":\"https:\/\/schema.org\",\"@graph\":[{\"@type\":\"Article\",\"@id\":\"https:\/\/www.zerdab.com\/?p=25891#article\",\"isPartOf\":{\"@id\":\"https:\/\/www.zerdab.com\/?p=25891\"},\"author\":{\"name\":\"admin\",\"@id\":\"https:\/\/www.zerdab.com\/#\/schema\/person\/97079b7570c1e89ec0d9e138c3672136\"},\"headline\":\"Mill\u0259t v\u0259kilimiz Jal\u0259 \u018fliyeva Z\u0259rdabda se\u00e7icil\u0259ri q\u0259bul edib &#8211; FOTOLAR\",\"datePublished\":\"2018-05-17T11:15:22+00:00\",\"dateModified\":\"2018-05-17T11:18:54+00:00\",\"mainEntityOfPage\":{\"@id\":\"https:\/\/www.zerdab.com\/?p=25891\"},\"wordCount\":348,\"commentCount\":0,\"image\":{\"@id\":\"https:\/\/www.zerdab.com\/?p=25891#primaryimage\"},\"thumbnailUrl\":\"http:\/\/www.zerdab.com\/wp-content\/uploads\/2018\/05\/jale-eliyeva-qebul-550x309.jpeg\",\"articleSection\":[\"C\u018fM\u0130YY\u018fT\",\"MAN\u015eET\"],\"inLanguage\":\"az\",\"potentialAction\":[{\"@type\":\"CommentAction\",\"name\":\"Comment\",\"target\":[\"https:\/\/www.zerdab.com\/?p=25891#respond\"]}]},{\"@type\":\"WebPage\",\"@id\":\"https:\/\/www.zerdab.com\/?p=25891\",\"url\":\"https:\/\/www.zerdab.com\/?p=25891\",\"name\":\"Mill\u0259t v\u0259kilimiz Jal\u0259 \u018fliyeva Z\u0259rdabda se\u00e7icil\u0259ri q\u0259bul edib - FOTOLAR - Z\u0259rdab.com\",\"isPartOf\":{\"@id\":\"https:\/\/www.zerdab.com\/#website\"},\"primaryImageOfPage\":{\"@id\":\"https:\/\/www.zerdab.com\/?p=25891#primaryimage\"},\"image\":{\"@id\":\"https:\/\/www.zerdab.com\/?p=25891#primaryimage\"},\"thumbnailUrl\":\"http:\/\/www.zerdab.com\/wp-content\/uploads\/2018\/05\/jale-eliyeva-qebul-550x309.jpeg\",\"datePublished\":\"2018-05-17T11:15:22+00:00\",\"dateModified\":\"2018-05-17T11:18:54+00:00\",\"author\":{\"@id\":\"https:\/\/www.zerdab.com\/#\/schema\/person\/97079b7570c1e89ec0d9e138c3672136\"},\"breadcrumb\":{\"@id\":\"https:\/\/www.zerdab.com\/?p=25891#breadcrumb\"},\"inLanguage\":\"az\",\"potentialAction\":[{\"@type\":\"ReadAction\",\"target\":[\"https:\/\/www.zerdab.com\/?p=25891\"]}]},{\"@type\":\"ImageObject\",\"inLanguage\":\"az\",\"@id\":\"https:\/\/www.zerdab.com\/?p=25891#primaryimage\",\"url\":\"\",\"contentUrl\":\"\"},{\"@type\":\"BreadcrumbList\",\"@id\":\"https:\/\/www.zerdab.com\/?p=25891#breadcrumb\",\"itemListElement\":[{\"@type\":\"ListItem\",\"position\":1,\"name\":\"Home\",\"item\":\"https:\/\/www.zerdab.com\/\"},{\"@type\":\"ListItem\",\"position\":2,\"name\":\"Mill\u0259t v\u0259kilimiz Jal\u0259 \u018fliyeva Z\u0259rdabda se\u00e7icil\u0259ri q\u0259bul edib &#8211; FOTOLAR\"}]},{\"@type\":\"WebSite\",\"@id\":\"https:\/\/www.zerdab.com\/#website\",\"url\":\"https:\/\/www.zerdab.com\/\",\"name\":\"Z\u0259rdab.com\",\"description\":\"\",\"potentialAction\":[{\"@type\":\"SearchAction\",\"target\":{\"@type\":\"EntryPoint\",\"urlTemplate\":\"https:\/\/www.zerdab.com\/?s={search_term_string}\"},\"query-input\":{\"@type\":\"PropertyValueSpecification\",\"valueRequired\":true,\"valueName\":\"search_term_string\"}}],\"inLanguage\":\"az\"},{\"@type\":\"Person\",\"@id\":\"https:\/\/www.zerdab.com\/#\/schema\/person\/97079b7570c1e89ec0d9e138c3672136\",\"name\":\"admin\",\"image\":{\"@type\":\"ImageObject\",\"inLanguage\":\"az\",\"@id\":\"https:\/\/www.zerdab.com\/#\/schema\/person\/image\/\",\"url\":\"https:\/\/secure.gravatar.com\/avatar\/d9c52a9a27c32119cb6679a077fa3e2779e5f822c451cbf01098004361d466ec?s=96&d=mm&r=g\",\"contentUrl\":\"https:\/\/secure.gravatar.com\/avatar\/d9c52a9a27c32119cb6679a077fa3e2779e5f822c451cbf01098004361d466ec?s=96&d=mm&r=g\",\"caption\":\"admin\"},\"url\":\"https:\/\/www.zerdab.com\/?author=1\"}]}<\/script>\n<!-- \/ Yoast SEO plugin. -->","yoast_head_json":{"title":"Mill\u0259t v\u0259kilimiz Jal\u0259 \u018fliyeva Z\u0259rdabda se\u00e7icil\u0259ri q\u0259bul edib - FOTOLAR - Z\u0259rdab.com","robots":{"index":"index","follow":"follow","max-snippet":"max-snippet:-1","max-image-preview":"max-image-preview:large","max-video-preview":"max-video-preview:-1"},"canonical":"https:\/\/www.zerdab.com\/?p=25891","og_locale":"az_AZ","og_type":"article","og_title":"Mill\u0259t v\u0259kilimiz Jal\u0259 \u018fliyeva Z\u0259rdabda se\u00e7icil\u0259ri q\u0259bul edib - FOTOLAR - Z\u0259rdab.com","og_description":"Z\u0259rdab-Ucar se\u00e7ki dair\u0259sind\u0259n mill\u0259t v\u0259kili, professor Jal\u0259 \u018fliyeva se\u00e7icil\u0259ri il\u0259 g\u00f6r\u00fc\u015fl\u0259rini davam etdirir. Zerdab.com sayt\u0131na veril\u0259n m\u0259lumata g\u00f6r\u0259, deputat n\u00f6vb\u0259ti q\u0259bulu Z\u0259rdab rayonunda ke\u00e7irib. \u00dcmummilli lider Heyd\u0259r \u018fliyevin anadan olmas\u0131n\u0131n 95-ci ild\u00f6n\u00fcm\u00fc \u0259r\u0259f\u0259sind\u0259 ba\u015f tutan q\u0259bulda mill\u0259t v\u0259kili bildirib ki, Ulu \u00f6nd\u0259r t\u0259xmin\u0259n yar\u0131m \u0259sr\u0259 yax\u0131n d\u00f6vr\u00fc \u0259hat\u0259 ed\u0259n siyasi f\u0259aliyy\u0259ti il\u0259 Az\u0259rbaycan xalq\u0131n\u0131n i\u015f\u0131ql\u0131 [&hellip;]","og_url":"https:\/\/www.zerdab.com\/?p=25891","og_site_name":"Z\u0259rdab.com","article_published_time":"2018-05-17T11:15:22+00:00","article_modified_time":"2018-05-17T11:18:54+00:00","og_image":[{"url":"http:\/\/www.zerdab.com\/wp-content\/uploads\/2018\/05\/jale-eliyeva-qebul-550x309.jpeg","type":"","width":"","height":""}],"author":"admin","twitter_card":"summary_large_image","twitter_misc":{"Written by":"admin","Est. reading time":"2 minutes"},"schema":{"@context":"https:\/\/schema.org","@graph":[{"@type":"Article","@id":"https:\/\/www.zerdab.com\/?p=25891#article","isPartOf":{"@id":"https:\/\/www.zerdab.com\/?p=25891"},"author":{"name":"admin","@id":"https:\/\/www.zerdab.com\/#\/schema\/person\/97079b7570c1e89ec0d9e138c3672136"},"headline":"Mill\u0259t v\u0259kilimiz Jal\u0259 \u018fliyeva Z\u0259rdabda se\u00e7icil\u0259ri q\u0259bul edib &#8211; FOTOLAR","datePublished":"2018-05-17T11:15:22+00:00","dateModified":"2018-05-17T11:18:54+00:00","mainEntityOfPage":{"@id":"https:\/\/www.zerdab.com\/?p=25891"},"wordCount":348,"commentCount":0,"image":{"@id":"https:\/\/www.zerdab.com\/?p=25891#primaryimage"},"thumbnailUrl":"http:\/\/www.zerdab.com\/wp-content\/uploads\/2018\/05\/jale-eliyeva-qebul-550x309.jpeg","articleSection":["C\u018fM\u0130YY\u018fT","MAN\u015eET"],"inLanguage":"az","potentialAction":[{"@type":"CommentAction","name":"Comment","target":["https:\/\/www.zerdab.com\/?p=25891#respond"]}]},{"@type":"WebPage","@id":"https:\/\/www.zerdab.com\/?p=25891","url":"https:\/\/www.zerdab.com\/?p=25891","name":"Mill\u0259t v\u0259kilimiz Jal\u0259 \u018fliyeva Z\u0259rdabda se\u00e7icil\u0259ri q\u0259bul edib - FOTOLAR - Z\u0259rdab.com","isPartOf":{"@id":"https:\/\/www.zerdab.com\/#website"},"primaryImageOfPage":{"@id":"https:\/\/www.zerdab.com\/?p=25891#primaryimage"},"image":{"@id":"https:\/\/www.zerdab.com\/?p=25891#primaryimage"},"thumbnailUrl":"http:\/\/www.zerdab.com\/wp-content\/uploads\/2018\/05\/jale-eliyeva-qebul-550x309.jpeg","datePublished":"2018-05-17T11:15:22+00:00","dateModified":"2018-05-17T11:18:54+00:00","author":{"@id":"https:\/\/www.zerdab.com\/#\/schema\/person\/97079b7570c1e89ec0d9e138c3672136"},"breadcrumb":{"@id":"https:\/\/www.zerdab.com\/?p=25891#breadcrumb"},"inLanguage":"az","potentialAction":[{"@type":"ReadAction","target":["https:\/\/www.zerdab.com\/?p=25891"]}]},{"@type":"ImageObject","inLanguage":"az","@id":"https:\/\/www.zerdab.com\/?p=25891#primaryimage","url":"","contentUrl":""},{"@type":"BreadcrumbList","@id":"https:\/\/www.zerdab.com\/?p=25891#breadcrumb","itemListElement":[{"@type":"ListItem","position":1,"name":"Home","item":"https:\/\/www.zerdab.com\/"},{"@type":"ListItem","position":2,"name":"Mill\u0259t v\u0259kilimiz Jal\u0259 \u018fliyeva Z\u0259rdabda se\u00e7icil\u0259ri q\u0259bul edib &#8211; FOTOLAR"}]},{"@type":"WebSite","@id":"https:\/\/www.zerdab.com\/#website","url":"https:\/\/www.zerdab.com\/","name":"Z\u0259rdab.com","description":"","potentialAction":[{"@type":"SearchAction","target":{"@type":"EntryPoint","urlTemplate":"https:\/\/www.zerdab.com\/?s={search_term_string}"},"query-input":{"@type":"PropertyValueSpecification","valueRequired":true,"valueName":"search_term_string"}}],"inLanguage":"az"},{"@type":"Person","@id":"https:\/\/www.zerdab.com\/#\/schema\/person\/97079b7570c1e89ec0d9e138c3672136","name":"admin","image":{"@type":"ImageObject","inLanguage":"az","@id":"https:\/\/www.zerdab.com\/#\/schema\/person\/image\/","url":"https:\/\/secure.gravatar.com\/avatar\/d9c52a9a27c32119cb6679a077fa3e2779e5f822c451cbf01098004361d466ec?s=96&d=mm&r=g","contentUrl":"https:\/\/secure.gravatar.com\/avatar\/d9c52a9a27c32119cb6679a077fa3e2779e5f822c451cbf01098004361d466ec?s=96&d=mm&r=g","caption":"admin"},"url":"https:\/\/www.zerdab.com\/?author=1"}]}},"_links":{"self":[{"href":"https:\/\/www.zerdab.com\/index.php?rest_route=\/wp\/v2\/posts\/25891","targetHints":{"allow":["GET"]}}],"collection":[{"href":"https:\/\/www.zerdab.com\/index.php?rest_route=\/wp\/v2\/posts"}],"about":[{"href":"https:\/\/www.zerdab.com\/index.php?rest_route=\/wp\/v2\/types\/post"}],"author":[{"embeddable":true,"href":"https:\/\/www.zerdab.com\/index.php?rest_route=\/wp\/v2\/users\/1"}],"replies":[{"embeddable":true,"href":"https:\/\/www.zerdab.com\/index.php?rest_route=%2Fwp%2Fv2%2Fcomments&post=25891"}],"version-history":[{"count":4,"href":"https:\/\/www.zerdab.com\/index.php?rest_route=\/wp\/v2\/posts\/25891\/revisions"}],"predecessor-version":[{"id":25911,"href":"https:\/\/www.zerdab.com\/index.php?rest_route=\/wp\/v2\/posts\/25891\/revisions\/25911"}],"wp:attachment":[{"href":"https:\/\/www.zerdab.com\/index.php?rest_route=%2Fwp%2Fv2%2Fmedia&parent=25891"}],"wp:term":[{"taxonomy":"category","embeddable":true,"href":"https:\/\/www.zerdab.com\/index.php?rest_route=%2Fwp%2Fv2%2Fcategories&post=25891"},{"taxonomy":"post_tag","embeddable":true,"href":"https:\/\/www.zerdab.com\/index.php?rest_route=%2Fwp%2Fv2%2Ftags&post=25891"}],"curies":[{"name":"wp","href":"https:\/\/api.w.org\/{rel}","templated":true}]}}