{"id":25912,"date":"2018-05-18T17:01:45","date_gmt":"2018-05-18T13:01:45","guid":{"rendered":"http:\/\/www.zerdab.com\/?p=25912"},"modified":"2018-05-18T17:36:58","modified_gmt":"2018-05-18T13:36:58","slug":"z%c9%99rdabda-xalqin-muzeyi-xalqin-tarixidir-adli-t%c9%99dbir-kecirilib-fotolar","status":"publish","type":"post","link":"https:\/\/www.zerdab.com\/?p=25912","title":{"rendered":"Z\u0259rdabda &#8220;Xalq\u0131n muzeyi, xalq\u0131n tarixidir&#8221; adl\u0131 t\u0259dbir ke\u00e7irilib"},"content":{"rendered":"<p>Z\u0259rdabda Beyn\u0259lxalq Muzeyl\u0259r G\u00fcn\u00fc m\u00fcnasib\u0259til\u0259 &#8220;Xalq\u0131n muzeyi, xalq\u0131n tarixidir&#8221; adl\u0131 t\u0259dbir t\u0259\u015fkil edilib. Bu bar\u0259d\u0259 <span style=\"color: #ff0000;\"><strong>Zerdab.com<\/strong><\/span> sayt\u0131na H\u0259s\u0259n b\u0259y Z\u0259rdabi Muzeyind\u0259n m\u0259lumat verilib.<\/p>\n<p><a href=\"http:\/\/www.zerdab.com\/?attachment_id=25913\" rel=\"attachment wp-att-25913\"><img loading=\"lazy\" decoding=\"async\" class=\"aligncenter size-large wp-image-25913\" src=\"http:\/\/www.zerdab.com\/wp-content\/uploads\/2018\/05\/Zerdab-Hesen-bey-Zerdabi-550x309.jpg\" alt=\"Zerdab-Hesen bey Zerdabi\" width=\"550\" height=\"309\" \/><\/a><\/p>\n<p>H\u0259s\u0259n b\u0259y Z\u0259rdabi Muzeyi, Z\u0259rdab Rayon Tarix-Diyar\u015f\u00fcnasl\u0131q Muzeyi v\u0259 Heyd\u0259r \u018fliyev M\u0259rk\u0259zinin i\u015ftirak\u0131 il\u0259 ke\u00e7iril\u0259n t\u0259dbir Z\u0259rdab Rayon M\u0259d\u0259niyy\u0259t M\u0259rk\u0259zind\u0259 ke\u00e7irilib.<\/p>\n<p><a href=\"http:\/\/www.zerdab.com\/?attachment_id=25919\" rel=\"attachment wp-att-25919\"><img loading=\"lazy\" decoding=\"async\" class=\"aligncenter size-large wp-image-25919\" src=\"http:\/\/www.zerdab.com\/wp-content\/uploads\/2018\/05\/Zerdab-Hesen-bey-Zerdabi111-550x309.jpg\" alt=\"\" width=\"550\" height=\"309\" \/><\/a>T\u0259dbiri H\u0259s\u0259n b\u0259y Z\u0259rdabi Muzeyinin direktoru V\u0259fa Bayramova a\u00e7araq, muzey i\u015f\u00e7il\u0259rini t\u0259brik edib, muzeyl\u0259rin tarixind\u0259n v\u0259 f\u0259aliyy\u0259tind\u0259n s\u00f6z a\u00e7\u0131b.<\/p>\n<p><a href=\"http:\/\/www.zerdab.com\/?attachment_id=25922\" rel=\"attachment wp-att-25922\"><img loading=\"lazy\" decoding=\"async\" class=\"aligncenter size-large wp-image-25922\" src=\"http:\/\/www.zerdab.com\/wp-content\/uploads\/2018\/05\/Zerdab-Hesen-bey-Zerdabi1222-309x550.jpg\" alt=\"\" width=\"309\" height=\"550\" \/><\/a><\/p>\n<p>T\u0259dbird\u0259 Z\u0259rdab Rayon Tarix-Diyar\u015f\u00fcnasl\u0131q Muzeyinin direktoru \u015eahnaz Mustafayeva, Z\u0259rdab Rayon Heyd\u0259r \u018fliyev M\u0259rk\u0259zinin direktoru K\u00f6n\u00fcl R\u0259himova v\u0259 qonaqlar \u00f6z \u00fcr\u0259k s\u00f6zl\u0259rini dil\u0259 g\u0259tiribl\u0259r. T\u0259dbird\u0259 rayon 1 sayl\u0131 K\u00f6rp\u0259l\u0259r evi-u\u015faq ba\u011f\u00e7as\u0131n\u0131n u\u015faqlar\u0131 haz\u0131rlad\u0131qlar\u0131 kompozisiya il\u0259 \u00e7\u0131x\u0131\u015f edibl\u0259r.<\/p>\n<p><a href=\"http:\/\/www.zerdab.com\/?attachment_id=25915\" rel=\"attachment wp-att-25915\"><img loading=\"lazy\" decoding=\"async\" class=\"aligncenter size-large wp-image-25915\" src=\"http:\/\/www.zerdab.com\/wp-content\/uploads\/2018\/05\/Zerdab-Hesen-bey-Zerdabi1-550x309.jpg\" alt=\"\" width=\"550\" height=\"309\" \/><\/a><a href=\"http:\/\/www.zerdab.com\/?attachment_id=25917\" rel=\"attachment wp-att-25917\"><img loading=\"lazy\" decoding=\"async\" class=\"aligncenter size-large wp-image-25917\" src=\"http:\/\/www.zerdab.com\/wp-content\/uploads\/2018\/05\/Zerdab-Hesen-bey-Zerdabi11-309x550.jpg\" alt=\"\" width=\"309\" height=\"550\" \/><\/a><\/p>\n","protected":false},"excerpt":{"rendered":"<p>Z\u0259rdabda Beyn\u0259lxalq Muzeyl\u0259r G\u00fcn\u00fc m\u00fcnasib\u0259til\u0259 &#8220;Xalq\u0131n muzeyi, xalq\u0131n tarixidir&#8221; adl\u0131 t\u0259dbir t\u0259\u015fkil edilib. Bu bar\u0259d\u0259 Zerdab.com sayt\u0131na H\u0259s\u0259n b\u0259y Z\u0259rdabi Muzeyind\u0259n m\u0259lumat verilib. H\u0259s\u0259n b\u0259y Z\u0259rdabi Muzeyi, Z\u0259rdab Rayon Tarix-Diyar\u015f\u00fcnasl\u0131q Muzeyi v\u0259 Heyd\u0259r \u018fliyev M\u0259rk\u0259zinin i\u015ftirak\u0131 il\u0259 ke\u00e7iril\u0259n t\u0259dbir Z\u0259rdab Rayon M\u0259d\u0259niyy\u0259t M\u0259rk\u0259zind\u0259 ke\u00e7irilib. T\u0259dbiri H\u0259s\u0259n b\u0259y Z\u0259rdabi Muzeyinin direktoru V\u0259fa Bayramova a\u00e7araq, muzey i\u015f\u00e7il\u0259rini [&hellip;]<\/p>\n","protected":false},"author":1,"featured_media":0,"comment_status":"open","ping_status":"open","sticky":false,"template":"","format":"standard","meta":{"footnotes":""},"categories":[63,5],"tags":[],"class_list":{"0":"post-25912","1":"post","2":"type-post","3":"status-publish","4":"format-standard","6":"category-manset","7":"category-knd"},"yoast_head":"<!-- This site is optimized with the Yoast SEO plugin v27.0 - https:\/\/yoast.com\/product\/yoast-seo-wordpress\/ -->\n<title>Z\u0259rdabda &quot;Xalq\u0131n muzeyi, xalq\u0131n tarixidir&quot; adl\u0131 t\u0259dbir ke\u00e7irilib - Z\u0259rdab.com<\/title>\n<meta name=\"robots\" content=\"index, follow, max-snippet:-1, max-image-preview:large, max-video-preview:-1\" \/>\n<link rel=\"canonical\" href=\"https:\/\/www.zerdab.com\/?p=25912\" \/>\n<meta property=\"og:locale\" content=\"az_AZ\" \/>\n<meta property=\"og:type\" content=\"article\" \/>\n<meta property=\"og:title\" content=\"Z\u0259rdabda &quot;Xalq\u0131n muzeyi, xalq\u0131n tarixidir&quot; adl\u0131 t\u0259dbir ke\u00e7irilib - Z\u0259rdab.com\" \/>\n<meta property=\"og:description\" content=\"Z\u0259rdabda Beyn\u0259lxalq Muzeyl\u0259r G\u00fcn\u00fc m\u00fcnasib\u0259til\u0259 &#8220;Xalq\u0131n muzeyi, xalq\u0131n tarixidir&#8221; adl\u0131 t\u0259dbir t\u0259\u015fkil edilib. Bu bar\u0259d\u0259 Zerdab.com sayt\u0131na H\u0259s\u0259n b\u0259y Z\u0259rdabi Muzeyind\u0259n m\u0259lumat verilib. H\u0259s\u0259n b\u0259y Z\u0259rdabi Muzeyi, Z\u0259rdab Rayon Tarix-Diyar\u015f\u00fcnasl\u0131q Muzeyi v\u0259 Heyd\u0259r \u018fliyev M\u0259rk\u0259zinin i\u015ftirak\u0131 il\u0259 ke\u00e7iril\u0259n t\u0259dbir Z\u0259rdab Rayon M\u0259d\u0259niyy\u0259t M\u0259rk\u0259zind\u0259 ke\u00e7irilib. T\u0259dbiri H\u0259s\u0259n b\u0259y Z\u0259rdabi Muzeyinin direktoru V\u0259fa Bayramova a\u00e7araq, muzey i\u015f\u00e7il\u0259rini [&hellip;]\" \/>\n<meta property=\"og:url\" content=\"https:\/\/www.zerdab.com\/?p=25912\" \/>\n<meta property=\"og:site_name\" content=\"Z\u0259rdab.com\" \/>\n<meta property=\"article:published_time\" content=\"2018-05-18T13:01:45+00:00\" \/>\n<meta property=\"article:modified_time\" content=\"2018-05-18T13:36:58+00:00\" \/>\n<meta property=\"og:image\" content=\"http:\/\/www.zerdab.com\/wp-content\/uploads\/2018\/05\/Zerdab-Hesen-bey-Zerdabi-550x309.jpg\" \/>\n<meta name=\"author\" content=\"admin\" \/>\n<meta name=\"twitter:card\" content=\"summary_large_image\" \/>\n<meta name=\"twitter:label1\" content=\"Written by\" \/>\n\t<meta name=\"twitter:data1\" content=\"admin\" \/>\n\t<meta name=\"twitter:label2\" content=\"Est. reading time\" \/>\n\t<meta name=\"twitter:data2\" content=\"1 minute\" \/>\n<script type=\"application\/ld+json\" class=\"yoast-schema-graph\">{\"@context\":\"https:\/\/schema.org\",\"@graph\":[{\"@type\":\"Article\",\"@id\":\"https:\/\/www.zerdab.com\/?p=25912#article\",\"isPartOf\":{\"@id\":\"https:\/\/www.zerdab.com\/?p=25912\"},\"author\":{\"name\":\"admin\",\"@id\":\"https:\/\/www.zerdab.com\/#\/schema\/person\/97079b7570c1e89ec0d9e138c3672136\"},\"headline\":\"Z\u0259rdabda &#8220;Xalq\u0131n muzeyi, xalq\u0131n tarixidir&#8221; adl\u0131 t\u0259dbir ke\u00e7irilib\",\"datePublished\":\"2018-05-18T13:01:45+00:00\",\"dateModified\":\"2018-05-18T13:36:58+00:00\",\"mainEntityOfPage\":{\"@id\":\"https:\/\/www.zerdab.com\/?p=25912\"},\"wordCount\":196,\"commentCount\":0,\"image\":{\"@id\":\"https:\/\/www.zerdab.com\/?p=25912#primaryimage\"},\"thumbnailUrl\":\"http:\/\/www.zerdab.com\/wp-content\/uploads\/2018\/05\/Zerdab-Hesen-bey-Zerdabi-550x309.jpg\",\"articleSection\":[\"MAN\u015eET\",\"X\u018fB\u018fRL\u018fR\"],\"inLanguage\":\"az\",\"potentialAction\":[{\"@type\":\"CommentAction\",\"name\":\"Comment\",\"target\":[\"https:\/\/www.zerdab.com\/?p=25912#respond\"]}]},{\"@type\":\"WebPage\",\"@id\":\"https:\/\/www.zerdab.com\/?p=25912\",\"url\":\"https:\/\/www.zerdab.com\/?p=25912\",\"name\":\"Z\u0259rdabda \\\"Xalq\u0131n muzeyi, xalq\u0131n tarixidir\\\" adl\u0131 t\u0259dbir ke\u00e7irilib - Z\u0259rdab.com\",\"isPartOf\":{\"@id\":\"https:\/\/www.zerdab.com\/#website\"},\"primaryImageOfPage\":{\"@id\":\"https:\/\/www.zerdab.com\/?p=25912#primaryimage\"},\"image\":{\"@id\":\"https:\/\/www.zerdab.com\/?p=25912#primaryimage\"},\"thumbnailUrl\":\"http:\/\/www.zerdab.com\/wp-content\/uploads\/2018\/05\/Zerdab-Hesen-bey-Zerdabi-550x309.jpg\",\"datePublished\":\"2018-05-18T13:01:45+00:00\",\"dateModified\":\"2018-05-18T13:36:58+00:00\",\"author\":{\"@id\":\"https:\/\/www.zerdab.com\/#\/schema\/person\/97079b7570c1e89ec0d9e138c3672136\"},\"breadcrumb\":{\"@id\":\"https:\/\/www.zerdab.com\/?p=25912#breadcrumb\"},\"inLanguage\":\"az\",\"potentialAction\":[{\"@type\":\"ReadAction\",\"target\":[\"https:\/\/www.zerdab.com\/?p=25912\"]}]},{\"@type\":\"ImageObject\",\"inLanguage\":\"az\",\"@id\":\"https:\/\/www.zerdab.com\/?p=25912#primaryimage\",\"url\":\"\",\"contentUrl\":\"\"},{\"@type\":\"BreadcrumbList\",\"@id\":\"https:\/\/www.zerdab.com\/?p=25912#breadcrumb\",\"itemListElement\":[{\"@type\":\"ListItem\",\"position\":1,\"name\":\"Home\",\"item\":\"https:\/\/www.zerdab.com\/\"},{\"@type\":\"ListItem\",\"position\":2,\"name\":\"Z\u0259rdabda &#8220;Xalq\u0131n muzeyi, xalq\u0131n tarixidir&#8221; adl\u0131 t\u0259dbir ke\u00e7irilib\"}]},{\"@type\":\"WebSite\",\"@id\":\"https:\/\/www.zerdab.com\/#website\",\"url\":\"https:\/\/www.zerdab.com\/\",\"name\":\"Z\u0259rdab.com\",\"description\":\"\",\"potentialAction\":[{\"@type\":\"SearchAction\",\"target\":{\"@type\":\"EntryPoint\",\"urlTemplate\":\"https:\/\/www.zerdab.com\/?s={search_term_string}\"},\"query-input\":{\"@type\":\"PropertyValueSpecification\",\"valueRequired\":true,\"valueName\":\"search_term_string\"}}],\"inLanguage\":\"az\"},{\"@type\":\"Person\",\"@id\":\"https:\/\/www.zerdab.com\/#\/schema\/person\/97079b7570c1e89ec0d9e138c3672136\",\"name\":\"admin\",\"image\":{\"@type\":\"ImageObject\",\"inLanguage\":\"az\",\"@id\":\"https:\/\/www.zerdab.com\/#\/schema\/person\/image\/\",\"url\":\"https:\/\/secure.gravatar.com\/avatar\/d9c52a9a27c32119cb6679a077fa3e2779e5f822c451cbf01098004361d466ec?s=96&d=mm&r=g\",\"contentUrl\":\"https:\/\/secure.gravatar.com\/avatar\/d9c52a9a27c32119cb6679a077fa3e2779e5f822c451cbf01098004361d466ec?s=96&d=mm&r=g\",\"caption\":\"admin\"},\"url\":\"https:\/\/www.zerdab.com\/?author=1\"}]}<\/script>\n<!-- \/ Yoast SEO plugin. -->","yoast_head_json":{"title":"Z\u0259rdabda \"Xalq\u0131n muzeyi, xalq\u0131n tarixidir\" adl\u0131 t\u0259dbir ke\u00e7irilib - Z\u0259rdab.com","robots":{"index":"index","follow":"follow","max-snippet":"max-snippet:-1","max-image-preview":"max-image-preview:large","max-video-preview":"max-video-preview:-1"},"canonical":"https:\/\/www.zerdab.com\/?p=25912","og_locale":"az_AZ","og_type":"article","og_title":"Z\u0259rdabda \"Xalq\u0131n muzeyi, xalq\u0131n tarixidir\" adl\u0131 t\u0259dbir ke\u00e7irilib - Z\u0259rdab.com","og_description":"Z\u0259rdabda Beyn\u0259lxalq Muzeyl\u0259r G\u00fcn\u00fc m\u00fcnasib\u0259til\u0259 &#8220;Xalq\u0131n muzeyi, xalq\u0131n tarixidir&#8221; adl\u0131 t\u0259dbir t\u0259\u015fkil edilib. Bu bar\u0259d\u0259 Zerdab.com sayt\u0131na H\u0259s\u0259n b\u0259y Z\u0259rdabi Muzeyind\u0259n m\u0259lumat verilib. H\u0259s\u0259n b\u0259y Z\u0259rdabi Muzeyi, Z\u0259rdab Rayon Tarix-Diyar\u015f\u00fcnasl\u0131q Muzeyi v\u0259 Heyd\u0259r \u018fliyev M\u0259rk\u0259zinin i\u015ftirak\u0131 il\u0259 ke\u00e7iril\u0259n t\u0259dbir Z\u0259rdab Rayon M\u0259d\u0259niyy\u0259t M\u0259rk\u0259zind\u0259 ke\u00e7irilib. T\u0259dbiri H\u0259s\u0259n b\u0259y Z\u0259rdabi Muzeyinin direktoru V\u0259fa Bayramova a\u00e7araq, muzey i\u015f\u00e7il\u0259rini [&hellip;]","og_url":"https:\/\/www.zerdab.com\/?p=25912","og_site_name":"Z\u0259rdab.com","article_published_time":"2018-05-18T13:01:45+00:00","article_modified_time":"2018-05-18T13:36:58+00:00","og_image":[{"url":"http:\/\/www.zerdab.com\/wp-content\/uploads\/2018\/05\/Zerdab-Hesen-bey-Zerdabi-550x309.jpg","type":"","width":"","height":""}],"author":"admin","twitter_card":"summary_large_image","twitter_misc":{"Written by":"admin","Est. reading time":"1 minute"},"schema":{"@context":"https:\/\/schema.org","@graph":[{"@type":"Article","@id":"https:\/\/www.zerdab.com\/?p=25912#article","isPartOf":{"@id":"https:\/\/www.zerdab.com\/?p=25912"},"author":{"name":"admin","@id":"https:\/\/www.zerdab.com\/#\/schema\/person\/97079b7570c1e89ec0d9e138c3672136"},"headline":"Z\u0259rdabda &#8220;Xalq\u0131n muzeyi, xalq\u0131n tarixidir&#8221; adl\u0131 t\u0259dbir ke\u00e7irilib","datePublished":"2018-05-18T13:01:45+00:00","dateModified":"2018-05-18T13:36:58+00:00","mainEntityOfPage":{"@id":"https:\/\/www.zerdab.com\/?p=25912"},"wordCount":196,"commentCount":0,"image":{"@id":"https:\/\/www.zerdab.com\/?p=25912#primaryimage"},"thumbnailUrl":"http:\/\/www.zerdab.com\/wp-content\/uploads\/2018\/05\/Zerdab-Hesen-bey-Zerdabi-550x309.jpg","articleSection":["MAN\u015eET","X\u018fB\u018fRL\u018fR"],"inLanguage":"az","potentialAction":[{"@type":"CommentAction","name":"Comment","target":["https:\/\/www.zerdab.com\/?p=25912#respond"]}]},{"@type":"WebPage","@id":"https:\/\/www.zerdab.com\/?p=25912","url":"https:\/\/www.zerdab.com\/?p=25912","name":"Z\u0259rdabda \"Xalq\u0131n muzeyi, xalq\u0131n tarixidir\" adl\u0131 t\u0259dbir ke\u00e7irilib - Z\u0259rdab.com","isPartOf":{"@id":"https:\/\/www.zerdab.com\/#website"},"primaryImageOfPage":{"@id":"https:\/\/www.zerdab.com\/?p=25912#primaryimage"},"image":{"@id":"https:\/\/www.zerdab.com\/?p=25912#primaryimage"},"thumbnailUrl":"http:\/\/www.zerdab.com\/wp-content\/uploads\/2018\/05\/Zerdab-Hesen-bey-Zerdabi-550x309.jpg","datePublished":"2018-05-18T13:01:45+00:00","dateModified":"2018-05-18T13:36:58+00:00","author":{"@id":"https:\/\/www.zerdab.com\/#\/schema\/person\/97079b7570c1e89ec0d9e138c3672136"},"breadcrumb":{"@id":"https:\/\/www.zerdab.com\/?p=25912#breadcrumb"},"inLanguage":"az","potentialAction":[{"@type":"ReadAction","target":["https:\/\/www.zerdab.com\/?p=25912"]}]},{"@type":"ImageObject","inLanguage":"az","@id":"https:\/\/www.zerdab.com\/?p=25912#primaryimage","url":"","contentUrl":""},{"@type":"BreadcrumbList","@id":"https:\/\/www.zerdab.com\/?p=25912#breadcrumb","itemListElement":[{"@type":"ListItem","position":1,"name":"Home","item":"https:\/\/www.zerdab.com\/"},{"@type":"ListItem","position":2,"name":"Z\u0259rdabda &#8220;Xalq\u0131n muzeyi, xalq\u0131n tarixidir&#8221; adl\u0131 t\u0259dbir ke\u00e7irilib"}]},{"@type":"WebSite","@id":"https:\/\/www.zerdab.com\/#website","url":"https:\/\/www.zerdab.com\/","name":"Z\u0259rdab.com","description":"","potentialAction":[{"@type":"SearchAction","target":{"@type":"EntryPoint","urlTemplate":"https:\/\/www.zerdab.com\/?s={search_term_string}"},"query-input":{"@type":"PropertyValueSpecification","valueRequired":true,"valueName":"search_term_string"}}],"inLanguage":"az"},{"@type":"Person","@id":"https:\/\/www.zerdab.com\/#\/schema\/person\/97079b7570c1e89ec0d9e138c3672136","name":"admin","image":{"@type":"ImageObject","inLanguage":"az","@id":"https:\/\/www.zerdab.com\/#\/schema\/person\/image\/","url":"https:\/\/secure.gravatar.com\/avatar\/d9c52a9a27c32119cb6679a077fa3e2779e5f822c451cbf01098004361d466ec?s=96&d=mm&r=g","contentUrl":"https:\/\/secure.gravatar.com\/avatar\/d9c52a9a27c32119cb6679a077fa3e2779e5f822c451cbf01098004361d466ec?s=96&d=mm&r=g","caption":"admin"},"url":"https:\/\/www.zerdab.com\/?author=1"}]}},"_links":{"self":[{"href":"https:\/\/www.zerdab.com\/index.php?rest_route=\/wp\/v2\/posts\/25912","targetHints":{"allow":["GET"]}}],"collection":[{"href":"https:\/\/www.zerdab.com\/index.php?rest_route=\/wp\/v2\/posts"}],"about":[{"href":"https:\/\/www.zerdab.com\/index.php?rest_route=\/wp\/v2\/types\/post"}],"author":[{"embeddable":true,"href":"https:\/\/www.zerdab.com\/index.php?rest_route=\/wp\/v2\/users\/1"}],"replies":[{"embeddable":true,"href":"https:\/\/www.zerdab.com\/index.php?rest_route=%2Fwp%2Fv2%2Fcomments&post=25912"}],"version-history":[{"count":7,"href":"https:\/\/www.zerdab.com\/index.php?rest_route=\/wp\/v2\/posts\/25912\/revisions"}],"predecessor-version":[{"id":25926,"href":"https:\/\/www.zerdab.com\/index.php?rest_route=\/wp\/v2\/posts\/25912\/revisions\/25926"}],"wp:attachment":[{"href":"https:\/\/www.zerdab.com\/index.php?rest_route=%2Fwp%2Fv2%2Fmedia&parent=25912"}],"wp:term":[{"taxonomy":"category","embeddable":true,"href":"https:\/\/www.zerdab.com\/index.php?rest_route=%2Fwp%2Fv2%2Fcategories&post=25912"},{"taxonomy":"post_tag","embeddable":true,"href":"https:\/\/www.zerdab.com\/index.php?rest_route=%2Fwp%2Fv2%2Ftags&post=25912"}],"curies":[{"name":"wp","href":"https:\/\/api.w.org\/{rel}","templated":true}]}}